{"id":15977,"date":"2023-03-30T13:36:30","date_gmt":"2023-03-30T13:36:30","guid":{"rendered":"https:\/\/adfinternational.org\/?p=15977"},"modified":"2024-04-05T13:50:21","modified_gmt":"2024-04-05T12:50:21","slug":"warum-es-an-der-zeit-ist-fuer-die-meinungsfreiheit-einzutreten","status":"publish","type":"post","link":"https:\/\/adfinternational.org\/de\/news\/warum-es-an-der-zeit-ist-fuer-die-meinungsfreiheit-einzutreten","title":{"rendered":"Warum es an der Zeit ist, f\u00fcr die Meinungsfreiheit einzutreten"},"content":{"rendered":"\t\t<div data-elementor-type=\"wp-post\" data-elementor-id=\"15977\" class=\"elementor elementor-15977\" data-elementor-post-type=\"post\">\n\t\t\t\t\t\t<section class=\"elementor-section elementor-top-section elementor-element elementor-element-76b2e1d elementor-section-full_width elementor-section-height-default elementor-section-height-default\" data-id=\"76b2e1d\" data-element_type=\"section\" data-e-type=\"section\">\n\t\t\t\t\t\t<div class=\"elementor-container elementor-column-gap-default\">\n\t\t\t\t\t<div class=\"elementor-column elementor-col-100 elementor-top-column elementor-element elementor-element-1666234\" data-id=\"1666234\" data-element_type=\"column\" data-e-type=\"column\">\n\t\t\t<div class=\"elementor-widget-wrap elementor-element-populated\">\n\t\t\t\t\t\t<div class=\"elementor-element elementor-element-4d08767 elementor-widget elementor-widget-text-editor\" data-id=\"4d08767\" data-element_type=\"widget\" data-e-type=\"widget\" data-widget_type=\"text-editor.default\">\n\t\t\t\t<div class=\"elementor-widget-container\">\n\t\t\t\t\t\t\t\t\t<p>Dieser Artikel erschien urspr\u00fcnglich auf <a href=\"http:\/\/IDEA.de\" target=\"_blank\" rel=\"noopener\">IDEA.de<\/a><\/p>\t\t\t\t\t\t\t\t<\/div>\n\t\t\t\t<\/div>\n\t\t\t\t<div class=\"elementor-element elementor-element-d2e0087 elementor-widget elementor-widget-text-editor\" data-id=\"d2e0087\" data-element_type=\"widget\" data-e-type=\"widget\" data-widget_type=\"text-editor.default\">\n\t\t\t\t<div class=\"elementor-widget-container\">\n\t\t\t\t\t\t\t\t\t<p><strong>Am 30. M\u00e4rz j\u00e4hrt sich der Freispruch der finnischen Politikerin P\u00e4ivi R\u00e4s\u00e4nen zum ersten Mal.<\/strong><\/p><p>Zensur ist eine schleichende Angelegenheit. Es liegt in der Natur der Sache, dass sie oft unbemerkt bleibt. Um Zensur eindeutig zu erkennen, m\u00fcsste man eben bemerken, was nicht gesagt wird. Es ist anstrengend \u2013 ja fast unm\u00f6glich \u2013 die Meinungen wahrzunehmen, die unterdr\u00fcckt werden.<\/p><p>Hinzu kommt, dass die meisten von uns subtile Zensur im Alltag stillschweigend akzeptieren. Es erfordert Mut und Wachsamkeit, das Grundrecht auf freie Meinungs\u00e4u\u00dferung zu verteidigen. Heute feiert eine solche Verteidigerin, die finnische Parlamentsabgeordnete <span style=\"text-decoration: underline;\"><a href=\"https:\/\/adfinternational.org\/de\/redefreiheit\/paivi-rasanen\" target=\"_blank\" rel=\"noopener\">P\u00e4ivi R\u00e4s\u00e4nen<\/a><\/span>, den einj\u00e4hrigen Jahrestag ihres wichtigen Erfolgs f\u00fcr die Meinungsfreiheit vor dem Bezirksgericht Helsinki im M\u00e4rz 2022.<\/p>\t\t\t\t\t\t\t\t<\/div>\n\t\t\t\t<\/div>\n\t\t\t\t<div class=\"elementor-element elementor-element-f599caf elementor-widget elementor-widget-image\" data-id=\"f599caf\" data-element_type=\"widget\" data-e-type=\"widget\" data-widget_type=\"image.default\">\n\t\t\t\t<div class=\"elementor-widget-container\">\n\t\t\t\t\t\t\t\t\t\t\t\t\t\t\t<img fetchpriority=\"high\" decoding=\"async\" width=\"1000\" height=\"500\" src=\"https:\/\/adfinternational.org\/wp-content\/uploads\/2023\/03\/paivi-2023-smiling-_1_.webp\" class=\"attachment-large size-large wp-image-15988\" alt=\"\" srcset=\"https:\/\/adfinternational.org\/wp-content\/uploads\/2023\/03\/paivi-2023-smiling-_1_.webp 1000w, https:\/\/adfinternational.org\/wp-content\/uploads\/2023\/03\/paivi-2023-smiling-_1_-300x150.webp 300w, https:\/\/adfinternational.org\/wp-content\/uploads\/2023\/03\/paivi-2023-smiling-_1_-768x384.webp 768w\" sizes=\"(max-width: 1000px) 100vw, 1000px\" \/>\t\t\t\t\t\t\t\t\t\t\t\t\t\t\t<\/div>\n\t\t\t\t<\/div>\n\t\t\t\t<div class=\"elementor-element elementor-element-6143882 elementor-widget elementor-widget-text-editor\" data-id=\"6143882\" data-element_type=\"widget\" data-e-type=\"widget\" data-widget_type=\"text-editor.default\">\n\t\t\t\t<div class=\"elementor-widget-container\">\n\t\t\t\t\t\t\t\t\t<p>Die Staatsanwaltschaft hatte sie wegen \u201eHassrede\u201c angeklagt, weil sie 2019 in einem Tweet und einer Rundfunkdebatte sowie 2004 in einer kirchlichen Brosch\u00fcre ihre \u00dcberzeugungen \u00fcber die christlichen Lehren zu Ehe und Sexualit\u00e4t geteilt hatte. Die Richter entschieden einstimmig, sie von allen Anklagepunkten freizusprechen, mit der Begr\u00fcndung, dass \u201ees nicht Sache des Bezirksgerichts ist, biblische Konzepte zu interpretieren\u201c. Dennoch ist der juristische Kampf noch nicht vorbei. Die Staatsanwaltschaft legte gegen das Urteil Berufung ein. Somit steht R\u00e4s\u00e4nen diesen Sommer ein weiterer Prozess bevor.<\/p><h5>13 Stunden Verh\u00f6r f\u00fcr einen Tweet<\/h5><p>R\u00e4s\u00e4nen beweist Ausdauer. Bisher musste sie mehr als 13 Stunden polizeiliche Verh\u00f6re, monatelanges Warten auf die Gerichtsverhandlung, einen beschwerlichen Prozess und eine Vielzahl von L\u00fcgen, die von den Medien verbreitet wurden, ertragen. Und all das wegen eines Tweets. Trotz der Belastung l\u00e4sst sich R\u00e4s\u00e4nen nicht einsch\u00fcchtern.<\/p><p>Sie wei\u00df, was auf dem Spiel steht: das Recht, den Glauben frei auszuleben und dar\u00fcber sprechen zu k\u00f6nnen. Das finnische Rechtssystem l\u00e4sst trotz einstimmigem Freispruch eine Berufung zu. Die Staatsanwaltschaft ergriff somit die Chance, ihre Zensurkampagne gegen R\u00e4s\u00e4nen unerbittlich fortzusetzen. Doch warum der ganze Aufwand wegen ein paar Bibelversen auf Twitter? Die Antwort ist erschreckend einfach: Die Staatsanwaltschaft will an R\u00e4s\u00e4nen ein Exempel statuieren.<\/p><p>Der Prozess selbst wird zur Bestrafung. Denn, wenn so etwas mit unseren gew\u00e4hlten Repr\u00e4sentanten geschieht, hat das eine abschreckende Wirkung auf die Bev\u00f6lkerung. Solche Prozesse zielen darauf ab, diejenigen einzusch\u00fcchtern, die \u00e4hnliche \u00dcberzeugungen haben.<\/p><p>Dem fallen nicht nur Christen und Freunde der Meinungsfreiheit zum Opfer. Finnland hat pro Kopf die wenigsten Polizeibeamten in Europa. Dennoch hat der Staat enorme Ressourcen in die strafrechtliche Verfolgung von R\u00e4s\u00e4nens Aussagen gesteckt. W\u00e4hrenddessen bleibt die Untersuchung anderer tats\u00e4chlicher Straftaten links liegen.<\/p>\t\t\t\t\t\t\t\t<\/div>\n\t\t\t\t<\/div>\n\t\t\t\t<div class=\"elementor-element elementor-element-b1329cb elementor-widget elementor-widget-image\" data-id=\"b1329cb\" data-element_type=\"widget\" data-e-type=\"widget\" data-widget_type=\"image.default\">\n\t\t\t\t<div class=\"elementor-widget-container\">\n\t\t\t\t\t\t\t\t\t\t\t\t\t\t\t<img decoding=\"async\" width=\"1000\" height=\"500\" src=\"https:\/\/adfinternational.org\/wp-content\/uploads\/2023\/03\/paivi-2023-smiling.webp\" class=\"attachment-large size-large wp-image-15991\" alt=\"\" srcset=\"https:\/\/adfinternational.org\/wp-content\/uploads\/2023\/03\/paivi-2023-smiling.webp 1000w, https:\/\/adfinternational.org\/wp-content\/uploads\/2023\/03\/paivi-2023-smiling-300x150.webp 300w, https:\/\/adfinternational.org\/wp-content\/uploads\/2023\/03\/paivi-2023-smiling-768x384.webp 768w\" sizes=\"(max-width: 1000px) 100vw, 1000px\" \/>\t\t\t\t\t\t\t\t\t\t\t\t\t\t\t<\/div>\n\t\t\t\t<\/div>\n\t\t\t\t<div class=\"elementor-element elementor-element-64bd310 elementor-widget elementor-widget-text-editor\" data-id=\"64bd310\" data-element_type=\"widget\" data-e-type=\"widget\" data-widget_type=\"text-editor.default\">\n\t\t\t\t<div class=\"elementor-widget-container\">\n\t\t\t\t\t\t\t\t\t<h5>Gedanken werden als Verbrechen eingestuft<\/h5><p>Die Verfolgung einer finnischen Christin mag fern erscheinen, doch die Zensur von \u00c4u\u00dferungen, die als<br \/>unangenehm empfunden wird, verbreitet sich. Erst vor kurzem verabschiedete das britische Parlament zum Beispiel das erste Gesetz zu \u201eGedankenverbrechen\u201c in der modernen britischen Geschichte.<\/p><p>Mit der <span style=\"text-decoration: underline;\"><a href=\"https:\/\/www.idea.de\/artikel\/grossbritannien-beschliesst-zensurzonen-um-abtreibungseinrichtungen\" target=\"_blank\" rel=\"noopener\">Einf\u00fchrung<\/a><\/span> landesweiter Zensurzonen um Abtreibungseinrichtungen verbietet das neue Gesetz jede Form der \u201eBeeinflussung\u201c, einschlie\u00dflich lautloser Gebete und einvernehmlicher Unterhaltungen, in einem Umkreis von 150 Metern um Abtreibungskliniken in England und Wales. Mindestens drei Personen sind bereits unter Beschuss geraten, nur weil sie auf einer \u00f6ffentlichen Stra\u00dfe in Gedanken still gebetet haben.<\/p><h5>M\u00e4nner nutzen Quotenregelungen aus<\/h5><p>In Mexiko wurde der Kongressabgeordnete Gabriel Quadri als \u201epolitischer Frauenfeind\u201c verurteilt, weil er seine Besorgnis dar\u00fcber zum Ausdruck gebracht hatte, dass M\u00e4nner, die sich als Frauen identifizieren, einige f\u00fcr Frauen reservierte Pl\u00e4tze im Kongress besetzt haben. In Mexiko gibt es ein Gesetz, das eine 50\/50-Vertretung von M\u00e4nnern und Frauen im Kongress vorschreibt. Als nach den Wahlen im Jahr 2021 zwei den Frauen zugewiesene Sitze im Kongress an M\u00e4nner vergeben wurden, die sich als Frauen identifizieren, meldete sich Quadri auf Twitter zu Wort.<\/p><p>Er wies darauf hin, dass es ungerecht ist, wenn M\u00e4nner das Gesetz ausnutzen, um Zugang zu politischen Positionen zu erhalten, die f\u00fcr Frauen vorgesehen sind. Die Tweets enthielten keine unfl\u00e4tigen Ausdr\u00fccke, nannten keine bestimmte Person und beinhalteten in keiner Weise eine Aufforderung zur Gewalt. Doch weil er sich f\u00fcr die Chancen von Frauen einsetzte, wurde er verurteilt und muss nun langfristige pers\u00f6nliche und berufliche Konsequenzen tragen.<\/p>\t\t\t\t\t\t\t\t<\/div>\n\t\t\t\t<\/div>\n\t\t\t\t<div class=\"elementor-element elementor-element-8fd0881 elementor-widget elementor-widget-text-editor\" data-id=\"8fd0881\" data-element_type=\"widget\" data-e-type=\"widget\" data-widget_type=\"text-editor.default\">\n\t\t\t\t<div class=\"elementor-widget-container\">\n\t\t\t\t\t\t\t\t\t<h5>Blasphemievorw\u00fcrfe wegen WhatsApp-Nachricht<\/h5><p>Das vielleicht extremste Beispiel f\u00fcr diesen weltweiten Zensur-Trend ist in Nigeria zu beobachten. Im Jahr 2020 wurde der Sufi-Musiker <a href=\"https:\/\/adfinternational.org\/de\/freiheit-fuer-yahaya\" target=\"_blank\" rel=\"noopener\">Yahaya Sharif-Aminu<\/a> wegen \u201eBlasphemie\u201c zum Tode verurteilt. Grund daf\u00fcr war ein Liedtext, den er \u00fcber WhatsApp geteilt hatte. Die selbst verfassten Texte besangen einen Imam aus dem 19. Jahrhundert, der in seiner Sufi-Tradition verehrt wird. Daraufhin wurde der 22-j\u00e4hrige beschuldigt, den Imam \u00fcber den Propheten Mohammed gestellt zu haben.<\/p><p>Mit Hilfe der Menschenrechtsorganisation <a href=\"https:\/\/adfinternational.org\/de\" target=\"_blank\" rel=\"noopener\">ADF International<\/a> legte er nun beim Obersten Gerichtshof in Nigeria Berufung ein, um die Verfassungsm\u00e4\u00dfigkeit der auf der Scharia basierenden Blasphemie-Gesetze anzufechten. Er ist weiterhin im Gef\u00e4ngnis und sein Leben bleibt in Gefahr. Der raue Wind der Zensur weht an vielen Orten der Welt.<\/p><p>Von Twitter \u00fcber WhatsApp-Nachrichten bis hin zum stillen Gebet auf \u00f6ffentlichen Stra\u00dfen wird das grundlegende Menschenrecht, seine \u00dcberzeugungen \u00e4u\u00dfern zu d\u00fcrfen, angegriffen. Nehmen wir uns R\u00e4s\u00e4nens Worte daher zu Herzen: \u201eJetzt ist es an der Zeit zu sprechen. Denn je mehr wir schweigen, desto enger wird der Raum f\u00fcr Meinungs- und Religionsfreiheit\u201c.<\/p>\t\t\t\t\t\t\t\t<\/div>\n\t\t\t\t<\/div>\n\t\t\t\t<div class=\"elementor-element elementor-element-5743aaa elementor-widget elementor-widget-text-editor\" data-id=\"5743aaa\" data-element_type=\"widget\" data-e-type=\"widget\" data-widget_type=\"text-editor.default\">\n\t\t\t\t<div class=\"elementor-widget-container\">\n\t\t\t\t\t\t\t\t\tFotos d\u00fcrfen im Zusammenhang mit der Berichterstattung zu diesem Fall kostenlos verwendet werden.\t\t\t\t\t\t\t\t<\/div>\n\t\t\t\t<\/div>\n\t\t\t\t<div class=\"elementor-element elementor-element-71e3148 elementor-widget elementor-widget-text-editor\" data-id=\"71e3148\" data-element_type=\"widget\" data-e-type=\"widget\" data-widget_type=\"text-editor.default\">\n\t\t\t\t<div class=\"elementor-widget-container\">\n\t\t\t\t\t\t\t\t\t<p><em>Die Autorin, Sofia H\u00f6rder, ist Pressesprecherin der christlichen Menschenrechtsorganisation ADF International<\/em><\/p>\t\t\t\t\t\t\t\t<\/div>\n\t\t\t\t<\/div>\n\t\t\t\t<div class=\"elementor-element elementor-element-b20dda2 elementor-widget-divider--view-line elementor-widget elementor-widget-divider\" data-id=\"b20dda2\" data-element_type=\"widget\" data-e-type=\"widget\" data-widget_type=\"divider.default\">\n\t\t\t\t<div class=\"elementor-widget-container\">\n\t\t\t\t\t\t\t<div class=\"elementor-divider\">\n\t\t\t<span class=\"elementor-divider-separator\">\n\t\t\t\t\t\t<\/span>\n\t\t<\/div>\n\t\t\t\t\t\t<\/div>\n\t\t\t\t<\/div>\n\t\t\t\t<div class=\"elementor-element elementor-element-95f885a elementor-widget elementor-widget-gallery\" data-id=\"95f885a\" data-element_type=\"widget\" data-e-type=\"widget\" data-settings=\"{&quot;lazyload&quot;:&quot;yes&quot;,&quot;gallery_layout&quot;:&quot;grid&quot;,&quot;columns&quot;:4,&quot;columns_tablet&quot;:2,&quot;columns_mobile&quot;:1,&quot;gap&quot;:{&quot;unit&quot;:&quot;px&quot;,&quot;size&quot;:10,&quot;sizes&quot;:[]},&quot;gap_tablet&quot;:{&quot;unit&quot;:&quot;px&quot;,&quot;size&quot;:10,&quot;sizes&quot;:[]},&quot;gap_mobile&quot;:{&quot;unit&quot;:&quot;px&quot;,&quot;size&quot;:10,&quot;sizes&quot;:[]},&quot;link_to&quot;:&quot;file&quot;,&quot;aspect_ratio&quot;:&quot;3:2&quot;,&quot;overlay_background&quot;:&quot;yes&quot;,&quot;content_hover_animation&quot;:&quot;fade-in&quot;}\" data-widget_type=\"gallery.default\">\n\t\t\t\t<div class=\"elementor-widget-container\">\n\t\t\t\t\t\t\t<div class=\"elementor-gallery__container\">\n\t\t\t\t\t\t\t<a class=\"e-gallery-item elementor-gallery-item elementor-animated-content\" href=\"https:\/\/adfinternational.org\/wp-content\/uploads\/2021\/08\/Sofia_H.jpg\" data-elementor-open-lightbox=\"yes\" data-elementor-lightbox-slideshow=\"95f885a\" data-elementor-lightbox-title=\"Sofia_H\" data-e-action-hash=\"#elementor-action%3Aaction%3Dlightbox%26settings%3DeyJpZCI6NDEyNCwidXJsIjoiaHR0cHM6XC9cL2FkZmludGVybmF0aW9uYWwub3JnXC93cC1jb250ZW50XC91cGxvYWRzXC8yMDIxXC8wOFwvU29maWFfSC5qcGciLCJzbGlkZXNob3ciOiI5NWY4ODVhIn0%3D\">\n\t\t\t\t\t<div class=\"e-gallery-image elementor-gallery-item__image\" data-thumbnail=\"https:\/\/adfinternational.org\/wp-content\/uploads\/2021\/08\/Sofia_H.jpg\" data-width=\"2000\" data-height=\"2368\" aria-label=\"\" role=\"img\" ><\/div>\n\t\t\t\t\t\t\t\t\t\t\t<div class=\"elementor-gallery-item__overlay\"><\/div>\n\t\t\t\t\t\t\t\t\t\t\t\t\t\t<\/a>\n\t\t\t\t\t\t\t<a class=\"e-gallery-item elementor-gallery-item elementor-animated-content\" href=\"https:\/\/adfinternational.org\/wp-content\/uploads\/2023\/03\/paivi-paul-fn-2023-2.jpg\" data-elementor-open-lightbox=\"yes\" data-elementor-lightbox-slideshow=\"95f885a\" data-elementor-lightbox-title=\"Paivi Paul Fn 2023 (2)\" data-e-action-hash=\"#elementor-action%3Aaction%3Dlightbox%26settings%3DeyJpZCI6MTU5ODUsInVybCI6Imh0dHBzOlwvXC9hZGZpbnRlcm5hdGlvbmFsLm9yZ1wvd3AtY29udGVudFwvdXBsb2Fkc1wvMjAyM1wvMDNcL3BhaXZpLXBhdWwtZm4tMjAyMy0yLmpwZyIsInNsaWRlc2hvdyI6Ijk1Zjg4NWEifQ%3D%3D\">\n\t\t\t\t\t<div class=\"e-gallery-image elementor-gallery-item__image\" data-thumbnail=\"https:\/\/adfinternational.org\/wp-content\/uploads\/2023\/03\/paivi-paul-fn-2023-2.jpg\" data-width=\"640\" data-height=\"330\" aria-label=\"\" role=\"img\" ><\/div>\n\t\t\t\t\t\t\t\t\t\t\t<div class=\"elementor-gallery-item__overlay\"><\/div>\n\t\t\t\t\t\t\t\t\t\t\t\t\t\t<\/a>\n\t\t\t\t\t\t\t<a class=\"e-gallery-item elementor-gallery-item elementor-animated-content\" href=\"https:\/\/adfinternational.org\/wp-content\/uploads\/2023\/03\/paivi-2023-smiling-_1_.webp\" data-elementor-open-lightbox=\"yes\" data-elementor-lightbox-slideshow=\"95f885a\" data-elementor-lightbox-title=\"Paivi 2023 Smiling 1 \" data-e-action-hash=\"#elementor-action%3Aaction%3Dlightbox%26settings%3DeyJpZCI6MTU5ODgsInVybCI6Imh0dHBzOlwvXC9hZGZpbnRlcm5hdGlvbmFsLm9yZ1wvd3AtY29udGVudFwvdXBsb2Fkc1wvMjAyM1wvMDNcL3BhaXZpLTIwMjMtc21pbGluZy1fMV8ud2VicCIsInNsaWRlc2hvdyI6Ijk1Zjg4NWEifQ%3D%3D\">\n\t\t\t\t\t<div class=\"e-gallery-image elementor-gallery-item__image\" data-thumbnail=\"https:\/\/adfinternational.org\/wp-content\/uploads\/2023\/03\/paivi-2023-smiling-_1_.webp\" data-width=\"1000\" data-height=\"500\" aria-label=\"\" role=\"img\" ><\/div>\n\t\t\t\t\t\t\t\t\t\t\t<div class=\"elementor-gallery-item__overlay\"><\/div>\n\t\t\t\t\t\t\t\t\t\t\t\t\t\t<\/a>\n\t\t\t\t\t\t\t<a class=\"e-gallery-item elementor-gallery-item elementor-animated-content\" href=\"https:\/\/adfinternational.org\/wp-content\/uploads\/2021\/12\/ADF-Finland-Web-20.jpg\" data-elementor-open-lightbox=\"yes\" data-elementor-lightbox-slideshow=\"95f885a\" data-elementor-lightbox-title=\"ADF Finland Web 20\" data-e-action-hash=\"#elementor-action%3Aaction%3Dlightbox%26settings%3DeyJpZCI6MzgzNCwidXJsIjoiaHR0cHM6XC9cL2FkZmludGVybmF0aW9uYWwub3JnXC93cC1jb250ZW50XC91cGxvYWRzXC8yMDIxXC8xMlwvQURGLUZpbmxhbmQtV2ViLTIwLmpwZyIsInNsaWRlc2hvdyI6Ijk1Zjg4NWEifQ%3D%3D\">\n\t\t\t\t\t<div class=\"e-gallery-image elementor-gallery-item__image\" data-thumbnail=\"https:\/\/adfinternational.org\/wp-content\/uploads\/2021\/12\/ADF-Finland-Web-20.jpg\" data-width=\"2500\" data-height=\"1679\" aria-label=\"\" role=\"img\" ><\/div>\n\t\t\t\t\t\t\t\t\t\t\t<div class=\"elementor-gallery-item__overlay\"><\/div>\n\t\t\t\t\t\t\t\t\t\t\t\t\t\t<\/a>\n\t\t\t\t\t\t\t<a class=\"e-gallery-item elementor-gallery-item elementor-animated-content\" href=\"https:\/\/adfinternational.org\/wp-content\/uploads\/2023\/03\/paivi-2023-smiling.webp\" data-elementor-open-lightbox=\"yes\" data-elementor-lightbox-slideshow=\"95f885a\" data-elementor-lightbox-title=\"Paivi 2023 Smiling\" data-e-action-hash=\"#elementor-action%3Aaction%3Dlightbox%26settings%3DeyJpZCI6MTU5OTEsInVybCI6Imh0dHBzOlwvXC9hZGZpbnRlcm5hdGlvbmFsLm9yZ1wvd3AtY29udGVudFwvdXBsb2Fkc1wvMjAyM1wvMDNcL3BhaXZpLTIwMjMtc21pbGluZy53ZWJwIiwic2xpZGVzaG93IjoiOTVmODg1YSJ9\">\n\t\t\t\t\t<div class=\"e-gallery-image elementor-gallery-item__image\" data-thumbnail=\"https:\/\/adfinternational.org\/wp-content\/uploads\/2023\/03\/paivi-2023-smiling.webp\" data-width=\"1000\" data-height=\"500\" aria-label=\"\" role=\"img\" ><\/div>\n\t\t\t\t\t\t\t\t\t\t\t<div class=\"elementor-gallery-item__overlay\"><\/div>\n\t\t\t\t\t\t\t\t\t\t\t\t\t\t<\/a>\n\t\t\t\t\t<\/div>\n\t\t\t\t\t<\/div>\n\t\t\t\t<\/div>\n\t\t\t\t\t<\/div>\n\t\t<\/div>\n\t\t\t\t\t<\/div>\n\t\t<\/section>\n\t\t\t\t<\/div>\n\t\t","protected":false},"excerpt":{"rendered":"<p>Zensur ist eine schleichende Angelegenheit. Es liegt in der Natur der Sache, dass sie oft unbemerkt bleibt. Um Zensur eindeutig zu erkennen, m\u00fcsste man eben bemerken, was nicht gesagt wird. Es ist anstrengend \u2013 ja fast unm\u00f6glich \u2013 die Meinungen wahrzunehmen, die unterdr\u00fcckt werden.<\/p>\n","protected":false},"author":44,"featured_media":15982,"comment_status":"closed","ping_status":"closed","sticky":false,"template":"","format":"standard","meta":{"_acf_changed":false,"give_campaign_id":0,"footnotes":""},"categories":[434],"tags":[428],"class_list":["post-15977","post","type-post","status-publish","format-standard","has-post-thumbnail","hentry","category-news","tag-kommentar"],"acf":[],"yoast_head":"<!-- This site is optimized with the Yoast SEO Premium plugin v27.4 (Yoast SEO v27.4) - https:\/\/yoast.com\/product\/yoast-seo-premium-wordpress\/ -->\n<title>Warum es an der Zeit ist, f\u00fcr die Meinungsfreiheit einzutreten<\/title>\n<meta name=\"description\" content=\"Am 30. M\u00e4rz j\u00e4hrt sich der Freispruch der finnischen Politikerin P\u00e4ivi R\u00e4s\u00e4nen zum ersten Mal. Zensur ist eine schleichende Angelegenheit.\" \/>\n<meta name=\"robots\" content=\"index, follow, max-snippet:-1, max-image-preview:large, max-video-preview:-1\" \/>\n<link rel=\"canonical\" href=\"https:\/\/adfinternational.org\/de\/news\/warum-es-an-der-zeit-ist-fuer-die-meinungsfreiheit-einzutreten\" \/>\n<meta property=\"og:locale\" content=\"de_DE\" \/>\n<meta property=\"og:type\" content=\"article\" \/>\n<meta property=\"og:title\" content=\"Warum es an der Zeit ist, f\u00fcr die Meinungsfreiheit einzutreten\" \/>\n<meta property=\"og:description\" content=\"Am 30. M\u00e4rz j\u00e4hrt sich der Freispruch der finnischen Politikerin P\u00e4ivi R\u00e4s\u00e4nen zum ersten Mal. Zensur ist eine schleichende Angelegenheit.\" \/>\n<meta property=\"og:url\" content=\"https:\/\/adfinternational.org\/de\/news\/warum-es-an-der-zeit-ist-fuer-die-meinungsfreiheit-einzutreten\" \/>\n<meta property=\"og:site_name\" content=\"ADF International\" \/>\n<meta property=\"article:publisher\" content=\"https:\/\/facebook.com\/adfinternational\" \/>\n<meta property=\"article:published_time\" content=\"2023-03-30T13:36:30+00:00\" \/>\n<meta property=\"article:modified_time\" content=\"2024-04-05T12:50:21+00:00\" \/>\n<meta property=\"og:image\" content=\"https:\/\/adfinternational.org\/wp-content\/uploads\/2023\/03\/ANALOG_ADF_PaiviRasanen2023_WEB-14.jpg\" \/>\n\t<meta property=\"og:image:width\" content=\"2500\" \/>\n\t<meta property=\"og:image:height\" content=\"1695\" \/>\n\t<meta property=\"og:image:type\" content=\"image\/jpeg\" \/>\n<meta name=\"author\" content=\"Philipp Bues\" \/>\n<meta name=\"twitter:card\" content=\"summary_large_image\" \/>\n<meta name=\"twitter:creator\" content=\"@adfintl\" \/>\n<meta name=\"twitter:site\" content=\"@adfintl\" \/>\n<meta name=\"twitter:label1\" content=\"Verfasst von\" \/>\n\t<meta name=\"twitter:data1\" content=\"Philipp Bues\" \/>\n\t<meta name=\"twitter:label2\" content=\"Gesch\u00e4tzte Lesezeit\" \/>\n\t<meta name=\"twitter:data2\" content=\"6 Minuten\" \/>\n<script type=\"application\/ld+json\" class=\"yoast-schema-graph\">{\"@context\":\"https:\\\/\\\/schema.org\",\"@graph\":[{\"@type\":\"Article\",\"@id\":\"https:\\\/\\\/adfinternational.org\\\/de\\\/news\\\/warum-es-an-der-zeit-ist-fuer-die-meinungsfreiheit-einzutreten#article\",\"isPartOf\":{\"@id\":\"https:\\\/\\\/adfinternational.org\\\/de\\\/news\\\/warum-es-an-der-zeit-ist-fuer-die-meinungsfreiheit-einzutreten\"},\"author\":{\"name\":\"Philipp Bues\",\"@id\":\"https:\\\/\\\/adfinternational.org\\\/de\\\/#\\\/schema\\\/person\\\/6b776fc8535453c6aad8a6f9d78e6141\"},\"headline\":\"Warum es an der Zeit ist, f\u00fcr die Meinungsfreiheit einzutreten\",\"datePublished\":\"2023-03-30T13:36:30+00:00\",\"dateModified\":\"2024-04-05T12:50:21+00:00\",\"mainEntityOfPage\":{\"@id\":\"https:\\\/\\\/adfinternational.org\\\/de\\\/news\\\/warum-es-an-der-zeit-ist-fuer-die-meinungsfreiheit-einzutreten\"},\"wordCount\":912,\"publisher\":{\"@id\":\"https:\\\/\\\/adfinternational.org\\\/de\\\/#organization\"},\"image\":{\"@id\":\"https:\\\/\\\/adfinternational.org\\\/de\\\/news\\\/warum-es-an-der-zeit-ist-fuer-die-meinungsfreiheit-einzutreten#primaryimage\"},\"thumbnailUrl\":\"https:\\\/\\\/adfinternational.org\\\/wp-content\\\/uploads\\\/2023\\\/03\\\/ANALOG_ADF_PaiviRasanen2023_WEB-14.jpg\",\"keywords\":[\"Kommentar\"],\"articleSection\":[\"News\"],\"inLanguage\":\"de-DE\"},{\"@type\":\"WebPage\",\"@id\":\"https:\\\/\\\/adfinternational.org\\\/de\\\/news\\\/warum-es-an-der-zeit-ist-fuer-die-meinungsfreiheit-einzutreten\",\"url\":\"https:\\\/\\\/adfinternational.org\\\/de\\\/news\\\/warum-es-an-der-zeit-ist-fuer-die-meinungsfreiheit-einzutreten\",\"name\":\"Warum es an der Zeit ist, f\u00fcr die Meinungsfreiheit einzutreten\",\"isPartOf\":{\"@id\":\"https:\\\/\\\/adfinternational.org\\\/de\\\/#website\"},\"primaryImageOfPage\":{\"@id\":\"https:\\\/\\\/adfinternational.org\\\/de\\\/news\\\/warum-es-an-der-zeit-ist-fuer-die-meinungsfreiheit-einzutreten#primaryimage\"},\"image\":{\"@id\":\"https:\\\/\\\/adfinternational.org\\\/de\\\/news\\\/warum-es-an-der-zeit-ist-fuer-die-meinungsfreiheit-einzutreten#primaryimage\"},\"thumbnailUrl\":\"https:\\\/\\\/adfinternational.org\\\/wp-content\\\/uploads\\\/2023\\\/03\\\/ANALOG_ADF_PaiviRasanen2023_WEB-14.jpg\",\"datePublished\":\"2023-03-30T13:36:30+00:00\",\"dateModified\":\"2024-04-05T12:50:21+00:00\",\"description\":\"Am 30. M\u00e4rz j\u00e4hrt sich der Freispruch der finnischen Politikerin P\u00e4ivi R\u00e4s\u00e4nen zum ersten Mal. Zensur ist eine schleichende Angelegenheit.\",\"breadcrumb\":{\"@id\":\"https:\\\/\\\/adfinternational.org\\\/de\\\/news\\\/warum-es-an-der-zeit-ist-fuer-die-meinungsfreiheit-einzutreten#breadcrumb\"},\"inLanguage\":\"de-DE\",\"potentialAction\":[{\"@type\":\"ReadAction\",\"target\":[\"https:\\\/\\\/adfinternational.org\\\/de\\\/news\\\/warum-es-an-der-zeit-ist-fuer-die-meinungsfreiheit-einzutreten\"]}]},{\"@type\":\"ImageObject\",\"inLanguage\":\"de-DE\",\"@id\":\"https:\\\/\\\/adfinternational.org\\\/de\\\/news\\\/warum-es-an-der-zeit-ist-fuer-die-meinungsfreiheit-einzutreten#primaryimage\",\"url\":\"https:\\\/\\\/adfinternational.org\\\/wp-content\\\/uploads\\\/2023\\\/03\\\/ANALOG_ADF_PaiviRasanen2023_WEB-14.jpg\",\"contentUrl\":\"https:\\\/\\\/adfinternational.org\\\/wp-content\\\/uploads\\\/2023\\\/03\\\/ANALOG_ADF_PaiviRasanen2023_WEB-14.jpg\",\"width\":2500,\"height\":1695},{\"@type\":\"BreadcrumbList\",\"@id\":\"https:\\\/\\\/adfinternational.org\\\/de\\\/news\\\/warum-es-an-der-zeit-ist-fuer-die-meinungsfreiheit-einzutreten#breadcrumb\",\"itemListElement\":[{\"@type\":\"ListItem\",\"position\":1,\"name\":\"Home\",\"item\":\"https:\\\/\\\/adfinternational.org\\\/de\"},{\"@type\":\"ListItem\",\"position\":2,\"name\":\"Warum es an der Zeit ist, f\u00fcr die Meinungsfreiheit einzutreten\"}]},{\"@type\":\"WebSite\",\"@id\":\"https:\\\/\\\/adfinternational.org\\\/de\\\/#website\",\"url\":\"https:\\\/\\\/adfinternational.org\\\/de\\\/\",\"name\":\"ADF International\",\"description\":\"Protecting Fundamental Freedoms. Promoting Inherent Dignity.\",\"publisher\":{\"@id\":\"https:\\\/\\\/adfinternational.org\\\/de\\\/#organization\"},\"potentialAction\":[{\"@type\":\"SearchAction\",\"target\":{\"@type\":\"EntryPoint\",\"urlTemplate\":\"https:\\\/\\\/adfinternational.org\\\/de\\\/?s={search_term_string}\"},\"query-input\":{\"@type\":\"PropertyValueSpecification\",\"valueRequired\":true,\"valueName\":\"search_term_string\"}}],\"inLanguage\":\"de-DE\"},{\"@type\":\"Organization\",\"@id\":\"https:\\\/\\\/adfinternational.org\\\/de\\\/#organization\",\"name\":\"Alliance Defending Freedom International\",\"url\":\"https:\\\/\\\/adfinternational.org\\\/de\\\/\",\"logo\":{\"@type\":\"ImageObject\",\"inLanguage\":\"de-DE\",\"@id\":\"https:\\\/\\\/adfinternational.org\\\/de\\\/#\\\/schema\\\/logo\\\/image\\\/\",\"url\":\"https:\\\/\\\/adfinternational.org\\\/wp-content\\\/uploads\\\/2021\\\/08\\\/ADF_Intl_R_RGB_175px.png\",\"contentUrl\":\"https:\\\/\\\/adfinternational.org\\\/wp-content\\\/uploads\\\/2021\\\/08\\\/ADF_Intl_R_RGB_175px.png\",\"width\":175,\"height\":106,\"caption\":\"Alliance Defending Freedom International\"},\"image\":{\"@id\":\"https:\\\/\\\/adfinternational.org\\\/de\\\/#\\\/schema\\\/logo\\\/image\\\/\"},\"sameAs\":[\"https:\\\/\\\/facebook.com\\\/adfinternational\",\"https:\\\/\\\/x.com\\\/adfintl\",\"https:\\\/\\\/www.linkedin.com\\\/company\\\/adfinternational\",\"https:\\\/\\\/www.instagram.com\\\/adfinternational\\\/\"]},{\"@type\":\"Person\",\"@id\":\"https:\\\/\\\/adfinternational.org\\\/de\\\/#\\\/schema\\\/person\\\/6b776fc8535453c6aad8a6f9d78e6141\",\"name\":\"Philipp Bues\",\"image\":{\"@type\":\"ImageObject\",\"inLanguage\":\"de-DE\",\"@id\":\"https:\\\/\\\/adfinternational.org\\\/wp-content\\\/uploads\\\/2025\\\/02\\\/Philipp-Bues-Headshot-150x150.jpg\",\"url\":\"https:\\\/\\\/adfinternational.org\\\/wp-content\\\/uploads\\\/2025\\\/02\\\/Philipp-Bues-Headshot-150x150.jpg\",\"contentUrl\":\"https:\\\/\\\/adfinternational.org\\\/wp-content\\\/uploads\\\/2025\\\/02\\\/Philipp-Bues-Headshot-150x150.jpg\",\"caption\":\"Philipp Bues\"},\"url\":\"https:\\\/\\\/adfinternational.org\\\/de\\\/author\\\/pbuesadfinternational-org\"}]}<\/script>\n<!-- \/ Yoast SEO Premium plugin. -->","yoast_head_json":{"title":"Warum es an der Zeit ist, f\u00fcr die Meinungsfreiheit einzutreten","description":"Am 30. M\u00e4rz j\u00e4hrt sich der Freispruch der finnischen Politikerin P\u00e4ivi R\u00e4s\u00e4nen zum ersten Mal. Zensur ist eine schleichende Angelegenheit.","robots":{"index":"index","follow":"follow","max-snippet":"max-snippet:-1","max-image-preview":"max-image-preview:large","max-video-preview":"max-video-preview:-1"},"canonical":"https:\/\/adfinternational.org\/de\/news\/warum-es-an-der-zeit-ist-fuer-die-meinungsfreiheit-einzutreten","og_locale":"de_DE","og_type":"article","og_title":"Warum es an der Zeit ist, f\u00fcr die Meinungsfreiheit einzutreten","og_description":"Am 30. M\u00e4rz j\u00e4hrt sich der Freispruch der finnischen Politikerin P\u00e4ivi R\u00e4s\u00e4nen zum ersten Mal. Zensur ist eine schleichende Angelegenheit.","og_url":"https:\/\/adfinternational.org\/de\/news\/warum-es-an-der-zeit-ist-fuer-die-meinungsfreiheit-einzutreten","og_site_name":"ADF International","article_publisher":"https:\/\/facebook.com\/adfinternational","article_published_time":"2023-03-30T13:36:30+00:00","article_modified_time":"2024-04-05T12:50:21+00:00","og_image":[{"width":2500,"height":1695,"url":"https:\/\/adfinternational.org\/wp-content\/uploads\/2023\/03\/ANALOG_ADF_PaiviRasanen2023_WEB-14.jpg","type":"image\/jpeg"}],"author":"Philipp Bues","twitter_card":"summary_large_image","twitter_creator":"@adfintl","twitter_site":"@adfintl","twitter_misc":{"Verfasst von":"Philipp Bues","Gesch\u00e4tzte Lesezeit":"6 Minuten"},"schema":{"@context":"https:\/\/schema.org","@graph":[{"@type":"Article","@id":"https:\/\/adfinternational.org\/de\/news\/warum-es-an-der-zeit-ist-fuer-die-meinungsfreiheit-einzutreten#article","isPartOf":{"@id":"https:\/\/adfinternational.org\/de\/news\/warum-es-an-der-zeit-ist-fuer-die-meinungsfreiheit-einzutreten"},"author":{"name":"Philipp Bues","@id":"https:\/\/adfinternational.org\/de\/#\/schema\/person\/6b776fc8535453c6aad8a6f9d78e6141"},"headline":"Warum es an der Zeit ist, f\u00fcr die Meinungsfreiheit einzutreten","datePublished":"2023-03-30T13:36:30+00:00","dateModified":"2024-04-05T12:50:21+00:00","mainEntityOfPage":{"@id":"https:\/\/adfinternational.org\/de\/news\/warum-es-an-der-zeit-ist-fuer-die-meinungsfreiheit-einzutreten"},"wordCount":912,"publisher":{"@id":"https:\/\/adfinternational.org\/de\/#organization"},"image":{"@id":"https:\/\/adfinternational.org\/de\/news\/warum-es-an-der-zeit-ist-fuer-die-meinungsfreiheit-einzutreten#primaryimage"},"thumbnailUrl":"https:\/\/adfinternational.org\/wp-content\/uploads\/2023\/03\/ANALOG_ADF_PaiviRasanen2023_WEB-14.jpg","keywords":["Kommentar"],"articleSection":["News"],"inLanguage":"de-DE"},{"@type":"WebPage","@id":"https:\/\/adfinternational.org\/de\/news\/warum-es-an-der-zeit-ist-fuer-die-meinungsfreiheit-einzutreten","url":"https:\/\/adfinternational.org\/de\/news\/warum-es-an-der-zeit-ist-fuer-die-meinungsfreiheit-einzutreten","name":"Warum es an der Zeit ist, f\u00fcr die Meinungsfreiheit einzutreten","isPartOf":{"@id":"https:\/\/adfinternational.org\/de\/#website"},"primaryImageOfPage":{"@id":"https:\/\/adfinternational.org\/de\/news\/warum-es-an-der-zeit-ist-fuer-die-meinungsfreiheit-einzutreten#primaryimage"},"image":{"@id":"https:\/\/adfinternational.org\/de\/news\/warum-es-an-der-zeit-ist-fuer-die-meinungsfreiheit-einzutreten#primaryimage"},"thumbnailUrl":"https:\/\/adfinternational.org\/wp-content\/uploads\/2023\/03\/ANALOG_ADF_PaiviRasanen2023_WEB-14.jpg","datePublished":"2023-03-30T13:36:30+00:00","dateModified":"2024-04-05T12:50:21+00:00","description":"Am 30. M\u00e4rz j\u00e4hrt sich der Freispruch der finnischen Politikerin P\u00e4ivi R\u00e4s\u00e4nen zum ersten Mal. Zensur ist eine schleichende Angelegenheit.","breadcrumb":{"@id":"https:\/\/adfinternational.org\/de\/news\/warum-es-an-der-zeit-ist-fuer-die-meinungsfreiheit-einzutreten#breadcrumb"},"inLanguage":"de-DE","potentialAction":[{"@type":"ReadAction","target":["https:\/\/adfinternational.org\/de\/news\/warum-es-an-der-zeit-ist-fuer-die-meinungsfreiheit-einzutreten"]}]},{"@type":"ImageObject","inLanguage":"de-DE","@id":"https:\/\/adfinternational.org\/de\/news\/warum-es-an-der-zeit-ist-fuer-die-meinungsfreiheit-einzutreten#primaryimage","url":"https:\/\/adfinternational.org\/wp-content\/uploads\/2023\/03\/ANALOG_ADF_PaiviRasanen2023_WEB-14.jpg","contentUrl":"https:\/\/adfinternational.org\/wp-content\/uploads\/2023\/03\/ANALOG_ADF_PaiviRasanen2023_WEB-14.jpg","width":2500,"height":1695},{"@type":"BreadcrumbList","@id":"https:\/\/adfinternational.org\/de\/news\/warum-es-an-der-zeit-ist-fuer-die-meinungsfreiheit-einzutreten#breadcrumb","itemListElement":[{"@type":"ListItem","position":1,"name":"Home","item":"https:\/\/adfinternational.org\/de"},{"@type":"ListItem","position":2,"name":"Warum es an der Zeit ist, f\u00fcr die Meinungsfreiheit einzutreten"}]},{"@type":"WebSite","@id":"https:\/\/adfinternational.org\/de\/#website","url":"https:\/\/adfinternational.org\/de\/","name":"ADF International","description":"Protecting Fundamental Freedoms. Promoting Inherent Dignity.","publisher":{"@id":"https:\/\/adfinternational.org\/de\/#organization"},"potentialAction":[{"@type":"SearchAction","target":{"@type":"EntryPoint","urlTemplate":"https:\/\/adfinternational.org\/de\/?s={search_term_string}"},"query-input":{"@type":"PropertyValueSpecification","valueRequired":true,"valueName":"search_term_string"}}],"inLanguage":"de-DE"},{"@type":"Organization","@id":"https:\/\/adfinternational.org\/de\/#organization","name":"Alliance Defending Freedom International","url":"https:\/\/adfinternational.org\/de\/","logo":{"@type":"ImageObject","inLanguage":"de-DE","@id":"https:\/\/adfinternational.org\/de\/#\/schema\/logo\/image\/","url":"https:\/\/adfinternational.org\/wp-content\/uploads\/2021\/08\/ADF_Intl_R_RGB_175px.png","contentUrl":"https:\/\/adfinternational.org\/wp-content\/uploads\/2021\/08\/ADF_Intl_R_RGB_175px.png","width":175,"height":106,"caption":"Alliance Defending Freedom International"},"image":{"@id":"https:\/\/adfinternational.org\/de\/#\/schema\/logo\/image\/"},"sameAs":["https:\/\/facebook.com\/adfinternational","https:\/\/x.com\/adfintl","https:\/\/www.linkedin.com\/company\/adfinternational","https:\/\/www.instagram.com\/adfinternational\/"]},{"@type":"Person","@id":"https:\/\/adfinternational.org\/de\/#\/schema\/person\/6b776fc8535453c6aad8a6f9d78e6141","name":"Philipp Bues","image":{"@type":"ImageObject","inLanguage":"de-DE","@id":"https:\/\/adfinternational.org\/wp-content\/uploads\/2025\/02\/Philipp-Bues-Headshot-150x150.jpg","url":"https:\/\/adfinternational.org\/wp-content\/uploads\/2025\/02\/Philipp-Bues-Headshot-150x150.jpg","contentUrl":"https:\/\/adfinternational.org\/wp-content\/uploads\/2025\/02\/Philipp-Bues-Headshot-150x150.jpg","caption":"Philipp Bues"},"url":"https:\/\/adfinternational.org\/de\/author\/pbuesadfinternational-org"}]}},"_links":{"self":[{"href":"https:\/\/adfinternational.org\/de\/wp-json\/wp\/v2\/posts\/15977","targetHints":{"allow":["GET"]}}],"collection":[{"href":"https:\/\/adfinternational.org\/de\/wp-json\/wp\/v2\/posts"}],"about":[{"href":"https:\/\/adfinternational.org\/de\/wp-json\/wp\/v2\/types\/post"}],"author":[{"embeddable":true,"href":"https:\/\/adfinternational.org\/de\/wp-json\/wp\/v2\/users\/44"}],"replies":[{"embeddable":true,"href":"https:\/\/adfinternational.org\/de\/wp-json\/wp\/v2\/comments?post=15977"}],"version-history":[{"count":0,"href":"https:\/\/adfinternational.org\/de\/wp-json\/wp\/v2\/posts\/15977\/revisions"}],"wp:featuredmedia":[{"embeddable":true,"href":"https:\/\/adfinternational.org\/de\/wp-json\/wp\/v2\/media\/15982"}],"wp:attachment":[{"href":"https:\/\/adfinternational.org\/de\/wp-json\/wp\/v2\/media?parent=15977"}],"wp:term":[{"taxonomy":"category","embeddable":true,"href":"https:\/\/adfinternational.org\/de\/wp-json\/wp\/v2\/categories?post=15977"},{"taxonomy":"post_tag","embeddable":true,"href":"https:\/\/adfinternational.org\/de\/wp-json\/wp\/v2\/tags?post=15977"}],"curies":[{"name":"wp","href":"https:\/\/api.w.org\/{rel}","templated":true}]}}