{"id":16756,"date":"2023-04-21T05:01:01","date_gmt":"2023-04-21T04:01:01","guid":{"rendered":"https:\/\/adfinternational.org\/?p=16756"},"modified":"2024-07-16T10:17:11","modified_gmt":"2024-07-16T09:17:11","slug":"eu-parlament-blasphemie-gesetze-nigeria","status":"publish","type":"post","link":"https:\/\/adfinternational.org\/de\/news\/eu-parlament-blasphemie-gesetze-nigeria","title":{"rendered":"Europ\u00e4isches Parlament verurteilt nigerianische Blasphemie-Gesetze"},"content":{"rendered":"\t\t<div data-elementor-type=\"wp-post\" data-elementor-id=\"16756\" class=\"elementor elementor-16756\" data-elementor-post-type=\"post\">\n\t\t\t\t\t\t<section class=\"elementor-section elementor-top-section elementor-element elementor-element-3b8798e elementor-section-boxed elementor-section-height-default elementor-section-height-default\" data-id=\"3b8798e\" data-element_type=\"section\" data-e-type=\"section\">\n\t\t\t\t\t\t<div class=\"elementor-container elementor-column-gap-default\">\n\t\t\t\t\t<div class=\"elementor-column elementor-col-100 elementor-top-column elementor-element elementor-element-23c6e53\" data-id=\"23c6e53\" data-element_type=\"column\" data-e-type=\"column\">\n\t\t\t<div class=\"elementor-widget-wrap elementor-element-populated\">\n\t\t\t\t\t\t<div class=\"elementor-element elementor-element-d146f4d elementor-widget elementor-widget-text-editor\" data-id=\"d146f4d\" data-element_type=\"widget\" data-e-type=\"widget\" data-widget_type=\"text-editor.default\">\n\t\t\t\t<div class=\"elementor-widget-container\">\n\t\t\t\t\t\t\t\t\t<ul><li data-leveltext=\"\uf0b7\" data-font=\"Symbol\" data-listid=\"1\" data-list-defn-props=\"{&quot;335552541&quot;:1,&quot;335559682&quot;:1,&quot;335559684&quot;:-2,&quot;335559685&quot;:720,&quot;335559991&quot;:360,&quot;469769226&quot;:&quot;Symbol&quot;,&quot;469769242&quot;:[8226],&quot;469777803&quot;:&quot;left&quot;,&quot;469777804&quot;:&quot;\uf0b7&quot;,&quot;469777815&quot;:&quot;hybridMultilevel&quot;}\" aria-setsize=\"-1\" data-aria-posinset=\"1\" data-aria-level=\"1\"><b><span data-contrast=\"auto\">Die Abgeordneten dr\u00e4ngen Nigeria die \u201cBlasphemie-Gesetze auf Bundes- und Landesebene abzuschaffen\u201d<\/span><\/b><span data-ccp-props=\"{&quot;201341983&quot;:0,&quot;335559739&quot;:160,&quot;335559740&quot;:259}\">\u00a0<\/span><\/li><li data-leveltext=\"\uf0b7\" data-font=\"Symbol\" data-listid=\"1\" data-list-defn-props=\"{&quot;335552541&quot;:1,&quot;335559682&quot;:1,&quot;335559684&quot;:-2,&quot;335559685&quot;:720,&quot;335559991&quot;:360,&quot;469769226&quot;:&quot;Symbol&quot;,&quot;469769242&quot;:[8226],&quot;469777803&quot;:&quot;left&quot;,&quot;469777804&quot;:&quot;\uf0b7&quot;,&quot;469777815&quot;:&quot;hybridMultilevel&quot;}\" aria-setsize=\"-1\" data-aria-posinset=\"2\" data-aria-level=\"1\"><b><span data-contrast=\"auto\">Das nigerianische H\u00f6chstgericht behandelt gerade den Fall von Yahaya Sharif-Aminu, einem Musiker, der wegen angeblicher Blasphemie zum Tode verurteilt wurde.<\/span><\/b><span data-ccp-props=\"{&quot;201341983&quot;:0,&quot;335559739&quot;:160,&quot;335559740&quot;:259}\">\u00a0<\/span><\/li><\/ul>\t\t\t\t\t\t\t\t<\/div>\n\t\t\t\t<\/div>\n\t\t\t\t<div class=\"elementor-element elementor-element-2f5f686 elementor-widget elementor-widget-text-editor\" data-id=\"2f5f686\" data-element_type=\"widget\" data-e-type=\"widget\" data-widget_type=\"text-editor.default\">\n\t\t\t\t<div class=\"elementor-widget-container\">\n\t\t\t\t\t\t\t\t\t<p><b><span data-contrast=\"auto\">Br\u00fcssel (21. April 2023) &#8211; <\/span><\/b><span data-contrast=\"auto\">In einer Dringlichkeitsentschlie\u00dfung (urgency resolution) fordert das EU-Parlament die Freilassung von Yahaya Sharif-Aminu. Sharif-Aminu, ein junger Musiker und Sufi-Muslim, wurde auf Basis eines Blasphemie-Gesetzes im n\u00f6rdlichen Bundesstaat Kano zum Tode verurteilt. Die jetzt verabschiedete Entschlie\u00dfung \u201cerinnert daran, dass Blasphemie-Gesetze ein klarer Versto\u00df gegen internationale Menschenrechte sind\u201d und \u201cim Widerspruch zur nigerianischen Verfassung stehen.\u201d 550 Abgeordnete stimmten f\u00fcr diese Entschlie\u00dfung, sieben dagegen. <\/span><span data-ccp-props=\"{&quot;201341983&quot;:0,&quot;335559739&quot;:160,&quot;335559740&quot;:259}\">\u00a0<\/span><\/p><p><span data-contrast=\"auto\">\u201cNiemand sollte f\u00fcr seinen Glauben verurteilt werden. Blasphemie-Gesetze sind ein klarer Versto\u00df nicht nur gegen das V\u00f6lkerrecht, sondern auch gegen unsere nigerianische Verfassung. Gemeinsam mit ADF International verteidigen wir Yahaya und die Menschenrechte aller Nigerianer\u201d, sagte Kola Alapinni, Menschenrechtsanwalt aus Nigeria, der als Partner von ADF International Yahaya vor dem H\u00f6chstgericht (Supreme Court) vertritt. <\/span><span data-ccp-props=\"{&quot;201341983&quot;:0,&quot;335559739&quot;:160,&quot;335559740&quot;:259}\">\u00a0<\/span><\/p><p><span data-contrast=\"auto\">2020 hatte Sharif-Aminu einen selbstgeschriebenen Songtext \u00fcber WhatsApp geteilt. Daraufhin wollte ein rasender Mob ihn t\u00f6ten, weil er angeblich den Propheten Mohammed beleidigt habe. Kurz darauf verurteilte ihn ein Scharia-Gericht zum Tod durch Erh\u00e4ngen. Mit Unterst\u00fctzung durch ADF International ging Sharif-Aminu gegen das Todesurteil in Berufung. Jetzt klagt er gegen Blasphemie-Gesetze am nigerianischen H\u00f6chstgericht. <\/span><span data-ccp-props=\"{&quot;201341983&quot;:0,&quot;335559739&quot;:160,&quot;335559740&quot;:259}\">\u00a0<\/span><\/p><p><span data-contrast=\"auto\">Die parlamentarische Entschlie\u00dfung dr\u00e4ngt \u201cdie nigerianischen Beh\u00f6rden, Blasphemie-Gesetze auf <\/span><span data-contrast=\"auto\">Bundes- und Landesebene abzuschaffen.\u201d Das Parlament fordert au\u00dferdem die sofortige Freilassung von Menschen, die \u201cder Blasphemie beschuldigt werden\u201d.<\/span><span data-ccp-props=\"{&quot;201341983&quot;:0,&quot;335559739&quot;:160,&quot;335559740&quot;:259}\">\u00a0<\/span><\/p><p><strong>&#8222;Der Fall hat ein noch nie dagewesenes Potential f\u00fcr die Religionsfreiheit.&#8220;<\/strong><\/p><p><span data-contrast=\"auto\">\u201cADF International arbeitet nicht nur am dringenden Ziel, das Leben von Sharif-Aminu zu retten, sondern auch Blasphemie-Gesetzen \u00fcberall aufzuheben. Religions- und Meinungsfreiheit sind grundlegende Menschenrechte. Blasphemie-Gesetze bestrafen Menschen\u00a0daf\u00fcr, dass sie friedlich \u00fcber ihre \u00dcberzeugungen sprechen. Deswegen sind die Gesetze mit den Menschenrechten unvereinbar. Das EU-Parlament hat einen wichtigen Schritt getan, damit Yahayas Fall \u00f6ffentlich bekannt wird\u201d, sagte Georgia du Plessis, Juristin bei ADF International in Br\u00fcssel.<\/span><span data-ccp-props=\"{&quot;201341983&quot;:0,&quot;335559739&quot;:160,&quot;335559740&quot;:259}\">\u00a0<\/span><\/p><p><span data-contrast=\"auto\">Sharif-Aminu sitzt weiterhin im Gef\u00e4ngnis. Muslimische Minderheiten und Christen haben es in Nigeria besonders schwer. Vergangenes Jahr waren 90 Prozent der Christen die weltweit f\u00fcr ihren Glauben sterben mussten, Nigerianer. Doch eine positive Entscheidung H\u00f6chstgericht k\u00f6nnte die Blasphemie-Gesetze in Nigeria abschaffen. <\/span><span data-ccp-props=\"{&quot;201341983&quot;:0,&quot;335559739&quot;:160,&quot;335559740&quot;:259}\">\u00a0<\/span><\/p><p><span data-contrast=\"auto\">\u201cAnw\u00e4lte f\u00fcr Religionsfreiheit haben jahrzehntelang auf diesen Moment gewartet. Wir d\u00fcrfen diese Chance nicht ungenutzt lassen. Der Fall hat ein noch nie dagewesenes Potential f\u00fcr die Religionsfreiheit in Nigeria und k\u00f6nnte der Katalysator f\u00fcr den so erhofften Wandel sein. Blasphemie-Gesetze sind eine Katastrophe \u2013 sie destabilisieren ganze L\u00e4nder und f\u00fchren zu Gewalt. Bei unserem Einsatz f\u00fcr Religions- und Meinungsfreiheit auf der ganzen Welt k\u00f6nnen wir klar erkennen: Todesurteile f\u00fcr friedliche Meinungs\u00e4u\u00dferung &#8211; das ist die ultimative Form der Zensur\u201d, sagte Kelsey Zorzi, Leiterin der Abteilung f\u00fcr weltweite Religionsfreiheit bei ADF International. <\/span><span data-ccp-props=\"{&quot;201341983&quot;:0,&quot;335559739&quot;:160,&quot;335559740&quot;:259}\">\u00a0<\/span><\/p>\t\t\t\t\t\t\t\t<\/div>\n\t\t\t\t<\/div>\n\t\t\t\t<div class=\"elementor-element elementor-element-9e088cc elementor-widget-divider--view-line elementor-widget elementor-widget-divider\" data-id=\"9e088cc\" data-element_type=\"widget\" data-e-type=\"widget\" data-widget_type=\"divider.default\">\n\t\t\t\t<div class=\"elementor-widget-container\">\n\t\t\t\t\t\t\t<div class=\"elementor-divider\">\n\t\t\t<span class=\"elementor-divider-separator\">\n\t\t\t\t\t\t<\/span>\n\t\t<\/div>\n\t\t\t\t\t\t<\/div>\n\t\t\t\t<\/div>\n\t\t\t\t<div class=\"elementor-element elementor-element-503e95c elementor-widget elementor-widget-text-editor\" data-id=\"503e95c\" data-element_type=\"widget\" data-e-type=\"widget\" data-widget_type=\"text-editor.default\">\n\t\t\t\t<div class=\"elementor-widget-container\">\n\t\t\t\t\t\t\t\t\tImages for free use in print or online in relation to this story only\t\t\t\t\t\t\t\t<\/div>\n\t\t\t\t<\/div>\n\t\t\t\t<div class=\"elementor-element elementor-element-6383e95 elementor-widget elementor-widget-gallery\" data-id=\"6383e95\" data-element_type=\"widget\" data-e-type=\"widget\" data-settings=\"{&quot;aspect_ratio&quot;:&quot;1:1&quot;,&quot;columns_mobile&quot;:2,&quot;lazyload&quot;:&quot;yes&quot;,&quot;gallery_layout&quot;:&quot;grid&quot;,&quot;columns&quot;:4,&quot;columns_tablet&quot;:2,&quot;gap&quot;:{&quot;unit&quot;:&quot;px&quot;,&quot;size&quot;:10,&quot;sizes&quot;:[]},&quot;gap_tablet&quot;:{&quot;unit&quot;:&quot;px&quot;,&quot;size&quot;:10,&quot;sizes&quot;:[]},&quot;gap_mobile&quot;:{&quot;unit&quot;:&quot;px&quot;,&quot;size&quot;:10,&quot;sizes&quot;:[]},&quot;link_to&quot;:&quot;file&quot;,&quot;overlay_background&quot;:&quot;yes&quot;,&quot;content_hover_animation&quot;:&quot;fade-in&quot;}\" data-widget_type=\"gallery.default\">\n\t\t\t\t<div class=\"elementor-widget-container\">\n\t\t\t\t\t\t\t<div class=\"elementor-gallery__container\">\n\t\t\t\t\t\t\t<a class=\"e-gallery-item elementor-gallery-item elementor-animated-content\" href=\"https:\/\/adfinternational.org\/wp-content\/uploads\/2023\/03\/Yahaya-1.png\" data-elementor-open-lightbox=\"yes\" data-elementor-lightbox-slideshow=\"6383e95\" data-elementor-lightbox-title=\"Yahaya-1.png\" data-e-action-hash=\"#elementor-action%3Aaction%3Dlightbox%26settings%3DeyJpZCI6MTUzNjMsInVybCI6Imh0dHBzOlwvXC9hZGZpbnRlcm5hdGlvbmFsLm9yZ1wvd3AtY29udGVudFwvdXBsb2Fkc1wvMjAyM1wvMDNcL1lhaGF5YS0xLnBuZyIsInNsaWRlc2hvdyI6IjYzODNlOTUifQ%3D%3D\">\n\t\t\t\t\t<div class=\"e-gallery-image elementor-gallery-item__image\" data-thumbnail=\"https:\/\/adfinternational.org\/wp-content\/uploads\/2023\/03\/Yahaya-1-300x234.png\" data-width=\"300\" data-height=\"234\" aria-label=\"\" role=\"img\" ><\/div>\n\t\t\t\t\t\t\t\t\t\t\t<div class=\"elementor-gallery-item__overlay\"><\/div>\n\t\t\t\t\t\t\t\t\t\t\t\t\t\t<\/a>\n\t\t\t\t\t\t\t<a class=\"e-gallery-item elementor-gallery-item elementor-animated-content\" href=\"https:\/\/adfinternational.org\/wp-content\/uploads\/2023\/03\/GRF-team-kola-yahayas-lawyer.jpg\" data-elementor-open-lightbox=\"yes\" data-elementor-lightbox-slideshow=\"6383e95\" data-elementor-lightbox-title=\"GRF-team-kola-yahayas-lawyer.jpg\" data-e-action-hash=\"#elementor-action%3Aaction%3Dlightbox%26settings%3DeyJpZCI6MTUzNTcsInVybCI6Imh0dHBzOlwvXC9hZGZpbnRlcm5hdGlvbmFsLm9yZ1wvd3AtY29udGVudFwvdXBsb2Fkc1wvMjAyM1wvMDNcL0dSRi10ZWFtLWtvbGEteWFoYXlhcy1sYXd5ZXIuanBnIiwic2xpZGVzaG93IjoiNjM4M2U5NSJ9\">\n\t\t\t\t\t<div class=\"e-gallery-image elementor-gallery-item__image\" data-thumbnail=\"https:\/\/adfinternational.org\/wp-content\/uploads\/2023\/03\/GRF-team-kola-yahayas-lawyer-300x200.jpg\" data-width=\"300\" data-height=\"200\" aria-label=\"Kola Alapinni, Sean Nelson, and Kelsey Zorzi in the United States with blue documents.\" role=\"img\" ><\/div>\n\t\t\t\t\t\t\t\t\t\t\t<div class=\"elementor-gallery-item__overlay\"><\/div>\n\t\t\t\t\t\t\t\t\t\t\t\t\t\t<\/a>\n\t\t\t\t\t\t\t<a class=\"e-gallery-item elementor-gallery-item elementor-animated-content\" href=\"https:\/\/adfinternational.org\/wp-content\/uploads\/2023\/03\/Yahaya-kano-state.png\" data-elementor-open-lightbox=\"yes\" data-elementor-lightbox-slideshow=\"6383e95\" data-elementor-lightbox-title=\"Yahaya-kano-state.png\" data-e-action-hash=\"#elementor-action%3Aaction%3Dlightbox%26settings%3DeyJpZCI6MTUzNTEsInVybCI6Imh0dHBzOlwvXC9hZGZpbnRlcm5hdGlvbmFsLm9yZ1wvd3AtY29udGVudFwvdXBsb2Fkc1wvMjAyM1wvMDNcL1lhaGF5YS1rYW5vLXN0YXRlLnBuZyIsInNsaWRlc2hvdyI6IjYzODNlOTUifQ%3D%3D\">\n\t\t\t\t\t<div class=\"e-gallery-image elementor-gallery-item__image\" data-thumbnail=\"https:\/\/adfinternational.org\/wp-content\/uploads\/2023\/03\/Yahaya-kano-state-300x300.png\" data-width=\"300\" data-height=\"300\" aria-label=\"\" role=\"img\" ><\/div>\n\t\t\t\t\t\t\t\t\t\t\t<div class=\"elementor-gallery-item__overlay\"><\/div>\n\t\t\t\t\t\t\t\t\t\t\t\t\t\t<\/a>\n\t\t\t\t\t\t\t<a class=\"e-gallery-item elementor-gallery-item elementor-animated-content\" href=\"https:\/\/adfinternational.org\/wp-content\/uploads\/2023\/03\/Kelsey-sitting-with-ipad-yahaya.webp\" data-elementor-open-lightbox=\"yes\" data-elementor-lightbox-slideshow=\"6383e95\" data-elementor-lightbox-title=\"Kelsey Sitting With Ipad Yahaya\" data-e-action-hash=\"#elementor-action%3Aaction%3Dlightbox%26settings%3DeyJpZCI6MTU0OTUsInVybCI6Imh0dHBzOlwvXC9hZGZpbnRlcm5hdGlvbmFsLm9yZ1wvd3AtY29udGVudFwvdXBsb2Fkc1wvMjAyM1wvMDNcL0tlbHNleS1zaXR0aW5nLXdpdGgtaXBhZC15YWhheWEud2VicCIsInNsaWRlc2hvdyI6IjYzODNlOTUifQ%3D%3D\">\n\t\t\t\t\t<div class=\"e-gallery-image elementor-gallery-item__image\" data-thumbnail=\"https:\/\/adfinternational.org\/wp-content\/uploads\/2023\/03\/Kelsey-sitting-with-ipad-yahaya-300x168.webp\" data-width=\"300\" data-height=\"168\" aria-label=\"Kelsey Zorzi of ADF International sitting with Yahaya on an iPad\" role=\"img\" ><\/div>\n\t\t\t\t\t\t\t\t\t\t\t<div class=\"elementor-gallery-item__overlay\"><\/div>\n\t\t\t\t\t\t\t\t\t\t\t\t\t\t<\/a>\n\t\t\t\t\t\t\t<a class=\"e-gallery-item elementor-gallery-item elementor-animated-content\" href=\"https:\/\/adfinternational.org\/wp-content\/uploads\/2022\/10\/Georgia_du_Plessis_480x600px.jpg\" data-elementor-open-lightbox=\"yes\" data-elementor-lightbox-slideshow=\"6383e95\" data-elementor-lightbox-title=\"Georgia Du Plessis 480x600px\" data-e-action-hash=\"#elementor-action%3Aaction%3Dlightbox%26settings%3DeyJpZCI6MTA1MDEsInVybCI6Imh0dHBzOlwvXC9hZGZpbnRlcm5hdGlvbmFsLm9yZ1wvd3AtY29udGVudFwvdXBsb2Fkc1wvMjAyMlwvMTBcL0dlb3JnaWFfZHVfUGxlc3Npc180ODB4NjAwcHguanBnIiwic2xpZGVzaG93IjoiNjM4M2U5NSJ9\">\n\t\t\t\t\t<div class=\"e-gallery-image elementor-gallery-item__image\" data-thumbnail=\"https:\/\/adfinternational.org\/wp-content\/uploads\/2022\/10\/Georgia_du_Plessis_480x600px-240x300.jpg\" data-width=\"240\" data-height=\"300\" aria-label=\"\" role=\"img\" ><\/div>\n\t\t\t\t\t\t\t\t\t\t\t<div class=\"elementor-gallery-item__overlay\"><\/div>\n\t\t\t\t\t\t\t\t\t\t\t\t\t\t<\/a>\n\t\t\t\t\t\t\t<a class=\"e-gallery-item elementor-gallery-item elementor-animated-content\" href=\"https:\/\/adfinternational.org\/wp-content\/uploads\/2023\/03\/Kelsey-Zorzi9627-400x400-1.png\" data-elementor-open-lightbox=\"yes\" data-elementor-lightbox-slideshow=\"6383e95\" data-elementor-lightbox-title=\"Kelsey-Zorzi9627-400x400-1.png\" data-e-action-hash=\"#elementor-action%3Aaction%3Dlightbox%26settings%3DeyJpZCI6MTUzNDgsInVybCI6Imh0dHBzOlwvXC9hZGZpbnRlcm5hdGlvbmFsLm9yZ1wvd3AtY29udGVudFwvdXBsb2Fkc1wvMjAyM1wvMDNcL0tlbHNleS1ab3J6aTk2MjctNDAweDQwMC0xLnBuZyIsInNsaWRlc2hvdyI6IjYzODNlOTUifQ%3D%3D\">\n\t\t\t\t\t<div class=\"e-gallery-image elementor-gallery-item__image\" data-thumbnail=\"https:\/\/adfinternational.org\/wp-content\/uploads\/2023\/03\/Kelsey-Zorzi9627-400x400-1-300x300.png\" data-width=\"300\" data-height=\"300\" aria-label=\"\" role=\"img\" ><\/div>\n\t\t\t\t\t\t\t\t\t\t\t<div class=\"elementor-gallery-item__overlay\"><\/div>\n\t\t\t\t\t\t\t\t\t\t\t\t\t\t<\/a>\n\t\t\t\t\t<\/div>\n\t\t\t\t\t<\/div>\n\t\t\t\t<\/div>\n\t\t\t\t\t<\/div>\n\t\t<\/div>\n\t\t\t\t\t<\/div>\n\t\t<\/section>\n\t\t\t\t<\/div>\n\t\t","protected":false},"excerpt":{"rendered":"<p>Die Abgeordneten dr\u00e4ngen Nigeria die \u201cBlasphemie-Gesetze auf Bundes- und Landesebene abzuschaffen\u201d<br \/>\nDas nigerianische H\u00f6chstgericht behandelt gerade den Fall von Yahaya Sharif-Aminu, einem Musiker, der wegen angeblicher Blasphemie zum Tode verurteilt wurde. <\/p>\n","protected":false},"author":44,"featured_media":16617,"comment_status":"closed","ping_status":"closed","sticky":false,"template":"","format":"standard","meta":{"_acf_changed":true,"give_campaign_id":0,"footnotes":""},"categories":[434],"tags":[949,421],"class_list":["post-16756","post","type-post","status-publish","format-standard","has-post-thumbnail","hentry","category-news","tag-de","tag-news"],"acf":[],"yoast_head":"<!-- This site is optimized with the Yoast SEO Premium plugin v27.5 (Yoast SEO v27.5) - https:\/\/yoast.com\/product\/yoast-seo-premium-wordpress\/ -->\n<title>Europ\u00e4isches Parlament verurteilt nigerianische Blasphemie-Gesetze - ADF International<\/title>\n<meta name=\"robots\" content=\"index, follow, max-snippet:-1, max-image-preview:large, max-video-preview:-1\" \/>\n<link rel=\"canonical\" href=\"https:\/\/adfinternational.org\/de\/news\/eu-parlament-blasphemie-gesetze-nigeria\" \/>\n<meta property=\"og:locale\" content=\"de_DE\" \/>\n<meta property=\"og:type\" content=\"article\" \/>\n<meta property=\"og:title\" content=\"Europ\u00e4isches Parlament verurteilt nigerianische Blasphemie-Gesetze\" \/>\n<meta property=\"og:description\" content=\"Die Abgeordneten dr\u00e4ngen Nigeria die \u201cBlasphemie-Gesetze auf Bundes- und Landesebene abzuschaffen\u201d Das nigerianische H\u00f6chstgericht behandelt gerade den Fall von Yahaya Sharif-Aminu, einem Musiker, der wegen angeblicher Blasphemie zum Tode verurteilt wurde.\" \/>\n<meta property=\"og:url\" content=\"https:\/\/adfinternational.org\/de\/news\/eu-parlament-blasphemie-gesetze-nigeria\" \/>\n<meta property=\"og:site_name\" content=\"ADF International\" \/>\n<meta property=\"article:publisher\" content=\"https:\/\/facebook.com\/adfinternational\" \/>\n<meta property=\"article:published_time\" content=\"2023-04-21T04:01:01+00:00\" \/>\n<meta property=\"article:modified_time\" content=\"2024-07-16T09:17:11+00:00\" \/>\n<meta property=\"og:image\" content=\"https:\/\/adfinternational.org\/wp-content\/uploads\/2023\/04\/Kelsey-ipad-two-_2_.webp\" \/>\n\t<meta property=\"og:image:width\" content=\"2560\" \/>\n\t<meta property=\"og:image:height\" content=\"1162\" \/>\n\t<meta property=\"og:image:type\" content=\"image\/webp\" \/>\n<meta name=\"author\" content=\"Philipp Bues\" \/>\n<meta name=\"twitter:card\" content=\"summary_large_image\" \/>\n<meta name=\"twitter:creator\" content=\"@adfintl\" \/>\n<meta name=\"twitter:site\" content=\"@adfintl\" \/>\n<meta name=\"twitter:label1\" content=\"Verfasst von\" \/>\n\t<meta name=\"twitter:data1\" content=\"Philipp Bues\" \/>\n\t<meta name=\"twitter:label2\" content=\"Gesch\u00e4tzte Lesezeit\" \/>\n\t<meta name=\"twitter:data2\" content=\"3 Minuten\" \/>\n<script type=\"application\/ld+json\" class=\"yoast-schema-graph\">{\"@context\":\"https:\\\/\\\/schema.org\",\"@graph\":[{\"@type\":\"Article\",\"@id\":\"https:\\\/\\\/adfinternational.org\\\/de\\\/news\\\/eu-parlament-blasphemie-gesetze-nigeria#article\",\"isPartOf\":{\"@id\":\"https:\\\/\\\/adfinternational.org\\\/de\\\/news\\\/eu-parlament-blasphemie-gesetze-nigeria\"},\"author\":{\"name\":\"Philipp Bues\",\"@id\":\"https:\\\/\\\/adfinternational.org\\\/de\\\/#\\\/schema\\\/person\\\/6b776fc8535453c6aad8a6f9d78e6141\"},\"headline\":\"Europ\u00e4isches Parlament verurteilt nigerianische Blasphemie-Gesetze\",\"datePublished\":\"2023-04-21T04:01:01+00:00\",\"dateModified\":\"2024-07-16T09:17:11+00:00\",\"mainEntityOfPage\":{\"@id\":\"https:\\\/\\\/adfinternational.org\\\/de\\\/news\\\/eu-parlament-blasphemie-gesetze-nigeria\"},\"wordCount\":496,\"publisher\":{\"@id\":\"https:\\\/\\\/adfinternational.org\\\/de\\\/#organization\"},\"image\":{\"@id\":\"https:\\\/\\\/adfinternational.org\\\/de\\\/news\\\/eu-parlament-blasphemie-gesetze-nigeria#primaryimage\"},\"thumbnailUrl\":\"https:\\\/\\\/adfinternational.org\\\/wp-content\\\/uploads\\\/2023\\\/04\\\/Kelsey-ipad-two-_2_.webp\",\"keywords\":[\"DE\",\"News\"],\"articleSection\":[\"News\"],\"inLanguage\":\"de-DE\"},{\"@type\":\"WebPage\",\"@id\":\"https:\\\/\\\/adfinternational.org\\\/de\\\/news\\\/eu-parlament-blasphemie-gesetze-nigeria\",\"url\":\"https:\\\/\\\/adfinternational.org\\\/de\\\/news\\\/eu-parlament-blasphemie-gesetze-nigeria\",\"name\":\"Europ\u00e4isches Parlament verurteilt nigerianische Blasphemie-Gesetze - ADF International\",\"isPartOf\":{\"@id\":\"https:\\\/\\\/adfinternational.org\\\/de\\\/#website\"},\"primaryImageOfPage\":{\"@id\":\"https:\\\/\\\/adfinternational.org\\\/de\\\/news\\\/eu-parlament-blasphemie-gesetze-nigeria#primaryimage\"},\"image\":{\"@id\":\"https:\\\/\\\/adfinternational.org\\\/de\\\/news\\\/eu-parlament-blasphemie-gesetze-nigeria#primaryimage\"},\"thumbnailUrl\":\"https:\\\/\\\/adfinternational.org\\\/wp-content\\\/uploads\\\/2023\\\/04\\\/Kelsey-ipad-two-_2_.webp\",\"datePublished\":\"2023-04-21T04:01:01+00:00\",\"dateModified\":\"2024-07-16T09:17:11+00:00\",\"breadcrumb\":{\"@id\":\"https:\\\/\\\/adfinternational.org\\\/de\\\/news\\\/eu-parlament-blasphemie-gesetze-nigeria#breadcrumb\"},\"inLanguage\":\"de-DE\",\"potentialAction\":[{\"@type\":\"ReadAction\",\"target\":[\"https:\\\/\\\/adfinternational.org\\\/de\\\/news\\\/eu-parlament-blasphemie-gesetze-nigeria\"]}]},{\"@type\":\"ImageObject\",\"inLanguage\":\"de-DE\",\"@id\":\"https:\\\/\\\/adfinternational.org\\\/de\\\/news\\\/eu-parlament-blasphemie-gesetze-nigeria#primaryimage\",\"url\":\"https:\\\/\\\/adfinternational.org\\\/wp-content\\\/uploads\\\/2023\\\/04\\\/Kelsey-ipad-two-_2_.webp\",\"contentUrl\":\"https:\\\/\\\/adfinternational.org\\\/wp-content\\\/uploads\\\/2023\\\/04\\\/Kelsey-ipad-two-_2_.webp\",\"width\":2560,\"height\":1162,\"caption\":\"Kelsey with Yahaya on an iPad with a blue background\"},{\"@type\":\"BreadcrumbList\",\"@id\":\"https:\\\/\\\/adfinternational.org\\\/de\\\/news\\\/eu-parlament-blasphemie-gesetze-nigeria#breadcrumb\",\"itemListElement\":[{\"@type\":\"ListItem\",\"position\":1,\"name\":\"Home\",\"item\":\"https:\\\/\\\/adfinternational.org\\\/de\"},{\"@type\":\"ListItem\",\"position\":2,\"name\":\"Europ\u00e4isches Parlament verurteilt nigerianische Blasphemie-Gesetze\"}]},{\"@type\":\"WebSite\",\"@id\":\"https:\\\/\\\/adfinternational.org\\\/de\\\/#website\",\"url\":\"https:\\\/\\\/adfinternational.org\\\/de\\\/\",\"name\":\"ADF International\",\"description\":\"Protecting Fundamental Freedoms. Promoting Inherent Dignity.\",\"publisher\":{\"@id\":\"https:\\\/\\\/adfinternational.org\\\/de\\\/#organization\"},\"potentialAction\":[{\"@type\":\"SearchAction\",\"target\":{\"@type\":\"EntryPoint\",\"urlTemplate\":\"https:\\\/\\\/adfinternational.org\\\/de\\\/?s={search_term_string}\"},\"query-input\":{\"@type\":\"PropertyValueSpecification\",\"valueRequired\":true,\"valueName\":\"search_term_string\"}}],\"inLanguage\":\"de-DE\"},{\"@type\":\"Organization\",\"@id\":\"https:\\\/\\\/adfinternational.org\\\/de\\\/#organization\",\"name\":\"Alliance Defending Freedom International\",\"url\":\"https:\\\/\\\/adfinternational.org\\\/de\\\/\",\"logo\":{\"@type\":\"ImageObject\",\"inLanguage\":\"de-DE\",\"@id\":\"https:\\\/\\\/adfinternational.org\\\/de\\\/#\\\/schema\\\/logo\\\/image\\\/\",\"url\":\"https:\\\/\\\/adfinternational.org\\\/wp-content\\\/uploads\\\/2021\\\/08\\\/ADF_Intl_R_RGB_175px.png\",\"contentUrl\":\"https:\\\/\\\/adfinternational.org\\\/wp-content\\\/uploads\\\/2021\\\/08\\\/ADF_Intl_R_RGB_175px.png\",\"width\":175,\"height\":106,\"caption\":\"Alliance Defending Freedom International\"},\"image\":{\"@id\":\"https:\\\/\\\/adfinternational.org\\\/de\\\/#\\\/schema\\\/logo\\\/image\\\/\"},\"sameAs\":[\"https:\\\/\\\/facebook.com\\\/adfinternational\",\"https:\\\/\\\/x.com\\\/adfintl\",\"https:\\\/\\\/www.linkedin.com\\\/company\\\/adfinternational\",\"https:\\\/\\\/www.instagram.com\\\/adfinternational\\\/\"]},{\"@type\":\"Person\",\"@id\":\"https:\\\/\\\/adfinternational.org\\\/de\\\/#\\\/schema\\\/person\\\/6b776fc8535453c6aad8a6f9d78e6141\",\"name\":\"Philipp Bues\",\"image\":{\"@type\":\"ImageObject\",\"inLanguage\":\"de-DE\",\"@id\":\"https:\\\/\\\/adfinternational.org\\\/wp-content\\\/uploads\\\/2025\\\/02\\\/Philipp-Bues-Headshot-150x150.jpg\",\"url\":\"https:\\\/\\\/adfinternational.org\\\/wp-content\\\/uploads\\\/2025\\\/02\\\/Philipp-Bues-Headshot-150x150.jpg\",\"contentUrl\":\"https:\\\/\\\/adfinternational.org\\\/wp-content\\\/uploads\\\/2025\\\/02\\\/Philipp-Bues-Headshot-150x150.jpg\",\"caption\":\"Philipp Bues\"},\"url\":\"https:\\\/\\\/adfinternational.org\\\/de\\\/author\\\/pbuesadfinternational-org\"}]}<\/script>\n<!-- \/ Yoast SEO Premium plugin. -->","yoast_head_json":{"title":"Europ\u00e4isches Parlament verurteilt nigerianische Blasphemie-Gesetze - ADF International","robots":{"index":"index","follow":"follow","max-snippet":"max-snippet:-1","max-image-preview":"max-image-preview:large","max-video-preview":"max-video-preview:-1"},"canonical":"https:\/\/adfinternational.org\/de\/news\/eu-parlament-blasphemie-gesetze-nigeria","og_locale":"de_DE","og_type":"article","og_title":"Europ\u00e4isches Parlament verurteilt nigerianische Blasphemie-Gesetze","og_description":"Die Abgeordneten dr\u00e4ngen Nigeria die \u201cBlasphemie-Gesetze auf Bundes- und Landesebene abzuschaffen\u201d Das nigerianische H\u00f6chstgericht behandelt gerade den Fall von Yahaya Sharif-Aminu, einem Musiker, der wegen angeblicher Blasphemie zum Tode verurteilt wurde.","og_url":"https:\/\/adfinternational.org\/de\/news\/eu-parlament-blasphemie-gesetze-nigeria","og_site_name":"ADF International","article_publisher":"https:\/\/facebook.com\/adfinternational","article_published_time":"2023-04-21T04:01:01+00:00","article_modified_time":"2024-07-16T09:17:11+00:00","og_image":[{"width":2560,"height":1162,"url":"https:\/\/adfinternational.org\/wp-content\/uploads\/2023\/04\/Kelsey-ipad-two-_2_.webp","type":"image\/webp"}],"author":"Philipp Bues","twitter_card":"summary_large_image","twitter_creator":"@adfintl","twitter_site":"@adfintl","twitter_misc":{"Verfasst von":"Philipp Bues","Gesch\u00e4tzte Lesezeit":"3 Minuten"},"schema":{"@context":"https:\/\/schema.org","@graph":[{"@type":"Article","@id":"https:\/\/adfinternational.org\/de\/news\/eu-parlament-blasphemie-gesetze-nigeria#article","isPartOf":{"@id":"https:\/\/adfinternational.org\/de\/news\/eu-parlament-blasphemie-gesetze-nigeria"},"author":{"name":"Philipp Bues","@id":"https:\/\/adfinternational.org\/de\/#\/schema\/person\/6b776fc8535453c6aad8a6f9d78e6141"},"headline":"Europ\u00e4isches Parlament verurteilt nigerianische Blasphemie-Gesetze","datePublished":"2023-04-21T04:01:01+00:00","dateModified":"2024-07-16T09:17:11+00:00","mainEntityOfPage":{"@id":"https:\/\/adfinternational.org\/de\/news\/eu-parlament-blasphemie-gesetze-nigeria"},"wordCount":496,"publisher":{"@id":"https:\/\/adfinternational.org\/de\/#organization"},"image":{"@id":"https:\/\/adfinternational.org\/de\/news\/eu-parlament-blasphemie-gesetze-nigeria#primaryimage"},"thumbnailUrl":"https:\/\/adfinternational.org\/wp-content\/uploads\/2023\/04\/Kelsey-ipad-two-_2_.webp","keywords":["DE","News"],"articleSection":["News"],"inLanguage":"de-DE"},{"@type":"WebPage","@id":"https:\/\/adfinternational.org\/de\/news\/eu-parlament-blasphemie-gesetze-nigeria","url":"https:\/\/adfinternational.org\/de\/news\/eu-parlament-blasphemie-gesetze-nigeria","name":"Europ\u00e4isches Parlament verurteilt nigerianische Blasphemie-Gesetze - ADF International","isPartOf":{"@id":"https:\/\/adfinternational.org\/de\/#website"},"primaryImageOfPage":{"@id":"https:\/\/adfinternational.org\/de\/news\/eu-parlament-blasphemie-gesetze-nigeria#primaryimage"},"image":{"@id":"https:\/\/adfinternational.org\/de\/news\/eu-parlament-blasphemie-gesetze-nigeria#primaryimage"},"thumbnailUrl":"https:\/\/adfinternational.org\/wp-content\/uploads\/2023\/04\/Kelsey-ipad-two-_2_.webp","datePublished":"2023-04-21T04:01:01+00:00","dateModified":"2024-07-16T09:17:11+00:00","breadcrumb":{"@id":"https:\/\/adfinternational.org\/de\/news\/eu-parlament-blasphemie-gesetze-nigeria#breadcrumb"},"inLanguage":"de-DE","potentialAction":[{"@type":"ReadAction","target":["https:\/\/adfinternational.org\/de\/news\/eu-parlament-blasphemie-gesetze-nigeria"]}]},{"@type":"ImageObject","inLanguage":"de-DE","@id":"https:\/\/adfinternational.org\/de\/news\/eu-parlament-blasphemie-gesetze-nigeria#primaryimage","url":"https:\/\/adfinternational.org\/wp-content\/uploads\/2023\/04\/Kelsey-ipad-two-_2_.webp","contentUrl":"https:\/\/adfinternational.org\/wp-content\/uploads\/2023\/04\/Kelsey-ipad-two-_2_.webp","width":2560,"height":1162,"caption":"Kelsey with Yahaya on an iPad with a blue background"},{"@type":"BreadcrumbList","@id":"https:\/\/adfinternational.org\/de\/news\/eu-parlament-blasphemie-gesetze-nigeria#breadcrumb","itemListElement":[{"@type":"ListItem","position":1,"name":"Home","item":"https:\/\/adfinternational.org\/de"},{"@type":"ListItem","position":2,"name":"Europ\u00e4isches Parlament verurteilt nigerianische Blasphemie-Gesetze"}]},{"@type":"WebSite","@id":"https:\/\/adfinternational.org\/de\/#website","url":"https:\/\/adfinternational.org\/de\/","name":"ADF International","description":"Protecting Fundamental Freedoms. Promoting Inherent Dignity.","publisher":{"@id":"https:\/\/adfinternational.org\/de\/#organization"},"potentialAction":[{"@type":"SearchAction","target":{"@type":"EntryPoint","urlTemplate":"https:\/\/adfinternational.org\/de\/?s={search_term_string}"},"query-input":{"@type":"PropertyValueSpecification","valueRequired":true,"valueName":"search_term_string"}}],"inLanguage":"de-DE"},{"@type":"Organization","@id":"https:\/\/adfinternational.org\/de\/#organization","name":"Alliance Defending Freedom International","url":"https:\/\/adfinternational.org\/de\/","logo":{"@type":"ImageObject","inLanguage":"de-DE","@id":"https:\/\/adfinternational.org\/de\/#\/schema\/logo\/image\/","url":"https:\/\/adfinternational.org\/wp-content\/uploads\/2021\/08\/ADF_Intl_R_RGB_175px.png","contentUrl":"https:\/\/adfinternational.org\/wp-content\/uploads\/2021\/08\/ADF_Intl_R_RGB_175px.png","width":175,"height":106,"caption":"Alliance Defending Freedom International"},"image":{"@id":"https:\/\/adfinternational.org\/de\/#\/schema\/logo\/image\/"},"sameAs":["https:\/\/facebook.com\/adfinternational","https:\/\/x.com\/adfintl","https:\/\/www.linkedin.com\/company\/adfinternational","https:\/\/www.instagram.com\/adfinternational\/"]},{"@type":"Person","@id":"https:\/\/adfinternational.org\/de\/#\/schema\/person\/6b776fc8535453c6aad8a6f9d78e6141","name":"Philipp Bues","image":{"@type":"ImageObject","inLanguage":"de-DE","@id":"https:\/\/adfinternational.org\/wp-content\/uploads\/2025\/02\/Philipp-Bues-Headshot-150x150.jpg","url":"https:\/\/adfinternational.org\/wp-content\/uploads\/2025\/02\/Philipp-Bues-Headshot-150x150.jpg","contentUrl":"https:\/\/adfinternational.org\/wp-content\/uploads\/2025\/02\/Philipp-Bues-Headshot-150x150.jpg","caption":"Philipp Bues"},"url":"https:\/\/adfinternational.org\/de\/author\/pbuesadfinternational-org"}]}},"_links":{"self":[{"href":"https:\/\/adfinternational.org\/de\/wp-json\/wp\/v2\/posts\/16756","targetHints":{"allow":["GET"]}}],"collection":[{"href":"https:\/\/adfinternational.org\/de\/wp-json\/wp\/v2\/posts"}],"about":[{"href":"https:\/\/adfinternational.org\/de\/wp-json\/wp\/v2\/types\/post"}],"author":[{"embeddable":true,"href":"https:\/\/adfinternational.org\/de\/wp-json\/wp\/v2\/users\/44"}],"replies":[{"embeddable":true,"href":"https:\/\/adfinternational.org\/de\/wp-json\/wp\/v2\/comments?post=16756"}],"version-history":[{"count":0,"href":"https:\/\/adfinternational.org\/de\/wp-json\/wp\/v2\/posts\/16756\/revisions"}],"wp:featuredmedia":[{"embeddable":true,"href":"https:\/\/adfinternational.org\/de\/wp-json\/wp\/v2\/media\/16617"}],"wp:attachment":[{"href":"https:\/\/adfinternational.org\/de\/wp-json\/wp\/v2\/media?parent=16756"}],"wp:term":[{"taxonomy":"category","embeddable":true,"href":"https:\/\/adfinternational.org\/de\/wp-json\/wp\/v2\/categories?post=16756"},{"taxonomy":"post_tag","embeddable":true,"href":"https:\/\/adfinternational.org\/de\/wp-json\/wp\/v2\/tags?post=16756"}],"curies":[{"name":"wp","href":"https:\/\/api.w.org\/{rel}","templated":true}]}}