{"id":20379,"date":"2023-11-13T08:15:48","date_gmt":"2023-11-13T07:15:48","guid":{"rendered":"https:\/\/newadfinterstg.wpenginepowered.com\/?p=19390"},"modified":"2024-07-17T11:21:59","modified_gmt":"2024-07-17T10:21:59","slug":"aviso-urteil-wegen-anklage-gegen-finnische-spitzenpolitikerin-fuer-bibel-tweet-morgen-14-november-erwartet","status":"publish","type":"post","link":"https:\/\/adfinternational.org\/de\/news\/aviso-urteil-wegen-anklage-gegen-finnische-spitzenpolitikerin-fuer-bibel-tweet-morgen-14-november-erwartet","title":{"rendered":"Aviso: Urteil wegen Anklage gegen finnische Spitzenpolitikerin f\u00fcr Bibel-Tweet morgen (14. November) erwartet\u00a0"},"content":{"rendered":"\t\t<div data-elementor-type=\"wp-post\" data-elementor-id=\"20379\" class=\"elementor elementor-20379\" data-elementor-post-type=\"post\">\n\t\t\t\t\t\t<section class=\"elementor-section elementor-top-section elementor-element elementor-element-f97fc06 elementor-section-boxed elementor-section-height-default elementor-section-height-default\" data-id=\"f97fc06\" data-element_type=\"section\" data-e-type=\"section\">\n\t\t\t\t\t\t<div class=\"elementor-container elementor-column-gap-default\">\n\t\t\t\t\t<div class=\"elementor-column elementor-col-100 elementor-top-column elementor-element elementor-element-aa4981c\" data-id=\"aa4981c\" data-element_type=\"column\" data-e-type=\"column\">\n\t\t\t<div class=\"elementor-widget-wrap elementor-element-populated\">\n\t\t\t\t\t\t<div class=\"elementor-element elementor-element-f1ebefc elementor-widget elementor-widget-text-editor\" data-id=\"f1ebefc\" data-element_type=\"widget\" data-e-type=\"widget\" data-widget_type=\"text-editor.default\">\n\t\t\t\t<div class=\"elementor-widget-container\">\n\t\t\t\t\t\t\t\t\t<ul><li><strong>Prozess gegen Parlamentarierin P\u00e4ivi R\u00e4s\u00e4nen und Bischof Juhana Pohjola hatte weltweit Aufsehen erregt. <\/strong><\/li><li><strong>R\u00e4s\u00e4nen, ihr Anwaltsteam und der Bischof stehen nach dem Urteil auf einer <a href=\"https:\/\/events.teams.microsoft.com\/event\/a321a26c-bd5d-4250-ad37-fa32a8d4f876@c88562dc-cf95-4155-b379-dd3ef818d3ff\">von ADF International veranstalteten Pressekonferenz<\/a> am 14. November um 15:30 Uhr MEZ zur Verf\u00fcgung.\u00a0<\/strong><\/li><\/ul>\t\t\t\t\t\t\t\t<\/div>\n\t\t\t\t<\/div>\n\t\t\t\t<div class=\"elementor-element elementor-element-5649229 elementor-widget elementor-widget-text-editor\" data-id=\"5649229\" data-element_type=\"widget\" data-e-type=\"widget\" data-widget_type=\"text-editor.default\">\n\t\t\t\t<div class=\"elementor-widget-container\">\n\t\t\t\t\t\t\t\t\t<p><b><span data-contrast=\"none\">HELSINKI <\/span><\/b><span data-contrast=\"none\">(13. November 2023) \u2013 Das Berufungsgericht Helsinki urteilt morgen, dem 14. November 2023, im Fall gegen P\u00e4ivi R\u00e4s\u00e4nen und Bischof Juhana Pohjola. Beide standen wegen ihrer christlich gepr\u00e4gten Aussagen zu Ehe und Sexualit\u00e4t Ende August und Anfang September vor Gericht. Die Staatsanwaltschaft wirft ihnen \u201eHassrede\u201c vor. Die Gerichtsverhandlung im August fand vor dem Berufungsgericht statt, nachdem die Staatsanwaltschaft in Berufung ging als R\u00e4s\u00e4nen im M\u00e4rz 2022 vom Bezirksgericht einstimmig freigesprochen wurde.\u00a0<\/span><span data-ccp-props=\"{&quot;134233117&quot;:false,&quot;134233118&quot;:false,&quot;201341983&quot;:0,&quot;335559738&quot;:0,&quot;335559739&quot;:0,&quot;335559740&quot;:240}\">\u00a0<\/span><\/p><p><span data-contrast=\"none\">R\u00e4s\u00e4nen, finnische Parlamentarierin und ehemalige Innenministerin, hatte ihre \u00dcberzeugungen zu Ehe und Sexualethik 2019 in einem <\/span><a href=\"https:\/\/twitter.com\/PaiviRasanen\/status\/1140693636176384011\"><span data-contrast=\"none\">Tweet<\/span><\/a><span data-contrast=\"none\"> und einer Radiodiskussion sowie einem kirchlichen B\u00fcchlein von 2004 ge\u00e4u\u00dfert. Bischof Pohjola ist wegen der Ver\u00f6ffentlichung von R\u00e4s\u00e4nens B\u00fcchlein angeklagt. Der Fall erregte weltweite Aufmerksamkeit. Menschenrechtsexperten brachten ihre Besorgnis \u00fcber die Lage der Meinungsfreiheit in Finnland und Europa zum Ausdruck.<\/span><span data-ccp-props=\"{&quot;134233117&quot;:false,&quot;134233118&quot;:false,&quot;201341983&quot;:0,&quot;335559738&quot;:0,&quot;335559739&quot;:0,&quot;335559740&quot;:240}\">\u00a0<\/span><\/p><p><span data-contrast=\"none\">&#8222;In einer freien Gesellschaft sollte es jedem erlaubt sein, seine \u00dcberzeugungen friedlich und ohne Angst vor Strafverfolgung zu teilen. Das ist die Grundlage einer freien und demokratischen Gesellschaft. Wir hoffen, dass das Berufungsgericht in Helsinki diese Grundfreiheit aufrechterhalten wird, indem es den Freispruch von R\u00e4s\u00e4nen durch das Bezirksgericht im vergangenen Jahr best\u00e4tigt. Die Kriminalisierung von \u00c4u\u00dferungen durch so genannte &#8218;Hassreden&#8216;-Gesetze unterdr\u00fcckt wichtige \u00f6ffentliche Debatten und stellt eine ernste Bedrohung f\u00fcr unsere Demokratien dar&#8220;, sagte Paul Coleman, Gesch\u00e4ftsf\u00fchrer von ADF International, der Teil von R\u00e4s\u00e4nens Verteidigungsteam ist.\u00a0<\/span><span data-ccp-props=\"{&quot;134233117&quot;:false,&quot;134233118&quot;:false,&quot;201341983&quot;:0,&quot;335559738&quot;:0,&quot;335559739&quot;:0,&quot;335559740&quot;:240}\">\u00a0<\/span><\/p><p><b><span data-contrast=\"none\">Pressekonferenz\u00a0<\/span><\/b><span data-ccp-props=\"{&quot;134233117&quot;:false,&quot;134233118&quot;:false,&quot;201341983&quot;:0,&quot;335559738&quot;:0,&quot;335559739&quot;:0,&quot;335559740&quot;:240}\">\u00a0<\/span><\/p><p><span data-contrast=\"none\">ADF International h\u00e4lt am Dienstag, den 14. November um 15:30 Uhr MEZ eine Pressekonferenz ab. Dr. P\u00e4ivi R\u00e4s\u00e4nen, Bischof Juhana Pohjola und Paul Coleman, Gesch\u00e4ftsf\u00fchrer von ADF International, stehen nach Statements f\u00fcr Fragen zur Verf\u00fcgung. Bitte registrieren Sie sich \u00fcber den folgenden Link: <\/span><a href=\"https:\/\/events.teams.microsoft.com\/event\/a321a26c-bd5d-4250-ad37-fa32a8d4f876@c88562dc-cf95-4155-b379-dd3ef818d3ff\"><span data-contrast=\"none\">https:\/\/events.teams.microsoft.com\/event\/a321a26c-bd5d-4250-ad37-fa32a8d4f876@c88562dc-cf95-4155-b379-dd3ef818d3ff<\/span><\/a><span data-ccp-props=\"{&quot;134233117&quot;:false,&quot;134233118&quot;:false,&quot;201341983&quot;:0,&quot;335559738&quot;:0,&quot;335559739&quot;:0,&quot;335559740&quot;:240}\">\u00a0<\/span><\/p><p><span data-contrast=\"none\">Im Aufsehenerregenden Prozess griff die Staatsanw\u00e4ltin zentrale christliche Inhalte an. Au\u00dferdem verh\u00f6rte sie R\u00e4s\u00e4nen und den Bischof zu theologischen Fragestellungen und ihrem pers\u00f6nlichen Glauben. In ihrem er\u00f6ffnenden Statement meinte die finnische Staatsanw\u00e4ltin Anu Mantila, dass \u201eman die Bibel zitieren kann, aber R\u00e4s\u00e4nens Interpretation und Meinung dazu kriminell\u201c seien.<\/span><span data-ccp-props=\"{&quot;134233117&quot;:false,&quot;134233118&quot;:false,&quot;201341983&quot;:0,&quot;335559738&quot;:0,&quot;335559739&quot;:0,&quot;335559740&quot;:240}\">\u00a0<\/span><\/p><p><b><span data-contrast=\"none\">\u201eW\u00fcrde sie ihren Glauben widerrufen?\u201c\u00a0<\/span><\/b><span data-ccp-props=\"{&quot;134233117&quot;:false,&quot;134233118&quot;:false,&quot;201341983&quot;:0,&quot;335559738&quot;:0,&quot;335559739&quot;:0,&quot;335559740&quot;:240}\">\u00a0<\/span><\/p><p><span data-contrast=\"none\">Im Kreuzverh\u00f6r fragte die Staatsanwaltschaft mehrmals, ob R\u00e4s\u00e4nen ihre Aussagen im B\u00fcchlein mit dem Titel \u201eAls Mann und Frau schuf er sie\u201c widerrufen w\u00fcrde.\u00a0<\/span><span data-ccp-props=\"{&quot;134233117&quot;:false,&quot;134233118&quot;:false,&quot;201341983&quot;:0,&quot;335559738&quot;:0,&quot;335559739&quot;:0,&quot;335559740&quot;:240}\">\u00a0<\/span><\/p><p><span data-contrast=\"none\">\u201eIm Kern des Verh\u00f6rs stand die Frage: W\u00fcrde sie ihren Glauben widerrufen? Die Antwort war nein \u2013 sie wollte ihren Glauben nicht verleugnen. Das Kreuzverh\u00f6r erinnerte stark an eine Untersuchung wegen H\u00e4resie; sie hatte offenbar gegen die neuen Dogmen des Zeitgeistes versto\u00dfen,\u201c meinte Coleman, Autor des Buches \u201eZensiert: Wie europ\u00e4ische \u201eHassrede\u201c &#8211; Gesetze die Meinungsfreiheit bedrohen\u201c.\u00a0<\/span><span data-ccp-props=\"{&quot;134233117&quot;:false,&quot;134233118&quot;:false,&quot;201341983&quot;:0,&quot;335559738&quot;:0,&quot;335559739&quot;:0,&quot;335559740&quot;:240}\">\u00a0<\/span><\/p><p><span data-contrast=\"none\">Hintergrund und Motivation von R\u00e4s\u00e4nens Aussagen waren f\u00fcr die Staatsanw\u00e4ltin irrelevant: \u201eDer Punkt ist nicht, ob es wahr ist oder nicht, sondern, dass es beleidigend ist.\u201c R\u00e4s\u00e4nen h\u00e4tte wissen m\u00fcssen, \u2013 so die Staatsanw\u00e4ltin \u2013 dass ihre Worte gegen\u00fcber gewissen Menschen beleidigend sein k\u00f6nnten. Deswegen h\u00e4tte sie von den Aussagen absehen m\u00fcssen.\u00a0<\/span><span data-ccp-props=\"{&quot;134233117&quot;:false,&quot;134233118&quot;:false,&quot;201341983&quot;:0,&quot;335559738&quot;:0,&quot;335559739&quot;:0,&quot;335559740&quot;:240}\">\u00a0<\/span><\/p><p><b><span data-contrast=\"none\">Anklage f\u00fcr einen Tweet<\/span><\/b><span data-ccp-props=\"{&quot;134233117&quot;:true,&quot;134233118&quot;:false,&quot;201341983&quot;:0,&quot;335559739&quot;:0,&quot;335559740&quot;:240}\">\u00a0<\/span><\/p><p><span data-contrast=\"none\">Im Juni 2019 begann die Polizei gegen R\u00e4s\u00e4nen zu ermitteln. Als aktives Mitglied der Evangelisch\u2014Lutherischen Kirche Finnlands wandte sie sich \u00fcber Twitter an die Kirchenleitung und hinterfragte in einem Tweet die offizielle Unterst\u00fctzung des LGBT Events \u201aPride 2019\u2018 durch die Kirche. Dazu postete sie ein Bild mit Versen aus dem neutestamentlichen R\u00f6merbrief. Dem Tweet folgten Ermittlungen, die sich bis auf das B\u00fcchlein erstreckten, die R\u00e4s\u00e4nen vor fast 20 Jahren geschrieben hatte.<\/span><span data-ccp-props=\"{&quot;134233117&quot;:true,&quot;134233118&quot;:false,&quot;201341983&quot;:0,&quot;335559739&quot;:0,&quot;335559740&quot;:240}\">\u00a0<\/span><\/p><p><span data-contrast=\"none\">R\u00e4s\u00e4nen wurde \u00fcber mehrere Monate hinweg insgesamt 13 Stunden von der Polizei verh\u00f6rt. Im April 2021 erhob die finnische Generalstaatsanw\u00e4ltin eine Anklage mit drei separaten Anklagepunkten gegen R\u00e4s\u00e4nen. In zwei der drei Anklagepunkte hatte die Polizei zuvor empfohlen die Strafverfolgung nicht fortzusetzen. R\u00e4s\u00e4nens Aussagen hatten weder die Richtlinien von Twitter noch die des Radiosenders verletzt und blieben deswegen auf diesen Plattformen zug\u00e4nglich.<\/span><span data-ccp-props=\"{&quot;134233117&quot;:true,&quot;134233118&quot;:false,&quot;201341983&quot;:0,&quot;335559739&quot;:0,&quot;335559740&quot;:240}\">\u00a0<\/span><\/p><p><span data-contrast=\"none\">R\u00e4s\u00e4nen ist seit 1995 Abgeordnete des finnischen Parlaments. Von 2004 bis 2015 war sie die Parteivorsitzende der finnischen Christdemokraten und zwischen 2011 und 2015 Innenministerin Finnlands. In dieser Zeit war sie unter anderem f\u00fcr Kirchenangelegenheiten zust\u00e4ndig.<\/span><span data-ccp-props=\"{&quot;134233117&quot;:true,&quot;134233118&quot;:false,&quot;201341983&quot;:0,&quot;335559739&quot;:0,&quot;335559740&quot;:240}\">\u00a0<\/span><\/p>\t\t\t\t\t\t\t\t<\/div>\n\t\t\t\t<\/div>\n\t\t\t\t\t<\/div>\n\t\t<\/div>\n\t\t\t\t\t<\/div>\n\t\t<\/section>\n\t\t\t\t<section class=\"elementor-section elementor-top-section elementor-element elementor-element-94fa0c0 elementor-section-boxed elementor-section-height-default elementor-section-height-default\" data-id=\"94fa0c0\" data-element_type=\"section\" data-e-type=\"section\">\n\t\t\t\t\t\t<div class=\"elementor-container elementor-column-gap-default\">\n\t\t\t\t\t<div class=\"elementor-column elementor-col-25 elementor-top-column elementor-element elementor-element-1cf3504\" data-id=\"1cf3504\" data-element_type=\"column\" data-e-type=\"column\">\n\t\t\t<div class=\"elementor-widget-wrap elementor-element-populated\">\n\t\t\t\t\t\t<div class=\"elementor-element elementor-element-0ac5d30 elementor-widget elementor-widget-image\" data-id=\"0ac5d30\" data-element_type=\"widget\" data-e-type=\"widget\" data-widget_type=\"image.default\">\n\t\t\t\t<div class=\"elementor-widget-container\">\n\t\t\t\t\t\t\t\t\t\t\t\t\t\t\t<img fetchpriority=\"high\" decoding=\"async\" width=\"500\" height=\"500\" src=\"https:\/\/adfinternational.org\/wp-content\/uploads\/2023\/11\/Paul-Coleman-Paivi-Rasanen-500x500.jpeg\" class=\"attachment-Image Size 500x500 size-Image Size 500x500 wp-image-20418\" alt=\"\" srcset=\"https:\/\/adfinternational.org\/wp-content\/uploads\/2023\/11\/Paul-Coleman-Paivi-Rasanen-500x500.jpeg 500w, https:\/\/adfinternational.org\/wp-content\/uploads\/2023\/11\/Paul-Coleman-Paivi-Rasanen-150x150.jpeg 150w\" sizes=\"(max-width: 500px) 100vw, 500px\" \/>\t\t\t\t\t\t\t\t\t\t\t\t\t\t\t<\/div>\n\t\t\t\t<\/div>\n\t\t\t\t\t<\/div>\n\t\t<\/div>\n\t\t\t\t<div class=\"elementor-column elementor-col-25 elementor-top-column elementor-element elementor-element-906491c\" data-id=\"906491c\" data-element_type=\"column\" data-e-type=\"column\">\n\t\t\t<div class=\"elementor-widget-wrap elementor-element-populated\">\n\t\t\t\t\t\t<div class=\"elementor-element elementor-element-cdc6212 elementor-widget elementor-widget-image\" data-id=\"cdc6212\" data-element_type=\"widget\" data-e-type=\"widget\" data-widget_type=\"image.default\">\n\t\t\t\t<div class=\"elementor-widget-container\">\n\t\t\t\t\t\t\t\t\t\t\t\t\t\t\t<img decoding=\"async\" width=\"500\" height=\"500\" src=\"https:\/\/adfinternational.org\/wp-content\/uploads\/2023\/11\/20230831_052624159_iOS-scaled-1-500x500.jpg\" class=\"attachment-Image Size 500x500 size-Image Size 500x500 wp-image-20415\" alt=\"\" srcset=\"https:\/\/adfinternational.org\/wp-content\/uploads\/2023\/11\/20230831_052624159_iOS-scaled-1-500x500.jpg 500w, https:\/\/adfinternational.org\/wp-content\/uploads\/2023\/11\/20230831_052624159_iOS-scaled-1-150x150.jpg 150w\" sizes=\"(max-width: 500px) 100vw, 500px\" \/>\t\t\t\t\t\t\t\t\t\t\t\t\t\t\t<\/div>\n\t\t\t\t<\/div>\n\t\t\t\t\t<\/div>\n\t\t<\/div>\n\t\t\t\t<div class=\"elementor-column elementor-col-25 elementor-top-column elementor-element elementor-element-aa96be7\" data-id=\"aa96be7\" data-element_type=\"column\" data-e-type=\"column\">\n\t\t\t<div class=\"elementor-widget-wrap elementor-element-populated\">\n\t\t\t\t\t\t<div class=\"elementor-element elementor-element-17918c5 elementor-widget elementor-widget-image\" data-id=\"17918c5\" data-element_type=\"widget\" data-e-type=\"widget\" data-widget_type=\"image.default\">\n\t\t\t\t<div class=\"elementor-widget-container\">\n\t\t\t\t\t\t\t\t\t\t\t\t\t\t\t<img decoding=\"async\" width=\"500\" height=\"500\" src=\"https:\/\/adfinternational.org\/wp-content\/uploads\/2023\/11\/4eea4300-3f82-4f1b-beb6-8d3bce921ec6-500x500.jpeg\" class=\"attachment-Image Size 500x500 size-Image Size 500x500 wp-image-20421\" alt=\"\" srcset=\"https:\/\/adfinternational.org\/wp-content\/uploads\/2023\/11\/4eea4300-3f82-4f1b-beb6-8d3bce921ec6-500x500.jpeg 500w, https:\/\/adfinternational.org\/wp-content\/uploads\/2023\/11\/4eea4300-3f82-4f1b-beb6-8d3bce921ec6-150x150.jpeg 150w\" sizes=\"(max-width: 500px) 100vw, 500px\" \/>\t\t\t\t\t\t\t\t\t\t\t\t\t\t\t<\/div>\n\t\t\t\t<\/div>\n\t\t\t\t\t<\/div>\n\t\t<\/div>\n\t\t\t\t<div class=\"elementor-column elementor-col-25 elementor-top-column elementor-element elementor-element-be05483\" data-id=\"be05483\" data-element_type=\"column\" data-e-type=\"column\">\n\t\t\t<div class=\"elementor-widget-wrap elementor-element-populated\">\n\t\t\t\t\t\t<div class=\"elementor-element elementor-element-a5f1dec elementor-widget elementor-widget-image\" data-id=\"a5f1dec\" data-element_type=\"widget\" data-e-type=\"widget\" data-widget_type=\"image.default\">\n\t\t\t\t<div class=\"elementor-widget-container\">\n\t\t\t\t\t\t\t\t\t\t\t\t\t\t\t<img loading=\"lazy\" decoding=\"async\" width=\"500\" height=\"500\" src=\"https:\/\/adfinternational.org\/wp-content\/uploads\/2023\/11\/Paivi-on-Trial-1-scaled-1-500x500.jpeg\" class=\"attachment-Image Size 500x500 size-Image Size 500x500 wp-image-20424\" alt=\"\" srcset=\"https:\/\/adfinternational.org\/wp-content\/uploads\/2023\/11\/Paivi-on-Trial-1-scaled-1-500x500.jpeg 500w, https:\/\/adfinternational.org\/wp-content\/uploads\/2023\/11\/Paivi-on-Trial-1-scaled-1-150x150.jpeg 150w\" sizes=\"(max-width: 500px) 100vw, 500px\" \/>\t\t\t\t\t\t\t\t\t\t\t\t\t\t\t<\/div>\n\t\t\t\t<\/div>\n\t\t\t\t\t<\/div>\n\t\t<\/div>\n\t\t\t\t\t<\/div>\n\t\t<\/section>\n\t\t\t\t<section class=\"elementor-section elementor-top-section elementor-element elementor-element-fbc03bb elementor-section-boxed elementor-section-height-default elementor-section-height-default\" data-id=\"fbc03bb\" data-element_type=\"section\" data-e-type=\"section\">\n\t\t\t\t\t\t<div class=\"elementor-container elementor-column-gap-default\">\n\t\t\t\t\t<div class=\"elementor-column elementor-col-25 elementor-top-column elementor-element elementor-element-2ef78ad\" data-id=\"2ef78ad\" data-element_type=\"column\" data-e-type=\"column\">\n\t\t\t<div class=\"elementor-widget-wrap elementor-element-populated\">\n\t\t\t\t\t\t<div class=\"elementor-element elementor-element-124a863 elementor-widget elementor-widget-image\" data-id=\"124a863\" data-element_type=\"widget\" data-e-type=\"widget\" data-widget_type=\"image.default\">\n\t\t\t\t<div class=\"elementor-widget-container\">\n\t\t\t\t\t\t\t\t\t\t\t\t\t\t\t<img loading=\"lazy\" decoding=\"async\" width=\"500\" height=\"500\" src=\"https:\/\/adfinternational.org\/wp-content\/uploads\/2023\/11\/generational-wins-500x500.jpg\" class=\"attachment-Image Size 500x500 size-Image Size 500x500 wp-image-20427\" alt=\"\" srcset=\"https:\/\/adfinternational.org\/wp-content\/uploads\/2023\/11\/generational-wins-500x500.jpg 500w, https:\/\/adfinternational.org\/wp-content\/uploads\/2023\/11\/generational-wins-150x150.jpg 150w\" sizes=\"(max-width: 500px) 100vw, 500px\" \/>\t\t\t\t\t\t\t\t\t\t\t\t\t\t\t<\/div>\n\t\t\t\t<\/div>\n\t\t\t\t\t<\/div>\n\t\t<\/div>\n\t\t\t\t<div class=\"elementor-column elementor-col-25 elementor-top-column elementor-element elementor-element-92f5a36\" data-id=\"92f5a36\" data-element_type=\"column\" data-e-type=\"column\">\n\t\t\t<div class=\"elementor-widget-wrap elementor-element-populated\">\n\t\t\t\t\t\t<div class=\"elementor-element elementor-element-600461e elementor-widget elementor-widget-image\" data-id=\"600461e\" data-element_type=\"widget\" data-e-type=\"widget\" data-widget_type=\"image.default\">\n\t\t\t\t<div class=\"elementor-widget-container\">\n\t\t\t\t\t\t\t\t\t\t\t\t\t\t\t<img loading=\"lazy\" decoding=\"async\" width=\"500\" height=\"500\" src=\"https:\/\/adfinternational.org\/wp-content\/uploads\/2023\/11\/paivi-standing-1.webp\" class=\"attachment-Image Size 500x500 size-Image Size 500x500 wp-image-20430\" alt=\"\" srcset=\"https:\/\/adfinternational.org\/wp-content\/uploads\/2023\/11\/paivi-standing-1.webp 500w, https:\/\/adfinternational.org\/wp-content\/uploads\/2023\/11\/paivi-standing-1-300x300.webp 300w, https:\/\/adfinternational.org\/wp-content\/uploads\/2023\/11\/paivi-standing-1-150x150.webp 150w\" sizes=\"(max-width: 500px) 100vw, 500px\" \/>\t\t\t\t\t\t\t\t\t\t\t\t\t\t\t<\/div>\n\t\t\t\t<\/div>\n\t\t\t\t\t<\/div>\n\t\t<\/div>\n\t\t\t\t<div class=\"elementor-column elementor-col-25 elementor-top-column elementor-element elementor-element-982d4de\" data-id=\"982d4de\" data-element_type=\"column\" data-e-type=\"column\">\n\t\t\t<div class=\"elementor-widget-wrap elementor-element-populated\">\n\t\t\t\t\t\t<div class=\"elementor-element elementor-element-a800ea9 elementor-widget elementor-widget-image\" data-id=\"a800ea9\" data-element_type=\"widget\" data-e-type=\"widget\" data-widget_type=\"image.default\">\n\t\t\t\t<div class=\"elementor-widget-container\">\n\t\t\t\t\t\t\t\t\t\t\t\t\t\t\t<img loading=\"lazy\" decoding=\"async\" width=\"500\" height=\"500\" src=\"https:\/\/adfinternational.org\/wp-content\/uploads\/2023\/11\/Paivi-4-500x500.jpg\" class=\"attachment-Image Size 500x500 size-Image Size 500x500 wp-image-20433\" alt=\"\" srcset=\"https:\/\/adfinternational.org\/wp-content\/uploads\/2023\/11\/Paivi-4-500x500.jpg 500w, https:\/\/adfinternational.org\/wp-content\/uploads\/2023\/11\/Paivi-4-150x150.jpg 150w\" sizes=\"(max-width: 500px) 100vw, 500px\" \/>\t\t\t\t\t\t\t\t\t\t\t\t\t\t\t<\/div>\n\t\t\t\t<\/div>\n\t\t\t\t\t<\/div>\n\t\t<\/div>\n\t\t\t\t<div class=\"elementor-column elementor-col-25 elementor-top-column elementor-element elementor-element-5afc8c7\" data-id=\"5afc8c7\" data-element_type=\"column\" data-e-type=\"column\">\n\t\t\t<div class=\"elementor-widget-wrap elementor-element-populated\">\n\t\t\t\t\t\t<div class=\"elementor-element elementor-element-ed8d221 elementor-widget elementor-widget-image\" data-id=\"ed8d221\" data-element_type=\"widget\" data-e-type=\"widget\" data-widget_type=\"image.default\">\n\t\t\t\t<div class=\"elementor-widget-container\">\n\t\t\t\t\t\t\t\t\t\t\t\t\t\t\t<img loading=\"lazy\" decoding=\"async\" width=\"500\" height=\"500\" src=\"https:\/\/adfinternational.org\/wp-content\/uploads\/2023\/11\/MicrosoftTeams-image-4-500x500.jpg\" class=\"attachment-Image Size 500x500 size-Image Size 500x500 wp-image-20436\" alt=\"\" srcset=\"https:\/\/adfinternational.org\/wp-content\/uploads\/2023\/11\/MicrosoftTeams-image-4-500x500.jpg 500w, https:\/\/adfinternational.org\/wp-content\/uploads\/2023\/11\/MicrosoftTeams-image-4-300x300.jpg 300w, https:\/\/adfinternational.org\/wp-content\/uploads\/2023\/11\/MicrosoftTeams-image-4-150x150.jpg 150w\" sizes=\"(max-width: 500px) 100vw, 500px\" \/>\t\t\t\t\t\t\t\t\t\t\t\t\t\t\t<\/div>\n\t\t\t\t<\/div>\n\t\t\t\t\t<\/div>\n\t\t<\/div>\n\t\t\t\t\t<\/div>\n\t\t<\/section>\n\t\t\t\t<\/div>\n\t\t","protected":false},"excerpt":{"rendered":"<p>Die Verhandlung gegen P\u00e4ivi R\u00e4s\u00e4nen vor dem Berufungsgericht in Helsinki ist beendet.<\/p>\n","protected":false},"author":5,"featured_media":20415,"comment_status":"closed","ping_status":"closed","sticky":false,"template":"","format":"standard","meta":{"_acf_changed":true,"give_campaign_id":0,"footnotes":""},"categories":[434],"tags":[637,949,421,588],"class_list":["post-20379","post","type-post","status-publish","format-standard","has-post-thumbnail","hentry","category-news","tag-coleman","tag-de","tag-news","tag-raesaenen"],"acf":[],"yoast_head":"<!-- This site is optimized with the Yoast SEO Premium plugin v27.4 (Yoast SEO v27.4) - https:\/\/yoast.com\/product\/yoast-seo-premium-wordpress\/ -->\n<title>Aviso: Urteil wegen Anklage gegen finnische Spitzenpolitikerin f\u00fcr Bibel-Tweet morgen (14. November) erwartet\u00a0 - ADF International<\/title>\n<meta name=\"description\" content=\"Die Verhandlung gegen P\u00e4ivi R\u00e4s\u00e4nen vor dem Berufungsgericht in Helsinki ist beendet.\" \/>\n<meta name=\"robots\" content=\"index, follow, max-snippet:-1, max-image-preview:large, max-video-preview:-1\" \/>\n<link rel=\"canonical\" href=\"https:\/\/adfinternational.org\/de\/news\/aviso-urteil-wegen-anklage-gegen-finnische-spitzenpolitikerin-fuer-bibel-tweet-morgen-14-november-erwartet\" \/>\n<meta property=\"og:locale\" content=\"de_DE\" \/>\n<meta property=\"og:type\" content=\"article\" \/>\n<meta property=\"og:title\" content=\"Aviso: Urteil wegen Anklage gegen finnische Spitzenpolitikerin f\u00fcr Bibel-Tweet morgen (14. November) erwartet\u00a0\" \/>\n<meta property=\"og:description\" content=\"Die Verhandlung gegen P\u00e4ivi R\u00e4s\u00e4nen vor dem Berufungsgericht in Helsinki ist beendet.\" \/>\n<meta property=\"og:url\" content=\"https:\/\/adfinternational.org\/de\/news\/aviso-urteil-wegen-anklage-gegen-finnische-spitzenpolitikerin-fuer-bibel-tweet-morgen-14-november-erwartet\" \/>\n<meta property=\"og:site_name\" content=\"ADF International\" \/>\n<meta property=\"article:publisher\" content=\"https:\/\/facebook.com\/adfinternational\" \/>\n<meta property=\"article:published_time\" content=\"2023-11-13T07:15:48+00:00\" \/>\n<meta property=\"article:modified_time\" content=\"2024-07-17T10:21:59+00:00\" \/>\n<meta name=\"author\" content=\"Sofia H\u00f6rder\" \/>\n<meta name=\"twitter:card\" content=\"summary_large_image\" \/>\n<meta name=\"twitter:creator\" content=\"@adfintl\" \/>\n<meta name=\"twitter:site\" content=\"@adfintl\" \/>\n<meta name=\"twitter:label1\" content=\"Verfasst von\" \/>\n\t<meta name=\"twitter:data1\" content=\"Sofia H\u00f6rder\" \/>\n\t<meta name=\"twitter:label2\" content=\"Gesch\u00e4tzte Lesezeit\" \/>\n\t<meta name=\"twitter:data2\" content=\"6 Minuten\" \/>\n<script type=\"application\/ld+json\" class=\"yoast-schema-graph\">{\"@context\":\"https:\\\/\\\/schema.org\",\"@graph\":[{\"@type\":\"Article\",\"@id\":\"https:\\\/\\\/adfinternational.org\\\/de\\\/news\\\/aviso-urteil-wegen-anklage-gegen-finnische-spitzenpolitikerin-fuer-bibel-tweet-morgen-14-november-erwartet#article\",\"isPartOf\":{\"@id\":\"https:\\\/\\\/adfinternational.org\\\/de\\\/news\\\/aviso-urteil-wegen-anklage-gegen-finnische-spitzenpolitikerin-fuer-bibel-tweet-morgen-14-november-erwartet\"},\"author\":{\"name\":\"Sofia H\u00f6rder\",\"@id\":\"https:\\\/\\\/adfinternational.org\\\/de\\\/#\\\/schema\\\/person\\\/c13f32fa9b7e58ae9e452d20934efb27\"},\"headline\":\"Aviso: Urteil wegen Anklage gegen finnische Spitzenpolitikerin f\u00fcr Bibel-Tweet morgen (14. November) erwartet\u00a0\",\"datePublished\":\"2023-11-13T07:15:48+00:00\",\"dateModified\":\"2024-07-17T10:21:59+00:00\",\"mainEntityOfPage\":{\"@id\":\"https:\\\/\\\/adfinternational.org\\\/de\\\/news\\\/aviso-urteil-wegen-anklage-gegen-finnische-spitzenpolitikerin-fuer-bibel-tweet-morgen-14-november-erwartet\"},\"wordCount\":766,\"publisher\":{\"@id\":\"https:\\\/\\\/adfinternational.org\\\/de\\\/#organization\"},\"image\":{\"@id\":\"https:\\\/\\\/adfinternational.org\\\/de\\\/news\\\/aviso-urteil-wegen-anklage-gegen-finnische-spitzenpolitikerin-fuer-bibel-tweet-morgen-14-november-erwartet#primaryimage\"},\"thumbnailUrl\":\"https:\\\/\\\/adfinternational.org\\\/wp-content\\\/uploads\\\/2023\\\/11\\\/20230831_052624159_iOS-scaled-1.jpg\",\"keywords\":[\"Coleman\",\"DE\",\"News\",\"R\u00e4s\u00e4nen\"],\"articleSection\":[\"News\"],\"inLanguage\":\"de-DE\"},{\"@type\":\"WebPage\",\"@id\":\"https:\\\/\\\/adfinternational.org\\\/de\\\/news\\\/aviso-urteil-wegen-anklage-gegen-finnische-spitzenpolitikerin-fuer-bibel-tweet-morgen-14-november-erwartet\",\"url\":\"https:\\\/\\\/adfinternational.org\\\/de\\\/news\\\/aviso-urteil-wegen-anklage-gegen-finnische-spitzenpolitikerin-fuer-bibel-tweet-morgen-14-november-erwartet\",\"name\":\"Aviso: Urteil wegen Anklage gegen finnische Spitzenpolitikerin f\u00fcr Bibel-Tweet morgen (14. November) erwartet\u00a0 - ADF International\",\"isPartOf\":{\"@id\":\"https:\\\/\\\/adfinternational.org\\\/de\\\/#website\"},\"primaryImageOfPage\":{\"@id\":\"https:\\\/\\\/adfinternational.org\\\/de\\\/news\\\/aviso-urteil-wegen-anklage-gegen-finnische-spitzenpolitikerin-fuer-bibel-tweet-morgen-14-november-erwartet#primaryimage\"},\"image\":{\"@id\":\"https:\\\/\\\/adfinternational.org\\\/de\\\/news\\\/aviso-urteil-wegen-anklage-gegen-finnische-spitzenpolitikerin-fuer-bibel-tweet-morgen-14-november-erwartet#primaryimage\"},\"thumbnailUrl\":\"https:\\\/\\\/adfinternational.org\\\/wp-content\\\/uploads\\\/2023\\\/11\\\/20230831_052624159_iOS-scaled-1.jpg\",\"datePublished\":\"2023-11-13T07:15:48+00:00\",\"dateModified\":\"2024-07-17T10:21:59+00:00\",\"description\":\"Die Verhandlung gegen P\u00e4ivi R\u00e4s\u00e4nen vor dem Berufungsgericht in Helsinki ist beendet.\",\"breadcrumb\":{\"@id\":\"https:\\\/\\\/adfinternational.org\\\/de\\\/news\\\/aviso-urteil-wegen-anklage-gegen-finnische-spitzenpolitikerin-fuer-bibel-tweet-morgen-14-november-erwartet#breadcrumb\"},\"inLanguage\":\"de-DE\",\"potentialAction\":[{\"@type\":\"ReadAction\",\"target\":[\"https:\\\/\\\/adfinternational.org\\\/de\\\/news\\\/aviso-urteil-wegen-anklage-gegen-finnische-spitzenpolitikerin-fuer-bibel-tweet-morgen-14-november-erwartet\"]}]},{\"@type\":\"ImageObject\",\"inLanguage\":\"de-DE\",\"@id\":\"https:\\\/\\\/adfinternational.org\\\/de\\\/news\\\/aviso-urteil-wegen-anklage-gegen-finnische-spitzenpolitikerin-fuer-bibel-tweet-morgen-14-november-erwartet#primaryimage\",\"url\":\"https:\\\/\\\/adfinternational.org\\\/wp-content\\\/uploads\\\/2023\\\/11\\\/20230831_052624159_iOS-scaled-1.jpg\",\"contentUrl\":\"https:\\\/\\\/adfinternational.org\\\/wp-content\\\/uploads\\\/2023\\\/11\\\/20230831_052624159_iOS-scaled-1.jpg\",\"width\":2560,\"height\":1920},{\"@type\":\"BreadcrumbList\",\"@id\":\"https:\\\/\\\/adfinternational.org\\\/de\\\/news\\\/aviso-urteil-wegen-anklage-gegen-finnische-spitzenpolitikerin-fuer-bibel-tweet-morgen-14-november-erwartet#breadcrumb\",\"itemListElement\":[{\"@type\":\"ListItem\",\"position\":1,\"name\":\"Home\",\"item\":\"https:\\\/\\\/adfinternational.org\\\/de\"},{\"@type\":\"ListItem\",\"position\":2,\"name\":\"Aviso: Urteil wegen Anklage gegen finnische Spitzenpolitikerin f\u00fcr Bibel-Tweet morgen (14. November) erwartet\u00a0\"}]},{\"@type\":\"WebSite\",\"@id\":\"https:\\\/\\\/adfinternational.org\\\/de\\\/#website\",\"url\":\"https:\\\/\\\/adfinternational.org\\\/de\\\/\",\"name\":\"ADF International\",\"description\":\"Protecting Fundamental Freedoms. Promoting Inherent Dignity.\",\"publisher\":{\"@id\":\"https:\\\/\\\/adfinternational.org\\\/de\\\/#organization\"},\"potentialAction\":[{\"@type\":\"SearchAction\",\"target\":{\"@type\":\"EntryPoint\",\"urlTemplate\":\"https:\\\/\\\/adfinternational.org\\\/de\\\/?s={search_term_string}\"},\"query-input\":{\"@type\":\"PropertyValueSpecification\",\"valueRequired\":true,\"valueName\":\"search_term_string\"}}],\"inLanguage\":\"de-DE\"},{\"@type\":\"Organization\",\"@id\":\"https:\\\/\\\/adfinternational.org\\\/de\\\/#organization\",\"name\":\"Alliance Defending Freedom International\",\"url\":\"https:\\\/\\\/adfinternational.org\\\/de\\\/\",\"logo\":{\"@type\":\"ImageObject\",\"inLanguage\":\"de-DE\",\"@id\":\"https:\\\/\\\/adfinternational.org\\\/de\\\/#\\\/schema\\\/logo\\\/image\\\/\",\"url\":\"https:\\\/\\\/adfinternational.org\\\/wp-content\\\/uploads\\\/2021\\\/08\\\/ADF_Intl_R_RGB_175px.png\",\"contentUrl\":\"https:\\\/\\\/adfinternational.org\\\/wp-content\\\/uploads\\\/2021\\\/08\\\/ADF_Intl_R_RGB_175px.png\",\"width\":175,\"height\":106,\"caption\":\"Alliance Defending Freedom International\"},\"image\":{\"@id\":\"https:\\\/\\\/adfinternational.org\\\/de\\\/#\\\/schema\\\/logo\\\/image\\\/\"},\"sameAs\":[\"https:\\\/\\\/facebook.com\\\/adfinternational\",\"https:\\\/\\\/x.com\\\/adfintl\",\"https:\\\/\\\/www.linkedin.com\\\/company\\\/adfinternational\",\"https:\\\/\\\/www.instagram.com\\\/adfinternational\\\/\"]},{\"@type\":\"Person\",\"@id\":\"https:\\\/\\\/adfinternational.org\\\/de\\\/#\\\/schema\\\/person\\\/c13f32fa9b7e58ae9e452d20934efb27\",\"name\":\"Sofia H\u00f6rder\",\"image\":{\"@type\":\"ImageObject\",\"inLanguage\":\"de-DE\",\"@id\":\"https:\\\/\\\/adfinternational.org\\\/wp-content\\\/uploads\\\/2021\\\/05\\\/Sofia-150x150.jpg\",\"url\":\"https:\\\/\\\/adfinternational.org\\\/wp-content\\\/uploads\\\/2021\\\/05\\\/Sofia-150x150.jpg\",\"contentUrl\":\"https:\\\/\\\/adfinternational.org\\\/wp-content\\\/uploads\\\/2021\\\/05\\\/Sofia-150x150.jpg\",\"caption\":\"Sofia H\u00f6rder\"},\"url\":\"https:\\\/\\\/adfinternational.org\\\/de\\\/author\\\/shoerder\"}]}<\/script>\n<!-- \/ Yoast SEO Premium plugin. -->","yoast_head_json":{"title":"Aviso: Urteil wegen Anklage gegen finnische Spitzenpolitikerin f\u00fcr Bibel-Tweet morgen (14. November) erwartet\u00a0 - ADF International","description":"Die Verhandlung gegen P\u00e4ivi R\u00e4s\u00e4nen vor dem Berufungsgericht in Helsinki ist beendet.","robots":{"index":"index","follow":"follow","max-snippet":"max-snippet:-1","max-image-preview":"max-image-preview:large","max-video-preview":"max-video-preview:-1"},"canonical":"https:\/\/adfinternational.org\/de\/news\/aviso-urteil-wegen-anklage-gegen-finnische-spitzenpolitikerin-fuer-bibel-tweet-morgen-14-november-erwartet","og_locale":"de_DE","og_type":"article","og_title":"Aviso: Urteil wegen Anklage gegen finnische Spitzenpolitikerin f\u00fcr Bibel-Tweet morgen (14. November) erwartet\u00a0","og_description":"Die Verhandlung gegen P\u00e4ivi R\u00e4s\u00e4nen vor dem Berufungsgericht in Helsinki ist beendet.","og_url":"https:\/\/adfinternational.org\/de\/news\/aviso-urteil-wegen-anklage-gegen-finnische-spitzenpolitikerin-fuer-bibel-tweet-morgen-14-november-erwartet","og_site_name":"ADF International","article_publisher":"https:\/\/facebook.com\/adfinternational","article_published_time":"2023-11-13T07:15:48+00:00","article_modified_time":"2024-07-17T10:21:59+00:00","author":"Sofia H\u00f6rder","twitter_card":"summary_large_image","twitter_creator":"@adfintl","twitter_site":"@adfintl","twitter_misc":{"Verfasst von":"Sofia H\u00f6rder","Gesch\u00e4tzte Lesezeit":"6 Minuten"},"schema":{"@context":"https:\/\/schema.org","@graph":[{"@type":"Article","@id":"https:\/\/adfinternational.org\/de\/news\/aviso-urteil-wegen-anklage-gegen-finnische-spitzenpolitikerin-fuer-bibel-tweet-morgen-14-november-erwartet#article","isPartOf":{"@id":"https:\/\/adfinternational.org\/de\/news\/aviso-urteil-wegen-anklage-gegen-finnische-spitzenpolitikerin-fuer-bibel-tweet-morgen-14-november-erwartet"},"author":{"name":"Sofia H\u00f6rder","@id":"https:\/\/adfinternational.org\/de\/#\/schema\/person\/c13f32fa9b7e58ae9e452d20934efb27"},"headline":"Aviso: Urteil wegen Anklage gegen finnische Spitzenpolitikerin f\u00fcr Bibel-Tweet morgen (14. November) erwartet\u00a0","datePublished":"2023-11-13T07:15:48+00:00","dateModified":"2024-07-17T10:21:59+00:00","mainEntityOfPage":{"@id":"https:\/\/adfinternational.org\/de\/news\/aviso-urteil-wegen-anklage-gegen-finnische-spitzenpolitikerin-fuer-bibel-tweet-morgen-14-november-erwartet"},"wordCount":766,"publisher":{"@id":"https:\/\/adfinternational.org\/de\/#organization"},"image":{"@id":"https:\/\/adfinternational.org\/de\/news\/aviso-urteil-wegen-anklage-gegen-finnische-spitzenpolitikerin-fuer-bibel-tweet-morgen-14-november-erwartet#primaryimage"},"thumbnailUrl":"https:\/\/adfinternational.org\/wp-content\/uploads\/2023\/11\/20230831_052624159_iOS-scaled-1.jpg","keywords":["Coleman","DE","News","R\u00e4s\u00e4nen"],"articleSection":["News"],"inLanguage":"de-DE"},{"@type":"WebPage","@id":"https:\/\/adfinternational.org\/de\/news\/aviso-urteil-wegen-anklage-gegen-finnische-spitzenpolitikerin-fuer-bibel-tweet-morgen-14-november-erwartet","url":"https:\/\/adfinternational.org\/de\/news\/aviso-urteil-wegen-anklage-gegen-finnische-spitzenpolitikerin-fuer-bibel-tweet-morgen-14-november-erwartet","name":"Aviso: Urteil wegen Anklage gegen finnische Spitzenpolitikerin f\u00fcr Bibel-Tweet morgen (14. November) erwartet\u00a0 - ADF International","isPartOf":{"@id":"https:\/\/adfinternational.org\/de\/#website"},"primaryImageOfPage":{"@id":"https:\/\/adfinternational.org\/de\/news\/aviso-urteil-wegen-anklage-gegen-finnische-spitzenpolitikerin-fuer-bibel-tweet-morgen-14-november-erwartet#primaryimage"},"image":{"@id":"https:\/\/adfinternational.org\/de\/news\/aviso-urteil-wegen-anklage-gegen-finnische-spitzenpolitikerin-fuer-bibel-tweet-morgen-14-november-erwartet#primaryimage"},"thumbnailUrl":"https:\/\/adfinternational.org\/wp-content\/uploads\/2023\/11\/20230831_052624159_iOS-scaled-1.jpg","datePublished":"2023-11-13T07:15:48+00:00","dateModified":"2024-07-17T10:21:59+00:00","description":"Die Verhandlung gegen P\u00e4ivi R\u00e4s\u00e4nen vor dem Berufungsgericht in Helsinki ist beendet.","breadcrumb":{"@id":"https:\/\/adfinternational.org\/de\/news\/aviso-urteil-wegen-anklage-gegen-finnische-spitzenpolitikerin-fuer-bibel-tweet-morgen-14-november-erwartet#breadcrumb"},"inLanguage":"de-DE","potentialAction":[{"@type":"ReadAction","target":["https:\/\/adfinternational.org\/de\/news\/aviso-urteil-wegen-anklage-gegen-finnische-spitzenpolitikerin-fuer-bibel-tweet-morgen-14-november-erwartet"]}]},{"@type":"ImageObject","inLanguage":"de-DE","@id":"https:\/\/adfinternational.org\/de\/news\/aviso-urteil-wegen-anklage-gegen-finnische-spitzenpolitikerin-fuer-bibel-tweet-morgen-14-november-erwartet#primaryimage","url":"https:\/\/adfinternational.org\/wp-content\/uploads\/2023\/11\/20230831_052624159_iOS-scaled-1.jpg","contentUrl":"https:\/\/adfinternational.org\/wp-content\/uploads\/2023\/11\/20230831_052624159_iOS-scaled-1.jpg","width":2560,"height":1920},{"@type":"BreadcrumbList","@id":"https:\/\/adfinternational.org\/de\/news\/aviso-urteil-wegen-anklage-gegen-finnische-spitzenpolitikerin-fuer-bibel-tweet-morgen-14-november-erwartet#breadcrumb","itemListElement":[{"@type":"ListItem","position":1,"name":"Home","item":"https:\/\/adfinternational.org\/de"},{"@type":"ListItem","position":2,"name":"Aviso: Urteil wegen Anklage gegen finnische Spitzenpolitikerin f\u00fcr Bibel-Tweet morgen (14. November) erwartet\u00a0"}]},{"@type":"WebSite","@id":"https:\/\/adfinternational.org\/de\/#website","url":"https:\/\/adfinternational.org\/de\/","name":"ADF International","description":"Protecting Fundamental Freedoms. Promoting Inherent Dignity.","publisher":{"@id":"https:\/\/adfinternational.org\/de\/#organization"},"potentialAction":[{"@type":"SearchAction","target":{"@type":"EntryPoint","urlTemplate":"https:\/\/adfinternational.org\/de\/?s={search_term_string}"},"query-input":{"@type":"PropertyValueSpecification","valueRequired":true,"valueName":"search_term_string"}}],"inLanguage":"de-DE"},{"@type":"Organization","@id":"https:\/\/adfinternational.org\/de\/#organization","name":"Alliance Defending Freedom International","url":"https:\/\/adfinternational.org\/de\/","logo":{"@type":"ImageObject","inLanguage":"de-DE","@id":"https:\/\/adfinternational.org\/de\/#\/schema\/logo\/image\/","url":"https:\/\/adfinternational.org\/wp-content\/uploads\/2021\/08\/ADF_Intl_R_RGB_175px.png","contentUrl":"https:\/\/adfinternational.org\/wp-content\/uploads\/2021\/08\/ADF_Intl_R_RGB_175px.png","width":175,"height":106,"caption":"Alliance Defending Freedom International"},"image":{"@id":"https:\/\/adfinternational.org\/de\/#\/schema\/logo\/image\/"},"sameAs":["https:\/\/facebook.com\/adfinternational","https:\/\/x.com\/adfintl","https:\/\/www.linkedin.com\/company\/adfinternational","https:\/\/www.instagram.com\/adfinternational\/"]},{"@type":"Person","@id":"https:\/\/adfinternational.org\/de\/#\/schema\/person\/c13f32fa9b7e58ae9e452d20934efb27","name":"Sofia H\u00f6rder","image":{"@type":"ImageObject","inLanguage":"de-DE","@id":"https:\/\/adfinternational.org\/wp-content\/uploads\/2021\/05\/Sofia-150x150.jpg","url":"https:\/\/adfinternational.org\/wp-content\/uploads\/2021\/05\/Sofia-150x150.jpg","contentUrl":"https:\/\/adfinternational.org\/wp-content\/uploads\/2021\/05\/Sofia-150x150.jpg","caption":"Sofia H\u00f6rder"},"url":"https:\/\/adfinternational.org\/de\/author\/shoerder"}]}},"_links":{"self":[{"href":"https:\/\/adfinternational.org\/de\/wp-json\/wp\/v2\/posts\/20379","targetHints":{"allow":["GET"]}}],"collection":[{"href":"https:\/\/adfinternational.org\/de\/wp-json\/wp\/v2\/posts"}],"about":[{"href":"https:\/\/adfinternational.org\/de\/wp-json\/wp\/v2\/types\/post"}],"author":[{"embeddable":true,"href":"https:\/\/adfinternational.org\/de\/wp-json\/wp\/v2\/users\/5"}],"replies":[{"embeddable":true,"href":"https:\/\/adfinternational.org\/de\/wp-json\/wp\/v2\/comments?post=20379"}],"version-history":[{"count":0,"href":"https:\/\/adfinternational.org\/de\/wp-json\/wp\/v2\/posts\/20379\/revisions"}],"wp:featuredmedia":[{"embeddable":true,"href":"https:\/\/adfinternational.org\/de\/wp-json\/wp\/v2\/media\/20415"}],"wp:attachment":[{"href":"https:\/\/adfinternational.org\/de\/wp-json\/wp\/v2\/media?parent=20379"}],"wp:term":[{"taxonomy":"category","embeddable":true,"href":"https:\/\/adfinternational.org\/de\/wp-json\/wp\/v2\/categories?post=20379"},{"taxonomy":"post_tag","embeddable":true,"href":"https:\/\/adfinternational.org\/de\/wp-json\/wp\/v2\/tags?post=20379"}],"curies":[{"name":"wp","href":"https:\/\/api.w.org\/{rel}","templated":true}]}}