{"id":20671,"date":"2023-11-28T12:14:35","date_gmt":"2023-11-28T11:14:35","guid":{"rendered":"https:\/\/adfinternational.org\/?p=20671"},"modified":"2024-07-16T10:16:18","modified_gmt":"2024-07-16T09:16:18","slug":"europas-hoechstes-menschenrechtsgericht-verhandelt-ueber-verbot-von-suizidbeihilfe","status":"publish","type":"post","link":"https:\/\/adfinternational.org\/de\/news\/europas-hoechstes-menschenrechtsgericht-verhandelt-ueber-verbot-von-suizidbeihilfe","title":{"rendered":"Europas h\u00f6chstes Menschenrechtsgericht verhandelt \u00fcber Verbot von Suizidbeihilfe"},"content":{"rendered":"\t\t<div data-elementor-type=\"wp-post\" data-elementor-id=\"20671\" class=\"elementor elementor-20671\" data-elementor-post-type=\"post\">\n\t\t\t\t\t\t<section class=\"elementor-section elementor-top-section elementor-element elementor-element-f97fc06 elementor-section-boxed elementor-section-height-default elementor-section-height-default\" data-id=\"f97fc06\" data-element_type=\"section\" data-e-type=\"section\">\n\t\t\t\t\t\t<div class=\"elementor-container elementor-column-gap-default\">\n\t\t\t\t\t<div class=\"elementor-column elementor-col-100 elementor-top-column elementor-element elementor-element-aa4981c\" data-id=\"aa4981c\" data-element_type=\"column\" data-e-type=\"column\">\n\t\t\t<div class=\"elementor-widget-wrap elementor-element-populated\">\n\t\t\t\t\t\t<div class=\"elementor-element elementor-element-f1ebefc elementor-widget elementor-widget-text-editor\" data-id=\"f1ebefc\" data-element_type=\"widget\" data-e-type=\"widget\" data-widget_type=\"text-editor.default\">\n\t\t\t\t<div class=\"elementor-widget-container\">\n\t\t\t\t\t\t\t\t\t\n \n<ul>\n \t<li><b>ALS Patient will Schutzbestimmungen gegen assistierten Suizid und Euthanasie kippen \u2013 Fall \u201epriorit\u00e4r\u201c behandelt.<\/b><\/li>\n<\/ul>\n<ul>\n \t<li><b>ADF International intervenierte am EGMR f\u00fcr den rechtlichen Schutz des Lebens<\/b><\/li>\n<\/ul>\n<ul>\n \t<li><b>\u201eWie unterscheiden wir zwischen der Person, die wir \u00fcberzeugen von der Br\u00fccke herunterzukommen und der Person, die wir durch einen Arzt sterben lassen?\u201c<\/b><\/li>\n<\/ul>\n<\/li>\n\t\t\t\t\t\t\t\t<\/div>\n\t\t\t\t<\/div>\n\t\t\t\t<div class=\"elementor-element elementor-element-5649229 elementor-widget elementor-widget-text-editor\" data-id=\"5649229\" data-element_type=\"widget\" data-e-type=\"widget\" data-widget_type=\"text-editor.default\">\n\t\t\t\t<div class=\"elementor-widget-container\">\n\t\t\t\t\t\t\t\t\t<p><strong>Stra\u00dfburg (28. November 2023)<\/strong>\u00a0\u2013 Der Europ\u00e4ische Gerichtshof f\u00fcr Menschenrechte verhandelte heute \u00fcber den Schutz vor assistiertem Suizid in Ungarn. Der ungarische Staatsb\u00fcrgers Daniel Karsai, der an einer fortschreitenden neurodegenerativen Krankheit leidet, klagt gegen Ungarn und dessen Verbot von Suizidbeihilfe. Der assistierte Suizid ist in Ungarn wie in den allermeisten L\u00e4ndern illegal.<\/p><p>ADF International intervenierte in dem Fall. Ungarns Verbot des assistierten Suizids ist im Einklang mit dem\u00a0<a href=\"https:\/\/fra.europa.eu\/de\/eu-charter\/article\/2-recht-auf-leben\">Recht auf Leben in der Europ\u00e4ischen Menschenrechtskonvention (Artikel 2)<\/a>\u00a0und der Verpflichtung, das Leben jedes Menschen zu sch\u00fctzen. Diesen rechtlichen Schutz gilt es aufrecht zu erhalten.<\/p><p>Im Schriftsatz von ADF International betonen die Anw\u00e4lte die Rolle von Schutzbestimmungen: \u201eWenn solche Bestimmungen aus dem Gesetz entfernt werden, entsteht ein gef\u00e4hrliches Szenario: Schutzbed\u00fcrftige Menschen geraten dann leicht unter Druck, ihr Leben zu beenden. Viele bef\u00fcrchten dann, (ungeachtet der objektiven Situation und der tats\u00e4chlichen Au\u00dfensicht) eine Belastung f\u00fcr Angeh\u00f6rige, Pflegende oder einen Staat zu sein, dem die Mittel fehlen.\u201c<\/p><p><strong>\u201eWir k\u00f6nnen nicht unseren grundlegenden Schutz f\u00fcr die Menschenrechte aufgeben.\u201c<\/strong><\/p><p>\u201eDie Erkrankung von Herrn Karsai erfordert unser gr\u00f6\u00dftes Mitgef\u00fchl. Gleichzeitig k\u00f6nnen wir nicht unseren grundlegenden Schutz f\u00fcr die Menschenrechte aufgeben. Ungarn ist nach den europ\u00e4ischen und internationalen Menschenrechtsgesetzen verpflichtet, das menschliche Leben zu sch\u00fctzen. Das bedeutet auch, gerade besonders verletzliche Menschen vor sozialem Druck zu bewahren,\u201c erkl\u00e4rte Jean-Paul Van De Walle, Jurist von ADF International, der bei der m\u00fcndlichen Verhandlung des Gerichtshofs am 28. November in Stra\u00dfburg anwesend war.<\/p><p>\u201eDas Recht auf Leben ist unantastbar und ist die Basis f\u00fcr alle anderen Menschenrechten. Es gibt kein sogenanntes &#8218;Recht auf Sterben&#8216;. Weltweit erlaubt nur eine winzige Minderheit von L\u00e4ndern den assistierten Suizid. \u00dcberall dort, wo die Praxis erlaubt ist, reichen die gesetzlichen \u201eSicherheitsvorkehrungen\u201c nicht aus, um Missbr\u00e4uche zu verhindern. Besonders leiden darunter schwache Mitglieder der Gesellschaft, darunter \u00e4ltere Menschen, Behinderte und Menschen, die an psychischen Krankheiten oder Depressionen leiden.<\/p><p>Wir alle betrachten Selbstmord als eine Trag\u00f6die, die es zu verhindern gilt, und dieselbe Haltung muss auch f\u00fcr den assistierten Suizid gelten. Jemanden zu t\u00f6ten, kann niemals die L\u00f6sung sein&#8220;, so Van De Walle weiter.<\/p><p><strong>Suizid vor Gericht<\/strong><\/p><p>Der Gerichtshof behandelt den Fall als Priorit\u00e4t. Es wird erwartet, dass das Gericht in K\u00fcrze sein Urteil f\u00e4llt.<\/p><p>Daniel Karsai leidet an amyotropher Lateralsklerose (ALS). Der 46-j\u00e4hrige m\u00f6chte assistierten Suizid in Anspruch nehmen, bevor sich sein Gesundheitszustand verschlechtert. In Ungarn ist es eine Straftat, bei einem Suizid Beihilfe zu leisten, \u2013 unabh\u00e4ngig ob dies in Ungarn oder im Ausland geschieht.<\/p><p><strong>Schutz f\u00fcr das Recht auf Leben<\/strong><\/p><p>ADF International betonte gemeinsam mit der britischen NGO \u201eCare Not Killing\u201c, dass es statt einem Recht auf Sterben ein Recht auf Leben gibt. Die gezielte T\u00f6tung eines Menschen ist niemals \u201esicher\u201c, deswegen sch\u00fctzen europ\u00e4isches und internationales Recht das Leben.<\/p><p>Der Europ\u00e4ische Gerichtshof f\u00fcr Menschenrechte hat diese Unsicherheiten und Gefahren im Urteil Mortier v. Belgien (2022) anerkannt. Der Gerichtshof stellte fest, dass Belgien im Zusammenhang mit der T\u00f6tung von Godelieva de Troyer gegen das Recht auf Leben versto\u00dfen habe. Die k\u00f6rperlich gesunde De Troyer wurde von einem Arzt euthanasiert. Daraufhin verurteile der EGMR Belgien wegen der \u201emangelnden Unabh\u00e4ngigkeit der Kontrollkommission\u201c. ADF International vertrat Tom Mortier, der gegen die Euthanasie seiner eigenen Mutter Godelieva geklagt hatte.<\/p><p>In dem von ADF International eingereichten Schriftsatz hei\u00dft es: \u201eTrotz angeblicher \u201eSicherheitsvorkehrungen\u201c und eines \u201estrengen\u201c Rechtsrahmens werden junge Erwachsene wegen \u201eunheilbarer Depressionen\u201c euthanasiert und \u00e4ltere Menschen wegen altersbedingter Symptome.\u201c<\/p><p><strong>Legalisierung f\u00fchrt zu Missbrauch<\/strong><\/p><p>Von den 46 Mitgliedsstaaten im Europarat haben nur sechs den assistierten Suizid legalisiert. Der\u00a0<a href=\"https:\/\/www.wma.net\/policies-post\/wma-resolution-on-euthanasia\/\">Welt\u00e4rztebund<\/a>\u00a0hat Euthanasie und assistierten Suizid konsequent und kategorisch als unethisch abgelehnt. L\u00e4nder, die Euthanasie legalisiert haben, erlauben nun die vors\u00e4tzliche T\u00f6tung von\u00a0<a href=\"https:\/\/fra.europa.eu\/en\/publication\/2017\/mapping-minimum-age-requirements-concerning-rights-child-eu\/requesting-euthanasia#:~:text=In%20Belgium%2C%20the%20right%20to,criteria%20must%20also%20be%20fulfilled.\">Kindern<\/a>,\u00a0<a href=\"https:\/\/www.newsweek.com\/healthy-24-year-old-granted-right-die-belgium-329504\">k\u00f6rperlich Gesunden<\/a>\u00a0und Personen, die\u00a0<a href=\"https:\/\/www.ncbi.nlm.nih.gov\/pmc\/articles\/PMC3070710\/\">nicht ihre Zustimmung gegeben<\/a>\u00a0haben.\u00a0\u00a0<\/p><p>In der Resolution 1859 (2012) hat die Parlamentarische Versammlung des Europarats unmissverst\u00e4ndlich festgestellt: \u201eEuthanasie im Sinne der vors\u00e4tzlichen T\u00f6tung eines abh\u00e4ngigen Menschen durch eine Handlung oder Unterlassung zu seinem angeblichen Nutzen muss immer verboten sein.\u201c<\/p><p>\u201eSobald wir als Gesellschaft der vors\u00e4tzlichen T\u00f6tung T\u00fcr und Tor \u00f6ffnen, gibt es keinen logischen Haltepunkt mehr. Wie unterscheiden wir zwischen der Person, die wir \u00fcberzeugen von der Br\u00fccke herunterzukommen und der Person, die wir durch einen Arzt sterben lassen? Der Staat hat die Pflicht, den grundlegenden Wert des menschlichen Lebens zu sch\u00fctzen. Wir k\u00f6nnen den rechtlichen Schutz nicht abschaffen und somit W\u00fcrde und Wert des Menschen untergraben\u201c, sagte Van De Walle nach der Verhandlung in Stra\u00dfburg.<\/p>\t\t\t\t\t\t\t\t<\/div>\n\t\t\t\t<\/div>\n\t\t\t\t\t<\/div>\n\t\t<\/div>\n\t\t\t\t\t<\/div>\n\t\t<\/section>\n\t\t\t\t<section class=\"elementor-section elementor-top-section elementor-element elementor-element-590977c elementor-section-boxed elementor-section-height-default elementor-section-height-default\" data-id=\"590977c\" data-element_type=\"section\" data-e-type=\"section\">\n\t\t\t\t\t\t<div class=\"elementor-container elementor-column-gap-default\">\n\t\t\t\t\t<div class=\"elementor-column elementor-col-100 elementor-top-column elementor-element elementor-element-896b7c5\" data-id=\"896b7c5\" data-element_type=\"column\" data-e-type=\"column\">\n\t\t\t<div class=\"elementor-widget-wrap elementor-element-populated\">\n\t\t\t\t\t\t<div class=\"elementor-element elementor-element-674a78b elementor-widget elementor-widget-gallery\" data-id=\"674a78b\" data-element_type=\"widget\" data-e-type=\"widget\" data-settings=\"{&quot;aspect_ratio&quot;:&quot;1:1&quot;,&quot;lazyload&quot;:&quot;yes&quot;,&quot;gallery_layout&quot;:&quot;grid&quot;,&quot;columns&quot;:4,&quot;columns_tablet&quot;:2,&quot;columns_mobile&quot;:1,&quot;gap&quot;:{&quot;unit&quot;:&quot;px&quot;,&quot;size&quot;:10,&quot;sizes&quot;:[]},&quot;gap_tablet&quot;:{&quot;unit&quot;:&quot;px&quot;,&quot;size&quot;:10,&quot;sizes&quot;:[]},&quot;gap_mobile&quot;:{&quot;unit&quot;:&quot;px&quot;,&quot;size&quot;:10,&quot;sizes&quot;:[]},&quot;link_to&quot;:&quot;file&quot;,&quot;overlay_background&quot;:&quot;yes&quot;,&quot;content_hover_animation&quot;:&quot;fade-in&quot;}\" data-widget_type=\"gallery.default\">\n\t\t\t\t<div class=\"elementor-widget-container\">\n\t\t\t\t\t\t\t<div class=\"elementor-gallery__container\">\n\t\t\t\t\t\t\t<a class=\"e-gallery-item elementor-gallery-item elementor-animated-content\" href=\"https:\/\/adfinternational.org\/wp-content\/uploads\/2023\/11\/WhatsApp-Image-2023-11-28-at-10.57.04-e1701771835484.jpeg\" data-elementor-open-lightbox=\"yes\" data-elementor-lightbox-slideshow=\"674a78b\" data-elementor-lightbox-title=\"Jean Paul ECHR\" data-e-action-hash=\"#elementor-action%3Aaction%3Dlightbox%26settings%3DeyJpZCI6MjA2MzMsInVybCI6Imh0dHBzOlwvXC9hZGZpbnRlcm5hdGlvbmFsLm9yZ1wvd3AtY29udGVudFwvdXBsb2Fkc1wvMjAyM1wvMTFcL1doYXRzQXBwLUltYWdlLTIwMjMtMTEtMjgtYXQtMTAuNTcuMDQtZTE3MDE3NzE4MzU0ODQuanBlZyIsInNsaWRlc2hvdyI6IjY3NGE3OGIifQ%3D%3D\">\n\t\t\t\t\t<div class=\"e-gallery-image elementor-gallery-item__image\" data-thumbnail=\"https:\/\/adfinternational.org\/wp-content\/uploads\/2023\/11\/WhatsApp-Image-2023-11-28-at-10.57.04-e1701771835484.jpeg\" data-width=\"762\" data-height=\"803\" aria-label=\"\" role=\"img\" ><\/div>\n\t\t\t\t\t\t\t\t\t\t\t<div class=\"elementor-gallery-item__overlay\"><\/div>\n\t\t\t\t\t\t\t\t\t\t\t\t\t\t<\/a>\n\t\t\t\t\t\t\t<a class=\"e-gallery-item elementor-gallery-item elementor-animated-content\" href=\"https:\/\/adfinternational.org\/wp-content\/uploads\/2023\/11\/Jean-Paul_Van_de_Walle_img_215_400x400.png\" data-elementor-open-lightbox=\"yes\" data-elementor-lightbox-slideshow=\"674a78b\" data-elementor-lightbox-title=\"Jean-Paul_Van_de_Walle_img_215_400x400.png\" data-e-action-hash=\"#elementor-action%3Aaction%3Dlightbox%26settings%3DeyJpZCI6MjA2NDIsInVybCI6Imh0dHBzOlwvXC9hZGZpbnRlcm5hdGlvbmFsLm9yZ1wvd3AtY29udGVudFwvdXBsb2Fkc1wvMjAyM1wvMTFcL0plYW4tUGF1bF9WYW5fZGVfV2FsbGVfaW1nXzIxNV80MDB4NDAwLnBuZyIsInNsaWRlc2hvdyI6IjY3NGE3OGIifQ%3D%3D\">\n\t\t\t\t\t<div class=\"e-gallery-image elementor-gallery-item__image\" data-thumbnail=\"https:\/\/adfinternational.org\/wp-content\/uploads\/2023\/11\/Jean-Paul_Van_de_Walle_img_215_400x400.png\" data-width=\"400\" data-height=\"400\" aria-label=\"\" role=\"img\" ><\/div>\n\t\t\t\t\t\t\t\t\t\t\t<div class=\"elementor-gallery-item__overlay\"><\/div>\n\t\t\t\t\t\t\t\t\t\t\t\t\t\t<\/a>\n\t\t\t\t\t\t\t<a class=\"e-gallery-item elementor-gallery-item elementor-animated-content\" href=\"https:\/\/adfinternational.org\/wp-content\/uploads\/2023\/11\/WhatsApp-Image-2023-11-28-at-09.10.16.jpeg\" data-elementor-open-lightbox=\"yes\" data-elementor-lightbox-slideshow=\"674a78b\" data-elementor-lightbox-title=\"WhatsApp Image 2023 11 28 At 09.10.16.jpeg\" data-e-action-hash=\"#elementor-action%3Aaction%3Dlightbox%26settings%3DeyJpZCI6MjA2NzIsInVybCI6Imh0dHBzOlwvXC9hZGZpbnRlcm5hdGlvbmFsLm9yZ1wvd3AtY29udGVudFwvdXBsb2Fkc1wvMjAyM1wvMTFcL1doYXRzQXBwLUltYWdlLTIwMjMtMTEtMjgtYXQtMDkuMTAuMTYuanBlZyIsInNsaWRlc2hvdyI6IjY3NGE3OGIifQ%3D%3D\">\n\t\t\t\t\t<div class=\"e-gallery-image elementor-gallery-item__image\" data-thumbnail=\"https:\/\/adfinternational.org\/wp-content\/uploads\/2023\/11\/WhatsApp-Image-2023-11-28-at-09.10.16.jpeg\" data-width=\"1024\" data-height=\"768\" aria-label=\"\" role=\"img\" ><\/div>\n\t\t\t\t\t\t\t\t\t\t\t<div class=\"elementor-gallery-item__overlay\"><\/div>\n\t\t\t\t\t\t\t\t\t\t\t\t\t\t<\/a>\n\t\t\t\t\t<\/div>\n\t\t\t\t\t<\/div>\n\t\t\t\t<\/div>\n\t\t\t\t<div class=\"elementor-element elementor-element-6228389 elementor-widget elementor-widget-text-editor\" data-id=\"6228389\" data-element_type=\"widget\" data-e-type=\"widget\" data-widget_type=\"text-editor.default\">\n\t\t\t\t<div class=\"elementor-widget-container\">\n\t\t\t\t\t\t\t\t\t<p>Die Fotos k\u00f6nnen gerne im Zusammenhang mit diesem Fall und Angabe der Bildquelle (ADF International) kostenlos verwendet werden.<\/p>\t\t\t\t\t\t\t\t<\/div>\n\t\t\t\t<\/div>\n\t\t\t\t\t<\/div>\n\t\t<\/div>\n\t\t\t\t\t<\/div>\n\t\t<\/section>\n\t\t\t\t<\/div>\n\t\t","protected":false},"excerpt":{"rendered":"<p>ADF International intervenierte am EGMR f\u00fcr den rechtlichen Schutz des Lebens. ALS Patient will Schutzbestimmungen gegen assistierten Suizid und Euthanasie kippen.<\/p>\n","protected":false},"author":44,"featured_media":20633,"comment_status":"closed","ping_status":"closed","sticky":false,"template":"","format":"standard","meta":{"_acf_changed":true,"give_campaign_id":0,"footnotes":""},"categories":[434],"tags":[949,543,642,421],"class_list":["post-20671","post","type-post","status-publish","format-standard","has-post-thumbnail","hentry","category-news","tag-de","tag-egmr","tag-euthanasie","tag-news"],"acf":[],"yoast_head":"<!-- This site is optimized with the Yoast SEO Premium plugin v27.5 (Yoast SEO v27.5) - https:\/\/yoast.com\/product\/yoast-seo-premium-wordpress\/ -->\n<title>Europas h\u00f6chstes Menschenrechtsgericht verhandelt \u00fcber Verbot von Suizidbeihilfe - ADF International<\/title>\n<meta name=\"description\" content=\"ADF International intervenierte am EGMR f\u00fcr den rechtlichen Schutz des Lebens. ALS Patient will Schutzbestimmungen gegen assistierten Suizid und Euthanasie kippen.\" \/>\n<meta name=\"robots\" content=\"index, follow, max-snippet:-1, max-image-preview:large, max-video-preview:-1\" \/>\n<link rel=\"canonical\" href=\"https:\/\/adfinternational.org\/de\/news\/europas-hoechstes-menschenrechtsgericht-verhandelt-ueber-verbot-von-suizidbeihilfe\" \/>\n<meta property=\"og:locale\" content=\"de_DE\" \/>\n<meta property=\"og:type\" content=\"article\" \/>\n<meta property=\"og:title\" content=\"Europas h\u00f6chstes Menschenrechtsgericht verhandelt \u00fcber Verbot von Suizidbeihilfe\" \/>\n<meta property=\"og:description\" content=\"ADF International intervenierte am EGMR f\u00fcr den rechtlichen Schutz des Lebens. ALS Patient will Schutzbestimmungen gegen assistierten Suizid und Euthanasie kippen.\" \/>\n<meta property=\"og:url\" content=\"https:\/\/adfinternational.org\/de\/news\/europas-hoechstes-menschenrechtsgericht-verhandelt-ueber-verbot-von-suizidbeihilfe\" \/>\n<meta property=\"og:site_name\" content=\"ADF International\" \/>\n<meta property=\"article:publisher\" content=\"https:\/\/facebook.com\/adfinternational\" \/>\n<meta property=\"article:published_time\" content=\"2023-11-28T11:14:35+00:00\" \/>\n<meta property=\"article:modified_time\" content=\"2024-07-16T09:16:18+00:00\" \/>\n<meta property=\"og:image\" content=\"https:\/\/adfinternational.org\/wp-content\/uploads\/2023\/11\/WhatsApp-Image-2023-11-28-at-10.57.04-e1701771835484.jpeg\" \/>\n\t<meta property=\"og:image:width\" content=\"762\" \/>\n\t<meta property=\"og:image:height\" content=\"803\" \/>\n\t<meta property=\"og:image:type\" content=\"image\/jpeg\" \/>\n<meta name=\"author\" content=\"Philipp Bues\" \/>\n<meta name=\"twitter:card\" content=\"summary_large_image\" \/>\n<meta name=\"twitter:description\" content=\"ADF International intervenierte am EGMR f\u00fcr den rechtlichen Schutz des Lebens. ALS Patient will Schutzbestimmungen gegen assistierten Suizid und Euthanasie kippen.\" \/>\n<meta name=\"twitter:image\" content=\"https:\/\/adfinternational.org\/wp-content\/uploads\/2023\/11\/WhatsApp-Image-2023-11-28-at-10.57.04-e1701771835484.jpeg\" \/>\n<meta name=\"twitter:creator\" content=\"@adfintl\" \/>\n<meta name=\"twitter:site\" content=\"@adfintl\" \/>\n<meta name=\"twitter:label1\" content=\"Verfasst von\" \/>\n\t<meta name=\"twitter:data1\" content=\"Philipp Bues\" \/>\n\t<meta name=\"twitter:label2\" content=\"Gesch\u00e4tzte Lesezeit\" \/>\n\t<meta name=\"twitter:data2\" content=\"5 Minuten\" \/>\n<script type=\"application\/ld+json\" class=\"yoast-schema-graph\">{\"@context\":\"https:\\\/\\\/schema.org\",\"@graph\":[{\"@type\":\"Article\",\"@id\":\"https:\\\/\\\/adfinternational.org\\\/de\\\/news\\\/europas-hoechstes-menschenrechtsgericht-verhandelt-ueber-verbot-von-suizidbeihilfe#article\",\"isPartOf\":{\"@id\":\"https:\\\/\\\/adfinternational.org\\\/de\\\/news\\\/europas-hoechstes-menschenrechtsgericht-verhandelt-ueber-verbot-von-suizidbeihilfe\"},\"author\":{\"name\":\"Philipp Bues\",\"@id\":\"https:\\\/\\\/adfinternational.org\\\/de\\\/#\\\/schema\\\/person\\\/6b776fc8535453c6aad8a6f9d78e6141\"},\"headline\":\"Europas h\u00f6chstes Menschenrechtsgericht verhandelt \u00fcber Verbot von Suizidbeihilfe\",\"datePublished\":\"2023-11-28T11:14:35+00:00\",\"dateModified\":\"2024-07-16T09:16:18+00:00\",\"mainEntityOfPage\":{\"@id\":\"https:\\\/\\\/adfinternational.org\\\/de\\\/news\\\/europas-hoechstes-menschenrechtsgericht-verhandelt-ueber-verbot-von-suizidbeihilfe\"},\"wordCount\":849,\"publisher\":{\"@id\":\"https:\\\/\\\/adfinternational.org\\\/de\\\/#organization\"},\"image\":{\"@id\":\"https:\\\/\\\/adfinternational.org\\\/de\\\/news\\\/europas-hoechstes-menschenrechtsgericht-verhandelt-ueber-verbot-von-suizidbeihilfe#primaryimage\"},\"thumbnailUrl\":\"https:\\\/\\\/adfinternational.org\\\/wp-content\\\/uploads\\\/2023\\\/11\\\/WhatsApp-Image-2023-11-28-at-10.57.04-e1701771835484.jpeg\",\"keywords\":[\"DE\",\"EGMR\",\"Euthanasie\",\"News\"],\"articleSection\":[\"News\"],\"inLanguage\":\"de-DE\"},{\"@type\":\"WebPage\",\"@id\":\"https:\\\/\\\/adfinternational.org\\\/de\\\/news\\\/europas-hoechstes-menschenrechtsgericht-verhandelt-ueber-verbot-von-suizidbeihilfe\",\"url\":\"https:\\\/\\\/adfinternational.org\\\/de\\\/news\\\/europas-hoechstes-menschenrechtsgericht-verhandelt-ueber-verbot-von-suizidbeihilfe\",\"name\":\"Europas h\u00f6chstes Menschenrechtsgericht verhandelt \u00fcber Verbot von Suizidbeihilfe - ADF International\",\"isPartOf\":{\"@id\":\"https:\\\/\\\/adfinternational.org\\\/de\\\/#website\"},\"primaryImageOfPage\":{\"@id\":\"https:\\\/\\\/adfinternational.org\\\/de\\\/news\\\/europas-hoechstes-menschenrechtsgericht-verhandelt-ueber-verbot-von-suizidbeihilfe#primaryimage\"},\"image\":{\"@id\":\"https:\\\/\\\/adfinternational.org\\\/de\\\/news\\\/europas-hoechstes-menschenrechtsgericht-verhandelt-ueber-verbot-von-suizidbeihilfe#primaryimage\"},\"thumbnailUrl\":\"https:\\\/\\\/adfinternational.org\\\/wp-content\\\/uploads\\\/2023\\\/11\\\/WhatsApp-Image-2023-11-28-at-10.57.04-e1701771835484.jpeg\",\"datePublished\":\"2023-11-28T11:14:35+00:00\",\"dateModified\":\"2024-07-16T09:16:18+00:00\",\"description\":\"ADF International intervenierte am EGMR f\u00fcr den rechtlichen Schutz des Lebens. ALS Patient will Schutzbestimmungen gegen assistierten Suizid und Euthanasie kippen.\",\"breadcrumb\":{\"@id\":\"https:\\\/\\\/adfinternational.org\\\/de\\\/news\\\/europas-hoechstes-menschenrechtsgericht-verhandelt-ueber-verbot-von-suizidbeihilfe#breadcrumb\"},\"inLanguage\":\"de-DE\",\"potentialAction\":[{\"@type\":\"ReadAction\",\"target\":[\"https:\\\/\\\/adfinternational.org\\\/de\\\/news\\\/europas-hoechstes-menschenrechtsgericht-verhandelt-ueber-verbot-von-suizidbeihilfe\"]}]},{\"@type\":\"ImageObject\",\"inLanguage\":\"de-DE\",\"@id\":\"https:\\\/\\\/adfinternational.org\\\/de\\\/news\\\/europas-hoechstes-menschenrechtsgericht-verhandelt-ueber-verbot-von-suizidbeihilfe#primaryimage\",\"url\":\"https:\\\/\\\/adfinternational.org\\\/wp-content\\\/uploads\\\/2023\\\/11\\\/WhatsApp-Image-2023-11-28-at-10.57.04-e1701771835484.jpeg\",\"contentUrl\":\"https:\\\/\\\/adfinternational.org\\\/wp-content\\\/uploads\\\/2023\\\/11\\\/WhatsApp-Image-2023-11-28-at-10.57.04-e1701771835484.jpeg\",\"width\":762,\"height\":803},{\"@type\":\"BreadcrumbList\",\"@id\":\"https:\\\/\\\/adfinternational.org\\\/de\\\/news\\\/europas-hoechstes-menschenrechtsgericht-verhandelt-ueber-verbot-von-suizidbeihilfe#breadcrumb\",\"itemListElement\":[{\"@type\":\"ListItem\",\"position\":1,\"name\":\"Home\",\"item\":\"https:\\\/\\\/adfinternational.org\\\/de\"},{\"@type\":\"ListItem\",\"position\":2,\"name\":\"Europas h\u00f6chstes Menschenrechtsgericht verhandelt \u00fcber Verbot von Suizidbeihilfe\"}]},{\"@type\":\"WebSite\",\"@id\":\"https:\\\/\\\/adfinternational.org\\\/de\\\/#website\",\"url\":\"https:\\\/\\\/adfinternational.org\\\/de\\\/\",\"name\":\"ADF International\",\"description\":\"Protecting Fundamental Freedoms. Promoting Inherent Dignity.\",\"publisher\":{\"@id\":\"https:\\\/\\\/adfinternational.org\\\/de\\\/#organization\"},\"potentialAction\":[{\"@type\":\"SearchAction\",\"target\":{\"@type\":\"EntryPoint\",\"urlTemplate\":\"https:\\\/\\\/adfinternational.org\\\/de\\\/?s={search_term_string}\"},\"query-input\":{\"@type\":\"PropertyValueSpecification\",\"valueRequired\":true,\"valueName\":\"search_term_string\"}}],\"inLanguage\":\"de-DE\"},{\"@type\":\"Organization\",\"@id\":\"https:\\\/\\\/adfinternational.org\\\/de\\\/#organization\",\"name\":\"Alliance Defending Freedom International\",\"url\":\"https:\\\/\\\/adfinternational.org\\\/de\\\/\",\"logo\":{\"@type\":\"ImageObject\",\"inLanguage\":\"de-DE\",\"@id\":\"https:\\\/\\\/adfinternational.org\\\/de\\\/#\\\/schema\\\/logo\\\/image\\\/\",\"url\":\"https:\\\/\\\/adfinternational.org\\\/wp-content\\\/uploads\\\/2021\\\/08\\\/ADF_Intl_R_RGB_175px.png\",\"contentUrl\":\"https:\\\/\\\/adfinternational.org\\\/wp-content\\\/uploads\\\/2021\\\/08\\\/ADF_Intl_R_RGB_175px.png\",\"width\":175,\"height\":106,\"caption\":\"Alliance Defending Freedom International\"},\"image\":{\"@id\":\"https:\\\/\\\/adfinternational.org\\\/de\\\/#\\\/schema\\\/logo\\\/image\\\/\"},\"sameAs\":[\"https:\\\/\\\/facebook.com\\\/adfinternational\",\"https:\\\/\\\/x.com\\\/adfintl\",\"https:\\\/\\\/www.linkedin.com\\\/company\\\/adfinternational\",\"https:\\\/\\\/www.instagram.com\\\/adfinternational\\\/\"]},{\"@type\":\"Person\",\"@id\":\"https:\\\/\\\/adfinternational.org\\\/de\\\/#\\\/schema\\\/person\\\/6b776fc8535453c6aad8a6f9d78e6141\",\"name\":\"Philipp Bues\",\"image\":{\"@type\":\"ImageObject\",\"inLanguage\":\"de-DE\",\"@id\":\"https:\\\/\\\/adfinternational.org\\\/wp-content\\\/uploads\\\/2025\\\/02\\\/Philipp-Bues-Headshot-150x150.jpg\",\"url\":\"https:\\\/\\\/adfinternational.org\\\/wp-content\\\/uploads\\\/2025\\\/02\\\/Philipp-Bues-Headshot-150x150.jpg\",\"contentUrl\":\"https:\\\/\\\/adfinternational.org\\\/wp-content\\\/uploads\\\/2025\\\/02\\\/Philipp-Bues-Headshot-150x150.jpg\",\"caption\":\"Philipp Bues\"},\"url\":\"https:\\\/\\\/adfinternational.org\\\/de\\\/author\\\/pbuesadfinternational-org\"}]}<\/script>\n<!-- \/ Yoast SEO Premium plugin. -->","yoast_head_json":{"title":"Europas h\u00f6chstes Menschenrechtsgericht verhandelt \u00fcber Verbot von Suizidbeihilfe - ADF International","description":"ADF International intervenierte am EGMR f\u00fcr den rechtlichen Schutz des Lebens. ALS Patient will Schutzbestimmungen gegen assistierten Suizid und Euthanasie kippen.","robots":{"index":"index","follow":"follow","max-snippet":"max-snippet:-1","max-image-preview":"max-image-preview:large","max-video-preview":"max-video-preview:-1"},"canonical":"https:\/\/adfinternational.org\/de\/news\/europas-hoechstes-menschenrechtsgericht-verhandelt-ueber-verbot-von-suizidbeihilfe","og_locale":"de_DE","og_type":"article","og_title":"Europas h\u00f6chstes Menschenrechtsgericht verhandelt \u00fcber Verbot von Suizidbeihilfe","og_description":"ADF International intervenierte am EGMR f\u00fcr den rechtlichen Schutz des Lebens. ALS Patient will Schutzbestimmungen gegen assistierten Suizid und Euthanasie kippen.","og_url":"https:\/\/adfinternational.org\/de\/news\/europas-hoechstes-menschenrechtsgericht-verhandelt-ueber-verbot-von-suizidbeihilfe","og_site_name":"ADF International","article_publisher":"https:\/\/facebook.com\/adfinternational","article_published_time":"2023-11-28T11:14:35+00:00","article_modified_time":"2024-07-16T09:16:18+00:00","og_image":[{"width":762,"height":803,"url":"https:\/\/adfinternational.org\/wp-content\/uploads\/2023\/11\/WhatsApp-Image-2023-11-28-at-10.57.04-e1701771835484.jpeg","type":"image\/jpeg"}],"author":"Philipp Bues","twitter_card":"summary_large_image","twitter_description":"ADF International intervenierte am EGMR f\u00fcr den rechtlichen Schutz des Lebens. ALS Patient will Schutzbestimmungen gegen assistierten Suizid und Euthanasie kippen.","twitter_image":"https:\/\/adfinternational.org\/wp-content\/uploads\/2023\/11\/WhatsApp-Image-2023-11-28-at-10.57.04-e1701771835484.jpeg","twitter_creator":"@adfintl","twitter_site":"@adfintl","twitter_misc":{"Verfasst von":"Philipp Bues","Gesch\u00e4tzte Lesezeit":"5 Minuten"},"schema":{"@context":"https:\/\/schema.org","@graph":[{"@type":"Article","@id":"https:\/\/adfinternational.org\/de\/news\/europas-hoechstes-menschenrechtsgericht-verhandelt-ueber-verbot-von-suizidbeihilfe#article","isPartOf":{"@id":"https:\/\/adfinternational.org\/de\/news\/europas-hoechstes-menschenrechtsgericht-verhandelt-ueber-verbot-von-suizidbeihilfe"},"author":{"name":"Philipp Bues","@id":"https:\/\/adfinternational.org\/de\/#\/schema\/person\/6b776fc8535453c6aad8a6f9d78e6141"},"headline":"Europas h\u00f6chstes Menschenrechtsgericht verhandelt \u00fcber Verbot von Suizidbeihilfe","datePublished":"2023-11-28T11:14:35+00:00","dateModified":"2024-07-16T09:16:18+00:00","mainEntityOfPage":{"@id":"https:\/\/adfinternational.org\/de\/news\/europas-hoechstes-menschenrechtsgericht-verhandelt-ueber-verbot-von-suizidbeihilfe"},"wordCount":849,"publisher":{"@id":"https:\/\/adfinternational.org\/de\/#organization"},"image":{"@id":"https:\/\/adfinternational.org\/de\/news\/europas-hoechstes-menschenrechtsgericht-verhandelt-ueber-verbot-von-suizidbeihilfe#primaryimage"},"thumbnailUrl":"https:\/\/adfinternational.org\/wp-content\/uploads\/2023\/11\/WhatsApp-Image-2023-11-28-at-10.57.04-e1701771835484.jpeg","keywords":["DE","EGMR","Euthanasie","News"],"articleSection":["News"],"inLanguage":"de-DE"},{"@type":"WebPage","@id":"https:\/\/adfinternational.org\/de\/news\/europas-hoechstes-menschenrechtsgericht-verhandelt-ueber-verbot-von-suizidbeihilfe","url":"https:\/\/adfinternational.org\/de\/news\/europas-hoechstes-menschenrechtsgericht-verhandelt-ueber-verbot-von-suizidbeihilfe","name":"Europas h\u00f6chstes Menschenrechtsgericht verhandelt \u00fcber Verbot von Suizidbeihilfe - ADF International","isPartOf":{"@id":"https:\/\/adfinternational.org\/de\/#website"},"primaryImageOfPage":{"@id":"https:\/\/adfinternational.org\/de\/news\/europas-hoechstes-menschenrechtsgericht-verhandelt-ueber-verbot-von-suizidbeihilfe#primaryimage"},"image":{"@id":"https:\/\/adfinternational.org\/de\/news\/europas-hoechstes-menschenrechtsgericht-verhandelt-ueber-verbot-von-suizidbeihilfe#primaryimage"},"thumbnailUrl":"https:\/\/adfinternational.org\/wp-content\/uploads\/2023\/11\/WhatsApp-Image-2023-11-28-at-10.57.04-e1701771835484.jpeg","datePublished":"2023-11-28T11:14:35+00:00","dateModified":"2024-07-16T09:16:18+00:00","description":"ADF International intervenierte am EGMR f\u00fcr den rechtlichen Schutz des Lebens. ALS Patient will Schutzbestimmungen gegen assistierten Suizid und Euthanasie kippen.","breadcrumb":{"@id":"https:\/\/adfinternational.org\/de\/news\/europas-hoechstes-menschenrechtsgericht-verhandelt-ueber-verbot-von-suizidbeihilfe#breadcrumb"},"inLanguage":"de-DE","potentialAction":[{"@type":"ReadAction","target":["https:\/\/adfinternational.org\/de\/news\/europas-hoechstes-menschenrechtsgericht-verhandelt-ueber-verbot-von-suizidbeihilfe"]}]},{"@type":"ImageObject","inLanguage":"de-DE","@id":"https:\/\/adfinternational.org\/de\/news\/europas-hoechstes-menschenrechtsgericht-verhandelt-ueber-verbot-von-suizidbeihilfe#primaryimage","url":"https:\/\/adfinternational.org\/wp-content\/uploads\/2023\/11\/WhatsApp-Image-2023-11-28-at-10.57.04-e1701771835484.jpeg","contentUrl":"https:\/\/adfinternational.org\/wp-content\/uploads\/2023\/11\/WhatsApp-Image-2023-11-28-at-10.57.04-e1701771835484.jpeg","width":762,"height":803},{"@type":"BreadcrumbList","@id":"https:\/\/adfinternational.org\/de\/news\/europas-hoechstes-menschenrechtsgericht-verhandelt-ueber-verbot-von-suizidbeihilfe#breadcrumb","itemListElement":[{"@type":"ListItem","position":1,"name":"Home","item":"https:\/\/adfinternational.org\/de"},{"@type":"ListItem","position":2,"name":"Europas h\u00f6chstes Menschenrechtsgericht verhandelt \u00fcber Verbot von Suizidbeihilfe"}]},{"@type":"WebSite","@id":"https:\/\/adfinternational.org\/de\/#website","url":"https:\/\/adfinternational.org\/de\/","name":"ADF International","description":"Protecting Fundamental Freedoms. Promoting Inherent Dignity.","publisher":{"@id":"https:\/\/adfinternational.org\/de\/#organization"},"potentialAction":[{"@type":"SearchAction","target":{"@type":"EntryPoint","urlTemplate":"https:\/\/adfinternational.org\/de\/?s={search_term_string}"},"query-input":{"@type":"PropertyValueSpecification","valueRequired":true,"valueName":"search_term_string"}}],"inLanguage":"de-DE"},{"@type":"Organization","@id":"https:\/\/adfinternational.org\/de\/#organization","name":"Alliance Defending Freedom International","url":"https:\/\/adfinternational.org\/de\/","logo":{"@type":"ImageObject","inLanguage":"de-DE","@id":"https:\/\/adfinternational.org\/de\/#\/schema\/logo\/image\/","url":"https:\/\/adfinternational.org\/wp-content\/uploads\/2021\/08\/ADF_Intl_R_RGB_175px.png","contentUrl":"https:\/\/adfinternational.org\/wp-content\/uploads\/2021\/08\/ADF_Intl_R_RGB_175px.png","width":175,"height":106,"caption":"Alliance Defending Freedom International"},"image":{"@id":"https:\/\/adfinternational.org\/de\/#\/schema\/logo\/image\/"},"sameAs":["https:\/\/facebook.com\/adfinternational","https:\/\/x.com\/adfintl","https:\/\/www.linkedin.com\/company\/adfinternational","https:\/\/www.instagram.com\/adfinternational\/"]},{"@type":"Person","@id":"https:\/\/adfinternational.org\/de\/#\/schema\/person\/6b776fc8535453c6aad8a6f9d78e6141","name":"Philipp Bues","image":{"@type":"ImageObject","inLanguage":"de-DE","@id":"https:\/\/adfinternational.org\/wp-content\/uploads\/2025\/02\/Philipp-Bues-Headshot-150x150.jpg","url":"https:\/\/adfinternational.org\/wp-content\/uploads\/2025\/02\/Philipp-Bues-Headshot-150x150.jpg","contentUrl":"https:\/\/adfinternational.org\/wp-content\/uploads\/2025\/02\/Philipp-Bues-Headshot-150x150.jpg","caption":"Philipp Bues"},"url":"https:\/\/adfinternational.org\/de\/author\/pbuesadfinternational-org"}]}},"_links":{"self":[{"href":"https:\/\/adfinternational.org\/de\/wp-json\/wp\/v2\/posts\/20671","targetHints":{"allow":["GET"]}}],"collection":[{"href":"https:\/\/adfinternational.org\/de\/wp-json\/wp\/v2\/posts"}],"about":[{"href":"https:\/\/adfinternational.org\/de\/wp-json\/wp\/v2\/types\/post"}],"author":[{"embeddable":true,"href":"https:\/\/adfinternational.org\/de\/wp-json\/wp\/v2\/users\/44"}],"replies":[{"embeddable":true,"href":"https:\/\/adfinternational.org\/de\/wp-json\/wp\/v2\/comments?post=20671"}],"version-history":[{"count":0,"href":"https:\/\/adfinternational.org\/de\/wp-json\/wp\/v2\/posts\/20671\/revisions"}],"wp:featuredmedia":[{"embeddable":true,"href":"https:\/\/adfinternational.org\/de\/wp-json\/wp\/v2\/media\/20633"}],"wp:attachment":[{"href":"https:\/\/adfinternational.org\/de\/wp-json\/wp\/v2\/media?parent=20671"}],"wp:term":[{"taxonomy":"category","embeddable":true,"href":"https:\/\/adfinternational.org\/de\/wp-json\/wp\/v2\/categories?post=20671"},{"taxonomy":"post_tag","embeddable":true,"href":"https:\/\/adfinternational.org\/de\/wp-json\/wp\/v2\/tags?post=20671"}],"curies":[{"name":"wp","href":"https:\/\/api.w.org\/{rel}","templated":true}]}}