{"id":21063,"date":"2023-12-14T09:12:33","date_gmt":"2023-12-14T08:12:33","guid":{"rendered":"https:\/\/adfinternational.org\/?p=21063"},"modified":"2025-06-11T11:59:13","modified_gmt":"2025-06-11T09:59:13","slug":"nach-19-monaten-inhaftierung-in-nigeria-wegen-blasphemie-christliche-mutter-auf-kaution-freigelassen","status":"publish","type":"post","link":"https:\/\/adfinternational.org\/de\/news\/rhoda-jatau-kaution","title":{"rendered":"Nach 19 Monaten Inhaftierung in Nigeria wegen \u201eBlasphemie\u201c: Christliche Mutter auf Kaution freigelassen"},"content":{"rendered":"\t\t<div data-elementor-type=\"wp-post\" data-elementor-id=\"21063\" class=\"elementor elementor-21063\" data-elementor-post-type=\"post\">\n\t\t\t\t\t\t<section class=\"elementor-section elementor-top-section elementor-element elementor-element-f97fc06 elementor-section-boxed elementor-section-height-default elementor-section-height-default\" data-id=\"f97fc06\" data-element_type=\"section\" data-e-type=\"section\">\n\t\t\t\t\t\t<div class=\"elementor-container elementor-column-gap-default\">\n\t\t\t\t\t<div class=\"elementor-column elementor-col-100 elementor-top-column elementor-element elementor-element-aa4981c\" data-id=\"aa4981c\" data-element_type=\"column\" data-e-type=\"column\">\n\t\t\t<div class=\"elementor-widget-wrap elementor-element-populated\">\n\t\t\t\t\t\t<div class=\"elementor-element elementor-element-f1ebefc elementor-widget elementor-widget-text-editor\" data-id=\"f1ebefc\" data-element_type=\"widget\" data-e-type=\"widget\" data-widget_type=\"text-editor.default\">\n\t\t\t\t<div class=\"elementor-widget-container\">\n\t\t\t\t\t\t\t\t\t<ul>\n \t<li><strong>Rhoda Jatau befindet sich an einem sicheren Ort, w\u00e4hrend sie auf ihren Gerichtsprozess wartet. Ihr drohen noch bis zu 5 Jahre Haft.  <\/strong><\/li>\n \t<li><strong>Die Christin, Mutter von f\u00fcnf Kindern, war im Mai 2022 inhaftiert worden, weil sie angeblich ein blasphemisches Video verbreitet hatte, in dem der Lynchmord an der christlichen Studentin Deborah Emmanuel Yakubu verurteilt wurde.  <\/strong><\/li>\n \t\n<\/ul>\t\t\t\t\t\t\t\t<\/div>\n\t\t\t\t<\/div>\n\t\t\t\t<div class=\"elementor-element elementor-element-5649229 elementor-widget elementor-widget-text-editor\" data-id=\"5649229\" data-element_type=\"widget\" data-e-type=\"widget\" data-widget_type=\"text-editor.default\">\n\t\t\t\t<div class=\"elementor-widget-container\">\n\t\t\t\t\t\t\t\t\t<p><b><span data-contrast=\"auto\">BAUCHI (Bundesstaat), NIGERIA<\/span><\/b><span data-contrast=\"auto\"> (13. Dezember 2023) &#8211; Ein Richter im nigerianischen Bundesstaat Bauchi hat Rhoda Jatau auf Kaution freigelassen. Jatau, Mutter von f\u00fcnf Kindern, sa\u00df seit Mai 2022 im Gef\u00e4ngnis, weil sie angeblich ein Video auf WhatsApp geteilt hatte, in dem sie den Lynchmord an Deborah Emmanuel Yakubu verurteilte. Yakubu, eine nigerianischen Universit\u00e4tsstudentin, war im Mai 2022 von aufgebrachten Klassenkameraden ermordet und anschlie\u00dfend verbrannt worden, weil sie ihren christlichen Glauben geteilt hatte. ADF International unterst\u00fctzt nun Jatau\u2019s Verteidigung.\u00a0\u00a0<\/span><span data-ccp-props=\"{&quot;201341983&quot;:0,&quot;335559739&quot;:160,&quot;335559740&quot;:259}\">\u00a0<\/span><\/p><p><span data-contrast=\"auto\">Jatau wurde w\u00e4hrend ihren 19 Monaten Haft wiederholt die Kaution verweigert. Sie wurde in Isolationshaft gehalten und hatte nur sporadisch w\u00e4hrend der Gerichtstermine Zugang zu ihrem Rechtsbeistand und Familienmitgliedern.\u00a0<\/span><span data-ccp-props=\"{&quot;201341983&quot;:0,&quot;335559739&quot;:160,&quot;335559740&quot;:259}\">\u00a0<\/span><\/p><p><span data-contrast=\"auto\">\u201eWir freuen uns, dass Rhoda Jatau endlich auf Kaution freigelassen wurde, nachdem sie ihr so lange verwehrt wurde\u201c, sagte Sean Nelson, Rechtsanwalt bei ADF International. \u201eNiemand sollte aufgrund friedlicher religi\u00f6ser \u00c4u\u00dferungen bestraft werden. Verteidiger der Religionsfreiheit m\u00fcssen sich verst\u00e4rkt weltweit f\u00fcr Rhoda einsetzen. Wir bem\u00fchen uns weiterhin um Gerechtigkeit f\u00fcr Rhoda und sind zuversichtlich, dass die ungerechten Anklagen und das Verfahren gegen sie vollst\u00e4ndig eingestellt werden.\u201c\u00a0\u00a0<\/span><span data-ccp-props=\"{&quot;201341983&quot;:0,&quot;335559739&quot;:160,&quot;335559740&quot;:259}\">\u00a0<\/span><\/p><p><b><span data-contrast=\"auto\">Anklage wird trotz mangelnder Beweislage fortgef\u00fchrt<\/span><\/b><span data-ccp-props=\"{&quot;201341983&quot;:0,&quot;335559739&quot;:160,&quot;335559740&quot;:259}\">\u00a0<\/span><\/p><p><span data-contrast=\"auto\">Der nigerianische Partneranwalt von ADF International, der als Hauptverteidiger in Jataus Fall fungiert, sagte: \u201eNach 19 langen Monaten im Gef\u00e4ngnis sind wir erleichtert, dass Rhoda endlich auf Kaution freigelassen wurde. Wir danken allen, die f\u00fcr Rhoda gebetet haben, und bitten Sie, auch weiterhin f\u00fcr sie zu beten, solange ihr Verfahren l\u00e4uft.\u201c\u00a0\u00a0\u00a0<\/span><span data-ccp-props=\"{&quot;201341983&quot;:0,&quot;335559739&quot;:160,&quot;335559740&quot;:259}\">\u00a0<\/span><\/p><p><span data-contrast=\"auto\">Bevor die Kaution bewilligt wurde, hatte ein Richter im nigerianischen Bundesstaat Bauchi <\/span><a href=\"https:\/\/adfinternational.org\/news\/rhoda-jatau-trial\"><span data-contrast=\"auto\">abgelehnt<\/span><\/a><span data-contrast=\"auto\">, die Anklage der Staatsanwaltschaft gegen Jatau abzuweisen. Nachdem die Staatsanwaltschaft aufgrund schwerwiegender Beweisprobleme eine Pause eingelegt hatte, stellten Jataus Anw\u00e4lte einen Antrag den Fall nicht weiter zu verfolgen. Jataus Anw\u00e4lte wiesen auf erhebliche rechtliche M\u00e4ngel in der Anklage hin und argumentierten, dass die Anklage gegen Jatau nicht begr\u00fcndet sei. Trotzdem fiel die Entscheidung, die Anklage fortzuf\u00fchren.<\/span><span data-ccp-props=\"{&quot;201341983&quot;:0,&quot;335559739&quot;:160,&quot;335559740&quot;:259}\">\u00a0<\/span><\/p><p><span data-contrast=\"auto\">Nach weitverbreiteter internationaler Emp\u00f6rung \u00fcber Jataus Inhaftierung wurde die Kaution schlie\u00dflich gew\u00e4hrt. Zusammen mit anderen Organisationen, die sich f\u00fcr die Religionsfreiheit einsetzen, <\/span><a href=\"https:\/\/adfinternational.org\/news\/un-appeal-nigeria\/\"><span data-contrast=\"none\">appellierte ADF International<\/span><\/a><span data-contrast=\"auto\"> an die internationale Solidarit\u00e4t. Daraufhin verfassten Experten der Vereinten Nationen Anfang des Jahres ein <\/span><a href=\"https:\/\/spcommreports.ohchr.org\/TMResultsBase\/DownLoadPublicCommunicationFile?gId=28273\"><span data-contrast=\"none\">gemeinsames Anschuldigungsschreiben<\/span><\/a><span data-contrast=\"auto\"> an die nigerianische Regierung, in dem sie auf Jataus und Yakubus F\u00e4lle hinwiesen. Das Schreiben unterstreicht die Gefahr, die Blasphemiegesetze f\u00fcr internationale Menschenrechte darstellen und machte auf Jataus ungerechtfertigte Inhaftierung aufmerksam.\u00a0\u00a0\u00a0<\/span><span data-ccp-props=\"{&quot;201341983&quot;:0,&quot;335559739&quot;:160,&quot;335559740&quot;:259}\">\u00a0<\/span><\/p><p><span data-contrast=\"auto\">Der Prozess gegen Jatau ist derzeit f\u00fcr den 19. Dezember angesetzt, doch aufgrund der Feiertage k\u00f6nnte der Gerichtstermin auf n\u00e4chstes Jahr vertagt werden. Jatau wird nach Paragraf 114 (\u00f6ffentliche Unruhe) und 210 (religi\u00f6se Beleidigung) des Strafgesetzbuches des Bundesstaates Bauchi angeklagt. Im Falle einer Verurteilung drohen ihr bis zu f\u00fcnf Jahre Haft.\u00a0\u00a0<\/span><span data-ccp-props=\"{&quot;201341983&quot;:0,&quot;335559739&quot;:160,&quot;335559740&quot;:259}\">\u00a0<\/span><\/p><p><b>Christenverfolgung in Nigeria<\/b><\/p><p><span data-contrast=\"auto\">Die F\u00e4lle von Rhoda Jatau und Deborah Emmanuel Yakubu sind keine Einzelf\u00e4lle. Im Norden Nigerias herrscht weit verbreitete Gewalt gegen religi\u00f6se Minderheiten, einschlie\u00dflich der Christen.\u00a0<\/span><span data-ccp-props=\"{&quot;201341983&quot;:0,&quot;335559739&quot;:160,&quot;335559740&quot;:259}\">\u00a0<\/span><\/p><p><span data-contrast=\"auto\">Die Christenverfolgung und die Verfolgung anderer religi\u00f6ser Minderheiten ist in Nigeria besonders schwerwiegend. Vergangenes Jahr wurden weltweit \u00fcber <\/span><a href=\"https:\/\/www.heritage.org\/africa\/commentary\/slaughter-nigerian-christians-warrants-international-attention\"><span data-contrast=\"none\">5.500 Christen<\/span><\/a><span data-contrast=\"auto\"> aufgrund ihres Glaubens get\u00f6tet. 90 % davon waren Nigerianer.\u202f\u202f\u202f\u00a0\u00a0<\/span><span data-ccp-props=\"{&quot;201341983&quot;:0,&quot;335559739&quot;:160,&quot;335559740&quot;:259}\">\u00a0<\/span><\/p><p><span data-contrast=\"auto\">Die Kriminalisierung der Blasphemie in Nigeria hat gef\u00e4hrliche Auswirkungen auf das ganze Land. Die H\u00e4lfte der 200 Millionen Einwohnern sind Christen, die andere H\u00e4lfte Muslime. Blasphemiegesetze sind eine vorwiegende Ursache f\u00fcr gesellschaftliche Spannungen. Unschuldige Menschen werden durch diese Gesetze daf\u00fcr bestraft, dass sie ihren Glauben zum Ausdruck bringen. Sie bringen Menschen zum Schweigen, wenn sie ihren Glauben teilen, und steigern das Gewaltpotenzial in der Gesellschaft. Blasphemiegesetze in ganz Nigeria beg\u00fcnstigen brutale Ausschreitungen durch gewaltt\u00e4tige Gruppen und f\u00fcgen muslimischen Minderheiten sowie christlichen Konvertiten und anderen schweres Leid zu.\u202f\u00a0\u00a0<\/span><span data-ccp-props=\"{&quot;201341983&quot;:0,&quot;335559739&quot;:160,&quot;335559740&quot;:259}\">\u00a0<\/span><\/p><p><span data-contrast=\"auto\">In diesem Kontext unterst\u00fctzt ADF International auch die rechtliche Verteidigung des nigerianischen <\/span><a href=\"https:\/\/adfinternational.org\/cases\/yahaya-sharif-aminu\"><span data-contrast=\"none\">Musikers Yahaya Sharif-Aminu<\/span><\/a><span data-contrast=\"auto\">. Der Sufi-Muslim wurde zu Tode verurteilt, weil er Liedtexte, die als \u201eblasphemisch\u201c eingestuft wurden, auf WhatsApp geteilt hat. Mit der Unterst\u00fctzung von ADF International legte Yahaya Berufung beim Obersten Gerichtshof von Nigeria ein. Es besteht die Hoffnung durch den Fall die Blasphemiegesetze in Nigeria zu kippen. Yahaya ist derzeit im Gef\u00e4ngnis und wartet auf seine Berufung. Er ist bereits seit \u00fcber dreieinhalb Jahren inhaftiert.<\/span><span data-ccp-props=\"{&quot;201341983&quot;:0,&quot;335559739&quot;:160,&quot;335559740&quot;:259}\">\u00a0<\/span><\/p>\t\t\t\t\t\t\t\t<\/div>\n\t\t\t\t<\/div>\n\t\t\t\t<div class=\"elementor-element elementor-element-efd4b34 elementor-share-buttons--view-icon elementor-share-buttons--skin-gradient elementor-share-buttons--shape-square elementor-grid-0 elementor-share-buttons--color-official elementor-widget elementor-widget-share-buttons\" data-id=\"efd4b34\" data-element_type=\"widget\" data-e-type=\"widget\" data-widget_type=\"share-buttons.default\">\n\t\t\t\t<div class=\"elementor-widget-container\">\n\t\t\t\t\t\t\t<div class=\"elementor-grid\" role=\"list\">\n\t\t\t\t\t\t\t\t<div class=\"elementor-grid-item\" role=\"listitem\">\n\t\t\t\t\t\t<div class=\"elementor-share-btn elementor-share-btn_facebook\" role=\"button\" tabindex=\"0\" aria-label=\"Teilen auf facebook\">\n\t\t\t\t\t\t\t\t\t\t\t\t\t\t\t<span class=\"elementor-share-btn__icon\">\n\t\t\t\t\t\t\t\t<i class=\"fab fa-facebook\" aria-hidden=\"true\"><\/i>\t\t\t\t\t\t\t<\/span>\n\t\t\t\t\t\t\t\t\t\t\t\t\t\t\t\t\t\t\t\t<\/div>\n\t\t\t\t\t<\/div>\n\t\t\t\t\t\t\t\t\t<div class=\"elementor-grid-item\" role=\"listitem\">\n\t\t\t\t\t\t<div class=\"elementor-share-btn elementor-share-btn_twitter\" role=\"button\" tabindex=\"0\" aria-label=\"Teilen auf twitter\">\n\t\t\t\t\t\t\t\t\t\t\t\t\t\t\t<span class=\"elementor-share-btn__icon\">\n\t\t\t\t\t\t\t\t<i class=\"fab fa-twitter\" aria-hidden=\"true\"><\/i>\t\t\t\t\t\t\t<\/span>\n\t\t\t\t\t\t\t\t\t\t\t\t\t\t\t\t\t\t\t\t<\/div>\n\t\t\t\t\t<\/div>\n\t\t\t\t\t\t\t\t\t<div class=\"elementor-grid-item\" role=\"listitem\">\n\t\t\t\t\t\t<div class=\"elementor-share-btn elementor-share-btn_linkedin\" role=\"button\" tabindex=\"0\" aria-label=\"Teilen auf linkedin\">\n\t\t\t\t\t\t\t\t\t\t\t\t\t\t\t<span class=\"elementor-share-btn__icon\">\n\t\t\t\t\t\t\t\t<i class=\"fab fa-linkedin\" aria-hidden=\"true\"><\/i>\t\t\t\t\t\t\t<\/span>\n\t\t\t\t\t\t\t\t\t\t\t\t\t\t\t\t\t\t\t\t<\/div>\n\t\t\t\t\t<\/div>\n\t\t\t\t\t\t<\/div>\n\t\t\t\t\t\t<\/div>\n\t\t\t\t<\/div>\n\t\t\t\t\t<\/div>\n\t\t<\/div>\n\t\t\t\t\t<\/div>\n\t\t<\/section>\n\t\t\t\t<section class=\"elementor-section elementor-top-section elementor-element elementor-element-ffcd670 elementor-section-boxed elementor-section-height-default elementor-section-height-default\" data-id=\"ffcd670\" data-element_type=\"section\" data-e-type=\"section\">\n\t\t\t\t\t\t<div class=\"elementor-container elementor-column-gap-default\">\n\t\t\t\t\t<div class=\"elementor-column elementor-col-33 elementor-top-column elementor-element elementor-element-9e91924\" data-id=\"9e91924\" data-element_type=\"column\" data-e-type=\"column\">\n\t\t\t<div class=\"elementor-widget-wrap elementor-element-populated\">\n\t\t\t\t\t\t<div class=\"elementor-element elementor-element-c6cb97c elementor-widget elementor-widget-image\" data-id=\"c6cb97c\" data-element_type=\"widget\" data-e-type=\"widget\" data-widget_type=\"image.default\">\n\t\t\t\t<div class=\"elementor-widget-container\">\n\t\t\t\t\t\t\t\t\t\t\t\t\t\t\t<img fetchpriority=\"high\" decoding=\"async\" width=\"500\" height=\"500\" src=\"https:\/\/adfinternational.org\/wp-content\/uploads\/2023\/11\/Untitled-design-1-1024x731-1-500x500.png\" class=\"attachment-Image Size 500x500 size-Image Size 500x500 wp-image-20653\" alt=\"\" srcset=\"https:\/\/adfinternational.org\/wp-content\/uploads\/2023\/11\/Untitled-design-1-1024x731-1-500x500.png 500w, https:\/\/adfinternational.org\/wp-content\/uploads\/2023\/11\/Untitled-design-1-1024x731-1-150x150.png 150w\" sizes=\"(max-width: 500px) 100vw, 500px\" \/>\t\t\t\t\t\t\t\t\t\t\t\t\t\t\t<\/div>\n\t\t\t\t<\/div>\n\t\t\t\t\t<\/div>\n\t\t<\/div>\n\t\t\t\t<div class=\"elementor-column elementor-col-33 elementor-top-column elementor-element elementor-element-136f191\" data-id=\"136f191\" data-element_type=\"column\" data-e-type=\"column\">\n\t\t\t<div class=\"elementor-widget-wrap elementor-element-populated\">\n\t\t\t\t\t\t<div class=\"elementor-element elementor-element-fe0fdba elementor-widget elementor-widget-image\" data-id=\"fe0fdba\" data-element_type=\"widget\" data-e-type=\"widget\" data-widget_type=\"image.default\">\n\t\t\t\t<div class=\"elementor-widget-container\">\n\t\t\t\t\t\t\t\t\t\t\t\t\t\t\t<img decoding=\"async\" width=\"500\" height=\"500\" src=\"https:\/\/adfinternational.org\/wp-content\/uploads\/2023\/11\/WhatsApp-Image-2023-10-25-at-16.15.43_521885c3-1-500x500.jpg\" class=\"attachment-Image Size 500x500 size-Image Size 500x500 wp-image-20660\" alt=\"Rhoda Jatau alone, shared from WhatsApp\" srcset=\"https:\/\/adfinternational.org\/wp-content\/uploads\/2023\/11\/WhatsApp-Image-2023-10-25-at-16.15.43_521885c3-1-500x500.jpg 500w, https:\/\/adfinternational.org\/wp-content\/uploads\/2023\/11\/WhatsApp-Image-2023-10-25-at-16.15.43_521885c3-1-150x150.jpg 150w\" sizes=\"(max-width: 500px) 100vw, 500px\" \/>\t\t\t\t\t\t\t\t\t\t\t\t\t\t\t<\/div>\n\t\t\t\t<\/div>\n\t\t\t\t\t<\/div>\n\t\t<\/div>\n\t\t\t\t<div class=\"elementor-column elementor-col-33 elementor-top-column elementor-element elementor-element-2820f53\" data-id=\"2820f53\" data-element_type=\"column\" data-e-type=\"column\">\n\t\t\t<div class=\"elementor-widget-wrap elementor-element-populated\">\n\t\t\t\t\t\t<div class=\"elementor-element elementor-element-5a5554c elementor-widget elementor-widget-image\" data-id=\"5a5554c\" data-element_type=\"widget\" data-e-type=\"widget\" data-widget_type=\"image.default\">\n\t\t\t\t<div class=\"elementor-widget-container\">\n\t\t\t\t\t\t\t\t\t\t\t\t\t\t\t<img decoding=\"async\" width=\"400\" height=\"400\" src=\"https:\/\/adfinternational.org\/wp-content\/uploads\/2023\/11\/ADF-Sean_Nelson_400x400-1.webp\" class=\"attachment-Image Size 500x500 size-Image Size 500x500 wp-image-20244\" alt=\"\" srcset=\"https:\/\/adfinternational.org\/wp-content\/uploads\/2023\/11\/ADF-Sean_Nelson_400x400-1.webp 400w, https:\/\/adfinternational.org\/wp-content\/uploads\/2023\/11\/ADF-Sean_Nelson_400x400-1-300x300.webp 300w, https:\/\/adfinternational.org\/wp-content\/uploads\/2023\/11\/ADF-Sean_Nelson_400x400-1-150x150.webp 150w\" sizes=\"(max-width: 400px) 100vw, 400px\" \/>\t\t\t\t\t\t\t\t\t\t\t\t\t\t\t<\/div>\n\t\t\t\t<\/div>\n\t\t\t\t\t<\/div>\n\t\t<\/div>\n\t\t\t\t\t<\/div>\n\t\t<\/section>\n\t\t\t\t<\/div>\n\t\t","protected":false},"excerpt":{"rendered":"<p>Rhoda Jatau befindet sich an einem sicheren Ort, w\u00e4hrend sie auf ihren Gerichtsprozess wartet. Ihr drohen noch bis zu 5 Jahre Haft.  <\/p>\n","protected":false},"author":44,"featured_media":20653,"comment_status":"closed","ping_status":"closed","sticky":false,"template":"","format":"standard","meta":{"_acf_changed":true,"give_campaign_id":0,"footnotes":""},"categories":[434],"tags":[949],"class_list":["post-21063","post","type-post","status-publish","format-standard","has-post-thumbnail","hentry","category-news","tag-de"],"acf":[],"yoast_head":"<!-- This site is optimized with the Yoast SEO Premium plugin v27.4 (Yoast SEO v27.4) - https:\/\/yoast.com\/product\/yoast-seo-premium-wordpress\/ -->\n<title>Nach 19 Monaten Inhaftierung in Nigeria wegen \u201eBlasphemie\u201c: Christliche Mutter auf Kaution freigelassen - ADF International<\/title>\n<meta name=\"description\" content=\"https:\/\/adfinternational.org\/de\/redefreiheit\/rhoda-jatau-kaution\" \/>\n<meta name=\"robots\" content=\"index, follow, max-snippet:-1, max-image-preview:large, max-video-preview:-1\" \/>\n<link rel=\"canonical\" href=\"https:\/\/adfinternational.org\/de\/news\/rhoda-jatau-kaution\" \/>\n<meta property=\"og:locale\" content=\"de_DE\" \/>\n<meta property=\"og:type\" content=\"article\" \/>\n<meta property=\"og:title\" content=\"Nach 19 Monaten Inhaftierung in Nigeria wegen \u201eBlasphemie\u201c: Christliche Mutter auf Kaution freigelassen\" \/>\n<meta property=\"og:description\" content=\"https:\/\/adfinternational.org\/de\/redefreiheit\/rhoda-jatau-kaution\" \/>\n<meta property=\"og:url\" content=\"https:\/\/adfinternational.org\/de\/news\/rhoda-jatau-kaution\" \/>\n<meta property=\"og:site_name\" content=\"ADF International\" \/>\n<meta property=\"article:publisher\" content=\"https:\/\/facebook.com\/adfinternational\" \/>\n<meta property=\"article:published_time\" content=\"2023-12-14T08:12:33+00:00\" \/>\n<meta property=\"article:modified_time\" content=\"2025-06-11T09:59:13+00:00\" \/>\n<meta name=\"author\" content=\"Philipp Bues\" \/>\n<meta name=\"twitter:card\" content=\"summary_large_image\" \/>\n<meta name=\"twitter:creator\" content=\"@adfintl\" \/>\n<meta name=\"twitter:site\" content=\"@adfintl\" \/>\n<meta name=\"twitter:label1\" content=\"Verfasst von\" \/>\n\t<meta name=\"twitter:data1\" content=\"Philipp Bues\" \/>\n\t<meta name=\"twitter:label2\" content=\"Gesch\u00e4tzte Lesezeit\" \/>\n\t<meta name=\"twitter:data2\" content=\"4 Minuten\" \/>\n<script type=\"application\/ld+json\" class=\"yoast-schema-graph\">{\"@context\":\"https:\\\/\\\/schema.org\",\"@graph\":[{\"@type\":\"Article\",\"@id\":\"https:\\\/\\\/adfinternational.org\\\/de\\\/news\\\/rhoda-jatau-kaution#article\",\"isPartOf\":{\"@id\":\"https:\\\/\\\/adfinternational.org\\\/de\\\/news\\\/rhoda-jatau-kaution\"},\"author\":{\"name\":\"Philipp Bues\",\"@id\":\"https:\\\/\\\/adfinternational.org\\\/de\\\/#\\\/schema\\\/person\\\/6b776fc8535453c6aad8a6f9d78e6141\"},\"headline\":\"Nach 19 Monaten Inhaftierung in Nigeria wegen \u201eBlasphemie\u201c: Christliche Mutter auf Kaution freigelassen\",\"datePublished\":\"2023-12-14T08:12:33+00:00\",\"dateModified\":\"2025-06-11T09:59:13+00:00\",\"mainEntityOfPage\":{\"@id\":\"https:\\\/\\\/adfinternational.org\\\/de\\\/news\\\/rhoda-jatau-kaution\"},\"wordCount\":754,\"publisher\":{\"@id\":\"https:\\\/\\\/adfinternational.org\\\/de\\\/#organization\"},\"image\":{\"@id\":\"https:\\\/\\\/adfinternational.org\\\/de\\\/news\\\/rhoda-jatau-kaution#primaryimage\"},\"thumbnailUrl\":\"https:\\\/\\\/adfinternational.org\\\/wp-content\\\/uploads\\\/2023\\\/11\\\/Untitled-design-1-1024x731-1.png\",\"keywords\":[\"DE\"],\"articleSection\":[\"News\"],\"inLanguage\":\"de-DE\"},{\"@type\":\"WebPage\",\"@id\":\"https:\\\/\\\/adfinternational.org\\\/de\\\/news\\\/rhoda-jatau-kaution\",\"url\":\"https:\\\/\\\/adfinternational.org\\\/de\\\/news\\\/rhoda-jatau-kaution\",\"name\":\"Nach 19 Monaten Inhaftierung in Nigeria wegen \u201eBlasphemie\u201c: Christliche Mutter auf Kaution freigelassen - ADF International\",\"isPartOf\":{\"@id\":\"https:\\\/\\\/adfinternational.org\\\/de\\\/#website\"},\"primaryImageOfPage\":{\"@id\":\"https:\\\/\\\/adfinternational.org\\\/de\\\/news\\\/rhoda-jatau-kaution#primaryimage\"},\"image\":{\"@id\":\"https:\\\/\\\/adfinternational.org\\\/de\\\/news\\\/rhoda-jatau-kaution#primaryimage\"},\"thumbnailUrl\":\"https:\\\/\\\/adfinternational.org\\\/wp-content\\\/uploads\\\/2023\\\/11\\\/Untitled-design-1-1024x731-1.png\",\"datePublished\":\"2023-12-14T08:12:33+00:00\",\"dateModified\":\"2025-06-11T09:59:13+00:00\",\"description\":\"https:\\\/\\\/adfinternational.org\\\/de\\\/redefreiheit\\\/rhoda-jatau-kaution\",\"breadcrumb\":{\"@id\":\"https:\\\/\\\/adfinternational.org\\\/de\\\/news\\\/rhoda-jatau-kaution#breadcrumb\"},\"inLanguage\":\"de-DE\",\"potentialAction\":[{\"@type\":\"ReadAction\",\"target\":[\"https:\\\/\\\/adfinternational.org\\\/de\\\/news\\\/rhoda-jatau-kaution\"]}]},{\"@type\":\"ImageObject\",\"inLanguage\":\"de-DE\",\"@id\":\"https:\\\/\\\/adfinternational.org\\\/de\\\/news\\\/rhoda-jatau-kaution#primaryimage\",\"url\":\"https:\\\/\\\/adfinternational.org\\\/wp-content\\\/uploads\\\/2023\\\/11\\\/Untitled-design-1-1024x731-1.png\",\"contentUrl\":\"https:\\\/\\\/adfinternational.org\\\/wp-content\\\/uploads\\\/2023\\\/11\\\/Untitled-design-1-1024x731-1.png\",\"width\":1024,\"height\":731,\"caption\":\"Rhoda Jatau\"},{\"@type\":\"BreadcrumbList\",\"@id\":\"https:\\\/\\\/adfinternational.org\\\/de\\\/news\\\/rhoda-jatau-kaution#breadcrumb\",\"itemListElement\":[{\"@type\":\"ListItem\",\"position\":1,\"name\":\"Home\",\"item\":\"https:\\\/\\\/adfinternational.org\\\/de\"},{\"@type\":\"ListItem\",\"position\":2,\"name\":\"Nach 19 Monaten Inhaftierung in Nigeria wegen \u201eBlasphemie\u201c: Christliche Mutter auf Kaution freigelassen\"}]},{\"@type\":\"WebSite\",\"@id\":\"https:\\\/\\\/adfinternational.org\\\/de\\\/#website\",\"url\":\"https:\\\/\\\/adfinternational.org\\\/de\\\/\",\"name\":\"ADF International\",\"description\":\"Protecting Fundamental Freedoms. Promoting Inherent Dignity.\",\"publisher\":{\"@id\":\"https:\\\/\\\/adfinternational.org\\\/de\\\/#organization\"},\"potentialAction\":[{\"@type\":\"SearchAction\",\"target\":{\"@type\":\"EntryPoint\",\"urlTemplate\":\"https:\\\/\\\/adfinternational.org\\\/de\\\/?s={search_term_string}\"},\"query-input\":{\"@type\":\"PropertyValueSpecification\",\"valueRequired\":true,\"valueName\":\"search_term_string\"}}],\"inLanguage\":\"de-DE\"},{\"@type\":\"Organization\",\"@id\":\"https:\\\/\\\/adfinternational.org\\\/de\\\/#organization\",\"name\":\"Alliance Defending Freedom International\",\"url\":\"https:\\\/\\\/adfinternational.org\\\/de\\\/\",\"logo\":{\"@type\":\"ImageObject\",\"inLanguage\":\"de-DE\",\"@id\":\"https:\\\/\\\/adfinternational.org\\\/de\\\/#\\\/schema\\\/logo\\\/image\\\/\",\"url\":\"https:\\\/\\\/adfinternational.org\\\/wp-content\\\/uploads\\\/2021\\\/08\\\/ADF_Intl_R_RGB_175px.png\",\"contentUrl\":\"https:\\\/\\\/adfinternational.org\\\/wp-content\\\/uploads\\\/2021\\\/08\\\/ADF_Intl_R_RGB_175px.png\",\"width\":175,\"height\":106,\"caption\":\"Alliance Defending Freedom International\"},\"image\":{\"@id\":\"https:\\\/\\\/adfinternational.org\\\/de\\\/#\\\/schema\\\/logo\\\/image\\\/\"},\"sameAs\":[\"https:\\\/\\\/facebook.com\\\/adfinternational\",\"https:\\\/\\\/x.com\\\/adfintl\",\"https:\\\/\\\/www.linkedin.com\\\/company\\\/adfinternational\",\"https:\\\/\\\/www.instagram.com\\\/adfinternational\\\/\"]},{\"@type\":\"Person\",\"@id\":\"https:\\\/\\\/adfinternational.org\\\/de\\\/#\\\/schema\\\/person\\\/6b776fc8535453c6aad8a6f9d78e6141\",\"name\":\"Philipp Bues\",\"image\":{\"@type\":\"ImageObject\",\"inLanguage\":\"de-DE\",\"@id\":\"https:\\\/\\\/adfinternational.org\\\/wp-content\\\/uploads\\\/2025\\\/02\\\/Philipp-Bues-Headshot-150x150.jpg\",\"url\":\"https:\\\/\\\/adfinternational.org\\\/wp-content\\\/uploads\\\/2025\\\/02\\\/Philipp-Bues-Headshot-150x150.jpg\",\"contentUrl\":\"https:\\\/\\\/adfinternational.org\\\/wp-content\\\/uploads\\\/2025\\\/02\\\/Philipp-Bues-Headshot-150x150.jpg\",\"caption\":\"Philipp Bues\"},\"url\":\"https:\\\/\\\/adfinternational.org\\\/de\\\/author\\\/pbuesadfinternational-org\"}]}<\/script>\n<!-- \/ Yoast SEO Premium plugin. -->","yoast_head_json":{"title":"Nach 19 Monaten Inhaftierung in Nigeria wegen \u201eBlasphemie\u201c: Christliche Mutter auf Kaution freigelassen - ADF International","description":"https:\/\/adfinternational.org\/de\/redefreiheit\/rhoda-jatau-kaution","robots":{"index":"index","follow":"follow","max-snippet":"max-snippet:-1","max-image-preview":"max-image-preview:large","max-video-preview":"max-video-preview:-1"},"canonical":"https:\/\/adfinternational.org\/de\/news\/rhoda-jatau-kaution","og_locale":"de_DE","og_type":"article","og_title":"Nach 19 Monaten Inhaftierung in Nigeria wegen \u201eBlasphemie\u201c: Christliche Mutter auf Kaution freigelassen","og_description":"https:\/\/adfinternational.org\/de\/redefreiheit\/rhoda-jatau-kaution","og_url":"https:\/\/adfinternational.org\/de\/news\/rhoda-jatau-kaution","og_site_name":"ADF International","article_publisher":"https:\/\/facebook.com\/adfinternational","article_published_time":"2023-12-14T08:12:33+00:00","article_modified_time":"2025-06-11T09:59:13+00:00","author":"Philipp Bues","twitter_card":"summary_large_image","twitter_creator":"@adfintl","twitter_site":"@adfintl","twitter_misc":{"Verfasst von":"Philipp Bues","Gesch\u00e4tzte Lesezeit":"4 Minuten"},"schema":{"@context":"https:\/\/schema.org","@graph":[{"@type":"Article","@id":"https:\/\/adfinternational.org\/de\/news\/rhoda-jatau-kaution#article","isPartOf":{"@id":"https:\/\/adfinternational.org\/de\/news\/rhoda-jatau-kaution"},"author":{"name":"Philipp Bues","@id":"https:\/\/adfinternational.org\/de\/#\/schema\/person\/6b776fc8535453c6aad8a6f9d78e6141"},"headline":"Nach 19 Monaten Inhaftierung in Nigeria wegen \u201eBlasphemie\u201c: Christliche Mutter auf Kaution freigelassen","datePublished":"2023-12-14T08:12:33+00:00","dateModified":"2025-06-11T09:59:13+00:00","mainEntityOfPage":{"@id":"https:\/\/adfinternational.org\/de\/news\/rhoda-jatau-kaution"},"wordCount":754,"publisher":{"@id":"https:\/\/adfinternational.org\/de\/#organization"},"image":{"@id":"https:\/\/adfinternational.org\/de\/news\/rhoda-jatau-kaution#primaryimage"},"thumbnailUrl":"https:\/\/adfinternational.org\/wp-content\/uploads\/2023\/11\/Untitled-design-1-1024x731-1.png","keywords":["DE"],"articleSection":["News"],"inLanguage":"de-DE"},{"@type":"WebPage","@id":"https:\/\/adfinternational.org\/de\/news\/rhoda-jatau-kaution","url":"https:\/\/adfinternational.org\/de\/news\/rhoda-jatau-kaution","name":"Nach 19 Monaten Inhaftierung in Nigeria wegen \u201eBlasphemie\u201c: Christliche Mutter auf Kaution freigelassen - ADF International","isPartOf":{"@id":"https:\/\/adfinternational.org\/de\/#website"},"primaryImageOfPage":{"@id":"https:\/\/adfinternational.org\/de\/news\/rhoda-jatau-kaution#primaryimage"},"image":{"@id":"https:\/\/adfinternational.org\/de\/news\/rhoda-jatau-kaution#primaryimage"},"thumbnailUrl":"https:\/\/adfinternational.org\/wp-content\/uploads\/2023\/11\/Untitled-design-1-1024x731-1.png","datePublished":"2023-12-14T08:12:33+00:00","dateModified":"2025-06-11T09:59:13+00:00","description":"https:\/\/adfinternational.org\/de\/redefreiheit\/rhoda-jatau-kaution","breadcrumb":{"@id":"https:\/\/adfinternational.org\/de\/news\/rhoda-jatau-kaution#breadcrumb"},"inLanguage":"de-DE","potentialAction":[{"@type":"ReadAction","target":["https:\/\/adfinternational.org\/de\/news\/rhoda-jatau-kaution"]}]},{"@type":"ImageObject","inLanguage":"de-DE","@id":"https:\/\/adfinternational.org\/de\/news\/rhoda-jatau-kaution#primaryimage","url":"https:\/\/adfinternational.org\/wp-content\/uploads\/2023\/11\/Untitled-design-1-1024x731-1.png","contentUrl":"https:\/\/adfinternational.org\/wp-content\/uploads\/2023\/11\/Untitled-design-1-1024x731-1.png","width":1024,"height":731,"caption":"Rhoda Jatau"},{"@type":"BreadcrumbList","@id":"https:\/\/adfinternational.org\/de\/news\/rhoda-jatau-kaution#breadcrumb","itemListElement":[{"@type":"ListItem","position":1,"name":"Home","item":"https:\/\/adfinternational.org\/de"},{"@type":"ListItem","position":2,"name":"Nach 19 Monaten Inhaftierung in Nigeria wegen \u201eBlasphemie\u201c: Christliche Mutter auf Kaution freigelassen"}]},{"@type":"WebSite","@id":"https:\/\/adfinternational.org\/de\/#website","url":"https:\/\/adfinternational.org\/de\/","name":"ADF International","description":"Protecting Fundamental Freedoms. Promoting Inherent Dignity.","publisher":{"@id":"https:\/\/adfinternational.org\/de\/#organization"},"potentialAction":[{"@type":"SearchAction","target":{"@type":"EntryPoint","urlTemplate":"https:\/\/adfinternational.org\/de\/?s={search_term_string}"},"query-input":{"@type":"PropertyValueSpecification","valueRequired":true,"valueName":"search_term_string"}}],"inLanguage":"de-DE"},{"@type":"Organization","@id":"https:\/\/adfinternational.org\/de\/#organization","name":"Alliance Defending Freedom International","url":"https:\/\/adfinternational.org\/de\/","logo":{"@type":"ImageObject","inLanguage":"de-DE","@id":"https:\/\/adfinternational.org\/de\/#\/schema\/logo\/image\/","url":"https:\/\/adfinternational.org\/wp-content\/uploads\/2021\/08\/ADF_Intl_R_RGB_175px.png","contentUrl":"https:\/\/adfinternational.org\/wp-content\/uploads\/2021\/08\/ADF_Intl_R_RGB_175px.png","width":175,"height":106,"caption":"Alliance Defending Freedom International"},"image":{"@id":"https:\/\/adfinternational.org\/de\/#\/schema\/logo\/image\/"},"sameAs":["https:\/\/facebook.com\/adfinternational","https:\/\/x.com\/adfintl","https:\/\/www.linkedin.com\/company\/adfinternational","https:\/\/www.instagram.com\/adfinternational\/"]},{"@type":"Person","@id":"https:\/\/adfinternational.org\/de\/#\/schema\/person\/6b776fc8535453c6aad8a6f9d78e6141","name":"Philipp Bues","image":{"@type":"ImageObject","inLanguage":"de-DE","@id":"https:\/\/adfinternational.org\/wp-content\/uploads\/2025\/02\/Philipp-Bues-Headshot-150x150.jpg","url":"https:\/\/adfinternational.org\/wp-content\/uploads\/2025\/02\/Philipp-Bues-Headshot-150x150.jpg","contentUrl":"https:\/\/adfinternational.org\/wp-content\/uploads\/2025\/02\/Philipp-Bues-Headshot-150x150.jpg","caption":"Philipp Bues"},"url":"https:\/\/adfinternational.org\/de\/author\/pbuesadfinternational-org"}]}},"_links":{"self":[{"href":"https:\/\/adfinternational.org\/de\/wp-json\/wp\/v2\/posts\/21063","targetHints":{"allow":["GET"]}}],"collection":[{"href":"https:\/\/adfinternational.org\/de\/wp-json\/wp\/v2\/posts"}],"about":[{"href":"https:\/\/adfinternational.org\/de\/wp-json\/wp\/v2\/types\/post"}],"author":[{"embeddable":true,"href":"https:\/\/adfinternational.org\/de\/wp-json\/wp\/v2\/users\/44"}],"replies":[{"embeddable":true,"href":"https:\/\/adfinternational.org\/de\/wp-json\/wp\/v2\/comments?post=21063"}],"version-history":[{"count":0,"href":"https:\/\/adfinternational.org\/de\/wp-json\/wp\/v2\/posts\/21063\/revisions"}],"wp:featuredmedia":[{"embeddable":true,"href":"https:\/\/adfinternational.org\/de\/wp-json\/wp\/v2\/media\/20653"}],"wp:attachment":[{"href":"https:\/\/adfinternational.org\/de\/wp-json\/wp\/v2\/media?parent=21063"}],"wp:term":[{"taxonomy":"category","embeddable":true,"href":"https:\/\/adfinternational.org\/de\/wp-json\/wp\/v2\/categories?post=21063"},{"taxonomy":"post_tag","embeddable":true,"href":"https:\/\/adfinternational.org\/de\/wp-json\/wp\/v2\/tags?post=21063"}],"curies":[{"name":"wp","href":"https:\/\/api.w.org\/{rel}","templated":true}]}}