{"id":23745,"date":"2024-01-18T10:16:54","date_gmt":"2024-01-18T09:16:54","guid":{"rendered":"https:\/\/adfinternational.org\/?p=23745"},"modified":"2025-03-11T10:40:31","modified_gmt":"2025-03-11T09:40:31","slug":"boellmann-zu-umbau-familienrecht","status":"publish","type":"post","link":"https:\/\/adfinternational.org\/de\/news\/boellmann-zu-umbau-familienrecht","title":{"rendered":"\u201eMit Grundrechten und Kindeswohl hat das nichts zu tun\u201c \u2013 Dr. Felix B\u00f6llmann zum angek\u00fcndigten Umbau von Abstammungs- und Sorgerecht in Deutschland\u00a0"},"content":{"rendered":"\t\t<div data-elementor-type=\"wp-post\" data-elementor-id=\"23745\" class=\"elementor elementor-23745\" data-elementor-post-type=\"post\">\n\t\t\t\t\t\t<section class=\"elementor-section elementor-top-section elementor-element elementor-element-8f355a8 elementor-section-boxed elementor-section-height-default elementor-section-height-default\" data-id=\"8f355a8\" data-element_type=\"section\" data-e-type=\"section\">\n\t\t\t\t\t\t<div class=\"elementor-container elementor-column-gap-default\">\n\t\t\t\t\t<div class=\"elementor-column elementor-col-100 elementor-top-column elementor-element elementor-element-7c9e83f\" data-id=\"7c9e83f\" data-element_type=\"column\" data-e-type=\"column\">\n\t\t\t<div class=\"elementor-widget-wrap elementor-element-populated\">\n\t\t\t\t\t\t<div class=\"elementor-element elementor-element-57127ce elementor-widget elementor-widget-text-editor\" data-id=\"57127ce\" data-element_type=\"widget\" data-e-type=\"widget\" data-widget_type=\"text-editor.default\">\n\t\t\t\t<div class=\"elementor-widget-container\">\n\t\t\t\t\t\t\t\t\t<p><b><span data-contrast=\"auto\">BERLIN <\/span><\/b><span data-contrast=\"auto\">(18. Januar 2024) &#8211; Bundesjustizminister Marco Buschmann plant weitreichende \u00c4nderungen im Familienrecht. Neben \u201eMitmutterschaft\u201c, bei der mehrere Frauen gemeinsam Mutter werden, soll die Ehe als stabile Verbindung von Eltern keine Grundlage mehr f\u00fcr Adoption sein. Zudem ist die Einf\u00fchrung von sogenannten \u201eElternschaftsvereinbarungen\u201c geplant. Das meint die \u201eVerabredung\u201c lesbischer und schwuler Menschen in Partnerschaft ein Kind hervorzubringen.\u00a0<\/span><span data-ccp-props=\"{&quot;201341983&quot;:0,&quot;335559739&quot;:160,&quot;335559740&quot;:259}\">\u00a0<\/span><\/p><p><span data-contrast=\"auto\">Zu den weitreichenden \u00c4nderungen im Familienrecht und Kinderschutz sagt Dr. Felix B\u00f6llmann:\u00a0<\/span><span data-ccp-props=\"{&quot;201341983&quot;:0,&quot;335559739&quot;:160,&quot;335559740&quot;:259}\">\u00a0<\/span><\/p><p><span data-contrast=\"auto\">\u201eDie Pl\u00e4ne der Bundesregierung schaden Kindern, schw\u00e4chen Ehen sowie Familien und stehen im Widerspruch zu fundamentalen Wertungen des Grundgesetzes.\u00a0<\/span><span data-ccp-props=\"{&quot;201341983&quot;:0,&quot;335559739&quot;:160,&quot;335559740&quot;:259}\">\u00a0<\/span><\/p><p><span data-contrast=\"auto\">Das Konzept der \u201aMitmutterschaft\u2018 ist an sich ein Eingriff in das sowohl v\u00f6lkerrechtlich als auch vom Grundgesetz garantierte Recht jedes Kindes auf Kenntnis der eigenen Abstammung. Jedes Kind hat notwendigerweise einen Vater und eine Mutter. Diese Tatsache wird durch die Neuregelung negiert. Die Rechte und Interessen von Kindern vorrangig zu sch\u00fctzen, ist Aufgabe des Rechtssystems.\u00a0<\/span><span data-ccp-props=\"{&quot;201341983&quot;:0,&quot;335559739&quot;:160,&quot;335559740&quot;:259}\">\u00a0<\/span><\/p><p><span data-contrast=\"auto\">Die Ehe ist die Grundlage der Familie und der Gesellschaft. Deswegen genie\u00dfen sie \u201ebesonderen Schutz\u201c (GG Art 6). Studien zeigen, dass die stabile Ehe zwischen Mann und Frau die besten Bedingungen f\u00fcr den Start ins Leben bietet. Der Kulturkampf der Ampel gegen die Ehe ist mit dem verfassungsrechtlichen Neutralit\u00e4tsgebot in Weltanschauungsfragen nicht vereinbar.\u00a0<\/span><span data-ccp-props=\"{&quot;201341983&quot;:0,&quot;335559739&quot;:160,&quot;335559740&quot;:259}\">\u00a0<\/span><\/p><p><b><span data-contrast=\"auto\">\u201eGipfel der gesellschaftlichen Absurdit\u00e4t\u201c<\/span><\/b><span data-ccp-props=\"{&quot;201341983&quot;:0,&quot;335559739&quot;:160,&quot;335559740&quot;:259}\">\u00a0<\/span><\/p><p><span data-contrast=\"auto\">Der Gipfel der rechtlichen und gesellschaftlichen Absurdit\u00e4t ist die Idee, dass lesbische und schwule Paare gemeinsam Kinder zeugen sollen und die Bundesregierung das rechtlich absichern m\u00f6chte.\u00a0<\/span><span data-ccp-props=\"{&quot;201341983&quot;:0,&quot;335559739&quot;:160,&quot;335559740&quot;:259}\">\u00a0<\/span><\/p><p><span data-contrast=\"auto\">Die scheinbar liberalen Vorschl\u00e4ge offenbaren bei n\u00e4herem Hinsehen einfach nur Chaos. Stabilit\u00e4t, Bindung sowie Vater und Mutter sind f\u00fcr Kinder wichtig. Die Ampel will genau diese Werte f\u00fcr ein Leitbild der Beliebigkeit opfern. Der Reform geht es nicht um die Kinder, sondern um die Befriedigung der Bed\u00fcrfnisse Erwachsener. Mit Grundrechten und Kindeswohl hat das nichts zu tun\u201c, sagt Dr. Felix B\u00f6llmann, deutscher Rechtsanwalt und Leiter der europ\u00e4ischen Rechtsabteilung von ADF International.\u00a0<\/span><span data-ccp-props=\"{&quot;201341983&quot;:0,&quot;335559739&quot;:160,&quot;335559740&quot;:259}\">\u00a0<\/span><\/p>\t\t\t\t\t\t\t\t<\/div>\n\t\t\t\t<\/div>\n\t\t\t\t\t<\/div>\n\t\t<\/div>\n\t\t\t\t\t<\/div>\n\t\t<\/section>\n\t\t\t\t<section class=\"elementor-section elementor-top-section elementor-element elementor-element-229a549 elementor-section-boxed elementor-section-height-default elementor-section-height-default\" data-id=\"229a549\" data-element_type=\"section\" data-e-type=\"section\">\n\t\t\t\t\t\t<div class=\"elementor-container elementor-column-gap-default\">\n\t\t\t\t\t<div class=\"elementor-column elementor-col-100 elementor-top-column elementor-element elementor-element-30bd573\" data-id=\"30bd573\" data-element_type=\"column\" data-e-type=\"column\">\n\t\t\t<div class=\"elementor-widget-wrap elementor-element-populated\">\n\t\t\t\t\t\t<div class=\"elementor-element elementor-element-f9e80b5 elementor-widget elementor-widget-text-editor\" data-id=\"f9e80b5\" data-element_type=\"widget\" data-e-type=\"widget\" data-widget_type=\"text-editor.default\">\n\t\t\t\t<div class=\"elementor-widget-container\">\n\t\t\t\t\t\t\t\t\t<p>Die Fotos k\u00f6nnen gerne im Zusammenhang mit diesem Fall und Angabe der Bildquelle (ADF International) kostenlos verwendet werden.<\/p>\t\t\t\t\t\t\t\t<\/div>\n\t\t\t\t<\/div>\n\t\t\t\t<div class=\"elementor-element elementor-element-f723084 elementor-widget elementor-widget-gallery\" data-id=\"f723084\" data-element_type=\"widget\" data-e-type=\"widget\" data-settings=\"{&quot;aspect_ratio&quot;:&quot;1:1&quot;,&quot;lazyload&quot;:&quot;yes&quot;,&quot;gallery_layout&quot;:&quot;grid&quot;,&quot;columns&quot;:4,&quot;columns_tablet&quot;:2,&quot;columns_mobile&quot;:1,&quot;gap&quot;:{&quot;unit&quot;:&quot;px&quot;,&quot;size&quot;:10,&quot;sizes&quot;:[]},&quot;gap_tablet&quot;:{&quot;unit&quot;:&quot;px&quot;,&quot;size&quot;:10,&quot;sizes&quot;:[]},&quot;gap_mobile&quot;:{&quot;unit&quot;:&quot;px&quot;,&quot;size&quot;:10,&quot;sizes&quot;:[]},&quot;link_to&quot;:&quot;file&quot;,&quot;overlay_background&quot;:&quot;yes&quot;,&quot;content_hover_animation&quot;:&quot;fade-in&quot;}\" data-widget_type=\"gallery.default\">\n\t\t\t\t<div class=\"elementor-widget-container\">\n\t\t\t\t\t\t\t<div class=\"elementor-gallery__container\">\n\t\t\t\t\t\t\t<a class=\"e-gallery-item elementor-gallery-item elementor-animated-content\" href=\"https:\/\/adfinternational.org\/wp-content\/uploads\/2022\/08\/Felix-Boellmann_headshot-1.png\" data-elementor-open-lightbox=\"yes\" data-elementor-lightbox-slideshow=\"f723084\" data-elementor-lightbox-title=\"Felix Boellmann Headshot\" data-e-action-hash=\"#elementor-action%3Aaction%3Dlightbox%26settings%3DeyJpZCI6OTc1NywidXJsIjoiaHR0cHM6XC9cL2FkZmludGVybmF0aW9uYWwub3JnXC93cC1jb250ZW50XC91cGxvYWRzXC8yMDIyXC8wOFwvRmVsaXgtQm9lbGxtYW5uX2hlYWRzaG90LTEucG5nIiwic2xpZGVzaG93IjoiZjcyMzA4NCJ9\">\n\t\t\t\t\t<div class=\"e-gallery-image elementor-gallery-item__image\" data-thumbnail=\"https:\/\/adfinternational.org\/wp-content\/uploads\/2022\/08\/Felix-Boellmann_headshot-1.png\" data-width=\"400\" data-height=\"400\" aria-label=\"Felix B\u00f6llmann\" role=\"img\" ><\/div>\n\t\t\t\t\t\t\t\t\t\t\t<div class=\"elementor-gallery-item__overlay\"><\/div>\n\t\t\t\t\t\t\t\t\t\t\t\t\t\t<\/a>\n\t\t\t\t\t<\/div>\n\t\t\t\t\t<\/div>\n\t\t\t\t<\/div>\n\t\t\t\t\t<\/div>\n\t\t<\/div>\n\t\t\t\t\t<\/div>\n\t\t<\/section>\n\t\t\t\t<\/div>\n\t\t","protected":false},"excerpt":{"rendered":"<p>Die Pl\u00e4ne der Bundesregierung schaden Kindern, schw\u00e4chen Ehen sowie Familien und stehen im Widerspruch zu fundamentalen Wertungen des Grundgesetzes.  <\/p>\n","protected":false},"author":44,"featured_media":12396,"comment_status":"closed","ping_status":"closed","sticky":false,"template":"","format":"standard","meta":{"_acf_changed":false,"give_campaign_id":0,"footnotes":""},"categories":[434],"tags":[545,949,544,914,421],"class_list":["post-23745","post","type-post","status-publish","format-standard","has-post-thumbnail","hentry","category-news","tag-boellmann","tag-de","tag-deutschland","tag-familie","tag-news"],"acf":[],"yoast_head":"<!-- This site is optimized with the Yoast SEO Premium plugin v27.4 (Yoast SEO v27.4) - https:\/\/yoast.com\/product\/yoast-seo-premium-wordpress\/ -->\n<title>\u201eMit Grundrechten und Kindeswohl hat das nichts zu tun\u201c \u2013 Dr. Felix B\u00f6llmann zum angek\u00fcndigten Umbau von Abstammungs- und Sorgerecht in Deutschland\u00a0 - ADF International<\/title>\n<meta name=\"description\" content=\"\u201eDie Pl\u00e4ne der Bundesregierung schaden Kindern, schw\u00e4chen Ehen sowie Familien und stehen im Widerspruch zu fundamentalen Wertungen des Grundgesetzes.\" \/>\n<meta name=\"robots\" content=\"index, follow, max-snippet:-1, max-image-preview:large, max-video-preview:-1\" \/>\n<link rel=\"canonical\" href=\"https:\/\/adfinternational.org\/de\/news\/boellmann-zu-umbau-familienrecht\" \/>\n<meta property=\"og:locale\" content=\"de_DE\" \/>\n<meta property=\"og:type\" content=\"article\" \/>\n<meta property=\"og:title\" content=\"\u201eMit Grundrechten und Kindeswohl hat das nichts zu tun\u201c \u2013 Dr. Felix B\u00f6llmann zum angek\u00fcndigten Umbau von Abstammungs- und Sorgerecht in Deutschland\u00a0\" \/>\n<meta property=\"og:description\" content=\"\u201eDie Pl\u00e4ne der Bundesregierung schaden Kindern, schw\u00e4chen Ehen sowie Familien und stehen im Widerspruch zu fundamentalen Wertungen des Grundgesetzes.\" \/>\n<meta property=\"og:url\" content=\"https:\/\/adfinternational.org\/de\/news\/boellmann-zu-umbau-familienrecht\" \/>\n<meta property=\"og:site_name\" content=\"ADF International\" \/>\n<meta property=\"article:publisher\" content=\"https:\/\/facebook.com\/adfinternational\" \/>\n<meta property=\"article:published_time\" content=\"2024-01-18T09:16:54+00:00\" \/>\n<meta property=\"article:modified_time\" content=\"2025-03-11T09:40:31+00:00\" \/>\n<meta property=\"og:image\" content=\"https:\/\/adfinternational.org\/wp-content\/uploads\/2021\/05\/Felix-Boellmann_10302.png\" \/>\n\t<meta property=\"og:image:width\" content=\"400\" \/>\n\t<meta property=\"og:image:height\" content=\"400\" \/>\n\t<meta property=\"og:image:type\" content=\"image\/png\" \/>\n<meta name=\"author\" content=\"Philipp Bues\" \/>\n<meta name=\"twitter:card\" content=\"summary_large_image\" \/>\n<meta name=\"twitter:creator\" content=\"@adfintl\" \/>\n<meta name=\"twitter:site\" content=\"@adfintl\" \/>\n<meta name=\"twitter:label1\" content=\"Verfasst von\" \/>\n\t<meta name=\"twitter:data1\" content=\"Philipp Bues\" \/>\n\t<meta name=\"twitter:label2\" content=\"Gesch\u00e4tzte Lesezeit\" \/>\n\t<meta name=\"twitter:data2\" content=\"2 Minuten\" \/>\n<script type=\"application\/ld+json\" class=\"yoast-schema-graph\">{\"@context\":\"https:\\\/\\\/schema.org\",\"@graph\":[{\"@type\":\"Article\",\"@id\":\"https:\\\/\\\/adfinternational.org\\\/de\\\/news\\\/boellmann-zu-umbau-familienrecht#article\",\"isPartOf\":{\"@id\":\"https:\\\/\\\/adfinternational.org\\\/de\\\/news\\\/boellmann-zu-umbau-familienrecht\"},\"author\":{\"name\":\"Philipp Bues\",\"@id\":\"https:\\\/\\\/adfinternational.org\\\/de\\\/#\\\/schema\\\/person\\\/6b776fc8535453c6aad8a6f9d78e6141\"},\"headline\":\"\u201eMit Grundrechten und Kindeswohl hat das nichts zu tun\u201c \u2013 Dr. Felix B\u00f6llmann zum angek\u00fcndigten Umbau von Abstammungs- und Sorgerecht in Deutschland\u00a0\",\"datePublished\":\"2024-01-18T09:16:54+00:00\",\"dateModified\":\"2025-03-11T09:40:31+00:00\",\"mainEntityOfPage\":{\"@id\":\"https:\\\/\\\/adfinternational.org\\\/de\\\/news\\\/boellmann-zu-umbau-familienrecht\"},\"wordCount\":357,\"publisher\":{\"@id\":\"https:\\\/\\\/adfinternational.org\\\/de\\\/#organization\"},\"image\":{\"@id\":\"https:\\\/\\\/adfinternational.org\\\/de\\\/news\\\/boellmann-zu-umbau-familienrecht#primaryimage\"},\"thumbnailUrl\":\"https:\\\/\\\/adfinternational.org\\\/wp-content\\\/uploads\\\/2021\\\/05\\\/Felix-Boellmann_10302.png\",\"keywords\":[\"B\u00f6llmann\",\"DE\",\"Deutschland\",\"Familie\",\"News\"],\"articleSection\":[\"News\"],\"inLanguage\":\"de-DE\"},{\"@type\":\"WebPage\",\"@id\":\"https:\\\/\\\/adfinternational.org\\\/de\\\/news\\\/boellmann-zu-umbau-familienrecht\",\"url\":\"https:\\\/\\\/adfinternational.org\\\/de\\\/news\\\/boellmann-zu-umbau-familienrecht\",\"name\":\"\u201eMit Grundrechten und Kindeswohl hat das nichts zu tun\u201c \u2013 Dr. Felix B\u00f6llmann zum angek\u00fcndigten Umbau von Abstammungs- und Sorgerecht in Deutschland\u00a0 - ADF International\",\"isPartOf\":{\"@id\":\"https:\\\/\\\/adfinternational.org\\\/de\\\/#website\"},\"primaryImageOfPage\":{\"@id\":\"https:\\\/\\\/adfinternational.org\\\/de\\\/news\\\/boellmann-zu-umbau-familienrecht#primaryimage\"},\"image\":{\"@id\":\"https:\\\/\\\/adfinternational.org\\\/de\\\/news\\\/boellmann-zu-umbau-familienrecht#primaryimage\"},\"thumbnailUrl\":\"https:\\\/\\\/adfinternational.org\\\/wp-content\\\/uploads\\\/2021\\\/05\\\/Felix-Boellmann_10302.png\",\"datePublished\":\"2024-01-18T09:16:54+00:00\",\"dateModified\":\"2025-03-11T09:40:31+00:00\",\"description\":\"\u201eDie Pl\u00e4ne der Bundesregierung schaden Kindern, schw\u00e4chen Ehen sowie Familien und stehen im Widerspruch zu fundamentalen Wertungen des Grundgesetzes.\",\"breadcrumb\":{\"@id\":\"https:\\\/\\\/adfinternational.org\\\/de\\\/news\\\/boellmann-zu-umbau-familienrecht#breadcrumb\"},\"inLanguage\":\"de-DE\",\"potentialAction\":[{\"@type\":\"ReadAction\",\"target\":[\"https:\\\/\\\/adfinternational.org\\\/de\\\/news\\\/boellmann-zu-umbau-familienrecht\"]}]},{\"@type\":\"ImageObject\",\"inLanguage\":\"de-DE\",\"@id\":\"https:\\\/\\\/adfinternational.org\\\/de\\\/news\\\/boellmann-zu-umbau-familienrecht#primaryimage\",\"url\":\"https:\\\/\\\/adfinternational.org\\\/wp-content\\\/uploads\\\/2021\\\/05\\\/Felix-Boellmann_10302.png\",\"contentUrl\":\"https:\\\/\\\/adfinternational.org\\\/wp-content\\\/uploads\\\/2021\\\/05\\\/Felix-Boellmann_10302.png\",\"width\":400,\"height\":400},{\"@type\":\"BreadcrumbList\",\"@id\":\"https:\\\/\\\/adfinternational.org\\\/de\\\/news\\\/boellmann-zu-umbau-familienrecht#breadcrumb\",\"itemListElement\":[{\"@type\":\"ListItem\",\"position\":1,\"name\":\"Home\",\"item\":\"https:\\\/\\\/adfinternational.org\\\/de\"},{\"@type\":\"ListItem\",\"position\":2,\"name\":\"\u201eMit Grundrechten und Kindeswohl hat das nichts zu tun\u201c \u2013 Dr. Felix B\u00f6llmann zum angek\u00fcndigten Umbau von Abstammungs- und Sorgerecht in Deutschland\u00a0\"}]},{\"@type\":\"WebSite\",\"@id\":\"https:\\\/\\\/adfinternational.org\\\/de\\\/#website\",\"url\":\"https:\\\/\\\/adfinternational.org\\\/de\\\/\",\"name\":\"ADF International\",\"description\":\"Protecting Fundamental Freedoms. Promoting Inherent Dignity.\",\"publisher\":{\"@id\":\"https:\\\/\\\/adfinternational.org\\\/de\\\/#organization\"},\"potentialAction\":[{\"@type\":\"SearchAction\",\"target\":{\"@type\":\"EntryPoint\",\"urlTemplate\":\"https:\\\/\\\/adfinternational.org\\\/de\\\/?s={search_term_string}\"},\"query-input\":{\"@type\":\"PropertyValueSpecification\",\"valueRequired\":true,\"valueName\":\"search_term_string\"}}],\"inLanguage\":\"de-DE\"},{\"@type\":\"Organization\",\"@id\":\"https:\\\/\\\/adfinternational.org\\\/de\\\/#organization\",\"name\":\"Alliance Defending Freedom International\",\"url\":\"https:\\\/\\\/adfinternational.org\\\/de\\\/\",\"logo\":{\"@type\":\"ImageObject\",\"inLanguage\":\"de-DE\",\"@id\":\"https:\\\/\\\/adfinternational.org\\\/de\\\/#\\\/schema\\\/logo\\\/image\\\/\",\"url\":\"https:\\\/\\\/adfinternational.org\\\/wp-content\\\/uploads\\\/2021\\\/08\\\/ADF_Intl_R_RGB_175px.png\",\"contentUrl\":\"https:\\\/\\\/adfinternational.org\\\/wp-content\\\/uploads\\\/2021\\\/08\\\/ADF_Intl_R_RGB_175px.png\",\"width\":175,\"height\":106,\"caption\":\"Alliance Defending Freedom International\"},\"image\":{\"@id\":\"https:\\\/\\\/adfinternational.org\\\/de\\\/#\\\/schema\\\/logo\\\/image\\\/\"},\"sameAs\":[\"https:\\\/\\\/facebook.com\\\/adfinternational\",\"https:\\\/\\\/x.com\\\/adfintl\",\"https:\\\/\\\/www.linkedin.com\\\/company\\\/adfinternational\",\"https:\\\/\\\/www.instagram.com\\\/adfinternational\\\/\"]},{\"@type\":\"Person\",\"@id\":\"https:\\\/\\\/adfinternational.org\\\/de\\\/#\\\/schema\\\/person\\\/6b776fc8535453c6aad8a6f9d78e6141\",\"name\":\"Philipp Bues\",\"image\":{\"@type\":\"ImageObject\",\"inLanguage\":\"de-DE\",\"@id\":\"https:\\\/\\\/adfinternational.org\\\/wp-content\\\/uploads\\\/2025\\\/02\\\/Philipp-Bues-Headshot-150x150.jpg\",\"url\":\"https:\\\/\\\/adfinternational.org\\\/wp-content\\\/uploads\\\/2025\\\/02\\\/Philipp-Bues-Headshot-150x150.jpg\",\"contentUrl\":\"https:\\\/\\\/adfinternational.org\\\/wp-content\\\/uploads\\\/2025\\\/02\\\/Philipp-Bues-Headshot-150x150.jpg\",\"caption\":\"Philipp Bues\"},\"url\":\"https:\\\/\\\/adfinternational.org\\\/de\\\/author\\\/pbuesadfinternational-org\"}]}<\/script>\n<!-- \/ Yoast SEO Premium plugin. -->","yoast_head_json":{"title":"\u201eMit Grundrechten und Kindeswohl hat das nichts zu tun\u201c \u2013 Dr. Felix B\u00f6llmann zum angek\u00fcndigten Umbau von Abstammungs- und Sorgerecht in Deutschland\u00a0 - ADF International","description":"\u201eDie Pl\u00e4ne der Bundesregierung schaden Kindern, schw\u00e4chen Ehen sowie Familien und stehen im Widerspruch zu fundamentalen Wertungen des Grundgesetzes.","robots":{"index":"index","follow":"follow","max-snippet":"max-snippet:-1","max-image-preview":"max-image-preview:large","max-video-preview":"max-video-preview:-1"},"canonical":"https:\/\/adfinternational.org\/de\/news\/boellmann-zu-umbau-familienrecht","og_locale":"de_DE","og_type":"article","og_title":"\u201eMit Grundrechten und Kindeswohl hat das nichts zu tun\u201c \u2013 Dr. Felix B\u00f6llmann zum angek\u00fcndigten Umbau von Abstammungs- und Sorgerecht in Deutschland\u00a0","og_description":"\u201eDie Pl\u00e4ne der Bundesregierung schaden Kindern, schw\u00e4chen Ehen sowie Familien und stehen im Widerspruch zu fundamentalen Wertungen des Grundgesetzes.","og_url":"https:\/\/adfinternational.org\/de\/news\/boellmann-zu-umbau-familienrecht","og_site_name":"ADF International","article_publisher":"https:\/\/facebook.com\/adfinternational","article_published_time":"2024-01-18T09:16:54+00:00","article_modified_time":"2025-03-11T09:40:31+00:00","og_image":[{"width":400,"height":400,"url":"https:\/\/adfinternational.org\/wp-content\/uploads\/2021\/05\/Felix-Boellmann_10302.png","type":"image\/png"}],"author":"Philipp Bues","twitter_card":"summary_large_image","twitter_creator":"@adfintl","twitter_site":"@adfintl","twitter_misc":{"Verfasst von":"Philipp Bues","Gesch\u00e4tzte Lesezeit":"2 Minuten"},"schema":{"@context":"https:\/\/schema.org","@graph":[{"@type":"Article","@id":"https:\/\/adfinternational.org\/de\/news\/boellmann-zu-umbau-familienrecht#article","isPartOf":{"@id":"https:\/\/adfinternational.org\/de\/news\/boellmann-zu-umbau-familienrecht"},"author":{"name":"Philipp Bues","@id":"https:\/\/adfinternational.org\/de\/#\/schema\/person\/6b776fc8535453c6aad8a6f9d78e6141"},"headline":"\u201eMit Grundrechten und Kindeswohl hat das nichts zu tun\u201c \u2013 Dr. Felix B\u00f6llmann zum angek\u00fcndigten Umbau von Abstammungs- und Sorgerecht in Deutschland\u00a0","datePublished":"2024-01-18T09:16:54+00:00","dateModified":"2025-03-11T09:40:31+00:00","mainEntityOfPage":{"@id":"https:\/\/adfinternational.org\/de\/news\/boellmann-zu-umbau-familienrecht"},"wordCount":357,"publisher":{"@id":"https:\/\/adfinternational.org\/de\/#organization"},"image":{"@id":"https:\/\/adfinternational.org\/de\/news\/boellmann-zu-umbau-familienrecht#primaryimage"},"thumbnailUrl":"https:\/\/adfinternational.org\/wp-content\/uploads\/2021\/05\/Felix-Boellmann_10302.png","keywords":["B\u00f6llmann","DE","Deutschland","Familie","News"],"articleSection":["News"],"inLanguage":"de-DE"},{"@type":"WebPage","@id":"https:\/\/adfinternational.org\/de\/news\/boellmann-zu-umbau-familienrecht","url":"https:\/\/adfinternational.org\/de\/news\/boellmann-zu-umbau-familienrecht","name":"\u201eMit Grundrechten und Kindeswohl hat das nichts zu tun\u201c \u2013 Dr. Felix B\u00f6llmann zum angek\u00fcndigten Umbau von Abstammungs- und Sorgerecht in Deutschland\u00a0 - ADF International","isPartOf":{"@id":"https:\/\/adfinternational.org\/de\/#website"},"primaryImageOfPage":{"@id":"https:\/\/adfinternational.org\/de\/news\/boellmann-zu-umbau-familienrecht#primaryimage"},"image":{"@id":"https:\/\/adfinternational.org\/de\/news\/boellmann-zu-umbau-familienrecht#primaryimage"},"thumbnailUrl":"https:\/\/adfinternational.org\/wp-content\/uploads\/2021\/05\/Felix-Boellmann_10302.png","datePublished":"2024-01-18T09:16:54+00:00","dateModified":"2025-03-11T09:40:31+00:00","description":"\u201eDie Pl\u00e4ne der Bundesregierung schaden Kindern, schw\u00e4chen Ehen sowie Familien und stehen im Widerspruch zu fundamentalen Wertungen des Grundgesetzes.","breadcrumb":{"@id":"https:\/\/adfinternational.org\/de\/news\/boellmann-zu-umbau-familienrecht#breadcrumb"},"inLanguage":"de-DE","potentialAction":[{"@type":"ReadAction","target":["https:\/\/adfinternational.org\/de\/news\/boellmann-zu-umbau-familienrecht"]}]},{"@type":"ImageObject","inLanguage":"de-DE","@id":"https:\/\/adfinternational.org\/de\/news\/boellmann-zu-umbau-familienrecht#primaryimage","url":"https:\/\/adfinternational.org\/wp-content\/uploads\/2021\/05\/Felix-Boellmann_10302.png","contentUrl":"https:\/\/adfinternational.org\/wp-content\/uploads\/2021\/05\/Felix-Boellmann_10302.png","width":400,"height":400},{"@type":"BreadcrumbList","@id":"https:\/\/adfinternational.org\/de\/news\/boellmann-zu-umbau-familienrecht#breadcrumb","itemListElement":[{"@type":"ListItem","position":1,"name":"Home","item":"https:\/\/adfinternational.org\/de"},{"@type":"ListItem","position":2,"name":"\u201eMit Grundrechten und Kindeswohl hat das nichts zu tun\u201c \u2013 Dr. Felix B\u00f6llmann zum angek\u00fcndigten Umbau von Abstammungs- und Sorgerecht in Deutschland\u00a0"}]},{"@type":"WebSite","@id":"https:\/\/adfinternational.org\/de\/#website","url":"https:\/\/adfinternational.org\/de\/","name":"ADF International","description":"Protecting Fundamental Freedoms. Promoting Inherent Dignity.","publisher":{"@id":"https:\/\/adfinternational.org\/de\/#organization"},"potentialAction":[{"@type":"SearchAction","target":{"@type":"EntryPoint","urlTemplate":"https:\/\/adfinternational.org\/de\/?s={search_term_string}"},"query-input":{"@type":"PropertyValueSpecification","valueRequired":true,"valueName":"search_term_string"}}],"inLanguage":"de-DE"},{"@type":"Organization","@id":"https:\/\/adfinternational.org\/de\/#organization","name":"Alliance Defending Freedom International","url":"https:\/\/adfinternational.org\/de\/","logo":{"@type":"ImageObject","inLanguage":"de-DE","@id":"https:\/\/adfinternational.org\/de\/#\/schema\/logo\/image\/","url":"https:\/\/adfinternational.org\/wp-content\/uploads\/2021\/08\/ADF_Intl_R_RGB_175px.png","contentUrl":"https:\/\/adfinternational.org\/wp-content\/uploads\/2021\/08\/ADF_Intl_R_RGB_175px.png","width":175,"height":106,"caption":"Alliance Defending Freedom International"},"image":{"@id":"https:\/\/adfinternational.org\/de\/#\/schema\/logo\/image\/"},"sameAs":["https:\/\/facebook.com\/adfinternational","https:\/\/x.com\/adfintl","https:\/\/www.linkedin.com\/company\/adfinternational","https:\/\/www.instagram.com\/adfinternational\/"]},{"@type":"Person","@id":"https:\/\/adfinternational.org\/de\/#\/schema\/person\/6b776fc8535453c6aad8a6f9d78e6141","name":"Philipp Bues","image":{"@type":"ImageObject","inLanguage":"de-DE","@id":"https:\/\/adfinternational.org\/wp-content\/uploads\/2025\/02\/Philipp-Bues-Headshot-150x150.jpg","url":"https:\/\/adfinternational.org\/wp-content\/uploads\/2025\/02\/Philipp-Bues-Headshot-150x150.jpg","contentUrl":"https:\/\/adfinternational.org\/wp-content\/uploads\/2025\/02\/Philipp-Bues-Headshot-150x150.jpg","caption":"Philipp Bues"},"url":"https:\/\/adfinternational.org\/de\/author\/pbuesadfinternational-org"}]}},"_links":{"self":[{"href":"https:\/\/adfinternational.org\/de\/wp-json\/wp\/v2\/posts\/23745","targetHints":{"allow":["GET"]}}],"collection":[{"href":"https:\/\/adfinternational.org\/de\/wp-json\/wp\/v2\/posts"}],"about":[{"href":"https:\/\/adfinternational.org\/de\/wp-json\/wp\/v2\/types\/post"}],"author":[{"embeddable":true,"href":"https:\/\/adfinternational.org\/de\/wp-json\/wp\/v2\/users\/44"}],"replies":[{"embeddable":true,"href":"https:\/\/adfinternational.org\/de\/wp-json\/wp\/v2\/comments?post=23745"}],"version-history":[{"count":0,"href":"https:\/\/adfinternational.org\/de\/wp-json\/wp\/v2\/posts\/23745\/revisions"}],"wp:featuredmedia":[{"embeddable":true,"href":"https:\/\/adfinternational.org\/de\/wp-json\/wp\/v2\/media\/12396"}],"wp:attachment":[{"href":"https:\/\/adfinternational.org\/de\/wp-json\/wp\/v2\/media?parent=23745"}],"wp:term":[{"taxonomy":"category","embeddable":true,"href":"https:\/\/adfinternational.org\/de\/wp-json\/wp\/v2\/categories?post=23745"},{"taxonomy":"post_tag","embeddable":true,"href":"https:\/\/adfinternational.org\/de\/wp-json\/wp\/v2\/tags?post=23745"}],"curies":[{"name":"wp","href":"https:\/\/api.w.org\/{rel}","templated":true}]}}