{"id":55268,"date":"2024-06-28T12:08:02","date_gmt":"2024-06-28T11:08:02","guid":{"rendered":"https:\/\/adfinternational.org\/?p=55268"},"modified":"2024-07-16T10:17:40","modified_gmt":"2024-07-16T09:17:40","slug":"gericht-gewissensfreiheit-apotheker-kersten","status":"publish","type":"post","link":"https:\/\/adfinternational.org\/de\/news\/gericht-gewissensfreiheit-apotheker-kersten","title":{"rendered":"Berliner Gericht h\u00f6hlt Gewissensfreiheit f\u00fcr Apotheker in \u201cPille danach\u201d-Urteil aus"},"content":{"rendered":"\t\t<div data-elementor-type=\"wp-post\" data-elementor-id=\"55268\" class=\"elementor elementor-55268\" data-elementor-post-type=\"post\">\n\t\t\t\t\t\t<section class=\"elementor-section elementor-top-section elementor-element elementor-element-1a2ffdc8 elementor-section-boxed elementor-section-height-default elementor-section-height-default\" data-id=\"1a2ffdc8\" data-element_type=\"section\" data-e-type=\"section\">\n\t\t\t\t\t\t<div class=\"elementor-container elementor-column-gap-default\">\n\t\t\t\t\t<div class=\"elementor-column elementor-col-100 elementor-top-column elementor-element elementor-element-b4017fc\" data-id=\"b4017fc\" data-element_type=\"column\" data-e-type=\"column\">\n\t\t\t<div class=\"elementor-widget-wrap elementor-element-populated\">\n\t\t\t\t\t\t<div class=\"elementor-element elementor-element-6f7b025b elementor-widget elementor-widget-text-editor\" data-id=\"6f7b025b\" data-element_type=\"widget\" data-e-type=\"widget\" data-widget_type=\"text-editor.default\">\n\t\t\t\t<div class=\"elementor-widget-container\">\n\t\t\t\t\t\t\t\t\t<ul><li data-leveltext=\"\uf0b7\" data-font=\"Symbol\" data-listid=\"2\" data-list-defn-props=\"{&quot;335552541&quot;:1,&quot;335559685&quot;:720,&quot;335559991&quot;:360,&quot;469769226&quot;:&quot;Symbol&quot;,&quot;469769242&quot;:[8226],&quot;469777803&quot;:&quot;left&quot;,&quot;469777804&quot;:&quot;\uf0b7&quot;,&quot;469777815&quot;:&quot;hybridMultilevel&quot;}\" aria-setsize=\"-1\" data-aria-posinset=\"1\" data-aria-level=\"1\"><b><span data-contrast=\"auto\">Apotheker war vor Gericht, weil er aus Gewissensgr\u00fcnden \u201ePille danach\u201c nicht verkaufte. Die Apothekerkammer beschuldigte ihn 2018 eines Berufsvergehens und argumentierte, dass das Pr\u00e4parat zur \u201eGrundversorgung\u201c geh\u00f6re.<\/span><\/b><span data-ccp-props=\"{&quot;201341983&quot;:0,&quot;335559739&quot;:160,&quot;335559740&quot;:278}\">\u00a0<\/span><\/li><\/ul><ul><li data-leveltext=\"\uf0b7\" data-font=\"Symbol\" data-listid=\"2\" data-list-defn-props=\"{&quot;335552541&quot;:1,&quot;335559685&quot;:720,&quot;335559991&quot;:360,&quot;469769226&quot;:&quot;Symbol&quot;,&quot;469769242&quot;:[8226],&quot;469777803&quot;:&quot;left&quot;,&quot;469777804&quot;:&quot;\uf0b7&quot;,&quot;469777815&quot;:&quot;hybridMultilevel&quot;}\" aria-setsize=\"-1\" data-aria-posinset=\"2\" data-aria-level=\"1\"><b><span data-contrast=\"auto\">M\u00fcndliches Urteil: Apotheker, die den Verkauf nicht mit ihrem Gewissen vereinbaren k\u00f6nnen, m\u00fcssen den Beruf aufgeben.<\/span><\/b><\/li><\/ul><ul><li data-leveltext=\"\uf0b7\" data-font=\"Symbol\" data-listid=\"2\" data-list-defn-props=\"{&quot;335552541&quot;:1,&quot;335559685&quot;:720,&quot;335559991&quot;:360,&quot;469769226&quot;:&quot;Symbol&quot;,&quot;469769242&quot;:[8226],&quot;469777803&quot;:&quot;left&quot;,&quot;469777804&quot;:&quot;\uf0b7&quot;,&quot;469777815&quot;:&quot;hybridMultilevel&quot;}\" aria-setsize=\"-1\" data-aria-posinset=\"3\" data-aria-level=\"1\"><b><span data-contrast=\"auto\">ADF International unterst\u00fctzt den Apotheker seit sechs Jahren im wichtigsten Pr\u00e4zedenzfall zur Gewissensfreiheit in Deutschland<\/span><\/b><span data-ccp-props=\"{&quot;201341983&quot;:0,&quot;335559739&quot;:160,&quot;335559740&quot;:278}\">\u00a0<\/span><\/li><\/ul>\t\t\t\t\t\t\t\t<\/div>\n\t\t\t\t<\/div>\n\t\t\t\t<div class=\"elementor-element elementor-element-42682e41 elementor-widget elementor-widget-theme-post-featured-image elementor-widget-image\" data-id=\"42682e41\" data-element_type=\"widget\" data-e-type=\"widget\" data-widget_type=\"theme-post-featured-image.default\">\n\t\t\t\t<div class=\"elementor-widget-container\">\n\t\t\t\t\t\t\t\t\t\t\t\t\t\t\t<img fetchpriority=\"high\" decoding=\"async\" width=\"1024\" height=\"472\" src=\"https:\/\/adfinternational.org\/wp-content\/uploads\/2021\/12\/Andreas-Kersten_closeup.jpg\" class=\"attachment-large size-large wp-image-3844\" alt=\"\" srcset=\"https:\/\/adfinternational.org\/wp-content\/uploads\/2021\/12\/Andreas-Kersten_closeup.jpg 1024w, https:\/\/adfinternational.org\/wp-content\/uploads\/2021\/12\/Andreas-Kersten_closeup-300x138.jpg 300w, https:\/\/adfinternational.org\/wp-content\/uploads\/2021\/12\/Andreas-Kersten_closeup-768x354.jpg 768w\" sizes=\"(max-width: 1024px) 100vw, 1024px\" \/>\t\t\t\t\t\t\t\t\t\t\t\t\t\t\t<\/div>\n\t\t\t\t<\/div>\n\t\t\t\t<div class=\"elementor-element elementor-element-3c69caaf elementor-widget elementor-widget-text-editor\" data-id=\"3c69caaf\" data-element_type=\"widget\" data-e-type=\"widget\" data-widget_type=\"text-editor.default\">\n\t\t\t\t<div class=\"elementor-widget-container\">\n\t\t\t\t\t\t\t\t\t<p><b><span data-contrast=\"auto\">Berlin (28. Juni 2024) \u2013 <\/span><\/b><span data-contrast=\"auto\">Das Oberverwaltungsgericht Berlin-Brandenburg<\/span> <span data-contrast=\"auto\">hat diese Woche in einem <\/span><a href=\"https:\/\/www.berlin.de\/gerichte\/oberverwaltungsgericht\/presse\/pressemitteilungen\/2024\/pressemitteilung.1460797.php\" target=\"_blank\" rel=\"noopener\"><span data-contrast=\"none\">hoch ambivalenten Urteil<\/span><\/a><span data-contrast=\"auto\"> einen Apotheker vom Vorwurf der Berufspflichtverletzung freigesprochen und die Berufung der Apothekerkammer kostenpflichtig zur\u00fcckgewiesen. Zugleich hat es aber die Gewissensfreiheit von Apothekern in Berlin in Frage gestellt.\u00a0<\/span><span data-ccp-props=\"{&quot;201341983&quot;:0,&quot;335559739&quot;:160,&quot;335559740&quot;:278}\">\u00a0<\/span><\/p><p><span data-contrast=\"auto\">In der m\u00fcndlichen Urteilsverk\u00fcndigung erl\u00e4uterte der vorsitzende Richter, die \u201ePille danach\u201c sei ein zugelassenes Arzneimittel, es gebe kein \u201ePr\u00fcfrecht\u201c f\u00fcr Pharmazeuten und die individuelle Gewissensfreiheit sei dem Versorgungsauftrag untergeordnet. Ein Apotheker, der die Abgabe bestimmter Pr\u00e4parate nicht mit seinem Gewissen vereinbaren k\u00f6nne, m\u00fcsse seinen Beruf aufgeben.<\/span><span data-ccp-props=\"{&quot;201341983&quot;:0,&quot;335559739&quot;:160,&quot;335559740&quot;:278}\">\u00a0<\/span><\/p>\t\t\t\t\t\t\t\t<\/div>\n\t\t\t\t<\/div>\n\t\t\t\t<div class=\"elementor-element elementor-element-1da6946f elementor-blockquote--skin-border elementor-widget elementor-widget-blockquote\" data-id=\"1da6946f\" data-element_type=\"widget\" data-e-type=\"widget\" data-widget_type=\"blockquote.default\">\n\t\t\t\t<div class=\"elementor-widget-container\">\n\t\t\t\t\t\t\t<blockquote class=\"elementor-blockquote\">\n\t\t\t<p class=\"elementor-blockquote__content\">\n\t\t\t\t<span style=\"color: #AF272F\">\u201cDie sogenannte \u201ePille danach\u201c zu verkaufen, kann ich mit meinem Gewissen nicht vereinbaren. <\/span>Jetzt werden Apotheker es schwerer haben und k\u00f6nnten sich aus Gewissensgr\u00fcnden gezwungen sehen, ihren geliebten Beruf aufzugeben.\"\t\t\t<\/p>\n\t\t\t\t\t\t\t<div class=\"e-q-footer\">\n\t\t\t\t\t\t\t\t\t\t\t<cite class=\"elementor-blockquote__author\">- Apotheker Andreas Kersten aus Berlin<\/cite>\n\t\t\t\t\t\t\t\t\t\t\t\t\t\t<\/div>\n\t\t\t\t\t<\/blockquote>\n\t\t\t\t\t\t<\/div>\n\t\t\t\t<\/div>\n\t\t\t\t<div class=\"elementor-element elementor-element-4999fe82 elementor-widget elementor-widget-text-editor\" data-id=\"4999fe82\" data-element_type=\"widget\" data-e-type=\"widget\" data-widget_type=\"text-editor.default\">\n\t\t\t\t<div class=\"elementor-widget-container\">\n\t\t\t\t\t\t\t\t\t<p><i><span data-contrast=\"auto\">\u201eIch bin sehr erleichtert, dass das Gericht die von der Apothekerkammer gegen mich beantragte Sanktion abgelehnt hat. Ich bin Apotheker geworden, um die Gesundheit von Menschen zu f\u00f6rdern, sogar Leben zu retten. Die sogenannte \u201ePille danach\u201c zu verkaufen, kann ich mit meinem Gewissen nicht vereinbaren, weil sie m\u00f6glicherweise abtreibende Wirkung hat. Das Gericht hat sich hinter meine Haltung gestellt. Es fand kein Verschulden in meiner Weigerung aus Gewissensgr\u00fcnden. Best\u00fcrzt hat mich aber die Begr\u00fcndung. Jetzt werden Apotheker es schwerer haben und k\u00f6nnten sich aus Gewissensgr\u00fcnden gezwungen sehen, ihren geliebten Beruf aufzugeben, \u201c <\/span><\/i><span data-contrast=\"auto\">so der Apotheker Andreas Kersten nach der Urteilsverk\u00fcndigung.<\/span><span data-ccp-props=\"{&quot;201341983&quot;:0,&quot;335559739&quot;:160,&quot;335559740&quot;:278}\">\u00a0<\/span><\/p><p><b><span data-contrast=\"auto\">Hintergrund: Anklage gegen gewissenhaften Apotheker<\/span><\/b><span data-ccp-props=\"{&quot;201341983&quot;:0,&quot;335559739&quot;:160,&quot;335559740&quot;:278}\">\u00a0<\/span><\/p><p><span data-contrast=\"auto\">Seit 2018 betrieb die Apothekerkammer Berlin ein berufsrechtliches Verfahren gegen den Pharmazeuten und (damaligen) Inhaber der Undine-Apotheke <a href=\"https:\/\/adfinternational.org\/de\/fall\/andreas-kersten\" target=\"_blank\" rel=\"noopener\">Andreas Kersten<\/a>. Er hatte sich aus Gewissensgr\u00fcnden stets geweigert, die sogenannte \u201ePille danach\u201c vorr\u00e4tig zu haben und zu verkaufen. Das Berufsgericht f\u00fcr Heilberufe beim Verwaltungsgericht Berlin\u202fgab Kersten daraufhin im November 2019 recht.\u00a0\u00a0<\/span><span data-ccp-props=\"{&quot;201341983&quot;:0,&quot;335559739&quot;:160,&quot;335559740&quot;:278}\">\u00a0<\/span><\/p><p><span data-contrast=\"auto\">Das Gericht hielt damals fest, dass Apotheker sich auf die Gewissensfreiheit berufen k\u00f6nnen. Die Apothekerkammer legte aber Berufung gegen das Urteil ein und Kersten musste seitdem auf seinen Berufungsprozess warten. Schon der lange Prozess wurde f\u00fcr ihn zur Strafe.<\/span><span data-ccp-props=\"{&quot;201341983&quot;:0,&quot;335559739&quot;:160,&quot;335559740&quot;:278}\">\u00a0<\/span><\/p><p><b><span data-contrast=\"auto\">Gewonnen und doch verloren<\/span><\/b><span data-ccp-props=\"{&quot;201341983&quot;:0,&quot;335559739&quot;:160,&quot;335559740&quot;:278}\">\u00a0<\/span><\/p><p><span data-contrast=\"auto\">Formell sprach das Gericht Andreas Kersten am 26.06.2024 im konkreten Fall vom Vorwurf der Berufspflichtverletzung frei. Es wies die Berufung der Apothekerkammer vollumf\u00e4nglich zur\u00fcck und erlegte ihr die Verfahrenskosten auf.\u00a0<\/span><span data-ccp-props=\"{&quot;201341983&quot;:0,&quot;335559739&quot;:160,&quot;335559740&quot;:278}\">\u00a0<\/span><\/p><p><span data-contrast=\"auto\">\u201e<\/span><i><span data-contrast=\"auto\">Nach einem Verfahren durch mehrere Instanzen und nach \u00fcber 5 Jahren Unsicherheit ist jetzt klar, dass Andreas Kersten in seiner Gewissensnot nicht schuldhaft gegen Berufspflichten versto\u00dfen hat. Dar\u00fcber freuen wir uns. Skandal\u00f6s ist aber die Begr\u00fcndung des Urteils. Das Gericht f\u00fchrte zun\u00e4chst nur m\u00fcndlich aus, dass sich Apotheker zuk\u00fcnftig zwischen ihren \u00dcberzeugungen und ihrem Beruf entscheiden m\u00fcssen. Wir werden die Begr\u00fcndung genau pr\u00fcfen<\/span><\/i><span data-contrast=\"auto\">,\u201c sagte <a href=\"https:\/\/adfinternational.org\/de\/unser-team\/felix-boellmann\" target=\"_blank\" rel=\"noopener\">Dr. Felix B\u00f6llmann<\/a>, der Leiter der europ\u00e4ischen Rechtsabteilung von ADF International nach der Urteilsverk\u00fcndung. ADF International unterst\u00fctzte Kerstens Fall seit sechs Jahren als wichtigen Pr\u00e4zedenzfall in Deutschland.<\/span><span data-ccp-props=\"{&quot;201341983&quot;:0,&quot;335559739&quot;:160,&quot;335559740&quot;:278}\">\u00a0<\/span><\/p><p><span data-contrast=\"auto\">B\u00f6llmann weiter: \u201e<\/span><i><span data-contrast=\"auto\">Das Oberverwaltungsgericht Berlin setzt sich mit seiner Argumentation in direkten Widerspruch zum internationalen Recht. Grundrechte m\u00fcssen effektiv garantiert werden, nicht nur auf dem Papier. Aber die Argumentation des Gerichts l\u00e4sst der Gewissensfreiheit keinen Raum. Gewissenskonflikte m\u00fcssen im Rechtsstaat, der sowohl Gewissens-, als auch Berufsfreiheit garantiert, anders als durch einen Berufswechsel gel\u00f6st werden<\/span><\/i><span data-contrast=\"auto\">.\u201c<\/span><span data-ccp-props=\"{&quot;201341983&quot;:0,&quot;335559739&quot;:160,&quot;335559740&quot;:278}\">\u00a0<\/span><\/p><p><span data-contrast=\"auto\">Die Begr\u00fcndung des Gerichts wirkt auch im Hinblick auf die offizielle Handlungsempfehlungen der Bundesapothekerkammer \u201eRezeptfreie Abgabe von oralen Notfallkontrazeptiva (\u201aPille danach\u2018)\u201c fragw\u00fcrdig. Darin werden dem Apotheker umfassende Aufkl\u00e4rungs- und Beratungspflichten auferlegt \u2013 zur Sicherstellung der richtigen Anwendung und damit zum Schutz der Bev\u00f6lkerung.\u00a0<\/span><span data-ccp-props=\"{&quot;201341983&quot;:0,&quot;335559739&quot;:160,&quot;335559740&quot;:278}\">\u00a0<\/span><\/p><p><span data-contrast=\"auto\">\u201e<\/span><i><span data-contrast=\"auto\">Zu den umfassenden Beratungspflichten passt es nicht, Apotheker unter Berufung auf den Versorgungsauftrag dazu zu zwingen, jedes Pr\u00e4parat auf Nachfrage und ungeachtet etwaiger Bedenken zu verkaufen,<\/span><\/i><span data-contrast=\"auto\">\u201c sagte B\u00f6llmann.<\/span><span data-ccp-props=\"{&quot;201341983&quot;:0,&quot;335559739&quot;:160,&quot;335559740&quot;:278}\">\u00a0<\/span><\/p><p><b><span data-contrast=\"auto\">\u201ePille danach\u201c: potenziell abtreibendes Pr\u00e4parat<\/span><\/b><span data-ccp-props=\"{&quot;201341983&quot;:0,&quot;335559739&quot;:160,&quot;335559740&quot;:278}\">\u00a0<\/span><\/p><p><span data-contrast=\"auto\">Neben weiteren gef\u00e4hrlichen Nebenwirkungen ist die \u201ePille danach\u201c auch wegen ihrer potenziell abtreibenden Wirkung umstritten. Meist wird das Pr\u00e4parat zur Verz\u00f6gerung des Eisprungs und dadurch der Verhinderung der Verschmelzung von Eizelle und Spermium verwendet. Allerdings wirkt die \u201ePille danach\u201c auch nidationshemmend, das hei\u00dft die Einnistung der bereits befruchteten Eizelle in die Geb\u00e4rmutter wird verhindert. Ein bereits gezeugter Mensch w\u00fcrde in diesem Fall abgetrieben.\u00a0<\/span><span data-ccp-props=\"{&quot;201341983&quot;:0,&quot;335559739&quot;:160,&quot;335559740&quot;:278}\">\u00a0<\/span><\/p><p><span data-contrast=\"auto\">\u201e<\/span><i><span data-contrast=\"auto\">Niemand darf zu einer Handlung gezwungen werden, die seinem Gewissen deutlich widerspricht \u2013 vor allem nicht, wenn es um Leben und Tod geht. Wer als Apotheker oder Mediziner deswegen Probleme bekommt oder Zwang erf\u00e4hrt, kann sich gerne bei uns melden. Gemeinsam k\u00f6nnen wir die Gewissensfreiheit verteidigen<\/span><\/i><span data-contrast=\"auto\">. <\/span><i><span data-contrast=\"auto\">Berufsverbote aus Gewissensgr\u00fcnden sind eines den Grundrechten verpflichteten Rechtstaates unw\u00fcrdig,<\/span><\/i><span data-contrast=\"auto\">\u201c schloss B\u00f6llmann.\u00a0<\/span><span data-ccp-props=\"{&quot;201341983&quot;:0,&quot;335559739&quot;:160,&quot;335559740&quot;:278}\">\u00a0<\/span><\/p>\t\t\t\t\t\t\t\t<\/div>\n\t\t\t\t<\/div>\n\t\t\t\t<div class=\"elementor-element elementor-element-1217c1c6 elementor-widget-divider--view-line elementor-widget elementor-widget-divider\" data-id=\"1217c1c6\" data-element_type=\"widget\" data-e-type=\"widget\" data-widget_type=\"divider.default\">\n\t\t\t\t<div class=\"elementor-widget-container\">\n\t\t\t\t\t\t\t<div class=\"elementor-divider\">\n\t\t\t<span class=\"elementor-divider-separator\">\n\t\t\t\t\t\t<\/span>\n\t\t<\/div>\n\t\t\t\t\t\t<\/div>\n\t\t\t\t<\/div>\n\t\t\t\t<div class=\"elementor-element elementor-element-5aa29321 elementor-widget elementor-widget-text-editor\" data-id=\"5aa29321\" data-element_type=\"widget\" data-e-type=\"widget\" data-widget_type=\"text-editor.default\">\n\t\t\t\t<div class=\"elementor-widget-container\">\n\t\t\t\t\t\t\t\t\tImages for free use in print or online in relation to this story only\t\t\t\t\t\t\t\t<\/div>\n\t\t\t\t<\/div>\n\t\t\t\t<div class=\"elementor-element elementor-element-2f6a4c2f elementor-widget elementor-widget-gallery\" data-id=\"2f6a4c2f\" data-element_type=\"widget\" data-e-type=\"widget\" data-settings=\"{&quot;aspect_ratio&quot;:&quot;1:1&quot;,&quot;lazyload&quot;:&quot;yes&quot;,&quot;gallery_layout&quot;:&quot;grid&quot;,&quot;columns&quot;:4,&quot;columns_tablet&quot;:2,&quot;columns_mobile&quot;:1,&quot;gap&quot;:{&quot;unit&quot;:&quot;px&quot;,&quot;size&quot;:10,&quot;sizes&quot;:[]},&quot;gap_tablet&quot;:{&quot;unit&quot;:&quot;px&quot;,&quot;size&quot;:10,&quot;sizes&quot;:[]},&quot;gap_mobile&quot;:{&quot;unit&quot;:&quot;px&quot;,&quot;size&quot;:10,&quot;sizes&quot;:[]},&quot;link_to&quot;:&quot;file&quot;,&quot;overlay_background&quot;:&quot;yes&quot;,&quot;content_hover_animation&quot;:&quot;fade-in&quot;}\" data-widget_type=\"gallery.default\">\n\t\t\t\t<div class=\"elementor-widget-container\">\n\t\t\t\t\t\t\t<div class=\"elementor-gallery__container\">\n\t\t\t\t\t\t\t<a class=\"e-gallery-item elementor-gallery-item elementor-animated-content\" href=\"https:\/\/adfinternational.org\/wp-content\/uploads\/2024\/06\/PIC01614-scaled.jpg\" data-elementor-open-lightbox=\"yes\" data-elementor-lightbox-slideshow=\"2f6a4c2f\" data-elementor-lightbox-title=\"Kersten Pharmacy\" data-e-action-hash=\"#elementor-action%3Aaction%3Dlightbox%26settings%3DeyJpZCI6NTUyNjksInVybCI6Imh0dHBzOlwvXC9hZGZpbnRlcm5hdGlvbmFsLm9yZ1wvd3AtY29udGVudFwvdXBsb2Fkc1wvMjAyNFwvMDZcL1BJQzAxNjE0LXNjYWxlZC5qcGciLCJzbGlkZXNob3ciOiIyZjZhNGMyZiJ9\">\n\t\t\t\t\t<div class=\"e-gallery-image elementor-gallery-item__image\" data-thumbnail=\"https:\/\/adfinternational.org\/wp-content\/uploads\/2024\/06\/PIC01614-1024x683.jpg\" data-width=\"1024\" data-height=\"683\" aria-label=\"\" role=\"img\" ><\/div>\n\t\t\t\t\t\t\t\t\t\t\t<div class=\"elementor-gallery-item__overlay\"><\/div>\n\t\t\t\t\t\t\t\t\t\t\t\t\t\t<\/a>\n\t\t\t\t\t\t\t<a class=\"e-gallery-item elementor-gallery-item elementor-animated-content\" href=\"https:\/\/adfinternational.org\/wp-content\/uploads\/2024\/01\/Dr.-Felix-Boellmann_2-2-scaled.jpg\" data-elementor-open-lightbox=\"yes\" data-elementor-lightbox-slideshow=\"2f6a4c2f\" data-elementor-lightbox-title=\"Dr. Felix B\u00f6llmann\" data-e-action-hash=\"#elementor-action%3Aaction%3Dlightbox%26settings%3DeyJpZCI6MjM3NDcsInVybCI6Imh0dHBzOlwvXC9hZGZpbnRlcm5hdGlvbmFsLm9yZ1wvd3AtY29udGVudFwvdXBsb2Fkc1wvMjAyNFwvMDFcL0RyLi1GZWxpeC1Cb2VsbG1hbm5fMi0yLXNjYWxlZC5qcGciLCJzbGlkZXNob3ciOiIyZjZhNGMyZiJ9\">\n\t\t\t\t\t<div class=\"e-gallery-image elementor-gallery-item__image\" data-thumbnail=\"https:\/\/adfinternational.org\/wp-content\/uploads\/2024\/01\/Dr.-Felix-Boellmann_2-2-819x1024.jpg\" data-width=\"819\" data-height=\"1024\" aria-label=\"\" role=\"img\" ><\/div>\n\t\t\t\t\t\t\t\t\t\t\t<div class=\"elementor-gallery-item__overlay\"><\/div>\n\t\t\t\t\t\t\t\t\t\t\t\t\t\t<\/a>\n\t\t\t\t\t\t\t<a class=\"e-gallery-item elementor-gallery-item elementor-animated-content\" href=\"https:\/\/adfinternational.org\/wp-content\/uploads\/2024\/06\/OVG-Berlin.png\" data-elementor-open-lightbox=\"yes\" data-elementor-lightbox-slideshow=\"2f6a4c2f\" data-elementor-lightbox-title=\"OVG Berlin\" data-e-action-hash=\"#elementor-action%3Aaction%3Dlightbox%26settings%3DeyJpZCI6NTUyNzQsInVybCI6Imh0dHBzOlwvXC9hZGZpbnRlcm5hdGlvbmFsLm9yZ1wvd3AtY29udGVudFwvdXBsb2Fkc1wvMjAyNFwvMDZcL09WRy1CZXJsaW4ucG5nIiwic2xpZGVzaG93IjoiMmY2YTRjMmYifQ%3D%3D\">\n\t\t\t\t\t<div class=\"e-gallery-image elementor-gallery-item__image\" data-thumbnail=\"https:\/\/adfinternational.org\/wp-content\/uploads\/2024\/06\/OVG-Berlin.png\" data-width=\"667\" data-height=\"837\" aria-label=\"\" role=\"img\" ><\/div>\n\t\t\t\t\t\t\t\t\t\t\t<div class=\"elementor-gallery-item__overlay\"><\/div>\n\t\t\t\t\t\t\t\t\t\t\t\t\t\t<\/a>\n\t\t\t\t\t<\/div>\n\t\t\t\t\t<\/div>\n\t\t\t\t<\/div>\n\t\t\t\t\t<\/div>\n\t\t<\/div>\n\t\t\t\t\t<\/div>\n\t\t<\/section>\n\t\t\t\t<\/div>\n\t\t","protected":false},"excerpt":{"rendered":"<p>Apotheker war vor Gericht, weil er aus Gewissensgr\u00fcnden \u201ePille danach\u201c nicht verkaufte. Die Apothekerkammer beschuldigte ihn 2018 eines Berufsvergehens und argumentierte, dass das Pr\u00e4parat zur \u201eGrundversorgung\u201c geh\u00f6re.\u00a0 M\u00fcndliches Urteil: Apotheker, die den Verkauf nicht mit ihrem Gewissen vereinbaren k\u00f6nnen, m\u00fcssen den Beruf aufgeben. ADF International unterst\u00fctzt den Apotheker seit sechs Jahren im wichtigsten Pr\u00e4zedenzfall zur [&hellip;]<\/p>\n","protected":false},"author":44,"featured_media":3844,"comment_status":"closed","ping_status":"closed","sticky":false,"template":"","format":"standard","meta":{"_acf_changed":true,"give_campaign_id":0,"footnotes":""},"categories":[434],"tags":[545,949,544,986,1165,491,421],"class_list":["post-55268","post","type-post","status-publish","format-standard","has-post-thumbnail","hentry","category-news","tag-boellmann","tag-de","tag-deutschland","tag-europa","tag-gewissensfreiheit","tag-meinungsfreiheit","tag-news"],"acf":[],"yoast_head":"<!-- This site is optimized with the Yoast SEO Premium plugin v27.4 (Yoast SEO v27.4) - https:\/\/yoast.com\/product\/yoast-seo-premium-wordpress\/ -->\n<title>Berliner Gericht h\u00f6hlt Gewissensfreiheit f\u00fcr Apotheker in \u201cPille danach\u201d-Urteil aus - ADF International<\/title>\n<meta name=\"description\" content=\"Apotheker, die den Verkauf nicht mit ihrem Gewissen vereinbaren k\u00f6nnen, m\u00fcssen den Beruf aufgeben.\" \/>\n<meta name=\"robots\" content=\"index, follow, max-snippet:-1, max-image-preview:large, max-video-preview:-1\" \/>\n<link rel=\"canonical\" href=\"https:\/\/adfinternational.org\/de\/news\/gericht-gewissensfreiheit-apotheker-kersten\" \/>\n<meta property=\"og:locale\" content=\"de_DE\" \/>\n<meta property=\"og:type\" content=\"article\" \/>\n<meta property=\"og:title\" content=\"Berliner Gericht h\u00f6hlt Gewissensfreiheit f\u00fcr Apotheker in \u201cPille danach\u201d-Urteil aus\" \/>\n<meta property=\"og:description\" content=\"Apotheker, die den Verkauf nicht mit ihrem Gewissen vereinbaren k\u00f6nnen, m\u00fcssen den Beruf aufgeben.\" \/>\n<meta property=\"og:url\" content=\"https:\/\/adfinternational.org\/de\/news\/gericht-gewissensfreiheit-apotheker-kersten\" \/>\n<meta property=\"og:site_name\" content=\"ADF International\" \/>\n<meta property=\"article:publisher\" content=\"https:\/\/facebook.com\/adfinternational\" \/>\n<meta property=\"article:published_time\" content=\"2024-06-28T11:08:02+00:00\" \/>\n<meta property=\"article:modified_time\" content=\"2024-07-16T09:17:40+00:00\" \/>\n<meta property=\"og:image\" content=\"https:\/\/adfinternational.org\/wp-content\/uploads\/2021\/12\/Andreas-Kersten_closeup.jpg\" \/>\n\t<meta property=\"og:image:width\" content=\"1024\" \/>\n\t<meta property=\"og:image:height\" content=\"472\" \/>\n\t<meta property=\"og:image:type\" content=\"image\/jpeg\" \/>\n<meta name=\"author\" content=\"Philipp Bues\" \/>\n<meta name=\"twitter:card\" content=\"summary_large_image\" \/>\n<meta name=\"twitter:creator\" content=\"@adfintl\" \/>\n<meta name=\"twitter:site\" content=\"@adfintl\" \/>\n<meta name=\"twitter:label1\" content=\"Verfasst von\" \/>\n\t<meta name=\"twitter:data1\" content=\"Philipp Bues\" \/>\n\t<meta name=\"twitter:label2\" content=\"Gesch\u00e4tzte Lesezeit\" \/>\n\t<meta name=\"twitter:data2\" content=\"5 Minuten\" \/>\n<script type=\"application\/ld+json\" class=\"yoast-schema-graph\">{\"@context\":\"https:\\\/\\\/schema.org\",\"@graph\":[{\"@type\":\"Article\",\"@id\":\"https:\\\/\\\/adfinternational.org\\\/de\\\/news\\\/gericht-gewissensfreiheit-apotheker-kersten#article\",\"isPartOf\":{\"@id\":\"https:\\\/\\\/adfinternational.org\\\/de\\\/news\\\/gericht-gewissensfreiheit-apotheker-kersten\"},\"author\":{\"name\":\"Philipp Bues\",\"@id\":\"https:\\\/\\\/adfinternational.org\\\/de\\\/#\\\/schema\\\/person\\\/6b776fc8535453c6aad8a6f9d78e6141\"},\"headline\":\"Berliner Gericht h\u00f6hlt Gewissensfreiheit f\u00fcr Apotheker in \u201cPille danach\u201d-Urteil aus\",\"datePublished\":\"2024-06-28T11:08:02+00:00\",\"dateModified\":\"2024-07-16T09:17:40+00:00\",\"mainEntityOfPage\":{\"@id\":\"https:\\\/\\\/adfinternational.org\\\/de\\\/news\\\/gericht-gewissensfreiheit-apotheker-kersten\"},\"wordCount\":842,\"publisher\":{\"@id\":\"https:\\\/\\\/adfinternational.org\\\/de\\\/#organization\"},\"image\":{\"@id\":\"https:\\\/\\\/adfinternational.org\\\/de\\\/news\\\/gericht-gewissensfreiheit-apotheker-kersten#primaryimage\"},\"thumbnailUrl\":\"https:\\\/\\\/adfinternational.org\\\/wp-content\\\/uploads\\\/2021\\\/12\\\/Andreas-Kersten_closeup.jpg\",\"keywords\":[\"B\u00f6llmann\",\"DE\",\"Deutschland\",\"europa\",\"Gewissensfreiheit\",\"Meinungsfreiheit\",\"News\"],\"articleSection\":[\"News\"],\"inLanguage\":\"de-DE\"},{\"@type\":\"WebPage\",\"@id\":\"https:\\\/\\\/adfinternational.org\\\/de\\\/news\\\/gericht-gewissensfreiheit-apotheker-kersten\",\"url\":\"https:\\\/\\\/adfinternational.org\\\/de\\\/news\\\/gericht-gewissensfreiheit-apotheker-kersten\",\"name\":\"Berliner Gericht h\u00f6hlt Gewissensfreiheit f\u00fcr Apotheker in \u201cPille danach\u201d-Urteil aus - ADF International\",\"isPartOf\":{\"@id\":\"https:\\\/\\\/adfinternational.org\\\/de\\\/#website\"},\"primaryImageOfPage\":{\"@id\":\"https:\\\/\\\/adfinternational.org\\\/de\\\/news\\\/gericht-gewissensfreiheit-apotheker-kersten#primaryimage\"},\"image\":{\"@id\":\"https:\\\/\\\/adfinternational.org\\\/de\\\/news\\\/gericht-gewissensfreiheit-apotheker-kersten#primaryimage\"},\"thumbnailUrl\":\"https:\\\/\\\/adfinternational.org\\\/wp-content\\\/uploads\\\/2021\\\/12\\\/Andreas-Kersten_closeup.jpg\",\"datePublished\":\"2024-06-28T11:08:02+00:00\",\"dateModified\":\"2024-07-16T09:17:40+00:00\",\"description\":\"Apotheker, die den Verkauf nicht mit ihrem Gewissen vereinbaren k\u00f6nnen, m\u00fcssen den Beruf aufgeben.\",\"breadcrumb\":{\"@id\":\"https:\\\/\\\/adfinternational.org\\\/de\\\/news\\\/gericht-gewissensfreiheit-apotheker-kersten#breadcrumb\"},\"inLanguage\":\"de-DE\",\"potentialAction\":[{\"@type\":\"ReadAction\",\"target\":[\"https:\\\/\\\/adfinternational.org\\\/de\\\/news\\\/gericht-gewissensfreiheit-apotheker-kersten\"]}]},{\"@type\":\"ImageObject\",\"inLanguage\":\"de-DE\",\"@id\":\"https:\\\/\\\/adfinternational.org\\\/de\\\/news\\\/gericht-gewissensfreiheit-apotheker-kersten#primaryimage\",\"url\":\"https:\\\/\\\/adfinternational.org\\\/wp-content\\\/uploads\\\/2021\\\/12\\\/Andreas-Kersten_closeup.jpg\",\"contentUrl\":\"https:\\\/\\\/adfinternational.org\\\/wp-content\\\/uploads\\\/2021\\\/12\\\/Andreas-Kersten_closeup.jpg\",\"width\":1024,\"height\":472},{\"@type\":\"BreadcrumbList\",\"@id\":\"https:\\\/\\\/adfinternational.org\\\/de\\\/news\\\/gericht-gewissensfreiheit-apotheker-kersten#breadcrumb\",\"itemListElement\":[{\"@type\":\"ListItem\",\"position\":1,\"name\":\"Home\",\"item\":\"https:\\\/\\\/adfinternational.org\\\/de\"},{\"@type\":\"ListItem\",\"position\":2,\"name\":\"Berliner Gericht h\u00f6hlt Gewissensfreiheit f\u00fcr Apotheker in \u201cPille danach\u201d-Urteil aus\"}]},{\"@type\":\"WebSite\",\"@id\":\"https:\\\/\\\/adfinternational.org\\\/de\\\/#website\",\"url\":\"https:\\\/\\\/adfinternational.org\\\/de\\\/\",\"name\":\"ADF International\",\"description\":\"Protecting Fundamental Freedoms. Promoting Inherent Dignity.\",\"publisher\":{\"@id\":\"https:\\\/\\\/adfinternational.org\\\/de\\\/#organization\"},\"potentialAction\":[{\"@type\":\"SearchAction\",\"target\":{\"@type\":\"EntryPoint\",\"urlTemplate\":\"https:\\\/\\\/adfinternational.org\\\/de\\\/?s={search_term_string}\"},\"query-input\":{\"@type\":\"PropertyValueSpecification\",\"valueRequired\":true,\"valueName\":\"search_term_string\"}}],\"inLanguage\":\"de-DE\"},{\"@type\":\"Organization\",\"@id\":\"https:\\\/\\\/adfinternational.org\\\/de\\\/#organization\",\"name\":\"Alliance Defending Freedom International\",\"url\":\"https:\\\/\\\/adfinternational.org\\\/de\\\/\",\"logo\":{\"@type\":\"ImageObject\",\"inLanguage\":\"de-DE\",\"@id\":\"https:\\\/\\\/adfinternational.org\\\/de\\\/#\\\/schema\\\/logo\\\/image\\\/\",\"url\":\"https:\\\/\\\/adfinternational.org\\\/wp-content\\\/uploads\\\/2021\\\/08\\\/ADF_Intl_R_RGB_175px.png\",\"contentUrl\":\"https:\\\/\\\/adfinternational.org\\\/wp-content\\\/uploads\\\/2021\\\/08\\\/ADF_Intl_R_RGB_175px.png\",\"width\":175,\"height\":106,\"caption\":\"Alliance Defending Freedom International\"},\"image\":{\"@id\":\"https:\\\/\\\/adfinternational.org\\\/de\\\/#\\\/schema\\\/logo\\\/image\\\/\"},\"sameAs\":[\"https:\\\/\\\/facebook.com\\\/adfinternational\",\"https:\\\/\\\/x.com\\\/adfintl\",\"https:\\\/\\\/www.linkedin.com\\\/company\\\/adfinternational\",\"https:\\\/\\\/www.instagram.com\\\/adfinternational\\\/\"]},{\"@type\":\"Person\",\"@id\":\"https:\\\/\\\/adfinternational.org\\\/de\\\/#\\\/schema\\\/person\\\/6b776fc8535453c6aad8a6f9d78e6141\",\"name\":\"Philipp Bues\",\"image\":{\"@type\":\"ImageObject\",\"inLanguage\":\"de-DE\",\"@id\":\"https:\\\/\\\/adfinternational.org\\\/wp-content\\\/uploads\\\/2025\\\/02\\\/Philipp-Bues-Headshot-150x150.jpg\",\"url\":\"https:\\\/\\\/adfinternational.org\\\/wp-content\\\/uploads\\\/2025\\\/02\\\/Philipp-Bues-Headshot-150x150.jpg\",\"contentUrl\":\"https:\\\/\\\/adfinternational.org\\\/wp-content\\\/uploads\\\/2025\\\/02\\\/Philipp-Bues-Headshot-150x150.jpg\",\"caption\":\"Philipp Bues\"},\"url\":\"https:\\\/\\\/adfinternational.org\\\/de\\\/author\\\/pbuesadfinternational-org\"}]}<\/script>\n<!-- \/ Yoast SEO Premium plugin. -->","yoast_head_json":{"title":"Berliner Gericht h\u00f6hlt Gewissensfreiheit f\u00fcr Apotheker in \u201cPille danach\u201d-Urteil aus - ADF International","description":"Apotheker, die den Verkauf nicht mit ihrem Gewissen vereinbaren k\u00f6nnen, m\u00fcssen den Beruf aufgeben.","robots":{"index":"index","follow":"follow","max-snippet":"max-snippet:-1","max-image-preview":"max-image-preview:large","max-video-preview":"max-video-preview:-1"},"canonical":"https:\/\/adfinternational.org\/de\/news\/gericht-gewissensfreiheit-apotheker-kersten","og_locale":"de_DE","og_type":"article","og_title":"Berliner Gericht h\u00f6hlt Gewissensfreiheit f\u00fcr Apotheker in \u201cPille danach\u201d-Urteil aus","og_description":"Apotheker, die den Verkauf nicht mit ihrem Gewissen vereinbaren k\u00f6nnen, m\u00fcssen den Beruf aufgeben.","og_url":"https:\/\/adfinternational.org\/de\/news\/gericht-gewissensfreiheit-apotheker-kersten","og_site_name":"ADF International","article_publisher":"https:\/\/facebook.com\/adfinternational","article_published_time":"2024-06-28T11:08:02+00:00","article_modified_time":"2024-07-16T09:17:40+00:00","og_image":[{"width":1024,"height":472,"url":"https:\/\/adfinternational.org\/wp-content\/uploads\/2021\/12\/Andreas-Kersten_closeup.jpg","type":"image\/jpeg"}],"author":"Philipp Bues","twitter_card":"summary_large_image","twitter_creator":"@adfintl","twitter_site":"@adfintl","twitter_misc":{"Verfasst von":"Philipp Bues","Gesch\u00e4tzte Lesezeit":"5 Minuten"},"schema":{"@context":"https:\/\/schema.org","@graph":[{"@type":"Article","@id":"https:\/\/adfinternational.org\/de\/news\/gericht-gewissensfreiheit-apotheker-kersten#article","isPartOf":{"@id":"https:\/\/adfinternational.org\/de\/news\/gericht-gewissensfreiheit-apotheker-kersten"},"author":{"name":"Philipp Bues","@id":"https:\/\/adfinternational.org\/de\/#\/schema\/person\/6b776fc8535453c6aad8a6f9d78e6141"},"headline":"Berliner Gericht h\u00f6hlt Gewissensfreiheit f\u00fcr Apotheker in \u201cPille danach\u201d-Urteil aus","datePublished":"2024-06-28T11:08:02+00:00","dateModified":"2024-07-16T09:17:40+00:00","mainEntityOfPage":{"@id":"https:\/\/adfinternational.org\/de\/news\/gericht-gewissensfreiheit-apotheker-kersten"},"wordCount":842,"publisher":{"@id":"https:\/\/adfinternational.org\/de\/#organization"},"image":{"@id":"https:\/\/adfinternational.org\/de\/news\/gericht-gewissensfreiheit-apotheker-kersten#primaryimage"},"thumbnailUrl":"https:\/\/adfinternational.org\/wp-content\/uploads\/2021\/12\/Andreas-Kersten_closeup.jpg","keywords":["B\u00f6llmann","DE","Deutschland","europa","Gewissensfreiheit","Meinungsfreiheit","News"],"articleSection":["News"],"inLanguage":"de-DE"},{"@type":"WebPage","@id":"https:\/\/adfinternational.org\/de\/news\/gericht-gewissensfreiheit-apotheker-kersten","url":"https:\/\/adfinternational.org\/de\/news\/gericht-gewissensfreiheit-apotheker-kersten","name":"Berliner Gericht h\u00f6hlt Gewissensfreiheit f\u00fcr Apotheker in \u201cPille danach\u201d-Urteil aus - ADF International","isPartOf":{"@id":"https:\/\/adfinternational.org\/de\/#website"},"primaryImageOfPage":{"@id":"https:\/\/adfinternational.org\/de\/news\/gericht-gewissensfreiheit-apotheker-kersten#primaryimage"},"image":{"@id":"https:\/\/adfinternational.org\/de\/news\/gericht-gewissensfreiheit-apotheker-kersten#primaryimage"},"thumbnailUrl":"https:\/\/adfinternational.org\/wp-content\/uploads\/2021\/12\/Andreas-Kersten_closeup.jpg","datePublished":"2024-06-28T11:08:02+00:00","dateModified":"2024-07-16T09:17:40+00:00","description":"Apotheker, die den Verkauf nicht mit ihrem Gewissen vereinbaren k\u00f6nnen, m\u00fcssen den Beruf aufgeben.","breadcrumb":{"@id":"https:\/\/adfinternational.org\/de\/news\/gericht-gewissensfreiheit-apotheker-kersten#breadcrumb"},"inLanguage":"de-DE","potentialAction":[{"@type":"ReadAction","target":["https:\/\/adfinternational.org\/de\/news\/gericht-gewissensfreiheit-apotheker-kersten"]}]},{"@type":"ImageObject","inLanguage":"de-DE","@id":"https:\/\/adfinternational.org\/de\/news\/gericht-gewissensfreiheit-apotheker-kersten#primaryimage","url":"https:\/\/adfinternational.org\/wp-content\/uploads\/2021\/12\/Andreas-Kersten_closeup.jpg","contentUrl":"https:\/\/adfinternational.org\/wp-content\/uploads\/2021\/12\/Andreas-Kersten_closeup.jpg","width":1024,"height":472},{"@type":"BreadcrumbList","@id":"https:\/\/adfinternational.org\/de\/news\/gericht-gewissensfreiheit-apotheker-kersten#breadcrumb","itemListElement":[{"@type":"ListItem","position":1,"name":"Home","item":"https:\/\/adfinternational.org\/de"},{"@type":"ListItem","position":2,"name":"Berliner Gericht h\u00f6hlt Gewissensfreiheit f\u00fcr Apotheker in \u201cPille danach\u201d-Urteil aus"}]},{"@type":"WebSite","@id":"https:\/\/adfinternational.org\/de\/#website","url":"https:\/\/adfinternational.org\/de\/","name":"ADF International","description":"Protecting Fundamental Freedoms. Promoting Inherent Dignity.","publisher":{"@id":"https:\/\/adfinternational.org\/de\/#organization"},"potentialAction":[{"@type":"SearchAction","target":{"@type":"EntryPoint","urlTemplate":"https:\/\/adfinternational.org\/de\/?s={search_term_string}"},"query-input":{"@type":"PropertyValueSpecification","valueRequired":true,"valueName":"search_term_string"}}],"inLanguage":"de-DE"},{"@type":"Organization","@id":"https:\/\/adfinternational.org\/de\/#organization","name":"Alliance Defending Freedom International","url":"https:\/\/adfinternational.org\/de\/","logo":{"@type":"ImageObject","inLanguage":"de-DE","@id":"https:\/\/adfinternational.org\/de\/#\/schema\/logo\/image\/","url":"https:\/\/adfinternational.org\/wp-content\/uploads\/2021\/08\/ADF_Intl_R_RGB_175px.png","contentUrl":"https:\/\/adfinternational.org\/wp-content\/uploads\/2021\/08\/ADF_Intl_R_RGB_175px.png","width":175,"height":106,"caption":"Alliance Defending Freedom International"},"image":{"@id":"https:\/\/adfinternational.org\/de\/#\/schema\/logo\/image\/"},"sameAs":["https:\/\/facebook.com\/adfinternational","https:\/\/x.com\/adfintl","https:\/\/www.linkedin.com\/company\/adfinternational","https:\/\/www.instagram.com\/adfinternational\/"]},{"@type":"Person","@id":"https:\/\/adfinternational.org\/de\/#\/schema\/person\/6b776fc8535453c6aad8a6f9d78e6141","name":"Philipp Bues","image":{"@type":"ImageObject","inLanguage":"de-DE","@id":"https:\/\/adfinternational.org\/wp-content\/uploads\/2025\/02\/Philipp-Bues-Headshot-150x150.jpg","url":"https:\/\/adfinternational.org\/wp-content\/uploads\/2025\/02\/Philipp-Bues-Headshot-150x150.jpg","contentUrl":"https:\/\/adfinternational.org\/wp-content\/uploads\/2025\/02\/Philipp-Bues-Headshot-150x150.jpg","caption":"Philipp Bues"},"url":"https:\/\/adfinternational.org\/de\/author\/pbuesadfinternational-org"}]}},"_links":{"self":[{"href":"https:\/\/adfinternational.org\/de\/wp-json\/wp\/v2\/posts\/55268","targetHints":{"allow":["GET"]}}],"collection":[{"href":"https:\/\/adfinternational.org\/de\/wp-json\/wp\/v2\/posts"}],"about":[{"href":"https:\/\/adfinternational.org\/de\/wp-json\/wp\/v2\/types\/post"}],"author":[{"embeddable":true,"href":"https:\/\/adfinternational.org\/de\/wp-json\/wp\/v2\/users\/44"}],"replies":[{"embeddable":true,"href":"https:\/\/adfinternational.org\/de\/wp-json\/wp\/v2\/comments?post=55268"}],"version-history":[{"count":0,"href":"https:\/\/adfinternational.org\/de\/wp-json\/wp\/v2\/posts\/55268\/revisions"}],"wp:featuredmedia":[{"embeddable":true,"href":"https:\/\/adfinternational.org\/de\/wp-json\/wp\/v2\/media\/3844"}],"wp:attachment":[{"href":"https:\/\/adfinternational.org\/de\/wp-json\/wp\/v2\/media?parent=55268"}],"wp:term":[{"taxonomy":"category","embeddable":true,"href":"https:\/\/adfinternational.org\/de\/wp-json\/wp\/v2\/categories?post=55268"},{"taxonomy":"post_tag","embeddable":true,"href":"https:\/\/adfinternational.org\/de\/wp-json\/wp\/v2\/tags?post=55268"}],"curies":[{"name":"wp","href":"https:\/\/api.w.org\/{rel}","templated":true}]}}