{"id":62212,"date":"2024-10-01T15:00:46","date_gmt":"2024-10-01T13:00:46","guid":{"rendered":"https:\/\/adfinternational.org\/?p=62212"},"modified":"2024-12-16T10:20:21","modified_gmt":"2024-12-16T09:20:21","slug":"pro-life-gruppe-uni-regensburg-campus-zensur","status":"publish","type":"post","link":"https:\/\/adfinternational.org\/de\/news\/pro-life-gruppe-uni-regensburg-campus-zensur","title":{"rendered":"Akkreditierung f\u00fcr Pro-Life Hochschulgruppe nach jahrelanger Diskriminierung in Sicht: Uni Regensburg gibt rechtswidrige Position auf\u00a0"},"content":{"rendered":"\t\t<div data-elementor-type=\"wp-post\" data-elementor-id=\"62212\" class=\"elementor elementor-62212\" data-elementor-post-type=\"post\">\n\t\t\t\t\t\t<section class=\"elementor-section elementor-top-section elementor-element elementor-element-9a10079 elementor-section-boxed elementor-section-height-default elementor-section-height-default\" data-id=\"9a10079\" data-element_type=\"section\" data-e-type=\"section\">\n\t\t\t\t\t\t<div class=\"elementor-container elementor-column-gap-default\">\n\t\t\t\t\t<div class=\"elementor-column elementor-col-100 elementor-top-column elementor-element elementor-element-4c550823\" data-id=\"4c550823\" data-element_type=\"column\" data-e-type=\"column\">\n\t\t\t<div class=\"elementor-widget-wrap elementor-element-populated\">\n\t\t\t\t\t\t<div class=\"elementor-element elementor-element-1cf79bd2 elementor-widget elementor-widget-text-editor\" data-id=\"1cf79bd2\" data-element_type=\"widget\" data-e-type=\"widget\" data-widget_type=\"text-editor.default\">\n\t\t\t\t<div class=\"elementor-widget-container\">\n\t\t\t\t\t\t\t\t\t<ul><li><b><b><span data-contrast=\"auto\">ProLifeEurope Hochschulgruppe wurde \u00fcber Jahre hinweg von der Universit\u00e4t Regensburg diskriminiert und nicht zugelassen.<\/span><\/b><\/b><\/li><li><b><span data-contrast=\"auto\">Nach einer Klage hat die Uni einen Vergleich vorgeschlagen, der einem Anerkenntnis des Anspruchs der Gruppe gleichkommt: Die Gruppe wird nun akkreditiert.<\/span><\/b><\/li><li><b><span data-contrast=\"auto\">ADF International st\u00fctzte die rechtlichen Bem\u00fchungen der jungen Pro-Life Gruppe. In K\u00fcrze soll die Einigung durch das Gericht best\u00e4tigt werden.<\/span><\/b><span data-ccp-props=\"{&quot;201341983&quot;:0,&quot;335559739&quot;:160,&quot;335559740&quot;:278}\">\u00a0<\/span><\/li><\/ul>\t\t\t\t\t\t\t\t<\/div>\n\t\t\t\t<\/div>\n\t\t\t\t<div class=\"elementor-element elementor-element-4b609d5b elementor-widget elementor-widget-theme-post-featured-image elementor-widget-image\" data-id=\"4b609d5b\" data-element_type=\"widget\" data-e-type=\"widget\" data-widget_type=\"theme-post-featured-image.default\">\n\t\t\t\t<div class=\"elementor-widget-container\">\n\t\t\t\t\t\t\t\t\t\t\t\t\t\t\t<img fetchpriority=\"high\" decoding=\"async\" width=\"1024\" height=\"683\" src=\"https:\/\/adfinternational.org\/wp-content\/uploads\/2024\/10\/DSC09796-1024x683.jpg\" class=\"attachment-large size-large wp-image-62228\" alt=\"\" srcset=\"https:\/\/adfinternational.org\/wp-content\/uploads\/2024\/10\/DSC09796-1024x683.jpg 1024w, https:\/\/adfinternational.org\/wp-content\/uploads\/2024\/10\/DSC09796-300x200.jpg 300w, https:\/\/adfinternational.org\/wp-content\/uploads\/2024\/10\/DSC09796-768x512.jpg 768w, https:\/\/adfinternational.org\/wp-content\/uploads\/2024\/10\/DSC09796-1536x1024.jpg 1536w, https:\/\/adfinternational.org\/wp-content\/uploads\/2024\/10\/DSC09796-2048x1365.jpg 2048w\" sizes=\"(max-width: 1024px) 100vw, 1024px\" \/>\t\t\t\t\t\t\t\t\t\t\t\t\t\t\t<\/div>\n\t\t\t\t<\/div>\n\t\t\t\t<div class=\"elementor-element elementor-element-5b905182 elementor-widget elementor-widget-text-editor\" data-id=\"5b905182\" data-element_type=\"widget\" data-e-type=\"widget\" data-widget_type=\"text-editor.default\">\n\t\t\t\t<div class=\"elementor-widget-container\">\n\t\t\t\t\t\t\t\t\t<p><span class=\"TextRun SCXW85350407 BCX8\" lang=\"DE-DE\" xml:lang=\"DE-DE\" data-contrast=\"auto\"><b><span class=\"NormalTextRun SCXW85350407 BCX8\">Regensburg (<\/span><span class=\"NormalTextRun SCXW85350407 BCX8\">01<\/span><span class=\"NormalTextRun SCXW85350407 BCX8\">. <\/span><span class=\"NormalTextRun SCXW85350407 BCX8\">Oktober <\/span><span class=\"NormalTextRun SCXW85350407 BCX8\">2024)<\/span><\/b><\/span><span class=\"TextRun SCXW85350407 BCX8\" lang=\"DE-DE\" xml:lang=\"DE-DE\" data-contrast=\"auto\"> <span class=\"NormalTextRun SCXW85350407 BCX8\">\u2013<\/span> <span class=\"NormalTextRun SCXW85350407 BCX8\">An der <\/span><span class=\"NormalTextRun SCXW85350407 BCX8\">Universit\u00e4t Regensburg <\/span><span class=\"NormalTextRun SCXW85350407 BCX8\">wurde eine neue<\/span><span class=\"NormalTextRun SCXW85350407 BCX8\"> Pro-Life Hochschulgruppe <\/span><span class=\"NormalTextRun SCXW85350407 BCX8\">\u00fcber mehrere Jahre lang diskriminiert. Die Ho<\/span><span class=\"NormalTextRun SCXW85350407 BCX8\">chschule<\/span><span class=\"NormalTextRun SCXW85350407 BCX8\"> verweigerte <\/span><span class=\"NormalTextRun SCXW85350407 BCX8\">ihr die <\/span><span class=\"NormalTextRun SCXW85350407 BCX8\">Akkreditierung. <\/span><span class=\"NormalTextRun SCXW85350407 BCX8\">Ohne Akkreditierung <\/span><span class=\"NormalTextRun SCXW85350407 BCX8\">ist <\/span><span class=\"NormalTextRun SCXW85350407 BCX8\">keine <\/span><span class=\"NormalTextRun SCXW85350407 BCX8\">aktive <\/span><span class=\"NormalTextRun SCXW85350407 BCX8\">Teilnahme am Hochschulleben<\/span><span class=\"NormalTextRun SCXW85350407 BCX8\"> m\u00f6glich<\/span><span class=\"NormalTextRun SCXW85350407 BCX8\">. <\/span><span class=\"NormalTextRun SCXW85350407 BCX8\">Auftritte u.a. beim Erstsemester<\/span><span class=\"NormalTextRun SCXW85350407 BCX8\">tag wurden der Gruppe verwehrt<\/span><span class=\"NormalTextRun SCXW85350407 BCX8\">, <\/span><span class=\"NormalTextRun SCXW85350407 BCX8\">pro-<\/span><span class=\"NormalTextRun SCXW85350407 BCX8\">life<\/span> <span class=\"NormalTextRun SCXW85350407 BCX8\">\u00c4u\u00dferungen <\/span><span class=\"NormalTextRun SCXW85350407 BCX8\">damit faktisch zensiert<\/span><span class=\"NormalTextRun SCXW85350407 BCX8\">. <\/span><span class=\"NormalTextRun SCXW85350407 BCX8\">Die Gruppe klagte Anfang 2024 gegen die Universit\u00e4t. Jetzt <\/span><span class=\"NormalTextRun SCXW85350407 BCX8\">zeichnet sich<\/span><span class=\"NormalTextRun SCXW85350407 BCX8\"> \u2013<\/span><span class=\"NormalTextRun SCXW85350407 BCX8\"> kurz vor Semesterbeginn <\/span><span class=\"NormalTextRun SCXW85350407 BCX8\">\u2013 <\/span><span class=\"NormalTextRun SCXW85350407 BCX8\">eine L\u00f6sung <\/span><span class=\"NormalTextRun SCXW85350407 BCX8\">ab<\/span><span class=\"NormalTextRun SCXW85350407 BCX8\">: Die Universit\u00e4t <\/span><span class=\"NormalTextRun CommentStart SCXW85350407 BCX8\">nimmt das rechtswidrige Verbot <\/span><span class=\"NormalTextRun ContextualSpellingAndGrammarErrorV2Themed SCXW85350407 BCX8\">zur\u00fcck<\/span> <span class=\"NormalTextRun ContextualSpellingAndGrammarErrorV2Themed SCXW85350407 BCX8\"> und<\/span> <span class=\"NormalTextRun SCXW85350407 BCX8\">bietet der Gruppe die Akkreditierung an.\u00a0<\/span><\/span><span class=\"EOP SCXW85350407 BCX8\" data-ccp-props=\"{&quot;201341983&quot;:0,&quot;335559739&quot;:160,&quot;335559740&quot;:278}\">\u00a0<\/span><\/p>\t\t\t\t\t\t\t\t<\/div>\n\t\t\t\t<\/div>\n\t\t\t\t<div class=\"elementor-element elementor-element-65a949cc elementor-blockquote--skin-border elementor-widget elementor-widget-blockquote\" data-id=\"65a949cc\" data-element_type=\"widget\" data-e-type=\"widget\" data-widget_type=\"blockquote.default\">\n\t\t\t\t<div class=\"elementor-widget-container\">\n\t\t\t\t\t\t\t<blockquote class=\"elementor-blockquote\">\n\t\t\t<p class=\"elementor-blockquote__content\">\n\t\t\t\t<span style=\"color: #AF272F\">\u201cEine Hochschule ist ein Ort f\u00fcr Diskurs, nicht f\u00fcr Zensur.<\/span> Es ist nicht hinnehmbar, dass ausgerechnet die lebensfreundliche und vom Grundgesetz gesch\u00fctzte Botschaft des Lebensschutzes vom Uni-Campus verbannt werden soll.\"\t\t\t<\/p>\n\t\t\t\t\t\t\t<div class=\"e-q-footer\">\n\t\t\t\t\t\t\t\t\t\t\t<cite class=\"elementor-blockquote__author\">- Dr. Felix B\u00f6llmann, deutscher Rechtsanwalt und Leiter der Europ\u00e4ischen Rechtsabteilung bei ADF International<\/cite>\n\t\t\t\t\t\t\t\t\t\t\t\t\t\t<\/div>\n\t\t\t\t\t<\/blockquote>\n\t\t\t\t\t\t<\/div>\n\t\t\t\t<\/div>\n\t\t\t\t<div class=\"elementor-element elementor-element-67c2987e elementor-widget elementor-widget-text-editor\" data-id=\"67c2987e\" data-element_type=\"widget\" data-e-type=\"widget\" data-widget_type=\"text-editor.default\">\n\t\t\t\t<div class=\"elementor-widget-container\">\n\t\t\t\t\t\t\t\t\t<p><span data-contrast=\"auto\">Seit 2021 bem\u00fchten sich die in der Gruppe aktiven Studenten der Universit\u00e4t um eine Anerkennung im daf\u00fcr vorgesehenen Verfahren. Die Antr\u00e4ge wurden mehrmals ohne spezifische Begr\u00fcndung zur\u00fcckgewiesen und die Ziele der Lebenssch\u00fctzer als \u201eallgemein sch\u00e4dlich\u201c beschrieben. Der Fall, der schlie\u00dflich vor Gericht ging, ist ein Beispiel f\u00fcr die zunehmende Zensur bestimmter Weltanschauungen an Universit\u00e4ten.\u00a0<\/span><span data-ccp-props=\"{&quot;201341983&quot;:0,&quot;335559739&quot;:160,&quot;335559740&quot;:278}\">\u00a0<\/span><\/p><p><span data-contrast=\"auto\">\u201e<\/span><i><span data-contrast=\"auto\">Eine Hochschule ist ein Ort f\u00fcr Diskurs, nicht f\u00fcr Zensur. Es ist nicht hinnehmbar, dass ausgerechnet die lebensfreundliche und vom Grundgesetz gesch\u00fctzte Botschaft des Lebensschutzes vom Uni-Campus verbannt werden soll. Wir sind hoffnungsvoll, dass die Pro-Life Gruppe jetzt bald akkreditiert wird und mit den Studenten in Dialog treten kann. Die langj\u00e4hrige juristische Arbeit hat sich ausgezahlt<\/span><\/i><span data-contrast=\"auto\">\u201c, sagte Dr. Felix B\u00f6llmann, deutscher Rechtsanwalt und Leiter der Europ\u00e4ischen Rechtsabteilung bei der Menschenrechtsorganisation ADF International.\u00a0<\/span><span data-ccp-props=\"{&quot;201341983&quot;:0,&quot;335559739&quot;:160,&quot;335559740&quot;:278}\">\u00a0<\/span><\/p><p><span data-ccp-props=\"{&quot;201341983&quot;:0,&quot;335559739&quot;:160,&quot;335559740&quot;:278}\"><span class=\"TextRun SCXW100147013 BCX8\" lang=\"DE-DE\" style=\"-webkit-user-drag: none; -webkit-tap-highlight-color: transparent; margin: 0px; padding: 0px; user-select: text; color: #000000; letter-spacing: normal; word-spacing: 0px; white-space-collapse: preserve; font-size: 12pt; line-height: 20.85px; font-family: Aptos, Aptos_EmbeddedFont, Aptos_MSFontService, sans-serif; font-weight: bold; font-variant-ligatures: none !important;\" xml:lang=\"DE-DE\" data-contrast=\"auto\"><span class=\"NormalTextRun SCXW100147013 BCX8\" style=\"-webkit-user-drag: none; -webkit-tap-highlight-color: transparent; margin: 0px; padding: 0px; user-select: text;\">Diskrimin<\/span><span class=\"NormalTextRun SCXW100147013 BCX8\" style=\"-webkit-user-drag: none; -webkit-tap-highlight-color: transparent; margin: 0px; padding: 0px; user-select: text;\">i<\/span><span class=\"NormalTextRun SCXW100147013 BCX8\" style=\"-webkit-user-drag: none; -webkit-tap-highlight-color: transparent; margin: 0px; padding: 0px; user-select: text;\">ert<\/span><span class=\"NormalTextRun SCXW100147013 BCX8\" style=\"-webkit-user-drag: none; -webkit-tap-highlight-color: transparent; margin: 0px; padding: 0px; user-select: text;\">, zensiert, gecancelt<\/span><\/span><span class=\"EOP SCXW100147013 BCX8\" style=\"-webkit-user-drag: none; -webkit-tap-highlight-color: transparent; margin: 0px; padding: 0px; user-select: text; color: #000000; letter-spacing: normal; word-spacing: 0px; white-space-collapse: preserve; font-size: 12pt; line-height: 20.85px; font-family: Aptos, Aptos_EmbeddedFont, Aptos_MSFontService, sans-serif;\" data-ccp-props=\"{&quot;201341983&quot;:0,&quot;335559739&quot;:160,&quot;335559740&quot;:278}\">\u00a0<\/span><br \/><\/span><\/p>\t\t\t\t\t\t\t\t<\/div>\n\t\t\t\t<\/div>\n\t\t\t\t<section class=\"elementor-section elementor-inner-section elementor-element elementor-element-5e6776c2 elementor-section-boxed elementor-section-height-default elementor-section-height-default\" data-id=\"5e6776c2\" data-element_type=\"section\" data-e-type=\"section\">\n\t\t\t\t\t\t<div class=\"elementor-container elementor-column-gap-default\">\n\t\t\t\t\t<div class=\"elementor-column elementor-col-100 elementor-inner-column elementor-element elementor-element-627826fc\" data-id=\"627826fc\" data-element_type=\"column\" data-e-type=\"column\">\n\t\t\t<div class=\"elementor-widget-wrap elementor-element-populated\">\n\t\t\t\t\t\t<div class=\"elementor-element elementor-element-30ebaedf elementor-widget elementor-widget-video\" data-id=\"30ebaedf\" data-element_type=\"widget\" data-e-type=\"widget\" data-settings=\"{&quot;youtube_url&quot;:&quot;https:\\\/\\\/youtu.be\\\/pK0g7UWy2bQ&quot;,&quot;video_type&quot;:&quot;youtube&quot;,&quot;controls&quot;:&quot;yes&quot;}\" data-widget_type=\"video.default\">\n\t\t\t\t<div class=\"elementor-widget-container\">\n\t\t\t\t\t\t\t<div class=\"elementor-wrapper elementor-open-inline\">\n\t\t\t<div class=\"elementor-video\"> <div class=\"brlbs-cmpnt-container brlbs-cmpnt-content-blocker brlbs-cmpnt-with-individual-styles\" data-borlabs-cookie-content-blocker-id=\"youtube-content-blocker\" data-borlabs-cookie-content=\"PHNjcmlwdD4KKGZ1bmN0aW9uKCkgewogICAgbGV0IGQgPSBudWxsOwoKICAgIC8vIGlmIHdlIGFyZSBpbiBhIGxvb3AsIHdlIG5lZWQgdG8gc2VsZWN0IHRoZSBjb3JyZWN0IHZpZGVvIGVsZW1lbnQsIHNpbmNlIFdpZGdldCBJRCBvY2N1cnMgbXVsdGlwbGUgdGltZXMgb24gcGFnZQogICAgY29uc3QgZWxlbXNJbkxvb3AgPSBkb2N1bWVudC5xdWVyeVNlbGVjdG9yQWxsKCc6aXMoZGl2W2RhdGEtZWxlbWVudG9yLXR5cGU9Imxvb3AtaXRlbSJdLGRpdltkYXRhLWVsZW1lbnRvci10eXBlPSJqZXQtbGlzdGluZy1pdGVtcyJdLGRpdltkYXRhLXdpZGdldF90eXBlXj0icHJlbWl1bS1hZGRvbi10YWJzLiJdKSBkaXYuZWxlbWVudG9yLWVsZW1lbnQtMzBlYmFlZGYnKTsKICAgIGlmIChlbGVtc0luTG9vcC5sZW5ndGggPT09IDEpIHsKICAgICAgICBkID0gZWxlbXNJbkxvb3BbMF07CiAgICB9IGVsc2UgaWYgKGVsZW1zSW5Mb29wLmxlbmd0aCA+IDEpIHsKICAgICAgICBpZiAodHlwZW9mIGRvY3VtZW50LmN1cnJlbnRTY3JpcHQgPT09ICd1bmRlZmluZWQnIHx8IGRvY3VtZW50LmN1cnJlbnRTY3JpcHQgPT0gbnVsbCkgewogICAgICAgICAgICByZXR1cm47CiAgICAgICAgfQogICAgICAgIGNvbnN0IHRtcFZpZGVvV2lkZ2V0ID0gZG9jdW1lbnQuY3VycmVudFNjcmlwdC5jbG9zZXN0KCdbZGF0YS13aWRnZXRfdHlwZT0iYnJsYnNfdmlkZW8uZGVmYXVsdCJdJyk7CiAgICAgICAgaWYgKHRtcFZpZGVvV2lkZ2V0KSB7CiAgICAgICAgICAgIGQgPSB0bXBWaWRlb1dpZGdldDsKICAgICAgICB9CiAgICB9CgogICAgaWYgKGQgPT0gbnVsbCkgewogICAgICAgIGQgPSBkb2N1bWVudC5xdWVyeVNlbGVjdG9yKCdkaXYuZWxlbWVudG9yLWVsZW1lbnQtMzBlYmFlZGYnKTsKICAgIH0KCiAgICBpZiAoZCA9PSBudWxsKSB7CiAgICAgICAgcmV0dXJuOwogICAgfQogICAgZC5kYXRhc2V0LndpZGdldF90eXBlID0gZC5kYXRhc2V0LndpZGdldF90eXBlLnJlcGxhY2UoJ2JybGJzXycsICcnKTsKICAgIGQuZGF0YXNldC5icmxic1VuYmxvY2tlZCA9ICd0cnVlJzsKCiAgICBjb25zdCBpbnRlcnZhbCA9IHNldEludGVydmFsKCgpID0+IHsKICAgICAgICBpZiAodHlwZW9mIGVsZW1lbnRvckZyb250ZW5kICE9PSAndW5kZWZpbmVkJyAmJiB0eXBlb2YgZWxlbWVudG9yRnJvbnRlbmQuaG9va3MgIT09ICd1bmRlZmluZWQnKSB7CiAgICAgICAgICAgIGNsZWFySW50ZXJ2YWwoaW50ZXJ2YWwpOwogICAgICAgICAgICBlbGVtZW50b3JGcm9udGVuZC5ob29rcy5kb0FjdGlvbignZnJvbnRlbmQvZWxlbWVudF9yZWFkeS92aWRlby5kZWZhdWx0JywgalF1ZXJ5KGQpLCBqUXVlcnkpCiAgICAgICAgfQogICAgfSwgMzApCn0pKCk7Cjwvc2NyaXB0Pg==\"><div class=\"brlbs-cmpnt-cb-preset-c brlbs-cmpnt-cb-youtube\"> <div class=\"brlbs-cmpnt-cb-thumbnail\" style=\"background-image: url('https:\/\/adfinternational.org\/wp-content\/uploads\/borlabs-cookie\/1\/yt_pK0g7UWy2bQ_hqdefault.jpg')\"><\/div> <div class=\"brlbs-cmpnt-cb-main\"> <div class=\"brlbs-cmpnt-cb-play-button\"><\/div> <div class=\"brlbs-cmpnt-cb-content\"> <p class=\"brlbs-cmpnt-cb-description\">Sie sehen gerade einen Platzhalterinhalt von <strong>YouTube<\/strong>. Um auf den eigentlichen Inhalt zuzugreifen, klicken Sie auf die Schaltfl\u00e4che unten. Bitte beachten Sie, dass dabei Daten an Drittanbieter weitergegeben werden.<\/p> <a class=\"brlbs-cmpnt-cb-provider-toggle\" href=\"#\" data-borlabs-cookie-show-provider-information role=\"button\">Mehr Informationen<\/a> <\/div> <div class=\"brlbs-cmpnt-cb-buttons\"> <a class=\"brlbs-cmpnt-cb-btn\" href=\"#\" data-borlabs-cookie-unblock role=\"button\">Inhalt entsperren<\/a> <a class=\"brlbs-cmpnt-cb-btn\" href=\"#\" data-borlabs-cookie-accept-service role=\"button\" style=\"display: inherit\">Erforderlichen Service akzeptieren und Inhalte entsperren<\/a> <\/div> <\/div> <\/div><\/div><\/div>\t\t<\/div>\n\t\t\t\t\t\t<\/div>\n\t\t\t\t<\/div>\n\t\t\t\t\t<\/div>\n\t\t<\/div>\n\t\t\t\t\t<\/div>\n\t\t<\/section>\n\t\t\t\t<div class=\"elementor-element elementor-element-638e612d elementor-widget elementor-widget-text-editor\" data-id=\"638e612d\" data-element_type=\"widget\" data-e-type=\"widget\" data-widget_type=\"text-editor.default\">\n\t\t\t\t<div class=\"elementor-widget-container\">\n\t\t\t\t\t\t\t\t\t<p>\u00a0<\/p><p><span data-contrast=\"auto\">Nach dem ersten Antrag 2021, der abgelehnt wurde, bem\u00fchte sich die Gruppe in Regensburg im Oktober 2022 wiederum um eine Akkreditierung. Diese ist notwendig, damit die Pro-Life Studenten am Campus wie viele andere studentische Gruppen aktiv sein k\u00f6nnen.\u00a0<\/span><span data-ccp-props=\"{&quot;201341983&quot;:0,&quot;335559739&quot;:160,&quot;335559740&quot;:278}\">\u00a0<\/span><\/p><p><span data-contrast=\"auto\">Jeder Student zahlt einen Semesterbeitrag, der die Infrastruktur f\u00fcr Hochschulgruppen finanziert. \u201e<\/span><i><span data-contrast=\"auto\">Ohne Akkreditierung d\u00fcrfen wir an der Universit\u00e4t eigentlich nichts machen. Wir kriegen keine R\u00e4ume gestellt, wir d\u00fcrfen keine Veranstaltungen bewerben, keine Plakate aufh\u00e4ngen, keine Flyer verteilen und keine Werbung f\u00fcr unsere Gruppe machen. Gleichzeitig zahlen wir mit unseren Semesterbeitr\u00e4gen auch eine zugelassene Hochschulgruppe, die \u2018Abtreibungen f\u00f6rdern\u2019 m\u00f6chte<\/span><\/i><span data-contrast=\"auto\">\u201c, meint Clara, die Vorsitzende der ProLife Europe Gruppe.<\/span><span data-ccp-props=\"{&quot;201341983&quot;:0,&quot;335559739&quot;:160,&quot;335559740&quot;:278}\">\u00a0<\/span><\/p><p><b><span data-contrast=\"auto\">Klage gegen die Universit\u00e4t Regensburg<\/span><\/b><span data-ccp-props=\"{&quot;201341983&quot;:0,&quot;335559739&quot;:160,&quot;335559740&quot;:278}\">\u00a0<\/span><\/p><p><span data-contrast=\"auto\">Vertreten von Rechtsanwalt Prof. Dr. Torsten Schmidt (Leisnig) und mit Unterst\u00fctzung von ADF International, klagte die Hochschulgruppe im Januar 2024 gegen die Universit\u00e4t vor dem Verwaltungsgericht Regensburg (<\/span><i><span data-contrast=\"auto\">AZ: RO 3 K 24.125<\/span><\/i><span data-contrast=\"auto\">). Laut Klageschrift sollte die Universit\u00e4t verpflichtet werden, \u201eProLife Regensburg als Hochschulgruppe zu akkreditieren\u201c.\u00a0<\/span><span data-ccp-props=\"{&quot;201341983&quot;:0,&quot;335559739&quot;:160,&quot;335559740&quot;:278}\">\u00a0<\/span><\/p><p><span data-contrast=\"auto\">\u201e<\/span><i><span data-contrast=\"auto\">Die gezielte Ausgrenzung der Pro-Life Gruppen ist klar rechtswidrig. Lebensschutz ist ein Staatsziel und auch die studentische Zivilgesellschaft spielt dabei eine Rolle<\/span><\/i><span data-contrast=\"auto\">\u201c, f\u00fcgte Dr. Felix B\u00f6llmann hinzu.\u00a0<\/span><span data-ccp-props=\"{&quot;201341983&quot;:0,&quot;335559739&quot;:160,&quot;335559740&quot;:278}\">\u00a0<\/span><\/p><p><span data-contrast=\"auto\">\u201e<\/span><i><span data-contrast=\"auto\">Die Stimme der Stillen darf nicht zum Schweigen gebracht werden. Das Engagement der Gruppe, die sich f\u00fcr die Schw\u00e4chsten in der Gesellschaft einsetzen wollen, ist richtig und wichtig. Lebensschutz darf nicht kriminalisiert und verboten werden<\/span><\/i><span data-contrast=\"auto\">\u201c, sagte Ludwig Br\u00fchl, Sprecher von ADF International.\u00a0\u00a0<\/span><span data-ccp-props=\"{&quot;201341983&quot;:0,&quot;335559739&quot;:160,&quot;335559740&quot;:278}\">\u00a0<\/span><\/p><p><b><span data-contrast=\"auto\">Wird das rechtswidrige Verbot zur\u00fcckgenommen?<\/span><\/b><span data-ccp-props=\"{&quot;201341983&quot;:0,&quot;335559739&quot;:160,&quot;335559740&quot;:278}\">\u00a0<\/span><\/p><p><span data-contrast=\"auto\">Im Sommer 2024 kristallisiert sich eine m\u00f6gliche L\u00f6sung heraus. Als Reaktion auf die Klage bietet die Universit\u00e4t Regensburg der Hochschulgruppe einen Vergleich an und sagt die Akkreditierung der Lebenssch\u00fctzer zu. Kurz vor dem neuen Semesterbeginn k\u00f6nnten die Studenten dann ihre Arbeit aufnehmen. Sollte der Vergleich zustande kommen, werden wir dar\u00fcber informieren.\u00a0<\/span><span data-ccp-props=\"{&quot;201341983&quot;:0,&quot;335559739&quot;:160,&quot;335559740&quot;:278}\">\u00a0<\/span><\/p><p><span data-contrast=\"auto\">\u201e<\/span><i><span data-contrast=\"auto\">Wir hoffen, dass wir unseren Einsatz f\u00fcr das Leben bald aufnehmen k\u00f6nnen.\u00a0 Allerdings bin ich entsetzt, dass wir uns mehrere Jahre um ein Grundrecht bem\u00fchen mussten, dass uns unzweifelhaft zusteht. Wenn unser Motto \u2018A little less judgement, a little more truth\u2019 von einem Campus verbannt wird, welche Botschaft oder \u00dcberzeugung wird die n\u00e4chste sein, die der Zensur zum Opfer f\u00e4llt?<\/span><\/i><span data-contrast=\"auto\">\u201c fragt Clara von ProLife Regensburg.<\/span><span data-ccp-props=\"{&quot;201341983&quot;:0,&quot;335559739&quot;:160,&quot;335559740&quot;:278}\">\u00a0<\/span><\/p><p><span data-contrast=\"auto\">Neben Regensburg verweigerte auch die Universit\u00e4t Heidelberg einer studentischen Lebensschutzgruppe die Zulassung. ADF International unterst\u00fctzt die Gruppe und verteidigt die akademische Freiheit sowie die freie Meinungs\u00e4u\u00dferung. Bereits im Juli 2023 reichte die Heidelberger Gruppe Klage gegen die Diskriminierung von Pro-Life Gruppen ein. Eine Entscheidung ist in diesem Fall noch nicht absehbar.\u00a0<\/span><span data-ccp-props=\"{&quot;201341983&quot;:0,&quot;335559739&quot;:160,&quot;335559740&quot;:278}\">\u00a0<\/span><\/p><p><span data-contrast=\"auto\">\u201e<\/span><i><span data-contrast=\"auto\">Der Fall zeigt deutlich, welche Rolle Zensur an Universit\u00e4ten spielt. Hoffentlich st\u00e4rkt der rechtliche Vergleich die Meinungsfreiheit f\u00fcr Studenten in ganz Deutschland<\/span><\/i><span data-contrast=\"auto\">\u201c, so Dr. Felix B\u00f6llmann abschlie\u00dfend.\u00a0<\/span><\/p>\t\t\t\t\t\t\t\t<\/div>\n\t\t\t\t<\/div>\n\t\t\t\t<div class=\"elementor-element elementor-element-9cca626 elementor-widget-divider--view-line elementor-widget elementor-widget-divider\" data-id=\"9cca626\" data-element_type=\"widget\" data-e-type=\"widget\" data-widget_type=\"divider.default\">\n\t\t\t\t<div class=\"elementor-widget-container\">\n\t\t\t\t\t\t\t<div class=\"elementor-divider\">\n\t\t\t<span class=\"elementor-divider-separator\">\n\t\t\t\t\t\t<\/span>\n\t\t<\/div>\n\t\t\t\t\t\t<\/div>\n\t\t\t\t<\/div>\n\t\t\t\t<div class=\"elementor-element elementor-element-525447a9 elementor-widget elementor-widget-text-editor\" data-id=\"525447a9\" data-element_type=\"widget\" data-e-type=\"widget\" data-widget_type=\"text-editor.default\">\n\t\t\t\t<div class=\"elementor-widget-container\">\n\t\t\t\t\t\t\t\t\t<p>Bilder zur freien Verf\u00fcgung in Verbindung mit der PR. (v.l.n.r.: Leitung der Hochschulgruppe, Leiterin Clara, Dr. Felix B\u00f6llmann)<\/p>\t\t\t\t\t\t\t\t<\/div>\n\t\t\t\t<\/div>\n\t\t\t\t<div class=\"elementor-element elementor-element-7e0e5276 elementor-widget elementor-widget-gallery\" data-id=\"7e0e5276\" data-element_type=\"widget\" data-e-type=\"widget\" data-settings=\"{&quot;aspect_ratio&quot;:&quot;1:1&quot;,&quot;lazyload&quot;:&quot;yes&quot;,&quot;gallery_layout&quot;:&quot;grid&quot;,&quot;columns&quot;:4,&quot;columns_tablet&quot;:2,&quot;columns_mobile&quot;:1,&quot;gap&quot;:{&quot;unit&quot;:&quot;px&quot;,&quot;size&quot;:10,&quot;sizes&quot;:[]},&quot;gap_tablet&quot;:{&quot;unit&quot;:&quot;px&quot;,&quot;size&quot;:10,&quot;sizes&quot;:[]},&quot;gap_mobile&quot;:{&quot;unit&quot;:&quot;px&quot;,&quot;size&quot;:10,&quot;sizes&quot;:[]},&quot;link_to&quot;:&quot;file&quot;,&quot;overlay_background&quot;:&quot;yes&quot;,&quot;content_hover_animation&quot;:&quot;fade-in&quot;}\" data-widget_type=\"gallery.default\">\n\t\t\t\t<div class=\"elementor-widget-container\">\n\t\t\t\t\t\t\t<div class=\"elementor-gallery__container\">\n\t\t\t\t\t\t\t<a class=\"e-gallery-item elementor-gallery-item elementor-animated-content\" href=\"https:\/\/adfinternational.org\/wp-content\/uploads\/2024\/10\/DSC09796.jpg\" data-elementor-open-lightbox=\"yes\" data-elementor-lightbox-slideshow=\"7e0e5276\" data-elementor-lightbox-title=\"DSC09796\" data-e-action-hash=\"#elementor-action%3Aaction%3Dlightbox%26settings%3DeyJpZCI6NjIyMjgsInVybCI6Imh0dHBzOlwvXC9hZGZpbnRlcm5hdGlvbmFsLm9yZ1wvd3AtY29udGVudFwvdXBsb2Fkc1wvMjAyNFwvMTBcL0RTQzA5Nzk2LmpwZyIsInNsaWRlc2hvdyI6IjdlMGU1Mjc2In0%3D\">\n\t\t\t\t\t<div class=\"e-gallery-image elementor-gallery-item__image\" data-thumbnail=\"https:\/\/adfinternational.org\/wp-content\/uploads\/2024\/10\/DSC09796-1024x683.jpg\" data-width=\"1024\" data-height=\"683\" aria-label=\"\" role=\"img\" ><\/div>\n\t\t\t\t\t\t\t\t\t\t\t<div class=\"elementor-gallery-item__overlay\"><\/div>\n\t\t\t\t\t\t\t\t\t\t\t\t\t\t<\/a>\n\t\t\t\t\t\t\t<a class=\"e-gallery-item elementor-gallery-item elementor-animated-content\" href=\"https:\/\/adfinternational.org\/wp-content\/uploads\/2024\/10\/DSC09833-scaled.jpg\" data-elementor-open-lightbox=\"yes\" data-elementor-lightbox-slideshow=\"7e0e5276\" data-elementor-lightbox-title=\"DSC09833\" data-e-action-hash=\"#elementor-action%3Aaction%3Dlightbox%26settings%3DeyJpZCI6NjIyMTgsInVybCI6Imh0dHBzOlwvXC9hZGZpbnRlcm5hdGlvbmFsLm9yZ1wvd3AtY29udGVudFwvdXBsb2Fkc1wvMjAyNFwvMTBcL0RTQzA5ODMzLXNjYWxlZC5qcGciLCJzbGlkZXNob3ciOiI3ZTBlNTI3NiJ9\">\n\t\t\t\t\t<div class=\"e-gallery-image elementor-gallery-item__image\" data-thumbnail=\"https:\/\/adfinternational.org\/wp-content\/uploads\/2024\/10\/DSC09833-1024x683.jpg\" data-width=\"1024\" data-height=\"683\" aria-label=\"\" role=\"img\" ><\/div>\n\t\t\t\t\t\t\t\t\t\t\t<div class=\"elementor-gallery-item__overlay\"><\/div>\n\t\t\t\t\t\t\t\t\t\t\t\t\t\t<\/a>\n\t\t\t\t\t\t\t<a class=\"e-gallery-item elementor-gallery-item elementor-animated-content\" href=\"https:\/\/adfinternational.org\/wp-content\/uploads\/2024\/10\/DSC09771-scaled.jpg\" data-elementor-open-lightbox=\"yes\" data-elementor-lightbox-slideshow=\"7e0e5276\" data-elementor-lightbox-title=\"DSC09771\" data-e-action-hash=\"#elementor-action%3Aaction%3Dlightbox%26settings%3DeyJpZCI6NjIyMTMsInVybCI6Imh0dHBzOlwvXC9hZGZpbnRlcm5hdGlvbmFsLm9yZ1wvd3AtY29udGVudFwvdXBsb2Fkc1wvMjAyNFwvMTBcL0RTQzA5NzcxLXNjYWxlZC5qcGciLCJzbGlkZXNob3ciOiI3ZTBlNTI3NiJ9\">\n\t\t\t\t\t<div class=\"e-gallery-image elementor-gallery-item__image\" data-thumbnail=\"https:\/\/adfinternational.org\/wp-content\/uploads\/2024\/10\/DSC09771-1024x683.jpg\" data-width=\"1024\" data-height=\"683\" aria-label=\"\" role=\"img\" ><\/div>\n\t\t\t\t\t\t\t\t\t\t\t<div class=\"elementor-gallery-item__overlay\"><\/div>\n\t\t\t\t\t\t\t\t\t\t\t\t\t\t<\/a>\n\t\t\t\t\t\t\t<a class=\"e-gallery-item elementor-gallery-item elementor-animated-content\" href=\"https:\/\/adfinternational.org\/wp-content\/uploads\/2024\/03\/Dr.-Felix-Boellmann.webp\" data-elementor-open-lightbox=\"yes\" data-elementor-lightbox-slideshow=\"7e0e5276\" data-elementor-lightbox-title=\"Dr. Felix Boellmann\" data-e-action-hash=\"#elementor-action%3Aaction%3Dlightbox%26settings%3DeyJpZCI6NDM4NDksInVybCI6Imh0dHBzOlwvXC9hZGZpbnRlcm5hdGlvbmFsLm9yZ1wvd3AtY29udGVudFwvdXBsb2Fkc1wvMjAyNFwvMDNcL0RyLi1GZWxpeC1Cb2VsbG1hbm4ud2VicCIsInNsaWRlc2hvdyI6IjdlMGU1Mjc2In0%3D\">\n\t\t\t\t\t<div class=\"e-gallery-image elementor-gallery-item__image\" data-thumbnail=\"https:\/\/adfinternational.org\/wp-content\/uploads\/2024\/03\/Dr.-Felix-Boellmann-819x1024.webp\" data-width=\"819\" data-height=\"1024\" aria-label=\"\" role=\"img\" ><\/div>\n\t\t\t\t\t\t\t\t\t\t\t<div class=\"elementor-gallery-item__overlay\"><\/div>\n\t\t\t\t\t\t\t\t\t\t\t\t\t\t<\/a>\n\t\t\t\t\t<\/div>\n\t\t\t\t\t<\/div>\n\t\t\t\t<\/div>\n\t\t\t\t\t<\/div>\n\t\t<\/div>\n\t\t\t\t\t<\/div>\n\t\t<\/section>\n\t\t\t\t<\/div>\n\t\t","protected":false},"excerpt":{"rendered":"<p>ProLifeEurope Hochschulgruppe wurde \u00fcber Jahre hinweg von der Universit\u00e4t Regensburg diskriminiert und nicht zugelassen. Nach einer Klage hat die Uni einen Vergleich vorgeschlagen, der einem Anerkenntnis des Anspruchs der Gruppe gleichkommt: Die Gruppe wird nun akkreditiert. ADF International st\u00fctzte die rechtlichen Bem\u00fchungen der jungen Pro-Life Gruppe. In K\u00fcrze soll die Einigung durch das Gericht best\u00e4tigt [&hellip;]<\/p>\n","protected":false},"author":44,"featured_media":62228,"comment_status":"closed","ping_status":"closed","sticky":false,"template":"","format":"standard","meta":{"_acf_changed":false,"give_campaign_id":0,"footnotes":""},"categories":[434],"tags":[545,949,421,1195,1196,1197,1198],"class_list":["post-62212","post","type-post","status-publish","format-standard","has-post-thumbnail","hentry","category-news","tag-boellmann","tag-de","tag-news","tag-pro-life-2","tag-prolifeeurope","tag-uni","tag-universitaet"],"acf":[],"yoast_head":"<!-- This site is optimized with the Yoast SEO Premium plugin v27.5 (Yoast SEO v27.5) - https:\/\/yoast.com\/product\/yoast-seo-premium-wordpress\/ -->\n<title>Akkreditierung f\u00fcr Pro-Life Hochschulgruppe nach jahrelanger Diskriminierung in Sicht: Uni Regensburg gibt rechtswidrige Position auf\u00a0 - ADF International<\/title>\n<meta name=\"description\" content=\"Nach einer Klage hat die Uni einen Vergleich vorgeschlagen, der einem Anerkenntnis gleichkommt: Die Gruppe wird nun akkreditiert.\" \/>\n<meta name=\"robots\" content=\"index, follow, max-snippet:-1, max-image-preview:large, max-video-preview:-1\" \/>\n<link rel=\"canonical\" href=\"https:\/\/adfinternational.org\/de\/news\/pro-life-gruppe-uni-regensburg-campus-zensur\" \/>\n<meta property=\"og:locale\" content=\"de_DE\" \/>\n<meta property=\"og:type\" content=\"article\" \/>\n<meta property=\"og:title\" content=\"Akkreditierung f\u00fcr Pro-Life Hochschulgruppe nach jahrelanger Diskriminierung in Sicht: Uni Regensburg gibt rechtswidrige Position auf\u00a0\" \/>\n<meta property=\"og:description\" content=\"Nach einer Klage hat die Uni einen Vergleich vorgeschlagen, der einem Anerkenntnis gleichkommt: Die Gruppe wird nun akkreditiert.\" \/>\n<meta property=\"og:url\" content=\"https:\/\/adfinternational.org\/de\/news\/pro-life-gruppe-uni-regensburg-campus-zensur\" \/>\n<meta property=\"og:site_name\" content=\"ADF International\" \/>\n<meta property=\"article:publisher\" content=\"https:\/\/facebook.com\/adfinternational\" \/>\n<meta property=\"article:published_time\" content=\"2024-10-01T13:00:46+00:00\" \/>\n<meta property=\"article:modified_time\" content=\"2024-12-16T09:20:21+00:00\" \/>\n<meta property=\"og:image\" content=\"https:\/\/adfinternational.org\/wp-content\/uploads\/2024\/10\/DSC09796.jpg\" \/>\n\t<meta property=\"og:image:width\" content=\"2400\" \/>\n\t<meta property=\"og:image:height\" content=\"1600\" \/>\n\t<meta property=\"og:image:type\" content=\"image\/jpeg\" \/>\n<meta name=\"author\" content=\"Philipp Bues\" \/>\n<meta name=\"twitter:card\" content=\"summary_large_image\" \/>\n<meta name=\"twitter:creator\" content=\"@adfintl\" \/>\n<meta name=\"twitter:site\" content=\"@adfintl\" \/>\n<meta name=\"twitter:label1\" content=\"Verfasst von\" \/>\n\t<meta name=\"twitter:data1\" content=\"Philipp Bues\" \/>\n\t<meta name=\"twitter:label2\" content=\"Gesch\u00e4tzte Lesezeit\" \/>\n\t<meta name=\"twitter:data2\" content=\"4 Minuten\" \/>\n<script type=\"application\/ld+json\" class=\"yoast-schema-graph\">{\"@context\":\"https:\\\/\\\/schema.org\",\"@graph\":[{\"@type\":\"Article\",\"@id\":\"https:\\\/\\\/adfinternational.org\\\/de\\\/news\\\/pro-life-gruppe-uni-regensburg-campus-zensur#article\",\"isPartOf\":{\"@id\":\"https:\\\/\\\/adfinternational.org\\\/de\\\/news\\\/pro-life-gruppe-uni-regensburg-campus-zensur\"},\"author\":{\"name\":\"Philipp Bues\",\"@id\":\"https:\\\/\\\/adfinternational.org\\\/de\\\/#\\\/schema\\\/person\\\/6b776fc8535453c6aad8a6f9d78e6141\"},\"headline\":\"Akkreditierung f\u00fcr Pro-Life Hochschulgruppe nach jahrelanger Diskriminierung in Sicht: Uni Regensburg gibt rechtswidrige Position auf\u00a0\",\"datePublished\":\"2024-10-01T13:00:46+00:00\",\"dateModified\":\"2024-12-16T09:20:21+00:00\",\"mainEntityOfPage\":{\"@id\":\"https:\\\/\\\/adfinternational.org\\\/de\\\/news\\\/pro-life-gruppe-uni-regensburg-campus-zensur\"},\"wordCount\":840,\"publisher\":{\"@id\":\"https:\\\/\\\/adfinternational.org\\\/de\\\/#organization\"},\"image\":{\"@id\":\"https:\\\/\\\/adfinternational.org\\\/de\\\/news\\\/pro-life-gruppe-uni-regensburg-campus-zensur#primaryimage\"},\"thumbnailUrl\":\"https:\\\/\\\/adfinternational.org\\\/wp-content\\\/uploads\\\/2024\\\/10\\\/DSC09796.jpg\",\"keywords\":[\"B\u00f6llmann\",\"DE\",\"News\",\"Pro-Life\",\"ProLifeEurope\",\"Uni\",\"Universit\u00e4t\"],\"articleSection\":[\"News\"],\"inLanguage\":\"de-DE\"},{\"@type\":\"WebPage\",\"@id\":\"https:\\\/\\\/adfinternational.org\\\/de\\\/news\\\/pro-life-gruppe-uni-regensburg-campus-zensur\",\"url\":\"https:\\\/\\\/adfinternational.org\\\/de\\\/news\\\/pro-life-gruppe-uni-regensburg-campus-zensur\",\"name\":\"Akkreditierung f\u00fcr Pro-Life Hochschulgruppe nach jahrelanger Diskriminierung in Sicht: Uni Regensburg gibt rechtswidrige Position auf\u00a0 - ADF International\",\"isPartOf\":{\"@id\":\"https:\\\/\\\/adfinternational.org\\\/de\\\/#website\"},\"primaryImageOfPage\":{\"@id\":\"https:\\\/\\\/adfinternational.org\\\/de\\\/news\\\/pro-life-gruppe-uni-regensburg-campus-zensur#primaryimage\"},\"image\":{\"@id\":\"https:\\\/\\\/adfinternational.org\\\/de\\\/news\\\/pro-life-gruppe-uni-regensburg-campus-zensur#primaryimage\"},\"thumbnailUrl\":\"https:\\\/\\\/adfinternational.org\\\/wp-content\\\/uploads\\\/2024\\\/10\\\/DSC09796.jpg\",\"datePublished\":\"2024-10-01T13:00:46+00:00\",\"dateModified\":\"2024-12-16T09:20:21+00:00\",\"description\":\"Nach einer Klage hat die Uni einen Vergleich vorgeschlagen, der einem Anerkenntnis gleichkommt: Die Gruppe wird nun akkreditiert.\",\"breadcrumb\":{\"@id\":\"https:\\\/\\\/adfinternational.org\\\/de\\\/news\\\/pro-life-gruppe-uni-regensburg-campus-zensur#breadcrumb\"},\"inLanguage\":\"de-DE\",\"potentialAction\":[{\"@type\":\"ReadAction\",\"target\":[\"https:\\\/\\\/adfinternational.org\\\/de\\\/news\\\/pro-life-gruppe-uni-regensburg-campus-zensur\"]}]},{\"@type\":\"ImageObject\",\"inLanguage\":\"de-DE\",\"@id\":\"https:\\\/\\\/adfinternational.org\\\/de\\\/news\\\/pro-life-gruppe-uni-regensburg-campus-zensur#primaryimage\",\"url\":\"https:\\\/\\\/adfinternational.org\\\/wp-content\\\/uploads\\\/2024\\\/10\\\/DSC09796.jpg\",\"contentUrl\":\"https:\\\/\\\/adfinternational.org\\\/wp-content\\\/uploads\\\/2024\\\/10\\\/DSC09796.jpg\",\"width\":2400,\"height\":1600},{\"@type\":\"BreadcrumbList\",\"@id\":\"https:\\\/\\\/adfinternational.org\\\/de\\\/news\\\/pro-life-gruppe-uni-regensburg-campus-zensur#breadcrumb\",\"itemListElement\":[{\"@type\":\"ListItem\",\"position\":1,\"name\":\"Home\",\"item\":\"https:\\\/\\\/adfinternational.org\\\/de\"},{\"@type\":\"ListItem\",\"position\":2,\"name\":\"Akkreditierung f\u00fcr Pro-Life Hochschulgruppe nach jahrelanger Diskriminierung in Sicht: Uni Regensburg gibt rechtswidrige Position auf\u00a0\"}]},{\"@type\":\"WebSite\",\"@id\":\"https:\\\/\\\/adfinternational.org\\\/de\\\/#website\",\"url\":\"https:\\\/\\\/adfinternational.org\\\/de\\\/\",\"name\":\"ADF International\",\"description\":\"Protecting Fundamental Freedoms. Promoting Inherent Dignity.\",\"publisher\":{\"@id\":\"https:\\\/\\\/adfinternational.org\\\/de\\\/#organization\"},\"potentialAction\":[{\"@type\":\"SearchAction\",\"target\":{\"@type\":\"EntryPoint\",\"urlTemplate\":\"https:\\\/\\\/adfinternational.org\\\/de\\\/?s={search_term_string}\"},\"query-input\":{\"@type\":\"PropertyValueSpecification\",\"valueRequired\":true,\"valueName\":\"search_term_string\"}}],\"inLanguage\":\"de-DE\"},{\"@type\":\"Organization\",\"@id\":\"https:\\\/\\\/adfinternational.org\\\/de\\\/#organization\",\"name\":\"Alliance Defending Freedom International\",\"url\":\"https:\\\/\\\/adfinternational.org\\\/de\\\/\",\"logo\":{\"@type\":\"ImageObject\",\"inLanguage\":\"de-DE\",\"@id\":\"https:\\\/\\\/adfinternational.org\\\/de\\\/#\\\/schema\\\/logo\\\/image\\\/\",\"url\":\"https:\\\/\\\/adfinternational.org\\\/wp-content\\\/uploads\\\/2021\\\/08\\\/ADF_Intl_R_RGB_175px.png\",\"contentUrl\":\"https:\\\/\\\/adfinternational.org\\\/wp-content\\\/uploads\\\/2021\\\/08\\\/ADF_Intl_R_RGB_175px.png\",\"width\":175,\"height\":106,\"caption\":\"Alliance Defending Freedom International\"},\"image\":{\"@id\":\"https:\\\/\\\/adfinternational.org\\\/de\\\/#\\\/schema\\\/logo\\\/image\\\/\"},\"sameAs\":[\"https:\\\/\\\/facebook.com\\\/adfinternational\",\"https:\\\/\\\/x.com\\\/adfintl\",\"https:\\\/\\\/www.linkedin.com\\\/company\\\/adfinternational\",\"https:\\\/\\\/www.instagram.com\\\/adfinternational\\\/\"]},{\"@type\":\"Person\",\"@id\":\"https:\\\/\\\/adfinternational.org\\\/de\\\/#\\\/schema\\\/person\\\/6b776fc8535453c6aad8a6f9d78e6141\",\"name\":\"Philipp Bues\",\"image\":{\"@type\":\"ImageObject\",\"inLanguage\":\"de-DE\",\"@id\":\"https:\\\/\\\/adfinternational.org\\\/wp-content\\\/uploads\\\/2025\\\/02\\\/Philipp-Bues-Headshot-150x150.jpg\",\"url\":\"https:\\\/\\\/adfinternational.org\\\/wp-content\\\/uploads\\\/2025\\\/02\\\/Philipp-Bues-Headshot-150x150.jpg\",\"contentUrl\":\"https:\\\/\\\/adfinternational.org\\\/wp-content\\\/uploads\\\/2025\\\/02\\\/Philipp-Bues-Headshot-150x150.jpg\",\"caption\":\"Philipp Bues\"},\"url\":\"https:\\\/\\\/adfinternational.org\\\/de\\\/author\\\/pbuesadfinternational-org\"}]}<\/script>\n<!-- \/ Yoast SEO Premium plugin. -->","yoast_head_json":{"title":"Akkreditierung f\u00fcr Pro-Life Hochschulgruppe nach jahrelanger Diskriminierung in Sicht: Uni Regensburg gibt rechtswidrige Position auf\u00a0 - ADF International","description":"Nach einer Klage hat die Uni einen Vergleich vorgeschlagen, der einem Anerkenntnis gleichkommt: Die Gruppe wird nun akkreditiert.","robots":{"index":"index","follow":"follow","max-snippet":"max-snippet:-1","max-image-preview":"max-image-preview:large","max-video-preview":"max-video-preview:-1"},"canonical":"https:\/\/adfinternational.org\/de\/news\/pro-life-gruppe-uni-regensburg-campus-zensur","og_locale":"de_DE","og_type":"article","og_title":"Akkreditierung f\u00fcr Pro-Life Hochschulgruppe nach jahrelanger Diskriminierung in Sicht: Uni Regensburg gibt rechtswidrige Position auf\u00a0","og_description":"Nach einer Klage hat die Uni einen Vergleich vorgeschlagen, der einem Anerkenntnis gleichkommt: Die Gruppe wird nun akkreditiert.","og_url":"https:\/\/adfinternational.org\/de\/news\/pro-life-gruppe-uni-regensburg-campus-zensur","og_site_name":"ADF International","article_publisher":"https:\/\/facebook.com\/adfinternational","article_published_time":"2024-10-01T13:00:46+00:00","article_modified_time":"2024-12-16T09:20:21+00:00","og_image":[{"width":2400,"height":1600,"url":"https:\/\/adfinternational.org\/wp-content\/uploads\/2024\/10\/DSC09796.jpg","type":"image\/jpeg"}],"author":"Philipp Bues","twitter_card":"summary_large_image","twitter_creator":"@adfintl","twitter_site":"@adfintl","twitter_misc":{"Verfasst von":"Philipp Bues","Gesch\u00e4tzte Lesezeit":"4 Minuten"},"schema":{"@context":"https:\/\/schema.org","@graph":[{"@type":"Article","@id":"https:\/\/adfinternational.org\/de\/news\/pro-life-gruppe-uni-regensburg-campus-zensur#article","isPartOf":{"@id":"https:\/\/adfinternational.org\/de\/news\/pro-life-gruppe-uni-regensburg-campus-zensur"},"author":{"name":"Philipp Bues","@id":"https:\/\/adfinternational.org\/de\/#\/schema\/person\/6b776fc8535453c6aad8a6f9d78e6141"},"headline":"Akkreditierung f\u00fcr Pro-Life Hochschulgruppe nach jahrelanger Diskriminierung in Sicht: Uni Regensburg gibt rechtswidrige Position auf\u00a0","datePublished":"2024-10-01T13:00:46+00:00","dateModified":"2024-12-16T09:20:21+00:00","mainEntityOfPage":{"@id":"https:\/\/adfinternational.org\/de\/news\/pro-life-gruppe-uni-regensburg-campus-zensur"},"wordCount":840,"publisher":{"@id":"https:\/\/adfinternational.org\/de\/#organization"},"image":{"@id":"https:\/\/adfinternational.org\/de\/news\/pro-life-gruppe-uni-regensburg-campus-zensur#primaryimage"},"thumbnailUrl":"https:\/\/adfinternational.org\/wp-content\/uploads\/2024\/10\/DSC09796.jpg","keywords":["B\u00f6llmann","DE","News","Pro-Life","ProLifeEurope","Uni","Universit\u00e4t"],"articleSection":["News"],"inLanguage":"de-DE"},{"@type":"WebPage","@id":"https:\/\/adfinternational.org\/de\/news\/pro-life-gruppe-uni-regensburg-campus-zensur","url":"https:\/\/adfinternational.org\/de\/news\/pro-life-gruppe-uni-regensburg-campus-zensur","name":"Akkreditierung f\u00fcr Pro-Life Hochschulgruppe nach jahrelanger Diskriminierung in Sicht: Uni Regensburg gibt rechtswidrige Position auf\u00a0 - ADF International","isPartOf":{"@id":"https:\/\/adfinternational.org\/de\/#website"},"primaryImageOfPage":{"@id":"https:\/\/adfinternational.org\/de\/news\/pro-life-gruppe-uni-regensburg-campus-zensur#primaryimage"},"image":{"@id":"https:\/\/adfinternational.org\/de\/news\/pro-life-gruppe-uni-regensburg-campus-zensur#primaryimage"},"thumbnailUrl":"https:\/\/adfinternational.org\/wp-content\/uploads\/2024\/10\/DSC09796.jpg","datePublished":"2024-10-01T13:00:46+00:00","dateModified":"2024-12-16T09:20:21+00:00","description":"Nach einer Klage hat die Uni einen Vergleich vorgeschlagen, der einem Anerkenntnis gleichkommt: Die Gruppe wird nun akkreditiert.","breadcrumb":{"@id":"https:\/\/adfinternational.org\/de\/news\/pro-life-gruppe-uni-regensburg-campus-zensur#breadcrumb"},"inLanguage":"de-DE","potentialAction":[{"@type":"ReadAction","target":["https:\/\/adfinternational.org\/de\/news\/pro-life-gruppe-uni-regensburg-campus-zensur"]}]},{"@type":"ImageObject","inLanguage":"de-DE","@id":"https:\/\/adfinternational.org\/de\/news\/pro-life-gruppe-uni-regensburg-campus-zensur#primaryimage","url":"https:\/\/adfinternational.org\/wp-content\/uploads\/2024\/10\/DSC09796.jpg","contentUrl":"https:\/\/adfinternational.org\/wp-content\/uploads\/2024\/10\/DSC09796.jpg","width":2400,"height":1600},{"@type":"BreadcrumbList","@id":"https:\/\/adfinternational.org\/de\/news\/pro-life-gruppe-uni-regensburg-campus-zensur#breadcrumb","itemListElement":[{"@type":"ListItem","position":1,"name":"Home","item":"https:\/\/adfinternational.org\/de"},{"@type":"ListItem","position":2,"name":"Akkreditierung f\u00fcr Pro-Life Hochschulgruppe nach jahrelanger Diskriminierung in Sicht: Uni Regensburg gibt rechtswidrige Position auf\u00a0"}]},{"@type":"WebSite","@id":"https:\/\/adfinternational.org\/de\/#website","url":"https:\/\/adfinternational.org\/de\/","name":"ADF International","description":"Protecting Fundamental Freedoms. Promoting Inherent Dignity.","publisher":{"@id":"https:\/\/adfinternational.org\/de\/#organization"},"potentialAction":[{"@type":"SearchAction","target":{"@type":"EntryPoint","urlTemplate":"https:\/\/adfinternational.org\/de\/?s={search_term_string}"},"query-input":{"@type":"PropertyValueSpecification","valueRequired":true,"valueName":"search_term_string"}}],"inLanguage":"de-DE"},{"@type":"Organization","@id":"https:\/\/adfinternational.org\/de\/#organization","name":"Alliance Defending Freedom International","url":"https:\/\/adfinternational.org\/de\/","logo":{"@type":"ImageObject","inLanguage":"de-DE","@id":"https:\/\/adfinternational.org\/de\/#\/schema\/logo\/image\/","url":"https:\/\/adfinternational.org\/wp-content\/uploads\/2021\/08\/ADF_Intl_R_RGB_175px.png","contentUrl":"https:\/\/adfinternational.org\/wp-content\/uploads\/2021\/08\/ADF_Intl_R_RGB_175px.png","width":175,"height":106,"caption":"Alliance Defending Freedom International"},"image":{"@id":"https:\/\/adfinternational.org\/de\/#\/schema\/logo\/image\/"},"sameAs":["https:\/\/facebook.com\/adfinternational","https:\/\/x.com\/adfintl","https:\/\/www.linkedin.com\/company\/adfinternational","https:\/\/www.instagram.com\/adfinternational\/"]},{"@type":"Person","@id":"https:\/\/adfinternational.org\/de\/#\/schema\/person\/6b776fc8535453c6aad8a6f9d78e6141","name":"Philipp Bues","image":{"@type":"ImageObject","inLanguage":"de-DE","@id":"https:\/\/adfinternational.org\/wp-content\/uploads\/2025\/02\/Philipp-Bues-Headshot-150x150.jpg","url":"https:\/\/adfinternational.org\/wp-content\/uploads\/2025\/02\/Philipp-Bues-Headshot-150x150.jpg","contentUrl":"https:\/\/adfinternational.org\/wp-content\/uploads\/2025\/02\/Philipp-Bues-Headshot-150x150.jpg","caption":"Philipp Bues"},"url":"https:\/\/adfinternational.org\/de\/author\/pbuesadfinternational-org"}]}},"_links":{"self":[{"href":"https:\/\/adfinternational.org\/de\/wp-json\/wp\/v2\/posts\/62212","targetHints":{"allow":["GET"]}}],"collection":[{"href":"https:\/\/adfinternational.org\/de\/wp-json\/wp\/v2\/posts"}],"about":[{"href":"https:\/\/adfinternational.org\/de\/wp-json\/wp\/v2\/types\/post"}],"author":[{"embeddable":true,"href":"https:\/\/adfinternational.org\/de\/wp-json\/wp\/v2\/users\/44"}],"replies":[{"embeddable":true,"href":"https:\/\/adfinternational.org\/de\/wp-json\/wp\/v2\/comments?post=62212"}],"version-history":[{"count":0,"href":"https:\/\/adfinternational.org\/de\/wp-json\/wp\/v2\/posts\/62212\/revisions"}],"wp:featuredmedia":[{"embeddable":true,"href":"https:\/\/adfinternational.org\/de\/wp-json\/wp\/v2\/media\/62228"}],"wp:attachment":[{"href":"https:\/\/adfinternational.org\/de\/wp-json\/wp\/v2\/media?parent=62212"}],"wp:term":[{"taxonomy":"category","embeddable":true,"href":"https:\/\/adfinternational.org\/de\/wp-json\/wp\/v2\/categories?post=62212"},{"taxonomy":"post_tag","embeddable":true,"href":"https:\/\/adfinternational.org\/de\/wp-json\/wp\/v2\/tags?post=62212"}],"curies":[{"name":"wp","href":"https:\/\/api.w.org\/{rel}","templated":true}]}}