{"id":74722,"date":"2025-06-20T16:08:07","date_gmt":"2025-06-20T14:08:07","guid":{"rendered":"https:\/\/adfinternational.org\/?p=74722"},"modified":"2025-06-20T17:05:33","modified_gmt":"2025-06-20T15:05:33","slug":"nigeria-wo-der-glaube-toedlich-sein-kann","status":"publish","type":"post","link":"https:\/\/adfinternational.org\/de\/kommentar\/nigeria-glaube-toedlich","title":{"rendered":"Nigeria &#8211; Wo der Glaube t\u00f6dlich sein kann"},"content":{"rendered":"\t\t<div data-elementor-type=\"wp-post\" data-elementor-id=\"74722\" class=\"elementor elementor-74722\" data-elementor-post-type=\"post\">\n\t\t\t\t\t\t<section class=\"elementor-section elementor-top-section elementor-element elementor-element-641bfe7 elementor-section-boxed elementor-section-height-default elementor-section-height-default\" data-id=\"641bfe7\" data-element_type=\"section\" data-e-type=\"section\">\n\t\t\t\t\t\t<div class=\"elementor-container elementor-column-gap-default\">\n\t\t\t\t\t<div class=\"elementor-column elementor-col-100 elementor-top-column elementor-element elementor-element-a2c2faa\" data-id=\"a2c2faa\" data-element_type=\"column\" data-e-type=\"column\">\n\t\t\t<div class=\"elementor-widget-wrap elementor-element-populated\">\n\t\t\t\t\t\t<div class=\"elementor-element elementor-element-4491511 elementor-widget elementor-widget-image\" data-id=\"4491511\" data-element_type=\"widget\" data-e-type=\"widget\" data-widget_type=\"image.default\">\n\t\t\t\t<div class=\"elementor-widget-container\">\n\t\t\t\t\t\t\t\t\t\t\t\t\t\t\t<img fetchpriority=\"high\" decoding=\"async\" width=\"555\" height=\"403\" src=\"https:\/\/adfinternational.org\/wp-content\/uploads\/2025\/06\/nigeria.png\" class=\"attachment-large size-large wp-image-74723\" alt=\"Nigeria\" srcset=\"https:\/\/adfinternational.org\/wp-content\/uploads\/2025\/06\/nigeria.png 555w, https:\/\/adfinternational.org\/wp-content\/uploads\/2025\/06\/nigeria-300x218.png 300w\" sizes=\"(max-width: 555px) 100vw, 555px\" \/>\t\t\t\t\t\t\t\t\t\t\t\t\t\t\t<\/div>\n\t\t\t\t<\/div>\n\t\t\t\t\t<\/div>\n\t\t<\/div>\n\t\t\t\t\t<\/div>\n\t\t<\/section>\n\t\t\t\t<section class=\"elementor-section elementor-top-section elementor-element elementor-element-e471618 elementor-section-boxed elementor-section-height-default elementor-section-height-default\" data-id=\"e471618\" data-element_type=\"section\" data-e-type=\"section\">\n\t\t\t\t\t\t<div class=\"elementor-container elementor-column-gap-default\">\n\t\t\t\t\t<div class=\"elementor-column elementor-col-100 elementor-top-column elementor-element elementor-element-23d291e\" data-id=\"23d291e\" data-element_type=\"column\" data-e-type=\"column\">\n\t\t\t<div class=\"elementor-widget-wrap elementor-element-populated\">\n\t\t\t\t\t\t<div class=\"elementor-element elementor-element-95cbdb6 elementor-widget elementor-widget-text-editor\" data-id=\"95cbdb6\" data-element_type=\"widget\" data-e-type=\"widget\" data-widget_type=\"text-editor.default\">\n\t\t\t\t<div class=\"elementor-widget-container\">\n\t\t\t\t\t\t\t\t\t<p>In keinem anderen Land der Welt werden mehr Christen get\u00f6tet als in Nigeria. Besonders im Norden des Landes klammern sich Christen an letzte Hoffnungsfunken und rufen nach Gerechtigkeit und Hilfe, w\u00e4hrend die Welt aus der Ferne zusieht.<\/p><p>Was f\u00fcr viele unvorstellbar erscheint, ist f\u00fcr Christen in Nigeria t\u00e4gliche Realit\u00e4t: <strong>Die Aus\u00fcbung ihres Glaubens kann das eigene Leben kosten<\/strong>.\u00a0 Verantwortlich daf\u00fcr sind nicht nur extremistische Gruppen wie Boko Haram oder Fulani-Milizen, sondern auch willk\u00fcrliche Gewalt, strafrechtliche Verfolgung aufgrund sogenannter Blasphemiegesetze und das systematische Wegsehen staatlicher Stellen So griffen zum Beispiel am 25. Dezember 2023 bewaffnete K\u00e4mpfer f\u00fcnf christliche D\u00f6rfer im Norden Nigerias an. W\u00e4hrend die Welt Weihnachten feierte, verloren dort \u00fcber 200 Menschen ihr Leben. H\u00e4user wurden niedergebrannt, Felder zerst\u00f6rt, ganze Familien ausgel\u00f6scht.<\/p><p><strong>Dieser Angriff steht stellvertretend f\u00fcr eine beispiellose Welle der Gewalt, der Christen in Nigeria ausgesetzt sind.<\/strong> Besonders ersch\u00fctternd ist das Schicksal zweier junger Frauen, die vom Islam zum Christentum konvertiert sind.<\/p><p>Sie wurden bedroht und letztendlich gezwungen, aus ihrer Heimat zu fliehen. Weil sie den zwei christlichen Konvertitinnen geholfen hatten, wurden ein Pastor und ein Prediger entf\u00fchrt und zwei Wochen lang gefoltert. Danach wurden sie den Beh\u00f6rden \u00fcbergeben. W\u00e4hrend einer von ihnen freikam, wurde der andere in einem unfairen Verfahren \u2013 ohne anwaltliche Vertretung \u2013 wegen Entf\u00fchrung verurteilt.<\/p><p>Dank des Einsatzes eines Partneranwalts konnte eine Freilassung auf Kaution erreicht werden, und es l\u00e4uft derzeit ein Berufungsverfahren gegen das Urteil. Ein weiterer aufr\u00fcttelnder Fall ist der der christlichen <strong>Krankenschwester Rhoda Jatau<\/strong>, die wegen einer WhatsApp-Nachricht \u00fcber die Gewalt gegen\u00fcber Christen 19 Monate lang inhaftiert war.<\/p><p>Partneranw\u00e4lte von ADF International konnten im Dezember 2023 ihre Freilassung auf Kaution erwirken und im Dezember 2024 wurde sie nach einem zweieinhalbj\u00e4hrigen Verfahren vollst\u00e4ndig freigesprochen. <strong>Betroffen sind nicht nur Christen. Auch Menschen anderer Glaubensrichtungen, die vom religi\u00f6sen Mainstream abweichen oder sich f\u00fcr Toleranz einsetzen, werden verfolgt.<\/strong> Der junge <strong>Sufi-Musiker Yahaya Sharif-Aminu<\/strong> wurde im M\u00e4rz 2020 wegen einer angeblich blasphemischen WhatsApp-Nachricht auf Grundlage der Scharia verhaftet und kurz darauf zum Tode verurteilt.<\/p><p>Obwohl das Urteil sp\u00e4ter aufgehoben wurde, ordnete das Gericht einen neuen Prozess an. ADF International unterst\u00fctzt derzeit seine Berufung vor dem Obersten Gerichtshof, um das Blasphemiegesetz mit Todesstrafe anzufechten. Aufgrund des Einsatzes von ADF International forderte das Europ\u00e4ische Parlament am 13. Februar 2025 in einer Dringlichkeitsresolution erneut die sofortige und bedingungslose Freilassung von Yahaya Sharif-Aminu. Die Resolution verurteilt die Anwendung von Blasphemiegesetzen in Nigeria und ruft zur Abschaffung dieser Gesetze auf, da sie religi\u00f6se Minderheiten gef\u00e4hrden, Grundrechte verletzen und Gewalt f\u00f6rdern.<\/p><p><strong>Trotz all dieser bedr\u00fcckenden Entwicklungen gibt es auch Zeichen der Hoffnung:<\/strong> Kirchen werden wieder aufgebaut, betroffene Menschen erhalten Traumabehandlung, und Christen, die trotz aller Zerst\u00f6rung und Verw\u00fcstung im Gebet auf Gott vertrauen, verbreiten mit Lobges\u00e4ngen Hoffnung. <strong>Niemand sollte daf\u00fcr bestraft werden, dass er seinen Glauben friedlich zum Ausdruck bringt.<\/strong> Daher setzen wir uns &#8211; gemeinsam mit Partneranw\u00e4lten vor Ort &#8211; f\u00fcr diese Menschen ein.<\/p><p>In den schwierigsten Umst\u00e4nden k\u00e4mpft ADF International f\u00fcr Rechtsstaatlichkeit, f\u00fcr Religionsfreiheit und f\u00fcr das Leben der Mandanten. Unsere Arbeit reicht dabei von konkreter rechtlicher Verteidigung bis hin zu internationaler Interessenvertretung bei den Gremien der Uno, des Europarats oder eben der Europ\u00e4ischen Union. Doch das ist nur mit Unterst\u00fctzung m\u00f6glich. <strong>Ihre Spende hilft dabei, Christen in Nigeria zu sch\u00fctzen, Unschuldige angesichts von Blasphemievorw\u00fcrfen zu verteidigen, willk\u00fcrliche Haft zu beenden und langfristig eine Kultur der Rechtsstaatlichkeit und Glaubensfreiheit zu etablieren.<\/strong><\/p><p>Nigeria, seine Christen und die religi\u00f6sen Minderheiten brauchen starke Partner. Die verfolgte Kirche braucht Menschen, die hinsehen \u2013 und handeln.<\/p><p>Herzlichen Dank f\u00fcr Ihre Verbundenheit und Ihre konkrete Hilfe f\u00fcr Menschen, die wegen ihres Glaubens verfolgt werden.<\/p>\t\t\t\t\t\t\t\t<\/div>\n\t\t\t\t<\/div>\n\t\t\t\t\t<\/div>\n\t\t<\/div>\n\t\t\t\t\t<\/div>\n\t\t<\/section>\n\t\t\t\t<\/div>\n\t\t","protected":false},"excerpt":{"rendered":"<p>In keinem anderen Land der Welt werden mehr Christen get\u00f6tet als in Nigeria. Besonders im Norden des Landes klammern sich Christen an letzte Hoffnungsfunken und rufen nach Gerechtigkeit und Hilfe, w\u00e4hrend die Welt aus der Ferne zusieht. Was f\u00fcr viele unvorstellbar erscheint, ist f\u00fcr Christen in Nigeria t\u00e4gliche Realit\u00e4t: Die Aus\u00fcbung ihres Glaubens kann das [&hellip;]<\/p>\n","protected":false},"author":44,"featured_media":74723,"comment_status":"closed","ping_status":"closed","sticky":false,"template":"","format":"standard","meta":{"_acf_changed":false,"give_campaign_id":0,"footnotes":""},"categories":[1106],"tags":[949,428],"class_list":["post-74722","post","type-post","status-publish","format-standard","has-post-thumbnail","hentry","category-kommentar","tag-de","tag-kommentar"],"acf":[],"yoast_head":"<!-- This site is optimized with the Yoast SEO Premium plugin v27.5 (Yoast SEO v27.5) - https:\/\/yoast.com\/product\/yoast-seo-premium-wordpress\/ -->\n<title>Nigeria - Wo der Glaube t\u00f6dlich sein kann - ADF International<\/title>\n<meta name=\"robots\" content=\"index, follow, max-snippet:-1, max-image-preview:large, max-video-preview:-1\" \/>\n<link rel=\"canonical\" href=\"https:\/\/adfinternational.org\/de\/kommentar\/nigeria-glaube-toedlich\" \/>\n<meta property=\"og:locale\" content=\"de_DE\" \/>\n<meta property=\"og:type\" content=\"article\" \/>\n<meta property=\"og:title\" content=\"Nigeria - Wo der Glaube t\u00f6dlich sein kann\" \/>\n<meta property=\"og:description\" content=\"In keinem anderen Land der Welt werden mehr Christen get\u00f6tet als in Nigeria. Besonders im Norden des Landes klammern sich Christen an letzte Hoffnungsfunken und rufen nach Gerechtigkeit und Hilfe, w\u00e4hrend die Welt aus der Ferne zusieht. Was f\u00fcr viele unvorstellbar erscheint, ist f\u00fcr Christen in Nigeria t\u00e4gliche Realit\u00e4t: Die Aus\u00fcbung ihres Glaubens kann das [&hellip;]\" \/>\n<meta property=\"og:url\" content=\"https:\/\/adfinternational.org\/de\/kommentar\/nigeria-glaube-toedlich\" \/>\n<meta property=\"og:site_name\" content=\"ADF International\" \/>\n<meta property=\"article:publisher\" content=\"https:\/\/facebook.com\/adfinternational\" \/>\n<meta property=\"article:published_time\" content=\"2025-06-20T14:08:07+00:00\" \/>\n<meta property=\"article:modified_time\" content=\"2025-06-20T15:05:33+00:00\" \/>\n<meta property=\"og:image\" content=\"https:\/\/adfinternational.org\/wp-content\/uploads\/2025\/06\/nigeria.png\" \/>\n\t<meta property=\"og:image:width\" content=\"555\" \/>\n\t<meta property=\"og:image:height\" content=\"403\" \/>\n\t<meta property=\"og:image:type\" content=\"image\/png\" \/>\n<meta name=\"author\" content=\"Philipp Bues\" \/>\n<meta name=\"twitter:card\" content=\"summary_large_image\" \/>\n<meta name=\"twitter:creator\" content=\"@adfintl\" \/>\n<meta name=\"twitter:site\" content=\"@adfintl\" \/>\n<meta name=\"twitter:label1\" content=\"Verfasst von\" \/>\n\t<meta name=\"twitter:data1\" content=\"Philipp Bues\" \/>\n\t<meta name=\"twitter:label2\" content=\"Gesch\u00e4tzte Lesezeit\" \/>\n\t<meta name=\"twitter:data2\" content=\"4 Minuten\" \/>\n<script type=\"application\/ld+json\" class=\"yoast-schema-graph\">{\"@context\":\"https:\\\/\\\/schema.org\",\"@graph\":[{\"@type\":\"Article\",\"@id\":\"https:\\\/\\\/adfinternational.org\\\/de\\\/kommentar\\\/nigeria-glaube-toedlich#article\",\"isPartOf\":{\"@id\":\"https:\\\/\\\/adfinternational.org\\\/de\\\/kommentar\\\/nigeria-glaube-toedlich\"},\"author\":{\"name\":\"Philipp Bues\",\"@id\":\"https:\\\/\\\/adfinternational.org\\\/de\\\/#\\\/schema\\\/person\\\/6b776fc8535453c6aad8a6f9d78e6141\"},\"headline\":\"Nigeria &#8211; Wo der Glaube t\u00f6dlich sein kann\",\"datePublished\":\"2025-06-20T14:08:07+00:00\",\"dateModified\":\"2025-06-20T15:05:33+00:00\",\"mainEntityOfPage\":{\"@id\":\"https:\\\/\\\/adfinternational.org\\\/de\\\/kommentar\\\/nigeria-glaube-toedlich\"},\"wordCount\":642,\"publisher\":{\"@id\":\"https:\\\/\\\/adfinternational.org\\\/de\\\/#organization\"},\"image\":{\"@id\":\"https:\\\/\\\/adfinternational.org\\\/de\\\/kommentar\\\/nigeria-glaube-toedlich#primaryimage\"},\"thumbnailUrl\":\"https:\\\/\\\/adfinternational.org\\\/wp-content\\\/uploads\\\/2025\\\/06\\\/nigeria.png\",\"keywords\":[\"DE\",\"Kommentar\"],\"articleSection\":[\"Kommentar\"],\"inLanguage\":\"de-DE\"},{\"@type\":\"WebPage\",\"@id\":\"https:\\\/\\\/adfinternational.org\\\/de\\\/kommentar\\\/nigeria-glaube-toedlich\",\"url\":\"https:\\\/\\\/adfinternational.org\\\/de\\\/kommentar\\\/nigeria-glaube-toedlich\",\"name\":\"Nigeria - Wo der Glaube t\u00f6dlich sein kann - ADF International\",\"isPartOf\":{\"@id\":\"https:\\\/\\\/adfinternational.org\\\/de\\\/#website\"},\"primaryImageOfPage\":{\"@id\":\"https:\\\/\\\/adfinternational.org\\\/de\\\/kommentar\\\/nigeria-glaube-toedlich#primaryimage\"},\"image\":{\"@id\":\"https:\\\/\\\/adfinternational.org\\\/de\\\/kommentar\\\/nigeria-glaube-toedlich#primaryimage\"},\"thumbnailUrl\":\"https:\\\/\\\/adfinternational.org\\\/wp-content\\\/uploads\\\/2025\\\/06\\\/nigeria.png\",\"datePublished\":\"2025-06-20T14:08:07+00:00\",\"dateModified\":\"2025-06-20T15:05:33+00:00\",\"breadcrumb\":{\"@id\":\"https:\\\/\\\/adfinternational.org\\\/de\\\/kommentar\\\/nigeria-glaube-toedlich#breadcrumb\"},\"inLanguage\":\"de-DE\",\"potentialAction\":[{\"@type\":\"ReadAction\",\"target\":[\"https:\\\/\\\/adfinternational.org\\\/de\\\/kommentar\\\/nigeria-glaube-toedlich\"]}]},{\"@type\":\"ImageObject\",\"inLanguage\":\"de-DE\",\"@id\":\"https:\\\/\\\/adfinternational.org\\\/de\\\/kommentar\\\/nigeria-glaube-toedlich#primaryimage\",\"url\":\"https:\\\/\\\/adfinternational.org\\\/wp-content\\\/uploads\\\/2025\\\/06\\\/nigeria.png\",\"contentUrl\":\"https:\\\/\\\/adfinternational.org\\\/wp-content\\\/uploads\\\/2025\\\/06\\\/nigeria.png\",\"width\":555,\"height\":403,\"caption\":\"Nigeria\"},{\"@type\":\"BreadcrumbList\",\"@id\":\"https:\\\/\\\/adfinternational.org\\\/de\\\/kommentar\\\/nigeria-glaube-toedlich#breadcrumb\",\"itemListElement\":[{\"@type\":\"ListItem\",\"position\":1,\"name\":\"Home\",\"item\":\"https:\\\/\\\/adfinternational.org\\\/de\"},{\"@type\":\"ListItem\",\"position\":2,\"name\":\"Nigeria &#8211; Wo der Glaube t\u00f6dlich sein kann\"}]},{\"@type\":\"WebSite\",\"@id\":\"https:\\\/\\\/adfinternational.org\\\/de\\\/#website\",\"url\":\"https:\\\/\\\/adfinternational.org\\\/de\\\/\",\"name\":\"ADF International\",\"description\":\"Protecting Fundamental Freedoms. Promoting Inherent Dignity.\",\"publisher\":{\"@id\":\"https:\\\/\\\/adfinternational.org\\\/de\\\/#organization\"},\"potentialAction\":[{\"@type\":\"SearchAction\",\"target\":{\"@type\":\"EntryPoint\",\"urlTemplate\":\"https:\\\/\\\/adfinternational.org\\\/de\\\/?s={search_term_string}\"},\"query-input\":{\"@type\":\"PropertyValueSpecification\",\"valueRequired\":true,\"valueName\":\"search_term_string\"}}],\"inLanguage\":\"de-DE\"},{\"@type\":\"Organization\",\"@id\":\"https:\\\/\\\/adfinternational.org\\\/de\\\/#organization\",\"name\":\"Alliance Defending Freedom International\",\"url\":\"https:\\\/\\\/adfinternational.org\\\/de\\\/\",\"logo\":{\"@type\":\"ImageObject\",\"inLanguage\":\"de-DE\",\"@id\":\"https:\\\/\\\/adfinternational.org\\\/de\\\/#\\\/schema\\\/logo\\\/image\\\/\",\"url\":\"https:\\\/\\\/adfinternational.org\\\/wp-content\\\/uploads\\\/2021\\\/08\\\/ADF_Intl_R_RGB_175px.png\",\"contentUrl\":\"https:\\\/\\\/adfinternational.org\\\/wp-content\\\/uploads\\\/2021\\\/08\\\/ADF_Intl_R_RGB_175px.png\",\"width\":175,\"height\":106,\"caption\":\"Alliance Defending Freedom International\"},\"image\":{\"@id\":\"https:\\\/\\\/adfinternational.org\\\/de\\\/#\\\/schema\\\/logo\\\/image\\\/\"},\"sameAs\":[\"https:\\\/\\\/facebook.com\\\/adfinternational\",\"https:\\\/\\\/x.com\\\/adfintl\",\"https:\\\/\\\/www.linkedin.com\\\/company\\\/adfinternational\",\"https:\\\/\\\/www.instagram.com\\\/adfinternational\\\/\"]},{\"@type\":\"Person\",\"@id\":\"https:\\\/\\\/adfinternational.org\\\/de\\\/#\\\/schema\\\/person\\\/6b776fc8535453c6aad8a6f9d78e6141\",\"name\":\"Philipp Bues\",\"image\":{\"@type\":\"ImageObject\",\"inLanguage\":\"de-DE\",\"@id\":\"https:\\\/\\\/adfinternational.org\\\/wp-content\\\/uploads\\\/2025\\\/02\\\/Philipp-Bues-Headshot-150x150.jpg\",\"url\":\"https:\\\/\\\/adfinternational.org\\\/wp-content\\\/uploads\\\/2025\\\/02\\\/Philipp-Bues-Headshot-150x150.jpg\",\"contentUrl\":\"https:\\\/\\\/adfinternational.org\\\/wp-content\\\/uploads\\\/2025\\\/02\\\/Philipp-Bues-Headshot-150x150.jpg\",\"caption\":\"Philipp Bues\"},\"url\":\"https:\\\/\\\/adfinternational.org\\\/de\\\/author\\\/pbuesadfinternational-org\"}]}<\/script>\n<!-- \/ Yoast SEO Premium plugin. -->","yoast_head_json":{"title":"Nigeria - Wo der Glaube t\u00f6dlich sein kann - ADF International","robots":{"index":"index","follow":"follow","max-snippet":"max-snippet:-1","max-image-preview":"max-image-preview:large","max-video-preview":"max-video-preview:-1"},"canonical":"https:\/\/adfinternational.org\/de\/kommentar\/nigeria-glaube-toedlich","og_locale":"de_DE","og_type":"article","og_title":"Nigeria - Wo der Glaube t\u00f6dlich sein kann","og_description":"In keinem anderen Land der Welt werden mehr Christen get\u00f6tet als in Nigeria. Besonders im Norden des Landes klammern sich Christen an letzte Hoffnungsfunken und rufen nach Gerechtigkeit und Hilfe, w\u00e4hrend die Welt aus der Ferne zusieht. Was f\u00fcr viele unvorstellbar erscheint, ist f\u00fcr Christen in Nigeria t\u00e4gliche Realit\u00e4t: Die Aus\u00fcbung ihres Glaubens kann das [&hellip;]","og_url":"https:\/\/adfinternational.org\/de\/kommentar\/nigeria-glaube-toedlich","og_site_name":"ADF International","article_publisher":"https:\/\/facebook.com\/adfinternational","article_published_time":"2025-06-20T14:08:07+00:00","article_modified_time":"2025-06-20T15:05:33+00:00","og_image":[{"width":555,"height":403,"url":"https:\/\/adfinternational.org\/wp-content\/uploads\/2025\/06\/nigeria.png","type":"image\/png"}],"author":"Philipp Bues","twitter_card":"summary_large_image","twitter_creator":"@adfintl","twitter_site":"@adfintl","twitter_misc":{"Verfasst von":"Philipp Bues","Gesch\u00e4tzte Lesezeit":"4 Minuten"},"schema":{"@context":"https:\/\/schema.org","@graph":[{"@type":"Article","@id":"https:\/\/adfinternational.org\/de\/kommentar\/nigeria-glaube-toedlich#article","isPartOf":{"@id":"https:\/\/adfinternational.org\/de\/kommentar\/nigeria-glaube-toedlich"},"author":{"name":"Philipp Bues","@id":"https:\/\/adfinternational.org\/de\/#\/schema\/person\/6b776fc8535453c6aad8a6f9d78e6141"},"headline":"Nigeria &#8211; Wo der Glaube t\u00f6dlich sein kann","datePublished":"2025-06-20T14:08:07+00:00","dateModified":"2025-06-20T15:05:33+00:00","mainEntityOfPage":{"@id":"https:\/\/adfinternational.org\/de\/kommentar\/nigeria-glaube-toedlich"},"wordCount":642,"publisher":{"@id":"https:\/\/adfinternational.org\/de\/#organization"},"image":{"@id":"https:\/\/adfinternational.org\/de\/kommentar\/nigeria-glaube-toedlich#primaryimage"},"thumbnailUrl":"https:\/\/adfinternational.org\/wp-content\/uploads\/2025\/06\/nigeria.png","keywords":["DE","Kommentar"],"articleSection":["Kommentar"],"inLanguage":"de-DE"},{"@type":"WebPage","@id":"https:\/\/adfinternational.org\/de\/kommentar\/nigeria-glaube-toedlich","url":"https:\/\/adfinternational.org\/de\/kommentar\/nigeria-glaube-toedlich","name":"Nigeria - Wo der Glaube t\u00f6dlich sein kann - ADF International","isPartOf":{"@id":"https:\/\/adfinternational.org\/de\/#website"},"primaryImageOfPage":{"@id":"https:\/\/adfinternational.org\/de\/kommentar\/nigeria-glaube-toedlich#primaryimage"},"image":{"@id":"https:\/\/adfinternational.org\/de\/kommentar\/nigeria-glaube-toedlich#primaryimage"},"thumbnailUrl":"https:\/\/adfinternational.org\/wp-content\/uploads\/2025\/06\/nigeria.png","datePublished":"2025-06-20T14:08:07+00:00","dateModified":"2025-06-20T15:05:33+00:00","breadcrumb":{"@id":"https:\/\/adfinternational.org\/de\/kommentar\/nigeria-glaube-toedlich#breadcrumb"},"inLanguage":"de-DE","potentialAction":[{"@type":"ReadAction","target":["https:\/\/adfinternational.org\/de\/kommentar\/nigeria-glaube-toedlich"]}]},{"@type":"ImageObject","inLanguage":"de-DE","@id":"https:\/\/adfinternational.org\/de\/kommentar\/nigeria-glaube-toedlich#primaryimage","url":"https:\/\/adfinternational.org\/wp-content\/uploads\/2025\/06\/nigeria.png","contentUrl":"https:\/\/adfinternational.org\/wp-content\/uploads\/2025\/06\/nigeria.png","width":555,"height":403,"caption":"Nigeria"},{"@type":"BreadcrumbList","@id":"https:\/\/adfinternational.org\/de\/kommentar\/nigeria-glaube-toedlich#breadcrumb","itemListElement":[{"@type":"ListItem","position":1,"name":"Home","item":"https:\/\/adfinternational.org\/de"},{"@type":"ListItem","position":2,"name":"Nigeria &#8211; Wo der Glaube t\u00f6dlich sein kann"}]},{"@type":"WebSite","@id":"https:\/\/adfinternational.org\/de\/#website","url":"https:\/\/adfinternational.org\/de\/","name":"ADF International","description":"Protecting Fundamental Freedoms. Promoting Inherent Dignity.","publisher":{"@id":"https:\/\/adfinternational.org\/de\/#organization"},"potentialAction":[{"@type":"SearchAction","target":{"@type":"EntryPoint","urlTemplate":"https:\/\/adfinternational.org\/de\/?s={search_term_string}"},"query-input":{"@type":"PropertyValueSpecification","valueRequired":true,"valueName":"search_term_string"}}],"inLanguage":"de-DE"},{"@type":"Organization","@id":"https:\/\/adfinternational.org\/de\/#organization","name":"Alliance Defending Freedom International","url":"https:\/\/adfinternational.org\/de\/","logo":{"@type":"ImageObject","inLanguage":"de-DE","@id":"https:\/\/adfinternational.org\/de\/#\/schema\/logo\/image\/","url":"https:\/\/adfinternational.org\/wp-content\/uploads\/2021\/08\/ADF_Intl_R_RGB_175px.png","contentUrl":"https:\/\/adfinternational.org\/wp-content\/uploads\/2021\/08\/ADF_Intl_R_RGB_175px.png","width":175,"height":106,"caption":"Alliance Defending Freedom International"},"image":{"@id":"https:\/\/adfinternational.org\/de\/#\/schema\/logo\/image\/"},"sameAs":["https:\/\/facebook.com\/adfinternational","https:\/\/x.com\/adfintl","https:\/\/www.linkedin.com\/company\/adfinternational","https:\/\/www.instagram.com\/adfinternational\/"]},{"@type":"Person","@id":"https:\/\/adfinternational.org\/de\/#\/schema\/person\/6b776fc8535453c6aad8a6f9d78e6141","name":"Philipp Bues","image":{"@type":"ImageObject","inLanguage":"de-DE","@id":"https:\/\/adfinternational.org\/wp-content\/uploads\/2025\/02\/Philipp-Bues-Headshot-150x150.jpg","url":"https:\/\/adfinternational.org\/wp-content\/uploads\/2025\/02\/Philipp-Bues-Headshot-150x150.jpg","contentUrl":"https:\/\/adfinternational.org\/wp-content\/uploads\/2025\/02\/Philipp-Bues-Headshot-150x150.jpg","caption":"Philipp Bues"},"url":"https:\/\/adfinternational.org\/de\/author\/pbuesadfinternational-org"}]}},"_links":{"self":[{"href":"https:\/\/adfinternational.org\/de\/wp-json\/wp\/v2\/posts\/74722","targetHints":{"allow":["GET"]}}],"collection":[{"href":"https:\/\/adfinternational.org\/de\/wp-json\/wp\/v2\/posts"}],"about":[{"href":"https:\/\/adfinternational.org\/de\/wp-json\/wp\/v2\/types\/post"}],"author":[{"embeddable":true,"href":"https:\/\/adfinternational.org\/de\/wp-json\/wp\/v2\/users\/44"}],"replies":[{"embeddable":true,"href":"https:\/\/adfinternational.org\/de\/wp-json\/wp\/v2\/comments?post=74722"}],"version-history":[{"count":0,"href":"https:\/\/adfinternational.org\/de\/wp-json\/wp\/v2\/posts\/74722\/revisions"}],"wp:featuredmedia":[{"embeddable":true,"href":"https:\/\/adfinternational.org\/de\/wp-json\/wp\/v2\/media\/74723"}],"wp:attachment":[{"href":"https:\/\/adfinternational.org\/de\/wp-json\/wp\/v2\/media?parent=74722"}],"wp:term":[{"taxonomy":"category","embeddable":true,"href":"https:\/\/adfinternational.org\/de\/wp-json\/wp\/v2\/categories?post=74722"},{"taxonomy":"post_tag","embeddable":true,"href":"https:\/\/adfinternational.org\/de\/wp-json\/wp\/v2\/tags?post=74722"}],"curies":[{"name":"wp","href":"https:\/\/api.w.org\/{rel}","templated":true}]}}