{"id":79237,"date":"2025-10-30T11:20:31","date_gmt":"2025-10-30T10:20:31","guid":{"rendered":"https:\/\/adfinternational.org\/artikel\/bible-tweet-case-reaches-finnish-supreme-court"},"modified":"2025-11-25T13:56:29","modified_gmt":"2025-11-25T12:56:29","slug":"live-aus-dem-gerichtssaal-finnlands-bibel-tweet-fall-erreicht-den-obersten-gerichtshof","status":"publish","type":"post","link":"https:\/\/adfinternational.org\/de\/news\/live-aus-dem-gerichtssaal-finnlands-bibel-tweet-fall-erreicht-den-obersten-gerichtshof","title":{"rendered":"Live aus dem Gerichtssaal: Finnlands \u201eBibel-Tweet\u201c-Fall erreicht den Obersten Gerichtshof"},"content":{"rendered":"\t\t<div data-elementor-type=\"wp-post\" data-elementor-id=\"79237\" class=\"elementor elementor-79237 elementor-79039\" data-elementor-post-type=\"post\">\n\t\t\t\t\t\t<section class=\"elementor-section elementor-top-section elementor-element elementor-element-730e1625 elementor-section-boxed elementor-section-height-default elementor-section-height-default\" data-id=\"730e1625\" data-element_type=\"section\" data-e-type=\"section\">\n\t\t\t\t\t\t<div class=\"elementor-container elementor-column-gap-default\">\n\t\t\t\t\t<div class=\"elementor-column elementor-col-100 elementor-top-column elementor-element elementor-element-1485233e\" data-id=\"1485233e\" data-element_type=\"column\" data-e-type=\"column\">\n\t\t\t<div class=\"elementor-widget-wrap elementor-element-populated\">\n\t\t\t\t\t\t<div class=\"elementor-element elementor-element-6bf92437 elementor-widget elementor-widget-text-editor\" data-id=\"6bf92437\" data-element_type=\"widget\" data-e-type=\"widget\" data-widget_type=\"text-editor.default\">\n\t\t\t\t<div class=\"elementor-widget-container\">\n\t\t\t\t\t\t\t\t\t<ul>\n \t<li>Vor Finnlands h\u00f6chstem Gericht wird heute die letzte Berufung im Fall P\u00e4ivi R\u00e4s\u00e4nen verhandelt. Die Staatsanwaltschaft fordert eine Verurteilung, aufgrund von R\u00e4s\u00e4nen \u00c4u\u00dferungen in einem X-Post mit Bibelzitat<\/li><br>\n \t<li>Das Urteil d\u00fcrfte weitreichende Folgen f\u00fcr die Meinungs- und Religionsfreiheit in ganz Europa haben und k\u00f6nnte einen wichtigen Pr\u00e4zedenzfall schaffen.<\/li><br>\n \t<li>P\u00e4ivi R\u00e4s\u00e4nen wird heute, am 30. Oktober um 16:00 Uhr MEZ (11:00 Uhr EDT) bei einer Online-Pressekonferenz, die von ADF International veranstaltet wird, f\u00fcr Fragen zur Verf\u00fcgung stehen.<\/li>\n<\/ul>\t\t\t\t\t\t\t\t<\/div>\n\t\t\t\t<\/div>\n\t\t\t\t<div class=\"elementor-element elementor-element-19b3b620 elementor-widget elementor-widget-theme-post-featured-image elementor-widget-image\" data-id=\"19b3b620\" data-element_type=\"widget\" data-e-type=\"widget\" data-widget_type=\"theme-post-featured-image.default\">\n\t\t\t\t<div class=\"elementor-widget-container\">\n\t\t\t\t\t\t\t\t\t\t\t\t\t\t\t<img fetchpriority=\"high\" decoding=\"async\" width=\"1024\" height=\"681\" src=\"https:\/\/adfinternational.org\/wp-content\/uploads\/2025\/10\/paivi_1941-1024x681.webp\" class=\"attachment-large size-large wp-image-79341\" alt=\"\" srcset=\"https:\/\/adfinternational.org\/wp-content\/uploads\/2025\/10\/paivi_1941-1024x681.webp 1024w, https:\/\/adfinternational.org\/wp-content\/uploads\/2025\/10\/paivi_1941-300x200.webp 300w, https:\/\/adfinternational.org\/wp-content\/uploads\/2025\/10\/paivi_1941-768x511.webp 768w, https:\/\/adfinternational.org\/wp-content\/uploads\/2025\/10\/paivi_1941.webp 1200w\" sizes=\"(max-width: 1024px) 100vw, 1024px\" \/>\t\t\t\t\t\t\t\t\t\t\t\t\t\t\t<\/div>\n\t\t\t\t<\/div>\n\t\t\t\t<div class=\"elementor-element elementor-element-1b92e0c4 elementor-widget elementor-widget-text-editor\" data-id=\"1b92e0c4\" data-element_type=\"widget\" data-e-type=\"widget\" data-widget_type=\"text-editor.default\">\n\t\t\t\t<div class=\"elementor-widget-container\">\n\t\t\t\t\t\t\t\t\t<p><strong>HELSINKI (30. Oktober 2025)<\/strong> \u2013 Das seit Jahren andauernde Verfahren im sogenannten \u201eBibel-Tweet\u201c-Fall gegen die finnische Parlamentsabgeordnete Dr. P\u00e4ivi R\u00e4s\u00e4nen und den lutherischen Bischof Juhana Pohjola ist nun vor dem Obersten Gerichtshof Finnlands angelangt \u2013 ein historischer Moment f\u00fcr die Meinungs- und Religionsfreiheit in Europa. Beide werden der \u201eHassrede\u201c beschuldigt, weil sie \u00f6ffentlich ihre Glaubens\u00fcberzeugungen zu Ehe und Sexualit\u00e4t zum Ausdruck brachten. Die internationale Menschenrechtsorganisation ADF International koordiniert ihre rechtliche Verteidigung.<\/p><p>Die Anh\u00f6rung vor dem Obersten Gericht folgt auf die einstimmigen Freispr\u00fcche sowohl des Bezirksgerichts Helsinki im M\u00e4rz 2022 als auch des Berufungsgerichts im November 2023. Beide Gerichte kamen zu dem Schluss, dass R\u00e4s\u00e4nens \u00c4u\u00dferungen vollst\u00e4ndig durch die Meinungs- und Religionsfreiheit gesch\u00fctzt sind, wie sie im finnischen Recht und im internationalen Menschenrecht verankert sind. Trotz dieser Urteile hat die Staatsanwaltschaft das Verfahren an die h\u00f6chste Instanz weitergezogen und beharrt darauf, dass R\u00e4s\u00e4nens \u201eInterpretation\u201c biblischer Texte eine strafbare Handlung darstelle.<\/p><p><em>\u201eIch stehe heute hier nicht nur, um mein eigenes Recht auf freie Meinungs\u00e4u\u00dferung zu verteidigen, sondern auch die Freiheit jedes Menschen, seine tief verwurzelten \u00dcberzeugungen ohne Angst vor Bestrafung zum Ausdruck zu bringen. Mein Fall wird zeigen, ob das Zitieren der Bibel in einem freien Land zu einer Straftat werden kann. Ich vertraue darauf, dass der Oberste Gerichtshof Finnlands die Rechtsstaatlichkeit und das grundlegende Recht sch\u00fctzt, offen \u00fcber den Glauben zu sprechen. Niemand sollte daf\u00fcr zensiert werden, die zeitlosen Wahrheiten der Heiligen Schrift zu teilen\u201c<\/em>, sagte P\u00e4ivi R\u00e4s\u00e4nen, die beim Betreten des Gerichts am Morgen von zahlreichen Journalisten und Fotografen empfangen wurde.<\/p><p><strong>Kriminalisierung des Glaubens: Staatsanwaltschaft erkl\u00e4rt Bibelverse zu \u201eHassrede\u201c<\/strong><\/p><p>Heute Morgen wurde P\u00e4ivi R\u00e4s\u00e4nen bei ihrer Ankunft am Gericht von einer gro\u00dfen Zahl von Unterst\u00fctzern begr\u00fc\u00dft.<\/p><p>In der Anh\u00f6rung bekr\u00e4ftigten die Staatsanw\u00e4lte erneut ihre Behauptung, R\u00e4s\u00e4nens \u00c4u\u00dferungen seien \u201ebeleidigend\u201c und <em>\u201edie Absicht sei irrelevant\u201c<\/em> \u2013 entscheidend sei allein, wie Leserinnen und Leser den Text interpretierten.<\/p><p>Die Staatsanwaltschaft fordert, dass R\u00e4s\u00e4nen und Bischof Pohjola wegen \u201eVolksverhetzung\u201c strafrechtlich verurteilt werden, Geldstrafen erhalten und dass R\u00e4s\u00e4nens Tweet sowie ihre Brosch\u00fcre aus dem Internet entfernt werden.<\/p><p>R\u00e4s\u00e4nen erkl\u00e4rte, dass sie in der 2004 verfassten Brosch\u00fcre \u00fcber die christliche Lehre zu Ehe und Sexualit\u00e4t \u2013 f\u00fcr die sie nun wegen \u201eHassrede\u201c angeklagt ist \u2013 betonen wollte, \u201edass die Botschaft der Gnade f\u00fcr alle Menschen gilt, auch f\u00fcr Angeh\u00f6rige von Minderheiten\u201c.<\/p><p><strong>Ziel der Brosch\u00fcre sei gewesen, \u201eden Inhalt der Bibel zu verteidigen\u201c.<\/strong><\/p><p>Bez\u00fcglich ihres Tweets mit einem Bibelzitat sagte R\u00e4s\u00e4nen, sie habe sich \u00fcber die Entscheidung der Lutherischen Kirchenleitung besorgt gezeigt, eine Pride-Veranstaltung zu unterst\u00fctzen. <em>\u201eWenn die Kirchenleitung Werte lehrt, die der Bibel widersprechen, untergr\u00e4bt das die Glaubw\u00fcrdigkeit der Heiligen Schrift\u201c<\/em>, so R\u00e4s\u00e4nen.<\/p><p>Sie betonte, die Frage betreffe \u201enicht mehr nur die Ehe, sondern das Heil der Menschen\u201c \u2013 und als Mitglied des Kirchenrats habe sie es als ihre Pflicht angesehen, sich an der Diskussion dar\u00fcber zu beteiligen.<\/p><p>R\u00e4s\u00e4nen f\u00fcgte hinzu, dass der Tweet gro\u00dfe Zustimmung erhalten habe und viele Christinnen und Christen ihre Sorge teilten.<\/p><p><em>\u201eDieser Fall trifft das Herz der Demokratie: Es geht darum, ob Menschen ihre \u00dcberzeugungen frei \u00e4u\u00dfern k\u00f6nnen, ohne staatliche Strafverfolgung bef\u00fcrchten zu m\u00fcssen. Die Kriminalisierung von \u00c4u\u00dferungen allein deshalb, weil sie eine traditionelle Glaubens\u00fcberzeugung widerspiegeln, ist mit einer freien und offenen Gesellschaft unvereinbar\u201c,<\/em> erkl\u00e4rte Paul Coleman, Gesch\u00e4ftsf\u00fchrer von ADF International und Teil des rechtlichen Verteidigungsteams von P\u00e4ivi R\u00e4s\u00e4nen<\/p><p><strong>Der Prozess wird zur Strafe<\/strong><\/p><p>P\u00e4ivi R\u00e4s\u00e4nen ist \u00c4rztin, Gro\u00dfmutter und seit \u00fcber 25 Jahren Parlamentsabgeordnete. Ihr wird \u201eHassrede\u201c vorgeworfen, weil sie ihre biblischen \u00dcberzeugungen zu Ehe und Sexualethik \u00f6ffentlich ge\u00e4u\u00dfert hatte.<\/p><p>Die drei Anklagen beziehen sich auf einen <a href=\"https:\/\/x.com\/PaiviRasanen\/status\/1140693636176384011\">Tweet <\/a>aus dem Jahr 2019, in dem sie die offizielle Unterst\u00fctzung ihrer Kirchenleitung f\u00fcr die Helsinki Pride infrage stellte und ein Foto von Bibelversen teilte, auf eine Brosch\u00fcre aus dem Jahr 2004, in der unter der Herausgeberschaft von Bischof Juhana Pohjola christliche Lehren zur Sexualit\u00e4t dargestellt wurden, sowie auf \u00c4u\u00dferungen in einer Radiosendung, in der es um Theologie und menschliche Identit\u00e4t ging.<\/p><p>Die letzte dieser drei Anklagen wurde von der Staatsanwaltschaft in diesem j\u00fcngsten Verfahren vor dem Obersten Gerichtshof fallen gelassen.<\/p><p>Die Staatsanwaltschaft wirft ihr vor, dass alle drei \u00c4u\u00dferungen eine \u201eAufwiegelung gegen eine Minderheit\u201c seien. Die Anklage f\u00e4llt im finnischen Strafgesetzbuch unter den Abschnitt \u201eKriegsverbrechen und Verbrechen gegen die Menschlichkeit\u201c.<\/p><p>Im Verlauf der Ermittlungen wurde R\u00e4s\u00e4nen \u00fcber mehrere Monate hinweg insgesamt 13 Stunden lang polizeilich verh\u00f6rt. Dabei wurde sie von der Polizei h\u00e4ufig aufgefordert, ihr Verst\u00e4ndnis der Bibel zu erkl\u00e4ren.<\/p><p><strong>Meinungsfreiheit vor Gericht<\/strong><\/p><p><em>\u201cIn einer demokratischen Gesellschaft sollte jeder seine \u00dcberzeugungen frei \u00e4u\u00dfern k\u00f6nnen, ohne staatliche Verfolgung f\u00fcrchten zu m\u00fcssen, sagte Coleman \u201eIn diesem Fall geht es um weit mehr als um einen einzelnen Tweet \u2013 es geht darum, ob das Zitieren der Bibel im heutigen Finnland \u00fcberhaupt noch erlaubt ist. Das Oberste Gericht hat nun die M\u00f6glichkeit, die grundlegenden Freiheitsrechte zu best\u00e4tigen, die jeden Menschen sch\u00fctzen \u2013 unabh\u00e4ngig von seiner \u00dcberzeugung.\u201c<\/em><\/p><p>R\u00e4s\u00e4nen, die von 2011 bis 2015 Finnlands Innenministerin war und seit 1995 dem Parlament angeh\u00f6rt, bleibt standhaft. Nach ihrem fr\u00fcheren Freispruch erkl\u00e4rte sie, sie werde \u201enicht von der Wahrheit des Evangeliums abweichen\u201c und betonte, dass ihr Fall \u201edas Recht jedes Menschen betrifft, frei zu sprechen\u201c.<\/p><p><strong>Pressekonferenz \u2013 Anmeldung<\/strong><\/p><p>ADF International wird heute am 30. Oktober um 16:00 Uhr MEZ im Anschluss an die Verhandlung vor dem Obersten Gerichtshof eine Pressekonferenz veranstalten.<\/p><p>Abgeordnete Dr. P\u00e4ivi R\u00e4s\u00e4nen, Bischof Juhana Pohjola, Paul Coleman, Gesch\u00e4ftsf\u00fchrer von ADF International, und der finnische Anwalt Matti Sankamo, stehen nach einem kurzen Statement von R\u00e4s\u00e4nen f\u00fcr Fragen zur Verf\u00fcgung.<\/p><p><a href=\"https:\/\/events.zoom.us\/ev\/AnbvfcH82V-BZ0OC0bP_MaedkhW4MoVIL3e1W1x8u5FCyNC1a75A~AgcGXu_a-3pGCtimpv0idB63O3_-or2QRZK6bfPsB4fs3oKjnvRqKAYqtQ\">Bitte registrieren Sie sich hier<\/a>, um den Zoom-Link zur Pressekonferenz zu erhalten.<\/p><p>Wenn Sie ein Interview mit R\u00e4s\u00e4nen und einem Mitglied ihres Verteidigungsteams von ADF International w\u00fcnschen, wenden Sie sich bitte an Sofia H\u00f6rder unter shoerder@adfinternational.org \/ +43 676 362 5093<\/p>\t\t\t\t\t\t\t\t<\/div>\n\t\t\t\t<\/div>\n\t\t\t\t<div class=\"elementor-element elementor-element-1b9468d8 elementor-widget-divider--view-line elementor-widget elementor-widget-divider\" data-id=\"1b9468d8\" data-element_type=\"widget\" data-e-type=\"widget\" data-widget_type=\"divider.default\">\n\t\t\t\t<div class=\"elementor-widget-container\">\n\t\t\t\t\t\t\t<div class=\"elementor-divider\">\n\t\t\t<span class=\"elementor-divider-separator\">\n\t\t\t\t\t\t<\/span>\n\t\t<\/div>\n\t\t\t\t\t\t<\/div>\n\t\t\t\t<\/div>\n\t\t\t\t<div class=\"elementor-element elementor-element-119ac519 elementor-widget elementor-widget-text-editor\" data-id=\"119ac519\" data-element_type=\"widget\" data-e-type=\"widget\" data-widget_type=\"text-editor.default\">\n\t\t\t\t<div class=\"elementor-widget-container\">\n\t\t\t\t\t\t\t\t\tImages for free use in print or online in relation to this story only\t\t\t\t\t\t\t\t<\/div>\n\t\t\t\t<\/div>\n\t\t\t\t<div class=\"elementor-element elementor-element-28070f10 elementor-widget elementor-widget-gallery\" data-id=\"28070f10\" data-element_type=\"widget\" data-e-type=\"widget\" data-settings=\"{&quot;aspect_ratio&quot;:&quot;1:1&quot;,&quot;lazyload&quot;:&quot;yes&quot;,&quot;gallery_layout&quot;:&quot;grid&quot;,&quot;columns&quot;:4,&quot;columns_tablet&quot;:2,&quot;columns_mobile&quot;:1,&quot;gap&quot;:{&quot;unit&quot;:&quot;px&quot;,&quot;size&quot;:10,&quot;sizes&quot;:[]},&quot;gap_tablet&quot;:{&quot;unit&quot;:&quot;px&quot;,&quot;size&quot;:10,&quot;sizes&quot;:[]},&quot;gap_mobile&quot;:{&quot;unit&quot;:&quot;px&quot;,&quot;size&quot;:10,&quot;sizes&quot;:[]},&quot;link_to&quot;:&quot;file&quot;,&quot;overlay_background&quot;:&quot;yes&quot;,&quot;content_hover_animation&quot;:&quot;fade-in&quot;}\" data-widget_type=\"gallery.default\">\n\t\t\t\t<div class=\"elementor-widget-container\">\n\t\t\t\t\t\t\t<div class=\"elementor-gallery__container\">\n\t\t\t\t\t\t\t<a class=\"e-gallery-item elementor-gallery-item elementor-animated-content\" href=\"https:\/\/adfinternational.org\/wp-content\/uploads\/2025\/10\/DSC1936-1-scaled.jpg\" data-elementor-open-lightbox=\"yes\" data-elementor-lightbox-slideshow=\"28070f10\" data-elementor-lightbox-title=\"_DSC1936 (1)\" data-e-action-hash=\"#elementor-action%3Aaction%3Dlightbox%26settings%3DeyJpZCI6NzkwNzQsInVybCI6Imh0dHBzOlwvXC9hZGZpbnRlcm5hdGlvbmFsLm9yZ1wvd3AtY29udGVudFwvdXBsb2Fkc1wvMjAyNVwvMTBcL0RTQzE5MzYtMS1zY2FsZWQuanBnIiwic2xpZGVzaG93IjoiMjgwNzBmMTAifQ%3D%3D\">\n\t\t\t\t\t<div class=\"e-gallery-image elementor-gallery-item__image\" data-thumbnail=\"https:\/\/adfinternational.org\/wp-content\/uploads\/2025\/10\/DSC1936-1-1024x681.jpg\" data-width=\"1024\" data-height=\"681\" aria-label=\"\" role=\"img\" ><\/div>\n\t\t\t\t\t\t\t\t\t\t\t<div class=\"elementor-gallery-item__overlay\"><\/div>\n\t\t\t\t\t\t\t\t\t\t\t\t\t\t<\/a>\n\t\t\t\t\t\t\t<a class=\"e-gallery-item elementor-gallery-item elementor-animated-content\" href=\"https:\/\/adfinternational.org\/wp-content\/uploads\/2025\/10\/DSC1482-scaled.jpg\" data-elementor-open-lightbox=\"yes\" data-elementor-lightbox-slideshow=\"28070f10\" data-elementor-lightbox-title=\"_DSC1482\" data-e-action-hash=\"#elementor-action%3Aaction%3Dlightbox%26settings%3DeyJpZCI6NzkwNzksInVybCI6Imh0dHBzOlwvXC9hZGZpbnRlcm5hdGlvbmFsLm9yZ1wvd3AtY29udGVudFwvdXBsb2Fkc1wvMjAyNVwvMTBcL0RTQzE0ODItc2NhbGVkLmpwZyIsInNsaWRlc2hvdyI6IjI4MDcwZjEwIn0%3D\">\n\t\t\t\t\t<div class=\"e-gallery-image elementor-gallery-item__image\" data-thumbnail=\"https:\/\/adfinternational.org\/wp-content\/uploads\/2025\/10\/DSC1482-1024x681.jpg\" data-width=\"1024\" data-height=\"681\" aria-label=\"\" role=\"img\" ><\/div>\n\t\t\t\t\t\t\t\t\t\t\t<div class=\"elementor-gallery-item__overlay\"><\/div>\n\t\t\t\t\t\t\t\t\t\t\t\t\t\t<\/a>\n\t\t\t\t\t\t\t<a class=\"e-gallery-item elementor-gallery-item elementor-animated-content\" href=\"https:\/\/adfinternational.org\/wp-content\/uploads\/2025\/10\/WhatsApp-Image-2025-10-30-at-11.21.13-3.jpeg\" data-elementor-open-lightbox=\"yes\" data-elementor-lightbox-slideshow=\"28070f10\" data-elementor-lightbox-title=\"WhatsApp Image 2025-10-30 at 11.21.13\" data-e-action-hash=\"#elementor-action%3Aaction%3Dlightbox%26settings%3DeyJpZCI6NzkxNjIsInVybCI6Imh0dHBzOlwvXC9hZGZpbnRlcm5hdGlvbmFsLm9yZ1wvd3AtY29udGVudFwvdXBsb2Fkc1wvMjAyNVwvMTBcL1doYXRzQXBwLUltYWdlLTIwMjUtMTAtMzAtYXQtMTEuMjEuMTMtMy5qcGVnIiwic2xpZGVzaG93IjoiMjgwNzBmMTAifQ%3D%3D\">\n\t\t\t\t\t<div class=\"e-gallery-image elementor-gallery-item__image\" data-thumbnail=\"https:\/\/adfinternational.org\/wp-content\/uploads\/2025\/10\/WhatsApp-Image-2025-10-30-at-11.21.13-3-714x1024.jpeg\" data-width=\"714\" data-height=\"1024\" aria-label=\"\" role=\"img\" ><\/div>\n\t\t\t\t\t\t\t\t\t\t\t<div class=\"elementor-gallery-item__overlay\"><\/div>\n\t\t\t\t\t\t\t\t\t\t\t\t\t\t<\/a>\n\t\t\t\t\t\t\t<a class=\"e-gallery-item elementor-gallery-item elementor-animated-content\" href=\"https:\/\/adfinternational.org\/wp-content\/uploads\/2025\/10\/DSC1975-scaled.jpg\" data-elementor-open-lightbox=\"yes\" data-elementor-lightbox-slideshow=\"28070f10\" data-elementor-lightbox-title=\"_DSC1975\" data-e-action-hash=\"#elementor-action%3Aaction%3Dlightbox%26settings%3DeyJpZCI6NzkwNjksInVybCI6Imh0dHBzOlwvXC9hZGZpbnRlcm5hdGlvbmFsLm9yZ1wvd3AtY29udGVudFwvdXBsb2Fkc1wvMjAyNVwvMTBcL0RTQzE5NzUtc2NhbGVkLmpwZyIsInNsaWRlc2hvdyI6IjI4MDcwZjEwIn0%3D\">\n\t\t\t\t\t<div class=\"e-gallery-image elementor-gallery-item__image\" data-thumbnail=\"https:\/\/adfinternational.org\/wp-content\/uploads\/2025\/10\/DSC1975-1024x681.jpg\" data-width=\"1024\" data-height=\"681\" aria-label=\"\" role=\"img\" ><\/div>\n\t\t\t\t\t\t\t\t\t\t\t<div class=\"elementor-gallery-item__overlay\"><\/div>\n\t\t\t\t\t\t\t\t\t\t\t\t\t\t<\/a>\n\t\t\t\t\t\t\t<a class=\"e-gallery-item elementor-gallery-item elementor-animated-content\" href=\"https:\/\/adfinternational.org\/wp-content\/uploads\/2025\/10\/DSC1457-scaled.jpg\" data-elementor-open-lightbox=\"yes\" data-elementor-lightbox-slideshow=\"28070f10\" data-elementor-lightbox-title=\"_DSC1457\" data-e-action-hash=\"#elementor-action%3Aaction%3Dlightbox%26settings%3DeyJpZCI6NzkwODQsInVybCI6Imh0dHBzOlwvXC9hZGZpbnRlcm5hdGlvbmFsLm9yZ1wvd3AtY29udGVudFwvdXBsb2Fkc1wvMjAyNVwvMTBcL0RTQzE0NTctc2NhbGVkLmpwZyIsInNsaWRlc2hvdyI6IjI4MDcwZjEwIn0%3D\">\n\t\t\t\t\t<div class=\"e-gallery-image elementor-gallery-item__image\" data-thumbnail=\"https:\/\/adfinternational.org\/wp-content\/uploads\/2025\/10\/DSC1457-1024x681.jpg\" data-width=\"1024\" data-height=\"681\" aria-label=\"\" role=\"img\" ><\/div>\n\t\t\t\t\t\t\t\t\t\t\t<div class=\"elementor-gallery-item__overlay\"><\/div>\n\t\t\t\t\t\t\t\t\t\t\t\t\t\t<\/a>\n\t\t\t\t\t\t\t<a class=\"e-gallery-item elementor-gallery-item elementor-animated-content\" href=\"https:\/\/adfinternational.org\/wp-content\/uploads\/2025\/10\/WhatsApp-Image-2025-10-30-at-07.29.35-1.jpeg\" data-elementor-open-lightbox=\"yes\" data-elementor-lightbox-slideshow=\"28070f10\" data-elementor-lightbox-title=\"WhatsApp Image 2025-10-30 at 07.29.35 (1)\" data-e-action-hash=\"#elementor-action%3Aaction%3Dlightbox%26settings%3DeyJpZCI6NzkwNTksInVybCI6Imh0dHBzOlwvXC9hZGZpbnRlcm5hdGlvbmFsLm9yZ1wvd3AtY29udGVudFwvdXBsb2Fkc1wvMjAyNVwvMTBcL1doYXRzQXBwLUltYWdlLTIwMjUtMTAtMzAtYXQtMDcuMjkuMzUtMS5qcGVnIiwic2xpZGVzaG93IjoiMjgwNzBmMTAifQ%3D%3D\">\n\t\t\t\t\t<div class=\"e-gallery-image elementor-gallery-item__image\" data-thumbnail=\"https:\/\/adfinternational.org\/wp-content\/uploads\/2025\/10\/WhatsApp-Image-2025-10-30-at-07.29.35-1-1024x768.jpeg\" data-width=\"1024\" data-height=\"768\" aria-label=\"\" role=\"img\" ><\/div>\n\t\t\t\t\t\t\t\t\t\t\t<div class=\"elementor-gallery-item__overlay\"><\/div>\n\t\t\t\t\t\t\t\t\t\t\t\t\t\t<\/a>\n\t\t\t\t\t\t\t<a class=\"e-gallery-item elementor-gallery-item elementor-animated-content\" href=\"https:\/\/adfinternational.org\/wp-content\/uploads\/2025\/10\/WhatsApp-Image-2025-10-30-at-10.25.36.jpeg\" data-elementor-open-lightbox=\"yes\" data-elementor-lightbox-slideshow=\"28070f10\" data-elementor-lightbox-title=\"WhatsApp Image 2025-10-30 at 10.25.36\" data-e-action-hash=\"#elementor-action%3Aaction%3Dlightbox%26settings%3DeyJpZCI6NzkwNTQsInVybCI6Imh0dHBzOlwvXC9hZGZpbnRlcm5hdGlvbmFsLm9yZ1wvd3AtY29udGVudFwvdXBsb2Fkc1wvMjAyNVwvMTBcL1doYXRzQXBwLUltYWdlLTIwMjUtMTAtMzAtYXQtMTAuMjUuMzYuanBlZyIsInNsaWRlc2hvdyI6IjI4MDcwZjEwIn0%3D\">\n\t\t\t\t\t<div class=\"e-gallery-image elementor-gallery-item__image\" data-thumbnail=\"https:\/\/adfinternational.org\/wp-content\/uploads\/2025\/10\/WhatsApp-Image-2025-10-30-at-10.25.36-768x1024.jpeg\" data-width=\"768\" data-height=\"1024\" aria-label=\"\" role=\"img\" ><\/div>\n\t\t\t\t\t\t\t\t\t\t\t<div class=\"elementor-gallery-item__overlay\"><\/div>\n\t\t\t\t\t\t\t\t\t\t\t\t\t\t<\/a>\n\t\t\t\t\t\t\t<a class=\"e-gallery-item elementor-gallery-item elementor-animated-content\" href=\"https:\/\/adfinternational.org\/wp-content\/uploads\/2025\/10\/WhatsApp-Image-2025-10-30-at-07.33.51-1.jpeg\" data-elementor-open-lightbox=\"yes\" data-elementor-lightbox-slideshow=\"28070f10\" data-elementor-lightbox-title=\"WhatsApp Image 2025-10-30 at 07.33.51 (1)\" data-e-action-hash=\"#elementor-action%3Aaction%3Dlightbox%26settings%3DeyJpZCI6NzkwNjQsInVybCI6Imh0dHBzOlwvXC9hZGZpbnRlcm5hdGlvbmFsLm9yZ1wvd3AtY29udGVudFwvdXBsb2Fkc1wvMjAyNVwvMTBcL1doYXRzQXBwLUltYWdlLTIwMjUtMTAtMzAtYXQtMDcuMzMuNTEtMS5qcGVnIiwic2xpZGVzaG93IjoiMjgwNzBmMTAifQ%3D%3D\">\n\t\t\t\t\t<div class=\"e-gallery-image elementor-gallery-item__image\" data-thumbnail=\"https:\/\/adfinternational.org\/wp-content\/uploads\/2025\/10\/WhatsApp-Image-2025-10-30-at-07.33.51-1-1024x768.jpeg\" data-width=\"1024\" data-height=\"768\" aria-label=\"\" role=\"img\" ><\/div>\n\t\t\t\t\t\t\t\t\t\t\t<div class=\"elementor-gallery-item__overlay\"><\/div>\n\t\t\t\t\t\t\t\t\t\t\t\t\t\t<\/a>\n\t\t\t\t\t\t\t<a class=\"e-gallery-item elementor-gallery-item elementor-animated-content\" href=\"https:\/\/adfinternational.org\/wp-content\/uploads\/2025\/10\/Paul_Coleman_pic_5.jpg\" data-elementor-open-lightbox=\"yes\" data-elementor-lightbox-slideshow=\"28070f10\" data-elementor-lightbox-title=\"Paul_Coleman_pic_5\" data-e-action-hash=\"#elementor-action%3Aaction%3Dlightbox%26settings%3DeyJpZCI6NzkwOTAsInVybCI6Imh0dHBzOlwvXC9hZGZpbnRlcm5hdGlvbmFsLm9yZ1wvd3AtY29udGVudFwvdXBsb2Fkc1wvMjAyNVwvMTBcL1BhdWxfQ29sZW1hbl9waWNfNS5qcGciLCJzbGlkZXNob3ciOiIyODA3MGYxMCJ9\">\n\t\t\t\t\t<div class=\"e-gallery-image elementor-gallery-item__image\" data-thumbnail=\"https:\/\/adfinternational.org\/wp-content\/uploads\/2025\/10\/Paul_Coleman_pic_5.jpg\" data-width=\"701\" data-height=\"877\" aria-label=\"\" role=\"img\" ><\/div>\n\t\t\t\t\t\t\t\t\t\t\t<div class=\"elementor-gallery-item__overlay\"><\/div>\n\t\t\t\t\t\t\t\t\t\t\t\t\t\t<\/a>\n\t\t\t\t\t<\/div>\n\t\t\t\t\t<\/div>\n\t\t\t\t<\/div>\n\t\t\t\t\t<\/div>\n\t\t<\/div>\n\t\t\t\t\t<\/div>\n\t\t<\/section>\n\t\t\t\t<\/div>\n\t\t","protected":false},"excerpt":{"rendered":"<p>Vor Finnlands h\u00f6chstem Gericht wird heute die letzte Berufung im Fall P\u00e4ivi R\u00e4s\u00e4nen verhandelt. Die Staatsanwaltschaft fordert eine Verurteilung, aufgrund von R\u00e4s\u00e4nen \u00c4u\u00dferungen in einem X-Post mit Bibelzitat<\/p>\n","protected":false},"author":163,"featured_media":79341,"comment_status":"closed","ping_status":"closed","sticky":false,"template":"","format":"standard","meta":{"_acf_changed":false,"give_campaign_id":0,"footnotes":""},"categories":[434],"tags":[949,1457,1440,499,1373],"class_list":["post-79237","post","type-post","status-publish","format-standard","has-post-thumbnail","hentry","category-news","tag-de","tag-finnland","tag-lorcan-price","tag-paeivi","tag-paul-coleman-de"],"acf":[],"yoast_head":"<!-- This site is optimized with the Yoast SEO Premium plugin v27.5 (Yoast SEO v27.5) - https:\/\/yoast.com\/product\/yoast-seo-premium-wordpress\/ -->\n<title>Live aus dem Gerichtssaal: Finnlands \u201eBibel-Tweet\u201c-Fall erreicht den Obersten Gerichtshof - ADF International<\/title>\n<meta name=\"description\" content=\"The long-running \u201cBible Tweet\u201d case against Finnish parliamentarian Dr. P\u00e4ivi R\u00e4s\u00e4nen and Bishop Juhana Pohjola today reached the Supreme Court of Finland, marking a historic moment for freedom of speech and religion in Europe.\" \/>\n<meta name=\"robots\" content=\"index, follow, max-snippet:-1, max-image-preview:large, max-video-preview:-1\" \/>\n<link rel=\"canonical\" href=\"https:\/\/adfinternational.org\/de\/news\/live-aus-dem-gerichtssaal-finnlands-bibel-tweet-fall-erreicht-den-obersten-gerichtshof\" \/>\n<meta property=\"og:locale\" content=\"de_DE\" \/>\n<meta property=\"og:type\" content=\"article\" \/>\n<meta property=\"og:title\" content=\"Live aus dem Gerichtssaal: Finnlands \u201eBibel-Tweet\u201c-Fall erreicht den Obersten Gerichtshof\" \/>\n<meta property=\"og:description\" content=\"The long-running \u201cBible Tweet\u201d case against Finnish parliamentarian Dr. P\u00e4ivi R\u00e4s\u00e4nen and Bishop Juhana Pohjola today reached the Supreme Court of Finland, marking a historic moment for freedom of speech and religion in Europe.\" \/>\n<meta property=\"og:url\" content=\"https:\/\/adfinternational.org\/de\/news\/live-aus-dem-gerichtssaal-finnlands-bibel-tweet-fall-erreicht-den-obersten-gerichtshof\" \/>\n<meta property=\"og:site_name\" content=\"ADF International\" \/>\n<meta property=\"article:publisher\" content=\"https:\/\/facebook.com\/adfinternational\" \/>\n<meta property=\"article:published_time\" content=\"2025-10-30T10:20:31+00:00\" \/>\n<meta property=\"article:modified_time\" content=\"2025-11-25T12:56:29+00:00\" \/>\n<meta property=\"og:image\" content=\"https:\/\/adfinternational.org\/wp-content\/uploads\/2025\/10\/paivi_1941.webp\" \/>\n\t<meta property=\"og:image:width\" content=\"1200\" \/>\n\t<meta property=\"og:image:height\" content=\"798\" \/>\n\t<meta property=\"og:image:type\" content=\"image\/webp\" \/>\n<meta name=\"author\" content=\"Paul Sapper\" \/>\n<meta name=\"twitter:card\" content=\"summary_large_image\" \/>\n<meta name=\"twitter:creator\" content=\"@adfintl\" \/>\n<meta name=\"twitter:site\" content=\"@adfintl\" \/>\n<meta name=\"twitter:label1\" content=\"Verfasst von\" \/>\n\t<meta name=\"twitter:data1\" content=\"Paul Sapper\" \/>\n\t<meta name=\"twitter:label2\" content=\"Gesch\u00e4tzte Lesezeit\" \/>\n\t<meta name=\"twitter:data2\" content=\"5 Minuten\" \/>\n<script type=\"application\/ld+json\" class=\"yoast-schema-graph\">{\"@context\":\"https:\\\/\\\/schema.org\",\"@graph\":[{\"@type\":\"Article\",\"@id\":\"https:\\\/\\\/adfinternational.org\\\/de\\\/news\\\/live-aus-dem-gerichtssaal-finnlands-bibel-tweet-fall-erreicht-den-obersten-gerichtshof#article\",\"isPartOf\":{\"@id\":\"https:\\\/\\\/adfinternational.org\\\/de\\\/news\\\/live-aus-dem-gerichtssaal-finnlands-bibel-tweet-fall-erreicht-den-obersten-gerichtshof\"},\"author\":{\"name\":\"Paul Sapper\",\"@id\":\"https:\\\/\\\/adfinternational.org\\\/de\\\/#\\\/schema\\\/person\\\/ba89e48d7dae1101eafc4131fa60e64a\"},\"headline\":\"Live aus dem Gerichtssaal: Finnlands \u201eBibel-Tweet\u201c-Fall erreicht den Obersten Gerichtshof\",\"datePublished\":\"2025-10-30T10:20:31+00:00\",\"dateModified\":\"2025-11-25T12:56:29+00:00\",\"mainEntityOfPage\":{\"@id\":\"https:\\\/\\\/adfinternational.org\\\/de\\\/news\\\/live-aus-dem-gerichtssaal-finnlands-bibel-tweet-fall-erreicht-den-obersten-gerichtshof\"},\"wordCount\":1145,\"publisher\":{\"@id\":\"https:\\\/\\\/adfinternational.org\\\/de\\\/#organization\"},\"image\":{\"@id\":\"https:\\\/\\\/adfinternational.org\\\/de\\\/news\\\/live-aus-dem-gerichtssaal-finnlands-bibel-tweet-fall-erreicht-den-obersten-gerichtshof#primaryimage\"},\"thumbnailUrl\":\"https:\\\/\\\/adfinternational.org\\\/wp-content\\\/uploads\\\/2025\\\/10\\\/paivi_1941.webp\",\"keywords\":[\"DE\",\"Finnland\",\"Lorcan Price\",\"P\u00e4ivi\",\"Paul Coleman\"],\"articleSection\":[\"News\"],\"inLanguage\":\"de-DE\"},{\"@type\":\"WebPage\",\"@id\":\"https:\\\/\\\/adfinternational.org\\\/de\\\/news\\\/live-aus-dem-gerichtssaal-finnlands-bibel-tweet-fall-erreicht-den-obersten-gerichtshof\",\"url\":\"https:\\\/\\\/adfinternational.org\\\/de\\\/news\\\/live-aus-dem-gerichtssaal-finnlands-bibel-tweet-fall-erreicht-den-obersten-gerichtshof\",\"name\":\"Live aus dem Gerichtssaal: Finnlands \u201eBibel-Tweet\u201c-Fall erreicht den Obersten Gerichtshof - ADF International\",\"isPartOf\":{\"@id\":\"https:\\\/\\\/adfinternational.org\\\/de\\\/#website\"},\"primaryImageOfPage\":{\"@id\":\"https:\\\/\\\/adfinternational.org\\\/de\\\/news\\\/live-aus-dem-gerichtssaal-finnlands-bibel-tweet-fall-erreicht-den-obersten-gerichtshof#primaryimage\"},\"image\":{\"@id\":\"https:\\\/\\\/adfinternational.org\\\/de\\\/news\\\/live-aus-dem-gerichtssaal-finnlands-bibel-tweet-fall-erreicht-den-obersten-gerichtshof#primaryimage\"},\"thumbnailUrl\":\"https:\\\/\\\/adfinternational.org\\\/wp-content\\\/uploads\\\/2025\\\/10\\\/paivi_1941.webp\",\"datePublished\":\"2025-10-30T10:20:31+00:00\",\"dateModified\":\"2025-11-25T12:56:29+00:00\",\"description\":\"The long-running \u201cBible Tweet\u201d case against Finnish parliamentarian Dr. P\u00e4ivi R\u00e4s\u00e4nen and Bishop Juhana Pohjola today reached the Supreme Court of Finland, marking a historic moment for freedom of speech and religion in Europe.\",\"breadcrumb\":{\"@id\":\"https:\\\/\\\/adfinternational.org\\\/de\\\/news\\\/live-aus-dem-gerichtssaal-finnlands-bibel-tweet-fall-erreicht-den-obersten-gerichtshof#breadcrumb\"},\"inLanguage\":\"de-DE\",\"potentialAction\":[{\"@type\":\"ReadAction\",\"target\":[\"https:\\\/\\\/adfinternational.org\\\/de\\\/news\\\/live-aus-dem-gerichtssaal-finnlands-bibel-tweet-fall-erreicht-den-obersten-gerichtshof\"]}]},{\"@type\":\"ImageObject\",\"inLanguage\":\"de-DE\",\"@id\":\"https:\\\/\\\/adfinternational.org\\\/de\\\/news\\\/live-aus-dem-gerichtssaal-finnlands-bibel-tweet-fall-erreicht-den-obersten-gerichtshof#primaryimage\",\"url\":\"https:\\\/\\\/adfinternational.org\\\/wp-content\\\/uploads\\\/2025\\\/10\\\/paivi_1941.webp\",\"contentUrl\":\"https:\\\/\\\/adfinternational.org\\\/wp-content\\\/uploads\\\/2025\\\/10\\\/paivi_1941.webp\",\"width\":1200,\"height\":798},{\"@type\":\"BreadcrumbList\",\"@id\":\"https:\\\/\\\/adfinternational.org\\\/de\\\/news\\\/live-aus-dem-gerichtssaal-finnlands-bibel-tweet-fall-erreicht-den-obersten-gerichtshof#breadcrumb\",\"itemListElement\":[{\"@type\":\"ListItem\",\"position\":1,\"name\":\"Home\",\"item\":\"https:\\\/\\\/adfinternational.org\\\/de\"},{\"@type\":\"ListItem\",\"position\":2,\"name\":\"Live aus dem Gerichtssaal: Finnlands \u201eBibel-Tweet\u201c-Fall erreicht den Obersten Gerichtshof\"}]},{\"@type\":\"WebSite\",\"@id\":\"https:\\\/\\\/adfinternational.org\\\/de\\\/#website\",\"url\":\"https:\\\/\\\/adfinternational.org\\\/de\\\/\",\"name\":\"ADF International\",\"description\":\"Protecting Fundamental Freedoms. Promoting Inherent Dignity.\",\"publisher\":{\"@id\":\"https:\\\/\\\/adfinternational.org\\\/de\\\/#organization\"},\"potentialAction\":[{\"@type\":\"SearchAction\",\"target\":{\"@type\":\"EntryPoint\",\"urlTemplate\":\"https:\\\/\\\/adfinternational.org\\\/de\\\/?s={search_term_string}\"},\"query-input\":{\"@type\":\"PropertyValueSpecification\",\"valueRequired\":true,\"valueName\":\"search_term_string\"}}],\"inLanguage\":\"de-DE\"},{\"@type\":\"Organization\",\"@id\":\"https:\\\/\\\/adfinternational.org\\\/de\\\/#organization\",\"name\":\"Alliance Defending Freedom International\",\"url\":\"https:\\\/\\\/adfinternational.org\\\/de\\\/\",\"logo\":{\"@type\":\"ImageObject\",\"inLanguage\":\"de-DE\",\"@id\":\"https:\\\/\\\/adfinternational.org\\\/de\\\/#\\\/schema\\\/logo\\\/image\\\/\",\"url\":\"https:\\\/\\\/adfinternational.org\\\/wp-content\\\/uploads\\\/2021\\\/08\\\/ADF_Intl_R_RGB_175px.png\",\"contentUrl\":\"https:\\\/\\\/adfinternational.org\\\/wp-content\\\/uploads\\\/2021\\\/08\\\/ADF_Intl_R_RGB_175px.png\",\"width\":175,\"height\":106,\"caption\":\"Alliance Defending Freedom International\"},\"image\":{\"@id\":\"https:\\\/\\\/adfinternational.org\\\/de\\\/#\\\/schema\\\/logo\\\/image\\\/\"},\"sameAs\":[\"https:\\\/\\\/facebook.com\\\/adfinternational\",\"https:\\\/\\\/x.com\\\/adfintl\",\"https:\\\/\\\/www.linkedin.com\\\/company\\\/adfinternational\",\"https:\\\/\\\/www.instagram.com\\\/adfinternational\\\/\"]},{\"@type\":\"Person\",\"@id\":\"https:\\\/\\\/adfinternational.org\\\/de\\\/#\\\/schema\\\/person\\\/ba89e48d7dae1101eafc4131fa60e64a\",\"name\":\"Paul Sapper\",\"image\":{\"@type\":\"ImageObject\",\"inLanguage\":\"de-DE\",\"@id\":\"https:\\\/\\\/adfinternational.org\\\/wp-content\\\/uploads\\\/2021\\\/05\\\/Paul_Sapper_400x400-2-150x150.webp\",\"url\":\"https:\\\/\\\/adfinternational.org\\\/wp-content\\\/uploads\\\/2021\\\/05\\\/Paul_Sapper_400x400-2-150x150.webp\",\"contentUrl\":\"https:\\\/\\\/adfinternational.org\\\/wp-content\\\/uploads\\\/2021\\\/05\\\/Paul_Sapper_400x400-2-150x150.webp\",\"caption\":\"Paul Sapper\"},\"url\":\"https:\\\/\\\/adfinternational.org\\\/de\\\/author\\\/psapper\"}]}<\/script>\n<!-- \/ Yoast SEO Premium plugin. -->","yoast_head_json":{"title":"Live aus dem Gerichtssaal: Finnlands \u201eBibel-Tweet\u201c-Fall erreicht den Obersten Gerichtshof - ADF International","description":"The long-running \u201cBible Tweet\u201d case against Finnish parliamentarian Dr. P\u00e4ivi R\u00e4s\u00e4nen and Bishop Juhana Pohjola today reached the Supreme Court of Finland, marking a historic moment for freedom of speech and religion in Europe.","robots":{"index":"index","follow":"follow","max-snippet":"max-snippet:-1","max-image-preview":"max-image-preview:large","max-video-preview":"max-video-preview:-1"},"canonical":"https:\/\/adfinternational.org\/de\/news\/live-aus-dem-gerichtssaal-finnlands-bibel-tweet-fall-erreicht-den-obersten-gerichtshof","og_locale":"de_DE","og_type":"article","og_title":"Live aus dem Gerichtssaal: Finnlands \u201eBibel-Tweet\u201c-Fall erreicht den Obersten Gerichtshof","og_description":"The long-running \u201cBible Tweet\u201d case against Finnish parliamentarian Dr. P\u00e4ivi R\u00e4s\u00e4nen and Bishop Juhana Pohjola today reached the Supreme Court of Finland, marking a historic moment for freedom of speech and religion in Europe.","og_url":"https:\/\/adfinternational.org\/de\/news\/live-aus-dem-gerichtssaal-finnlands-bibel-tweet-fall-erreicht-den-obersten-gerichtshof","og_site_name":"ADF International","article_publisher":"https:\/\/facebook.com\/adfinternational","article_published_time":"2025-10-30T10:20:31+00:00","article_modified_time":"2025-11-25T12:56:29+00:00","og_image":[{"width":1200,"height":798,"url":"https:\/\/adfinternational.org\/wp-content\/uploads\/2025\/10\/paivi_1941.webp","type":"image\/webp"}],"author":"Paul Sapper","twitter_card":"summary_large_image","twitter_creator":"@adfintl","twitter_site":"@adfintl","twitter_misc":{"Verfasst von":"Paul Sapper","Gesch\u00e4tzte Lesezeit":"5 Minuten"},"schema":{"@context":"https:\/\/schema.org","@graph":[{"@type":"Article","@id":"https:\/\/adfinternational.org\/de\/news\/live-aus-dem-gerichtssaal-finnlands-bibel-tweet-fall-erreicht-den-obersten-gerichtshof#article","isPartOf":{"@id":"https:\/\/adfinternational.org\/de\/news\/live-aus-dem-gerichtssaal-finnlands-bibel-tweet-fall-erreicht-den-obersten-gerichtshof"},"author":{"name":"Paul Sapper","@id":"https:\/\/adfinternational.org\/de\/#\/schema\/person\/ba89e48d7dae1101eafc4131fa60e64a"},"headline":"Live aus dem Gerichtssaal: Finnlands \u201eBibel-Tweet\u201c-Fall erreicht den Obersten Gerichtshof","datePublished":"2025-10-30T10:20:31+00:00","dateModified":"2025-11-25T12:56:29+00:00","mainEntityOfPage":{"@id":"https:\/\/adfinternational.org\/de\/news\/live-aus-dem-gerichtssaal-finnlands-bibel-tweet-fall-erreicht-den-obersten-gerichtshof"},"wordCount":1145,"publisher":{"@id":"https:\/\/adfinternational.org\/de\/#organization"},"image":{"@id":"https:\/\/adfinternational.org\/de\/news\/live-aus-dem-gerichtssaal-finnlands-bibel-tweet-fall-erreicht-den-obersten-gerichtshof#primaryimage"},"thumbnailUrl":"https:\/\/adfinternational.org\/wp-content\/uploads\/2025\/10\/paivi_1941.webp","keywords":["DE","Finnland","Lorcan Price","P\u00e4ivi","Paul Coleman"],"articleSection":["News"],"inLanguage":"de-DE"},{"@type":"WebPage","@id":"https:\/\/adfinternational.org\/de\/news\/live-aus-dem-gerichtssaal-finnlands-bibel-tweet-fall-erreicht-den-obersten-gerichtshof","url":"https:\/\/adfinternational.org\/de\/news\/live-aus-dem-gerichtssaal-finnlands-bibel-tweet-fall-erreicht-den-obersten-gerichtshof","name":"Live aus dem Gerichtssaal: Finnlands \u201eBibel-Tweet\u201c-Fall erreicht den Obersten Gerichtshof - ADF International","isPartOf":{"@id":"https:\/\/adfinternational.org\/de\/#website"},"primaryImageOfPage":{"@id":"https:\/\/adfinternational.org\/de\/news\/live-aus-dem-gerichtssaal-finnlands-bibel-tweet-fall-erreicht-den-obersten-gerichtshof#primaryimage"},"image":{"@id":"https:\/\/adfinternational.org\/de\/news\/live-aus-dem-gerichtssaal-finnlands-bibel-tweet-fall-erreicht-den-obersten-gerichtshof#primaryimage"},"thumbnailUrl":"https:\/\/adfinternational.org\/wp-content\/uploads\/2025\/10\/paivi_1941.webp","datePublished":"2025-10-30T10:20:31+00:00","dateModified":"2025-11-25T12:56:29+00:00","description":"The long-running \u201cBible Tweet\u201d case against Finnish parliamentarian Dr. P\u00e4ivi R\u00e4s\u00e4nen and Bishop Juhana Pohjola today reached the Supreme Court of Finland, marking a historic moment for freedom of speech and religion in Europe.","breadcrumb":{"@id":"https:\/\/adfinternational.org\/de\/news\/live-aus-dem-gerichtssaal-finnlands-bibel-tweet-fall-erreicht-den-obersten-gerichtshof#breadcrumb"},"inLanguage":"de-DE","potentialAction":[{"@type":"ReadAction","target":["https:\/\/adfinternational.org\/de\/news\/live-aus-dem-gerichtssaal-finnlands-bibel-tweet-fall-erreicht-den-obersten-gerichtshof"]}]},{"@type":"ImageObject","inLanguage":"de-DE","@id":"https:\/\/adfinternational.org\/de\/news\/live-aus-dem-gerichtssaal-finnlands-bibel-tweet-fall-erreicht-den-obersten-gerichtshof#primaryimage","url":"https:\/\/adfinternational.org\/wp-content\/uploads\/2025\/10\/paivi_1941.webp","contentUrl":"https:\/\/adfinternational.org\/wp-content\/uploads\/2025\/10\/paivi_1941.webp","width":1200,"height":798},{"@type":"BreadcrumbList","@id":"https:\/\/adfinternational.org\/de\/news\/live-aus-dem-gerichtssaal-finnlands-bibel-tweet-fall-erreicht-den-obersten-gerichtshof#breadcrumb","itemListElement":[{"@type":"ListItem","position":1,"name":"Home","item":"https:\/\/adfinternational.org\/de"},{"@type":"ListItem","position":2,"name":"Live aus dem Gerichtssaal: Finnlands \u201eBibel-Tweet\u201c-Fall erreicht den Obersten Gerichtshof"}]},{"@type":"WebSite","@id":"https:\/\/adfinternational.org\/de\/#website","url":"https:\/\/adfinternational.org\/de\/","name":"ADF International","description":"Protecting Fundamental Freedoms. Promoting Inherent Dignity.","publisher":{"@id":"https:\/\/adfinternational.org\/de\/#organization"},"potentialAction":[{"@type":"SearchAction","target":{"@type":"EntryPoint","urlTemplate":"https:\/\/adfinternational.org\/de\/?s={search_term_string}"},"query-input":{"@type":"PropertyValueSpecification","valueRequired":true,"valueName":"search_term_string"}}],"inLanguage":"de-DE"},{"@type":"Organization","@id":"https:\/\/adfinternational.org\/de\/#organization","name":"Alliance Defending Freedom International","url":"https:\/\/adfinternational.org\/de\/","logo":{"@type":"ImageObject","inLanguage":"de-DE","@id":"https:\/\/adfinternational.org\/de\/#\/schema\/logo\/image\/","url":"https:\/\/adfinternational.org\/wp-content\/uploads\/2021\/08\/ADF_Intl_R_RGB_175px.png","contentUrl":"https:\/\/adfinternational.org\/wp-content\/uploads\/2021\/08\/ADF_Intl_R_RGB_175px.png","width":175,"height":106,"caption":"Alliance Defending Freedom International"},"image":{"@id":"https:\/\/adfinternational.org\/de\/#\/schema\/logo\/image\/"},"sameAs":["https:\/\/facebook.com\/adfinternational","https:\/\/x.com\/adfintl","https:\/\/www.linkedin.com\/company\/adfinternational","https:\/\/www.instagram.com\/adfinternational\/"]},{"@type":"Person","@id":"https:\/\/adfinternational.org\/de\/#\/schema\/person\/ba89e48d7dae1101eafc4131fa60e64a","name":"Paul Sapper","image":{"@type":"ImageObject","inLanguage":"de-DE","@id":"https:\/\/adfinternational.org\/wp-content\/uploads\/2021\/05\/Paul_Sapper_400x400-2-150x150.webp","url":"https:\/\/adfinternational.org\/wp-content\/uploads\/2021\/05\/Paul_Sapper_400x400-2-150x150.webp","contentUrl":"https:\/\/adfinternational.org\/wp-content\/uploads\/2021\/05\/Paul_Sapper_400x400-2-150x150.webp","caption":"Paul Sapper"},"url":"https:\/\/adfinternational.org\/de\/author\/psapper"}]}},"_links":{"self":[{"href":"https:\/\/adfinternational.org\/de\/wp-json\/wp\/v2\/posts\/79237","targetHints":{"allow":["GET"]}}],"collection":[{"href":"https:\/\/adfinternational.org\/de\/wp-json\/wp\/v2\/posts"}],"about":[{"href":"https:\/\/adfinternational.org\/de\/wp-json\/wp\/v2\/types\/post"}],"author":[{"embeddable":true,"href":"https:\/\/adfinternational.org\/de\/wp-json\/wp\/v2\/users\/163"}],"replies":[{"embeddable":true,"href":"https:\/\/adfinternational.org\/de\/wp-json\/wp\/v2\/comments?post=79237"}],"version-history":[{"count":0,"href":"https:\/\/adfinternational.org\/de\/wp-json\/wp\/v2\/posts\/79237\/revisions"}],"wp:featuredmedia":[{"embeddable":true,"href":"https:\/\/adfinternational.org\/de\/wp-json\/wp\/v2\/media\/79341"}],"wp:attachment":[{"href":"https:\/\/adfinternational.org\/de\/wp-json\/wp\/v2\/media?parent=79237"}],"wp:term":[{"taxonomy":"category","embeddable":true,"href":"https:\/\/adfinternational.org\/de\/wp-json\/wp\/v2\/categories?post=79237"},{"taxonomy":"post_tag","embeddable":true,"href":"https:\/\/adfinternational.org\/de\/wp-json\/wp\/v2\/tags?post=79237"}],"curies":[{"name":"wp","href":"https:\/\/api.w.org\/{rel}","templated":true}]}}