{"id":79772,"date":"2025-11-01T10:49:18","date_gmt":"2025-11-01T09:49:18","guid":{"rendered":"https:\/\/adfinternational.org\/artikel\/us-government-designates-nigeria-country-of-particular-concern"},"modified":"2025-11-12T12:58:21","modified_gmt":"2025-11-12T11:58:21","slug":"us-regierung-erklaert-nigeria-zu-einem-land-von-besonderer-sorge","status":"publish","type":"post","link":"https:\/\/adfinternational.org\/de\/news\/us-regierungerklaertnigeriazueinemland-von-besonderer-sorge","title":{"rendered":"US-Regierung\u00a0erkl\u00e4rt\u00a0Nigeria\u00a0zu\u00a0einem\u00a0Land von besonderer Sorge\u00a0"},"content":{"rendered":"\t\t<div data-elementor-type=\"wp-post\" data-elementor-id=\"79772\" class=\"elementor elementor-79772 elementor-79370\" data-elementor-post-type=\"post\">\n\t\t\t\t\t\t<section class=\"elementor-section elementor-top-section elementor-element elementor-element-4a31a466 elementor-section-boxed elementor-section-height-default elementor-section-height-default\" data-id=\"4a31a466\" data-element_type=\"section\" data-e-type=\"section\">\n\t\t\t\t\t\t<div class=\"elementor-container elementor-column-gap-default\">\n\t\t\t\t\t<div class=\"elementor-column elementor-col-100 elementor-top-column elementor-element elementor-element-6aafda12\" data-id=\"6aafda12\" data-element_type=\"column\" data-e-type=\"column\">\n\t\t\t<div class=\"elementor-widget-wrap elementor-element-populated\">\n\t\t\t\t\t\t<div class=\"elementor-element elementor-element-42e043b1 elementor-widget elementor-widget-text-editor\" data-id=\"42e043b1\" data-element_type=\"widget\" data-e-type=\"widget\" data-widget_type=\"text-editor.default\">\n\t\t\t\t<div class=\"elementor-widget-container\">\n\t\t\t\t\t\t\t\t\t<ul>\n \t<li>Die US-Regierung hat offiziell angek\u00fcndigt, Ma\u00dfnahmen zu ergreifen, um die massenhafte Verfolgung von Christen in Nigeria zu bek\u00e4mpfen und erkl\u00e4rte das Christentum dort f\u00fcr \u201cexistenziell bedroht\u201d<\/li><br>\n \t<li>Eine Einstufung als \u201cCountry of Particular Concern\u201d (CPC) (dt.:Land von besonderer Sorge) erfolgt offiziell durch den US-Pr\u00e4sidenten und den US-Au\u00dfenminister, wenn die Regierung eines Landes \u201cbesonders schwere Verletzungen der Religionsfreiheit\u201c begeht oder toleriert<\/li>\n<\/ul>\t\t\t\t\t\t\t\t<\/div>\n\t\t\t\t<\/div>\n\t\t\t\t<div class=\"elementor-element elementor-element-7cec8181 elementor-widget elementor-widget-theme-post-featured-image elementor-widget-image\" data-id=\"7cec8181\" data-element_type=\"widget\" data-e-type=\"widget\" data-widget_type=\"theme-post-featured-image.default\">\n\t\t\t\t<div class=\"elementor-widget-container\">\n\t\t\t\t\t\t\t\t\t\t\t\t\t\t\t<img fetchpriority=\"high\" decoding=\"async\" width=\"555\" height=\"403\" src=\"https:\/\/adfinternational.org\/wp-content\/uploads\/2025\/06\/nigeria.png\" class=\"attachment-large size-large wp-image-74723\" alt=\"Nigeria\" srcset=\"https:\/\/adfinternational.org\/wp-content\/uploads\/2025\/06\/nigeria.png 555w, https:\/\/adfinternational.org\/wp-content\/uploads\/2025\/06\/nigeria-300x218.png 300w\" sizes=\"(max-width: 555px) 100vw, 555px\" \/>\t\t\t\t\t\t\t\t\t\t\t\t\t\t\t<\/div>\n\t\t\t\t<\/div>\n\t\t\t\t<div class=\"elementor-element elementor-element-412079aa elementor-widget elementor-widget-text-editor\" data-id=\"412079aa\" data-element_type=\"widget\" data-e-type=\"widget\" data-widget_type=\"text-editor.default\">\n\t\t\t\t<div class=\"elementor-widget-container\">\n\t\t\t\t\t\t\t\t\t<p>WASHINGTON, D.C. (3. November 2025) \u2013 Am 31. Oktober hat die US-Regierung offiziell die schwerwiegende Verfolgung von Christen in Nigeria anerkannt und angek\u00fcndigt dagegen vorzugehen, indem sie das Land als \u201cCountry of Particular Concern\u201c (CPC) (dt.: Land, von besonderer Sorge) einstuft. Pr\u00e4sident Donald Trump gab die Entscheidung auf Truth Social bekannt und forderte den Kongress, angef\u00fchrt von Abgeordnetem Riley Moore (R-WV), auf, Untersuchungen einzuleiten und Empfehlungen zur Bek\u00e4mpfung der Verfolgung vorzulegen.<\/p><p>Seit vielen Jahren macht ADF International durch strategische Rechtsverfahren und gezielte politische und gesellschaftliche Interessensvertretung auf die schwere und gezielte Verfolgung von Christen und anderen religi\u00f6sen Minderheiten in Nigeria aufmerksam und setzt sich f\u00fcr die Wahrung der Grundrechte und die W\u00fcrde aller Menschen ein. ADF International hat sich rechtlich und politisch konsequent f\u00fcr die Anerkennung der schweren Verfolgung in Nigeria eingesetzt und die CPC-Einstufung vorangetrieben, um einen internationalen Einsatz zu erm\u00f6glichen.<\/p><p><em>\u201cDie Realit\u00e4t ist eindeutig: Die gezielte Verfolgung von Christen in Nigeria erreicht ersch\u00fctternde Ausma\u00dfe. Die Welt darf nicht schweigen, wenn Menschen allein wegen ihres Glaubens bedroht, angegriffen oder get\u00f6tet werden. Wir begr\u00fc\u00dfen, dass die US-Regierung den Schutz der Religionsfreiheit zu einer Priorit\u00e4t macht. ADF International unterst\u00fctzt seit Jahren die rechtliche Verteidigung von Christen in Nigeria, die mit schwersten Verletzungen der Religionsfreiheit konfrontiert sind. Wir haben diese wichtige Ma\u00dfnahme zur Anerkennung der Lage lange gefordert und werden weiterhin daf\u00fcr k\u00e4mpfen, dass sie zu tats\u00e4chlichem und dauerhaftem Schutz f\u00fcr verfolgte Christen f\u00fchrt. Es ist jetzt an der Zeit, dass jeder verfolgte Christ Gerechtigkeit findet. Die Welt sollte sich jetzt f\u00fcr die Verfolgten in Nigeria \u2013 und \u00fcberall \u2013 einsetzen<\/em>\u201c, sagte Sean Nelson, Leitender Rechtsanwalt bei ADF International im Team f\u00fcr weltweite Religionsfreiheit.<\/p><p>Der US-Kongressabgeordnete Chris Smith (R-NJ), der den Resolutionsentwurf (H.Res.220) zur Einstufung Nigerias als \u201cCountry of Particular Concern\u201c eingebracht hatte, begr\u00fc\u00dfte die Entscheidung: \u201cDie Ank\u00fcndigung der US-Regierung best\u00e4tigt die Forderungen vieler Kirchenf\u00fchrer und praktizierender Christen in Nigeria. Die Vereinigten Staaten erkl\u00e4ren damit unmissverst\u00e4ndlich ihre Solidarit\u00e4t mit allen B\u00fcrgern, die von ihren Regierungen nicht vor religi\u00f6ser Verfolgung gesch\u00fctzt werden.\u201d<\/p><p><strong>Einsatz f\u00fcr die verfolgten Christen in Nigeria<\/strong><\/p><p>Die rechtliche Unterst\u00fctzung verfolgter Christen in Nigeria ist ein zentrales Anliegen von ADF International. Informationen zu den F\u00e4llen, die wir unterst\u00fctzen, finden Sie hier.<\/p><p>ADF International unterst\u00fctzte die rechtliche Verteidigung von Rhoda Jatau, eine nigerianische Christin und Mutter von f\u00fcnf Kindern, die sich jahrelang einem Strafverfahren stellen musste \u2013 darunter 19 Monate Haft\u2013 wegen angeblicher \u201eBlasphemie\u201c. Ihr wurde vorgeworfen auf WhatsApp ein Video geteilt zu haben, in dem sie den Lynchmord an einer christlichen Studentin, verurteilte. Jatau wurde im Dezember 2024 vollst\u00e4ndig freigesprochen.<\/p><p>K\u00fcrzlich hat ein nigerianisches Obergericht die unrechtm\u00e4\u00dfige Verurteilung eines christlichen Mannes namens David* (Name aus Sicherheitsgr\u00fcnden ge\u00e4ndert) aufgehoben Er wurde gefoltert, inhaftiert und mit einer Geldstrafe belegt, weil er zwei christlichen Konvertitinnen half, vor Gewalt zu fliehen. ADF International setzte sich f\u00fcr seine Verteidigung ein.<\/p><p>ADF International unterst\u00fctzt au\u00dferdem die Verteidigung von <a href=\"https:\/\/adfinternational.org\/de\/\/fall\/yahaya\">Yahaya Sharif-Aminu<\/a>, des nigerianischer Sufi-Musiker vor dem Obersten Gerichtshof Nigerias. Ohne Rechtsbeistand war er 2020 verurteilt worden, nachdem er Audiobotschaften auf WhatsApp geteilt hatte, die als blasphemisch gegen\u00fcber dem Propheten Mohammed eingestuft wurden. Yahaya droht weiterhin die Todesstrafe und er wartet noch immer auf weitere Schritte in seinem Verfahren. Eine erste Anh\u00f6rung zu seinem Fall fand am 25. September 2025 vor dem Obersten Gerichtshof Nigerias statt.<\/p><p><strong>Einstufung Country-of-Particular-Concern<\/strong><\/p><p>ADF International hat gemeinsam mit anderen Menschenrechtsorganisationen und Experten seit Langem das US-Au\u00dfenministerium <a href=\"https:\/\/adfinternational.org\/news\/too-many-people-are-dying\">aufgefordert<\/a>, Nigeria wieder auf die Liste der \u201cCountries of Particular Concern\u201c zu setzen.<\/p><p>Die US-Kommission f\u00fcr Internationale Religionsfreiheit (USCIRF) bezeichnete die Streichung Nigerias von der CPC-Liste durch das Au\u00dfenministerium zuvor als &#8222;<a href=\"https:\/\/www.uscirf.gov\/news-room\/releases-statements\/uscirf-appalled-administrations-removal-nigeria-list-violators\">erschreckend<\/a>&#8220; und \u201c<a href=\"https:\/\/www.uscirf.gov\/news-room\/releases-statements\/uscirf-condemns-mubarak-bala-prison-sentence-calls-us-government\">unerkl\u00e4rlich<\/a>\u201c.<\/p><p>Kelsey Zorzi, Direktorin der Rechtsabteilung f\u00fcr weltweite Religionsfreiheit bei ADF International, zur Einstufung Nigerias als CPC:<\/p><p><em>\u201cIn Nigeria werden mehr Christen aufgrund ihres Glaubens get\u00f6tet als im Rest der Welt zusammen. Wir begr\u00fc\u00dfen daher ausdr\u00fccklich die heutige Entscheidung, Nigeria als Country of Particular Concern (Land von besonderer Sorge) einzustufen, angesichts der schweren Verfolgung von Christen im Land. Sie zeigt, dass die US-Regierung die schwere Verfolgung von Christen in Nigeria ernst nimmt und bereit ist zu handeln.\u201d<\/em><\/p><p>Dieser Schritt ist ein wichtiges Signal und schafft dringend ben\u00f6tigte Aufmerksamkeit f\u00fcr die dramatische Lage im Land. Er er\u00f6ffnet neue M\u00f6glichkeiten, Verantwortung einzufordern und konkrete Ver\u00e4nderungen zu erreichen.<\/p><p>Bei ADF International erleben wir das Leid verfolgter Christen aus erster Hand. Ihre Geschichten machen deutlich, wie dringend die internationale Gemeinschaft handeln muss. Wir rufen alle Staaten dazu auf, gemeinsam daf\u00fcr einzutreten, dass jeder Mensch \u2013 unabh\u00e4ngig von Religion oder \u00dcberzeugung \u2013 frei von Angst und Unterdr\u00fcckung leben kann. Religi\u00f6se Verfolgung zu beenden, ist nicht nur ein politisches Ziel, sondern eine moralische Verpflichtung.\u201c<\/p><p>Die Einstufung eines Landes als Country of Particular Concern (Land von besonderer Sorge) geh\u00f6rt zu den st\u00e4rksten Ma\u00dfnahmen der US-Regierung im Einsatz f\u00fcr die Religionsfreiheit. Sie zeigt: In dem betroffenen Land finden systematische, anhaltende und schwere Menschenrechtsverletzungen statt. Gleichzeitig macht sie deutlich, dass die internationale Gemeinschaft dringend gefordert ist, hinzuschauen und zu handeln.<\/p><p>Eine CPC-Einstufung schafft weltweite Aufmerksamkeit. Sie erm\u00f6glicht diplomatischen Druck, gezielte Sanktionen und zus\u00e4tzliche humanit\u00e4re Unterst\u00fctzung f\u00fcr besonders betroffene Menschen und Gemeinschaften.<\/p><p>Die erneute Einstufung Nigerias als CPC best\u00e4tigt die umfangreiche Dokumentation der schweren \u00dcbergriffe der vergangenen Jahre. Sie ist zugleich ein klarer Aufruf, die gemeinsamen Bem\u00fchungen zu verst\u00e4rken: Menschen, die wegen ihres Glaubens verfolgt werden, m\u00fcssen gesch\u00fctzt und die Verantwortlichen konsequent zur Rechenschaft gezogen werden.<\/p>\t\t\t\t\t\t\t\t<\/div>\n\t\t\t\t<\/div>\n\t\t\t\t<div class=\"elementor-element elementor-element-71af31ee elementor-widget-divider--view-line elementor-widget elementor-widget-divider\" data-id=\"71af31ee\" data-element_type=\"widget\" data-e-type=\"widget\" data-widget_type=\"divider.default\">\n\t\t\t\t<div class=\"elementor-widget-container\">\n\t\t\t\t\t\t\t<div class=\"elementor-divider\">\n\t\t\t<span class=\"elementor-divider-separator\">\n\t\t\t\t\t\t<\/span>\n\t\t<\/div>\n\t\t\t\t\t\t<\/div>\n\t\t\t\t<\/div>\n\t\t\t\t<div class=\"elementor-element elementor-element-298c9628 elementor-widget elementor-widget-text-editor\" data-id=\"298c9628\" data-element_type=\"widget\" data-e-type=\"widget\" data-widget_type=\"text-editor.default\">\n\t\t\t\t<div class=\"elementor-widget-container\">\n\t\t\t\t\t\t\t\t\t<p>Bilder zur freien Verwendung im Zusammenhang mit dieser Geschichte, nur f\u00fcr Druck oder Online.<\/p><p><em>Abgebildet: Kelsey Zorzi; Sean Nelson<\/em><\/p>\t\t\t\t\t\t\t\t<\/div>\n\t\t\t\t<\/div>\n\t\t\t\t<div class=\"elementor-element elementor-element-29de6d73 elementor-widget elementor-widget-gallery\" data-id=\"29de6d73\" data-element_type=\"widget\" data-e-type=\"widget\" data-settings=\"{&quot;aspect_ratio&quot;:&quot;1:1&quot;,&quot;lazyload&quot;:&quot;yes&quot;,&quot;gallery_layout&quot;:&quot;grid&quot;,&quot;columns&quot;:4,&quot;columns_tablet&quot;:2,&quot;columns_mobile&quot;:1,&quot;gap&quot;:{&quot;unit&quot;:&quot;px&quot;,&quot;size&quot;:10,&quot;sizes&quot;:[]},&quot;gap_tablet&quot;:{&quot;unit&quot;:&quot;px&quot;,&quot;size&quot;:10,&quot;sizes&quot;:[]},&quot;gap_mobile&quot;:{&quot;unit&quot;:&quot;px&quot;,&quot;size&quot;:10,&quot;sizes&quot;:[]},&quot;link_to&quot;:&quot;file&quot;,&quot;overlay_background&quot;:&quot;yes&quot;,&quot;content_hover_animation&quot;:&quot;fade-in&quot;}\" data-widget_type=\"gallery.default\">\n\t\t\t\t<div class=\"elementor-widget-container\">\n\t\t\t\t\t\t\t<div class=\"elementor-gallery__container\">\n\t\t\t\t\t\t\t<a class=\"e-gallery-item elementor-gallery-item elementor-animated-content\" href=\"https:\/\/adfinternational.org\/wp-content\/uploads\/2025\/11\/Kelsey-Zorzi_400x400.webp\" data-elementor-open-lightbox=\"yes\" data-elementor-lightbox-slideshow=\"29de6d73\" data-elementor-lightbox-title=\"Kelsey-Zorzi_400x400\" data-e-action-hash=\"#elementor-action%3Aaction%3Dlightbox%26settings%3DeyJpZCI6NzkzODAsInVybCI6Imh0dHBzOlwvXC9hZGZpbnRlcm5hdGlvbmFsLm9yZ1wvd3AtY29udGVudFwvdXBsb2Fkc1wvMjAyNVwvMTFcL0tlbHNleS1ab3J6aV80MDB4NDAwLndlYnAiLCJzbGlkZXNob3ciOiIyOWRlNmQ3MyJ9\">\n\t\t\t\t\t<div class=\"e-gallery-image elementor-gallery-item__image\" data-thumbnail=\"https:\/\/adfinternational.org\/wp-content\/uploads\/2025\/11\/Kelsey-Zorzi_400x400.webp\" data-width=\"400\" data-height=\"400\" aria-label=\"\" role=\"img\" ><\/div>\n\t\t\t\t\t\t\t\t\t\t\t<div class=\"elementor-gallery-item__overlay\"><\/div>\n\t\t\t\t\t\t\t\t\t\t\t\t\t\t<\/a>\n\t\t\t\t\t\t\t<a class=\"e-gallery-item elementor-gallery-item elementor-animated-content\" href=\"https:\/\/adfinternational.org\/wp-content\/uploads\/2025\/11\/Sean_Nelson_400x400.webp\" data-elementor-open-lightbox=\"yes\" data-elementor-lightbox-slideshow=\"29de6d73\" data-elementor-lightbox-title=\"Sean_Nelson_400x400\" data-e-action-hash=\"#elementor-action%3Aaction%3Dlightbox%26settings%3DeyJpZCI6NzkzODUsInVybCI6Imh0dHBzOlwvXC9hZGZpbnRlcm5hdGlvbmFsLm9yZ1wvd3AtY29udGVudFwvdXBsb2Fkc1wvMjAyNVwvMTFcL1NlYW5fTmVsc29uXzQwMHg0MDAud2VicCIsInNsaWRlc2hvdyI6IjI5ZGU2ZDczIn0%3D\">\n\t\t\t\t\t<div class=\"e-gallery-image elementor-gallery-item__image\" data-thumbnail=\"https:\/\/adfinternational.org\/wp-content\/uploads\/2025\/11\/Sean_Nelson_400x400.webp\" data-width=\"400\" data-height=\"400\" aria-label=\"\" role=\"img\" ><\/div>\n\t\t\t\t\t\t\t\t\t\t\t<div class=\"elementor-gallery-item__overlay\"><\/div>\n\t\t\t\t\t\t\t\t\t\t\t\t\t\t<\/a>\n\t\t\t\t\t<\/div>\n\t\t\t\t\t<\/div>\n\t\t\t\t<\/div>\n\t\t\t\t\t<\/div>\n\t\t<\/div>\n\t\t\t\t\t<\/div>\n\t\t<\/section>\n\t\t\t\t<\/div>\n\t\t","protected":false},"excerpt":{"rendered":"<p>Die US-Regierung hat offiziell angek\u00fcndigt, Ma\u00dfnahmen zu ergreifen, um die massenhafte Verfolgung von Christen in Nigeria zu bek\u00e4mpfen und erkl\u00e4rte das Christentum dort f\u00fcr \u201cexistenziell bedroht\u201d <\/p>\n","protected":false},"author":163,"featured_media":74723,"comment_status":"closed","ping_status":"closed","sticky":false,"template":"","format":"standard","meta":{"_acf_changed":false,"give_campaign_id":0,"footnotes":""},"categories":[434],"tags":[1441,949,1363,1362],"class_list":["post-79772","post","type-post","status-publish","format-standard","has-post-thumbnail","hentry","category-news","tag-christenverfolgung","tag-de","tag-nigeria-de","tag-sean-nelson-de"],"acf":[],"yoast_head":"<!-- This site is optimized with the Yoast SEO Premium plugin v27.4 (Yoast SEO v27.4) - https:\/\/yoast.com\/product\/yoast-seo-premium-wordpress\/ -->\n<title>US-Regierung\u00a0erkl\u00e4rt\u00a0Nigeria\u00a0zu\u00a0einem\u00a0Land von besonderer Sorge\u00a0 - ADF International<\/title>\n<meta name=\"description\" content=\"Die US-Regierung hat offiziell angek\u00fcndigt, Ma\u00dfnahmen zu ergreifen, um die massenhafte Verfolgung von Christen in Nigeria zu bek\u00e4mpfen und erkl\u00e4rte das Christentum dort f\u00fcr \u201cexistenziell bedroht\u201d\" \/>\n<meta name=\"robots\" content=\"index, follow, max-snippet:-1, max-image-preview:large, max-video-preview:-1\" \/>\n<link rel=\"canonical\" href=\"https:\/\/adfinternational.org\/de\/news\/us-regierungerklaertnigeriazueinemland-von-besonderer-sorge\" \/>\n<meta property=\"og:locale\" content=\"de_DE\" \/>\n<meta property=\"og:type\" content=\"article\" \/>\n<meta property=\"og:title\" content=\"US-Regierung\u00a0erkl\u00e4rt\u00a0Nigeria\u00a0zu\u00a0einem\u00a0Land von besonderer Sorge\u00a0 US-Regierung erkl\u00e4rt Nigeria zu einem Land von besonderer Sorge\" \/>\n<meta property=\"og:description\" content=\"Die US-Regierung hat offiziell angek\u00fcndigt, Ma\u00dfnahmen zu ergreifen, um die massenhafte Verfolgung von Christen in Nigeria zu bek\u00e4mpfen und erkl\u00e4rte das Christentum dort f\u00fcr \u201cexistenziell bedroht\u201d\" \/>\n<meta property=\"og:url\" content=\"https:\/\/adfinternational.org\/de\/news\/us-regierungerklaertnigeriazueinemland-von-besonderer-sorge\" \/>\n<meta property=\"og:site_name\" content=\"ADF International\" \/>\n<meta property=\"article:publisher\" content=\"https:\/\/facebook.com\/adfinternational\" \/>\n<meta property=\"article:published_time\" content=\"2025-11-01T09:49:18+00:00\" \/>\n<meta property=\"article:modified_time\" content=\"2025-11-12T11:58:21+00:00\" \/>\n<meta property=\"og:image\" content=\"https:\/\/adfinternational.org\/wp-content\/uploads\/2025\/06\/nigeria.png\" \/>\n\t<meta property=\"og:image:width\" content=\"555\" \/>\n\t<meta property=\"og:image:height\" content=\"403\" \/>\n\t<meta property=\"og:image:type\" content=\"image\/png\" \/>\n<meta name=\"author\" content=\"Paul Sapper\" \/>\n<meta name=\"twitter:card\" content=\"summary_large_image\" \/>\n<meta name=\"twitter:title\" content=\"US-Regierung\u00a0erkl\u00e4rt\u00a0Nigeria\u00a0zu\u00a0einem\u00a0Land von besonderer Sorge\u00a0 US-Regierung erkl\u00e4rt Nigeria zu einem Land von besonderer Sorge\" \/>\n<meta name=\"twitter:description\" content=\"Die US-Regierung hat offiziell angek\u00fcndigt, Ma\u00dfnahmen zu ergreifen, um die massenhafte Verfolgung von Christen in Nigeria zu bek\u00e4mpfen und erkl\u00e4rte das Christentum dort f\u00fcr \u201cexistenziell bedroht\u201d\" \/>\n<meta name=\"twitter:creator\" content=\"@adfintl\" \/>\n<meta name=\"twitter:site\" content=\"@adfintl\" \/>\n<meta name=\"twitter:label1\" content=\"Verfasst von\" \/>\n\t<meta name=\"twitter:data1\" content=\"Paul Sapper\" \/>\n\t<meta name=\"twitter:label2\" content=\"Gesch\u00e4tzte Lesezeit\" \/>\n\t<meta name=\"twitter:data2\" content=\"6 Minuten\" \/>\n<script type=\"application\/ld+json\" class=\"yoast-schema-graph\">{\"@context\":\"https:\\\/\\\/schema.org\",\"@graph\":[{\"@type\":\"Article\",\"@id\":\"https:\\\/\\\/adfinternational.org\\\/de\\\/news\\\/us-regierungerklaertnigeriazueinemland-von-besonderer-sorge#article\",\"isPartOf\":{\"@id\":\"https:\\\/\\\/adfinternational.org\\\/de\\\/news\\\/us-regierungerklaertnigeriazueinemland-von-besonderer-sorge\"},\"author\":{\"name\":\"Paul Sapper\",\"@id\":\"https:\\\/\\\/adfinternational.org\\\/de\\\/#\\\/schema\\\/person\\\/ba89e48d7dae1101eafc4131fa60e64a\"},\"headline\":\"US-Regierung\u00a0erkl\u00e4rt\u00a0Nigeria\u00a0zu\u00a0einem\u00a0Land von besonderer Sorge\u00a0\",\"datePublished\":\"2025-11-01T09:49:18+00:00\",\"dateModified\":\"2025-11-12T11:58:21+00:00\",\"mainEntityOfPage\":{\"@id\":\"https:\\\/\\\/adfinternational.org\\\/de\\\/news\\\/us-regierungerklaertnigeriazueinemland-von-besonderer-sorge\"},\"wordCount\":1037,\"publisher\":{\"@id\":\"https:\\\/\\\/adfinternational.org\\\/de\\\/#organization\"},\"image\":{\"@id\":\"https:\\\/\\\/adfinternational.org\\\/de\\\/news\\\/us-regierungerklaertnigeriazueinemland-von-besonderer-sorge#primaryimage\"},\"thumbnailUrl\":\"https:\\\/\\\/adfinternational.org\\\/wp-content\\\/uploads\\\/2025\\\/06\\\/nigeria.png\",\"keywords\":[\"Christenverfolgung\",\"DE\",\"Nigeria\",\"Sean Nelson\"],\"articleSection\":[\"News\"],\"inLanguage\":\"de-DE\"},{\"@type\":\"WebPage\",\"@id\":\"https:\\\/\\\/adfinternational.org\\\/de\\\/news\\\/us-regierungerklaertnigeriazueinemland-von-besonderer-sorge\",\"url\":\"https:\\\/\\\/adfinternational.org\\\/de\\\/news\\\/us-regierungerklaertnigeriazueinemland-von-besonderer-sorge\",\"name\":\"US-Regierung\u00a0erkl\u00e4rt\u00a0Nigeria\u00a0zu\u00a0einem\u00a0Land von besonderer Sorge\u00a0 - ADF International\",\"isPartOf\":{\"@id\":\"https:\\\/\\\/adfinternational.org\\\/de\\\/#website\"},\"primaryImageOfPage\":{\"@id\":\"https:\\\/\\\/adfinternational.org\\\/de\\\/news\\\/us-regierungerklaertnigeriazueinemland-von-besonderer-sorge#primaryimage\"},\"image\":{\"@id\":\"https:\\\/\\\/adfinternational.org\\\/de\\\/news\\\/us-regierungerklaertnigeriazueinemland-von-besonderer-sorge#primaryimage\"},\"thumbnailUrl\":\"https:\\\/\\\/adfinternational.org\\\/wp-content\\\/uploads\\\/2025\\\/06\\\/nigeria.png\",\"datePublished\":\"2025-11-01T09:49:18+00:00\",\"dateModified\":\"2025-11-12T11:58:21+00:00\",\"description\":\"Die US-Regierung hat offiziell angek\u00fcndigt, Ma\u00dfnahmen zu ergreifen, um die massenhafte Verfolgung von Christen in Nigeria zu bek\u00e4mpfen und erkl\u00e4rte das Christentum dort f\u00fcr \u201cexistenziell bedroht\u201d\",\"breadcrumb\":{\"@id\":\"https:\\\/\\\/adfinternational.org\\\/de\\\/news\\\/us-regierungerklaertnigeriazueinemland-von-besonderer-sorge#breadcrumb\"},\"inLanguage\":\"de-DE\",\"potentialAction\":[{\"@type\":\"ReadAction\",\"target\":[\"https:\\\/\\\/adfinternational.org\\\/de\\\/news\\\/us-regierungerklaertnigeriazueinemland-von-besonderer-sorge\"]}]},{\"@type\":\"ImageObject\",\"inLanguage\":\"de-DE\",\"@id\":\"https:\\\/\\\/adfinternational.org\\\/de\\\/news\\\/us-regierungerklaertnigeriazueinemland-von-besonderer-sorge#primaryimage\",\"url\":\"https:\\\/\\\/adfinternational.org\\\/wp-content\\\/uploads\\\/2025\\\/06\\\/nigeria.png\",\"contentUrl\":\"https:\\\/\\\/adfinternational.org\\\/wp-content\\\/uploads\\\/2025\\\/06\\\/nigeria.png\",\"width\":555,\"height\":403,\"caption\":\"Nigeria\"},{\"@type\":\"BreadcrumbList\",\"@id\":\"https:\\\/\\\/adfinternational.org\\\/de\\\/news\\\/us-regierungerklaertnigeriazueinemland-von-besonderer-sorge#breadcrumb\",\"itemListElement\":[{\"@type\":\"ListItem\",\"position\":1,\"name\":\"Home\",\"item\":\"https:\\\/\\\/adfinternational.org\\\/de\"},{\"@type\":\"ListItem\",\"position\":2,\"name\":\"US-Regierung\u00a0erkl\u00e4rt\u00a0Nigeria\u00a0zu\u00a0einem\u00a0Land von besonderer Sorge\u00a0\"}]},{\"@type\":\"WebSite\",\"@id\":\"https:\\\/\\\/adfinternational.org\\\/de\\\/#website\",\"url\":\"https:\\\/\\\/adfinternational.org\\\/de\\\/\",\"name\":\"ADF International\",\"description\":\"Protecting Fundamental Freedoms. Promoting Inherent Dignity.\",\"publisher\":{\"@id\":\"https:\\\/\\\/adfinternational.org\\\/de\\\/#organization\"},\"potentialAction\":[{\"@type\":\"SearchAction\",\"target\":{\"@type\":\"EntryPoint\",\"urlTemplate\":\"https:\\\/\\\/adfinternational.org\\\/de\\\/?s={search_term_string}\"},\"query-input\":{\"@type\":\"PropertyValueSpecification\",\"valueRequired\":true,\"valueName\":\"search_term_string\"}}],\"inLanguage\":\"de-DE\"},{\"@type\":\"Organization\",\"@id\":\"https:\\\/\\\/adfinternational.org\\\/de\\\/#organization\",\"name\":\"Alliance Defending Freedom International\",\"url\":\"https:\\\/\\\/adfinternational.org\\\/de\\\/\",\"logo\":{\"@type\":\"ImageObject\",\"inLanguage\":\"de-DE\",\"@id\":\"https:\\\/\\\/adfinternational.org\\\/de\\\/#\\\/schema\\\/logo\\\/image\\\/\",\"url\":\"https:\\\/\\\/adfinternational.org\\\/wp-content\\\/uploads\\\/2021\\\/08\\\/ADF_Intl_R_RGB_175px.png\",\"contentUrl\":\"https:\\\/\\\/adfinternational.org\\\/wp-content\\\/uploads\\\/2021\\\/08\\\/ADF_Intl_R_RGB_175px.png\",\"width\":175,\"height\":106,\"caption\":\"Alliance Defending Freedom International\"},\"image\":{\"@id\":\"https:\\\/\\\/adfinternational.org\\\/de\\\/#\\\/schema\\\/logo\\\/image\\\/\"},\"sameAs\":[\"https:\\\/\\\/facebook.com\\\/adfinternational\",\"https:\\\/\\\/x.com\\\/adfintl\",\"https:\\\/\\\/www.linkedin.com\\\/company\\\/adfinternational\",\"https:\\\/\\\/www.instagram.com\\\/adfinternational\\\/\"]},{\"@type\":\"Person\",\"@id\":\"https:\\\/\\\/adfinternational.org\\\/de\\\/#\\\/schema\\\/person\\\/ba89e48d7dae1101eafc4131fa60e64a\",\"name\":\"Paul Sapper\",\"image\":{\"@type\":\"ImageObject\",\"inLanguage\":\"de-DE\",\"@id\":\"https:\\\/\\\/adfinternational.org\\\/wp-content\\\/uploads\\\/2021\\\/05\\\/Paul_Sapper_400x400-2-150x150.webp\",\"url\":\"https:\\\/\\\/adfinternational.org\\\/wp-content\\\/uploads\\\/2021\\\/05\\\/Paul_Sapper_400x400-2-150x150.webp\",\"contentUrl\":\"https:\\\/\\\/adfinternational.org\\\/wp-content\\\/uploads\\\/2021\\\/05\\\/Paul_Sapper_400x400-2-150x150.webp\",\"caption\":\"Paul Sapper\"},\"url\":\"https:\\\/\\\/adfinternational.org\\\/de\\\/author\\\/psapper\"}]}<\/script>\n<!-- \/ Yoast SEO Premium plugin. -->","yoast_head_json":{"title":"US-Regierung\u00a0erkl\u00e4rt\u00a0Nigeria\u00a0zu\u00a0einem\u00a0Land von besonderer Sorge\u00a0 - ADF International","description":"Die US-Regierung hat offiziell angek\u00fcndigt, Ma\u00dfnahmen zu ergreifen, um die massenhafte Verfolgung von Christen in Nigeria zu bek\u00e4mpfen und erkl\u00e4rte das Christentum dort f\u00fcr \u201cexistenziell bedroht\u201d","robots":{"index":"index","follow":"follow","max-snippet":"max-snippet:-1","max-image-preview":"max-image-preview:large","max-video-preview":"max-video-preview:-1"},"canonical":"https:\/\/adfinternational.org\/de\/news\/us-regierungerklaertnigeriazueinemland-von-besonderer-sorge","og_locale":"de_DE","og_type":"article","og_title":"US-Regierung\u00a0erkl\u00e4rt\u00a0Nigeria\u00a0zu\u00a0einem\u00a0Land von besonderer Sorge\u00a0 US-Regierung erkl\u00e4rt Nigeria zu einem Land von besonderer Sorge","og_description":"Die US-Regierung hat offiziell angek\u00fcndigt, Ma\u00dfnahmen zu ergreifen, um die massenhafte Verfolgung von Christen in Nigeria zu bek\u00e4mpfen und erkl\u00e4rte das Christentum dort f\u00fcr \u201cexistenziell bedroht\u201d","og_url":"https:\/\/adfinternational.org\/de\/news\/us-regierungerklaertnigeriazueinemland-von-besonderer-sorge","og_site_name":"ADF International","article_publisher":"https:\/\/facebook.com\/adfinternational","article_published_time":"2025-11-01T09:49:18+00:00","article_modified_time":"2025-11-12T11:58:21+00:00","og_image":[{"width":555,"height":403,"url":"https:\/\/adfinternational.org\/wp-content\/uploads\/2025\/06\/nigeria.png","type":"image\/png"}],"author":"Paul Sapper","twitter_card":"summary_large_image","twitter_title":"US-Regierung\u00a0erkl\u00e4rt\u00a0Nigeria\u00a0zu\u00a0einem\u00a0Land von besonderer Sorge\u00a0 US-Regierung erkl\u00e4rt Nigeria zu einem Land von besonderer Sorge","twitter_description":"Die US-Regierung hat offiziell angek\u00fcndigt, Ma\u00dfnahmen zu ergreifen, um die massenhafte Verfolgung von Christen in Nigeria zu bek\u00e4mpfen und erkl\u00e4rte das Christentum dort f\u00fcr \u201cexistenziell bedroht\u201d","twitter_creator":"@adfintl","twitter_site":"@adfintl","twitter_misc":{"Verfasst von":"Paul Sapper","Gesch\u00e4tzte Lesezeit":"6 Minuten"},"schema":{"@context":"https:\/\/schema.org","@graph":[{"@type":"Article","@id":"https:\/\/adfinternational.org\/de\/news\/us-regierungerklaertnigeriazueinemland-von-besonderer-sorge#article","isPartOf":{"@id":"https:\/\/adfinternational.org\/de\/news\/us-regierungerklaertnigeriazueinemland-von-besonderer-sorge"},"author":{"name":"Paul Sapper","@id":"https:\/\/adfinternational.org\/de\/#\/schema\/person\/ba89e48d7dae1101eafc4131fa60e64a"},"headline":"US-Regierung\u00a0erkl\u00e4rt\u00a0Nigeria\u00a0zu\u00a0einem\u00a0Land von besonderer Sorge\u00a0","datePublished":"2025-11-01T09:49:18+00:00","dateModified":"2025-11-12T11:58:21+00:00","mainEntityOfPage":{"@id":"https:\/\/adfinternational.org\/de\/news\/us-regierungerklaertnigeriazueinemland-von-besonderer-sorge"},"wordCount":1037,"publisher":{"@id":"https:\/\/adfinternational.org\/de\/#organization"},"image":{"@id":"https:\/\/adfinternational.org\/de\/news\/us-regierungerklaertnigeriazueinemland-von-besonderer-sorge#primaryimage"},"thumbnailUrl":"https:\/\/adfinternational.org\/wp-content\/uploads\/2025\/06\/nigeria.png","keywords":["Christenverfolgung","DE","Nigeria","Sean Nelson"],"articleSection":["News"],"inLanguage":"de-DE"},{"@type":"WebPage","@id":"https:\/\/adfinternational.org\/de\/news\/us-regierungerklaertnigeriazueinemland-von-besonderer-sorge","url":"https:\/\/adfinternational.org\/de\/news\/us-regierungerklaertnigeriazueinemland-von-besonderer-sorge","name":"US-Regierung\u00a0erkl\u00e4rt\u00a0Nigeria\u00a0zu\u00a0einem\u00a0Land von besonderer Sorge\u00a0 - ADF International","isPartOf":{"@id":"https:\/\/adfinternational.org\/de\/#website"},"primaryImageOfPage":{"@id":"https:\/\/adfinternational.org\/de\/news\/us-regierungerklaertnigeriazueinemland-von-besonderer-sorge#primaryimage"},"image":{"@id":"https:\/\/adfinternational.org\/de\/news\/us-regierungerklaertnigeriazueinemland-von-besonderer-sorge#primaryimage"},"thumbnailUrl":"https:\/\/adfinternational.org\/wp-content\/uploads\/2025\/06\/nigeria.png","datePublished":"2025-11-01T09:49:18+00:00","dateModified":"2025-11-12T11:58:21+00:00","description":"Die US-Regierung hat offiziell angek\u00fcndigt, Ma\u00dfnahmen zu ergreifen, um die massenhafte Verfolgung von Christen in Nigeria zu bek\u00e4mpfen und erkl\u00e4rte das Christentum dort f\u00fcr \u201cexistenziell bedroht\u201d","breadcrumb":{"@id":"https:\/\/adfinternational.org\/de\/news\/us-regierungerklaertnigeriazueinemland-von-besonderer-sorge#breadcrumb"},"inLanguage":"de-DE","potentialAction":[{"@type":"ReadAction","target":["https:\/\/adfinternational.org\/de\/news\/us-regierungerklaertnigeriazueinemland-von-besonderer-sorge"]}]},{"@type":"ImageObject","inLanguage":"de-DE","@id":"https:\/\/adfinternational.org\/de\/news\/us-regierungerklaertnigeriazueinemland-von-besonderer-sorge#primaryimage","url":"https:\/\/adfinternational.org\/wp-content\/uploads\/2025\/06\/nigeria.png","contentUrl":"https:\/\/adfinternational.org\/wp-content\/uploads\/2025\/06\/nigeria.png","width":555,"height":403,"caption":"Nigeria"},{"@type":"BreadcrumbList","@id":"https:\/\/adfinternational.org\/de\/news\/us-regierungerklaertnigeriazueinemland-von-besonderer-sorge#breadcrumb","itemListElement":[{"@type":"ListItem","position":1,"name":"Home","item":"https:\/\/adfinternational.org\/de"},{"@type":"ListItem","position":2,"name":"US-Regierung\u00a0erkl\u00e4rt\u00a0Nigeria\u00a0zu\u00a0einem\u00a0Land von besonderer Sorge\u00a0"}]},{"@type":"WebSite","@id":"https:\/\/adfinternational.org\/de\/#website","url":"https:\/\/adfinternational.org\/de\/","name":"ADF International","description":"Protecting Fundamental Freedoms. Promoting Inherent Dignity.","publisher":{"@id":"https:\/\/adfinternational.org\/de\/#organization"},"potentialAction":[{"@type":"SearchAction","target":{"@type":"EntryPoint","urlTemplate":"https:\/\/adfinternational.org\/de\/?s={search_term_string}"},"query-input":{"@type":"PropertyValueSpecification","valueRequired":true,"valueName":"search_term_string"}}],"inLanguage":"de-DE"},{"@type":"Organization","@id":"https:\/\/adfinternational.org\/de\/#organization","name":"Alliance Defending Freedom International","url":"https:\/\/adfinternational.org\/de\/","logo":{"@type":"ImageObject","inLanguage":"de-DE","@id":"https:\/\/adfinternational.org\/de\/#\/schema\/logo\/image\/","url":"https:\/\/adfinternational.org\/wp-content\/uploads\/2021\/08\/ADF_Intl_R_RGB_175px.png","contentUrl":"https:\/\/adfinternational.org\/wp-content\/uploads\/2021\/08\/ADF_Intl_R_RGB_175px.png","width":175,"height":106,"caption":"Alliance Defending Freedom International"},"image":{"@id":"https:\/\/adfinternational.org\/de\/#\/schema\/logo\/image\/"},"sameAs":["https:\/\/facebook.com\/adfinternational","https:\/\/x.com\/adfintl","https:\/\/www.linkedin.com\/company\/adfinternational","https:\/\/www.instagram.com\/adfinternational\/"]},{"@type":"Person","@id":"https:\/\/adfinternational.org\/de\/#\/schema\/person\/ba89e48d7dae1101eafc4131fa60e64a","name":"Paul Sapper","image":{"@type":"ImageObject","inLanguage":"de-DE","@id":"https:\/\/adfinternational.org\/wp-content\/uploads\/2021\/05\/Paul_Sapper_400x400-2-150x150.webp","url":"https:\/\/adfinternational.org\/wp-content\/uploads\/2021\/05\/Paul_Sapper_400x400-2-150x150.webp","contentUrl":"https:\/\/adfinternational.org\/wp-content\/uploads\/2021\/05\/Paul_Sapper_400x400-2-150x150.webp","caption":"Paul Sapper"},"url":"https:\/\/adfinternational.org\/de\/author\/psapper"}]}},"_links":{"self":[{"href":"https:\/\/adfinternational.org\/de\/wp-json\/wp\/v2\/posts\/79772","targetHints":{"allow":["GET"]}}],"collection":[{"href":"https:\/\/adfinternational.org\/de\/wp-json\/wp\/v2\/posts"}],"about":[{"href":"https:\/\/adfinternational.org\/de\/wp-json\/wp\/v2\/types\/post"}],"author":[{"embeddable":true,"href":"https:\/\/adfinternational.org\/de\/wp-json\/wp\/v2\/users\/163"}],"replies":[{"embeddable":true,"href":"https:\/\/adfinternational.org\/de\/wp-json\/wp\/v2\/comments?post=79772"}],"version-history":[{"count":0,"href":"https:\/\/adfinternational.org\/de\/wp-json\/wp\/v2\/posts\/79772\/revisions"}],"wp:featuredmedia":[{"embeddable":true,"href":"https:\/\/adfinternational.org\/de\/wp-json\/wp\/v2\/media\/74723"}],"wp:attachment":[{"href":"https:\/\/adfinternational.org\/de\/wp-json\/wp\/v2\/media?parent=79772"}],"wp:term":[{"taxonomy":"category","embeddable":true,"href":"https:\/\/adfinternational.org\/de\/wp-json\/wp\/v2\/categories?post=79772"},{"taxonomy":"post_tag","embeddable":true,"href":"https:\/\/adfinternational.org\/de\/wp-json\/wp\/v2\/tags?post=79772"}],"curies":[{"name":"wp","href":"https:\/\/api.w.org\/{rel}","templated":true}]}}