{"id":82129,"date":"2025-12-16T14:23:51","date_gmt":"2025-12-16T13:23:51","guid":{"rendered":"https:\/\/adfinternational.org\/?p=82129"},"modified":"2025-12-17T11:42:23","modified_gmt":"2025-12-17T10:42:23","slug":"sexualpaedagogik-als-europaeisches-streitthema-was-eltern-jetzt-wissen-muessen","status":"publish","type":"post","link":"https:\/\/adfinternational.org\/de\/kommentar\/sexualpaedagogik-als-europaeisches-streitthema-was-eltern-jetzt-wissen-muessen","title":{"rendered":"Sexualp\u00e4dagogik als europ\u00e4isches Streitthema \u2013 Was Eltern jetzt wissen m\u00fcssen"},"content":{"rendered":"\t\t<div data-elementor-type=\"wp-post\" data-elementor-id=\"82129\" class=\"elementor elementor-82129\" data-elementor-post-type=\"post\">\n\t\t\t\t\t\t<section class=\"elementor-section elementor-top-section elementor-element elementor-element-1ed83c6 elementor-section-boxed elementor-section-height-default elementor-section-height-default\" data-id=\"1ed83c6\" data-element_type=\"section\" data-e-type=\"section\">\n\t\t\t\t\t\t<div class=\"elementor-container elementor-column-gap-default\">\n\t\t\t\t\t<div class=\"elementor-column elementor-col-100 elementor-top-column elementor-element elementor-element-5f3e10e\" data-id=\"5f3e10e\" data-element_type=\"column\" data-e-type=\"column\">\n\t\t\t<div class=\"elementor-widget-wrap elementor-element-populated\">\n\t\t\t\t\t\t<div class=\"elementor-element elementor-element-673ec41 elementor-author-box--layout-image-left elementor-author-box--align-left elementor-widget elementor-widget-author-box\" data-id=\"673ec41\" data-element_type=\"widget\" data-e-type=\"widget\" data-widget_type=\"author-box.default\">\n\t\t\t\t<div class=\"elementor-widget-container\">\n\t\t\t\t\t\t\t<div class=\"elementor-author-box\">\n\t\t\t\t\t\t\t<div  class=\"elementor-author-box__avatar\">\n\t\t\t\t\t<img decoding=\"async\" src=\"https:\/\/adfinternational.org\/wp-content\/uploads\/2025\/12\/Laura_400x400-300x300.webp\" alt=\"Bild von Laura Henckel-Donnersmark\" loading=\"lazy\">\n\t\t\t\t<\/div>\n\t\t\t\n\t\t\t<div class=\"elementor-author-box__text\">\n\t\t\t\t\t\t\t\t\t<div >\n\t\t\t\t\t\t<span class=\"elementor-author-box__name\">\n\t\t\t\t\t\t\tLaura Henckel-Donnersmark\t\t\t\t\t\t<\/span>\n\t\t\t\t\t<\/div>\n\t\t\t\t\n\t\t\t\t\n\t\t\t\t\t\t\t<\/div>\n\t\t<\/div>\n\t\t\t\t\t\t<\/div>\n\t\t\t\t<\/div>\n\t\t\t\t\t<\/div>\n\t\t<\/div>\n\t\t\t\t\t<\/div>\n\t\t<\/section>\n\t\t\t\t<section class=\"elementor-section elementor-top-section elementor-element elementor-element-60b4ea5 elementor-section-boxed elementor-section-height-default elementor-section-height-default\" data-id=\"60b4ea5\" data-element_type=\"section\" data-e-type=\"section\">\n\t\t\t\t\t\t<div class=\"elementor-container elementor-column-gap-default\">\n\t\t\t\t\t<div class=\"elementor-column elementor-col-100 elementor-top-column elementor-element elementor-element-f963ef6\" data-id=\"f963ef6\" data-element_type=\"column\" data-e-type=\"column\">\n\t\t\t<div class=\"elementor-widget-wrap elementor-element-populated\">\n\t\t\t\t\t\t<div class=\"elementor-element elementor-element-e3e9e6f elementor-widget elementor-widget-image\" data-id=\"e3e9e6f\" data-element_type=\"widget\" data-e-type=\"widget\" data-widget_type=\"image.default\">\n\t\t\t\t<div class=\"elementor-widget-container\">\n\t\t\t\t\t\t\t\t\t\t\t\t\t\t\t<img fetchpriority=\"high\" decoding=\"async\" width=\"1024\" height=\"655\" src=\"https:\/\/adfinternational.org\/wp-content\/uploads\/2024\/05\/parental_rights_hero-1024x655.webp\" class=\"attachment-large size-large wp-image-49136\" alt=\"\" srcset=\"https:\/\/adfinternational.org\/wp-content\/uploads\/2024\/05\/parental_rights_hero-1024x655.webp 1024w, https:\/\/adfinternational.org\/wp-content\/uploads\/2024\/05\/parental_rights_hero-300x192.webp 300w, https:\/\/adfinternational.org\/wp-content\/uploads\/2024\/05\/parental_rights_hero-768x491.webp 768w, https:\/\/adfinternational.org\/wp-content\/uploads\/2024\/05\/parental_rights_hero.webp 1127w\" sizes=\"(max-width: 1024px) 100vw, 1024px\" \/>\t\t\t\t\t\t\t\t\t\t\t\t\t\t\t<\/div>\n\t\t\t\t<\/div>\n\t\t\t\t\t<\/div>\n\t\t<\/div>\n\t\t\t\t\t<\/div>\n\t\t<\/section>\n\t\t\t\t<section class=\"elementor-section elementor-top-section elementor-element elementor-element-3f80741 elementor-section-boxed elementor-section-height-default elementor-section-height-default\" data-id=\"3f80741\" data-element_type=\"section\" data-e-type=\"section\">\n\t\t\t\t\t\t<div class=\"elementor-container elementor-column-gap-default\">\n\t\t\t\t\t<div class=\"elementor-column elementor-col-100 elementor-top-column elementor-element elementor-element-eb99bc0\" data-id=\"eb99bc0\" data-element_type=\"column\" data-e-type=\"column\">\n\t\t\t<div class=\"elementor-widget-wrap elementor-element-populated\">\n\t\t\t\t\t\t<div class=\"elementor-element elementor-element-a097e8e elementor-widget elementor-widget-text-editor\" data-id=\"a097e8e\" data-element_type=\"widget\" data-e-type=\"widget\" data-widget_type=\"text-editor.default\">\n\t\t\t\t<div class=\"elementor-widget-container\">\n\t\t\t\t\t\t\t\t\t<p>Eltern wollen vor allem eines: dass ihre Kinder gesch\u00fctzt aufwachsen und altersgerecht begleitet werden, besonders bei sensiblen Themen wie Sexualit\u00e4t. Doch gerade hier erleben viele Eltern Verunsicherung. Wie viel Aufkl\u00e4rung ist in welchem Alter richtig? Wer entscheidet dar\u00fcber? Und welche Rolle spielen Eltern, Schulen und staatliche Stellen?<\/p><p>ADF International setzt sich daf\u00fcr ein, dass das Wohl der Kinder und die Rechte der Eltern an erster Stelle stehen. Aus diesem Grund hat ADF International dem UNO-Hochkommissariat f\u00fcr Menschenrechte (OHCHR) eine schriftliche Stellungnahme \u00fcbermittelt. Darin wird die aktuelle Entwicklung in \u00d6sterreich kritisch beleuchtet, insbesondere die Einf\u00fchrung einer umfassenden Sexualerziehung (Comprehensive Sexuality Education, CSE), die sich auf die angeblichen \u201eStandards der Vereinten Nationen\u201c st\u00fctzt.<\/p>\t\t\t\t\t\t\t\t<\/div>\n\t\t\t\t<\/div>\n\t\t\t\t\t<\/div>\n\t\t<\/div>\n\t\t\t\t\t<\/div>\n\t\t<\/section>\n\t\t\t\t<section class=\"elementor-section elementor-top-section elementor-element elementor-element-8f3af79 elementor-section-boxed elementor-section-height-default elementor-section-height-default\" data-id=\"8f3af79\" data-element_type=\"section\" data-e-type=\"section\">\n\t\t\t\t\t\t<div class=\"elementor-container elementor-column-gap-default\">\n\t\t\t\t\t<div class=\"elementor-column elementor-col-100 elementor-top-column elementor-element elementor-element-89fd4bc\" data-id=\"89fd4bc\" data-element_type=\"column\" data-e-type=\"column\">\n\t\t\t<div class=\"elementor-widget-wrap elementor-element-populated\">\n\t\t\t\t\t\t<div class=\"elementor-element elementor-element-2fc0e65 elementor-widget elementor-widget-heading\" data-id=\"2fc0e65\" data-element_type=\"widget\" data-e-type=\"widget\" data-widget_type=\"heading.default\">\n\t\t\t\t<div class=\"elementor-widget-container\">\n\t\t\t\t\t<h2 class=\"elementor-heading-title elementor-size-default\">Was sich in \u00d6sterreichs Schulen gerade ver\u00e4ndert <\/h2>\t\t\t\t<\/div>\n\t\t\t\t<\/div>\n\t\t\t\t<div class=\"elementor-element elementor-element-625cd8c elementor-widget elementor-widget-text-editor\" data-id=\"625cd8c\" data-element_type=\"widget\" data-e-type=\"widget\" data-widget_type=\"text-editor.default\">\n\t\t\t\t<div class=\"elementor-widget-container\">\n\t\t\t\t\t\t\t\t\t<p>Mit den 2023 Lehrpl\u00e4nen, wurde festgelegt, dass sich Sexualerziehung k\u00fcnftig ausdr\u00fccklich an den WHO-Standards f\u00fcr Sexualaufkl\u00e4rung in Europa orientieren soll. Diese Standards basieren wiederum auf der International Technical Guidance on Sexuality Education (ITGSE) verschiedener UN-Organisationen. Obwohl diese Dokumente h\u00e4ufig als \u201eUN-Standards\u201c pr\u00e4sentiert werden, wurden sie weder offiziell von den UN-Mitgliedstaaten beschlossen noch weltweit einvernehmlich angenommen.<\/p><p>In ihrer schriftlichen Stellungnahme kritisiert ADF International, dass die ITGSE-Leitlinien, anstatt die k\u00f6rperliche und geistige Gesundheit von Kindern durch die F\u00f6rderung einer sp\u00e4teren ersten sexuellen Erfahrung zu sch\u00fctzen, risikoreiches Sexualverhalten normalisiert und sogar f\u00f6rdern und dabei unangemessen in die Entwicklung des Kindes und die Rechte und Pflichten der Eltern oder Erziehungsberechtigten eingreifen.<\/p>\t\t\t\t\t\t\t\t<\/div>\n\t\t\t\t<\/div>\n\t\t\t\t<div class=\"elementor-element elementor-element-7cdeefd elementor-widget elementor-widget-heading\" data-id=\"7cdeefd\" data-element_type=\"widget\" data-e-type=\"widget\" data-widget_type=\"heading.default\">\n\t\t\t\t<div class=\"elementor-widget-container\">\n\t\t\t\t\t<h2 class=\"elementor-heading-title elementor-size-default\">Wenn Theorie den Klassenraum erreicht: ein Fall aus Ober\u00f6sterreich <\/h2>\t\t\t\t<\/div>\n\t\t\t\t<\/div>\n\t\t\t\t<div class=\"elementor-element elementor-element-6abe077 elementor-widget elementor-widget-text-editor\" data-id=\"6abe077\" data-element_type=\"widget\" data-e-type=\"widget\" data-widget_type=\"text-editor.default\">\n\t\t\t\t<div class=\"elementor-widget-container\">\n\t\t\t\t\t\t\t\t\t<p>Im November 2023 kam es an einer Volksschule in Ober\u00f6sterreich zu einem beunruhigenden Vorfall, bei dem Eltern feststellten, dass die Unterrichtsmaterialien, die f\u00fcr Kinder im Alter von 8 bis 10 Jahren bestimmt waren, Inhalte zu Oralsex und einen Film mit sexuellen Szenen enthielten. Die Eltern berichteten, dass ihre Kinder nach dem Kontakt mit diesem Material verst\u00f6rt nach Hause kamen.<\/p><p>Auf wiederholte Nachfrage best\u00e4tigte das Bildungsministerium, dass B\u00fccher wie \u201eWie ist es mit der Liebe\u201c \u00f6sterreichweit in Volksschulbibliotheken zu finden sind. Darin hei\u00dft es unter anderem: \u201eDenkst du vielleicht, Sex ist nur was f\u00fcr Gro\u00dfe? Nein, nat\u00fcrlich nicht. Sex ist f\u00fcr alle da, f\u00fcr gro\u00dfe und kleine Menschen. Dicke, d\u00fcnne, schwarze, braune und wei\u00dfe Menschen. F\u00fcr alle Menschen und auch f\u00fcr junge, wie f\u00fcr dich.\u201c Dieses Buch ist f\u00fcr Kinder ab neun Jahren gedacht.<\/p><p>Bereits im Dezember 2023 wandten sich die betroffenen Eltern an ADF International. Dr. Felix B\u00f6llmann, Leiter der europ\u00e4ischen Rechtsabteilung, und Guillermo A. Morales Sancho arbeiten seitdem gemeinsam mit den Familien und unterst\u00fctzen diese.<\/p><p>\u201eEltern haben die Verantwortung und die Pflicht, ihre Kinder vor Schaden zu bewahren \u2013 das k\u00f6nnen sie nicht tun, wenn die Schule nicht einmal das Minimum ihrer Informationspflichten erf\u00fcllt\u201c, so Dr. B\u00f6llmann.<\/p>\t\t\t\t\t\t\t\t<\/div>\n\t\t\t\t<\/div>\n\t\t\t\t<div class=\"elementor-element elementor-element-8dbf2c8 elementor-widget elementor-widget-heading\" data-id=\"8dbf2c8\" data-element_type=\"widget\" data-e-type=\"widget\" data-widget_type=\"heading.default\">\n\t\t\t\t<div class=\"elementor-widget-container\">\n\t\t\t\t\t<h2 class=\"elementor-heading-title elementor-size-default\">Was das Recht sagt: Kindeswohl zuerst <\/h2>\t\t\t\t<\/div>\n\t\t\t\t<\/div>\n\t\t\t\t<div class=\"elementor-element elementor-element-e430fcd elementor-widget elementor-widget-text-editor\" data-id=\"e430fcd\" data-element_type=\"widget\" data-e-type=\"widget\" data-widget_type=\"text-editor.default\">\n\t\t\t\t<div class=\"elementor-widget-container\">\n\t\t\t\t\t\t\t\t\t<p>Was viele Eltern intuitiv f\u00fchlen, ist v\u00f6lkerrechtlich l\u00e4ngst festgeschrieben, denn \u00d6sterreich ist Vertragsstaat der VN-Kinderrechtskonvention (UN-KRK) und gem\u00e4\u00df Artikel 3 der VN-Kinderrechtskonvention ist \u201ebei allen Ma\u00dfnahmen, die Kinder betreffen, [&#8230;], das Wohl des Kindes ein Gesichtspunkt, der vorrangig zu ber\u00fccksichtigen ist.\u201d Dies umfasst Ma\u00dfnahmen \u201evon \u00f6ffentlichen oder privaten Einrichtungen der sozialen F\u00fcrsorge, Gerichten, Verwaltungsbeh\u00f6rden oder Gesetzgebungsorganen.\u201d<\/p><p>Gleichzeitig sch\u00fctzt das internationale Menschenrecht die zentrale Rolle der Eltern in der Erziehung. Artikel 18 des Internationaler Pakt \u00fcber b\u00fcrgerliche und politische Rechte (ICCPR) best\u00e4tigt, dass \u201cdie Vertragsstaaten sich verpflichten, die Freiheit der Eltern [&#8230;] zu achten, die religi\u00f6se und sittliche Erziehung ihrer Kinder in \u00dcbereinstimmung mit ihren eigenen \u00dcberzeugungen sicherzustellen.\u201d1 Die Allgemeine Erkl\u00e4rung der Menschenrechte garantiert Eltern zudem \u201cdas vorrangige Recht, die Art der Bildung zu w\u00e4hlen, die ihren Kindern zuteil werden soll.\u201d<\/p><p>Vor allem gibt es im V\u00f6lkerrecht keine staatliche Pflicht &#8211; meistens verkauft als Recht des Kindes &#8211; eine \u201eumfassende Sexualaufkl\u00e4rung\u201c zu unterrichten, und dennoch halten die globalen Richtlinien der UN fest, dass die Sexualaufkl\u00e4rung eines Kindes gemeinsam mit der normalen Schulbildung beginnen sollte<\/p>\t\t\t\t\t\t\t\t<\/div>\n\t\t\t\t<\/div>\n\t\t\t\t<div class=\"elementor-element elementor-element-6527690 elementor-widget elementor-widget-heading\" data-id=\"6527690\" data-element_type=\"widget\" data-e-type=\"widget\" data-widget_type=\"heading.default\">\n\t\t\t\t<div class=\"elementor-widget-container\">\n\t\t\t\t\t<h2 class=\"elementor-heading-title elementor-size-default\">Blick nach Deutschland: \u00e4hnliche Entwicklungen in Kitas und Schulen <\/h2>\t\t\t\t<\/div>\n\t\t\t\t<\/div>\n\t\t\t\t<div class=\"elementor-element elementor-element-24ee435 elementor-widget elementor-widget-text-editor\" data-id=\"24ee435\" data-element_type=\"widget\" data-e-type=\"widget\" data-widget_type=\"text-editor.default\">\n\t\t\t\t<div class=\"elementor-widget-container\">\n\t\t\t\t\t\t\t\t\t<p>Wie in \u00d6sterreich verschiebt sich auch in Deutschland die Sexualp\u00e4dagogik zunehmend aus dem privaten Raum der Familie in die Institutionen von Staat und Bildung. In \u00d6sterreich geschieht dies vor allem \u00fcber die neuen Lehrpl\u00e4ne, in Deutschland verl\u00e4uft die Entwicklung \u00fcber einen anderen Weg, f\u00fchrt aber in eine \u00e4hnliche Richtung: Mit dem Kinder- und Jugendst\u00e4rkungsgesetz von 2021 wurden Kitas und andere Einrichtungen der Kinder- und Jugendhilfe verpflichtet, Schutzkonzepte gegen Gewalt \u2013 einschlie\u00dflich sexualisierter Gewalt \u2013 zu entwickeln und umzusetzen. In vielen Kitas wurde Sexualp\u00e4dagogik damit zu einem festen Baustein des institutionellen Alltags.<\/p><p>In beiden L\u00e4ndern greifen Einrichtungen bei der Ausarbeitung von Konzepten h\u00e4ufig auf dieselben internationalen Referenzdokumente zur\u00fcck. Die WHO-Standards f\u00fcr Sexualaufkl\u00e4rung in Europa. In beiden L\u00e4ndern berichten Eltern, dass sie h\u00e4ufig erst im Nachhinein erfahren, welche Konzepte, Begriffe und Methoden in Schule oder Kita verwendet werden, obwohl es um hochsensible Themen geht.<\/p><p>So entsteht in beiden L\u00e4ndern ein \u00e4hnliches Bild: Sexualp\u00e4dagogik wird formal mit Kinderschutz und Pr\u00e4vention begr\u00fcndet, faktisch aber inhaltlich stark von internationalen Empfehlungen gepr\u00e4gt. Diese sind nicht demokratisch legitimiert oder rechtlich verbindlich und f\u00fchren oft dazu, dass Kinder mit verst\u00f6renden Inhalten, die nicht altersgerecht sind, konfrontiert werden.<\/p>\t\t\t\t\t\t\t\t<\/div>\n\t\t\t\t<\/div>\n\t\t\t\t<div class=\"elementor-element elementor-element-9e93d5c elementor-widget elementor-widget-heading\" data-id=\"9e93d5c\" data-element_type=\"widget\" data-e-type=\"widget\" data-widget_type=\"heading.default\">\n\t\t\t\t<div class=\"elementor-widget-container\">\n\t\t\t\t\t<h2 class=\"elementor-heading-title elementor-size-default\">Was Eltern jetzt wissen und tun sollten<\/h2>\t\t\t\t<\/div>\n\t\t\t\t<\/div>\n\t\t\t\t<div class=\"elementor-element elementor-element-7715771 elementor-widget elementor-widget-text-editor\" data-id=\"7715771\" data-element_type=\"widget\" data-e-type=\"widget\" data-widget_type=\"text-editor.default\">\n\t\t\t\t<div class=\"elementor-widget-container\">\n\t\t\t\t\t\t\t\t\t<p>Dabei gilt f\u00fcr \u00d6sterreich wie f\u00fcr Deutschland derselbe v\u00f6lkerrechtliche Rahmen: Eltern tragen die prim\u00e4re Verantwortung f\u00fcr die moralische und pers\u00f6nliche Erziehung ihrer Kinder. Staatliche Bildungssysteme sollen diese Verantwortung unterst\u00fctzen, aber nicht ersetzen. Entsprechend verpflichten internationale Abkommen die Staaten dazu, Unterricht so zu gestalten, dass das Wohl des Kindes Vorrang hat, der Entwicklungsstand ber\u00fccksichtigt wird, Kinder vor sch\u00e4dlichen Inhalten gesch\u00fctzt werden und Elternrechte gewahrt bleiben. Dazu geh\u00f6ren auch Transparenz und Mitspracherechte: Eltern sollten wissen, welche Inhalte im Unterricht geplant sind, welche Materialien verwendet werden und welche M\u00f6glichkeiten der Mitwirkung oder des Widerspruchs bestehen.<\/p><p>In einer Zeit wachsender Bildungs- und Kulturkonflikte stehen Eltern vor der Herausforderung, ihre Kinder gut zu begleiten und informierte Entscheidungen zu treffen. Sie haben Anspruch auf Klarheit und Respekt, und sie ben\u00f6tigen Zugang zu verl\u00e4sslichen Informationen, um das Wohl ihrer Kinder zu sch\u00fctzen und ihre Rolle als Erziehungsberechtigte wahrnehmen zu k\u00f6nnen.<\/p><p><b>Informieren Sie sich daher \u00fcber Ihre Rechte und die rechtlichen Grundlagen, um gut vorbereitet und selbstbewusst in den Austausch mit der Schule zu gehen.<\/b><\/p>\t\t\t\t\t\t\t\t<\/div>\n\t\t\t\t<\/div>\n\t\t\t\t\t<\/div>\n\t\t<\/div>\n\t\t\t\t\t<\/div>\n\t\t<\/section>\n\t\t\t\t<\/div>\n\t\t","protected":false},"excerpt":{"rendered":"<p>Eltern wollen vor allem eines: dass ihre Kinder gesch\u00fctzt aufwachsen und altersgerecht begleitet werden, besonders bei sensiblen Themen wie Sexualit\u00e4t. Doch gerade hier erleben viele Eltern Verunsicherung. Wie viel Aufkl\u00e4rung ist in welchem Alter richtig? Wer entscheidet dar\u00fcber? Und welche Rolle spielen Eltern, Schulen und staatliche Stellen?<\/p>\n","protected":false},"author":44,"featured_media":49136,"comment_status":"closed","ping_status":"closed","sticky":false,"template":"","format":"standard","meta":{"_acf_changed":false,"give_campaign_id":0,"footnotes":""},"categories":[1106],"tags":[949],"class_list":["post-82129","post","type-post","status-publish","format-standard","has-post-thumbnail","hentry","category-kommentar","tag-de"],"acf":[],"yoast_head":"<!-- This site is optimized with the Yoast SEO Premium plugin v27.4 (Yoast SEO v27.4) - https:\/\/yoast.com\/product\/yoast-seo-premium-wordpress\/ -->\n<title>Sexualp\u00e4dagogik als europ\u00e4isches Streitthema \u2013 Was Eltern jetzt wissen m\u00fcssen - ADF International<\/title>\n<meta name=\"description\" content=\"Eltern wollen vor allem eines: dass ihre Kinder gesch\u00fctzt aufwachsen und altersgerecht begleitet werden, besonders bei sensiblen Themen wie Sexualit\u00e4t. Doch gerade hier erleben viele Eltern Verunsicherung. Wie viel Aufkl\u00e4rung ist in welchem Alter richtig? Wer entscheidet dar\u00fcber? Und welche Rolle spielen Eltern, Schulen und staatliche Stellen?\" \/>\n<meta name=\"robots\" content=\"index, follow, max-snippet:-1, max-image-preview:large, max-video-preview:-1\" \/>\n<link rel=\"canonical\" href=\"https:\/\/adfinternational.org\/de\/kommentar\/sexualpaedagogik-als-europaeisches-streitthema-was-eltern-jetzt-wissen-muessen\" \/>\n<meta property=\"og:locale\" content=\"de_DE\" \/>\n<meta property=\"og:type\" content=\"article\" \/>\n<meta property=\"og:title\" content=\"Sexualp\u00e4dagogik als europ\u00e4isches Streitthema \u2013 Was Eltern jetzt wissen m\u00fcssen\" \/>\n<meta property=\"og:description\" content=\"Eltern wollen vor allem eines: dass ihre Kinder gesch\u00fctzt aufwachsen und altersgerecht begleitet werden, besonders bei sensiblen Themen wie Sexualit\u00e4t. Doch gerade hier erleben viele Eltern Verunsicherung. Wie viel Aufkl\u00e4rung ist in welchem Alter richtig? Wer entscheidet dar\u00fcber? Und welche Rolle spielen Eltern, Schulen und staatliche Stellen?\" \/>\n<meta property=\"og:url\" content=\"https:\/\/adfinternational.org\/de\/kommentar\/sexualpaedagogik-als-europaeisches-streitthema-was-eltern-jetzt-wissen-muessen\" \/>\n<meta property=\"og:site_name\" content=\"ADF International\" \/>\n<meta property=\"article:publisher\" content=\"https:\/\/facebook.com\/adfinternational\" \/>\n<meta property=\"article:published_time\" content=\"2025-12-16T13:23:51+00:00\" \/>\n<meta property=\"article:modified_time\" content=\"2025-12-17T10:42:23+00:00\" \/>\n<meta property=\"og:image\" content=\"https:\/\/adfinternational.org\/wp-content\/uploads\/2024\/05\/parental_rights_hero.webp\" \/>\n\t<meta property=\"og:image:width\" content=\"1127\" \/>\n\t<meta property=\"og:image:height\" content=\"721\" \/>\n\t<meta property=\"og:image:type\" content=\"image\/webp\" \/>\n<meta name=\"author\" content=\"Philipp Bues\" \/>\n<meta name=\"twitter:card\" content=\"summary_large_image\" \/>\n<meta name=\"twitter:title\" content=\"Sexualp\u00e4dagogik als europ\u00e4isches Streitthema \u2013 Was Eltern jetzt wissen m\u00fcssen Sexualp\u00e4dagogik als europ\u00e4isches Streitthema \u2013 Was Eltern jetzt wissen m\u00fcssen\" \/>\n<meta name=\"twitter:description\" content=\"Eltern wollen vor allem eines: dass ihre Kinder gesch\u00fctzt aufwachsen und altersgerecht begleitet werden, besonders bei sensiblen Themen wie Sexualit\u00e4t. Doch gerade hier erleben viele Eltern Verunsicherung. Wie viel Aufkl\u00e4rung ist in welchem Alter richtig? Wer entscheidet dar\u00fcber? Und welche Rolle spielen Eltern, Schulen und staatliche Stellen?\" \/>\n<meta name=\"twitter:creator\" content=\"@adfintl\" \/>\n<meta name=\"twitter:site\" content=\"@adfintl\" \/>\n<meta name=\"twitter:label1\" content=\"Verfasst von\" \/>\n\t<meta name=\"twitter:data1\" content=\"Philipp Bues\" \/>\n\t<meta name=\"twitter:label2\" content=\"Gesch\u00e4tzte Lesezeit\" \/>\n\t<meta name=\"twitter:data2\" content=\"6 Minuten\" \/>\n<script type=\"application\/ld+json\" class=\"yoast-schema-graph\">{\"@context\":\"https:\\\/\\\/schema.org\",\"@graph\":[{\"@type\":\"Article\",\"@id\":\"https:\\\/\\\/adfinternational.org\\\/de\\\/kommentar\\\/sexualpaedagogik-als-europaeisches-streitthema-was-eltern-jetzt-wissen-muessen#article\",\"isPartOf\":{\"@id\":\"https:\\\/\\\/adfinternational.org\\\/de\\\/kommentar\\\/sexualpaedagogik-als-europaeisches-streitthema-was-eltern-jetzt-wissen-muessen\"},\"author\":{\"name\":\"Philipp Bues\",\"@id\":\"https:\\\/\\\/adfinternational.org\\\/de\\\/#\\\/schema\\\/person\\\/6b776fc8535453c6aad8a6f9d78e6141\"},\"headline\":\"Sexualp\u00e4dagogik als europ\u00e4isches Streitthema \u2013 Was Eltern jetzt wissen m\u00fcssen\",\"datePublished\":\"2025-12-16T13:23:51+00:00\",\"dateModified\":\"2025-12-17T10:42:23+00:00\",\"mainEntityOfPage\":{\"@id\":\"https:\\\/\\\/adfinternational.org\\\/de\\\/kommentar\\\/sexualpaedagogik-als-europaeisches-streitthema-was-eltern-jetzt-wissen-muessen\"},\"wordCount\":1082,\"publisher\":{\"@id\":\"https:\\\/\\\/adfinternational.org\\\/de\\\/#organization\"},\"image\":{\"@id\":\"https:\\\/\\\/adfinternational.org\\\/de\\\/kommentar\\\/sexualpaedagogik-als-europaeisches-streitthema-was-eltern-jetzt-wissen-muessen#primaryimage\"},\"thumbnailUrl\":\"https:\\\/\\\/adfinternational.org\\\/wp-content\\\/uploads\\\/2024\\\/05\\\/parental_rights_hero.webp\",\"keywords\":[\"DE\"],\"articleSection\":[\"Kommentar\"],\"inLanguage\":\"de-DE\"},{\"@type\":\"WebPage\",\"@id\":\"https:\\\/\\\/adfinternational.org\\\/de\\\/kommentar\\\/sexualpaedagogik-als-europaeisches-streitthema-was-eltern-jetzt-wissen-muessen\",\"url\":\"https:\\\/\\\/adfinternational.org\\\/de\\\/kommentar\\\/sexualpaedagogik-als-europaeisches-streitthema-was-eltern-jetzt-wissen-muessen\",\"name\":\"Sexualp\u00e4dagogik als europ\u00e4isches Streitthema \u2013 Was Eltern jetzt wissen m\u00fcssen - ADF International\",\"isPartOf\":{\"@id\":\"https:\\\/\\\/adfinternational.org\\\/de\\\/#website\"},\"primaryImageOfPage\":{\"@id\":\"https:\\\/\\\/adfinternational.org\\\/de\\\/kommentar\\\/sexualpaedagogik-als-europaeisches-streitthema-was-eltern-jetzt-wissen-muessen#primaryimage\"},\"image\":{\"@id\":\"https:\\\/\\\/adfinternational.org\\\/de\\\/kommentar\\\/sexualpaedagogik-als-europaeisches-streitthema-was-eltern-jetzt-wissen-muessen#primaryimage\"},\"thumbnailUrl\":\"https:\\\/\\\/adfinternational.org\\\/wp-content\\\/uploads\\\/2024\\\/05\\\/parental_rights_hero.webp\",\"datePublished\":\"2025-12-16T13:23:51+00:00\",\"dateModified\":\"2025-12-17T10:42:23+00:00\",\"description\":\"Eltern wollen vor allem eines: dass ihre Kinder gesch\u00fctzt aufwachsen und altersgerecht begleitet werden, besonders bei sensiblen Themen wie Sexualit\u00e4t. Doch gerade hier erleben viele Eltern Verunsicherung. Wie viel Aufkl\u00e4rung ist in welchem Alter richtig? Wer entscheidet dar\u00fcber? Und welche Rolle spielen Eltern, Schulen und staatliche Stellen?\",\"breadcrumb\":{\"@id\":\"https:\\\/\\\/adfinternational.org\\\/de\\\/kommentar\\\/sexualpaedagogik-als-europaeisches-streitthema-was-eltern-jetzt-wissen-muessen#breadcrumb\"},\"inLanguage\":\"de-DE\",\"potentialAction\":[{\"@type\":\"ReadAction\",\"target\":[\"https:\\\/\\\/adfinternational.org\\\/de\\\/kommentar\\\/sexualpaedagogik-als-europaeisches-streitthema-was-eltern-jetzt-wissen-muessen\"]}]},{\"@type\":\"ImageObject\",\"inLanguage\":\"de-DE\",\"@id\":\"https:\\\/\\\/adfinternational.org\\\/de\\\/kommentar\\\/sexualpaedagogik-als-europaeisches-streitthema-was-eltern-jetzt-wissen-muessen#primaryimage\",\"url\":\"https:\\\/\\\/adfinternational.org\\\/wp-content\\\/uploads\\\/2024\\\/05\\\/parental_rights_hero.webp\",\"contentUrl\":\"https:\\\/\\\/adfinternational.org\\\/wp-content\\\/uploads\\\/2024\\\/05\\\/parental_rights_hero.webp\",\"width\":1127,\"height\":721},{\"@type\":\"BreadcrumbList\",\"@id\":\"https:\\\/\\\/adfinternational.org\\\/de\\\/kommentar\\\/sexualpaedagogik-als-europaeisches-streitthema-was-eltern-jetzt-wissen-muessen#breadcrumb\",\"itemListElement\":[{\"@type\":\"ListItem\",\"position\":1,\"name\":\"Home\",\"item\":\"https:\\\/\\\/adfinternational.org\\\/de\"},{\"@type\":\"ListItem\",\"position\":2,\"name\":\"Sexualp\u00e4dagogik als europ\u00e4isches Streitthema \u2013 Was Eltern jetzt wissen m\u00fcssen\"}]},{\"@type\":\"WebSite\",\"@id\":\"https:\\\/\\\/adfinternational.org\\\/de\\\/#website\",\"url\":\"https:\\\/\\\/adfinternational.org\\\/de\\\/\",\"name\":\"ADF International\",\"description\":\"Protecting Fundamental Freedoms. Promoting Inherent Dignity.\",\"publisher\":{\"@id\":\"https:\\\/\\\/adfinternational.org\\\/de\\\/#organization\"},\"potentialAction\":[{\"@type\":\"SearchAction\",\"target\":{\"@type\":\"EntryPoint\",\"urlTemplate\":\"https:\\\/\\\/adfinternational.org\\\/de\\\/?s={search_term_string}\"},\"query-input\":{\"@type\":\"PropertyValueSpecification\",\"valueRequired\":true,\"valueName\":\"search_term_string\"}}],\"inLanguage\":\"de-DE\"},{\"@type\":\"Organization\",\"@id\":\"https:\\\/\\\/adfinternational.org\\\/de\\\/#organization\",\"name\":\"Alliance Defending Freedom International\",\"url\":\"https:\\\/\\\/adfinternational.org\\\/de\\\/\",\"logo\":{\"@type\":\"ImageObject\",\"inLanguage\":\"de-DE\",\"@id\":\"https:\\\/\\\/adfinternational.org\\\/de\\\/#\\\/schema\\\/logo\\\/image\\\/\",\"url\":\"https:\\\/\\\/adfinternational.org\\\/wp-content\\\/uploads\\\/2021\\\/08\\\/ADF_Intl_R_RGB_175px.png\",\"contentUrl\":\"https:\\\/\\\/adfinternational.org\\\/wp-content\\\/uploads\\\/2021\\\/08\\\/ADF_Intl_R_RGB_175px.png\",\"width\":175,\"height\":106,\"caption\":\"Alliance Defending Freedom International\"},\"image\":{\"@id\":\"https:\\\/\\\/adfinternational.org\\\/de\\\/#\\\/schema\\\/logo\\\/image\\\/\"},\"sameAs\":[\"https:\\\/\\\/facebook.com\\\/adfinternational\",\"https:\\\/\\\/x.com\\\/adfintl\",\"https:\\\/\\\/www.linkedin.com\\\/company\\\/adfinternational\",\"https:\\\/\\\/www.instagram.com\\\/adfinternational\\\/\"]},{\"@type\":\"Person\",\"@id\":\"https:\\\/\\\/adfinternational.org\\\/de\\\/#\\\/schema\\\/person\\\/6b776fc8535453c6aad8a6f9d78e6141\",\"name\":\"Philipp Bues\",\"image\":{\"@type\":\"ImageObject\",\"inLanguage\":\"de-DE\",\"@id\":\"https:\\\/\\\/adfinternational.org\\\/wp-content\\\/uploads\\\/2025\\\/02\\\/Philipp-Bues-Headshot-150x150.jpg\",\"url\":\"https:\\\/\\\/adfinternational.org\\\/wp-content\\\/uploads\\\/2025\\\/02\\\/Philipp-Bues-Headshot-150x150.jpg\",\"contentUrl\":\"https:\\\/\\\/adfinternational.org\\\/wp-content\\\/uploads\\\/2025\\\/02\\\/Philipp-Bues-Headshot-150x150.jpg\",\"caption\":\"Philipp Bues\"},\"url\":\"https:\\\/\\\/adfinternational.org\\\/de\\\/author\\\/pbuesadfinternational-org\"}]}<\/script>\n<!-- \/ Yoast SEO Premium plugin. -->","yoast_head_json":{"title":"Sexualp\u00e4dagogik als europ\u00e4isches Streitthema \u2013 Was Eltern jetzt wissen m\u00fcssen - ADF International","description":"Eltern wollen vor allem eines: dass ihre Kinder gesch\u00fctzt aufwachsen und altersgerecht begleitet werden, besonders bei sensiblen Themen wie Sexualit\u00e4t. Doch gerade hier erleben viele Eltern Verunsicherung. Wie viel Aufkl\u00e4rung ist in welchem Alter richtig? Wer entscheidet dar\u00fcber? Und welche Rolle spielen Eltern, Schulen und staatliche Stellen?","robots":{"index":"index","follow":"follow","max-snippet":"max-snippet:-1","max-image-preview":"max-image-preview:large","max-video-preview":"max-video-preview:-1"},"canonical":"https:\/\/adfinternational.org\/de\/kommentar\/sexualpaedagogik-als-europaeisches-streitthema-was-eltern-jetzt-wissen-muessen","og_locale":"de_DE","og_type":"article","og_title":"Sexualp\u00e4dagogik als europ\u00e4isches Streitthema \u2013 Was Eltern jetzt wissen m\u00fcssen","og_description":"Eltern wollen vor allem eines: dass ihre Kinder gesch\u00fctzt aufwachsen und altersgerecht begleitet werden, besonders bei sensiblen Themen wie Sexualit\u00e4t. Doch gerade hier erleben viele Eltern Verunsicherung. Wie viel Aufkl\u00e4rung ist in welchem Alter richtig? Wer entscheidet dar\u00fcber? Und welche Rolle spielen Eltern, Schulen und staatliche Stellen?","og_url":"https:\/\/adfinternational.org\/de\/kommentar\/sexualpaedagogik-als-europaeisches-streitthema-was-eltern-jetzt-wissen-muessen","og_site_name":"ADF International","article_publisher":"https:\/\/facebook.com\/adfinternational","article_published_time":"2025-12-16T13:23:51+00:00","article_modified_time":"2025-12-17T10:42:23+00:00","og_image":[{"width":1127,"height":721,"url":"https:\/\/adfinternational.org\/wp-content\/uploads\/2024\/05\/parental_rights_hero.webp","type":"image\/webp"}],"author":"Philipp Bues","twitter_card":"summary_large_image","twitter_title":"Sexualp\u00e4dagogik als europ\u00e4isches Streitthema \u2013 Was Eltern jetzt wissen m\u00fcssen Sexualp\u00e4dagogik als europ\u00e4isches Streitthema \u2013 Was Eltern jetzt wissen m\u00fcssen","twitter_description":"Eltern wollen vor allem eines: dass ihre Kinder gesch\u00fctzt aufwachsen und altersgerecht begleitet werden, besonders bei sensiblen Themen wie Sexualit\u00e4t. Doch gerade hier erleben viele Eltern Verunsicherung. Wie viel Aufkl\u00e4rung ist in welchem Alter richtig? Wer entscheidet dar\u00fcber? Und welche Rolle spielen Eltern, Schulen und staatliche Stellen?","twitter_creator":"@adfintl","twitter_site":"@adfintl","twitter_misc":{"Verfasst von":"Philipp Bues","Gesch\u00e4tzte Lesezeit":"6 Minuten"},"schema":{"@context":"https:\/\/schema.org","@graph":[{"@type":"Article","@id":"https:\/\/adfinternational.org\/de\/kommentar\/sexualpaedagogik-als-europaeisches-streitthema-was-eltern-jetzt-wissen-muessen#article","isPartOf":{"@id":"https:\/\/adfinternational.org\/de\/kommentar\/sexualpaedagogik-als-europaeisches-streitthema-was-eltern-jetzt-wissen-muessen"},"author":{"name":"Philipp Bues","@id":"https:\/\/adfinternational.org\/de\/#\/schema\/person\/6b776fc8535453c6aad8a6f9d78e6141"},"headline":"Sexualp\u00e4dagogik als europ\u00e4isches Streitthema \u2013 Was Eltern jetzt wissen m\u00fcssen","datePublished":"2025-12-16T13:23:51+00:00","dateModified":"2025-12-17T10:42:23+00:00","mainEntityOfPage":{"@id":"https:\/\/adfinternational.org\/de\/kommentar\/sexualpaedagogik-als-europaeisches-streitthema-was-eltern-jetzt-wissen-muessen"},"wordCount":1082,"publisher":{"@id":"https:\/\/adfinternational.org\/de\/#organization"},"image":{"@id":"https:\/\/adfinternational.org\/de\/kommentar\/sexualpaedagogik-als-europaeisches-streitthema-was-eltern-jetzt-wissen-muessen#primaryimage"},"thumbnailUrl":"https:\/\/adfinternational.org\/wp-content\/uploads\/2024\/05\/parental_rights_hero.webp","keywords":["DE"],"articleSection":["Kommentar"],"inLanguage":"de-DE"},{"@type":"WebPage","@id":"https:\/\/adfinternational.org\/de\/kommentar\/sexualpaedagogik-als-europaeisches-streitthema-was-eltern-jetzt-wissen-muessen","url":"https:\/\/adfinternational.org\/de\/kommentar\/sexualpaedagogik-als-europaeisches-streitthema-was-eltern-jetzt-wissen-muessen","name":"Sexualp\u00e4dagogik als europ\u00e4isches Streitthema \u2013 Was Eltern jetzt wissen m\u00fcssen - ADF International","isPartOf":{"@id":"https:\/\/adfinternational.org\/de\/#website"},"primaryImageOfPage":{"@id":"https:\/\/adfinternational.org\/de\/kommentar\/sexualpaedagogik-als-europaeisches-streitthema-was-eltern-jetzt-wissen-muessen#primaryimage"},"image":{"@id":"https:\/\/adfinternational.org\/de\/kommentar\/sexualpaedagogik-als-europaeisches-streitthema-was-eltern-jetzt-wissen-muessen#primaryimage"},"thumbnailUrl":"https:\/\/adfinternational.org\/wp-content\/uploads\/2024\/05\/parental_rights_hero.webp","datePublished":"2025-12-16T13:23:51+00:00","dateModified":"2025-12-17T10:42:23+00:00","description":"Eltern wollen vor allem eines: dass ihre Kinder gesch\u00fctzt aufwachsen und altersgerecht begleitet werden, besonders bei sensiblen Themen wie Sexualit\u00e4t. Doch gerade hier erleben viele Eltern Verunsicherung. Wie viel Aufkl\u00e4rung ist in welchem Alter richtig? Wer entscheidet dar\u00fcber? Und welche Rolle spielen Eltern, Schulen und staatliche Stellen?","breadcrumb":{"@id":"https:\/\/adfinternational.org\/de\/kommentar\/sexualpaedagogik-als-europaeisches-streitthema-was-eltern-jetzt-wissen-muessen#breadcrumb"},"inLanguage":"de-DE","potentialAction":[{"@type":"ReadAction","target":["https:\/\/adfinternational.org\/de\/kommentar\/sexualpaedagogik-als-europaeisches-streitthema-was-eltern-jetzt-wissen-muessen"]}]},{"@type":"ImageObject","inLanguage":"de-DE","@id":"https:\/\/adfinternational.org\/de\/kommentar\/sexualpaedagogik-als-europaeisches-streitthema-was-eltern-jetzt-wissen-muessen#primaryimage","url":"https:\/\/adfinternational.org\/wp-content\/uploads\/2024\/05\/parental_rights_hero.webp","contentUrl":"https:\/\/adfinternational.org\/wp-content\/uploads\/2024\/05\/parental_rights_hero.webp","width":1127,"height":721},{"@type":"BreadcrumbList","@id":"https:\/\/adfinternational.org\/de\/kommentar\/sexualpaedagogik-als-europaeisches-streitthema-was-eltern-jetzt-wissen-muessen#breadcrumb","itemListElement":[{"@type":"ListItem","position":1,"name":"Home","item":"https:\/\/adfinternational.org\/de"},{"@type":"ListItem","position":2,"name":"Sexualp\u00e4dagogik als europ\u00e4isches Streitthema \u2013 Was Eltern jetzt wissen m\u00fcssen"}]},{"@type":"WebSite","@id":"https:\/\/adfinternational.org\/de\/#website","url":"https:\/\/adfinternational.org\/de\/","name":"ADF International","description":"Protecting Fundamental Freedoms. Promoting Inherent Dignity.","publisher":{"@id":"https:\/\/adfinternational.org\/de\/#organization"},"potentialAction":[{"@type":"SearchAction","target":{"@type":"EntryPoint","urlTemplate":"https:\/\/adfinternational.org\/de\/?s={search_term_string}"},"query-input":{"@type":"PropertyValueSpecification","valueRequired":true,"valueName":"search_term_string"}}],"inLanguage":"de-DE"},{"@type":"Organization","@id":"https:\/\/adfinternational.org\/de\/#organization","name":"Alliance Defending Freedom International","url":"https:\/\/adfinternational.org\/de\/","logo":{"@type":"ImageObject","inLanguage":"de-DE","@id":"https:\/\/adfinternational.org\/de\/#\/schema\/logo\/image\/","url":"https:\/\/adfinternational.org\/wp-content\/uploads\/2021\/08\/ADF_Intl_R_RGB_175px.png","contentUrl":"https:\/\/adfinternational.org\/wp-content\/uploads\/2021\/08\/ADF_Intl_R_RGB_175px.png","width":175,"height":106,"caption":"Alliance Defending Freedom International"},"image":{"@id":"https:\/\/adfinternational.org\/de\/#\/schema\/logo\/image\/"},"sameAs":["https:\/\/facebook.com\/adfinternational","https:\/\/x.com\/adfintl","https:\/\/www.linkedin.com\/company\/adfinternational","https:\/\/www.instagram.com\/adfinternational\/"]},{"@type":"Person","@id":"https:\/\/adfinternational.org\/de\/#\/schema\/person\/6b776fc8535453c6aad8a6f9d78e6141","name":"Philipp Bues","image":{"@type":"ImageObject","inLanguage":"de-DE","@id":"https:\/\/adfinternational.org\/wp-content\/uploads\/2025\/02\/Philipp-Bues-Headshot-150x150.jpg","url":"https:\/\/adfinternational.org\/wp-content\/uploads\/2025\/02\/Philipp-Bues-Headshot-150x150.jpg","contentUrl":"https:\/\/adfinternational.org\/wp-content\/uploads\/2025\/02\/Philipp-Bues-Headshot-150x150.jpg","caption":"Philipp Bues"},"url":"https:\/\/adfinternational.org\/de\/author\/pbuesadfinternational-org"}]}},"_links":{"self":[{"href":"https:\/\/adfinternational.org\/de\/wp-json\/wp\/v2\/posts\/82129","targetHints":{"allow":["GET"]}}],"collection":[{"href":"https:\/\/adfinternational.org\/de\/wp-json\/wp\/v2\/posts"}],"about":[{"href":"https:\/\/adfinternational.org\/de\/wp-json\/wp\/v2\/types\/post"}],"author":[{"embeddable":true,"href":"https:\/\/adfinternational.org\/de\/wp-json\/wp\/v2\/users\/44"}],"replies":[{"embeddable":true,"href":"https:\/\/adfinternational.org\/de\/wp-json\/wp\/v2\/comments?post=82129"}],"version-history":[{"count":0,"href":"https:\/\/adfinternational.org\/de\/wp-json\/wp\/v2\/posts\/82129\/revisions"}],"wp:featuredmedia":[{"embeddable":true,"href":"https:\/\/adfinternational.org\/de\/wp-json\/wp\/v2\/media\/49136"}],"wp:attachment":[{"href":"https:\/\/adfinternational.org\/de\/wp-json\/wp\/v2\/media?parent=82129"}],"wp:term":[{"taxonomy":"category","embeddable":true,"href":"https:\/\/adfinternational.org\/de\/wp-json\/wp\/v2\/categories?post=82129"},{"taxonomy":"post_tag","embeddable":true,"href":"https:\/\/adfinternational.org\/de\/wp-json\/wp\/v2\/tags?post=82129"}],"curies":[{"name":"wp","href":"https:\/\/api.w.org\/{rel}","templated":true}]}}