{"id":8307,"date":"2021-02-17T06:07:57","date_gmt":"2021-02-17T06:07:57","guid":{"rendered":"https:\/\/adfinternational.org\/?p=8307"},"modified":"2024-07-16T10:46:03","modified_gmt":"2024-07-16T09:46:03","slug":"ein-schritt-in-die-richtige-richtung-fuer-meinungs-und-redefreiheit-auf-dem-universitaetscampus","status":"publish","type":"post","link":"https:\/\/adfinternational.org\/de\/news\/ein-schritt-in-die-richtige-richtung-fuer-meinungs-und-redefreiheit-auf-dem-universitaetscampus","title":{"rendered":"Ein Schritt in die richtige Richtung f\u00fcr Meinungs- und Redefreiheit auf dem Universit\u00e4tscampus"},"content":{"rendered":"\t\t<div data-elementor-type=\"wp-post\" data-elementor-id=\"8307\" class=\"elementor elementor-8307\" data-elementor-post-type=\"post\">\n\t\t\t\t\t\t<section class=\"elementor-section elementor-top-section elementor-element elementor-element-1e7c6f3c elementor-section-boxed elementor-section-height-default elementor-section-height-default\" data-id=\"1e7c6f3c\" data-element_type=\"section\" data-e-type=\"section\">\n\t\t\t\t\t\t<div class=\"elementor-container elementor-column-gap-default\">\n\t\t\t\t\t<div class=\"elementor-column elementor-col-100 elementor-top-column elementor-element elementor-element-4634872\" data-id=\"4634872\" data-element_type=\"column\" data-e-type=\"column\">\n\t\t\t<div class=\"elementor-widget-wrap elementor-element-populated\">\n\t\t\t\t\t\t<div class=\"elementor-element elementor-element-8f1da8 elementor-widget elementor-widget-text-editor\" data-id=\"8f1da8\" data-element_type=\"widget\" data-e-type=\"widget\" data-widget_type=\"text-editor.default\">\n\t\t\t\t<div class=\"elementor-widget-container\">\n\t\t\t\t\t\t\t\t\t<p><strong>Zusammenfassung<\/strong><\/p><ul><li>Britisches Bildungsministerium ver\u00f6ffentlicht bahnrechenden Vorschlag zur Rede- und Meinungsfreiheit an Universit\u00e4ten<\/li><li>ADF International unterst\u00fctzt diesen Schritt und sieht dringenden Handlungsbedarf im Kampf gegen die Zensur am Universit\u00e4tscampus<\/li><\/ul>\t\t\t\t\t\t\t\t<\/div>\n\t\t\t\t<\/div>\n\t\t\t\t<div class=\"elementor-element elementor-element-131c86d3 elementor-widget elementor-widget-text-editor\" data-id=\"131c86d3\" data-element_type=\"widget\" data-e-type=\"widget\" data-widget_type=\"text-editor.default\">\n\t\t\t\t<div class=\"elementor-widget-container\">\n\t\t\t\t\t\t\t\t\t<p><b>LONDON<\/b> (17. Februar 2021) \u2013 Das britische Bildungsministerium ver\u00f6ffentlichte den Bericht \u201eHigher Education: Free Speech and Academic Freedom\u201c, in dem die sch\u00e4dlichen Auswirkungen von Zensur an britischen Universit\u00e4ten anerkannt und neue Methoden im Kampf gegen dieses Problem vorgeschlagen werden.<\/p><p>Die Menschenrechtsgruppe ADF International hatte eine landesweite Kampagne f\u00fcr den besseren Schutz der Rede- und Meinungsfreiheit auf dem Universit\u00e4tscampus gef\u00fchrt und begr\u00fc\u00dft nun den Vorschlag als eine ermutigende Entwicklung hin zur Wiederherstellung eines vielf\u00e4ltigen und pluralen Umfelds an britischen Universit\u00e4ten.<\/p><p>Ryan Christopher, Gesch\u00e4ftsf\u00fchrer von ADF International in Gro\u00dfbritannien, sagte:<\/p><p>\u201eWir begr\u00fc\u00dfen den Bericht als einen wichtigen Fortschritt in Richtung Schutz der Rede- und Meinungsfreiheit an Universit\u00e4ten.\u00a0 Unsere j\u00fcngsten Umfragen zeigen, wie wichtig dieses Thema ist. Der Bericht empfiehlt eine Entsch\u00e4digung f\u00fcr Studenten und anderen Einzelpersonen, die unter den negativen Folgen von Zensur im akademischen Bereich gelitten haben. Die Anerkennung des Schadens, der durch die sogenannte \u201eCancel-Kultur\u201c verursacht wird, wird etwa f\u00fcr Julia Rynkiewicz von Bedeutung sein. Wir unterst\u00fctzten die junge Hebammenstudentin, nachdem sie aufgrund ihrer lebensbejahenden Ansichten von ihrer Hebammenausbildung an der Universit\u00e4t Nottingham suspendiert worden war. Wir hoffen, dass der Vorschlag des Bildungsministeriums auch anderen Studenten, die wie Julia Opfer von Diskriminierung geworden sind, Recht verschafft.\u201c<\/p><p>Der Bericht ist dringend notwendig \u2013 die Situation in Gro\u00dfbritannien beginnt bereits zu eskalieren. Eine neue Umfrage im Auftrag der Reclaim Party, die erst vor wenigen Tagen ver\u00f6ffentlicht wurde, zeigt, dass 50% der Befragten meinen, dass die Rede- und Meinungsfreiheit bedroht ist. Dies untermauert auch eine j\u00fcngste Umfrage im Auftrag von ADF International, wonach 50% der Studenten bef\u00fcrchten, von ihren Mitstudenten anders behandelt zu werden, wenn sie ihre wahren Ansichten zu f\u00fcr sie wichtigen Themen \u00e4u\u00dfern. Mehr als ein Drittel der Studenten f\u00fcrchtet sich sogar davor, ihre Meinung zu \u00e4u\u00dfern, da dies negative Auswirkungen auf ihre berufliche Karriere haben k\u00f6nnte.<\/p><p>Vor kurzem wurde au\u00dferdem angek\u00fcndigt, dass die Funktion eines \u201eFree Speech Champions\u201c geschaffen werden soll, der die Rede- und Meinungsfreiheit sowie die akademische Freiheit an Universit\u00e4ten verteidigen soll. Dieser \u201eChampion\u201c hat die Befugnis, Hochschulen oder Studentenvertretungen direkt zu bestrafen, wenn sie Universit\u00e4tsangeh\u00f6rige diskriminieren oder versuchen zu diskriminieren. Alles in allem stellen die bevorstehenden \u00c4nderungen einen wichtigen Schritt zum Schutz der Rede- und Meinungsfreiheit dar, die in den letzten Jahren unter der zunehmenden Zensur stark gelitten hat.<\/p><p>\u201eDiese Ank\u00fcndigungen kommen gerade rechtzeitig und sind ein wichtiger Schritt in die richtige Richtung \u2013 aber es muss noch mehr getan werden, insbesondere um sicherzustellen, dass das Universit\u00e4tspersonal eine geeignete Ausbildung erh\u00e4lt und die Rede- und Meinungsfreiheit der Studenten respektiert und f\u00f6rdert. Wir begr\u00fc\u00dfen die Vorschl\u00e4ge des Bildungsministeriums und werden uns weiterhin daf\u00fcr einsetzen, dass diese Schutzma\u00dfnahmen auch in der Praxis umgesetzt werden. Hoffen wir, dass damit auch der von Bildungsminister Gavin Williamson versprochene Wandel eintritt\u201c, f\u00fcgt Christopher hinzu.<\/p><p><i>Bilder d\u00fcrfen in Print oder Online verwendet werden, aber nur in Zusammenhang mit dem dazugeh\u00f6rigen Beitrag<\/i><\/p>\t\t\t\t\t\t\t\t<\/div>\n\t\t\t\t<\/div>\n\t\t\t\t<div class=\"elementor-element elementor-element-6a85196e elementor-widget-divider--view-line elementor-widget elementor-widget-divider\" data-id=\"6a85196e\" data-element_type=\"widget\" data-e-type=\"widget\" data-widget_type=\"divider.default\">\n\t\t\t\t<div class=\"elementor-widget-container\">\n\t\t\t\t\t\t\t<div class=\"elementor-divider\">\n\t\t\t<span class=\"elementor-divider-separator\">\n\t\t\t\t\t\t<\/span>\n\t\t<\/div>\n\t\t\t\t\t\t<\/div>\n\t\t\t\t<\/div>\n\t\t\t\t<div class=\"elementor-element elementor-element-3e0a4974 elementor-widget elementor-widget-gallery\" data-id=\"3e0a4974\" data-element_type=\"widget\" data-e-type=\"widget\" data-settings=\"{&quot;aspect_ratio&quot;:&quot;1:1&quot;,&quot;overlay_title&quot;:&quot;caption&quot;,&quot;lazyload&quot;:&quot;yes&quot;,&quot;gallery_layout&quot;:&quot;grid&quot;,&quot;columns&quot;:4,&quot;columns_tablet&quot;:2,&quot;columns_mobile&quot;:1,&quot;gap&quot;:{&quot;unit&quot;:&quot;px&quot;,&quot;size&quot;:10,&quot;sizes&quot;:[]},&quot;gap_tablet&quot;:{&quot;unit&quot;:&quot;px&quot;,&quot;size&quot;:10,&quot;sizes&quot;:[]},&quot;gap_mobile&quot;:{&quot;unit&quot;:&quot;px&quot;,&quot;size&quot;:10,&quot;sizes&quot;:[]},&quot;link_to&quot;:&quot;file&quot;,&quot;overlay_background&quot;:&quot;yes&quot;,&quot;content_hover_animation&quot;:&quot;fade-in&quot;}\" data-widget_type=\"gallery.default\">\n\t\t\t\t<div class=\"elementor-widget-container\">\n\t\t\t\t\t\t\t<div class=\"elementor-gallery__container\">\n\t\t\t\t\t\t\t<a class=\"e-gallery-item elementor-gallery-item elementor-animated-content\" href=\"https:\/\/adfinternational.org\/wp-content\/uploads\/2022\/06\/Ryan_Day_3-200x200-2.jpg\" data-elementor-open-lightbox=\"yes\" data-elementor-lightbox-slideshow=\"3e0a4974\" data-elementor-lightbox-title=\"Ryan Day 3 200x200 (2)\" data-e-action-hash=\"#elementor-action%3Aaction%3Dlightbox%26settings%3DeyJpZCI6ODMwOSwidXJsIjoiaHR0cHM6XC9cL2FkZmludGVybmF0aW9uYWwub3JnXC93cC1jb250ZW50XC91cGxvYWRzXC8yMDIyXC8wNlwvUnlhbl9EYXlfMy0yMDB4MjAwLTIuanBnIiwic2xpZGVzaG93IjoiM2UwYTQ5NzQifQ%3D%3D\">\n\t\t\t\t\t<div class=\"e-gallery-image elementor-gallery-item__image\" data-thumbnail=\"https:\/\/adfinternational.org\/wp-content\/uploads\/2022\/06\/Ryan_Day_3-200x200-2.jpg\" data-width=\"200\" data-height=\"200\" aria-label=\"\" role=\"img\" ><\/div>\n\t\t\t\t\t\t\t\t\t\t\t<div class=\"elementor-gallery-item__overlay\"><\/div>\n\t\t\t\t\t\t\t\t\t\t\t\t\t\t\t<div class=\"elementor-gallery-item__content\">\n\t\t\t\t\t\t\t\t\t\t\t<\/div>\n\t\t\t\t\t\t\t\t\t<\/a>\n\t\t\t\t\t\t\t<a class=\"e-gallery-item elementor-gallery-item elementor-animated-content\" href=\"https:\/\/adfinternational.org\/wp-content\/uploads\/2022\/06\/Julia-1-e1606331197722-200x200-1.jpg\" data-elementor-open-lightbox=\"yes\" data-elementor-lightbox-slideshow=\"3e0a4974\" data-elementor-lightbox-title=\"Julia 1 E1606331197722 200x200\" data-e-action-hash=\"#elementor-action%3Aaction%3Dlightbox%26settings%3DeyJpZCI6ODMxMSwidXJsIjoiaHR0cHM6XC9cL2FkZmludGVybmF0aW9uYWwub3JnXC93cC1jb250ZW50XC91cGxvYWRzXC8yMDIyXC8wNlwvSnVsaWEtMS1lMTYwNjMzMTE5NzcyMi0yMDB4MjAwLTEuanBnIiwic2xpZGVzaG93IjoiM2UwYTQ5NzQifQ%3D%3D\">\n\t\t\t\t\t<div class=\"e-gallery-image elementor-gallery-item__image\" data-thumbnail=\"https:\/\/adfinternational.org\/wp-content\/uploads\/2022\/06\/Julia-1-e1606331197722-200x200-1.jpg\" data-width=\"200\" data-height=\"200\" aria-label=\"\" role=\"img\" ><\/div>\n\t\t\t\t\t\t\t\t\t\t\t<div class=\"elementor-gallery-item__overlay\"><\/div>\n\t\t\t\t\t\t\t\t\t\t\t\t\t\t\t<div class=\"elementor-gallery-item__content\">\n\t\t\t\t\t\t\t\t\t\t\t<\/div>\n\t\t\t\t\t\t\t\t\t<\/a>\n\t\t\t\t\t\t\t<a class=\"e-gallery-item elementor-gallery-item elementor-animated-content\" href=\"https:\/\/adfinternational.org\/wp-content\/uploads\/2022\/06\/Julia-with-Ryan-Christopher-e1606331216450-200x200-1.jpg\" data-elementor-open-lightbox=\"yes\" data-elementor-lightbox-slideshow=\"3e0a4974\" data-elementor-lightbox-title=\"Julia With Ryan Christopher E1606331216450 200x200\" data-e-action-hash=\"#elementor-action%3Aaction%3Dlightbox%26settings%3DeyJpZCI6ODMxMywidXJsIjoiaHR0cHM6XC9cL2FkZmludGVybmF0aW9uYWwub3JnXC93cC1jb250ZW50XC91cGxvYWRzXC8yMDIyXC8wNlwvSnVsaWEtd2l0aC1SeWFuLUNocmlzdG9waGVyLWUxNjA2MzMxMjE2NDUwLTIwMHgyMDAtMS5qcGciLCJzbGlkZXNob3ciOiIzZTBhNDk3NCJ9\">\n\t\t\t\t\t<div class=\"e-gallery-image elementor-gallery-item__image\" data-thumbnail=\"https:\/\/adfinternational.org\/wp-content\/uploads\/2022\/06\/Julia-with-Ryan-Christopher-e1606331216450-200x200-1.jpg\" data-width=\"200\" data-height=\"200\" aria-label=\"\" role=\"img\" ><\/div>\n\t\t\t\t\t\t\t\t\t\t\t<div class=\"elementor-gallery-item__overlay\"><\/div>\n\t\t\t\t\t\t\t\t\t\t\t\t\t\t\t<div class=\"elementor-gallery-item__content\">\n\t\t\t\t\t\t\t\t\t\t\t<\/div>\n\t\t\t\t\t\t\t\t\t<\/a>\n\t\t\t\t\t<\/div>\n\t\t\t\t\t<\/div>\n\t\t\t\t<\/div>\n\t\t\t\t\t<\/div>\n\t\t<\/div>\n\t\t\t\t\t<\/div>\n\t\t<\/section>\n\t\t\t\t<\/div>\n\t\t","protected":false},"excerpt":{"rendered":"<p>Zusammenfassung Britisches Bildungsministerium ver\u00f6ffentlicht bahnrechenden Vorschlag zur Rede- und Meinungsfreiheit an Universit\u00e4ten ADF International unterst\u00fctzt diesen Schritt und sieht dringenden Handlungsbedarf im Kampf gegen die Zensur am Universit\u00e4tscampus LONDON (17. Februar 2021) \u2013 Das britische Bildungsministerium ver\u00f6ffentlichte den Bericht \u201eHigher Education: Free Speech and Academic Freedom\u201c, in dem die sch\u00e4dlichen Auswirkungen von Zensur an britischen [&hellip;]<\/p>\n","protected":false},"author":44,"featured_media":3522,"comment_status":"closed","ping_status":"closed","sticky":false,"template":"","format":"standard","meta":{"_acf_changed":true,"give_campaign_id":0,"footnotes":""},"categories":[434],"tags":[949,421],"class_list":["post-8307","post","type-post","status-publish","format-standard","has-post-thumbnail","hentry","category-news","tag-de","tag-news"],"acf":[],"yoast_head":"<!-- This site is optimized with the Yoast SEO Premium plugin v27.5 (Yoast SEO v27.5) - https:\/\/yoast.com\/product\/yoast-seo-premium-wordpress\/ -->\n<title>Meinungsfreiheit auf dem Universit\u00e4tscampus - ADF International<\/title>\n<meta name=\"robots\" content=\"index, follow, max-snippet:-1, max-image-preview:large, max-video-preview:-1\" \/>\n<link rel=\"canonical\" href=\"https:\/\/adfinternational.org\/de\/news\/ein-schritt-in-die-richtige-richtung-fuer-meinungs-und-redefreiheit-auf-dem-universitaetscampus\" \/>\n<meta property=\"og:locale\" content=\"de_DE\" \/>\n<meta property=\"og:type\" content=\"article\" \/>\n<meta property=\"og:title\" content=\"Ein Schritt in die richtige Richtung f\u00fcr Meinungs- und Redefreiheit auf dem Universit\u00e4tscampus\" \/>\n<meta property=\"og:description\" content=\"Zusammenfassung Britisches Bildungsministerium ver\u00f6ffentlicht bahnrechenden Vorschlag zur Rede- und Meinungsfreiheit an Universit\u00e4ten ADF International unterst\u00fctzt diesen Schritt und sieht dringenden Handlungsbedarf im Kampf gegen die Zensur am Universit\u00e4tscampus LONDON (17. Februar 2021) \u2013 Das britische Bildungsministerium ver\u00f6ffentlichte den Bericht \u201eHigher Education: Free Speech and Academic Freedom\u201c, in dem die sch\u00e4dlichen Auswirkungen von Zensur an britischen [&hellip;]\" \/>\n<meta property=\"og:url\" content=\"https:\/\/adfinternational.org\/de\/news\/ein-schritt-in-die-richtige-richtung-fuer-meinungs-und-redefreiheit-auf-dem-universitaetscampus\" \/>\n<meta property=\"og:site_name\" content=\"ADF International\" \/>\n<meta property=\"article:publisher\" content=\"https:\/\/facebook.com\/adfinternational\" \/>\n<meta property=\"article:published_time\" content=\"2021-02-17T06:07:57+00:00\" \/>\n<meta property=\"article:modified_time\" content=\"2024-07-16T09:46:03+00:00\" \/>\n<meta property=\"og:image\" content=\"https:\/\/adfinternational.org\/wp-content\/uploads\/2021\/02\/bigstock-Students-discussing-about-the-386923483-1.jpg\" \/>\n\t<meta property=\"og:image:width\" content=\"1920\" \/>\n\t<meta property=\"og:image:height\" content=\"885\" \/>\n\t<meta property=\"og:image:type\" content=\"image\/jpeg\" \/>\n<meta name=\"author\" content=\"Philipp Bues\" \/>\n<meta name=\"twitter:card\" content=\"summary_large_image\" \/>\n<meta name=\"twitter:creator\" content=\"@adfintl\" \/>\n<meta name=\"twitter:site\" content=\"@adfintl\" \/>\n<meta name=\"twitter:label1\" content=\"Verfasst von\" \/>\n\t<meta name=\"twitter:data1\" content=\"Philipp Bues\" \/>\n\t<meta name=\"twitter:label2\" content=\"Gesch\u00e4tzte Lesezeit\" \/>\n\t<meta name=\"twitter:data2\" content=\"3 Minuten\" \/>\n<script type=\"application\/ld+json\" class=\"yoast-schema-graph\">{\"@context\":\"https:\\\/\\\/schema.org\",\"@graph\":[{\"@type\":\"Article\",\"@id\":\"https:\\\/\\\/adfinternational.org\\\/de\\\/news\\\/ein-schritt-in-die-richtige-richtung-fuer-meinungs-und-redefreiheit-auf-dem-universitaetscampus#article\",\"isPartOf\":{\"@id\":\"https:\\\/\\\/adfinternational.org\\\/de\\\/news\\\/ein-schritt-in-die-richtige-richtung-fuer-meinungs-und-redefreiheit-auf-dem-universitaetscampus\"},\"author\":{\"name\":\"Philipp Bues\",\"@id\":\"https:\\\/\\\/adfinternational.org\\\/de\\\/#\\\/schema\\\/person\\\/6b776fc8535453c6aad8a6f9d78e6141\"},\"headline\":\"Ein Schritt in die richtige Richtung f\u00fcr Meinungs- und Redefreiheit auf dem Universit\u00e4tscampus\",\"datePublished\":\"2021-02-17T06:07:57+00:00\",\"dateModified\":\"2024-07-16T09:46:03+00:00\",\"mainEntityOfPage\":{\"@id\":\"https:\\\/\\\/adfinternational.org\\\/de\\\/news\\\/ein-schritt-in-die-richtige-richtung-fuer-meinungs-und-redefreiheit-auf-dem-universitaetscampus\"},\"wordCount\":552,\"publisher\":{\"@id\":\"https:\\\/\\\/adfinternational.org\\\/de\\\/#organization\"},\"image\":{\"@id\":\"https:\\\/\\\/adfinternational.org\\\/de\\\/news\\\/ein-schritt-in-die-richtige-richtung-fuer-meinungs-und-redefreiheit-auf-dem-universitaetscampus#primaryimage\"},\"thumbnailUrl\":\"https:\\\/\\\/adfinternational.org\\\/wp-content\\\/uploads\\\/2021\\\/02\\\/bigstock-Students-discussing-about-the-386923483-1.jpg\",\"keywords\":[\"DE\",\"News\"],\"articleSection\":[\"News\"],\"inLanguage\":\"de-DE\"},{\"@type\":\"WebPage\",\"@id\":\"https:\\\/\\\/adfinternational.org\\\/de\\\/news\\\/ein-schritt-in-die-richtige-richtung-fuer-meinungs-und-redefreiheit-auf-dem-universitaetscampus\",\"url\":\"https:\\\/\\\/adfinternational.org\\\/de\\\/news\\\/ein-schritt-in-die-richtige-richtung-fuer-meinungs-und-redefreiheit-auf-dem-universitaetscampus\",\"name\":\"Meinungsfreiheit auf dem Universit\u00e4tscampus - ADF International\",\"isPartOf\":{\"@id\":\"https:\\\/\\\/adfinternational.org\\\/de\\\/#website\"},\"primaryImageOfPage\":{\"@id\":\"https:\\\/\\\/adfinternational.org\\\/de\\\/news\\\/ein-schritt-in-die-richtige-richtung-fuer-meinungs-und-redefreiheit-auf-dem-universitaetscampus#primaryimage\"},\"image\":{\"@id\":\"https:\\\/\\\/adfinternational.org\\\/de\\\/news\\\/ein-schritt-in-die-richtige-richtung-fuer-meinungs-und-redefreiheit-auf-dem-universitaetscampus#primaryimage\"},\"thumbnailUrl\":\"https:\\\/\\\/adfinternational.org\\\/wp-content\\\/uploads\\\/2021\\\/02\\\/bigstock-Students-discussing-about-the-386923483-1.jpg\",\"datePublished\":\"2021-02-17T06:07:57+00:00\",\"dateModified\":\"2024-07-16T09:46:03+00:00\",\"breadcrumb\":{\"@id\":\"https:\\\/\\\/adfinternational.org\\\/de\\\/news\\\/ein-schritt-in-die-richtige-richtung-fuer-meinungs-und-redefreiheit-auf-dem-universitaetscampus#breadcrumb\"},\"inLanguage\":\"de-DE\",\"potentialAction\":[{\"@type\":\"ReadAction\",\"target\":[\"https:\\\/\\\/adfinternational.org\\\/de\\\/news\\\/ein-schritt-in-die-richtige-richtung-fuer-meinungs-und-redefreiheit-auf-dem-universitaetscampus\"]}]},{\"@type\":\"ImageObject\",\"inLanguage\":\"de-DE\",\"@id\":\"https:\\\/\\\/adfinternational.org\\\/de\\\/news\\\/ein-schritt-in-die-richtige-richtung-fuer-meinungs-und-redefreiheit-auf-dem-universitaetscampus#primaryimage\",\"url\":\"https:\\\/\\\/adfinternational.org\\\/wp-content\\\/uploads\\\/2021\\\/02\\\/bigstock-Students-discussing-about-the-386923483-1.jpg\",\"contentUrl\":\"https:\\\/\\\/adfinternational.org\\\/wp-content\\\/uploads\\\/2021\\\/02\\\/bigstock-Students-discussing-about-the-386923483-1.jpg\",\"width\":1920,\"height\":885,\"caption\":\"Students discussing about the lesson at the lecture in the university amphitheater\"},{\"@type\":\"BreadcrumbList\",\"@id\":\"https:\\\/\\\/adfinternational.org\\\/de\\\/news\\\/ein-schritt-in-die-richtige-richtung-fuer-meinungs-und-redefreiheit-auf-dem-universitaetscampus#breadcrumb\",\"itemListElement\":[{\"@type\":\"ListItem\",\"position\":1,\"name\":\"Home\",\"item\":\"https:\\\/\\\/adfinternational.org\\\/de\"},{\"@type\":\"ListItem\",\"position\":2,\"name\":\"Ein Schritt in die richtige Richtung f\u00fcr Meinungs- und Redefreiheit auf dem Universit\u00e4tscampus\"}]},{\"@type\":\"WebSite\",\"@id\":\"https:\\\/\\\/adfinternational.org\\\/de\\\/#website\",\"url\":\"https:\\\/\\\/adfinternational.org\\\/de\\\/\",\"name\":\"ADF International\",\"description\":\"Protecting Fundamental Freedoms. Promoting Inherent Dignity.\",\"publisher\":{\"@id\":\"https:\\\/\\\/adfinternational.org\\\/de\\\/#organization\"},\"potentialAction\":[{\"@type\":\"SearchAction\",\"target\":{\"@type\":\"EntryPoint\",\"urlTemplate\":\"https:\\\/\\\/adfinternational.org\\\/de\\\/?s={search_term_string}\"},\"query-input\":{\"@type\":\"PropertyValueSpecification\",\"valueRequired\":true,\"valueName\":\"search_term_string\"}}],\"inLanguage\":\"de-DE\"},{\"@type\":\"Organization\",\"@id\":\"https:\\\/\\\/adfinternational.org\\\/de\\\/#organization\",\"name\":\"Alliance Defending Freedom International\",\"url\":\"https:\\\/\\\/adfinternational.org\\\/de\\\/\",\"logo\":{\"@type\":\"ImageObject\",\"inLanguage\":\"de-DE\",\"@id\":\"https:\\\/\\\/adfinternational.org\\\/de\\\/#\\\/schema\\\/logo\\\/image\\\/\",\"url\":\"https:\\\/\\\/adfinternational.org\\\/wp-content\\\/uploads\\\/2021\\\/08\\\/ADF_Intl_R_RGB_175px.png\",\"contentUrl\":\"https:\\\/\\\/adfinternational.org\\\/wp-content\\\/uploads\\\/2021\\\/08\\\/ADF_Intl_R_RGB_175px.png\",\"width\":175,\"height\":106,\"caption\":\"Alliance Defending Freedom International\"},\"image\":{\"@id\":\"https:\\\/\\\/adfinternational.org\\\/de\\\/#\\\/schema\\\/logo\\\/image\\\/\"},\"sameAs\":[\"https:\\\/\\\/facebook.com\\\/adfinternational\",\"https:\\\/\\\/x.com\\\/adfintl\",\"https:\\\/\\\/www.linkedin.com\\\/company\\\/adfinternational\",\"https:\\\/\\\/www.instagram.com\\\/adfinternational\\\/\"]},{\"@type\":\"Person\",\"@id\":\"https:\\\/\\\/adfinternational.org\\\/de\\\/#\\\/schema\\\/person\\\/6b776fc8535453c6aad8a6f9d78e6141\",\"name\":\"Philipp Bues\",\"image\":{\"@type\":\"ImageObject\",\"inLanguage\":\"de-DE\",\"@id\":\"https:\\\/\\\/adfinternational.org\\\/wp-content\\\/uploads\\\/2025\\\/02\\\/Philipp-Bues-Headshot-150x150.jpg\",\"url\":\"https:\\\/\\\/adfinternational.org\\\/wp-content\\\/uploads\\\/2025\\\/02\\\/Philipp-Bues-Headshot-150x150.jpg\",\"contentUrl\":\"https:\\\/\\\/adfinternational.org\\\/wp-content\\\/uploads\\\/2025\\\/02\\\/Philipp-Bues-Headshot-150x150.jpg\",\"caption\":\"Philipp Bues\"},\"url\":\"https:\\\/\\\/adfinternational.org\\\/de\\\/author\\\/pbuesadfinternational-org\"}]}<\/script>\n<!-- \/ Yoast SEO Premium plugin. -->","yoast_head_json":{"title":"Meinungsfreiheit auf dem Universit\u00e4tscampus - ADF International","robots":{"index":"index","follow":"follow","max-snippet":"max-snippet:-1","max-image-preview":"max-image-preview:large","max-video-preview":"max-video-preview:-1"},"canonical":"https:\/\/adfinternational.org\/de\/news\/ein-schritt-in-die-richtige-richtung-fuer-meinungs-und-redefreiheit-auf-dem-universitaetscampus","og_locale":"de_DE","og_type":"article","og_title":"Ein Schritt in die richtige Richtung f\u00fcr Meinungs- und Redefreiheit auf dem Universit\u00e4tscampus","og_description":"Zusammenfassung Britisches Bildungsministerium ver\u00f6ffentlicht bahnrechenden Vorschlag zur Rede- und Meinungsfreiheit an Universit\u00e4ten ADF International unterst\u00fctzt diesen Schritt und sieht dringenden Handlungsbedarf im Kampf gegen die Zensur am Universit\u00e4tscampus LONDON (17. Februar 2021) \u2013 Das britische Bildungsministerium ver\u00f6ffentlichte den Bericht \u201eHigher Education: Free Speech and Academic Freedom\u201c, in dem die sch\u00e4dlichen Auswirkungen von Zensur an britischen [&hellip;]","og_url":"https:\/\/adfinternational.org\/de\/news\/ein-schritt-in-die-richtige-richtung-fuer-meinungs-und-redefreiheit-auf-dem-universitaetscampus","og_site_name":"ADF International","article_publisher":"https:\/\/facebook.com\/adfinternational","article_published_time":"2021-02-17T06:07:57+00:00","article_modified_time":"2024-07-16T09:46:03+00:00","og_image":[{"width":1920,"height":885,"url":"https:\/\/adfinternational.org\/wp-content\/uploads\/2021\/02\/bigstock-Students-discussing-about-the-386923483-1.jpg","type":"image\/jpeg"}],"author":"Philipp Bues","twitter_card":"summary_large_image","twitter_creator":"@adfintl","twitter_site":"@adfintl","twitter_misc":{"Verfasst von":"Philipp Bues","Gesch\u00e4tzte Lesezeit":"3 Minuten"},"schema":{"@context":"https:\/\/schema.org","@graph":[{"@type":"Article","@id":"https:\/\/adfinternational.org\/de\/news\/ein-schritt-in-die-richtige-richtung-fuer-meinungs-und-redefreiheit-auf-dem-universitaetscampus#article","isPartOf":{"@id":"https:\/\/adfinternational.org\/de\/news\/ein-schritt-in-die-richtige-richtung-fuer-meinungs-und-redefreiheit-auf-dem-universitaetscampus"},"author":{"name":"Philipp Bues","@id":"https:\/\/adfinternational.org\/de\/#\/schema\/person\/6b776fc8535453c6aad8a6f9d78e6141"},"headline":"Ein Schritt in die richtige Richtung f\u00fcr Meinungs- und Redefreiheit auf dem Universit\u00e4tscampus","datePublished":"2021-02-17T06:07:57+00:00","dateModified":"2024-07-16T09:46:03+00:00","mainEntityOfPage":{"@id":"https:\/\/adfinternational.org\/de\/news\/ein-schritt-in-die-richtige-richtung-fuer-meinungs-und-redefreiheit-auf-dem-universitaetscampus"},"wordCount":552,"publisher":{"@id":"https:\/\/adfinternational.org\/de\/#organization"},"image":{"@id":"https:\/\/adfinternational.org\/de\/news\/ein-schritt-in-die-richtige-richtung-fuer-meinungs-und-redefreiheit-auf-dem-universitaetscampus#primaryimage"},"thumbnailUrl":"https:\/\/adfinternational.org\/wp-content\/uploads\/2021\/02\/bigstock-Students-discussing-about-the-386923483-1.jpg","keywords":["DE","News"],"articleSection":["News"],"inLanguage":"de-DE"},{"@type":"WebPage","@id":"https:\/\/adfinternational.org\/de\/news\/ein-schritt-in-die-richtige-richtung-fuer-meinungs-und-redefreiheit-auf-dem-universitaetscampus","url":"https:\/\/adfinternational.org\/de\/news\/ein-schritt-in-die-richtige-richtung-fuer-meinungs-und-redefreiheit-auf-dem-universitaetscampus","name":"Meinungsfreiheit auf dem Universit\u00e4tscampus - ADF International","isPartOf":{"@id":"https:\/\/adfinternational.org\/de\/#website"},"primaryImageOfPage":{"@id":"https:\/\/adfinternational.org\/de\/news\/ein-schritt-in-die-richtige-richtung-fuer-meinungs-und-redefreiheit-auf-dem-universitaetscampus#primaryimage"},"image":{"@id":"https:\/\/adfinternational.org\/de\/news\/ein-schritt-in-die-richtige-richtung-fuer-meinungs-und-redefreiheit-auf-dem-universitaetscampus#primaryimage"},"thumbnailUrl":"https:\/\/adfinternational.org\/wp-content\/uploads\/2021\/02\/bigstock-Students-discussing-about-the-386923483-1.jpg","datePublished":"2021-02-17T06:07:57+00:00","dateModified":"2024-07-16T09:46:03+00:00","breadcrumb":{"@id":"https:\/\/adfinternational.org\/de\/news\/ein-schritt-in-die-richtige-richtung-fuer-meinungs-und-redefreiheit-auf-dem-universitaetscampus#breadcrumb"},"inLanguage":"de-DE","potentialAction":[{"@type":"ReadAction","target":["https:\/\/adfinternational.org\/de\/news\/ein-schritt-in-die-richtige-richtung-fuer-meinungs-und-redefreiheit-auf-dem-universitaetscampus"]}]},{"@type":"ImageObject","inLanguage":"de-DE","@id":"https:\/\/adfinternational.org\/de\/news\/ein-schritt-in-die-richtige-richtung-fuer-meinungs-und-redefreiheit-auf-dem-universitaetscampus#primaryimage","url":"https:\/\/adfinternational.org\/wp-content\/uploads\/2021\/02\/bigstock-Students-discussing-about-the-386923483-1.jpg","contentUrl":"https:\/\/adfinternational.org\/wp-content\/uploads\/2021\/02\/bigstock-Students-discussing-about-the-386923483-1.jpg","width":1920,"height":885,"caption":"Students discussing about the lesson at the lecture in the university amphitheater"},{"@type":"BreadcrumbList","@id":"https:\/\/adfinternational.org\/de\/news\/ein-schritt-in-die-richtige-richtung-fuer-meinungs-und-redefreiheit-auf-dem-universitaetscampus#breadcrumb","itemListElement":[{"@type":"ListItem","position":1,"name":"Home","item":"https:\/\/adfinternational.org\/de"},{"@type":"ListItem","position":2,"name":"Ein Schritt in die richtige Richtung f\u00fcr Meinungs- und Redefreiheit auf dem Universit\u00e4tscampus"}]},{"@type":"WebSite","@id":"https:\/\/adfinternational.org\/de\/#website","url":"https:\/\/adfinternational.org\/de\/","name":"ADF International","description":"Protecting Fundamental Freedoms. Promoting Inherent Dignity.","publisher":{"@id":"https:\/\/adfinternational.org\/de\/#organization"},"potentialAction":[{"@type":"SearchAction","target":{"@type":"EntryPoint","urlTemplate":"https:\/\/adfinternational.org\/de\/?s={search_term_string}"},"query-input":{"@type":"PropertyValueSpecification","valueRequired":true,"valueName":"search_term_string"}}],"inLanguage":"de-DE"},{"@type":"Organization","@id":"https:\/\/adfinternational.org\/de\/#organization","name":"Alliance Defending Freedom International","url":"https:\/\/adfinternational.org\/de\/","logo":{"@type":"ImageObject","inLanguage":"de-DE","@id":"https:\/\/adfinternational.org\/de\/#\/schema\/logo\/image\/","url":"https:\/\/adfinternational.org\/wp-content\/uploads\/2021\/08\/ADF_Intl_R_RGB_175px.png","contentUrl":"https:\/\/adfinternational.org\/wp-content\/uploads\/2021\/08\/ADF_Intl_R_RGB_175px.png","width":175,"height":106,"caption":"Alliance Defending Freedom International"},"image":{"@id":"https:\/\/adfinternational.org\/de\/#\/schema\/logo\/image\/"},"sameAs":["https:\/\/facebook.com\/adfinternational","https:\/\/x.com\/adfintl","https:\/\/www.linkedin.com\/company\/adfinternational","https:\/\/www.instagram.com\/adfinternational\/"]},{"@type":"Person","@id":"https:\/\/adfinternational.org\/de\/#\/schema\/person\/6b776fc8535453c6aad8a6f9d78e6141","name":"Philipp Bues","image":{"@type":"ImageObject","inLanguage":"de-DE","@id":"https:\/\/adfinternational.org\/wp-content\/uploads\/2025\/02\/Philipp-Bues-Headshot-150x150.jpg","url":"https:\/\/adfinternational.org\/wp-content\/uploads\/2025\/02\/Philipp-Bues-Headshot-150x150.jpg","contentUrl":"https:\/\/adfinternational.org\/wp-content\/uploads\/2025\/02\/Philipp-Bues-Headshot-150x150.jpg","caption":"Philipp Bues"},"url":"https:\/\/adfinternational.org\/de\/author\/pbuesadfinternational-org"}]}},"_links":{"self":[{"href":"https:\/\/adfinternational.org\/de\/wp-json\/wp\/v2\/posts\/8307","targetHints":{"allow":["GET"]}}],"collection":[{"href":"https:\/\/adfinternational.org\/de\/wp-json\/wp\/v2\/posts"}],"about":[{"href":"https:\/\/adfinternational.org\/de\/wp-json\/wp\/v2\/types\/post"}],"author":[{"embeddable":true,"href":"https:\/\/adfinternational.org\/de\/wp-json\/wp\/v2\/users\/44"}],"replies":[{"embeddable":true,"href":"https:\/\/adfinternational.org\/de\/wp-json\/wp\/v2\/comments?post=8307"}],"version-history":[{"count":0,"href":"https:\/\/adfinternational.org\/de\/wp-json\/wp\/v2\/posts\/8307\/revisions"}],"wp:featuredmedia":[{"embeddable":true,"href":"https:\/\/adfinternational.org\/de\/wp-json\/wp\/v2\/media\/3522"}],"wp:attachment":[{"href":"https:\/\/adfinternational.org\/de\/wp-json\/wp\/v2\/media?parent=8307"}],"wp:term":[{"taxonomy":"category","embeddable":true,"href":"https:\/\/adfinternational.org\/de\/wp-json\/wp\/v2\/categories?post=8307"},{"taxonomy":"post_tag","embeddable":true,"href":"https:\/\/adfinternational.org\/de\/wp-json\/wp\/v2\/tags?post=8307"}],"curies":[{"name":"wp","href":"https:\/\/api.w.org\/{rel}","templated":true}]}}