{"id":8450,"date":"2021-04-30T11:22:19","date_gmt":"2021-04-30T11:22:19","guid":{"rendered":"https:\/\/adfinternational.org\/?p=8450"},"modified":"2025-06-11T11:54:10","modified_gmt":"2025-06-11T09:54:10","slug":"warum-verhaftet-die-polizei-strassenprediger","status":"publish","type":"post","link":"https:\/\/adfinternational.org\/de\/news\/warum-verhaftet-die-polizei-strassenprediger","title":{"rendered":"Warum verhaftet die Polizei Stra\u00dfenprediger?"},"content":{"rendered":"\t\t<div data-elementor-type=\"wp-post\" data-elementor-id=\"8450\" class=\"elementor elementor-8450\" data-elementor-post-type=\"post\">\n\t\t\t\t\t\t<section class=\"elementor-section elementor-top-section elementor-element elementor-element-389ab3c2 elementor-section-boxed elementor-section-height-default elementor-section-height-default\" data-id=\"389ab3c2\" data-element_type=\"section\" data-e-type=\"section\">\n\t\t\t\t\t\t<div class=\"elementor-container elementor-column-gap-default\">\n\t\t\t\t\t<div class=\"elementor-column elementor-col-100 elementor-top-column elementor-element elementor-element-71e7691b\" data-id=\"71e7691b\" data-element_type=\"column\" data-e-type=\"column\">\n\t\t\t<div class=\"elementor-widget-wrap elementor-element-populated\">\n\t\t\t\t\t\t<div class=\"elementor-element elementor-element-7c92b6a4 elementor-widget elementor-widget-text-editor\" data-id=\"7c92b6a4\" data-element_type=\"widget\" data-e-type=\"widget\" data-widget_type=\"text-editor.default\">\n\t\t\t\t<div class=\"elementor-widget-container\">\n\t\t\t\t\t\t\t\t\t<p>Britische Polizei verletzt Rede- und Meinungsfreiheit und ermittelt gegen Stra\u00dfenprediger.<\/p><p><span style=\"font-size: 1rem; letter-spacing: 1.1px;\">Bereits seit 35 Jahren ist John Sherwood ein Pastor im Norden Londons. F\u00fcr ihn ist ein nat\u00fcrlicher Teil seiner Berufung, nicht nur von der Kanzel zu predigen, sondern auch unter freiem Himmel \u2013 was vom britischen Recht eigentlich auch gesch\u00fctzt wird.<\/span><\/p><p><span style=\"font-size: 1rem; letter-spacing: 1.1px;\">Doch am 23. April predigte er \u00fcber das Buch Genesis, welches die angeblich anst\u00f6\u00dfige Aussage enth\u00e4lt: \u201eGott schuf also den Menschen als sein Abbild; als Abbild Gottes schuf er ihn. Als Mann und Frau schuf er sie.\u201d Auf Grundlage dieses Abschnitts sprach er \u00fcber die Ehe zwischen Mann und Frau \u2013 eine nat\u00fcrliche Verbindung, wie sie einst die gro\u00dfe Mehrheit in Gro\u00dfbritannien bef\u00fcrwortet hatte und bis vor kurzem auch noch so im Gesetz vorgeschrieben war.<\/span><\/p><p><span style=\"font-size: 1rem; letter-spacing: 1.1px;\">Das schreibt Paul Colemen im Magazin Spiked. Den Rest des Artikels k\u00f6nnen Sie <a href=\"https:\/\/www.spiked-online.com\/2021\/04\/30\/why-are-the-police-handcuffing-street-preachers\/\">hier auf Englisch lesen.<\/a><\/span><\/p><p><span style=\"font-size: 1rem; letter-spacing: 1.1px;\"><i>Bilder zur freien Verwendung in Print oder Online, aber nur im Zusammenhang mit diesem Beitrag.<\/i><\/span><\/p>\t\t\t\t\t\t\t\t<\/div>\n\t\t\t\t<\/div>\n\t\t\t\t<div class=\"elementor-element elementor-element-780148d9 elementor-widget-divider--view-line elementor-widget elementor-widget-divider\" data-id=\"780148d9\" data-element_type=\"widget\" data-e-type=\"widget\" data-widget_type=\"divider.default\">\n\t\t\t\t<div class=\"elementor-widget-container\">\n\t\t\t\t\t\t\t<div class=\"elementor-divider\">\n\t\t\t<span class=\"elementor-divider-separator\">\n\t\t\t\t\t\t<\/span>\n\t\t<\/div>\n\t\t\t\t\t\t<\/div>\n\t\t\t\t<\/div>\n\t\t\t\t<div class=\"elementor-element elementor-element-d58b315 elementor-widget elementor-widget-gallery\" data-id=\"d58b315\" data-element_type=\"widget\" data-e-type=\"widget\" data-settings=\"{&quot;aspect_ratio&quot;:&quot;1:1&quot;,&quot;lazyload&quot;:&quot;yes&quot;,&quot;gallery_layout&quot;:&quot;grid&quot;,&quot;columns&quot;:4,&quot;columns_tablet&quot;:2,&quot;columns_mobile&quot;:1,&quot;gap&quot;:{&quot;unit&quot;:&quot;px&quot;,&quot;size&quot;:10,&quot;sizes&quot;:[]},&quot;gap_tablet&quot;:{&quot;unit&quot;:&quot;px&quot;,&quot;size&quot;:10,&quot;sizes&quot;:[]},&quot;gap_mobile&quot;:{&quot;unit&quot;:&quot;px&quot;,&quot;size&quot;:10,&quot;sizes&quot;:[]},&quot;link_to&quot;:&quot;file&quot;,&quot;overlay_background&quot;:&quot;yes&quot;,&quot;content_hover_animation&quot;:&quot;fade-in&quot;}\" data-widget_type=\"gallery.default\">\n\t\t\t\t<div class=\"elementor-widget-container\">\n\t\t\t\t\t\t\t<div class=\"elementor-gallery__container\">\n\t\t\t\t\t\t\t<a class=\"e-gallery-item elementor-gallery-item elementor-animated-content\" href=\"https:\/\/adfinternational.org\/wp-content\/uploads\/2022\/06\/Paul_Coleman_2-200x200-2.jpg\" data-elementor-open-lightbox=\"yes\" data-elementor-lightbox-slideshow=\"d58b315\" data-elementor-lightbox-title=\"Paul_Coleman_2-200x200\" data-e-action-hash=\"#elementor-action%3Aaction%3Dlightbox%26settings%3DeyJpZCI6ODI1MywidXJsIjoiaHR0cHM6XC9cL2FkZmludGVybmF0aW9uYWwub3JnXC93cC1jb250ZW50XC91cGxvYWRzXC8yMDIyXC8wNlwvUGF1bF9Db2xlbWFuXzItMjAweDIwMC0yLmpwZyIsInNsaWRlc2hvdyI6ImQ1OGIzMTUifQ%3D%3D\">\n\t\t\t\t\t<div class=\"e-gallery-image elementor-gallery-item__image\" data-thumbnail=\"https:\/\/adfinternational.org\/wp-content\/uploads\/2022\/06\/Paul_Coleman_2-200x200-2.jpg\" data-width=\"200\" data-height=\"200\" aria-label=\"\" role=\"img\" ><\/div>\n\t\t\t\t\t\t\t\t\t\t\t<div class=\"elementor-gallery-item__overlay\"><\/div>\n\t\t\t\t\t\t\t\t\t\t\t\t\t\t<\/a>\n\t\t\t\t\t<\/div>\n\t\t\t\t\t<\/div>\n\t\t\t\t<\/div>\n\t\t\t\t\t<\/div>\n\t\t<\/div>\n\t\t\t\t\t<\/div>\n\t\t<\/section>\n\t\t\t\t<\/div>\n\t\t","protected":false},"excerpt":{"rendered":"<p>Britische Polizei verletzt Rede- und Meinungsfreiheit und ermittelt gegen Stra\u00dfenprediger. Bereits seit 35 Jahren ist John Sherwood ein Pastor im Norden Londons. F\u00fcr ihn ist ein nat\u00fcrlicher Teil seiner Berufung, nicht nur von der Kanzel zu predigen, sondern auch unter freiem Himmel \u2013 was vom britischen Recht eigentlich auch gesch\u00fctzt wird. Doch am 23. April [&hellip;]<\/p>\n","protected":false},"author":44,"featured_media":8459,"comment_status":"closed","ping_status":"closed","sticky":false,"template":"","format":"standard","meta":{"_acf_changed":true,"give_campaign_id":0,"footnotes":""},"categories":[434],"tags":[428],"class_list":["post-8450","post","type-post","status-publish","format-standard","has-post-thumbnail","hentry","category-news","tag-kommentar"],"acf":[],"yoast_head":"<!-- This site is optimized with the Yoast SEO Premium plugin v27.4 (Yoast SEO v27.4) - https:\/\/yoast.com\/product\/yoast-seo-premium-wordpress\/ -->\n<title>Warum verhaftet die Polizei Stra\u00dfenprediger? - ADF International<\/title>\n<meta name=\"robots\" content=\"index, follow, max-snippet:-1, max-image-preview:large, max-video-preview:-1\" \/>\n<link rel=\"canonical\" href=\"https:\/\/adfinternational.org\/de\/news\/warum-verhaftet-die-polizei-strassenprediger\" \/>\n<meta property=\"og:locale\" content=\"de_DE\" \/>\n<meta property=\"og:type\" content=\"article\" \/>\n<meta property=\"og:title\" content=\"Warum verhaftet die Polizei Stra\u00dfenprediger?\" \/>\n<meta property=\"og:description\" content=\"Britische Polizei verletzt Rede- und Meinungsfreiheit und ermittelt gegen Stra\u00dfenprediger. Bereits seit 35 Jahren ist John Sherwood ein Pastor im Norden Londons. F\u00fcr ihn ist ein nat\u00fcrlicher Teil seiner Berufung, nicht nur von der Kanzel zu predigen, sondern auch unter freiem Himmel \u2013 was vom britischen Recht eigentlich auch gesch\u00fctzt wird. Doch am 23. April [&hellip;]\" \/>\n<meta property=\"og:url\" content=\"https:\/\/adfinternational.org\/de\/news\/warum-verhaftet-die-polizei-strassenprediger\" \/>\n<meta property=\"og:site_name\" content=\"ADF International\" \/>\n<meta property=\"article:publisher\" content=\"https:\/\/facebook.com\/adfinternational\" \/>\n<meta property=\"article:published_time\" content=\"2021-04-30T11:22:19+00:00\" \/>\n<meta property=\"article:modified_time\" content=\"2025-06-11T09:54:10+00:00\" \/>\n<meta property=\"og:image\" content=\"https:\/\/adfinternational.org\/wp-content\/uploads\/2021\/04\/bigstock-London-Uk-July-Two-Br-314488354.jpg\" \/>\n\t<meta property=\"og:image:width\" content=\"1900\" \/>\n\t<meta property=\"og:image:height\" content=\"853\" \/>\n\t<meta property=\"og:image:type\" content=\"image\/jpeg\" \/>\n<meta name=\"author\" content=\"Philipp Bues\" \/>\n<meta name=\"twitter:card\" content=\"summary_large_image\" \/>\n<meta name=\"twitter:creator\" content=\"@adfintl\" \/>\n<meta name=\"twitter:site\" content=\"@adfintl\" \/>\n<meta name=\"twitter:label1\" content=\"Verfasst von\" \/>\n\t<meta name=\"twitter:data1\" content=\"Philipp Bues\" \/>\n\t<meta name=\"twitter:label2\" content=\"Gesch\u00e4tzte Lesezeit\" \/>\n\t<meta name=\"twitter:data2\" content=\"1 Minute\" \/>\n<script type=\"application\/ld+json\" class=\"yoast-schema-graph\">{\"@context\":\"https:\\\/\\\/schema.org\",\"@graph\":[{\"@type\":\"Article\",\"@id\":\"https:\\\/\\\/adfinternational.org\\\/de\\\/news\\\/warum-verhaftet-die-polizei-strassenprediger#article\",\"isPartOf\":{\"@id\":\"https:\\\/\\\/adfinternational.org\\\/de\\\/news\\\/warum-verhaftet-die-polizei-strassenprediger\"},\"author\":{\"name\":\"Philipp Bues\",\"@id\":\"https:\\\/\\\/adfinternational.org\\\/de\\\/#\\\/schema\\\/person\\\/6b776fc8535453c6aad8a6f9d78e6141\"},\"headline\":\"Warum verhaftet die Polizei Stra\u00dfenprediger?\",\"datePublished\":\"2021-04-30T11:22:19+00:00\",\"dateModified\":\"2025-06-11T09:54:10+00:00\",\"mainEntityOfPage\":{\"@id\":\"https:\\\/\\\/adfinternational.org\\\/de\\\/news\\\/warum-verhaftet-die-polizei-strassenprediger\"},\"wordCount\":171,\"publisher\":{\"@id\":\"https:\\\/\\\/adfinternational.org\\\/de\\\/#organization\"},\"image\":{\"@id\":\"https:\\\/\\\/adfinternational.org\\\/de\\\/news\\\/warum-verhaftet-die-polizei-strassenprediger#primaryimage\"},\"thumbnailUrl\":\"https:\\\/\\\/adfinternational.org\\\/wp-content\\\/uploads\\\/2021\\\/04\\\/bigstock-London-Uk-July-Two-Br-314488354.jpg\",\"keywords\":[\"Kommentar\"],\"articleSection\":[\"News\"],\"inLanguage\":\"de-DE\"},{\"@type\":\"WebPage\",\"@id\":\"https:\\\/\\\/adfinternational.org\\\/de\\\/news\\\/warum-verhaftet-die-polizei-strassenprediger\",\"url\":\"https:\\\/\\\/adfinternational.org\\\/de\\\/news\\\/warum-verhaftet-die-polizei-strassenprediger\",\"name\":\"Warum verhaftet die Polizei Stra\u00dfenprediger? - ADF International\",\"isPartOf\":{\"@id\":\"https:\\\/\\\/adfinternational.org\\\/de\\\/#website\"},\"primaryImageOfPage\":{\"@id\":\"https:\\\/\\\/adfinternational.org\\\/de\\\/news\\\/warum-verhaftet-die-polizei-strassenprediger#primaryimage\"},\"image\":{\"@id\":\"https:\\\/\\\/adfinternational.org\\\/de\\\/news\\\/warum-verhaftet-die-polizei-strassenprediger#primaryimage\"},\"thumbnailUrl\":\"https:\\\/\\\/adfinternational.org\\\/wp-content\\\/uploads\\\/2021\\\/04\\\/bigstock-London-Uk-July-Two-Br-314488354.jpg\",\"datePublished\":\"2021-04-30T11:22:19+00:00\",\"dateModified\":\"2025-06-11T09:54:10+00:00\",\"breadcrumb\":{\"@id\":\"https:\\\/\\\/adfinternational.org\\\/de\\\/news\\\/warum-verhaftet-die-polizei-strassenprediger#breadcrumb\"},\"inLanguage\":\"de-DE\",\"potentialAction\":[{\"@type\":\"ReadAction\",\"target\":[\"https:\\\/\\\/adfinternational.org\\\/de\\\/news\\\/warum-verhaftet-die-polizei-strassenprediger\"]}]},{\"@type\":\"ImageObject\",\"inLanguage\":\"de-DE\",\"@id\":\"https:\\\/\\\/adfinternational.org\\\/de\\\/news\\\/warum-verhaftet-die-polizei-strassenprediger#primaryimage\",\"url\":\"https:\\\/\\\/adfinternational.org\\\/wp-content\\\/uploads\\\/2021\\\/04\\\/bigstock-London-Uk-July-Two-Br-314488354.jpg\",\"contentUrl\":\"https:\\\/\\\/adfinternational.org\\\/wp-content\\\/uploads\\\/2021\\\/04\\\/bigstock-London-Uk-July-Two-Br-314488354.jpg\",\"width\":1900,\"height\":853,\"caption\":\"London, UK, July, 2019. Two British Police officers patrolling the streets of England wearing stab vests. Oxford Street\"},{\"@type\":\"BreadcrumbList\",\"@id\":\"https:\\\/\\\/adfinternational.org\\\/de\\\/news\\\/warum-verhaftet-die-polizei-strassenprediger#breadcrumb\",\"itemListElement\":[{\"@type\":\"ListItem\",\"position\":1,\"name\":\"Home\",\"item\":\"https:\\\/\\\/adfinternational.org\\\/de\"},{\"@type\":\"ListItem\",\"position\":2,\"name\":\"Warum verhaftet die Polizei Stra\u00dfenprediger?\"}]},{\"@type\":\"WebSite\",\"@id\":\"https:\\\/\\\/adfinternational.org\\\/de\\\/#website\",\"url\":\"https:\\\/\\\/adfinternational.org\\\/de\\\/\",\"name\":\"ADF International\",\"description\":\"Protecting Fundamental Freedoms. Promoting Inherent Dignity.\",\"publisher\":{\"@id\":\"https:\\\/\\\/adfinternational.org\\\/de\\\/#organization\"},\"potentialAction\":[{\"@type\":\"SearchAction\",\"target\":{\"@type\":\"EntryPoint\",\"urlTemplate\":\"https:\\\/\\\/adfinternational.org\\\/de\\\/?s={search_term_string}\"},\"query-input\":{\"@type\":\"PropertyValueSpecification\",\"valueRequired\":true,\"valueName\":\"search_term_string\"}}],\"inLanguage\":\"de-DE\"},{\"@type\":\"Organization\",\"@id\":\"https:\\\/\\\/adfinternational.org\\\/de\\\/#organization\",\"name\":\"Alliance Defending Freedom International\",\"url\":\"https:\\\/\\\/adfinternational.org\\\/de\\\/\",\"logo\":{\"@type\":\"ImageObject\",\"inLanguage\":\"de-DE\",\"@id\":\"https:\\\/\\\/adfinternational.org\\\/de\\\/#\\\/schema\\\/logo\\\/image\\\/\",\"url\":\"https:\\\/\\\/adfinternational.org\\\/wp-content\\\/uploads\\\/2021\\\/08\\\/ADF_Intl_R_RGB_175px.png\",\"contentUrl\":\"https:\\\/\\\/adfinternational.org\\\/wp-content\\\/uploads\\\/2021\\\/08\\\/ADF_Intl_R_RGB_175px.png\",\"width\":175,\"height\":106,\"caption\":\"Alliance Defending Freedom International\"},\"image\":{\"@id\":\"https:\\\/\\\/adfinternational.org\\\/de\\\/#\\\/schema\\\/logo\\\/image\\\/\"},\"sameAs\":[\"https:\\\/\\\/facebook.com\\\/adfinternational\",\"https:\\\/\\\/x.com\\\/adfintl\",\"https:\\\/\\\/www.linkedin.com\\\/company\\\/adfinternational\",\"https:\\\/\\\/www.instagram.com\\\/adfinternational\\\/\"]},{\"@type\":\"Person\",\"@id\":\"https:\\\/\\\/adfinternational.org\\\/de\\\/#\\\/schema\\\/person\\\/6b776fc8535453c6aad8a6f9d78e6141\",\"name\":\"Philipp Bues\",\"image\":{\"@type\":\"ImageObject\",\"inLanguage\":\"de-DE\",\"@id\":\"https:\\\/\\\/adfinternational.org\\\/wp-content\\\/uploads\\\/2025\\\/02\\\/Philipp-Bues-Headshot-150x150.jpg\",\"url\":\"https:\\\/\\\/adfinternational.org\\\/wp-content\\\/uploads\\\/2025\\\/02\\\/Philipp-Bues-Headshot-150x150.jpg\",\"contentUrl\":\"https:\\\/\\\/adfinternational.org\\\/wp-content\\\/uploads\\\/2025\\\/02\\\/Philipp-Bues-Headshot-150x150.jpg\",\"caption\":\"Philipp Bues\"},\"url\":\"https:\\\/\\\/adfinternational.org\\\/de\\\/author\\\/pbuesadfinternational-org\"}]}<\/script>\n<!-- \/ Yoast SEO Premium plugin. -->","yoast_head_json":{"title":"Warum verhaftet die Polizei Stra\u00dfenprediger? - ADF International","robots":{"index":"index","follow":"follow","max-snippet":"max-snippet:-1","max-image-preview":"max-image-preview:large","max-video-preview":"max-video-preview:-1"},"canonical":"https:\/\/adfinternational.org\/de\/news\/warum-verhaftet-die-polizei-strassenprediger","og_locale":"de_DE","og_type":"article","og_title":"Warum verhaftet die Polizei Stra\u00dfenprediger?","og_description":"Britische Polizei verletzt Rede- und Meinungsfreiheit und ermittelt gegen Stra\u00dfenprediger. Bereits seit 35 Jahren ist John Sherwood ein Pastor im Norden Londons. F\u00fcr ihn ist ein nat\u00fcrlicher Teil seiner Berufung, nicht nur von der Kanzel zu predigen, sondern auch unter freiem Himmel \u2013 was vom britischen Recht eigentlich auch gesch\u00fctzt wird. Doch am 23. April [&hellip;]","og_url":"https:\/\/adfinternational.org\/de\/news\/warum-verhaftet-die-polizei-strassenprediger","og_site_name":"ADF International","article_publisher":"https:\/\/facebook.com\/adfinternational","article_published_time":"2021-04-30T11:22:19+00:00","article_modified_time":"2025-06-11T09:54:10+00:00","og_image":[{"width":1900,"height":853,"url":"https:\/\/adfinternational.org\/wp-content\/uploads\/2021\/04\/bigstock-London-Uk-July-Two-Br-314488354.jpg","type":"image\/jpeg"}],"author":"Philipp Bues","twitter_card":"summary_large_image","twitter_creator":"@adfintl","twitter_site":"@adfintl","twitter_misc":{"Verfasst von":"Philipp Bues","Gesch\u00e4tzte Lesezeit":"1 Minute"},"schema":{"@context":"https:\/\/schema.org","@graph":[{"@type":"Article","@id":"https:\/\/adfinternational.org\/de\/news\/warum-verhaftet-die-polizei-strassenprediger#article","isPartOf":{"@id":"https:\/\/adfinternational.org\/de\/news\/warum-verhaftet-die-polizei-strassenprediger"},"author":{"name":"Philipp Bues","@id":"https:\/\/adfinternational.org\/de\/#\/schema\/person\/6b776fc8535453c6aad8a6f9d78e6141"},"headline":"Warum verhaftet die Polizei Stra\u00dfenprediger?","datePublished":"2021-04-30T11:22:19+00:00","dateModified":"2025-06-11T09:54:10+00:00","mainEntityOfPage":{"@id":"https:\/\/adfinternational.org\/de\/news\/warum-verhaftet-die-polizei-strassenprediger"},"wordCount":171,"publisher":{"@id":"https:\/\/adfinternational.org\/de\/#organization"},"image":{"@id":"https:\/\/adfinternational.org\/de\/news\/warum-verhaftet-die-polizei-strassenprediger#primaryimage"},"thumbnailUrl":"https:\/\/adfinternational.org\/wp-content\/uploads\/2021\/04\/bigstock-London-Uk-July-Two-Br-314488354.jpg","keywords":["Kommentar"],"articleSection":["News"],"inLanguage":"de-DE"},{"@type":"WebPage","@id":"https:\/\/adfinternational.org\/de\/news\/warum-verhaftet-die-polizei-strassenprediger","url":"https:\/\/adfinternational.org\/de\/news\/warum-verhaftet-die-polizei-strassenprediger","name":"Warum verhaftet die Polizei Stra\u00dfenprediger? - ADF International","isPartOf":{"@id":"https:\/\/adfinternational.org\/de\/#website"},"primaryImageOfPage":{"@id":"https:\/\/adfinternational.org\/de\/news\/warum-verhaftet-die-polizei-strassenprediger#primaryimage"},"image":{"@id":"https:\/\/adfinternational.org\/de\/news\/warum-verhaftet-die-polizei-strassenprediger#primaryimage"},"thumbnailUrl":"https:\/\/adfinternational.org\/wp-content\/uploads\/2021\/04\/bigstock-London-Uk-July-Two-Br-314488354.jpg","datePublished":"2021-04-30T11:22:19+00:00","dateModified":"2025-06-11T09:54:10+00:00","breadcrumb":{"@id":"https:\/\/adfinternational.org\/de\/news\/warum-verhaftet-die-polizei-strassenprediger#breadcrumb"},"inLanguage":"de-DE","potentialAction":[{"@type":"ReadAction","target":["https:\/\/adfinternational.org\/de\/news\/warum-verhaftet-die-polizei-strassenprediger"]}]},{"@type":"ImageObject","inLanguage":"de-DE","@id":"https:\/\/adfinternational.org\/de\/news\/warum-verhaftet-die-polizei-strassenprediger#primaryimage","url":"https:\/\/adfinternational.org\/wp-content\/uploads\/2021\/04\/bigstock-London-Uk-July-Two-Br-314488354.jpg","contentUrl":"https:\/\/adfinternational.org\/wp-content\/uploads\/2021\/04\/bigstock-London-Uk-July-Two-Br-314488354.jpg","width":1900,"height":853,"caption":"London, UK, July, 2019. Two British Police officers patrolling the streets of England wearing stab vests. Oxford Street"},{"@type":"BreadcrumbList","@id":"https:\/\/adfinternational.org\/de\/news\/warum-verhaftet-die-polizei-strassenprediger#breadcrumb","itemListElement":[{"@type":"ListItem","position":1,"name":"Home","item":"https:\/\/adfinternational.org\/de"},{"@type":"ListItem","position":2,"name":"Warum verhaftet die Polizei Stra\u00dfenprediger?"}]},{"@type":"WebSite","@id":"https:\/\/adfinternational.org\/de\/#website","url":"https:\/\/adfinternational.org\/de\/","name":"ADF International","description":"Protecting Fundamental Freedoms. Promoting Inherent Dignity.","publisher":{"@id":"https:\/\/adfinternational.org\/de\/#organization"},"potentialAction":[{"@type":"SearchAction","target":{"@type":"EntryPoint","urlTemplate":"https:\/\/adfinternational.org\/de\/?s={search_term_string}"},"query-input":{"@type":"PropertyValueSpecification","valueRequired":true,"valueName":"search_term_string"}}],"inLanguage":"de-DE"},{"@type":"Organization","@id":"https:\/\/adfinternational.org\/de\/#organization","name":"Alliance Defending Freedom International","url":"https:\/\/adfinternational.org\/de\/","logo":{"@type":"ImageObject","inLanguage":"de-DE","@id":"https:\/\/adfinternational.org\/de\/#\/schema\/logo\/image\/","url":"https:\/\/adfinternational.org\/wp-content\/uploads\/2021\/08\/ADF_Intl_R_RGB_175px.png","contentUrl":"https:\/\/adfinternational.org\/wp-content\/uploads\/2021\/08\/ADF_Intl_R_RGB_175px.png","width":175,"height":106,"caption":"Alliance Defending Freedom International"},"image":{"@id":"https:\/\/adfinternational.org\/de\/#\/schema\/logo\/image\/"},"sameAs":["https:\/\/facebook.com\/adfinternational","https:\/\/x.com\/adfintl","https:\/\/www.linkedin.com\/company\/adfinternational","https:\/\/www.instagram.com\/adfinternational\/"]},{"@type":"Person","@id":"https:\/\/adfinternational.org\/de\/#\/schema\/person\/6b776fc8535453c6aad8a6f9d78e6141","name":"Philipp Bues","image":{"@type":"ImageObject","inLanguage":"de-DE","@id":"https:\/\/adfinternational.org\/wp-content\/uploads\/2025\/02\/Philipp-Bues-Headshot-150x150.jpg","url":"https:\/\/adfinternational.org\/wp-content\/uploads\/2025\/02\/Philipp-Bues-Headshot-150x150.jpg","contentUrl":"https:\/\/adfinternational.org\/wp-content\/uploads\/2025\/02\/Philipp-Bues-Headshot-150x150.jpg","caption":"Philipp Bues"},"url":"https:\/\/adfinternational.org\/de\/author\/pbuesadfinternational-org"}]}},"_links":{"self":[{"href":"https:\/\/adfinternational.org\/de\/wp-json\/wp\/v2\/posts\/8450","targetHints":{"allow":["GET"]}}],"collection":[{"href":"https:\/\/adfinternational.org\/de\/wp-json\/wp\/v2\/posts"}],"about":[{"href":"https:\/\/adfinternational.org\/de\/wp-json\/wp\/v2\/types\/post"}],"author":[{"embeddable":true,"href":"https:\/\/adfinternational.org\/de\/wp-json\/wp\/v2\/users\/44"}],"replies":[{"embeddable":true,"href":"https:\/\/adfinternational.org\/de\/wp-json\/wp\/v2\/comments?post=8450"}],"version-history":[{"count":0,"href":"https:\/\/adfinternational.org\/de\/wp-json\/wp\/v2\/posts\/8450\/revisions"}],"wp:featuredmedia":[{"embeddable":true,"href":"https:\/\/adfinternational.org\/de\/wp-json\/wp\/v2\/media\/8459"}],"wp:attachment":[{"href":"https:\/\/adfinternational.org\/de\/wp-json\/wp\/v2\/media?parent=8450"}],"wp:term":[{"taxonomy":"category","embeddable":true,"href":"https:\/\/adfinternational.org\/de\/wp-json\/wp\/v2\/categories?post=8450"},{"taxonomy":"post_tag","embeddable":true,"href":"https:\/\/adfinternational.org\/de\/wp-json\/wp\/v2\/tags?post=8450"}],"curies":[{"name":"wp","href":"https:\/\/api.w.org\/{rel}","templated":true}]}}