{"id":8497,"date":"2021-05-14T07:23:23","date_gmt":"2021-05-14T07:23:23","guid":{"rendered":"https:\/\/adfinternational.org\/?p=8497"},"modified":"2025-06-11T11:54:16","modified_gmt":"2025-06-11T09:54:16","slug":"vier-von-fuenf-menschen-leben-in-laendern-mit-schwerwiegenden-einschraenkungen-der-religionsfreiheit","status":"publish","type":"post","link":"https:\/\/adfinternational.org\/de\/kommentar\/vier-von-fuenf-menschen-leben-in-laendern-mit-schwerwiegenden-einschraenkungen-der-religionsfreiheit","title":{"rendered":"\u201e4 von 5 Menschen leben in L\u00e4ndern mit schwerwiegenden Einschr\u00e4nkungen der Religionsfreiheit\u201c"},"content":{"rendered":"\t\t<div data-elementor-type=\"wp-post\" data-elementor-id=\"8497\" class=\"elementor elementor-8497\" data-elementor-post-type=\"post\">\n\t\t\t\t\t\t<section class=\"elementor-section elementor-top-section elementor-element elementor-element-464528cc elementor-section-boxed elementor-section-height-default elementor-section-height-default\" data-id=\"464528cc\" data-element_type=\"section\" data-e-type=\"section\">\n\t\t\t\t\t\t<div class=\"elementor-container elementor-column-gap-default\">\n\t\t\t\t\t<div class=\"elementor-column elementor-col-100 elementor-top-column elementor-element elementor-element-314ffc06\" data-id=\"314ffc06\" data-element_type=\"column\" data-e-type=\"column\">\n\t\t\t<div class=\"elementor-widget-wrap elementor-element-populated\">\n\t\t\t\t\t\t<div class=\"elementor-element elementor-element-19f5e316 elementor-widget elementor-widget-text-editor\" data-id=\"19f5e316\" data-element_type=\"widget\" data-e-type=\"widget\" data-widget_type=\"text-editor.default\">\n\t\t\t\t<div class=\"elementor-widget-container\">\n\t\t\t\t\t\t\t\t\t<ul><li>US-Au\u00dfenministerium ver\u00f6ffentlicht Jahresbericht 2020 zur internationalen Religionsfreiheit<\/li><li>Verbesserung in manchen L\u00e4ndern, aber religi\u00f6se Verfolgung nimmt weltweit weiter zu<\/li><\/ul>\t\t\t\t\t\t\t\t<\/div>\n\t\t\t\t<\/div>\n\t\t\t\t<div class=\"elementor-element elementor-element-493148b6 elementor-widget elementor-widget-text-editor\" data-id=\"493148b6\" data-element_type=\"widget\" data-e-type=\"widget\" data-widget_type=\"text-editor.default\">\n\t\t\t\t<div class=\"elementor-widget-container\">\n\t\t\t\t\t\t\t\t\t<p><b>WASHINGTON DC<\/b> (14. Mai 2021) \u2013 Weltweit lebt ein Gro\u00dfteil der Menschen in einem Umfeld mit erheblichen Einschr\u00e4nkungen der Religionsfreiheit. Zu diesem Ergebnis kommt US-Au\u00dfenminister Blinken bei seiner Vorstellung des Jahresberichts <a href=\"https:\/\/www.state.gov\/reports\/2020-report-on-international-religious-freedom\/\">2020 des US-Au\u00dfenministeriums zur internationalen Religionsfreiheit.<\/a> Der Bericht \u201euntersucht die Religionsfreiheit in jedem Land\u201c au\u00dferhalb der Vereinigten Staaten. Darin werden einige Erfolge f\u00fcr die Religionsfreiheit im vergangenen Jahr festgestellt, wie die Aufhebung der Apostasiegesetze im Sudan und die Freilassung von bestimmten Gefangenen in Usbekistan. Aber die Verfolgung religi\u00f6ser Gruppen hat auch zugenommen, etwa in L\u00e4ndern wie China, Myanmar, Nigeria und im Iran.<\/p><p><span style=\"font-size: 1rem; letter-spacing: 1.1px;\">\u201eNiemand sollte wegen seines Glaubens verfolgt werden. Dieser Bericht beschreibt die riesigen Herausforderungen, unter denen religi\u00f6se Minderheiten, einschlie\u00dflich Christen, weltweit leiden. Wir m\u00fcssen mitansehen, wie sowohl autorit\u00e4re Regime als auch militante Gruppen die Religionsaus\u00fcbung im Privaten und in der \u00d6ffentlichkeit stark einschr\u00e4nken und religi\u00f6sen Minderheiten Grausamkeiten angetan werden \u2013 bis hin zum V\u00f6lkermord. Wir fordern alle Regierungen auf, die notwendigen Ma\u00dfnahmen zu ergreifen, um sicherzustellen, dass die Religionsfreiheit weltweit gesch\u00fctzt ist\u201c, sagte Kelsey Zorzi, Leiterin der Rechtsabteilung f\u00fcr globale Religionsfreiheit bei ADF International.<\/span><\/p><p>\u00a0<\/p><p><b>Weltweit Angriffe auf Religionsfreiheit<\/b><\/p><p><span style=\"font-size: 1rem; letter-spacing: 1.1px;\">Laut dem Bericht des US-Au\u00dfenministeriums sowie weiteren Berichten anderer Regierungen nimmt die religi\u00f6se Verfolgung weltweit zu. Dan Nadel, Leiter der Abteilung f\u00fcr Internationale Religionsfreiheit betonte, dass \u201evier von f\u00fcnf Menschen auf der Welt in einem Umfeld mit schwerwiegenden Einschr\u00e4nkungen der Religionsfreiheit leben.\u201c<\/span><\/p><p><span style=\"font-size: 1rem; letter-spacing: 1.1px;\">In einigen L\u00e4nder gibt es jedoch auch Verbesserungen. Au\u00dfenminister Blinken wies auf die Bem\u00fchungen in Turkmenistan hin, sechzehn Zeugen Jehovas freizulassen, die aus Gewissensgr\u00fcnden den Milit\u00e4rdienst verweigert hatten.<\/span><\/p><p>\u00a0<\/p><p><b>Besonders besorgniserregende L\u00e4nder<\/b><\/p><p><span style=\"font-size: 1rem; letter-spacing: 1.1px;\">Dennoch wird in anderen L\u00e4ndern die Verfolgung religi\u00f6ser Minderheiten fortgesetzt oder sogar verst\u00e4rkt. Minister Blinken stellte fest, dass China \u201ereligi\u00f6se \u00c4u\u00dferungen weitgehend kriminalisiert und weiterhin Verbrechen gegen die Menschlichkeit und V\u00f6lkermord an muslimischen Uiguren und anderen religi\u00f6sen und ethnischen Minderheiten begeht\u201c. Er f\u00fchrt auch Saudi-Arabien an \u2013 das einzige Land, in dem es keine christliche Kirche gibt, obwohl dort \u00fcber eine Million Christen leben.<\/span><\/p><p><span style=\"font-size: 1rem; letter-spacing: 1.1px;\">Er betonte, dass in Myanmar die F\u00fchrer des j\u00fcngsten Milit\u00e4rputsches f\u00fcr schwere Gr\u00e4ueltaten gegen religi\u00f6se und ethnische Minderheiten, einschlie\u00dflich der Rohingya-Muslime, verantwortlich sind. Minister Blinken k\u00fcndigte auch Sanktionen an gegen den chinesischen Beamten Yu Hui wegen dessen Beteiligung an \u201egroben Menschenrechtsverletzungen\u201c gegen Falun-Gong-Anh\u00e4nger.<\/span><\/p><p>\u00a0<\/p><p><b>Identifizierung der schlimmsten Menschenrechtsverletzer<\/b><\/p><p><span style=\"font-size: 1rem; letter-spacing: 1.1px;\">Der International Religious Freedom Act (IRFA) verpflichtet das Au\u00dfenministerium zu einem j\u00e4hrlichen Bericht \u00fcber die Lage der internationalen Religionsfreiheit. Das IRFA schreibt au\u00dferdem vor, dass das Au\u00dfenministerium innerhalb von 180 Tagen nach Ver\u00f6ffentlichung des Berichts jene L\u00e4nder bekannt geben muss, die als besonders besorgniserregende L\u00e4nder eingestuft oder unter besondere Beobachtung gestellt werden.<\/span><\/p><p><span style=\"font-size: 1rem; letter-spacing: 1.1px;\">\u201eWir sind dankbar, dass die schlimmsten Verletzer der Menschenrechte \u00f6ffentlich bekannt gemacht werden\u201c, sagte Tony Perkins, stellvertretender Vorsitzender der US-Kommission f\u00fcr internationale Religionsfreiheit. Gleichzeitig m\u00fcssen die Vereinigten Staaten gegen\u00fcber diesen L\u00e4ndern auch t\u00e4tig werden, um die Regierungen f\u00fcr ihre schrecklichen Verletzungen der Religionsfreiheit zur Verantwortung zu ziehen.<\/span><\/p><p><span style=\"font-size: 1rem; letter-spacing: 1.1px;\"><i>Bilder zur freien Verwendung in Print oder Online, aber nur im Zusammenhang mit diesem Beitrag<\/i><\/span><\/p>\t\t\t\t\t\t\t\t<\/div>\n\t\t\t\t<\/div>\n\t\t\t\t<div class=\"elementor-element elementor-element-4c863e78 elementor-widget-divider--view-line elementor-widget elementor-widget-divider\" data-id=\"4c863e78\" data-element_type=\"widget\" data-e-type=\"widget\" data-widget_type=\"divider.default\">\n\t\t\t\t<div class=\"elementor-widget-container\">\n\t\t\t\t\t\t\t<div class=\"elementor-divider\">\n\t\t\t<span class=\"elementor-divider-separator\">\n\t\t\t\t\t\t<\/span>\n\t\t<\/div>\n\t\t\t\t\t\t<\/div>\n\t\t\t\t<\/div>\n\t\t\t\t<div class=\"elementor-element elementor-element-59f6f5d elementor-widget elementor-widget-image\" data-id=\"59f6f5d\" data-element_type=\"widget\" data-e-type=\"widget\" data-widget_type=\"image.default\">\n\t\t\t\t<div class=\"elementor-widget-container\">\n\t\t\t\t\t\t\t\t\t\t\t\t\t\t\t<img decoding=\"async\" width=\"150\" height=\"150\" src=\"https:\/\/adfinternational.org\/wp-content\/uploads\/2022\/06\/Kelsey_Zorzi_400x400-200x200-1-150x150.jpg\" class=\"attachment-thumbnail size-thumbnail wp-image-8258\" alt=\"\" srcset=\"https:\/\/adfinternational.org\/wp-content\/uploads\/2022\/06\/Kelsey_Zorzi_400x400-200x200-1-150x150.jpg 150w, https:\/\/adfinternational.org\/wp-content\/uploads\/2022\/06\/Kelsey_Zorzi_400x400-200x200-1.jpg 200w\" sizes=\"(max-width: 150px) 100vw, 150px\" \/>\t\t\t\t\t\t\t\t\t\t\t\t\t\t\t<\/div>\n\t\t\t\t<\/div>\n\t\t\t\t\t<\/div>\n\t\t<\/div>\n\t\t\t\t\t<\/div>\n\t\t<\/section>\n\t\t\t\t<\/div>\n\t\t","protected":false},"excerpt":{"rendered":"<p>US-Au\u00dfenministerium ver\u00f6ffentlicht Jahresbericht 2020 zur internationalen Religionsfreiheit Verbesserung in manchen L\u00e4ndern, aber religi\u00f6se Verfolgung nimmt weltweit weiter zu WASHINGTON DC (14. Mai 2021) \u2013 Weltweit lebt ein Gro\u00dfteil der Menschen in einem Umfeld mit erheblichen Einschr\u00e4nkungen der Religionsfreiheit. Zu diesem Ergebnis kommt US-Au\u00dfenminister Blinken bei seiner Vorstellung des Jahresberichts 2020 des US-Au\u00dfenministeriums zur internationalen Religionsfreiheit. [&hellip;]<\/p>\n","protected":false},"author":44,"featured_media":3464,"comment_status":"closed","ping_status":"closed","sticky":false,"template":"","format":"standard","meta":{"_acf_changed":true,"give_campaign_id":0,"footnotes":""},"categories":[1106],"tags":[428],"class_list":["post-8497","post","type-post","status-publish","format-standard","has-post-thumbnail","hentry","category-kommentar","tag-kommentar"],"acf":[],"yoast_head":"<!-- This site is optimized with the Yoast SEO Premium plugin v27.4 (Yoast SEO v27.4) - https:\/\/yoast.com\/product\/yoast-seo-premium-wordpress\/ -->\n<title>Vier von f\u00fcnf Menschen leben in L\u00e4ndern mit schwerwiegenden Einschr\u00e4nkungen der Religionsfreiheit\u201c - ADF International<\/title>\n<meta name=\"robots\" content=\"index, follow, max-snippet:-1, max-image-preview:large, max-video-preview:-1\" \/>\n<link rel=\"canonical\" href=\"https:\/\/adfinternational.org\/de\/kommentar\/vier-von-fuenf-menschen-leben-in-laendern-mit-schwerwiegenden-einschraenkungen-der-religionsfreiheit\" \/>\n<meta property=\"og:locale\" content=\"de_DE\" \/>\n<meta property=\"og:type\" content=\"article\" \/>\n<meta property=\"og:title\" content=\"\u201e4 von 5 Menschen leben in L\u00e4ndern mit schwerwiegenden Einschr\u00e4nkungen der Religionsfreiheit\u201c\" \/>\n<meta property=\"og:description\" content=\"US-Au\u00dfenministerium ver\u00f6ffentlicht Jahresbericht 2020 zur internationalen Religionsfreiheit Verbesserung in manchen L\u00e4ndern, aber religi\u00f6se Verfolgung nimmt weltweit weiter zu WASHINGTON DC (14. Mai 2021) \u2013 Weltweit lebt ein Gro\u00dfteil der Menschen in einem Umfeld mit erheblichen Einschr\u00e4nkungen der Religionsfreiheit. Zu diesem Ergebnis kommt US-Au\u00dfenminister Blinken bei seiner Vorstellung des Jahresberichts 2020 des US-Au\u00dfenministeriums zur internationalen Religionsfreiheit. [&hellip;]\" \/>\n<meta property=\"og:url\" content=\"https:\/\/adfinternational.org\/de\/kommentar\/vier-von-fuenf-menschen-leben-in-laendern-mit-schwerwiegenden-einschraenkungen-der-religionsfreiheit\" \/>\n<meta property=\"og:site_name\" content=\"ADF International\" \/>\n<meta property=\"article:publisher\" content=\"https:\/\/facebook.com\/adfinternational\" \/>\n<meta property=\"article:published_time\" content=\"2021-05-14T07:23:23+00:00\" \/>\n<meta property=\"article:modified_time\" content=\"2025-06-11T09:54:16+00:00\" \/>\n<meta property=\"og:image\" content=\"https:\/\/adfinternational.org\/wp-content\/uploads\/2021\/06\/IraqPicturesNinivePlain95_header.jpg\" \/>\n\t<meta property=\"og:image:width\" content=\"1920\" \/>\n\t<meta property=\"og:image:height\" content=\"885\" \/>\n\t<meta property=\"og:image:type\" content=\"image\/jpeg\" \/>\n<meta name=\"author\" content=\"Philipp Bues\" \/>\n<meta name=\"twitter:card\" content=\"summary_large_image\" \/>\n<meta name=\"twitter:creator\" content=\"@adfintl\" \/>\n<meta name=\"twitter:site\" content=\"@adfintl\" \/>\n<meta name=\"twitter:label1\" content=\"Verfasst von\" \/>\n\t<meta name=\"twitter:data1\" content=\"Philipp Bues\" \/>\n\t<meta name=\"twitter:label2\" content=\"Gesch\u00e4tzte Lesezeit\" \/>\n\t<meta name=\"twitter:data2\" content=\"3 Minuten\" \/>\n<script type=\"application\/ld+json\" class=\"yoast-schema-graph\">{\"@context\":\"https:\\\/\\\/schema.org\",\"@graph\":[{\"@type\":\"Article\",\"@id\":\"https:\\\/\\\/adfinternational.org\\\/de\\\/kommentar\\\/vier-von-fuenf-menschen-leben-in-laendern-mit-schwerwiegenden-einschraenkungen-der-religionsfreiheit#article\",\"isPartOf\":{\"@id\":\"https:\\\/\\\/adfinternational.org\\\/de\\\/kommentar\\\/vier-von-fuenf-menschen-leben-in-laendern-mit-schwerwiegenden-einschraenkungen-der-religionsfreiheit\"},\"author\":{\"name\":\"Philipp Bues\",\"@id\":\"https:\\\/\\\/adfinternational.org\\\/de\\\/#\\\/schema\\\/person\\\/6b776fc8535453c6aad8a6f9d78e6141\"},\"headline\":\"\u201e4 von 5 Menschen leben in L\u00e4ndern mit schwerwiegenden Einschr\u00e4nkungen der Religionsfreiheit\u201c\",\"datePublished\":\"2021-05-14T07:23:23+00:00\",\"dateModified\":\"2025-06-11T09:54:16+00:00\",\"mainEntityOfPage\":{\"@id\":\"https:\\\/\\\/adfinternational.org\\\/de\\\/kommentar\\\/vier-von-fuenf-menschen-leben-in-laendern-mit-schwerwiegenden-einschraenkungen-der-religionsfreiheit\"},\"wordCount\":564,\"publisher\":{\"@id\":\"https:\\\/\\\/adfinternational.org\\\/de\\\/#organization\"},\"image\":{\"@id\":\"https:\\\/\\\/adfinternational.org\\\/de\\\/kommentar\\\/vier-von-fuenf-menschen-leben-in-laendern-mit-schwerwiegenden-einschraenkungen-der-religionsfreiheit#primaryimage\"},\"thumbnailUrl\":\"https:\\\/\\\/adfinternational.org\\\/wp-content\\\/uploads\\\/2021\\\/06\\\/IraqPicturesNinivePlain95_header.jpg\",\"keywords\":[\"Kommentar\"],\"articleSection\":[\"Kommentar\"],\"inLanguage\":\"de-DE\"},{\"@type\":\"WebPage\",\"@id\":\"https:\\\/\\\/adfinternational.org\\\/de\\\/kommentar\\\/vier-von-fuenf-menschen-leben-in-laendern-mit-schwerwiegenden-einschraenkungen-der-religionsfreiheit\",\"url\":\"https:\\\/\\\/adfinternational.org\\\/de\\\/kommentar\\\/vier-von-fuenf-menschen-leben-in-laendern-mit-schwerwiegenden-einschraenkungen-der-religionsfreiheit\",\"name\":\"Vier von f\u00fcnf Menschen leben in L\u00e4ndern mit schwerwiegenden Einschr\u00e4nkungen der Religionsfreiheit\u201c - ADF International\",\"isPartOf\":{\"@id\":\"https:\\\/\\\/adfinternational.org\\\/de\\\/#website\"},\"primaryImageOfPage\":{\"@id\":\"https:\\\/\\\/adfinternational.org\\\/de\\\/kommentar\\\/vier-von-fuenf-menschen-leben-in-laendern-mit-schwerwiegenden-einschraenkungen-der-religionsfreiheit#primaryimage\"},\"image\":{\"@id\":\"https:\\\/\\\/adfinternational.org\\\/de\\\/kommentar\\\/vier-von-fuenf-menschen-leben-in-laendern-mit-schwerwiegenden-einschraenkungen-der-religionsfreiheit#primaryimage\"},\"thumbnailUrl\":\"https:\\\/\\\/adfinternational.org\\\/wp-content\\\/uploads\\\/2021\\\/06\\\/IraqPicturesNinivePlain95_header.jpg\",\"datePublished\":\"2021-05-14T07:23:23+00:00\",\"dateModified\":\"2025-06-11T09:54:16+00:00\",\"breadcrumb\":{\"@id\":\"https:\\\/\\\/adfinternational.org\\\/de\\\/kommentar\\\/vier-von-fuenf-menschen-leben-in-laendern-mit-schwerwiegenden-einschraenkungen-der-religionsfreiheit#breadcrumb\"},\"inLanguage\":\"de-DE\",\"potentialAction\":[{\"@type\":\"ReadAction\",\"target\":[\"https:\\\/\\\/adfinternational.org\\\/de\\\/kommentar\\\/vier-von-fuenf-menschen-leben-in-laendern-mit-schwerwiegenden-einschraenkungen-der-religionsfreiheit\"]}]},{\"@type\":\"ImageObject\",\"inLanguage\":\"de-DE\",\"@id\":\"https:\\\/\\\/adfinternational.org\\\/de\\\/kommentar\\\/vier-von-fuenf-menschen-leben-in-laendern-mit-schwerwiegenden-einschraenkungen-der-religionsfreiheit#primaryimage\",\"url\":\"https:\\\/\\\/adfinternational.org\\\/wp-content\\\/uploads\\\/2021\\\/06\\\/IraqPicturesNinivePlain95_header.jpg\",\"contentUrl\":\"https:\\\/\\\/adfinternational.org\\\/wp-content\\\/uploads\\\/2021\\\/06\\\/IraqPicturesNinivePlain95_header.jpg\",\"width\":1920,\"height\":885,\"caption\":\"Pictures from Niniveh Plain, from towns of Caramles, Karamles and Bartella taken from ADF International in November 2016.\"},{\"@type\":\"BreadcrumbList\",\"@id\":\"https:\\\/\\\/adfinternational.org\\\/de\\\/kommentar\\\/vier-von-fuenf-menschen-leben-in-laendern-mit-schwerwiegenden-einschraenkungen-der-religionsfreiheit#breadcrumb\",\"itemListElement\":[{\"@type\":\"ListItem\",\"position\":1,\"name\":\"Home\",\"item\":\"https:\\\/\\\/adfinternational.org\\\/de\"},{\"@type\":\"ListItem\",\"position\":2,\"name\":\"\u201e4 von 5 Menschen leben in L\u00e4ndern mit schwerwiegenden Einschr\u00e4nkungen der Religionsfreiheit\u201c\"}]},{\"@type\":\"WebSite\",\"@id\":\"https:\\\/\\\/adfinternational.org\\\/de\\\/#website\",\"url\":\"https:\\\/\\\/adfinternational.org\\\/de\\\/\",\"name\":\"ADF International\",\"description\":\"Protecting Fundamental Freedoms. Promoting Inherent Dignity.\",\"publisher\":{\"@id\":\"https:\\\/\\\/adfinternational.org\\\/de\\\/#organization\"},\"potentialAction\":[{\"@type\":\"SearchAction\",\"target\":{\"@type\":\"EntryPoint\",\"urlTemplate\":\"https:\\\/\\\/adfinternational.org\\\/de\\\/?s={search_term_string}\"},\"query-input\":{\"@type\":\"PropertyValueSpecification\",\"valueRequired\":true,\"valueName\":\"search_term_string\"}}],\"inLanguage\":\"de-DE\"},{\"@type\":\"Organization\",\"@id\":\"https:\\\/\\\/adfinternational.org\\\/de\\\/#organization\",\"name\":\"Alliance Defending Freedom International\",\"url\":\"https:\\\/\\\/adfinternational.org\\\/de\\\/\",\"logo\":{\"@type\":\"ImageObject\",\"inLanguage\":\"de-DE\",\"@id\":\"https:\\\/\\\/adfinternational.org\\\/de\\\/#\\\/schema\\\/logo\\\/image\\\/\",\"url\":\"https:\\\/\\\/adfinternational.org\\\/wp-content\\\/uploads\\\/2021\\\/08\\\/ADF_Intl_R_RGB_175px.png\",\"contentUrl\":\"https:\\\/\\\/adfinternational.org\\\/wp-content\\\/uploads\\\/2021\\\/08\\\/ADF_Intl_R_RGB_175px.png\",\"width\":175,\"height\":106,\"caption\":\"Alliance Defending Freedom International\"},\"image\":{\"@id\":\"https:\\\/\\\/adfinternational.org\\\/de\\\/#\\\/schema\\\/logo\\\/image\\\/\"},\"sameAs\":[\"https:\\\/\\\/facebook.com\\\/adfinternational\",\"https:\\\/\\\/x.com\\\/adfintl\",\"https:\\\/\\\/www.linkedin.com\\\/company\\\/adfinternational\",\"https:\\\/\\\/www.instagram.com\\\/adfinternational\\\/\"]},{\"@type\":\"Person\",\"@id\":\"https:\\\/\\\/adfinternational.org\\\/de\\\/#\\\/schema\\\/person\\\/6b776fc8535453c6aad8a6f9d78e6141\",\"name\":\"Philipp Bues\",\"image\":{\"@type\":\"ImageObject\",\"inLanguage\":\"de-DE\",\"@id\":\"https:\\\/\\\/adfinternational.org\\\/wp-content\\\/uploads\\\/2025\\\/02\\\/Philipp-Bues-Headshot-150x150.jpg\",\"url\":\"https:\\\/\\\/adfinternational.org\\\/wp-content\\\/uploads\\\/2025\\\/02\\\/Philipp-Bues-Headshot-150x150.jpg\",\"contentUrl\":\"https:\\\/\\\/adfinternational.org\\\/wp-content\\\/uploads\\\/2025\\\/02\\\/Philipp-Bues-Headshot-150x150.jpg\",\"caption\":\"Philipp Bues\"},\"url\":\"https:\\\/\\\/adfinternational.org\\\/de\\\/author\\\/pbuesadfinternational-org\"}]}<\/script>\n<!-- \/ Yoast SEO Premium plugin. -->","yoast_head_json":{"title":"Vier von f\u00fcnf Menschen leben in L\u00e4ndern mit schwerwiegenden Einschr\u00e4nkungen der Religionsfreiheit\u201c - ADF International","robots":{"index":"index","follow":"follow","max-snippet":"max-snippet:-1","max-image-preview":"max-image-preview:large","max-video-preview":"max-video-preview:-1"},"canonical":"https:\/\/adfinternational.org\/de\/kommentar\/vier-von-fuenf-menschen-leben-in-laendern-mit-schwerwiegenden-einschraenkungen-der-religionsfreiheit","og_locale":"de_DE","og_type":"article","og_title":"\u201e4 von 5 Menschen leben in L\u00e4ndern mit schwerwiegenden Einschr\u00e4nkungen der Religionsfreiheit\u201c","og_description":"US-Au\u00dfenministerium ver\u00f6ffentlicht Jahresbericht 2020 zur internationalen Religionsfreiheit Verbesserung in manchen L\u00e4ndern, aber religi\u00f6se Verfolgung nimmt weltweit weiter zu WASHINGTON DC (14. Mai 2021) \u2013 Weltweit lebt ein Gro\u00dfteil der Menschen in einem Umfeld mit erheblichen Einschr\u00e4nkungen der Religionsfreiheit. Zu diesem Ergebnis kommt US-Au\u00dfenminister Blinken bei seiner Vorstellung des Jahresberichts 2020 des US-Au\u00dfenministeriums zur internationalen Religionsfreiheit. [&hellip;]","og_url":"https:\/\/adfinternational.org\/de\/kommentar\/vier-von-fuenf-menschen-leben-in-laendern-mit-schwerwiegenden-einschraenkungen-der-religionsfreiheit","og_site_name":"ADF International","article_publisher":"https:\/\/facebook.com\/adfinternational","article_published_time":"2021-05-14T07:23:23+00:00","article_modified_time":"2025-06-11T09:54:16+00:00","og_image":[{"width":1920,"height":885,"url":"https:\/\/adfinternational.org\/wp-content\/uploads\/2021\/06\/IraqPicturesNinivePlain95_header.jpg","type":"image\/jpeg"}],"author":"Philipp Bues","twitter_card":"summary_large_image","twitter_creator":"@adfintl","twitter_site":"@adfintl","twitter_misc":{"Verfasst von":"Philipp Bues","Gesch\u00e4tzte Lesezeit":"3 Minuten"},"schema":{"@context":"https:\/\/schema.org","@graph":[{"@type":"Article","@id":"https:\/\/adfinternational.org\/de\/kommentar\/vier-von-fuenf-menschen-leben-in-laendern-mit-schwerwiegenden-einschraenkungen-der-religionsfreiheit#article","isPartOf":{"@id":"https:\/\/adfinternational.org\/de\/kommentar\/vier-von-fuenf-menschen-leben-in-laendern-mit-schwerwiegenden-einschraenkungen-der-religionsfreiheit"},"author":{"name":"Philipp Bues","@id":"https:\/\/adfinternational.org\/de\/#\/schema\/person\/6b776fc8535453c6aad8a6f9d78e6141"},"headline":"\u201e4 von 5 Menschen leben in L\u00e4ndern mit schwerwiegenden Einschr\u00e4nkungen der Religionsfreiheit\u201c","datePublished":"2021-05-14T07:23:23+00:00","dateModified":"2025-06-11T09:54:16+00:00","mainEntityOfPage":{"@id":"https:\/\/adfinternational.org\/de\/kommentar\/vier-von-fuenf-menschen-leben-in-laendern-mit-schwerwiegenden-einschraenkungen-der-religionsfreiheit"},"wordCount":564,"publisher":{"@id":"https:\/\/adfinternational.org\/de\/#organization"},"image":{"@id":"https:\/\/adfinternational.org\/de\/kommentar\/vier-von-fuenf-menschen-leben-in-laendern-mit-schwerwiegenden-einschraenkungen-der-religionsfreiheit#primaryimage"},"thumbnailUrl":"https:\/\/adfinternational.org\/wp-content\/uploads\/2021\/06\/IraqPicturesNinivePlain95_header.jpg","keywords":["Kommentar"],"articleSection":["Kommentar"],"inLanguage":"de-DE"},{"@type":"WebPage","@id":"https:\/\/adfinternational.org\/de\/kommentar\/vier-von-fuenf-menschen-leben-in-laendern-mit-schwerwiegenden-einschraenkungen-der-religionsfreiheit","url":"https:\/\/adfinternational.org\/de\/kommentar\/vier-von-fuenf-menschen-leben-in-laendern-mit-schwerwiegenden-einschraenkungen-der-religionsfreiheit","name":"Vier von f\u00fcnf Menschen leben in L\u00e4ndern mit schwerwiegenden Einschr\u00e4nkungen der Religionsfreiheit\u201c - ADF International","isPartOf":{"@id":"https:\/\/adfinternational.org\/de\/#website"},"primaryImageOfPage":{"@id":"https:\/\/adfinternational.org\/de\/kommentar\/vier-von-fuenf-menschen-leben-in-laendern-mit-schwerwiegenden-einschraenkungen-der-religionsfreiheit#primaryimage"},"image":{"@id":"https:\/\/adfinternational.org\/de\/kommentar\/vier-von-fuenf-menschen-leben-in-laendern-mit-schwerwiegenden-einschraenkungen-der-religionsfreiheit#primaryimage"},"thumbnailUrl":"https:\/\/adfinternational.org\/wp-content\/uploads\/2021\/06\/IraqPicturesNinivePlain95_header.jpg","datePublished":"2021-05-14T07:23:23+00:00","dateModified":"2025-06-11T09:54:16+00:00","breadcrumb":{"@id":"https:\/\/adfinternational.org\/de\/kommentar\/vier-von-fuenf-menschen-leben-in-laendern-mit-schwerwiegenden-einschraenkungen-der-religionsfreiheit#breadcrumb"},"inLanguage":"de-DE","potentialAction":[{"@type":"ReadAction","target":["https:\/\/adfinternational.org\/de\/kommentar\/vier-von-fuenf-menschen-leben-in-laendern-mit-schwerwiegenden-einschraenkungen-der-religionsfreiheit"]}]},{"@type":"ImageObject","inLanguage":"de-DE","@id":"https:\/\/adfinternational.org\/de\/kommentar\/vier-von-fuenf-menschen-leben-in-laendern-mit-schwerwiegenden-einschraenkungen-der-religionsfreiheit#primaryimage","url":"https:\/\/adfinternational.org\/wp-content\/uploads\/2021\/06\/IraqPicturesNinivePlain95_header.jpg","contentUrl":"https:\/\/adfinternational.org\/wp-content\/uploads\/2021\/06\/IraqPicturesNinivePlain95_header.jpg","width":1920,"height":885,"caption":"Pictures from Niniveh Plain, from towns of Caramles, Karamles and Bartella taken from ADF International in November 2016."},{"@type":"BreadcrumbList","@id":"https:\/\/adfinternational.org\/de\/kommentar\/vier-von-fuenf-menschen-leben-in-laendern-mit-schwerwiegenden-einschraenkungen-der-religionsfreiheit#breadcrumb","itemListElement":[{"@type":"ListItem","position":1,"name":"Home","item":"https:\/\/adfinternational.org\/de"},{"@type":"ListItem","position":2,"name":"\u201e4 von 5 Menschen leben in L\u00e4ndern mit schwerwiegenden Einschr\u00e4nkungen der Religionsfreiheit\u201c"}]},{"@type":"WebSite","@id":"https:\/\/adfinternational.org\/de\/#website","url":"https:\/\/adfinternational.org\/de\/","name":"ADF International","description":"Protecting Fundamental Freedoms. Promoting Inherent Dignity.","publisher":{"@id":"https:\/\/adfinternational.org\/de\/#organization"},"potentialAction":[{"@type":"SearchAction","target":{"@type":"EntryPoint","urlTemplate":"https:\/\/adfinternational.org\/de\/?s={search_term_string}"},"query-input":{"@type":"PropertyValueSpecification","valueRequired":true,"valueName":"search_term_string"}}],"inLanguage":"de-DE"},{"@type":"Organization","@id":"https:\/\/adfinternational.org\/de\/#organization","name":"Alliance Defending Freedom International","url":"https:\/\/adfinternational.org\/de\/","logo":{"@type":"ImageObject","inLanguage":"de-DE","@id":"https:\/\/adfinternational.org\/de\/#\/schema\/logo\/image\/","url":"https:\/\/adfinternational.org\/wp-content\/uploads\/2021\/08\/ADF_Intl_R_RGB_175px.png","contentUrl":"https:\/\/adfinternational.org\/wp-content\/uploads\/2021\/08\/ADF_Intl_R_RGB_175px.png","width":175,"height":106,"caption":"Alliance Defending Freedom International"},"image":{"@id":"https:\/\/adfinternational.org\/de\/#\/schema\/logo\/image\/"},"sameAs":["https:\/\/facebook.com\/adfinternational","https:\/\/x.com\/adfintl","https:\/\/www.linkedin.com\/company\/adfinternational","https:\/\/www.instagram.com\/adfinternational\/"]},{"@type":"Person","@id":"https:\/\/adfinternational.org\/de\/#\/schema\/person\/6b776fc8535453c6aad8a6f9d78e6141","name":"Philipp Bues","image":{"@type":"ImageObject","inLanguage":"de-DE","@id":"https:\/\/adfinternational.org\/wp-content\/uploads\/2025\/02\/Philipp-Bues-Headshot-150x150.jpg","url":"https:\/\/adfinternational.org\/wp-content\/uploads\/2025\/02\/Philipp-Bues-Headshot-150x150.jpg","contentUrl":"https:\/\/adfinternational.org\/wp-content\/uploads\/2025\/02\/Philipp-Bues-Headshot-150x150.jpg","caption":"Philipp Bues"},"url":"https:\/\/adfinternational.org\/de\/author\/pbuesadfinternational-org"}]}},"_links":{"self":[{"href":"https:\/\/adfinternational.org\/de\/wp-json\/wp\/v2\/posts\/8497","targetHints":{"allow":["GET"]}}],"collection":[{"href":"https:\/\/adfinternational.org\/de\/wp-json\/wp\/v2\/posts"}],"about":[{"href":"https:\/\/adfinternational.org\/de\/wp-json\/wp\/v2\/types\/post"}],"author":[{"embeddable":true,"href":"https:\/\/adfinternational.org\/de\/wp-json\/wp\/v2\/users\/44"}],"replies":[{"embeddable":true,"href":"https:\/\/adfinternational.org\/de\/wp-json\/wp\/v2\/comments?post=8497"}],"version-history":[{"count":0,"href":"https:\/\/adfinternational.org\/de\/wp-json\/wp\/v2\/posts\/8497\/revisions"}],"wp:featuredmedia":[{"embeddable":true,"href":"https:\/\/adfinternational.org\/de\/wp-json\/wp\/v2\/media\/3464"}],"wp:attachment":[{"href":"https:\/\/adfinternational.org\/de\/wp-json\/wp\/v2\/media?parent=8497"}],"wp:term":[{"taxonomy":"category","embeddable":true,"href":"https:\/\/adfinternational.org\/de\/wp-json\/wp\/v2\/categories?post=8497"},{"taxonomy":"post_tag","embeddable":true,"href":"https:\/\/adfinternational.org\/de\/wp-json\/wp\/v2\/tags?post=8497"}],"curies":[{"name":"wp","href":"https:\/\/api.w.org\/{rel}","templated":true}]}}