{"id":8551,"date":"2021-08-05T10:09:00","date_gmt":"2021-08-05T10:09:00","guid":{"rendered":"https:\/\/adfinternational.org\/?p=8551"},"modified":"2024-07-16T10:42:40","modified_gmt":"2024-07-16T09:42:40","slug":"lasst-uns-beten-klage-in-uganda-zur-aufhebung-der-drakonischen-covid-19-kirchschliessungen-eingereicht","status":"publish","type":"post","link":"https:\/\/adfinternational.org\/de\/news\/lasst-uns-beten-klage-in-uganda-zur-aufhebung-der-drakonischen-covid-19-kirchschliessungen-eingereicht","title":{"rendered":"Lasst uns beten: Klage in Uganda zur Aufhebung der \u201edrakonischen\u201c COVID-19-Kirchschlie\u00dfungen eingereicht"},"content":{"rendered":"\t\t<div data-elementor-type=\"wp-post\" data-elementor-id=\"8551\" class=\"elementor elementor-8551\" data-elementor-post-type=\"post\">\n\t\t\t\t\t\t<section class=\"elementor-section elementor-top-section elementor-element elementor-element-1c90285b elementor-section-boxed elementor-section-height-default elementor-section-height-default\" data-id=\"1c90285b\" data-element_type=\"section\" data-e-type=\"section\">\n\t\t\t\t\t\t<div class=\"elementor-container elementor-column-gap-default\">\n\t\t\t\t\t<div class=\"elementor-column elementor-col-100 elementor-top-column elementor-element elementor-element-39bb3174\" data-id=\"39bb3174\" data-element_type=\"column\" data-e-type=\"column\">\n\t\t\t<div class=\"elementor-widget-wrap elementor-element-populated\">\n\t\t\t\t\t\t<div class=\"elementor-element elementor-element-23b97de0 elementor-widget elementor-widget-text-editor\" data-id=\"23b97de0\" data-element_type=\"widget\" data-e-type=\"widget\" data-widget_type=\"text-editor.default\">\n\t\t\t\t<div class=\"elementor-widget-container\">\n\t\t\t\t\t\t\t\t\t<ul><li>Glaubensvertreter aus christlichen und muslimischen Gemeinschaften gehen gerichtlich gegen die von der Regierung verh\u00e4ngte Schlie\u00dfung von Kirchen und Gebetsst\u00e4tten vor<\/li><li>Der Fall spiegelt den weltweiten Trend wider, dass die Beschr\u00e4nkungen hinsichtlich Covid-19 Menschen mit einem bestimmten Glauben diskriminieren<\/li><\/ul>\t\t\t\t\t\t\t\t<\/div>\n\t\t\t\t<\/div>\n\t\t\t\t<div class=\"elementor-element elementor-element-7880fa22 elementor-widget elementor-widget-text-editor\" data-id=\"7880fa22\" data-element_type=\"widget\" data-e-type=\"widget\" data-widget_type=\"text-editor.default\">\n\t\t\t\t<div class=\"elementor-widget-container\">\n\t\t\t\t\t\t\t\t\t<p><b>KAMPALA<\/b> (05. AUGUST 2021) \u2013 Eine Kirche in Kampala und ein Vertreter der muslimischen Gemeinde haben rechtliche Schritte gegen das von der ugandischen Regierung verh\u00e4ngte Verbot \u00f6ffentlicher Gottesdienste eingeleitet, nachdem am Freitag neue nationale Abriegelungsma\u00dfnahmen angek\u00fcndigt worden waren. Nach den neuen Vorschriften d\u00fcrfen Einkaufszentren, Spielhallen und Gesch\u00e4ftszentren ge\u00f6ffnet werden, und die \u00f6ffentlichen Verkehrsmittel sind zu 50 % ausgelastet. Der Besuch eines Gotteshauses ist jedoch g\u00e4nzlich untersagt.<\/p><p><span style=\"font-size: 1rem; letter-spacing: 1.1px;\">\u201eAls gl\u00e4ubige Frau ist es schwierig zu sehen, dass meiner Gemeinschaft der Zugang zu \u00f6ffentlichen Gottesdiensten verwehrt wird \u2013 und das zu einer Zeit, in der wir sie am meisten brauchen. In dieser f\u00fcr unser Land schwierigen Zeit muss die Regierung daran denken, dass wir nicht nur k\u00f6rperliche, sondern auch geistige Bed\u00fcrfnisse haben. Ich freue mich, dass ich mit meiner Kirche und mit Unterst\u00fctzung von ADF International gegen diese unverh\u00e4ltnism\u00e4\u00dfige, unn\u00f6tige und drakonische Einschr\u00e4nkung der Religionsfreiheit vorgehen kann\u201c, sagte Agnes Namaganda, ein Mitglied der christlichen Gemeinschaft, die die Klage unterst\u00fctzt.<\/span><\/p><p><span style=\"font-size: 1rem; letter-spacing: 1.1px;\">\u201eF\u00fcr gl\u00e4ubige Menschen ist die Teilnahme an \u00f6ffentlichen Gottesdiensten so wichtig wie die Einnahme von Nahrung und Wasser. Nach den derzeitigen Vorschriften k\u00f6nnen diejenigen, die einkaufen wollen, das Einkaufszentrum besuchen, und diejenigen, die essen gehen wollen, k\u00f6nnen in ein Restaurant gehen. Aber es gibt keinen Ort der Anbetung f\u00fcr diejenigen, die ihre Religion aus\u00fcben wollen. Warum werden Menschen, die einen Glauben haben, als ansteckender behandelt als andere? Nat\u00fcrlich ist es in dieser Zeit \u00e4u\u00dferst wichtig, die Sicherheit in unseren Gemeinden zu gew\u00e4hrleisten. Dies kann und muss unter Wahrung des Rechts, sich zum Gottesdienst zu versammeln, geschehen\u201c, f\u00fcgte Imaam Bbaale Muhammed hinzu, der sich ebenfalls der Klage gegen das Verbot des Gottesdienstes durch die Regierung angeschlossen hat.<\/span><\/p><p><span style=\"font-size: 1rem; letter-spacing: 1.1px;\">\u00a0<\/span><\/p><p><b>Diskriminierende Ma\u00dfnahmen w\u00e4hrend der gesamten Pandemie<\/b><\/p><p><span style=\"font-size: 1rem; letter-spacing: 1.1px;\">Die am 30. Juli angek\u00fcndigten Beschr\u00e4nkungen f\u00fcr Gottesdienste sollen mindestens 60 Tage dauern, danach wird eine neue \u00dcberpr\u00fcfung eingeleitet. Die Einschr\u00e4nkungen folgen auf eine einj\u00e4hrige diskriminierende Behandlung von Glaubensgemeinschaften, erkl\u00e4rten die Kl\u00e4ger.<\/span><\/p><p><span style=\"font-size: 1rem; letter-spacing: 1.1px;\">\u201eDie Religions- und Glaubensfreiheit ist ein grundlegendes Menschenrecht.\u202fDie Freiheit, seinen Glauben in \u00f6ffentlichen Gottesdiensten zu bekunden, ist ein wesentlicher Bestandteil dieses Rechts, das durch ugandisches Recht und internationale Vertr\u00e4ge gesch\u00fctzt ist. Dieses Recht sollte nur insoweit eingeschr\u00e4nkt werden, als dies aus einem legitimen, verh\u00e4ltnism\u00e4\u00dfigen und nicht diskriminierenden Grund erforderlich ist. In mehreren F\u00e4llen in Europa, in den USA und in Lateinamerika haben wir gesehen, dass \u00e4hnliche pauschale Verbote \u00f6ffentlicher Gottesdienste f\u00fcr rechtswidrig erkl\u00e4rt wurden\u201c, sagte Sean Nelson, Rechtsberater f\u00fcr Religionsfreiheit, f\u00fcr ADF International.<\/span><\/p><p><span style=\"font-size: 1rem; letter-spacing: 1.1px;\">Nach einer Lockerung der fr\u00fcheren Schlie\u00dfungsma\u00dfnahmen im Juni 2020 durften die Gottesh\u00e4user nicht zusammen mit anderen \u00e4hnlichen \u00f6ffentlichen Einrichtungen wieder \u00f6ffnen, sondern mussten weitere zwei Monate warten, bis weitere Konsultationen zwischen dem Gesundheitsministerium und dem Interreligi\u00f6sen Rat stattfinden konnten.<\/span><\/p><p><span style=\"font-size: 1rem; letter-spacing: 1.1px;\">Als die T\u00fcren von Kirchen, Moscheen, Synagogen und anderen religi\u00f6sen Geb\u00e4uden im August 2020 endlich wieder ge\u00f6ffnet werden durften, mussten sie sich an staatlich erzwungene Standardarbeitsanweisungen halten, die weitaus schwieriger waren als die f\u00fcr normale \u00f6ffentliche Orte oder Gesch\u00e4ftsr\u00e4ume. Religi\u00f6se Gruppen mussten bei jedem Gottesdienst die Anwesenheit von geschultem medizinischem Personal sicherstellen. Zudem mussten Sicherheitskr\u00e4fte daf\u00fcr sorgen, dass die Gl\u00e4ubigen ausreichend Abstand hielten, wenn sie in der Schlange standen, um beim Betreten ihre Temperatur messen zu lassen.<\/span><\/p><p><span style=\"font-size: 1rem; letter-spacing: 1.1px;\">\u201eEs gibt keinen ersichtlichen Grund, warum eine gro\u00dfe, ger\u00e4umige Kirche geschlossen werden muss, w\u00e4hrend Einkaufszentren und Spielhallen ge\u00f6ffnet sind. Es gibt keinen ersichtlichen Grund, warum Glaubensgemeinschaften das ganze Jahr \u00fcber h\u00f6here betriebliche H\u00fcrden zu \u00fcberwinden hatten als Handelseinrichtungen. Menschen verschiedener Glaubensrichtungen setzen sich jetzt daf\u00fcr ein, dass ihre Rechte in Uganda gesch\u00fctzt werden. Die Regierung muss Wege finden, um die \u00f6ffentliche Gesundheit zu sch\u00fctzen und gleichzeitig das Recht zu wahren, den eigenen Glauben in Gemeinschaft mit anderen zu leben\u201c, so Nelson weiter.<\/span><\/p><p>\u00a0<\/p><p><b>Ein globaler Trend: Unverh\u00e4ltnism\u00e4\u00dfige Verbote von Gottesdiensten werden f\u00fcr \u201eunrechtm\u00e4\u00dfig\u201c erkl\u00e4rt<\/b><\/p><p><span style=\"font-size: 1rem; letter-spacing: 1.1px;\">Die Menschenrechtsgruppe ADF International hat \u00e4hnliche Klagen gegen pauschale Verbote von Gottesdiensten in ganz Europa und in Lateinamerika unterst\u00fctzt.<\/span><\/p><p><span style=\"font-size: 1rem; letter-spacing: 1.1px;\">Im M\u00e4rz befand das oberste schottische Zivilgericht, dass ein pauschales Verbot \u00f6ffentlicher Gottesdienste rechtswidrig ist. Die Anfechtung wurde von 27 Religionsf\u00fchrern und einem Glasgower Priester, Canon Tom White, erfolgreich eingereicht. In der schottischen Entscheidung wurde bekr\u00e4ftigt, dass Einschr\u00e4nkungen der Grundfreiheiten notwendig und verh\u00e4ltnism\u00e4\u00dfig sein m\u00fcssen. Im November 2020 hatten die leitenden medizinischen und wissenschaftlichen Berater von Westminster einger\u00e4umt, dass die Beweise f\u00fcr Kirchenschlie\u00dfungen bestenfalls \u201eanekdotisch\u201c seien und \u201enicht auf wissenschaftlichen Fakten beruhen\u201c.<\/span><\/p><p><span style=\"font-size: 1rem; letter-spacing: 1.1px;\">Einen Tag nach dem schottischen Urteil im M\u00e4rz entschied der chilenische Oberste Gerichtshof einstimmig, dass die COVID-19-Beschr\u00e4nkungen in diskriminierender Weise auf Gl\u00e4ubige in Chile angewandt wurden. In dem wegweisenden Urteil wurde anerkannt, dass die Religionsfreiheit ein Menschenrecht ist, das nicht einfach ausgesetzt werden kann.<\/span><\/p><p><span style=\"font-size: 1rem; letter-spacing: 1.1px;\">Ein Gerichtsverfahren l\u00e4uft derzeit in Irland, wo fast ein Jahr lang gl\u00e4ubige Menschen f\u00fcr die Teilnahme an \u00f6ffentlichen Gottesdiensten kriminalisiert wurden. Wer sein Haus verlie\u00df, um einen Gottesdienst zu besuchen, konnte mit einer Geldstrafe oder bis zu sechs Monaten Gef\u00e4ngnis bestraft werden. Weitere Informationen finden Sie unter www.letuswor<\/span><a href=\"http:\/\/www.letusworship.global\/ireland\" target=\"_blank\" rel=\"noopener\">ship.global\/ireland<\/a><span style=\"font-size: 1rem; letter-spacing: 1.1px;\">.<\/span><\/p>\t\t\t\t\t\t\t\t<\/div>\n\t\t\t\t<\/div>\n\t\t\t\t<div class=\"elementor-element elementor-element-2acd8132 elementor-widget-divider--view-line elementor-widget elementor-widget-divider\" data-id=\"2acd8132\" data-element_type=\"widget\" data-e-type=\"widget\" data-widget_type=\"divider.default\">\n\t\t\t\t<div class=\"elementor-widget-container\">\n\t\t\t\t\t\t\t<div class=\"elementor-divider\">\n\t\t\t<span class=\"elementor-divider-separator\">\n\t\t\t\t\t\t<\/span>\n\t\t<\/div>\n\t\t\t\t\t\t<\/div>\n\t\t\t\t<\/div>\n\t\t\t\t<div class=\"elementor-element elementor-element-3d58d933 elementor-widget elementor-widget-gallery\" data-id=\"3d58d933\" data-element_type=\"widget\" data-e-type=\"widget\" data-settings=\"{&quot;aspect_ratio&quot;:&quot;1:1&quot;,&quot;lazyload&quot;:&quot;yes&quot;,&quot;gallery_layout&quot;:&quot;grid&quot;,&quot;columns&quot;:4,&quot;columns_tablet&quot;:2,&quot;columns_mobile&quot;:1,&quot;gap&quot;:{&quot;unit&quot;:&quot;px&quot;,&quot;size&quot;:10,&quot;sizes&quot;:[]},&quot;gap_tablet&quot;:{&quot;unit&quot;:&quot;px&quot;,&quot;size&quot;:10,&quot;sizes&quot;:[]},&quot;gap_mobile&quot;:{&quot;unit&quot;:&quot;px&quot;,&quot;size&quot;:10,&quot;sizes&quot;:[]},&quot;link_to&quot;:&quot;file&quot;,&quot;overlay_background&quot;:&quot;yes&quot;,&quot;content_hover_animation&quot;:&quot;fade-in&quot;}\" data-widget_type=\"gallery.default\">\n\t\t\t\t<div class=\"elementor-widget-container\">\n\t\t\t\t\t\t\t<div class=\"elementor-gallery__container\">\n\t\t\t\t\t\t\t<a class=\"e-gallery-item elementor-gallery-item elementor-animated-content\" href=\"https:\/\/adfinternational.org\/wp-content\/uploads\/2021\/05\/ADF-Sean_Nelson_400x400-1-1-e1636103098255.png\" data-elementor-open-lightbox=\"yes\" data-elementor-lightbox-slideshow=\"3d58d933\" data-elementor-lightbox-title=\"ADF Sean Nelson\" data-e-action-hash=\"#elementor-action%3Aaction%3Dlightbox%26settings%3DeyJpZCI6Mzc3MSwidXJsIjoiaHR0cHM6XC9cL2FkZmludGVybmF0aW9uYWwub3JnXC93cC1jb250ZW50XC91cGxvYWRzXC8yMDIxXC8wNVwvQURGLVNlYW5fTmVsc29uXzQwMHg0MDAtMS0xLWUxNjM2MTAzMDk4MjU1LnBuZyIsInNsaWRlc2hvdyI6IjNkNThkOTMzIn0%3D\">\n\t\t\t\t\t<div class=\"e-gallery-image elementor-gallery-item__image\" data-thumbnail=\"https:\/\/adfinternational.org\/wp-content\/uploads\/2021\/05\/ADF-Sean_Nelson_400x400-1-1-e1636103098255.png\" data-width=\"200\" data-height=\"200\" aria-label=\"\" role=\"img\" ><\/div>\n\t\t\t\t\t\t\t\t\t\t\t<div class=\"elementor-gallery-item__overlay\"><\/div>\n\t\t\t\t\t\t\t\t\t\t\t\t\t\t<\/a>\n\t\t\t\t\t\t\t<a class=\"e-gallery-item elementor-gallery-item elementor-animated-content\" href=\"https:\/\/adfinternational.org\/wp-content\/uploads\/2021\/10\/Agnes-Uganda-2.jpg\" data-elementor-open-lightbox=\"yes\" data-elementor-lightbox-slideshow=\"3d58d933\" data-elementor-lightbox-title=\"Agnes Uganda (2)\" data-e-action-hash=\"#elementor-action%3Aaction%3Dlightbox%26settings%3DeyJpZCI6MjExNywidXJsIjoiaHR0cHM6XC9cL2FkZmludGVybmF0aW9uYWwub3JnXC93cC1jb250ZW50XC91cGxvYWRzXC8yMDIxXC8xMFwvQWduZXMtVWdhbmRhLTIuanBnIiwic2xpZGVzaG93IjoiM2Q1OGQ5MzMifQ%3D%3D\">\n\t\t\t\t\t<div class=\"e-gallery-image elementor-gallery-item__image\" data-thumbnail=\"https:\/\/adfinternational.org\/wp-content\/uploads\/2021\/10\/Agnes-Uganda-2.jpg\" data-width=\"599\" data-height=\"532\" aria-label=\"\" role=\"img\" ><\/div>\n\t\t\t\t\t\t\t\t\t\t\t<div class=\"elementor-gallery-item__overlay\"><\/div>\n\t\t\t\t\t\t\t\t\t\t\t\t\t\t<\/a>\n\t\t\t\t\t\t\t<a class=\"e-gallery-item elementor-gallery-item elementor-animated-content\" href=\"https:\/\/adfinternational.org\/wp-content\/uploads\/2021\/10\/Uganda-Worship.jpg\" data-elementor-open-lightbox=\"yes\" data-elementor-lightbox-slideshow=\"3d58d933\" data-elementor-lightbox-title=\"Uganda Worship\" data-e-action-hash=\"#elementor-action%3Aaction%3Dlightbox%26settings%3DeyJpZCI6MjExOSwidXJsIjoiaHR0cHM6XC9cL2FkZmludGVybmF0aW9uYWwub3JnXC93cC1jb250ZW50XC91cGxvYWRzXC8yMDIxXC8xMFwvVWdhbmRhLVdvcnNoaXAuanBnIiwic2xpZGVzaG93IjoiM2Q1OGQ5MzMifQ%3D%3D\">\n\t\t\t\t\t<div class=\"e-gallery-image elementor-gallery-item__image\" data-thumbnail=\"https:\/\/adfinternational.org\/wp-content\/uploads\/2021\/10\/Uganda-Worship-1024x677.jpg\" data-width=\"1024\" data-height=\"677\" aria-label=\"\" role=\"img\" ><\/div>\n\t\t\t\t\t\t\t\t\t\t\t<div class=\"elementor-gallery-item__overlay\"><\/div>\n\t\t\t\t\t\t\t\t\t\t\t\t\t\t<\/a>\n\t\t\t\t\t<\/div>\n\t\t\t\t\t<\/div>\n\t\t\t\t<\/div>\n\t\t\t\t\t<\/div>\n\t\t<\/div>\n\t\t\t\t\t<\/div>\n\t\t<\/section>\n\t\t\t\t<\/div>\n\t\t","protected":false},"excerpt":{"rendered":"<p>Glaubensvertreter aus christlichen und muslimischen Gemeinschaften gehen gerichtlich gegen die von der Regierung verh\u00e4ngte Schlie\u00dfung von Kirchen und Gebetsst\u00e4tten vor Der Fall spiegelt den weltweiten Trend wider, dass die Beschr\u00e4nkungen hinsichtlich Covid-19 Menschen mit einem bestimmten Glauben diskriminieren KAMPALA (05. AUGUST 2021) \u2013 Eine Kirche in Kampala und ein Vertreter der muslimischen Gemeinde haben rechtliche [&hellip;]<\/p>\n","protected":false},"author":44,"featured_media":2119,"comment_status":"closed","ping_status":"closed","sticky":false,"template":"","format":"standard","meta":{"_acf_changed":true,"give_campaign_id":0,"footnotes":""},"categories":[434],"tags":[949,421],"class_list":["post-8551","post","type-post","status-publish","format-standard","has-post-thumbnail","hentry","category-news","tag-de","tag-news"],"acf":[],"yoast_head":"<!-- This site is optimized with the Yoast SEO Premium plugin v27.5 (Yoast SEO v27.5) - https:\/\/yoast.com\/product\/yoast-seo-premium-wordpress\/ -->\n<title>Klage in Uganda - ADF International<\/title>\n<meta name=\"robots\" content=\"index, follow, max-snippet:-1, max-image-preview:large, max-video-preview:-1\" \/>\n<link rel=\"canonical\" href=\"https:\/\/adfinternational.org\/de\/news\/lasst-uns-beten-klage-in-uganda-zur-aufhebung-der-drakonischen-covid-19-kirchschliessungen-eingereicht\" \/>\n<meta property=\"og:locale\" content=\"de_DE\" \/>\n<meta property=\"og:type\" content=\"article\" \/>\n<meta property=\"og:title\" content=\"Lasst uns beten: Klage in Uganda zur Aufhebung der \u201edrakonischen\u201c COVID-19-Kirchschlie\u00dfungen eingereicht\" \/>\n<meta property=\"og:description\" content=\"Glaubensvertreter aus christlichen und muslimischen Gemeinschaften gehen gerichtlich gegen die von der Regierung verh\u00e4ngte Schlie\u00dfung von Kirchen und Gebetsst\u00e4tten vor Der Fall spiegelt den weltweiten Trend wider, dass die Beschr\u00e4nkungen hinsichtlich Covid-19 Menschen mit einem bestimmten Glauben diskriminieren KAMPALA (05. AUGUST 2021) \u2013 Eine Kirche in Kampala und ein Vertreter der muslimischen Gemeinde haben rechtliche [&hellip;]\" \/>\n<meta property=\"og:url\" content=\"https:\/\/adfinternational.org\/de\/news\/lasst-uns-beten-klage-in-uganda-zur-aufhebung-der-drakonischen-covid-19-kirchschliessungen-eingereicht\" \/>\n<meta property=\"og:site_name\" content=\"ADF International\" \/>\n<meta property=\"article:publisher\" content=\"https:\/\/facebook.com\/adfinternational\" \/>\n<meta property=\"article:published_time\" content=\"2021-08-05T10:09:00+00:00\" \/>\n<meta property=\"article:modified_time\" content=\"2024-07-16T09:42:40+00:00\" \/>\n<meta property=\"og:image\" content=\"https:\/\/adfinternational.org\/wp-content\/uploads\/2021\/10\/Uganda-Worship.jpg\" \/>\n\t<meta property=\"og:image:width\" content=\"1080\" \/>\n\t<meta property=\"og:image:height\" content=\"714\" \/>\n\t<meta property=\"og:image:type\" content=\"image\/jpeg\" \/>\n<meta name=\"author\" content=\"Philipp Bues\" \/>\n<meta name=\"twitter:card\" content=\"summary_large_image\" \/>\n<meta name=\"twitter:creator\" content=\"@adfintl\" \/>\n<meta name=\"twitter:site\" content=\"@adfintl\" \/>\n<meta name=\"twitter:label1\" content=\"Verfasst von\" \/>\n\t<meta name=\"twitter:data1\" content=\"Philipp Bues\" \/>\n\t<meta name=\"twitter:label2\" content=\"Gesch\u00e4tzte Lesezeit\" \/>\n\t<meta name=\"twitter:data2\" content=\"5 Minuten\" \/>\n<script type=\"application\/ld+json\" class=\"yoast-schema-graph\">{\"@context\":\"https:\\\/\\\/schema.org\",\"@graph\":[{\"@type\":\"Article\",\"@id\":\"https:\\\/\\\/adfinternational.org\\\/de\\\/news\\\/lasst-uns-beten-klage-in-uganda-zur-aufhebung-der-drakonischen-covid-19-kirchschliessungen-eingereicht#article\",\"isPartOf\":{\"@id\":\"https:\\\/\\\/adfinternational.org\\\/de\\\/news\\\/lasst-uns-beten-klage-in-uganda-zur-aufhebung-der-drakonischen-covid-19-kirchschliessungen-eingereicht\"},\"author\":{\"name\":\"Philipp Bues\",\"@id\":\"https:\\\/\\\/adfinternational.org\\\/de\\\/#\\\/schema\\\/person\\\/6b776fc8535453c6aad8a6f9d78e6141\"},\"headline\":\"Lasst uns beten: Klage in Uganda zur Aufhebung der \u201edrakonischen\u201c COVID-19-Kirchschlie\u00dfungen eingereicht\",\"datePublished\":\"2021-08-05T10:09:00+00:00\",\"dateModified\":\"2024-07-16T09:42:40+00:00\",\"mainEntityOfPage\":{\"@id\":\"https:\\\/\\\/adfinternational.org\\\/de\\\/news\\\/lasst-uns-beten-klage-in-uganda-zur-aufhebung-der-drakonischen-covid-19-kirchschliessungen-eingereicht\"},\"wordCount\":929,\"publisher\":{\"@id\":\"https:\\\/\\\/adfinternational.org\\\/de\\\/#organization\"},\"image\":{\"@id\":\"https:\\\/\\\/adfinternational.org\\\/de\\\/news\\\/lasst-uns-beten-klage-in-uganda-zur-aufhebung-der-drakonischen-covid-19-kirchschliessungen-eingereicht#primaryimage\"},\"thumbnailUrl\":\"https:\\\/\\\/adfinternational.org\\\/wp-content\\\/uploads\\\/2021\\\/10\\\/Uganda-Worship.jpg\",\"keywords\":[\"DE\",\"News\"],\"articleSection\":[\"News\"],\"inLanguage\":\"de-DE\"},{\"@type\":\"WebPage\",\"@id\":\"https:\\\/\\\/adfinternational.org\\\/de\\\/news\\\/lasst-uns-beten-klage-in-uganda-zur-aufhebung-der-drakonischen-covid-19-kirchschliessungen-eingereicht\",\"url\":\"https:\\\/\\\/adfinternational.org\\\/de\\\/news\\\/lasst-uns-beten-klage-in-uganda-zur-aufhebung-der-drakonischen-covid-19-kirchschliessungen-eingereicht\",\"name\":\"Klage in Uganda - ADF International\",\"isPartOf\":{\"@id\":\"https:\\\/\\\/adfinternational.org\\\/de\\\/#website\"},\"primaryImageOfPage\":{\"@id\":\"https:\\\/\\\/adfinternational.org\\\/de\\\/news\\\/lasst-uns-beten-klage-in-uganda-zur-aufhebung-der-drakonischen-covid-19-kirchschliessungen-eingereicht#primaryimage\"},\"image\":{\"@id\":\"https:\\\/\\\/adfinternational.org\\\/de\\\/news\\\/lasst-uns-beten-klage-in-uganda-zur-aufhebung-der-drakonischen-covid-19-kirchschliessungen-eingereicht#primaryimage\"},\"thumbnailUrl\":\"https:\\\/\\\/adfinternational.org\\\/wp-content\\\/uploads\\\/2021\\\/10\\\/Uganda-Worship.jpg\",\"datePublished\":\"2021-08-05T10:09:00+00:00\",\"dateModified\":\"2024-07-16T09:42:40+00:00\",\"breadcrumb\":{\"@id\":\"https:\\\/\\\/adfinternational.org\\\/de\\\/news\\\/lasst-uns-beten-klage-in-uganda-zur-aufhebung-der-drakonischen-covid-19-kirchschliessungen-eingereicht#breadcrumb\"},\"inLanguage\":\"de-DE\",\"potentialAction\":[{\"@type\":\"ReadAction\",\"target\":[\"https:\\\/\\\/adfinternational.org\\\/de\\\/news\\\/lasst-uns-beten-klage-in-uganda-zur-aufhebung-der-drakonischen-covid-19-kirchschliessungen-eingereicht\"]}]},{\"@type\":\"ImageObject\",\"inLanguage\":\"de-DE\",\"@id\":\"https:\\\/\\\/adfinternational.org\\\/de\\\/news\\\/lasst-uns-beten-klage-in-uganda-zur-aufhebung-der-drakonischen-covid-19-kirchschliessungen-eingereicht#primaryimage\",\"url\":\"https:\\\/\\\/adfinternational.org\\\/wp-content\\\/uploads\\\/2021\\\/10\\\/Uganda-Worship.jpg\",\"contentUrl\":\"https:\\\/\\\/adfinternational.org\\\/wp-content\\\/uploads\\\/2021\\\/10\\\/Uganda-Worship.jpg\",\"width\":1080,\"height\":714},{\"@type\":\"BreadcrumbList\",\"@id\":\"https:\\\/\\\/adfinternational.org\\\/de\\\/news\\\/lasst-uns-beten-klage-in-uganda-zur-aufhebung-der-drakonischen-covid-19-kirchschliessungen-eingereicht#breadcrumb\",\"itemListElement\":[{\"@type\":\"ListItem\",\"position\":1,\"name\":\"Home\",\"item\":\"https:\\\/\\\/adfinternational.org\\\/de\"},{\"@type\":\"ListItem\",\"position\":2,\"name\":\"Lasst uns beten: Klage in Uganda zur Aufhebung der \u201edrakonischen\u201c COVID-19-Kirchschlie\u00dfungen eingereicht\"}]},{\"@type\":\"WebSite\",\"@id\":\"https:\\\/\\\/adfinternational.org\\\/de\\\/#website\",\"url\":\"https:\\\/\\\/adfinternational.org\\\/de\\\/\",\"name\":\"ADF International\",\"description\":\"Protecting Fundamental Freedoms. Promoting Inherent Dignity.\",\"publisher\":{\"@id\":\"https:\\\/\\\/adfinternational.org\\\/de\\\/#organization\"},\"potentialAction\":[{\"@type\":\"SearchAction\",\"target\":{\"@type\":\"EntryPoint\",\"urlTemplate\":\"https:\\\/\\\/adfinternational.org\\\/de\\\/?s={search_term_string}\"},\"query-input\":{\"@type\":\"PropertyValueSpecification\",\"valueRequired\":true,\"valueName\":\"search_term_string\"}}],\"inLanguage\":\"de-DE\"},{\"@type\":\"Organization\",\"@id\":\"https:\\\/\\\/adfinternational.org\\\/de\\\/#organization\",\"name\":\"Alliance Defending Freedom International\",\"url\":\"https:\\\/\\\/adfinternational.org\\\/de\\\/\",\"logo\":{\"@type\":\"ImageObject\",\"inLanguage\":\"de-DE\",\"@id\":\"https:\\\/\\\/adfinternational.org\\\/de\\\/#\\\/schema\\\/logo\\\/image\\\/\",\"url\":\"https:\\\/\\\/adfinternational.org\\\/wp-content\\\/uploads\\\/2021\\\/08\\\/ADF_Intl_R_RGB_175px.png\",\"contentUrl\":\"https:\\\/\\\/adfinternational.org\\\/wp-content\\\/uploads\\\/2021\\\/08\\\/ADF_Intl_R_RGB_175px.png\",\"width\":175,\"height\":106,\"caption\":\"Alliance Defending Freedom International\"},\"image\":{\"@id\":\"https:\\\/\\\/adfinternational.org\\\/de\\\/#\\\/schema\\\/logo\\\/image\\\/\"},\"sameAs\":[\"https:\\\/\\\/facebook.com\\\/adfinternational\",\"https:\\\/\\\/x.com\\\/adfintl\",\"https:\\\/\\\/www.linkedin.com\\\/company\\\/adfinternational\",\"https:\\\/\\\/www.instagram.com\\\/adfinternational\\\/\"]},{\"@type\":\"Person\",\"@id\":\"https:\\\/\\\/adfinternational.org\\\/de\\\/#\\\/schema\\\/person\\\/6b776fc8535453c6aad8a6f9d78e6141\",\"name\":\"Philipp Bues\",\"image\":{\"@type\":\"ImageObject\",\"inLanguage\":\"de-DE\",\"@id\":\"https:\\\/\\\/adfinternational.org\\\/wp-content\\\/uploads\\\/2025\\\/02\\\/Philipp-Bues-Headshot-150x150.jpg\",\"url\":\"https:\\\/\\\/adfinternational.org\\\/wp-content\\\/uploads\\\/2025\\\/02\\\/Philipp-Bues-Headshot-150x150.jpg\",\"contentUrl\":\"https:\\\/\\\/adfinternational.org\\\/wp-content\\\/uploads\\\/2025\\\/02\\\/Philipp-Bues-Headshot-150x150.jpg\",\"caption\":\"Philipp Bues\"},\"url\":\"https:\\\/\\\/adfinternational.org\\\/de\\\/author\\\/pbuesadfinternational-org\"}]}<\/script>\n<!-- \/ Yoast SEO Premium plugin. -->","yoast_head_json":{"title":"Klage in Uganda - ADF International","robots":{"index":"index","follow":"follow","max-snippet":"max-snippet:-1","max-image-preview":"max-image-preview:large","max-video-preview":"max-video-preview:-1"},"canonical":"https:\/\/adfinternational.org\/de\/news\/lasst-uns-beten-klage-in-uganda-zur-aufhebung-der-drakonischen-covid-19-kirchschliessungen-eingereicht","og_locale":"de_DE","og_type":"article","og_title":"Lasst uns beten: Klage in Uganda zur Aufhebung der \u201edrakonischen\u201c COVID-19-Kirchschlie\u00dfungen eingereicht","og_description":"Glaubensvertreter aus christlichen und muslimischen Gemeinschaften gehen gerichtlich gegen die von der Regierung verh\u00e4ngte Schlie\u00dfung von Kirchen und Gebetsst\u00e4tten vor Der Fall spiegelt den weltweiten Trend wider, dass die Beschr\u00e4nkungen hinsichtlich Covid-19 Menschen mit einem bestimmten Glauben diskriminieren KAMPALA (05. AUGUST 2021) \u2013 Eine Kirche in Kampala und ein Vertreter der muslimischen Gemeinde haben rechtliche [&hellip;]","og_url":"https:\/\/adfinternational.org\/de\/news\/lasst-uns-beten-klage-in-uganda-zur-aufhebung-der-drakonischen-covid-19-kirchschliessungen-eingereicht","og_site_name":"ADF International","article_publisher":"https:\/\/facebook.com\/adfinternational","article_published_time":"2021-08-05T10:09:00+00:00","article_modified_time":"2024-07-16T09:42:40+00:00","og_image":[{"width":1080,"height":714,"url":"https:\/\/adfinternational.org\/wp-content\/uploads\/2021\/10\/Uganda-Worship.jpg","type":"image\/jpeg"}],"author":"Philipp Bues","twitter_card":"summary_large_image","twitter_creator":"@adfintl","twitter_site":"@adfintl","twitter_misc":{"Verfasst von":"Philipp Bues","Gesch\u00e4tzte Lesezeit":"5 Minuten"},"schema":{"@context":"https:\/\/schema.org","@graph":[{"@type":"Article","@id":"https:\/\/adfinternational.org\/de\/news\/lasst-uns-beten-klage-in-uganda-zur-aufhebung-der-drakonischen-covid-19-kirchschliessungen-eingereicht#article","isPartOf":{"@id":"https:\/\/adfinternational.org\/de\/news\/lasst-uns-beten-klage-in-uganda-zur-aufhebung-der-drakonischen-covid-19-kirchschliessungen-eingereicht"},"author":{"name":"Philipp Bues","@id":"https:\/\/adfinternational.org\/de\/#\/schema\/person\/6b776fc8535453c6aad8a6f9d78e6141"},"headline":"Lasst uns beten: Klage in Uganda zur Aufhebung der \u201edrakonischen\u201c COVID-19-Kirchschlie\u00dfungen eingereicht","datePublished":"2021-08-05T10:09:00+00:00","dateModified":"2024-07-16T09:42:40+00:00","mainEntityOfPage":{"@id":"https:\/\/adfinternational.org\/de\/news\/lasst-uns-beten-klage-in-uganda-zur-aufhebung-der-drakonischen-covid-19-kirchschliessungen-eingereicht"},"wordCount":929,"publisher":{"@id":"https:\/\/adfinternational.org\/de\/#organization"},"image":{"@id":"https:\/\/adfinternational.org\/de\/news\/lasst-uns-beten-klage-in-uganda-zur-aufhebung-der-drakonischen-covid-19-kirchschliessungen-eingereicht#primaryimage"},"thumbnailUrl":"https:\/\/adfinternational.org\/wp-content\/uploads\/2021\/10\/Uganda-Worship.jpg","keywords":["DE","News"],"articleSection":["News"],"inLanguage":"de-DE"},{"@type":"WebPage","@id":"https:\/\/adfinternational.org\/de\/news\/lasst-uns-beten-klage-in-uganda-zur-aufhebung-der-drakonischen-covid-19-kirchschliessungen-eingereicht","url":"https:\/\/adfinternational.org\/de\/news\/lasst-uns-beten-klage-in-uganda-zur-aufhebung-der-drakonischen-covid-19-kirchschliessungen-eingereicht","name":"Klage in Uganda - ADF International","isPartOf":{"@id":"https:\/\/adfinternational.org\/de\/#website"},"primaryImageOfPage":{"@id":"https:\/\/adfinternational.org\/de\/news\/lasst-uns-beten-klage-in-uganda-zur-aufhebung-der-drakonischen-covid-19-kirchschliessungen-eingereicht#primaryimage"},"image":{"@id":"https:\/\/adfinternational.org\/de\/news\/lasst-uns-beten-klage-in-uganda-zur-aufhebung-der-drakonischen-covid-19-kirchschliessungen-eingereicht#primaryimage"},"thumbnailUrl":"https:\/\/adfinternational.org\/wp-content\/uploads\/2021\/10\/Uganda-Worship.jpg","datePublished":"2021-08-05T10:09:00+00:00","dateModified":"2024-07-16T09:42:40+00:00","breadcrumb":{"@id":"https:\/\/adfinternational.org\/de\/news\/lasst-uns-beten-klage-in-uganda-zur-aufhebung-der-drakonischen-covid-19-kirchschliessungen-eingereicht#breadcrumb"},"inLanguage":"de-DE","potentialAction":[{"@type":"ReadAction","target":["https:\/\/adfinternational.org\/de\/news\/lasst-uns-beten-klage-in-uganda-zur-aufhebung-der-drakonischen-covid-19-kirchschliessungen-eingereicht"]}]},{"@type":"ImageObject","inLanguage":"de-DE","@id":"https:\/\/adfinternational.org\/de\/news\/lasst-uns-beten-klage-in-uganda-zur-aufhebung-der-drakonischen-covid-19-kirchschliessungen-eingereicht#primaryimage","url":"https:\/\/adfinternational.org\/wp-content\/uploads\/2021\/10\/Uganda-Worship.jpg","contentUrl":"https:\/\/adfinternational.org\/wp-content\/uploads\/2021\/10\/Uganda-Worship.jpg","width":1080,"height":714},{"@type":"BreadcrumbList","@id":"https:\/\/adfinternational.org\/de\/news\/lasst-uns-beten-klage-in-uganda-zur-aufhebung-der-drakonischen-covid-19-kirchschliessungen-eingereicht#breadcrumb","itemListElement":[{"@type":"ListItem","position":1,"name":"Home","item":"https:\/\/adfinternational.org\/de"},{"@type":"ListItem","position":2,"name":"Lasst uns beten: Klage in Uganda zur Aufhebung der \u201edrakonischen\u201c COVID-19-Kirchschlie\u00dfungen eingereicht"}]},{"@type":"WebSite","@id":"https:\/\/adfinternational.org\/de\/#website","url":"https:\/\/adfinternational.org\/de\/","name":"ADF International","description":"Protecting Fundamental Freedoms. Promoting Inherent Dignity.","publisher":{"@id":"https:\/\/adfinternational.org\/de\/#organization"},"potentialAction":[{"@type":"SearchAction","target":{"@type":"EntryPoint","urlTemplate":"https:\/\/adfinternational.org\/de\/?s={search_term_string}"},"query-input":{"@type":"PropertyValueSpecification","valueRequired":true,"valueName":"search_term_string"}}],"inLanguage":"de-DE"},{"@type":"Organization","@id":"https:\/\/adfinternational.org\/de\/#organization","name":"Alliance Defending Freedom International","url":"https:\/\/adfinternational.org\/de\/","logo":{"@type":"ImageObject","inLanguage":"de-DE","@id":"https:\/\/adfinternational.org\/de\/#\/schema\/logo\/image\/","url":"https:\/\/adfinternational.org\/wp-content\/uploads\/2021\/08\/ADF_Intl_R_RGB_175px.png","contentUrl":"https:\/\/adfinternational.org\/wp-content\/uploads\/2021\/08\/ADF_Intl_R_RGB_175px.png","width":175,"height":106,"caption":"Alliance Defending Freedom International"},"image":{"@id":"https:\/\/adfinternational.org\/de\/#\/schema\/logo\/image\/"},"sameAs":["https:\/\/facebook.com\/adfinternational","https:\/\/x.com\/adfintl","https:\/\/www.linkedin.com\/company\/adfinternational","https:\/\/www.instagram.com\/adfinternational\/"]},{"@type":"Person","@id":"https:\/\/adfinternational.org\/de\/#\/schema\/person\/6b776fc8535453c6aad8a6f9d78e6141","name":"Philipp Bues","image":{"@type":"ImageObject","inLanguage":"de-DE","@id":"https:\/\/adfinternational.org\/wp-content\/uploads\/2025\/02\/Philipp-Bues-Headshot-150x150.jpg","url":"https:\/\/adfinternational.org\/wp-content\/uploads\/2025\/02\/Philipp-Bues-Headshot-150x150.jpg","contentUrl":"https:\/\/adfinternational.org\/wp-content\/uploads\/2025\/02\/Philipp-Bues-Headshot-150x150.jpg","caption":"Philipp Bues"},"url":"https:\/\/adfinternational.org\/de\/author\/pbuesadfinternational-org"}]}},"_links":{"self":[{"href":"https:\/\/adfinternational.org\/de\/wp-json\/wp\/v2\/posts\/8551","targetHints":{"allow":["GET"]}}],"collection":[{"href":"https:\/\/adfinternational.org\/de\/wp-json\/wp\/v2\/posts"}],"about":[{"href":"https:\/\/adfinternational.org\/de\/wp-json\/wp\/v2\/types\/post"}],"author":[{"embeddable":true,"href":"https:\/\/adfinternational.org\/de\/wp-json\/wp\/v2\/users\/44"}],"replies":[{"embeddable":true,"href":"https:\/\/adfinternational.org\/de\/wp-json\/wp\/v2\/comments?post=8551"}],"version-history":[{"count":0,"href":"https:\/\/adfinternational.org\/de\/wp-json\/wp\/v2\/posts\/8551\/revisions"}],"wp:featuredmedia":[{"embeddable":true,"href":"https:\/\/adfinternational.org\/de\/wp-json\/wp\/v2\/media\/2119"}],"wp:attachment":[{"href":"https:\/\/adfinternational.org\/de\/wp-json\/wp\/v2\/media?parent=8551"}],"wp:term":[{"taxonomy":"category","embeddable":true,"href":"https:\/\/adfinternational.org\/de\/wp-json\/wp\/v2\/categories?post=8551"},{"taxonomy":"post_tag","embeddable":true,"href":"https:\/\/adfinternational.org\/de\/wp-json\/wp\/v2\/tags?post=8551"}],"curies":[{"name":"wp","href":"https:\/\/api.w.org\/{rel}","templated":true}]}}