{"id":8567,"date":"2021-09-16T10:45:00","date_gmt":"2021-09-16T10:45:00","guid":{"rendered":"https:\/\/adfinternational.org\/?p=8567"},"modified":"2024-07-31T14:47:57","modified_gmt":"2024-07-31T13:47:57","slug":"social-media-star-klagt-vor-gericht-gegen-zensur-urteil","status":"publish","type":"post","link":"https:\/\/adfinternational.org\/de\/news\/social-media-star-klagt-vor-gericht-gegen-zensur-urteil","title":{"rendered":"Social-Media-Star klagt vor Gericht gegen Zensur-Urteil"},"content":{"rendered":"\t\t<div data-elementor-type=\"wp-post\" data-elementor-id=\"8567\" class=\"elementor elementor-8567\" data-elementor-post-type=\"post\">\n\t\t\t\t\t\t<section class=\"elementor-section elementor-top-section elementor-element elementor-element-7f5916aa elementor-section-boxed elementor-section-height-default elementor-section-height-default\" data-id=\"7f5916aa\" data-element_type=\"section\" data-e-type=\"section\">\n\t\t\t\t\t\t<div class=\"elementor-container elementor-column-gap-default\">\n\t\t\t\t\t<div class=\"elementor-column elementor-col-100 elementor-top-column elementor-element elementor-element-3d4ba3d0\" data-id=\"3d4ba3d0\" data-element_type=\"column\" data-e-type=\"column\">\n\t\t\t<div class=\"elementor-widget-wrap elementor-element-populated\">\n\t\t\t\t\t\t<div class=\"elementor-element elementor-element-69269a54 elementor-widget elementor-widget-text-editor\" data-id=\"69269a54\" data-element_type=\"widget\" data-e-type=\"widget\" data-widget_type=\"text-editor.default\">\n\t\t\t\t<div class=\"elementor-widget-container\">\n\t\t\t\t\t\t\t\t\t<p>\u201eIch hatte das Gef\u00fchl, dass es jeden Moment an der T\u00fcr klopfen k\u00f6nnte, ich sie \u00f6ffnen w\u00fcrde und die Polizei mich verhaften w\u00fcrde\u201c, erinnert sich Kika. Ich vergoss viele Tr\u00e4nen. Und das alles wegen eines YouTube-Videos?\u201c, schreibt Sofia H\u00f6rder in Christian Today.<a style=\"background-color: #ffffff; font-size: 1rem; letter-spacing: 1.1px;\" href=\"https:\/\/www.christiantoday.com\/article\/social.media.star.challenges.censorship.ruling.in.court\/137394.htm\" target=\"_blank\" rel=\"noopener\">Lesen Sie den vollst\u00e4ndigen Artikel hier.<\/a><\/p><p>\u00a0<\/p><p><i>Bilder zur freien Verwendung in Print oder Online, aber nur im Zusammenhang mit diesem Beitrag.<\/i><\/p>\t\t\t\t\t\t\t\t<\/div>\n\t\t\t\t<\/div>\n\t\t\t\t<div class=\"elementor-element elementor-element-2503ce5b elementor-widget-divider--view-line elementor-widget elementor-widget-divider\" data-id=\"2503ce5b\" data-element_type=\"widget\" data-e-type=\"widget\" data-widget_type=\"divider.default\">\n\t\t\t\t<div class=\"elementor-widget-container\">\n\t\t\t\t\t\t\t<div class=\"elementor-divider\">\n\t\t\t<span class=\"elementor-divider-separator\">\n\t\t\t\t\t\t<\/span>\n\t\t<\/div>\n\t\t\t\t\t\t<\/div>\n\t\t\t\t<\/div>\n\t\t\t\t<div class=\"elementor-element elementor-element-6c73f90a elementor-widget elementor-widget-gallery\" data-id=\"6c73f90a\" data-element_type=\"widget\" data-e-type=\"widget\" data-settings=\"{&quot;aspect_ratio&quot;:&quot;1:1&quot;,&quot;lazyload&quot;:&quot;yes&quot;,&quot;gallery_layout&quot;:&quot;grid&quot;,&quot;columns&quot;:4,&quot;columns_tablet&quot;:2,&quot;columns_mobile&quot;:1,&quot;gap&quot;:{&quot;unit&quot;:&quot;px&quot;,&quot;size&quot;:10,&quot;sizes&quot;:[]},&quot;gap_tablet&quot;:{&quot;unit&quot;:&quot;px&quot;,&quot;size&quot;:10,&quot;sizes&quot;:[]},&quot;gap_mobile&quot;:{&quot;unit&quot;:&quot;px&quot;,&quot;size&quot;:10,&quot;sizes&quot;:[]},&quot;link_to&quot;:&quot;file&quot;,&quot;overlay_background&quot;:&quot;yes&quot;,&quot;content_hover_animation&quot;:&quot;fade-in&quot;}\" data-widget_type=\"gallery.default\">\n\t\t\t\t<div class=\"elementor-widget-container\">\n\t\t\t\t\t\t\t<div class=\"elementor-gallery__container\">\n\t\t\t\t\t\t\t<a class=\"e-gallery-item elementor-gallery-item elementor-animated-content\" href=\"https:\/\/adfinternational.org\/wp-content\/uploads\/2022\/06\/Sofia_H.jpg\" data-elementor-open-lightbox=\"yes\" data-elementor-lightbox-slideshow=\"6c73f90a\" data-elementor-lightbox-title=\"Sofia H\" data-e-action-hash=\"#elementor-action%3Aaction%3Dlightbox%26settings%3DeyJpZCI6ODU2OSwidXJsIjoiaHR0cHM6XC9cL2FkZmludGVybmF0aW9uYWwub3JnXC93cC1jb250ZW50XC91cGxvYWRzXC8yMDIyXC8wNlwvU29maWFfSC5qcGciLCJzbGlkZXNob3ciOiI2YzczZjkwYSJ9\">\n\t\t\t\t\t<div class=\"e-gallery-image elementor-gallery-item__image\" data-thumbnail=\"https:\/\/adfinternational.org\/wp-content\/uploads\/2022\/06\/Sofia_H-865x1024.jpg\" data-width=\"865\" data-height=\"1024\" aria-label=\"\" role=\"img\" ><\/div>\n\t\t\t\t\t\t\t\t\t\t\t<div class=\"elementor-gallery-item__overlay\"><\/div>\n\t\t\t\t\t\t\t\t\t\t\t\t\t\t<\/a>\n\t\t\t\t\t\t\t<a class=\"e-gallery-item elementor-gallery-item elementor-animated-content\" href=\"https:\/\/adfinternational.org\/wp-content\/uploads\/2022\/06\/Kika9.jpg\" data-elementor-open-lightbox=\"yes\" data-elementor-lightbox-slideshow=\"6c73f90a\" data-elementor-lightbox-title=\"Kika9\" data-e-action-hash=\"#elementor-action%3Aaction%3Dlightbox%26settings%3DeyJpZCI6ODU3MywidXJsIjoiaHR0cHM6XC9cL2FkZmludGVybmF0aW9uYWwub3JnXC93cC1jb250ZW50XC91cGxvYWRzXC8yMDIyXC8wNlwvS2lrYTkuanBnIiwic2xpZGVzaG93IjoiNmM3M2Y5MGEifQ%3D%3D\">\n\t\t\t\t\t<div class=\"e-gallery-image elementor-gallery-item__image\" data-thumbnail=\"https:\/\/adfinternational.org\/wp-content\/uploads\/2022\/06\/Kika9.jpg\" data-width=\"480\" data-height=\"555\" aria-label=\"\" role=\"img\" ><\/div>\n\t\t\t\t\t\t\t\t\t\t\t<div class=\"elementor-gallery-item__overlay\"><\/div>\n\t\t\t\t\t\t\t\t\t\t\t\t\t\t<\/a>\n\t\t\t\t\t\t\t<a class=\"e-gallery-item elementor-gallery-item elementor-animated-content\" href=\"https:\/\/adfinternational.org\/wp-content\/uploads\/2022\/06\/kikaArtboard-29-50.jpg\" data-elementor-open-lightbox=\"yes\" data-elementor-lightbox-slideshow=\"6c73f90a\" data-elementor-lightbox-title=\"KikaArtboard 29 50\" data-e-action-hash=\"#elementor-action%3Aaction%3Dlightbox%26settings%3DeyJpZCI6ODU3MSwidXJsIjoiaHR0cHM6XC9cL2FkZmludGVybmF0aW9uYWwub3JnXC93cC1jb250ZW50XC91cGxvYWRzXC8yMDIyXC8wNlwva2lrYUFydGJvYXJkLTI5LTUwLmpwZyIsInNsaWRlc2hvdyI6IjZjNzNmOTBhIn0%3D\">\n\t\t\t\t\t<div class=\"e-gallery-image elementor-gallery-item__image\" data-thumbnail=\"https:\/\/adfinternational.org\/wp-content\/uploads\/2022\/06\/kikaArtboard-29-50-1024x1024.jpg\" data-width=\"1024\" data-height=\"1024\" aria-label=\"\" role=\"img\" ><\/div>\n\t\t\t\t\t\t\t\t\t\t\t<div class=\"elementor-gallery-item__overlay\"><\/div>\n\t\t\t\t\t\t\t\t\t\t\t\t\t\t<\/a>\n\t\t\t\t\t<\/div>\n\t\t\t\t\t<\/div>\n\t\t\t\t<\/div>\n\t\t\t\t\t<\/div>\n\t\t<\/div>\n\t\t\t\t\t<\/div>\n\t\t<\/section>\n\t\t\t\t<\/div>\n\t\t","protected":false},"excerpt":{"rendered":"<p>\u201eIch hatte das Gef\u00fchl, dass es jeden Moment an der T\u00fcr klopfen k\u00f6nnte, ich sie \u00f6ffnen w\u00fcrde und die Polizei mich verhaften w\u00fcrde\u201c, erinnert sich Kika. Ich vergoss viele Tr\u00e4nen. Und das alles wegen eines YouTube-Videos?\u201c, schreibt Sofia H\u00f6rder in Christian Today.Lesen Sie den vollst\u00e4ndigen Artikel hier. \u00a0 Bilder zur freien Verwendung in Print oder [&hellip;]<\/p>\n","protected":false},"author":44,"featured_media":8422,"comment_status":"closed","ping_status":"closed","sticky":false,"template":"","format":"standard","meta":{"_acf_changed":false,"give_campaign_id":0,"footnotes":""},"categories":[434],"tags":[428],"class_list":["post-8567","post","type-post","status-publish","format-standard","has-post-thumbnail","hentry","category-news","tag-kommentar"],"acf":[],"yoast_head":"<!-- This site is optimized with the Yoast SEO Premium plugin v27.4 (Yoast SEO v27.4) - https:\/\/yoast.com\/product\/yoast-seo-premium-wordpress\/ -->\n<title>Social-Media-Star klagt vor Gericht gegen Zensur-Urteil - ADF International<\/title>\n<meta name=\"robots\" content=\"index, follow, max-snippet:-1, max-image-preview:large, max-video-preview:-1\" \/>\n<link rel=\"canonical\" href=\"https:\/\/adfinternational.org\/de\/news\/social-media-star-klagt-vor-gericht-gegen-zensur-urteil\" \/>\n<meta property=\"og:locale\" content=\"de_DE\" \/>\n<meta property=\"og:type\" content=\"article\" \/>\n<meta property=\"og:title\" content=\"Social-Media-Star klagt vor Gericht gegen Zensur-Urteil\" \/>\n<meta property=\"og:description\" content=\"\u201eIch hatte das Gef\u00fchl, dass es jeden Moment an der T\u00fcr klopfen k\u00f6nnte, ich sie \u00f6ffnen w\u00fcrde und die Polizei mich verhaften w\u00fcrde\u201c, erinnert sich Kika. Ich vergoss viele Tr\u00e4nen. Und das alles wegen eines YouTube-Videos?\u201c, schreibt Sofia H\u00f6rder in Christian Today.Lesen Sie den vollst\u00e4ndigen Artikel hier. \u00a0 Bilder zur freien Verwendung in Print oder [&hellip;]\" \/>\n<meta property=\"og:url\" content=\"https:\/\/adfinternational.org\/de\/news\/social-media-star-klagt-vor-gericht-gegen-zensur-urteil\" \/>\n<meta property=\"og:site_name\" content=\"ADF International\" \/>\n<meta property=\"article:publisher\" content=\"https:\/\/facebook.com\/adfinternational\" \/>\n<meta property=\"article:published_time\" content=\"2021-09-16T10:45:00+00:00\" \/>\n<meta property=\"article:modified_time\" content=\"2024-07-31T13:47:57+00:00\" \/>\n<meta property=\"og:image\" content=\"https:\/\/adfinternational.org\/wp-content\/uploads\/2022\/06\/Kika-Nieto_Colombia_sitting-on-bed.jpg\" \/>\n\t<meta property=\"og:image:width\" content=\"1920\" \/>\n\t<meta property=\"og:image:height\" content=\"885\" \/>\n\t<meta property=\"og:image:type\" content=\"image\/jpeg\" \/>\n<meta name=\"author\" content=\"Philipp Bues\" \/>\n<meta name=\"twitter:card\" content=\"summary_large_image\" \/>\n<meta name=\"twitter:creator\" content=\"@adfintl\" \/>\n<meta name=\"twitter:site\" content=\"@adfintl\" \/>\n<meta name=\"twitter:label1\" content=\"Verfasst von\" \/>\n\t<meta name=\"twitter:data1\" content=\"Philipp Bues\" \/>\n\t<meta name=\"twitter:label2\" content=\"Gesch\u00e4tzte Lesezeit\" \/>\n\t<meta name=\"twitter:data2\" content=\"1 Minute\" \/>\n<script type=\"application\/ld+json\" class=\"yoast-schema-graph\">{\"@context\":\"https:\\\/\\\/schema.org\",\"@graph\":[{\"@type\":\"Article\",\"@id\":\"https:\\\/\\\/adfinternational.org\\\/de\\\/news\\\/social-media-star-klagt-vor-gericht-gegen-zensur-urteil#article\",\"isPartOf\":{\"@id\":\"https:\\\/\\\/adfinternational.org\\\/de\\\/news\\\/social-media-star-klagt-vor-gericht-gegen-zensur-urteil\"},\"author\":{\"name\":\"Philipp Bues\",\"@id\":\"https:\\\/\\\/adfinternational.org\\\/de\\\/#\\\/schema\\\/person\\\/6b776fc8535453c6aad8a6f9d78e6141\"},\"headline\":\"Social-Media-Star klagt vor Gericht gegen Zensur-Urteil\",\"datePublished\":\"2021-09-16T10:45:00+00:00\",\"dateModified\":\"2024-07-31T13:47:57+00:00\",\"mainEntityOfPage\":{\"@id\":\"https:\\\/\\\/adfinternational.org\\\/de\\\/news\\\/social-media-star-klagt-vor-gericht-gegen-zensur-urteil\"},\"wordCount\":77,\"publisher\":{\"@id\":\"https:\\\/\\\/adfinternational.org\\\/de\\\/#organization\"},\"image\":{\"@id\":\"https:\\\/\\\/adfinternational.org\\\/de\\\/news\\\/social-media-star-klagt-vor-gericht-gegen-zensur-urteil#primaryimage\"},\"thumbnailUrl\":\"https:\\\/\\\/adfinternational.org\\\/wp-content\\\/uploads\\\/2022\\\/06\\\/Kika-Nieto_Colombia_sitting-on-bed.jpg\",\"keywords\":[\"Kommentar\"],\"articleSection\":[\"News\"],\"inLanguage\":\"de-DE\"},{\"@type\":\"WebPage\",\"@id\":\"https:\\\/\\\/adfinternational.org\\\/de\\\/news\\\/social-media-star-klagt-vor-gericht-gegen-zensur-urteil\",\"url\":\"https:\\\/\\\/adfinternational.org\\\/de\\\/news\\\/social-media-star-klagt-vor-gericht-gegen-zensur-urteil\",\"name\":\"Social-Media-Star klagt vor Gericht gegen Zensur-Urteil - ADF International\",\"isPartOf\":{\"@id\":\"https:\\\/\\\/adfinternational.org\\\/de\\\/#website\"},\"primaryImageOfPage\":{\"@id\":\"https:\\\/\\\/adfinternational.org\\\/de\\\/news\\\/social-media-star-klagt-vor-gericht-gegen-zensur-urteil#primaryimage\"},\"image\":{\"@id\":\"https:\\\/\\\/adfinternational.org\\\/de\\\/news\\\/social-media-star-klagt-vor-gericht-gegen-zensur-urteil#primaryimage\"},\"thumbnailUrl\":\"https:\\\/\\\/adfinternational.org\\\/wp-content\\\/uploads\\\/2022\\\/06\\\/Kika-Nieto_Colombia_sitting-on-bed.jpg\",\"datePublished\":\"2021-09-16T10:45:00+00:00\",\"dateModified\":\"2024-07-31T13:47:57+00:00\",\"breadcrumb\":{\"@id\":\"https:\\\/\\\/adfinternational.org\\\/de\\\/news\\\/social-media-star-klagt-vor-gericht-gegen-zensur-urteil#breadcrumb\"},\"inLanguage\":\"de-DE\",\"potentialAction\":[{\"@type\":\"ReadAction\",\"target\":[\"https:\\\/\\\/adfinternational.org\\\/de\\\/news\\\/social-media-star-klagt-vor-gericht-gegen-zensur-urteil\"]}]},{\"@type\":\"ImageObject\",\"inLanguage\":\"de-DE\",\"@id\":\"https:\\\/\\\/adfinternational.org\\\/de\\\/news\\\/social-media-star-klagt-vor-gericht-gegen-zensur-urteil#primaryimage\",\"url\":\"https:\\\/\\\/adfinternational.org\\\/wp-content\\\/uploads\\\/2022\\\/06\\\/Kika-Nieto_Colombia_sitting-on-bed.jpg\",\"contentUrl\":\"https:\\\/\\\/adfinternational.org\\\/wp-content\\\/uploads\\\/2022\\\/06\\\/Kika-Nieto_Colombia_sitting-on-bed.jpg\",\"width\":1920,\"height\":885},{\"@type\":\"BreadcrumbList\",\"@id\":\"https:\\\/\\\/adfinternational.org\\\/de\\\/news\\\/social-media-star-klagt-vor-gericht-gegen-zensur-urteil#breadcrumb\",\"itemListElement\":[{\"@type\":\"ListItem\",\"position\":1,\"name\":\"Home\",\"item\":\"https:\\\/\\\/adfinternational.org\\\/de\"},{\"@type\":\"ListItem\",\"position\":2,\"name\":\"Social-Media-Star klagt vor Gericht gegen Zensur-Urteil\"}]},{\"@type\":\"WebSite\",\"@id\":\"https:\\\/\\\/adfinternational.org\\\/de\\\/#website\",\"url\":\"https:\\\/\\\/adfinternational.org\\\/de\\\/\",\"name\":\"ADF International\",\"description\":\"Protecting Fundamental Freedoms. Promoting Inherent Dignity.\",\"publisher\":{\"@id\":\"https:\\\/\\\/adfinternational.org\\\/de\\\/#organization\"},\"potentialAction\":[{\"@type\":\"SearchAction\",\"target\":{\"@type\":\"EntryPoint\",\"urlTemplate\":\"https:\\\/\\\/adfinternational.org\\\/de\\\/?s={search_term_string}\"},\"query-input\":{\"@type\":\"PropertyValueSpecification\",\"valueRequired\":true,\"valueName\":\"search_term_string\"}}],\"inLanguage\":\"de-DE\"},{\"@type\":\"Organization\",\"@id\":\"https:\\\/\\\/adfinternational.org\\\/de\\\/#organization\",\"name\":\"Alliance Defending Freedom International\",\"url\":\"https:\\\/\\\/adfinternational.org\\\/de\\\/\",\"logo\":{\"@type\":\"ImageObject\",\"inLanguage\":\"de-DE\",\"@id\":\"https:\\\/\\\/adfinternational.org\\\/de\\\/#\\\/schema\\\/logo\\\/image\\\/\",\"url\":\"https:\\\/\\\/adfinternational.org\\\/wp-content\\\/uploads\\\/2021\\\/08\\\/ADF_Intl_R_RGB_175px.png\",\"contentUrl\":\"https:\\\/\\\/adfinternational.org\\\/wp-content\\\/uploads\\\/2021\\\/08\\\/ADF_Intl_R_RGB_175px.png\",\"width\":175,\"height\":106,\"caption\":\"Alliance Defending Freedom International\"},\"image\":{\"@id\":\"https:\\\/\\\/adfinternational.org\\\/de\\\/#\\\/schema\\\/logo\\\/image\\\/\"},\"sameAs\":[\"https:\\\/\\\/facebook.com\\\/adfinternational\",\"https:\\\/\\\/x.com\\\/adfintl\",\"https:\\\/\\\/www.linkedin.com\\\/company\\\/adfinternational\",\"https:\\\/\\\/www.instagram.com\\\/adfinternational\\\/\"]},{\"@type\":\"Person\",\"@id\":\"https:\\\/\\\/adfinternational.org\\\/de\\\/#\\\/schema\\\/person\\\/6b776fc8535453c6aad8a6f9d78e6141\",\"name\":\"Philipp Bues\",\"image\":{\"@type\":\"ImageObject\",\"inLanguage\":\"de-DE\",\"@id\":\"https:\\\/\\\/adfinternational.org\\\/wp-content\\\/uploads\\\/2025\\\/02\\\/Philipp-Bues-Headshot-150x150.jpg\",\"url\":\"https:\\\/\\\/adfinternational.org\\\/wp-content\\\/uploads\\\/2025\\\/02\\\/Philipp-Bues-Headshot-150x150.jpg\",\"contentUrl\":\"https:\\\/\\\/adfinternational.org\\\/wp-content\\\/uploads\\\/2025\\\/02\\\/Philipp-Bues-Headshot-150x150.jpg\",\"caption\":\"Philipp Bues\"},\"url\":\"https:\\\/\\\/adfinternational.org\\\/de\\\/author\\\/pbuesadfinternational-org\"}]}<\/script>\n<!-- \/ Yoast SEO Premium plugin. -->","yoast_head_json":{"title":"Social-Media-Star klagt vor Gericht gegen Zensur-Urteil - ADF International","robots":{"index":"index","follow":"follow","max-snippet":"max-snippet:-1","max-image-preview":"max-image-preview:large","max-video-preview":"max-video-preview:-1"},"canonical":"https:\/\/adfinternational.org\/de\/news\/social-media-star-klagt-vor-gericht-gegen-zensur-urteil","og_locale":"de_DE","og_type":"article","og_title":"Social-Media-Star klagt vor Gericht gegen Zensur-Urteil","og_description":"\u201eIch hatte das Gef\u00fchl, dass es jeden Moment an der T\u00fcr klopfen k\u00f6nnte, ich sie \u00f6ffnen w\u00fcrde und die Polizei mich verhaften w\u00fcrde\u201c, erinnert sich Kika. Ich vergoss viele Tr\u00e4nen. Und das alles wegen eines YouTube-Videos?\u201c, schreibt Sofia H\u00f6rder in Christian Today.Lesen Sie den vollst\u00e4ndigen Artikel hier. \u00a0 Bilder zur freien Verwendung in Print oder [&hellip;]","og_url":"https:\/\/adfinternational.org\/de\/news\/social-media-star-klagt-vor-gericht-gegen-zensur-urteil","og_site_name":"ADF International","article_publisher":"https:\/\/facebook.com\/adfinternational","article_published_time":"2021-09-16T10:45:00+00:00","article_modified_time":"2024-07-31T13:47:57+00:00","og_image":[{"width":1920,"height":885,"url":"https:\/\/adfinternational.org\/wp-content\/uploads\/2022\/06\/Kika-Nieto_Colombia_sitting-on-bed.jpg","type":"image\/jpeg"}],"author":"Philipp Bues","twitter_card":"summary_large_image","twitter_creator":"@adfintl","twitter_site":"@adfintl","twitter_misc":{"Verfasst von":"Philipp Bues","Gesch\u00e4tzte Lesezeit":"1 Minute"},"schema":{"@context":"https:\/\/schema.org","@graph":[{"@type":"Article","@id":"https:\/\/adfinternational.org\/de\/news\/social-media-star-klagt-vor-gericht-gegen-zensur-urteil#article","isPartOf":{"@id":"https:\/\/adfinternational.org\/de\/news\/social-media-star-klagt-vor-gericht-gegen-zensur-urteil"},"author":{"name":"Philipp Bues","@id":"https:\/\/adfinternational.org\/de\/#\/schema\/person\/6b776fc8535453c6aad8a6f9d78e6141"},"headline":"Social-Media-Star klagt vor Gericht gegen Zensur-Urteil","datePublished":"2021-09-16T10:45:00+00:00","dateModified":"2024-07-31T13:47:57+00:00","mainEntityOfPage":{"@id":"https:\/\/adfinternational.org\/de\/news\/social-media-star-klagt-vor-gericht-gegen-zensur-urteil"},"wordCount":77,"publisher":{"@id":"https:\/\/adfinternational.org\/de\/#organization"},"image":{"@id":"https:\/\/adfinternational.org\/de\/news\/social-media-star-klagt-vor-gericht-gegen-zensur-urteil#primaryimage"},"thumbnailUrl":"https:\/\/adfinternational.org\/wp-content\/uploads\/2022\/06\/Kika-Nieto_Colombia_sitting-on-bed.jpg","keywords":["Kommentar"],"articleSection":["News"],"inLanguage":"de-DE"},{"@type":"WebPage","@id":"https:\/\/adfinternational.org\/de\/news\/social-media-star-klagt-vor-gericht-gegen-zensur-urteil","url":"https:\/\/adfinternational.org\/de\/news\/social-media-star-klagt-vor-gericht-gegen-zensur-urteil","name":"Social-Media-Star klagt vor Gericht gegen Zensur-Urteil - ADF International","isPartOf":{"@id":"https:\/\/adfinternational.org\/de\/#website"},"primaryImageOfPage":{"@id":"https:\/\/adfinternational.org\/de\/news\/social-media-star-klagt-vor-gericht-gegen-zensur-urteil#primaryimage"},"image":{"@id":"https:\/\/adfinternational.org\/de\/news\/social-media-star-klagt-vor-gericht-gegen-zensur-urteil#primaryimage"},"thumbnailUrl":"https:\/\/adfinternational.org\/wp-content\/uploads\/2022\/06\/Kika-Nieto_Colombia_sitting-on-bed.jpg","datePublished":"2021-09-16T10:45:00+00:00","dateModified":"2024-07-31T13:47:57+00:00","breadcrumb":{"@id":"https:\/\/adfinternational.org\/de\/news\/social-media-star-klagt-vor-gericht-gegen-zensur-urteil#breadcrumb"},"inLanguage":"de-DE","potentialAction":[{"@type":"ReadAction","target":["https:\/\/adfinternational.org\/de\/news\/social-media-star-klagt-vor-gericht-gegen-zensur-urteil"]}]},{"@type":"ImageObject","inLanguage":"de-DE","@id":"https:\/\/adfinternational.org\/de\/news\/social-media-star-klagt-vor-gericht-gegen-zensur-urteil#primaryimage","url":"https:\/\/adfinternational.org\/wp-content\/uploads\/2022\/06\/Kika-Nieto_Colombia_sitting-on-bed.jpg","contentUrl":"https:\/\/adfinternational.org\/wp-content\/uploads\/2022\/06\/Kika-Nieto_Colombia_sitting-on-bed.jpg","width":1920,"height":885},{"@type":"BreadcrumbList","@id":"https:\/\/adfinternational.org\/de\/news\/social-media-star-klagt-vor-gericht-gegen-zensur-urteil#breadcrumb","itemListElement":[{"@type":"ListItem","position":1,"name":"Home","item":"https:\/\/adfinternational.org\/de"},{"@type":"ListItem","position":2,"name":"Social-Media-Star klagt vor Gericht gegen Zensur-Urteil"}]},{"@type":"WebSite","@id":"https:\/\/adfinternational.org\/de\/#website","url":"https:\/\/adfinternational.org\/de\/","name":"ADF International","description":"Protecting Fundamental Freedoms. Promoting Inherent Dignity.","publisher":{"@id":"https:\/\/adfinternational.org\/de\/#organization"},"potentialAction":[{"@type":"SearchAction","target":{"@type":"EntryPoint","urlTemplate":"https:\/\/adfinternational.org\/de\/?s={search_term_string}"},"query-input":{"@type":"PropertyValueSpecification","valueRequired":true,"valueName":"search_term_string"}}],"inLanguage":"de-DE"},{"@type":"Organization","@id":"https:\/\/adfinternational.org\/de\/#organization","name":"Alliance Defending Freedom International","url":"https:\/\/adfinternational.org\/de\/","logo":{"@type":"ImageObject","inLanguage":"de-DE","@id":"https:\/\/adfinternational.org\/de\/#\/schema\/logo\/image\/","url":"https:\/\/adfinternational.org\/wp-content\/uploads\/2021\/08\/ADF_Intl_R_RGB_175px.png","contentUrl":"https:\/\/adfinternational.org\/wp-content\/uploads\/2021\/08\/ADF_Intl_R_RGB_175px.png","width":175,"height":106,"caption":"Alliance Defending Freedom International"},"image":{"@id":"https:\/\/adfinternational.org\/de\/#\/schema\/logo\/image\/"},"sameAs":["https:\/\/facebook.com\/adfinternational","https:\/\/x.com\/adfintl","https:\/\/www.linkedin.com\/company\/adfinternational","https:\/\/www.instagram.com\/adfinternational\/"]},{"@type":"Person","@id":"https:\/\/adfinternational.org\/de\/#\/schema\/person\/6b776fc8535453c6aad8a6f9d78e6141","name":"Philipp Bues","image":{"@type":"ImageObject","inLanguage":"de-DE","@id":"https:\/\/adfinternational.org\/wp-content\/uploads\/2025\/02\/Philipp-Bues-Headshot-150x150.jpg","url":"https:\/\/adfinternational.org\/wp-content\/uploads\/2025\/02\/Philipp-Bues-Headshot-150x150.jpg","contentUrl":"https:\/\/adfinternational.org\/wp-content\/uploads\/2025\/02\/Philipp-Bues-Headshot-150x150.jpg","caption":"Philipp Bues"},"url":"https:\/\/adfinternational.org\/de\/author\/pbuesadfinternational-org"}]}},"_links":{"self":[{"href":"https:\/\/adfinternational.org\/de\/wp-json\/wp\/v2\/posts\/8567","targetHints":{"allow":["GET"]}}],"collection":[{"href":"https:\/\/adfinternational.org\/de\/wp-json\/wp\/v2\/posts"}],"about":[{"href":"https:\/\/adfinternational.org\/de\/wp-json\/wp\/v2\/types\/post"}],"author":[{"embeddable":true,"href":"https:\/\/adfinternational.org\/de\/wp-json\/wp\/v2\/users\/44"}],"replies":[{"embeddable":true,"href":"https:\/\/adfinternational.org\/de\/wp-json\/wp\/v2\/comments?post=8567"}],"version-history":[{"count":0,"href":"https:\/\/adfinternational.org\/de\/wp-json\/wp\/v2\/posts\/8567\/revisions"}],"wp:featuredmedia":[{"embeddable":true,"href":"https:\/\/adfinternational.org\/de\/wp-json\/wp\/v2\/media\/8422"}],"wp:attachment":[{"href":"https:\/\/adfinternational.org\/de\/wp-json\/wp\/v2\/media?parent=8567"}],"wp:term":[{"taxonomy":"category","embeddable":true,"href":"https:\/\/adfinternational.org\/de\/wp-json\/wp\/v2\/categories?post=8567"},{"taxonomy":"post_tag","embeddable":true,"href":"https:\/\/adfinternational.org\/de\/wp-json\/wp\/v2\/tags?post=8567"}],"curies":[{"name":"wp","href":"https:\/\/api.w.org\/{rel}","templated":true}]}}