{"id":86951,"date":"2026-03-18T08:52:39","date_gmt":"2026-03-18T07:52:39","guid":{"rendered":"https:\/\/adfinternational.org\/artikel\/christian-father-targeted-by-pakistans-blasphemy-business-group-faces-possible-death-penalty"},"modified":"2026-04-07T14:09:44","modified_gmt":"2026-04-07T12:09:44","slug":"christlicher-vater-von-pakistanischer-blasphemy-business-group-ins-visier-genommen-ihm-droht-die-todesstrafe","status":"publish","type":"post","link":"https:\/\/adfinternational.org\/de\/news\/christlicher-vater-von-pakistanischer-blasphemy-business-group-ins-visier-genommen-ihm-droht-die-todesstrafe","title":{"rendered":"Christlicher Vater von pakistanischer \u201eBlasphemy Business Group\u201c ins Visier genommen &#8211; ihm droht die Todesstrafe"},"content":{"rendered":"\t\t<div data-elementor-type=\"wp-post\" data-elementor-id=\"86951\" class=\"elementor elementor-86951 elementor-86792\" data-elementor-post-type=\"post\">\n\t\t\t\t\t\t<section class=\"elementor-section elementor-top-section elementor-element elementor-element-685b0a8b elementor-section-boxed elementor-section-height-default elementor-section-height-default\" data-id=\"685b0a8b\" data-element_type=\"section\" data-e-type=\"section\">\n\t\t\t\t\t\t<div class=\"elementor-container elementor-column-gap-default\">\n\t\t\t\t\t<div class=\"elementor-column elementor-col-100 elementor-top-column elementor-element elementor-element-a31aced\" data-id=\"a31aced\" data-element_type=\"column\" data-e-type=\"column\">\n\t\t\t<div class=\"elementor-widget-wrap elementor-element-populated\">\n\t\t\t\t\t\t<div class=\"elementor-element elementor-element-5f2aae8 elementor-widget elementor-widget-text-editor\" data-id=\"5f2aae8\" data-element_type=\"widget\" data-e-type=\"widget\" data-widget_type=\"text-editor.default\">\n\t\t\t\t<div class=\"elementor-widget-container\">\n\t\t\t\t\t\t\t\t\t<ul><li>Ein christlicher Vater der unter Pakistans Blasphemie-Gesetzen zu Unrecht angeklagt und seit \u00fcber drei Jahren im Gef\u00e4ngnis sitzt, k\u00f6nnte zum Tode verurteilt werden; ADF International unterst\u00fctzt seine Verteidigung<\/li><li>Der Fall unterstreicht die wachsende Sorge, dass organisierte Netzwerke gezielt unschuldige Menschen mittels konstruierter Blasphemie-Vorw\u00fcrfe ins Visier nehmen und erpressen.<\/li><\/ul>\t\t\t\t\t\t\t\t<\/div>\n\t\t\t\t<\/div>\n\t\t\t\t<div class=\"elementor-element elementor-element-3225058e elementor-widget elementor-widget-theme-post-featured-image elementor-widget-image\" data-id=\"3225058e\" data-element_type=\"widget\" data-e-type=\"widget\" data-widget_type=\"theme-post-featured-image.default\">\n\t\t\t\t<div class=\"elementor-widget-container\">\n\t\t\t\t\t\t\t\t\t\t\t\t\t\t\t<img fetchpriority=\"high\" decoding=\"async\" width=\"640\" height=\"330\" src=\"https:\/\/adfinternational.org\/wp-content\/uploads\/2026\/03\/PR-Banner-Pakistan-PR.png\" class=\"attachment-large size-large wp-image-86797\" alt=\"\" srcset=\"https:\/\/adfinternational.org\/wp-content\/uploads\/2026\/03\/PR-Banner-Pakistan-PR.png 640w, https:\/\/adfinternational.org\/wp-content\/uploads\/2026\/03\/PR-Banner-Pakistan-PR-300x155.png 300w\" sizes=\"(max-width: 640px) 100vw, 640px\" \/>\t\t\t\t\t\t\t\t\t\t\t\t\t\t\t<\/div>\n\t\t\t\t<\/div>\n\t\t\t\t<div class=\"elementor-element elementor-element-1502afd1 elementor-widget elementor-widget-text-editor\" data-id=\"1502afd1\" data-element_type=\"widget\" data-e-type=\"widget\" data-widget_type=\"text-editor.default\">\n\t\t\t\t<div class=\"elementor-widget-container\">\n\t\t\t\t\t\t\t\t\t<p><strong>ISLAMABAD (10. M\u00e4rz)<\/strong> \u2013 Ein pakistanischer christlicher Vater, der nach den drakonischen Blasphemie-Gesetzen des Landes angeklagt ist, muss mit einem m\u00f6glichen Todesurteil rechnen. Der Fall wirft erhebliche Bedenken hinsichtlich der Religionsfreiheit sowie des Missbrauchs von Blasphemie-Vorw\u00fcrfen durch organisierte Netzwerke auf. Das Gerichtsverfahren gegen den Christen Ishtiaq Saleem hat eine entscheidende Phase erreicht: Die Anh\u00f6rungen zu den mutma\u00dflich Blasphemie-Vorw\u00fcrfen gegen ihn sind abgeschlossen, w\u00e4hrend das Verfahren gegen einen weiteren Mitangeklagten weiterl\u00e4uft. ADF International unterst\u00fctzt Saleems Verteidigung durch Partneranw\u00e4lte vor Ort in Pakistan.<\/p><p>Der 34-j\u00e4hrige Saleem, ein christlicher Arbeiter in der Stadtreinigung aus Islamabad, wurde im November 2022 festgenommen, nachdem ihm vorgeworfen worden war, angeblich blasphemisches Material in den sozialen Medien heruntergeladen zu haben \u2013 eine Anschuldigung, die er zur\u00fcckweist. Sollte er nach den pakistanischen Blasphemie-Gesetzen verurteilt werden, droht ihm die Todesstrafe. Saleems Prozess ist abgeschlossen, doch das Verfahren gegen den Mitangeklagten Muhammad Umair l\u00e4uft noch; das bedeutet, dass das Gericht voraussichtlich erst nach Abschluss dieser Verhandlung ein Urteil f\u00e4llen wird.<\/p>\t\t\t\t\t\t\t\t<\/div>\n\t\t\t\t<\/div>\n\t\t\t\t<div class=\"elementor-element elementor-element-40f5cc22 elementor-blockquote--skin-border elementor-widget elementor-widget-blockquote\" data-id=\"40f5cc22\" data-element_type=\"widget\" data-e-type=\"widget\" data-widget_type=\"blockquote.default\">\n\t\t\t\t<div class=\"elementor-widget-container\">\n\t\t\t\t\t\t\t<blockquote class=\"elementor-blockquote\">\n\t\t\t<p class=\"elementor-blockquote__content\">\n\t\t\t\t\u201eIshtiaq hat nichts Unrechtes getan und hat einfach sein Leben als Christ in Pakistan gelebt, als er verhaftet wurde. Er sitzt nun seit drei Jahren hinter Gittern, getrennt von seiner Familie.<span style=\"color: #AF272F\"> Niemand sollte aufgrund erfundener Blasphemie-Vorw\u00fcrfe mit dem Tod oder mit jahrelanger Haft rechnen m\u00fcssen. <\/span> F\u00e4lle wie dieser verdeutlichen den immensen Druck, dem Christen und religi\u00f6se Minderheiten in Pakistan ausgesetzt sind.\u201c\t\t\t<\/p>\n\t\t\t\t\t\t\t<div class=\"e-q-footer\">\n\t\t\t\t\t\t\t\t\t\t\t<cite class=\"elementor-blockquote__author\">- Tehmina Arora, Direktorin der Rechtsabteilung in Asien bei ADF International <\/cite>\n\t\t\t\t\t\t\t\t\t\t\t\t\t\t<\/div>\n\t\t\t\t\t<\/blockquote>\n\t\t\t\t\t\t<\/div>\n\t\t\t\t<\/div>\n\t\t\t\t<div class=\"elementor-element elementor-element-1e869652 elementor-widget elementor-widget-text-editor\" data-id=\"1e869652\" data-element_type=\"widget\" data-e-type=\"widget\" data-widget_type=\"text-editor.default\">\n\t\t\t\t<div class=\"elementor-widget-container\">\n\t\t\t\t\t\t\t\t\t<p><em>&#8222;Blasphemie-Gesetze schaffen eine Kultur der Gewalt und Diskriminierung und m\u00fcssen abgeschafft werden. Ishtiaq soll freigelassen werden, und Pakistan muss die Religionsfreiheit all seiner B\u00fcrger achten und sch\u00fctzen\u201c<\/em>, fuhr Tehmina Arora fort.<\/p><p>Saleem, der 2022 im Alter von 31 Jahren festgenommen wurde, sitzt seither unter schwierigen Bedingungen in Haft, w\u00e4hrend sich das Verfahren hinzieht. Seine Antr\u00e4ge auf Kaution wurden sowohl von den Vorinstanzen als auch vom Obersten Gerichtshof Pakistans wiederholt zur\u00fcckgewiesen.<\/p><p>Der Oberste Gerichtshof wies jedoch das erstinstanzliche Gericht an, das Verfahren zu beschleunigen. Der Fall wird derzeit vor einem Sondergericht in Islamabad verhandelt.<\/p>\t\t\t\t\t\t\t\t<\/div>\n\t\t\t\t<\/div>\n\t\t\t\t<div class=\"elementor-element elementor-element-8effabe elementor-widget elementor-widget-text-editor\" data-id=\"8effabe\" data-element_type=\"widget\" data-e-type=\"widget\" data-widget_type=\"text-editor.default\">\n\t\t\t\t<div class=\"elementor-widget-container\">\n\t\t\t\t\t\t\t\t\t<p><strong>Falsche Blasphemie-Vorw\u00fcrfe als Gesch\u00e4ftsmodell<\/strong><\/p><p>Der Fall hat Aufmerksamkeit erregt, da er die sogenannte \u201eBlasphemy Business Group\u201c (auf deutsch etwa: \u201eNetzwerk f\u00fcr Blasphemie-Erpressung\u201c) betrifft. Ein organisiertes Netzwerk, dem vorgeworfen wird, Blasphemie-Vorw\u00fcrfe zu erfinden, um Personen gezielt zu belasten und anschlie\u00dfend zu erpressen. Laut einem Bericht der pakistanischen Nationalen Menschenrechtskommission wurden mehr als 450 Menschen auf diese Weise ins Visier genommen, was zu einem deutlichen Anstieg der Blasphemie-Vorw\u00fcrfe in den vergangenen Jahren beigetragen hat.<\/p><p>Dem Netzwerk geh\u00f6ren auch Anw\u00e4lte und Personen an, die laut Berichten mit der Cybercrime-Abteilung der Bundesermittlungsbeh\u00f6rde Pakistans kooperieren, um solche konstruierten F\u00e4lle vor Gericht zu bringen. Im Fall von Saleem ist der leitende Staatsanwalt, Rao Abdur Rahim, zugleich Anf\u00fchrer dieser Gruppe, ein Umstand, der erhebliche Zweifel an der Fairness des Verfahrens aufwirft.<\/p><p><em>\u201eDer Missbrauch von Blasphemie-Vorw\u00fcrfen durch organisierte Gruppen untergr\u00e4bt die Rechtsstaatlichkeit und setzt Christen und andere schutzbed\u00fcrftige Gemeinschaften gro\u00dfen Gefahren aus\u201c,<\/em> fuhr Arora fort. \u201eDie internationale Gemeinschaft muss F\u00e4llen wie diesem Beachtung schenken und Gerechtigkeit sowie Rechenschaftspflicht einfordern.\u201c<\/p><p>ADF International und seine Partneranw\u00e4lte unterst\u00fctzen Saleems Fall. Sie zeigen sich weiterhin zuversichtlich, dass das Verfahren erhebliche Schw\u00e4chen in der Argumentation der Staatsanwaltschaft offengelegt und den Missbrauch der Blasphemie-Gesetze zur Einsch\u00fcchterung und Schikane religi\u00f6ser Minderheiten sichtbar gemacht hat.<\/p><p>Zugleich hoffen sie auf einen Freispruch, damit Saleem zu seiner jungen Familie zur\u00fcckkehren kann.<\/p>\t\t\t\t\t\t\t\t<\/div>\n\t\t\t\t<\/div>\n\t\t\t\t<div class=\"elementor-element elementor-element-b319c03 elementor-widget-divider--view-line elementor-widget elementor-widget-divider\" data-id=\"b319c03\" data-element_type=\"widget\" data-e-type=\"widget\" data-widget_type=\"divider.default\">\n\t\t\t\t<div class=\"elementor-widget-container\">\n\t\t\t\t\t\t\t<div class=\"elementor-divider\">\n\t\t\t<span class=\"elementor-divider-separator\">\n\t\t\t\t\t\t<\/span>\n\t\t<\/div>\n\t\t\t\t\t\t<\/div>\n\t\t\t\t<\/div>\n\t\t\t\t<div class=\"elementor-element elementor-element-13817d9 elementor-widget elementor-widget-text-editor\" data-id=\"13817d9\" data-element_type=\"widget\" data-e-type=\"widget\" data-widget_type=\"text-editor.default\">\n\t\t\t\t<div class=\"elementor-widget-container\">\n\t\t\t\t\t\t\t\t\tImages for free use in print or online in relation to this story only\t\t\t\t\t\t\t\t<\/div>\n\t\t\t\t<\/div>\n\t\t\t\t<div class=\"elementor-element elementor-element-5aea5d7e elementor-widget elementor-widget-gallery\" data-id=\"5aea5d7e\" data-element_type=\"widget\" data-e-type=\"widget\" data-settings=\"{&quot;aspect_ratio&quot;:&quot;1:1&quot;,&quot;lazyload&quot;:&quot;yes&quot;,&quot;gallery_layout&quot;:&quot;grid&quot;,&quot;columns&quot;:4,&quot;columns_tablet&quot;:2,&quot;columns_mobile&quot;:1,&quot;gap&quot;:{&quot;unit&quot;:&quot;px&quot;,&quot;size&quot;:10,&quot;sizes&quot;:[]},&quot;gap_tablet&quot;:{&quot;unit&quot;:&quot;px&quot;,&quot;size&quot;:10,&quot;sizes&quot;:[]},&quot;gap_mobile&quot;:{&quot;unit&quot;:&quot;px&quot;,&quot;size&quot;:10,&quot;sizes&quot;:[]},&quot;link_to&quot;:&quot;file&quot;,&quot;overlay_background&quot;:&quot;yes&quot;,&quot;content_hover_animation&quot;:&quot;fade-in&quot;}\" data-widget_type=\"gallery.default\">\n\t\t\t\t<div class=\"elementor-widget-container\">\n\t\t\t\t\t\t\t<div class=\"elementor-gallery__container\">\n\t\t\t\t\t\t\t<a class=\"e-gallery-item elementor-gallery-item elementor-animated-content\" href=\"https:\/\/adfinternational.org\/wp-content\/uploads\/2026\/03\/Ishtiaq-Saleem-1.jpg\" data-elementor-open-lightbox=\"yes\" data-elementor-lightbox-slideshow=\"5aea5d7e\" data-elementor-lightbox-title=\"Ishtiaq Saleem-1\" data-e-action-hash=\"#elementor-action%3Aaction%3Dlightbox%26settings%3DeyJpZCI6ODY4MTIsInVybCI6Imh0dHBzOlwvXC9hZGZpbnRlcm5hdGlvbmFsLm9yZ1wvd3AtY29udGVudFwvdXBsb2Fkc1wvMjAyNlwvMDNcL0lzaHRpYXEtU2FsZWVtLTEuanBnIiwic2xpZGVzaG93IjoiNWFlYTVkN2UifQ%3D%3D\">\n\t\t\t\t\t<div class=\"e-gallery-image elementor-gallery-item__image\" data-thumbnail=\"https:\/\/adfinternational.org\/wp-content\/uploads\/2026\/03\/Ishtiaq-Saleem-1.jpg\" data-width=\"343\" data-height=\"853\" aria-label=\"\" role=\"img\" ><\/div>\n\t\t\t\t\t\t\t\t\t\t\t<div class=\"elementor-gallery-item__overlay\"><\/div>\n\t\t\t\t\t\t\t\t\t\t\t\t\t\t<\/a>\n\t\t\t\t\t\t\t<a class=\"e-gallery-item elementor-gallery-item elementor-animated-content\" href=\"https:\/\/adfinternational.org\/wp-content\/uploads\/2026\/03\/Ishtiaq-Saleem-3.png\" data-elementor-open-lightbox=\"yes\" data-elementor-lightbox-slideshow=\"5aea5d7e\" data-elementor-lightbox-title=\"Ishtiaq Saleem-3\" data-e-action-hash=\"#elementor-action%3Aaction%3Dlightbox%26settings%3DeyJpZCI6ODY4MDIsInVybCI6Imh0dHBzOlwvXC9hZGZpbnRlcm5hdGlvbmFsLm9yZ1wvd3AtY29udGVudFwvdXBsb2Fkc1wvMjAyNlwvMDNcL0lzaHRpYXEtU2FsZWVtLTMucG5nIiwic2xpZGVzaG93IjoiNWFlYTVkN2UifQ%3D%3D\">\n\t\t\t\t\t<div class=\"e-gallery-image elementor-gallery-item__image\" data-thumbnail=\"https:\/\/adfinternational.org\/wp-content\/uploads\/2026\/03\/Ishtiaq-Saleem-3.png\" data-width=\"685\" data-height=\"548\" aria-label=\"\" role=\"img\" ><\/div>\n\t\t\t\t\t\t\t\t\t\t\t<div class=\"elementor-gallery-item__overlay\"><\/div>\n\t\t\t\t\t\t\t\t\t\t\t\t\t\t<\/a>\n\t\t\t\t\t\t\t<a class=\"e-gallery-item elementor-gallery-item elementor-animated-content\" href=\"https:\/\/adfinternational.org\/wp-content\/uploads\/2025\/11\/Tehmina_Arora_400x400.webp\" data-elementor-open-lightbox=\"yes\" data-elementor-lightbox-slideshow=\"5aea5d7e\" data-elementor-lightbox-title=\"Tehmina_Arora_400x400\" data-e-action-hash=\"#elementor-action%3Aaction%3Dlightbox%26settings%3DeyJpZCI6ODEwMzcsInVybCI6Imh0dHBzOlwvXC9hZGZpbnRlcm5hdGlvbmFsLm9yZ1wvd3AtY29udGVudFwvdXBsb2Fkc1wvMjAyNVwvMTFcL1RlaG1pbmFfQXJvcmFfNDAweDQwMC53ZWJwIiwic2xpZGVzaG93IjoiNWFlYTVkN2UifQ%3D%3D\">\n\t\t\t\t\t<div class=\"e-gallery-image elementor-gallery-item__image\" data-thumbnail=\"https:\/\/adfinternational.org\/wp-content\/uploads\/2025\/11\/Tehmina_Arora_400x400.webp\" data-width=\"400\" data-height=\"400\" aria-label=\"\" role=\"img\" ><\/div>\n\t\t\t\t\t\t\t\t\t\t\t<div class=\"elementor-gallery-item__overlay\"><\/div>\n\t\t\t\t\t\t\t\t\t\t\t\t\t\t<\/a>\n\t\t\t\t\t<\/div>\n\t\t\t\t\t<\/div>\n\t\t\t\t<\/div>\n\t\t\t\t\t<\/div>\n\t\t<\/div>\n\t\t\t\t\t<\/div>\n\t\t<\/section>\n\t\t\t\t<\/div>\n\t\t","protected":false},"excerpt":{"rendered":"<p>Ein christlicher Vater der unter Pakistans Blasphemie-Gesetzen zu Unrecht angeklagt und seit \u00fcber drei Jahren im Gef\u00e4ngnis sitzt, k\u00f6nnte zum Tode verurteilt werden; ADF International unterst\u00fctzt seine Verteidigung <\/p>\n","protected":false},"author":5,"featured_media":86797,"comment_status":"closed","ping_status":"closed","sticky":false,"template":"","format":"standard","meta":{"_acf_changed":false,"give_campaign_id":0,"footnotes":""},"categories":[434],"tags":[1551,1395,1428,949,1552,1477,1382,1479],"class_list":["post-86951","post","type-post","status-publish","format-standard","has-post-thumbnail","hentry","category-news","tag-asia","tag-blasphemy-laws-de","tag-christian-persecution-de","tag-de","tag-ishtiaq-saleem","tag-pakistan","tag-religious-freedom-de","tag-tehmina-arora"],"acf":[],"yoast_head":"<!-- This site is optimized with the Yoast SEO Premium plugin v27.5 (Yoast SEO v27.5) - https:\/\/yoast.com\/product\/yoast-seo-premium-wordpress\/ -->\n<title>Christlicher Vater von pakistanischer \u201eBlasphemy Business Group\u201c ins Visier genommen - ihm droht die Todesstrafe - ADF International<\/title>\n<meta name=\"robots\" content=\"index, follow, max-snippet:-1, max-image-preview:large, max-video-preview:-1\" \/>\n<link rel=\"canonical\" href=\"https:\/\/adfinternational.org\/de\/news\/christlicher-vater-von-pakistanischer-blasphemy-business-group-ins-visier-genommen-ihm-droht-die-todesstrafe\" \/>\n<meta property=\"og:locale\" content=\"de_DE\" \/>\n<meta property=\"og:type\" content=\"article\" \/>\n<meta property=\"og:title\" content=\"Christlicher Vater von pakistanischer \u201eBlasphemy Business Group\u201c ins Visier genommen - ihm droht die Todesstrafe\" \/>\n<meta property=\"og:description\" content=\"Ein christlicher Vater der unter Pakistans Blasphemie-Gesetzen zu Unrecht angeklagt und seit \u00fcber drei Jahren im Gef\u00e4ngnis sitzt, k\u00f6nnte zum Tode verurteilt werden; ADF International unterst\u00fctzt seine Verteidigung\" \/>\n<meta property=\"og:url\" content=\"https:\/\/adfinternational.org\/de\/news\/christlicher-vater-von-pakistanischer-blasphemy-business-group-ins-visier-genommen-ihm-droht-die-todesstrafe\" \/>\n<meta property=\"og:site_name\" content=\"ADF International\" \/>\n<meta property=\"article:publisher\" content=\"https:\/\/facebook.com\/adfinternational\" \/>\n<meta property=\"article:published_time\" content=\"2026-03-18T07:52:39+00:00\" \/>\n<meta property=\"article:modified_time\" content=\"2026-04-07T12:09:44+00:00\" \/>\n<meta property=\"og:image\" content=\"https:\/\/adfinternational.org\/wp-content\/uploads\/2026\/03\/PR-Banner-Pakistan-PR.png\" \/>\n\t<meta property=\"og:image:width\" content=\"640\" \/>\n\t<meta property=\"og:image:height\" content=\"330\" \/>\n\t<meta property=\"og:image:type\" content=\"image\/png\" \/>\n<meta name=\"author\" content=\"Sofia H\u00f6rder\" \/>\n<meta name=\"twitter:card\" content=\"summary_large_image\" \/>\n<meta name=\"twitter:creator\" content=\"@adfintl\" \/>\n<meta name=\"twitter:site\" content=\"@adfintl\" \/>\n<meta name=\"twitter:label1\" content=\"Verfasst von\" \/>\n\t<meta name=\"twitter:data1\" content=\"Sofia H\u00f6rder\" \/>\n\t<meta name=\"twitter:label2\" content=\"Gesch\u00e4tzte Lesezeit\" \/>\n\t<meta name=\"twitter:data2\" content=\"4 Minuten\" \/>\n<script type=\"application\/ld+json\" class=\"yoast-schema-graph\">{\"@context\":\"https:\\\/\\\/schema.org\",\"@graph\":[{\"@type\":\"Article\",\"@id\":\"https:\\\/\\\/adfinternational.org\\\/de\\\/news\\\/christlicher-vater-von-pakistanischer-blasphemy-business-group-ins-visier-genommen-ihm-droht-die-todesstrafe#article\",\"isPartOf\":{\"@id\":\"https:\\\/\\\/adfinternational.org\\\/de\\\/news\\\/christlicher-vater-von-pakistanischer-blasphemy-business-group-ins-visier-genommen-ihm-droht-die-todesstrafe\"},\"author\":{\"name\":\"Sofia H\u00f6rder\",\"@id\":\"https:\\\/\\\/adfinternational.org\\\/de\\\/#\\\/schema\\\/person\\\/c13f32fa9b7e58ae9e452d20934efb27\"},\"headline\":\"Christlicher Vater von pakistanischer \u201eBlasphemy Business Group\u201c ins Visier genommen &#8211; ihm droht die Todesstrafe\",\"datePublished\":\"2026-03-18T07:52:39+00:00\",\"dateModified\":\"2026-04-07T12:09:44+00:00\",\"mainEntityOfPage\":{\"@id\":\"https:\\\/\\\/adfinternational.org\\\/de\\\/news\\\/christlicher-vater-von-pakistanischer-blasphemy-business-group-ins-visier-genommen-ihm-droht-die-todesstrafe\"},\"wordCount\":657,\"publisher\":{\"@id\":\"https:\\\/\\\/adfinternational.org\\\/de\\\/#organization\"},\"image\":{\"@id\":\"https:\\\/\\\/adfinternational.org\\\/de\\\/news\\\/christlicher-vater-von-pakistanischer-blasphemy-business-group-ins-visier-genommen-ihm-droht-die-todesstrafe#primaryimage\"},\"thumbnailUrl\":\"https:\\\/\\\/adfinternational.org\\\/wp-content\\\/uploads\\\/2026\\\/03\\\/PR-Banner-Pakistan-PR.png\",\"keywords\":[\"Asia\",\"Blasphemy Laws\",\"christian persecution\",\"DE\",\"Ishtiaq Saleem\",\"pakistan\",\"Religious freedom\",\"Tehmina Arora\"],\"articleSection\":[\"News\"],\"inLanguage\":\"de-DE\"},{\"@type\":\"WebPage\",\"@id\":\"https:\\\/\\\/adfinternational.org\\\/de\\\/news\\\/christlicher-vater-von-pakistanischer-blasphemy-business-group-ins-visier-genommen-ihm-droht-die-todesstrafe\",\"url\":\"https:\\\/\\\/adfinternational.org\\\/de\\\/news\\\/christlicher-vater-von-pakistanischer-blasphemy-business-group-ins-visier-genommen-ihm-droht-die-todesstrafe\",\"name\":\"Christlicher Vater von pakistanischer \u201eBlasphemy Business Group\u201c ins Visier genommen - ihm droht die Todesstrafe - ADF International\",\"isPartOf\":{\"@id\":\"https:\\\/\\\/adfinternational.org\\\/de\\\/#website\"},\"primaryImageOfPage\":{\"@id\":\"https:\\\/\\\/adfinternational.org\\\/de\\\/news\\\/christlicher-vater-von-pakistanischer-blasphemy-business-group-ins-visier-genommen-ihm-droht-die-todesstrafe#primaryimage\"},\"image\":{\"@id\":\"https:\\\/\\\/adfinternational.org\\\/de\\\/news\\\/christlicher-vater-von-pakistanischer-blasphemy-business-group-ins-visier-genommen-ihm-droht-die-todesstrafe#primaryimage\"},\"thumbnailUrl\":\"https:\\\/\\\/adfinternational.org\\\/wp-content\\\/uploads\\\/2026\\\/03\\\/PR-Banner-Pakistan-PR.png\",\"datePublished\":\"2026-03-18T07:52:39+00:00\",\"dateModified\":\"2026-04-07T12:09:44+00:00\",\"breadcrumb\":{\"@id\":\"https:\\\/\\\/adfinternational.org\\\/de\\\/news\\\/christlicher-vater-von-pakistanischer-blasphemy-business-group-ins-visier-genommen-ihm-droht-die-todesstrafe#breadcrumb\"},\"inLanguage\":\"de-DE\",\"potentialAction\":[{\"@type\":\"ReadAction\",\"target\":[\"https:\\\/\\\/adfinternational.org\\\/de\\\/news\\\/christlicher-vater-von-pakistanischer-blasphemy-business-group-ins-visier-genommen-ihm-droht-die-todesstrafe\"]}]},{\"@type\":\"ImageObject\",\"inLanguage\":\"de-DE\",\"@id\":\"https:\\\/\\\/adfinternational.org\\\/de\\\/news\\\/christlicher-vater-von-pakistanischer-blasphemy-business-group-ins-visier-genommen-ihm-droht-die-todesstrafe#primaryimage\",\"url\":\"https:\\\/\\\/adfinternational.org\\\/wp-content\\\/uploads\\\/2026\\\/03\\\/PR-Banner-Pakistan-PR.png\",\"contentUrl\":\"https:\\\/\\\/adfinternational.org\\\/wp-content\\\/uploads\\\/2026\\\/03\\\/PR-Banner-Pakistan-PR.png\",\"width\":640,\"height\":330},{\"@type\":\"BreadcrumbList\",\"@id\":\"https:\\\/\\\/adfinternational.org\\\/de\\\/news\\\/christlicher-vater-von-pakistanischer-blasphemy-business-group-ins-visier-genommen-ihm-droht-die-todesstrafe#breadcrumb\",\"itemListElement\":[{\"@type\":\"ListItem\",\"position\":1,\"name\":\"Home\",\"item\":\"https:\\\/\\\/adfinternational.org\\\/de\"},{\"@type\":\"ListItem\",\"position\":2,\"name\":\"Christlicher Vater von pakistanischer \u201eBlasphemy Business Group\u201c ins Visier genommen &#8211; ihm droht die Todesstrafe\"}]},{\"@type\":\"WebSite\",\"@id\":\"https:\\\/\\\/adfinternational.org\\\/de\\\/#website\",\"url\":\"https:\\\/\\\/adfinternational.org\\\/de\\\/\",\"name\":\"ADF International\",\"description\":\"Protecting Fundamental Freedoms. Promoting Inherent Dignity.\",\"publisher\":{\"@id\":\"https:\\\/\\\/adfinternational.org\\\/de\\\/#organization\"},\"potentialAction\":[{\"@type\":\"SearchAction\",\"target\":{\"@type\":\"EntryPoint\",\"urlTemplate\":\"https:\\\/\\\/adfinternational.org\\\/de\\\/?s={search_term_string}\"},\"query-input\":{\"@type\":\"PropertyValueSpecification\",\"valueRequired\":true,\"valueName\":\"search_term_string\"}}],\"inLanguage\":\"de-DE\"},{\"@type\":\"Organization\",\"@id\":\"https:\\\/\\\/adfinternational.org\\\/de\\\/#organization\",\"name\":\"Alliance Defending Freedom International\",\"url\":\"https:\\\/\\\/adfinternational.org\\\/de\\\/\",\"logo\":{\"@type\":\"ImageObject\",\"inLanguage\":\"de-DE\",\"@id\":\"https:\\\/\\\/adfinternational.org\\\/de\\\/#\\\/schema\\\/logo\\\/image\\\/\",\"url\":\"https:\\\/\\\/adfinternational.org\\\/wp-content\\\/uploads\\\/2021\\\/08\\\/ADF_Intl_R_RGB_175px.png\",\"contentUrl\":\"https:\\\/\\\/adfinternational.org\\\/wp-content\\\/uploads\\\/2021\\\/08\\\/ADF_Intl_R_RGB_175px.png\",\"width\":175,\"height\":106,\"caption\":\"Alliance Defending Freedom International\"},\"image\":{\"@id\":\"https:\\\/\\\/adfinternational.org\\\/de\\\/#\\\/schema\\\/logo\\\/image\\\/\"},\"sameAs\":[\"https:\\\/\\\/facebook.com\\\/adfinternational\",\"https:\\\/\\\/x.com\\\/adfintl\",\"https:\\\/\\\/www.linkedin.com\\\/company\\\/adfinternational\",\"https:\\\/\\\/www.instagram.com\\\/adfinternational\\\/\"]},{\"@type\":\"Person\",\"@id\":\"https:\\\/\\\/adfinternational.org\\\/de\\\/#\\\/schema\\\/person\\\/c13f32fa9b7e58ae9e452d20934efb27\",\"name\":\"Sofia H\u00f6rder\",\"image\":{\"@type\":\"ImageObject\",\"inLanguage\":\"de-DE\",\"@id\":\"https:\\\/\\\/adfinternational.org\\\/wp-content\\\/uploads\\\/2021\\\/05\\\/Sofia-150x150.jpg\",\"url\":\"https:\\\/\\\/adfinternational.org\\\/wp-content\\\/uploads\\\/2021\\\/05\\\/Sofia-150x150.jpg\",\"contentUrl\":\"https:\\\/\\\/adfinternational.org\\\/wp-content\\\/uploads\\\/2021\\\/05\\\/Sofia-150x150.jpg\",\"caption\":\"Sofia H\u00f6rder\"},\"url\":\"https:\\\/\\\/adfinternational.org\\\/de\\\/author\\\/shoerder\"}]}<\/script>\n<!-- \/ Yoast SEO Premium plugin. -->","yoast_head_json":{"title":"Christlicher Vater von pakistanischer \u201eBlasphemy Business Group\u201c ins Visier genommen - ihm droht die Todesstrafe - ADF International","robots":{"index":"index","follow":"follow","max-snippet":"max-snippet:-1","max-image-preview":"max-image-preview:large","max-video-preview":"max-video-preview:-1"},"canonical":"https:\/\/adfinternational.org\/de\/news\/christlicher-vater-von-pakistanischer-blasphemy-business-group-ins-visier-genommen-ihm-droht-die-todesstrafe","og_locale":"de_DE","og_type":"article","og_title":"Christlicher Vater von pakistanischer \u201eBlasphemy Business Group\u201c ins Visier genommen - ihm droht die Todesstrafe","og_description":"Ein christlicher Vater der unter Pakistans Blasphemie-Gesetzen zu Unrecht angeklagt und seit \u00fcber drei Jahren im Gef\u00e4ngnis sitzt, k\u00f6nnte zum Tode verurteilt werden; ADF International unterst\u00fctzt seine Verteidigung","og_url":"https:\/\/adfinternational.org\/de\/news\/christlicher-vater-von-pakistanischer-blasphemy-business-group-ins-visier-genommen-ihm-droht-die-todesstrafe","og_site_name":"ADF International","article_publisher":"https:\/\/facebook.com\/adfinternational","article_published_time":"2026-03-18T07:52:39+00:00","article_modified_time":"2026-04-07T12:09:44+00:00","og_image":[{"width":640,"height":330,"url":"https:\/\/adfinternational.org\/wp-content\/uploads\/2026\/03\/PR-Banner-Pakistan-PR.png","type":"image\/png"}],"author":"Sofia H\u00f6rder","twitter_card":"summary_large_image","twitter_creator":"@adfintl","twitter_site":"@adfintl","twitter_misc":{"Verfasst von":"Sofia H\u00f6rder","Gesch\u00e4tzte Lesezeit":"4 Minuten"},"schema":{"@context":"https:\/\/schema.org","@graph":[{"@type":"Article","@id":"https:\/\/adfinternational.org\/de\/news\/christlicher-vater-von-pakistanischer-blasphemy-business-group-ins-visier-genommen-ihm-droht-die-todesstrafe#article","isPartOf":{"@id":"https:\/\/adfinternational.org\/de\/news\/christlicher-vater-von-pakistanischer-blasphemy-business-group-ins-visier-genommen-ihm-droht-die-todesstrafe"},"author":{"name":"Sofia H\u00f6rder","@id":"https:\/\/adfinternational.org\/de\/#\/schema\/person\/c13f32fa9b7e58ae9e452d20934efb27"},"headline":"Christlicher Vater von pakistanischer \u201eBlasphemy Business Group\u201c ins Visier genommen &#8211; ihm droht die Todesstrafe","datePublished":"2026-03-18T07:52:39+00:00","dateModified":"2026-04-07T12:09:44+00:00","mainEntityOfPage":{"@id":"https:\/\/adfinternational.org\/de\/news\/christlicher-vater-von-pakistanischer-blasphemy-business-group-ins-visier-genommen-ihm-droht-die-todesstrafe"},"wordCount":657,"publisher":{"@id":"https:\/\/adfinternational.org\/de\/#organization"},"image":{"@id":"https:\/\/adfinternational.org\/de\/news\/christlicher-vater-von-pakistanischer-blasphemy-business-group-ins-visier-genommen-ihm-droht-die-todesstrafe#primaryimage"},"thumbnailUrl":"https:\/\/adfinternational.org\/wp-content\/uploads\/2026\/03\/PR-Banner-Pakistan-PR.png","keywords":["Asia","Blasphemy Laws","christian persecution","DE","Ishtiaq Saleem","pakistan","Religious freedom","Tehmina Arora"],"articleSection":["News"],"inLanguage":"de-DE"},{"@type":"WebPage","@id":"https:\/\/adfinternational.org\/de\/news\/christlicher-vater-von-pakistanischer-blasphemy-business-group-ins-visier-genommen-ihm-droht-die-todesstrafe","url":"https:\/\/adfinternational.org\/de\/news\/christlicher-vater-von-pakistanischer-blasphemy-business-group-ins-visier-genommen-ihm-droht-die-todesstrafe","name":"Christlicher Vater von pakistanischer \u201eBlasphemy Business Group\u201c ins Visier genommen - ihm droht die Todesstrafe - ADF International","isPartOf":{"@id":"https:\/\/adfinternational.org\/de\/#website"},"primaryImageOfPage":{"@id":"https:\/\/adfinternational.org\/de\/news\/christlicher-vater-von-pakistanischer-blasphemy-business-group-ins-visier-genommen-ihm-droht-die-todesstrafe#primaryimage"},"image":{"@id":"https:\/\/adfinternational.org\/de\/news\/christlicher-vater-von-pakistanischer-blasphemy-business-group-ins-visier-genommen-ihm-droht-die-todesstrafe#primaryimage"},"thumbnailUrl":"https:\/\/adfinternational.org\/wp-content\/uploads\/2026\/03\/PR-Banner-Pakistan-PR.png","datePublished":"2026-03-18T07:52:39+00:00","dateModified":"2026-04-07T12:09:44+00:00","breadcrumb":{"@id":"https:\/\/adfinternational.org\/de\/news\/christlicher-vater-von-pakistanischer-blasphemy-business-group-ins-visier-genommen-ihm-droht-die-todesstrafe#breadcrumb"},"inLanguage":"de-DE","potentialAction":[{"@type":"ReadAction","target":["https:\/\/adfinternational.org\/de\/news\/christlicher-vater-von-pakistanischer-blasphemy-business-group-ins-visier-genommen-ihm-droht-die-todesstrafe"]}]},{"@type":"ImageObject","inLanguage":"de-DE","@id":"https:\/\/adfinternational.org\/de\/news\/christlicher-vater-von-pakistanischer-blasphemy-business-group-ins-visier-genommen-ihm-droht-die-todesstrafe#primaryimage","url":"https:\/\/adfinternational.org\/wp-content\/uploads\/2026\/03\/PR-Banner-Pakistan-PR.png","contentUrl":"https:\/\/adfinternational.org\/wp-content\/uploads\/2026\/03\/PR-Banner-Pakistan-PR.png","width":640,"height":330},{"@type":"BreadcrumbList","@id":"https:\/\/adfinternational.org\/de\/news\/christlicher-vater-von-pakistanischer-blasphemy-business-group-ins-visier-genommen-ihm-droht-die-todesstrafe#breadcrumb","itemListElement":[{"@type":"ListItem","position":1,"name":"Home","item":"https:\/\/adfinternational.org\/de"},{"@type":"ListItem","position":2,"name":"Christlicher Vater von pakistanischer \u201eBlasphemy Business Group\u201c ins Visier genommen &#8211; ihm droht die Todesstrafe"}]},{"@type":"WebSite","@id":"https:\/\/adfinternational.org\/de\/#website","url":"https:\/\/adfinternational.org\/de\/","name":"ADF International","description":"Protecting Fundamental Freedoms. Promoting Inherent Dignity.","publisher":{"@id":"https:\/\/adfinternational.org\/de\/#organization"},"potentialAction":[{"@type":"SearchAction","target":{"@type":"EntryPoint","urlTemplate":"https:\/\/adfinternational.org\/de\/?s={search_term_string}"},"query-input":{"@type":"PropertyValueSpecification","valueRequired":true,"valueName":"search_term_string"}}],"inLanguage":"de-DE"},{"@type":"Organization","@id":"https:\/\/adfinternational.org\/de\/#organization","name":"Alliance Defending Freedom International","url":"https:\/\/adfinternational.org\/de\/","logo":{"@type":"ImageObject","inLanguage":"de-DE","@id":"https:\/\/adfinternational.org\/de\/#\/schema\/logo\/image\/","url":"https:\/\/adfinternational.org\/wp-content\/uploads\/2021\/08\/ADF_Intl_R_RGB_175px.png","contentUrl":"https:\/\/adfinternational.org\/wp-content\/uploads\/2021\/08\/ADF_Intl_R_RGB_175px.png","width":175,"height":106,"caption":"Alliance Defending Freedom International"},"image":{"@id":"https:\/\/adfinternational.org\/de\/#\/schema\/logo\/image\/"},"sameAs":["https:\/\/facebook.com\/adfinternational","https:\/\/x.com\/adfintl","https:\/\/www.linkedin.com\/company\/adfinternational","https:\/\/www.instagram.com\/adfinternational\/"]},{"@type":"Person","@id":"https:\/\/adfinternational.org\/de\/#\/schema\/person\/c13f32fa9b7e58ae9e452d20934efb27","name":"Sofia H\u00f6rder","image":{"@type":"ImageObject","inLanguage":"de-DE","@id":"https:\/\/adfinternational.org\/wp-content\/uploads\/2021\/05\/Sofia-150x150.jpg","url":"https:\/\/adfinternational.org\/wp-content\/uploads\/2021\/05\/Sofia-150x150.jpg","contentUrl":"https:\/\/adfinternational.org\/wp-content\/uploads\/2021\/05\/Sofia-150x150.jpg","caption":"Sofia H\u00f6rder"},"url":"https:\/\/adfinternational.org\/de\/author\/shoerder"}]}},"_links":{"self":[{"href":"https:\/\/adfinternational.org\/de\/wp-json\/wp\/v2\/posts\/86951","targetHints":{"allow":["GET"]}}],"collection":[{"href":"https:\/\/adfinternational.org\/de\/wp-json\/wp\/v2\/posts"}],"about":[{"href":"https:\/\/adfinternational.org\/de\/wp-json\/wp\/v2\/types\/post"}],"author":[{"embeddable":true,"href":"https:\/\/adfinternational.org\/de\/wp-json\/wp\/v2\/users\/5"}],"replies":[{"embeddable":true,"href":"https:\/\/adfinternational.org\/de\/wp-json\/wp\/v2\/comments?post=86951"}],"version-history":[{"count":0,"href":"https:\/\/adfinternational.org\/de\/wp-json\/wp\/v2\/posts\/86951\/revisions"}],"wp:featuredmedia":[{"embeddable":true,"href":"https:\/\/adfinternational.org\/de\/wp-json\/wp\/v2\/media\/86797"}],"wp:attachment":[{"href":"https:\/\/adfinternational.org\/de\/wp-json\/wp\/v2\/media?parent=86951"}],"wp:term":[{"taxonomy":"category","embeddable":true,"href":"https:\/\/adfinternational.org\/de\/wp-json\/wp\/v2\/categories?post=86951"},{"taxonomy":"post_tag","embeddable":true,"href":"https:\/\/adfinternational.org\/de\/wp-json\/wp\/v2\/tags?post=86951"}],"curies":[{"name":"wp","href":"https:\/\/api.w.org\/{rel}","templated":true}]}}