{"id":92602,"date":"2026-04-29T12:51:00","date_gmt":"2026-04-29T10:51:00","guid":{"rendered":"https:\/\/adfinternational.org\/?p=92602"},"modified":"2026-04-29T16:25:39","modified_gmt":"2026-04-29T14:25:39","slug":"kinder-sind-kein-geschaeftsmodell","status":"publish","type":"post","link":"https:\/\/adfinternational.org\/de\/artikel\/kinder-sind-kein-geschaeftsmodell","title":{"rendered":"Kinder sind kein Gesch\u00e4ftsmodell"},"content":{"rendered":"\t\t<div data-elementor-type=\"wp-post\" data-elementor-id=\"92602\" class=\"elementor elementor-92602\" data-elementor-post-type=\"post\">\n\t\t\t\t\t\t<section class=\"elementor-section elementor-top-section elementor-element elementor-element-181bbcf elementor-section-boxed elementor-section-height-default elementor-section-height-default\" data-id=\"181bbcf\" data-element_type=\"section\" data-e-type=\"section\">\n\t\t\t\t\t\t<div class=\"elementor-container elementor-column-gap-default\">\n\t\t\t\t\t<div class=\"elementor-column elementor-col-100 elementor-top-column elementor-element elementor-element-60a2f22\" data-id=\"60a2f22\" data-element_type=\"column\" data-e-type=\"column\">\n\t\t\t<div class=\"elementor-widget-wrap elementor-element-populated\">\n\t\t\t\t\t\t<div class=\"elementor-element elementor-element-22d7f2b elementor-widget elementor-widget-text-editor\" data-id=\"22d7f2b\" data-element_type=\"widget\" data-e-type=\"widget\" data-widget_type=\"text-editor.default\">\n\t\t\t\t<div class=\"elementor-widget-container\">\n\t\t\t\t\t\t\t\t\t<p>In Europa w\u00e4chst der Druck, Leihmutterschaft gesellschaftlich zu normalisieren. Was als \u201eindividuelle Entscheidung\u201c dargestellt wird, kann ein System f\u00f6rdern, in dem Frauenk\u00f6rper und Kinderw\u00fcnsche wirtschaftlich verhandelt werden.<\/p><p>Olivia Maurel wei\u00df, was das bedeutet. Sie wurde selbst durch Leihmutterschaft geboren und sprach bei unserer Veranstaltungsreihe Culture Conversations offen \u00fcber den Schmerz und die Fragen zur eigenen Herkunft.<\/p><p>Ihr Schicksal zeigt: Es geht nicht nur um Erwachsene mit Kinderwunsch. Es geht auch um die Kinder, die mit den Folgen leben m\u00fcssen.<\/p>\t\t\t\t\t\t\t\t<\/div>\n\t\t\t\t<\/div>\n\t\t\t\t<div class=\"elementor-element elementor-element-5c3e43c elementor-widget elementor-widget-html\" data-id=\"5c3e43c\" data-element_type=\"widget\" data-e-type=\"widget\" data-widget_type=\"html.default\">\n\t\t\t\t<div class=\"elementor-widget-container\">\n\t\t\t\t\t <div class=\"brlbs-cmpnt-container brlbs-cmpnt-content-blocker brlbs-cmpnt-with-individual-styles\" data-borlabs-cookie-content-blocker-id=\"youtube-content-blocker\" data-borlabs-cookie-content=\"PGlmcmFtZSB3aWR0aD0iNTYwIiBoZWlnaHQ9IjQwMCIgc3JjPSJodHRwczovL3d3dy55b3V0dWJlLW5vY29va2llLmNvbS9lbWJlZC95S1JvcUdsaXRoVT9zaT0xN0lJcU1hWDZ6YTBETmdDIiB0aXRsZT0iWW91VHViZSB2aWRlbyBwbGF5ZXIiIGZyYW1lYm9yZGVyPSIwIiBhbGxvdz0iYWNjZWxlcm9tZXRlcjsgYXV0b3BsYXk7IGNsaXBib2FyZC13cml0ZTsgZW5jcnlwdGVkLW1lZGlhOyBneXJvc2NvcGU7IHBpY3R1cmUtaW4tcGljdHVyZTsgd2ViLXNoYXJlIiByZWZlcnJlcnBvbGljeT0ic3RyaWN0LW9yaWdpbi13aGVuLWNyb3NzLW9yaWdpbiIgYWxsb3dmdWxsc2NyZWVuPjwvaWZyYW1lPg==\"><div class=\"brlbs-cmpnt-cb-preset-c brlbs-cmpnt-cb-youtube\"> <div class=\"brlbs-cmpnt-cb-thumbnail\" style=\"background-image: url('https:\/\/adfinternational.org\/wp-content\/uploads\/borlabs-cookie\/1\/yt_yKRoqGlithU_hqdefault.jpg')\"><\/div> <div class=\"brlbs-cmpnt-cb-main\"> <div class=\"brlbs-cmpnt-cb-play-button\"><\/div> <div class=\"brlbs-cmpnt-cb-content\"> <p class=\"brlbs-cmpnt-cb-description\">Sie sehen gerade einen Platzhalterinhalt von <strong>YouTube<\/strong>. Um auf den eigentlichen Inhalt zuzugreifen, klicken Sie auf die Schaltfl\u00e4che unten. Bitte beachten Sie, dass dabei Daten an Drittanbieter weitergegeben werden.<\/p> <a class=\"brlbs-cmpnt-cb-provider-toggle\" href=\"#\" data-borlabs-cookie-show-provider-information role=\"button\">Mehr Informationen<\/a> <\/div> <div class=\"brlbs-cmpnt-cb-buttons\"> <a class=\"brlbs-cmpnt-cb-btn\" href=\"#\" data-borlabs-cookie-unblock role=\"button\">Inhalt entsperren<\/a> <a class=\"brlbs-cmpnt-cb-btn\" href=\"#\" data-borlabs-cookie-accept-service role=\"button\" style=\"display: inherit\">Erforderlichen Service akzeptieren und Inhalte entsperren<\/a> <\/div> <\/div> <\/div><\/div>\t\t\t\t<\/div>\n\t\t\t\t<\/div>\n\t\t\t\t<div class=\"elementor-element elementor-element-bf5ab48 elementor-widget elementor-widget-text-editor\" data-id=\"bf5ab48\" data-element_type=\"widget\" data-e-type=\"widget\" data-widget_type=\"text-editor.default\">\n\t\t\t\t<div class=\"elementor-widget-container\">\n\t\t\t\t\t\t\t\t\t<p>Werden Sie Teil unseres Amicus-Teams und unterst\u00fctzen Sie uns mit einer monatlichen Spende. Regelm\u00e4\u00dfige Beitr\u00e4ge erm\u00f6glichen uns, F\u00e4lle wie in Nepal nachhaltig zu begleiten, Betroffene zu sch\u00fctzen und Menschenrechte wirksam zu verteidigen.<\/p><p>Die ersten f\u00fcnf neuen Amicus-Mitglieder erhalten als Dank eine signierte Ausgabe von Olivia Maurels Buch \u201eWo bist du Mama? Die Wahrheit \u00fcber Leihmutterschaft\u201c.<\/p><p>Darin beschreibt sie eindr\u00fccklich ihre Suche nach Identit\u00e4t, die emotionalen Herausforderungen ihrer Herkunft sowie die Realit\u00e4t der Leihmutterschaft aus Sicht eines betroffenen Kindes.<\/p>\t\t\t\t\t\t\t\t<\/div>\n\t\t\t\t<\/div>\n\t\t\t\t<section class=\"elementor-section elementor-inner-section elementor-element elementor-element-163f077 elementor-section-boxed elementor-section-height-default elementor-section-height-default\" data-id=\"163f077\" data-element_type=\"section\" data-e-type=\"section\">\n\t\t\t\t\t\t<div class=\"elementor-container elementor-column-gap-default\">\n\t\t\t\t\t<div class=\"elementor-column elementor-col-50 elementor-inner-column elementor-element elementor-element-6935f97\" data-id=\"6935f97\" data-element_type=\"column\" data-e-type=\"column\">\n\t\t\t<div class=\"elementor-widget-wrap elementor-element-populated\">\n\t\t\t\t\t\t<div class=\"elementor-element elementor-element-26fec12 elementor-widget elementor-widget-image\" data-id=\"26fec12\" data-element_type=\"widget\" data-e-type=\"widget\" data-widget_type=\"image.default\">\n\t\t\t\t<div class=\"elementor-widget-container\">\n\t\t\t\t\t\t\t\t\t\t\t\t\t\t\t<img fetchpriority=\"high\" decoding=\"async\" width=\"304\" height=\"466\" src=\"https:\/\/adfinternational.org\/wp-content\/uploads\/2026\/04\/41llZnfn7BL._SY466_.jpg\" class=\"attachment-large size-large wp-image-92605\" alt=\"\" srcset=\"https:\/\/adfinternational.org\/wp-content\/uploads\/2026\/04\/41llZnfn7BL._SY466_.jpg 304w, https:\/\/adfinternational.org\/wp-content\/uploads\/2026\/04\/41llZnfn7BL._SY466_-196x300.jpg 196w\" sizes=\"(max-width: 304px) 100vw, 304px\" \/>\t\t\t\t\t\t\t\t\t\t\t\t\t\t\t<\/div>\n\t\t\t\t<\/div>\n\t\t\t\t\t<\/div>\n\t\t<\/div>\n\t\t\t\t<div class=\"elementor-column elementor-col-50 elementor-inner-column elementor-element elementor-element-e2a1da4\" data-id=\"e2a1da4\" data-element_type=\"column\" data-e-type=\"column\">\n\t\t\t<div class=\"elementor-widget-wrap elementor-element-populated\">\n\t\t\t\t\t\t<div class=\"elementor-element elementor-element-a3db93a elementor-widget__width-initial elementor-widget elementor-widget-text-editor\" data-id=\"a3db93a\" data-element_type=\"widget\" data-e-type=\"widget\" data-widget_type=\"text-editor.default\">\n\t\t\t\t<div class=\"elementor-widget-container\">\n\t\t\t\t\t\t\t\t\t<p>Wohin man auch schaut, werden Menschen daf\u00fcr bestraft, dass sie nach ihren \u00dcberzeugungen leben. Doch das muss nicht so sein! <strong>Dank Ihres monatlichen Beitrags<\/strong> k\u00f6nnen wir so viel mehr tun, um das Recht jedes Menschen zu sch\u00fctzen, den eigenen Glauben friedlich zu leben.<\/p><p><strong>Jetzt Amicus werden und ein signiertes Exemplar sichern!<\/strong><\/p>\t\t\t\t\t\t\t\t<\/div>\n\t\t\t\t<\/div>\n\t\t\t\t\t<\/div>\n\t\t<\/div>\n\t\t\t\t\t<\/div>\n\t\t<\/section>\n\t\t\t\t<section class=\"elementor-section elementor-inner-section elementor-element elementor-element-b8ca9bb elementor-section-boxed elementor-section-height-default elementor-section-height-default\" data-id=\"b8ca9bb\" data-element_type=\"section\" data-e-type=\"section\">\n\t\t\t\t\t\t<div class=\"elementor-container elementor-column-gap-default\">\n\t\t\t\t\t<div class=\"elementor-column elementor-col-100 elementor-inner-column elementor-element elementor-element-a4cd03e\" data-id=\"a4cd03e\" data-element_type=\"column\" data-e-type=\"column\">\n\t\t\t<div class=\"elementor-widget-wrap elementor-element-populated\">\n\t\t\t\t\t\t<div class=\"elementor-element elementor-element-e3cc5ac raven-advanced-tab-icon-position-left elementor-widget elementor-widget-raven-tabs\" data-id=\"e3cc5ac\" data-element_type=\"widget\" data-e-type=\"widget\" data-settings=\"{&quot;use_ajax_loading&quot;:&quot;yes&quot;,&quot;tabs_pane_animation&quot;:&quot;none&quot;,&quot;tabs_event&quot;:&quot;click&quot;,&quot;scroll_to_beginning&quot;:&quot;yes&quot;}\" data-widget_type=\"raven-tabs.default\">\n\t\t\t\t<div class=\"elementor-widget-container\">\n\t\t\t\t\t\t\t<div class=\"raven-widget-wrapper\">\n\t\t\t<div class=\"raven-tabs raven-tabs-horizontal raven-tabs-card\">\n\t\t\t\t<div class=\"raven-tabs-list\" role=\"tablist\">\n\t\t\t\t\t\t\t\t\t\t\t<div id=\"raven-tabs-title-2381\" class=\"raven-tabs-title raven-tabs-desktop-title raven-tabs-active raven-tabs-has-icon\" role=\"tab\" aria-controls=\"raven-tabs-content-2381\" tabindex=\"-1\" data-tab=\"1\">\n\t\t\t\t\t\t\t\t\t\t<span class=\"raven-tabs-title-icon\">\n\t\t\t\t\t\t\t<\/span>\n\t\t\t\t\t\t\t\t\t\t<span class=\"raven-tabs-title-text\">Deutschland<\/span>\n\t\t\t\t\t\t<\/div>\n\t\t\t\t\t\t\t\t\t\t\t<div id=\"raven-tabs-title-2382\" class=\"raven-tabs-title raven-tabs-desktop-title raven-tabs-has-icon\" role=\"tab\" aria-controls=\"raven-tabs-content-2382\" tabindex=\"-1\" data-tab=\"2\">\n\t\t\t\t\t\t\t\t\t\t<span class=\"raven-tabs-title-icon\">\n\t\t\t\t\t\t\t<\/span>\n\t\t\t\t\t\t\t\t\t\t<span class=\"raven-tabs-title-text\">\u00d6sterreich<\/span>\n\t\t\t\t\t\t<\/div>\n\t\t\t\t\t\t\t\t\t\t\t<div id=\"raven-tabs-title-2383\" class=\"raven-tabs-title raven-tabs-desktop-title raven-tabs-has-icon\" role=\"tab\" aria-controls=\"raven-tabs-content-2383\" tabindex=\"-1\" data-tab=\"3\">\n\t\t\t\t\t\t\t\t\t\t<span class=\"raven-tabs-title-icon\">\n\t\t\t\t\t\t\t<\/span>\n\t\t\t\t\t\t\t\t\t\t<span class=\"raven-tabs-title-text\">Schweiz<\/span>\n\t\t\t\t\t\t<\/div>\n\t\t\t\t\t\t\t\t\t<\/div>\n\t\t\t\t<div class=\"raven-tabs-content-wrapper\">\n\t\t\t\t\t\t\n\t\t\t\t\t\t<div id=\"raven-tabs-content-2381\" class=\"raven-tabs-content elementor-clearfix raven-tabs-active\" role=\"tabpanel\" aria-labelledby=\"raven-tabs-title-2381\" data-tab=\"1\">\n\t\t\t\t<div class=\"raven-animations-none is-simple-content\">\n\t\t\t\t<div class='root-data-givewp-embed' data-form-locale='de_DE' data-form-url='https:\/\/adfinternational.org\/?post_type=give_forms&#038;p=69750' data-form-view-url='https:\/\/adfinternational.org\/de\/?givewp-route=donation-form-view&#038;form-id=69750' data-src='https:\/\/adfinternational.org\/de\/?givewp-route=donation-form-view&#038;form-id=69750' data-givewp-embed-id='give-form-shortcode-1' data-form-format='' data-open-form-button='Donate now' style='--givewp-primary-color: #af272f; --givewp-secondary-color: #001a72;'><\/div>\t\t\t\t<\/div>\n\t\t\t<\/div>\n\t\t\t\n\t\t\t\t\t\t<div id=\"raven-tabs-content-2382\" class=\"raven-tabs-content elementor-clearfix\" role=\"tabpanel\" aria-labelledby=\"raven-tabs-title-2382\" data-tab=\"2\">\n\t\t\t\t<div class=\"raven-animations-none is-simple-content\">\n\t\t\t\t<div class='root-data-givewp-embed' data-form-locale='de_DE' data-form-url='https:\/\/adfinternational.org\/?post_type=give_forms&#038;p=69716' data-form-view-url='https:\/\/adfinternational.org\/de\/?givewp-route=donation-form-view&#038;form-id=69716' data-src='https:\/\/adfinternational.org\/de\/?givewp-route=donation-form-view&#038;form-id=69716' data-givewp-embed-id='give-form-shortcode-2' data-form-format='' data-open-form-button='Donate now' style='--givewp-primary-color: #af272f; --givewp-secondary-color: #001a72;'><\/div>\t\t\t\t<\/div>\n\t\t\t<\/div>\n\t\t\t\n\t\t\t\t\t\t<div id=\"raven-tabs-content-2383\" class=\"raven-tabs-content elementor-clearfix\" role=\"tabpanel\" aria-labelledby=\"raven-tabs-title-2383\" data-tab=\"3\">\n\t\t\t\t<div class=\"raven-animations-none is-simple-content\">\n\t\t\t\t<div class='root-data-givewp-embed' data-form-locale='de_DE' data-form-url='https:\/\/adfinternational.org\/?post_type=give_forms&#038;p=69751' data-form-view-url='https:\/\/adfinternational.org\/de\/?givewp-route=donation-form-view&#038;form-id=69751' data-src='https:\/\/adfinternational.org\/de\/?givewp-route=donation-form-view&#038;form-id=69751' data-givewp-embed-id='give-form-shortcode-3' data-form-format='' data-open-form-button='Donate now' style='--givewp-primary-color: #af272f; --givewp-secondary-color: #001a72;'><\/div>\t\t\t\t<\/div>\n\t\t\t<\/div>\n\t\t\t\t\t\t\t<\/div>\n\t\t\t<\/div>\n\t\t<\/div>\n\t\t\t\t\t\t<\/div>\n\t\t\t\t<\/div>\n\t\t\t\t\t<\/div>\n\t\t<\/div>\n\t\t\t\t\t<\/div>\n\t\t<\/section>\n\t\t\t\t\t<\/div>\n\t\t<\/div>\n\t\t\t\t\t<\/div>\n\t\t<\/section>\n\t\t\t\t<\/div>\n\t\t","protected":false},"excerpt":{"rendered":"<p>In Europa w\u00e4chst der Druck, Leihmutterschaft gesellschaftlich zu normalisieren. Was als \u201eindividuelle Entscheidung\u201c dargestellt wird, kann ein System f\u00f6rdern, in dem Frauenk\u00f6rper und Kinderw\u00fcnsche wirtschaftlich verhandelt werden.<\/p>\n","protected":false},"author":44,"featured_media":92672,"comment_status":"closed","ping_status":"closed","sticky":false,"template":"","format":"standard","meta":{"_acf_changed":false,"give_campaign_id":0,"footnotes":""},"categories":[290],"tags":[],"class_list":["post-92602","post","type-post","status-publish","format-standard","has-post-thumbnail","hentry","category-artikel"],"acf":[],"yoast_head":"<!-- This site is optimized with the Yoast SEO Premium plugin v27.5 (Yoast SEO v27.5) - https:\/\/yoast.com\/product\/yoast-seo-premium-wordpress\/ -->\n<title>Kinder sind kein Gesch\u00e4ftsmodell - ADF International Kinder sind kein Gesch\u00e4ftsmodell<\/title>\n<meta name=\"description\" content=\"In Europa w\u00e4chst der Druck, Leihmutterschaft gesellschaftlich zu normalisieren. Was als \u201eindividuelle Entscheidung\u201c dargestellt wird, kann ein System f\u00f6rdern, in dem Frauenk\u00f6rper und Kinderw\u00fcnsche wirtschaftlich verhandelt werden.\" \/>\n<meta name=\"robots\" content=\"index, follow, max-snippet:-1, max-image-preview:large, max-video-preview:-1\" \/>\n<link rel=\"canonical\" href=\"https:\/\/adfinternational.org\/de\/artikel\/kinder-sind-kein-geschaeftsmodell\" \/>\n<meta property=\"og:locale\" content=\"de_DE\" \/>\n<meta property=\"og:type\" content=\"article\" \/>\n<meta property=\"og:title\" content=\"Kinder sind kein Gesch\u00e4ftsmodell Kinder sind kein Gesch\u00e4ftsmodell\" \/>\n<meta property=\"og:description\" content=\"In Europa w\u00e4chst der Druck, Leihmutterschaft gesellschaftlich zu normalisieren. Was als \u201eindividuelle Entscheidung\u201c dargestellt wird, kann ein System f\u00f6rdern, in dem Frauenk\u00f6rper und Kinderw\u00fcnsche wirtschaftlich verhandelt werden.\" \/>\n<meta property=\"og:url\" content=\"https:\/\/adfinternational.org\/de\/artikel\/kinder-sind-kein-geschaeftsmodell\" \/>\n<meta property=\"og:site_name\" content=\"ADF International\" \/>\n<meta property=\"article:publisher\" content=\"https:\/\/facebook.com\/adfinternational\" \/>\n<meta property=\"article:published_time\" content=\"2026-04-29T10:51:00+00:00\" \/>\n<meta property=\"article:modified_time\" content=\"2026-04-29T14:25:39+00:00\" \/>\n<meta property=\"og:image\" content=\"https:\/\/adfinternational.org\/wp-content\/uploads\/2026\/04\/Maurel_Interview.webp\" \/>\n\t<meta property=\"og:image:width\" content=\"800\" \/>\n\t<meta property=\"og:image:height\" content=\"450\" \/>\n\t<meta property=\"og:image:type\" content=\"image\/webp\" \/>\n<meta name=\"author\" content=\"Philipp Bues\" \/>\n<meta name=\"twitter:card\" content=\"summary_large_image\" \/>\n<meta name=\"twitter:title\" content=\"Kinder sind kein Gesch\u00e4ftsmodell\" \/>\n<meta name=\"twitter:creator\" content=\"@adfintl\" \/>\n<meta name=\"twitter:site\" content=\"@adfintl\" \/>\n<meta name=\"twitter:label1\" content=\"Verfasst von\" \/>\n\t<meta name=\"twitter:data1\" content=\"Philipp Bues\" \/>\n\t<meta name=\"twitter:label2\" content=\"Gesch\u00e4tzte Lesezeit\" \/>\n\t<meta name=\"twitter:data2\" content=\"2 Minuten\" \/>\n<script type=\"application\/ld+json\" class=\"yoast-schema-graph\">{\"@context\":\"https:\\\/\\\/schema.org\",\"@graph\":[{\"@type\":\"Article\",\"@id\":\"https:\\\/\\\/adfinternational.org\\\/de\\\/artikel\\\/kinder-sind-kein-geschaeftsmodell#article\",\"isPartOf\":{\"@id\":\"https:\\\/\\\/adfinternational.org\\\/de\\\/artikel\\\/kinder-sind-kein-geschaeftsmodell\"},\"author\":{\"name\":\"Philipp Bues\",\"@id\":\"https:\\\/\\\/adfinternational.org\\\/de\\\/#\\\/schema\\\/person\\\/6b776fc8535453c6aad8a6f9d78e6141\"},\"headline\":\"Kinder sind kein Gesch\u00e4ftsmodell\",\"datePublished\":\"2026-04-29T10:51:00+00:00\",\"dateModified\":\"2026-04-29T14:25:39+00:00\",\"mainEntityOfPage\":{\"@id\":\"https:\\\/\\\/adfinternational.org\\\/de\\\/artikel\\\/kinder-sind-kein-geschaeftsmodell\"},\"wordCount\":274,\"publisher\":{\"@id\":\"https:\\\/\\\/adfinternational.org\\\/de\\\/#organization\"},\"image\":{\"@id\":\"https:\\\/\\\/adfinternational.org\\\/de\\\/artikel\\\/kinder-sind-kein-geschaeftsmodell#primaryimage\"},\"thumbnailUrl\":\"https:\\\/\\\/adfinternational.org\\\/wp-content\\\/uploads\\\/2026\\\/04\\\/Maurel_Interview.webp\",\"articleSection\":[\"Artikel\"],\"inLanguage\":\"de-DE\"},{\"@type\":\"WebPage\",\"@id\":\"https:\\\/\\\/adfinternational.org\\\/de\\\/artikel\\\/kinder-sind-kein-geschaeftsmodell\",\"url\":\"https:\\\/\\\/adfinternational.org\\\/de\\\/artikel\\\/kinder-sind-kein-geschaeftsmodell\",\"name\":\"Kinder sind kein Gesch\u00e4ftsmodell - ADF International Kinder sind kein Gesch\u00e4ftsmodell\",\"isPartOf\":{\"@id\":\"https:\\\/\\\/adfinternational.org\\\/de\\\/#website\"},\"primaryImageOfPage\":{\"@id\":\"https:\\\/\\\/adfinternational.org\\\/de\\\/artikel\\\/kinder-sind-kein-geschaeftsmodell#primaryimage\"},\"image\":{\"@id\":\"https:\\\/\\\/adfinternational.org\\\/de\\\/artikel\\\/kinder-sind-kein-geschaeftsmodell#primaryimage\"},\"thumbnailUrl\":\"https:\\\/\\\/adfinternational.org\\\/wp-content\\\/uploads\\\/2026\\\/04\\\/Maurel_Interview.webp\",\"datePublished\":\"2026-04-29T10:51:00+00:00\",\"dateModified\":\"2026-04-29T14:25:39+00:00\",\"description\":\"In Europa w\u00e4chst der Druck, Leihmutterschaft gesellschaftlich zu normalisieren. Was als \u201eindividuelle Entscheidung\u201c dargestellt wird, kann ein System f\u00f6rdern, in dem Frauenk\u00f6rper und Kinderw\u00fcnsche wirtschaftlich verhandelt werden.\",\"breadcrumb\":{\"@id\":\"https:\\\/\\\/adfinternational.org\\\/de\\\/artikel\\\/kinder-sind-kein-geschaeftsmodell#breadcrumb\"},\"inLanguage\":\"de-DE\",\"potentialAction\":[{\"@type\":\"ReadAction\",\"target\":[\"https:\\\/\\\/adfinternational.org\\\/de\\\/artikel\\\/kinder-sind-kein-geschaeftsmodell\"]}]},{\"@type\":\"ImageObject\",\"inLanguage\":\"de-DE\",\"@id\":\"https:\\\/\\\/adfinternational.org\\\/de\\\/artikel\\\/kinder-sind-kein-geschaeftsmodell#primaryimage\",\"url\":\"https:\\\/\\\/adfinternational.org\\\/wp-content\\\/uploads\\\/2026\\\/04\\\/Maurel_Interview.webp\",\"contentUrl\":\"https:\\\/\\\/adfinternational.org\\\/wp-content\\\/uploads\\\/2026\\\/04\\\/Maurel_Interview.webp\",\"width\":800,\"height\":450},{\"@type\":\"BreadcrumbList\",\"@id\":\"https:\\\/\\\/adfinternational.org\\\/de\\\/artikel\\\/kinder-sind-kein-geschaeftsmodell#breadcrumb\",\"itemListElement\":[{\"@type\":\"ListItem\",\"position\":1,\"name\":\"Home\",\"item\":\"https:\\\/\\\/adfinternational.org\\\/de\"},{\"@type\":\"ListItem\",\"position\":2,\"name\":\"Kinder sind kein Gesch\u00e4ftsmodell\"}]},{\"@type\":\"WebSite\",\"@id\":\"https:\\\/\\\/adfinternational.org\\\/de\\\/#website\",\"url\":\"https:\\\/\\\/adfinternational.org\\\/de\\\/\",\"name\":\"ADF International\",\"description\":\"Protecting Fundamental Freedoms. Promoting Inherent Dignity.\",\"publisher\":{\"@id\":\"https:\\\/\\\/adfinternational.org\\\/de\\\/#organization\"},\"potentialAction\":[{\"@type\":\"SearchAction\",\"target\":{\"@type\":\"EntryPoint\",\"urlTemplate\":\"https:\\\/\\\/adfinternational.org\\\/de\\\/?s={search_term_string}\"},\"query-input\":{\"@type\":\"PropertyValueSpecification\",\"valueRequired\":true,\"valueName\":\"search_term_string\"}}],\"inLanguage\":\"de-DE\"},{\"@type\":\"Organization\",\"@id\":\"https:\\\/\\\/adfinternational.org\\\/de\\\/#organization\",\"name\":\"Alliance Defending Freedom International\",\"url\":\"https:\\\/\\\/adfinternational.org\\\/de\\\/\",\"logo\":{\"@type\":\"ImageObject\",\"inLanguage\":\"de-DE\",\"@id\":\"https:\\\/\\\/adfinternational.org\\\/de\\\/#\\\/schema\\\/logo\\\/image\\\/\",\"url\":\"https:\\\/\\\/adfinternational.org\\\/wp-content\\\/uploads\\\/2021\\\/08\\\/ADF_Intl_R_RGB_175px.png\",\"contentUrl\":\"https:\\\/\\\/adfinternational.org\\\/wp-content\\\/uploads\\\/2021\\\/08\\\/ADF_Intl_R_RGB_175px.png\",\"width\":175,\"height\":106,\"caption\":\"Alliance Defending Freedom International\"},\"image\":{\"@id\":\"https:\\\/\\\/adfinternational.org\\\/de\\\/#\\\/schema\\\/logo\\\/image\\\/\"},\"sameAs\":[\"https:\\\/\\\/facebook.com\\\/adfinternational\",\"https:\\\/\\\/x.com\\\/adfintl\",\"https:\\\/\\\/www.linkedin.com\\\/company\\\/adfinternational\",\"https:\\\/\\\/www.instagram.com\\\/adfinternational\\\/\"]},{\"@type\":\"Person\",\"@id\":\"https:\\\/\\\/adfinternational.org\\\/de\\\/#\\\/schema\\\/person\\\/6b776fc8535453c6aad8a6f9d78e6141\",\"name\":\"Philipp Bues\",\"image\":{\"@type\":\"ImageObject\",\"inLanguage\":\"de-DE\",\"@id\":\"https:\\\/\\\/adfinternational.org\\\/wp-content\\\/uploads\\\/2025\\\/02\\\/Philipp-Bues-Headshot-150x150.jpg\",\"url\":\"https:\\\/\\\/adfinternational.org\\\/wp-content\\\/uploads\\\/2025\\\/02\\\/Philipp-Bues-Headshot-150x150.jpg\",\"contentUrl\":\"https:\\\/\\\/adfinternational.org\\\/wp-content\\\/uploads\\\/2025\\\/02\\\/Philipp-Bues-Headshot-150x150.jpg\",\"caption\":\"Philipp Bues\"},\"url\":\"https:\\\/\\\/adfinternational.org\\\/de\\\/author\\\/pbuesadfinternational-org\"}]}<\/script>\n<!-- \/ Yoast SEO Premium plugin. -->","yoast_head_json":{"title":"Kinder sind kein Gesch\u00e4ftsmodell - ADF International Kinder sind kein Gesch\u00e4ftsmodell","description":"In Europa w\u00e4chst der Druck, Leihmutterschaft gesellschaftlich zu normalisieren. Was als \u201eindividuelle Entscheidung\u201c dargestellt wird, kann ein System f\u00f6rdern, in dem Frauenk\u00f6rper und Kinderw\u00fcnsche wirtschaftlich verhandelt werden.","robots":{"index":"index","follow":"follow","max-snippet":"max-snippet:-1","max-image-preview":"max-image-preview:large","max-video-preview":"max-video-preview:-1"},"canonical":"https:\/\/adfinternational.org\/de\/artikel\/kinder-sind-kein-geschaeftsmodell","og_locale":"de_DE","og_type":"article","og_title":"Kinder sind kein Gesch\u00e4ftsmodell Kinder sind kein Gesch\u00e4ftsmodell","og_description":"In Europa w\u00e4chst der Druck, Leihmutterschaft gesellschaftlich zu normalisieren. Was als \u201eindividuelle Entscheidung\u201c dargestellt wird, kann ein System f\u00f6rdern, in dem Frauenk\u00f6rper und Kinderw\u00fcnsche wirtschaftlich verhandelt werden.","og_url":"https:\/\/adfinternational.org\/de\/artikel\/kinder-sind-kein-geschaeftsmodell","og_site_name":"ADF International","article_publisher":"https:\/\/facebook.com\/adfinternational","article_published_time":"2026-04-29T10:51:00+00:00","article_modified_time":"2026-04-29T14:25:39+00:00","og_image":[{"width":800,"height":450,"url":"https:\/\/adfinternational.org\/wp-content\/uploads\/2026\/04\/Maurel_Interview.webp","type":"image\/webp"}],"author":"Philipp Bues","twitter_card":"summary_large_image","twitter_title":"Kinder sind kein Gesch\u00e4ftsmodell","twitter_creator":"@adfintl","twitter_site":"@adfintl","twitter_misc":{"Verfasst von":"Philipp Bues","Gesch\u00e4tzte Lesezeit":"2 Minuten"},"schema":{"@context":"https:\/\/schema.org","@graph":[{"@type":"Article","@id":"https:\/\/adfinternational.org\/de\/artikel\/kinder-sind-kein-geschaeftsmodell#article","isPartOf":{"@id":"https:\/\/adfinternational.org\/de\/artikel\/kinder-sind-kein-geschaeftsmodell"},"author":{"name":"Philipp Bues","@id":"https:\/\/adfinternational.org\/de\/#\/schema\/person\/6b776fc8535453c6aad8a6f9d78e6141"},"headline":"Kinder sind kein Gesch\u00e4ftsmodell","datePublished":"2026-04-29T10:51:00+00:00","dateModified":"2026-04-29T14:25:39+00:00","mainEntityOfPage":{"@id":"https:\/\/adfinternational.org\/de\/artikel\/kinder-sind-kein-geschaeftsmodell"},"wordCount":274,"publisher":{"@id":"https:\/\/adfinternational.org\/de\/#organization"},"image":{"@id":"https:\/\/adfinternational.org\/de\/artikel\/kinder-sind-kein-geschaeftsmodell#primaryimage"},"thumbnailUrl":"https:\/\/adfinternational.org\/wp-content\/uploads\/2026\/04\/Maurel_Interview.webp","articleSection":["Artikel"],"inLanguage":"de-DE"},{"@type":"WebPage","@id":"https:\/\/adfinternational.org\/de\/artikel\/kinder-sind-kein-geschaeftsmodell","url":"https:\/\/adfinternational.org\/de\/artikel\/kinder-sind-kein-geschaeftsmodell","name":"Kinder sind kein Gesch\u00e4ftsmodell - ADF International Kinder sind kein Gesch\u00e4ftsmodell","isPartOf":{"@id":"https:\/\/adfinternational.org\/de\/#website"},"primaryImageOfPage":{"@id":"https:\/\/adfinternational.org\/de\/artikel\/kinder-sind-kein-geschaeftsmodell#primaryimage"},"image":{"@id":"https:\/\/adfinternational.org\/de\/artikel\/kinder-sind-kein-geschaeftsmodell#primaryimage"},"thumbnailUrl":"https:\/\/adfinternational.org\/wp-content\/uploads\/2026\/04\/Maurel_Interview.webp","datePublished":"2026-04-29T10:51:00+00:00","dateModified":"2026-04-29T14:25:39+00:00","description":"In Europa w\u00e4chst der Druck, Leihmutterschaft gesellschaftlich zu normalisieren. Was als \u201eindividuelle Entscheidung\u201c dargestellt wird, kann ein System f\u00f6rdern, in dem Frauenk\u00f6rper und Kinderw\u00fcnsche wirtschaftlich verhandelt werden.","breadcrumb":{"@id":"https:\/\/adfinternational.org\/de\/artikel\/kinder-sind-kein-geschaeftsmodell#breadcrumb"},"inLanguage":"de-DE","potentialAction":[{"@type":"ReadAction","target":["https:\/\/adfinternational.org\/de\/artikel\/kinder-sind-kein-geschaeftsmodell"]}]},{"@type":"ImageObject","inLanguage":"de-DE","@id":"https:\/\/adfinternational.org\/de\/artikel\/kinder-sind-kein-geschaeftsmodell#primaryimage","url":"https:\/\/adfinternational.org\/wp-content\/uploads\/2026\/04\/Maurel_Interview.webp","contentUrl":"https:\/\/adfinternational.org\/wp-content\/uploads\/2026\/04\/Maurel_Interview.webp","width":800,"height":450},{"@type":"BreadcrumbList","@id":"https:\/\/adfinternational.org\/de\/artikel\/kinder-sind-kein-geschaeftsmodell#breadcrumb","itemListElement":[{"@type":"ListItem","position":1,"name":"Home","item":"https:\/\/adfinternational.org\/de"},{"@type":"ListItem","position":2,"name":"Kinder sind kein Gesch\u00e4ftsmodell"}]},{"@type":"WebSite","@id":"https:\/\/adfinternational.org\/de\/#website","url":"https:\/\/adfinternational.org\/de\/","name":"ADF International","description":"Protecting Fundamental Freedoms. Promoting Inherent Dignity.","publisher":{"@id":"https:\/\/adfinternational.org\/de\/#organization"},"potentialAction":[{"@type":"SearchAction","target":{"@type":"EntryPoint","urlTemplate":"https:\/\/adfinternational.org\/de\/?s={search_term_string}"},"query-input":{"@type":"PropertyValueSpecification","valueRequired":true,"valueName":"search_term_string"}}],"inLanguage":"de-DE"},{"@type":"Organization","@id":"https:\/\/adfinternational.org\/de\/#organization","name":"Alliance Defending Freedom International","url":"https:\/\/adfinternational.org\/de\/","logo":{"@type":"ImageObject","inLanguage":"de-DE","@id":"https:\/\/adfinternational.org\/de\/#\/schema\/logo\/image\/","url":"https:\/\/adfinternational.org\/wp-content\/uploads\/2021\/08\/ADF_Intl_R_RGB_175px.png","contentUrl":"https:\/\/adfinternational.org\/wp-content\/uploads\/2021\/08\/ADF_Intl_R_RGB_175px.png","width":175,"height":106,"caption":"Alliance Defending Freedom International"},"image":{"@id":"https:\/\/adfinternational.org\/de\/#\/schema\/logo\/image\/"},"sameAs":["https:\/\/facebook.com\/adfinternational","https:\/\/x.com\/adfintl","https:\/\/www.linkedin.com\/company\/adfinternational","https:\/\/www.instagram.com\/adfinternational\/"]},{"@type":"Person","@id":"https:\/\/adfinternational.org\/de\/#\/schema\/person\/6b776fc8535453c6aad8a6f9d78e6141","name":"Philipp Bues","image":{"@type":"ImageObject","inLanguage":"de-DE","@id":"https:\/\/adfinternational.org\/wp-content\/uploads\/2025\/02\/Philipp-Bues-Headshot-150x150.jpg","url":"https:\/\/adfinternational.org\/wp-content\/uploads\/2025\/02\/Philipp-Bues-Headshot-150x150.jpg","contentUrl":"https:\/\/adfinternational.org\/wp-content\/uploads\/2025\/02\/Philipp-Bues-Headshot-150x150.jpg","caption":"Philipp Bues"},"url":"https:\/\/adfinternational.org\/de\/author\/pbuesadfinternational-org"}]}},"_links":{"self":[{"href":"https:\/\/adfinternational.org\/de\/wp-json\/wp\/v2\/posts\/92602","targetHints":{"allow":["GET"]}}],"collection":[{"href":"https:\/\/adfinternational.org\/de\/wp-json\/wp\/v2\/posts"}],"about":[{"href":"https:\/\/adfinternational.org\/de\/wp-json\/wp\/v2\/types\/post"}],"author":[{"embeddable":true,"href":"https:\/\/adfinternational.org\/de\/wp-json\/wp\/v2\/users\/44"}],"replies":[{"embeddable":true,"href":"https:\/\/adfinternational.org\/de\/wp-json\/wp\/v2\/comments?post=92602"}],"version-history":[{"count":0,"href":"https:\/\/adfinternational.org\/de\/wp-json\/wp\/v2\/posts\/92602\/revisions"}],"wp:featuredmedia":[{"embeddable":true,"href":"https:\/\/adfinternational.org\/de\/wp-json\/wp\/v2\/media\/92672"}],"wp:attachment":[{"href":"https:\/\/adfinternational.org\/de\/wp-json\/wp\/v2\/media?parent=92602"}],"wp:term":[{"taxonomy":"category","embeddable":true,"href":"https:\/\/adfinternational.org\/de\/wp-json\/wp\/v2\/categories?post=92602"},{"taxonomy":"post_tag","embeddable":true,"href":"https:\/\/adfinternational.org\/de\/wp-json\/wp\/v2\/tags?post=92602"}],"curies":[{"name":"wp","href":"https:\/\/api.w.org\/{rel}","templated":true}]}}