{"id":9872,"date":"2022-08-31T13:30:13","date_gmt":"2022-08-31T13:30:13","guid":{"rendered":"https:\/\/adfinternational.org\/?p=9872"},"modified":"2024-04-05T13:55:54","modified_gmt":"2024-04-05T12:55:54","slug":"news-gruppe-begruesst-gerichtsurteil","status":"publish","type":"post","link":"https:\/\/adfinternational.org\/de\/news\/gruppe-begruesst-gerichtsurteil","title":{"rendered":"\u201e40 Tage f\u00fcr das Leben\u201c \u2013 Gruppe begr\u00fc\u00dft Gerichtsurteil zugunsten des Rechts auf Versammlungs- und Religionsfreiheit in der N\u00e4he einer Abtreibungsberatungsstelle"},"content":{"rendered":"\t\t<div data-elementor-type=\"wp-post\" data-elementor-id=\"9872\" class=\"elementor elementor-9872\" data-elementor-post-type=\"post\">\n\t\t\t\t\t\t<section class=\"elementor-section elementor-top-section elementor-element elementor-element-01f3c94 elementor-section-boxed elementor-section-height-default elementor-section-height-default\" data-id=\"01f3c94\" data-element_type=\"section\" data-e-type=\"section\">\n\t\t\t\t\t\t<div class=\"elementor-container elementor-column-gap-default\">\n\t\t\t\t\t<div class=\"elementor-column elementor-col-100 elementor-top-column elementor-element elementor-element-d1cab19\" data-id=\"d1cab19\" data-element_type=\"column\" data-e-type=\"column\">\n\t\t\t<div class=\"elementor-widget-wrap elementor-element-populated\">\n\t\t\t\t\t\t<div class=\"elementor-element elementor-element-efb4296 elementor-widget elementor-widget-text-editor\" data-id=\"efb4296\" data-element_type=\"widget\" data-e-type=\"widget\" data-widget_type=\"text-editor.default\">\n\t\t\t\t<div class=\"elementor-widget-container\">\n\t\t\t\t\t\t\t\t\t<ul><li>Deutsches Gericht kippt in der Berufung das Verbot einer stillen Gebetsversammlung vor einer Abtreibungsberatungsstelle<br \/><br \/><\/li><li>Vojnovi\u0107 in ihrem Selbstbestimmungsrecht \u00fcber die Durchf\u00fchrung der Gebetsversammlung best\u00e4tigt<\/li><\/ul>\t\t\t\t\t\t\t\t<\/div>\n\t\t\t\t<\/div>\n\t\t\t\t<div class=\"elementor-element elementor-element-ab3a5b1 elementor-widget elementor-widget-text-editor\" data-id=\"ab3a5b1\" data-element_type=\"widget\" data-e-type=\"widget\" data-widget_type=\"text-editor.default\">\n\t\t\t\t<div class=\"elementor-widget-container\">\n\t\t\t\t\t\t\t\t\t<p><strong>PFORZHEIM<\/strong> (31. August 2022) \u2013 Die stillen Gebetsversammlungen in der N\u00e4he einer Abtreibungsberatungsstelle durften nicht verboten werden, entschied der <a href=\"https:\/\/verwaltungsgerichtshof-baden-wuerttemberg.justiz-bw.de\/pb\/,Lde\/10525253\/?LISTPAGE=1213200\" target=\"_blank\" rel=\"noopener\">Verwaltungsgerichtshof Mannheim<\/a>. Der Pforzheimer \u201e40 Tage f\u00fcr das Leben&#8220; Gruppe war im Februar 2019 die Auflage erteilt worden, sich nicht gegen\u00fcber der \u00f6rtlichen Abtreibungsberatungsstelle von <em>pro familia<\/em> zum stillen Gebet zu versammeln.<\/p><p>\u201eJedes menschliche Leben ist wertvoll und verdient Schutz. Ich freue mich, dass wir unser Gebet zur Unterst\u00fctzung von Frauen und ihren ungeborenen Kindern wieder aufnehmen k\u00f6nnen, und zwar dort, wo es aus unserer Sicht am meisten Sinn macht. Ich bin sehr erleichtert, dass das Gericht unser Recht auf Versammlungs-, Religions- und Meinungsfreiheit best\u00e4tigt hat\u201c, sagte <a href=\"https:\/\/adfinternational.org\/de\/pavica-vojnovic\/\">Pavica Vojnovi\u0107<\/a>, die mit Unterst\u00fctzung der Menschenrechtsorganisation ADF International gegen die Auflage geklagt hatte.<\/p><p><strong>Stilles und friedliches Gebet au\u00dfer H\u00f6r- und Sichtweite verbannt<\/strong><\/p><p>Zweimal im Jahr versammelte sich die Gebetsgruppe f\u00fcr 40 Tage vor einem Geb\u00e4ude der Organisation <em>pro familia<\/em>, die an anderen Standorten in Deutschland auch Abtreibungen durchf\u00fchrt. Als pro familia die 40-Tage-f\u00fcr-das-Leben Gruppe aufforderte auf die andere Stra\u00dfenseite zu wechseln, kam die Gruppe um Vojnovi\u0107 dieser Bitte nach. Daraufhin trennte eine vierspurige Stra\u00dfe die Beter von dem Geb\u00e4ude.<\/p><p>Auch als die Polizei vorbeikam, stellte sie keine Verst\u00f6\u00dfe gegen geltendes Recht fest. Nichtsdestotrotz verlangte <em>pro familia<\/em> die Verbannung der Versammlungen au\u00dfer H\u00f6r- und Sichtweite. Dem folge die Stadt Pforzheim 2019 und wies den Betern f\u00fcr Frauen in Not und ihre ungeborenen Kinder einen abgelegenen Platz jenseits einer stark befahrenen Kreuzung zweier Hauptverkehrsstra\u00dfen zu.<\/p><p>Im vergangenen Jahr hatte die Vorinstanz die Auflagen f\u00fcr zul\u00e4ssig erkl\u00e4rt. Der Verwaltungsgerichtshof Mannheim entschied jetzt im Berufungsverfahren, dass es rechtswidrig war, die friedliche Versammlung aus der N\u00e4he von <em>pro familia<\/em> zu verbannen, da keine Gefahr f\u00fcr die \u00f6ffentliche Sicherheit von der Versammlung ausging.<\/p><p>Der Gerichtshof betonte: \u201eDabei ist die besondere Bedeutung der \u2026 gesch\u00fctzten Versammlungsfreiheit zu beachten, die als Freiheit zur kollektiven Meinungs-kundgabe auch und vor allem andersdenkenden Minderheiten zugutekommt, f\u00fcr eine freiheitlich demokratische Staatsordnung konstituierend ist und insbesondere das Selbstbestimmungsrecht \u00fcber die Durchf\u00fchrung der Versammlung als Aufzug, die Auswahl des Ortes und die Bestimmung der sonstigen Modalit\u00e4ten der Versammlung umfasst\u201c.<\/p><p>\u201eWir begr\u00fc\u00dfen das Urteil, dass die Versammlungs- und andere fundamentale Freiheiten st\u00e4rkt. Die Entscheidung des Gerichthofs ist ein Erfolg nicht nur f\u00fcr Pavica Vojnovi\u0107 und ihre Gebetsgruppe, sondern f\u00fcr alle, die sich f\u00fcr den Schutz der grundlegenden Menschenrechte einsetzen. \u201c sagte <a href=\"https:\/\/adfinternational.org\/de\/lidia-rieder\">Lidia Rieder, Juristin bei ADF International<\/a>, die Vojnovi\u0107s Fall unterst\u00fctzte.<\/p><p><strong>Zensurzonen bedrohen Freiheitsrechte in ganz Europa<\/strong><\/p><p>Im Vereinigten K\u00f6nigreich sorgte vor kurzem die Bestrafung einer 76-j\u00e4hrigen Gro\u00dfmutter f\u00fcr Aufsehen. Rosa Lalor sollte dort eine Geldstrafe bezahlen, weil sie in der N\u00e4he einer Abtreibungseinrichtung gebetet hatte. Nach einem langwierigen Rechtsstreit lie\u00df die Staatsanwaltschaft die Anklage fallen.<\/p><p>&#8222;\u00c4u\u00dferungen zum Schutz des ungeborenen Lebens zu unterbinden, geh\u00f6rt leider in Deutschland und anderen L\u00e4ndern zur aktuellen politischen Agenda. Wenn der Staat aber stilles Gebet an bestimmten Orten verbietet, und ohne rechtfertigenden Grund in die innerste Freiheitssph\u00e4re der B\u00fcrger eingreift, ist dies nicht hinnehmbar. Wir begr\u00fc\u00dfen, dass der VGH Mannheim sich eindeutig positioniert und die von der Stadt Pforzheim verh\u00e4ngte Auflage f\u00fcr rechtswidrig erkl\u00e4rt hat&#8220;, sagte Felix B\u00f6llmann, Senior Counsel von ADF International.<\/p>\t\t\t\t\t\t\t\t<\/div>\n\t\t\t\t<\/div>\n\t\t\t\t<div class=\"elementor-element elementor-element-0702bff elementor-widget elementor-widget-text-editor\" data-id=\"0702bff\" data-element_type=\"widget\" data-e-type=\"widget\" data-widget_type=\"text-editor.default\">\n\t\t\t\t<div class=\"elementor-widget-container\">\n\t\t\t\t\t\t\t\t\tFotos d\u00fcrfen im Zusammenhang mit der Berichterstattung zu diesem Fall kostenlos verwendet werden.\t\t\t\t\t\t\t\t<\/div>\n\t\t\t\t<\/div>\n\t\t\t\t<div class=\"elementor-element elementor-element-a1c4475 elementor-widget-divider--view-line elementor-widget elementor-widget-divider\" data-id=\"a1c4475\" data-element_type=\"widget\" data-e-type=\"widget\" data-widget_type=\"divider.default\">\n\t\t\t\t<div class=\"elementor-widget-container\">\n\t\t\t\t\t\t\t<div class=\"elementor-divider\">\n\t\t\t<span class=\"elementor-divider-separator\">\n\t\t\t\t\t\t<\/span>\n\t\t<\/div>\n\t\t\t\t\t\t<\/div>\n\t\t\t\t<\/div>\n\t\t\t\t<div class=\"elementor-element elementor-element-ee1df15 elementor-widget elementor-widget-gallery\" data-id=\"ee1df15\" data-element_type=\"widget\" data-e-type=\"widget\" data-settings=\"{&quot;lazyload&quot;:&quot;yes&quot;,&quot;gallery_layout&quot;:&quot;grid&quot;,&quot;columns&quot;:4,&quot;columns_tablet&quot;:2,&quot;columns_mobile&quot;:1,&quot;gap&quot;:{&quot;unit&quot;:&quot;px&quot;,&quot;size&quot;:10,&quot;sizes&quot;:[]},&quot;gap_tablet&quot;:{&quot;unit&quot;:&quot;px&quot;,&quot;size&quot;:10,&quot;sizes&quot;:[]},&quot;gap_mobile&quot;:{&quot;unit&quot;:&quot;px&quot;,&quot;size&quot;:10,&quot;sizes&quot;:[]},&quot;link_to&quot;:&quot;file&quot;,&quot;aspect_ratio&quot;:&quot;3:2&quot;,&quot;overlay_background&quot;:&quot;yes&quot;,&quot;content_hover_animation&quot;:&quot;fade-in&quot;}\" data-widget_type=\"gallery.default\">\n\t\t\t\t<div class=\"elementor-widget-container\">\n\t\t\t\t\t\t\t<div class=\"elementor-gallery__container\">\n\t\t\t\t\t\t\t<a class=\"e-gallery-item elementor-gallery-item elementor-animated-content\" href=\"https:\/\/adfinternational.org\/wp-content\/uploads\/2022\/08\/Felix-Boellmann_headshot.png\" data-elementor-open-lightbox=\"yes\" data-elementor-lightbox-slideshow=\"ee1df15\" data-elementor-lightbox-title=\"Felix Boellmann Headshot\" data-e-action-hash=\"#elementor-action%3Aaction%3Dlightbox%26settings%3DeyJpZCI6OTc1MCwidXJsIjoiaHR0cHM6XC9cL2FkZmludGVybmF0aW9uYWwub3JnXC93cC1jb250ZW50XC91cGxvYWRzXC8yMDIyXC8wOFwvRmVsaXgtQm9lbGxtYW5uX2hlYWRzaG90LnBuZyIsInNsaWRlc2hvdyI6ImVlMWRmMTUifQ%3D%3D\">\n\t\t\t\t\t<div class=\"e-gallery-image elementor-gallery-item__image\" data-thumbnail=\"https:\/\/adfinternational.org\/wp-content\/uploads\/2022\/08\/Felix-Boellmann_headshot.png\" data-width=\"400\" data-height=\"400\" aria-label=\"Dr. Felix Boellmann\" role=\"img\" ><\/div>\n\t\t\t\t\t\t\t\t\t\t\t<div class=\"elementor-gallery-item__overlay\"><\/div>\n\t\t\t\t\t\t\t\t\t\t\t\t\t\t<\/a>\n\t\t\t\t\t\t\t<a class=\"e-gallery-item elementor-gallery-item elementor-animated-content\" href=\"https:\/\/adfinternational.org\/wp-content\/uploads\/2021\/05\/Lidia_Reider_480x400px_2-copy.png\" data-elementor-open-lightbox=\"yes\" data-elementor-lightbox-slideshow=\"ee1df15\" data-elementor-lightbox-title=\"Lidia_Reider\" data-e-action-hash=\"#elementor-action%3Aaction%3Dlightbox%26settings%3DeyJpZCI6MzcyLCJ1cmwiOiJodHRwczpcL1wvYWRmaW50ZXJuYXRpb25hbC5vcmdcL3dwLWNvbnRlbnRcL3VwbG9hZHNcLzIwMjFcLzA1XC9MaWRpYV9SZWlkZXJfNDgweDQwMHB4XzItY29weS5wbmciLCJzbGlkZXNob3ciOiJlZTFkZjE1In0%3D\">\n\t\t\t\t\t<div class=\"e-gallery-image elementor-gallery-item__image\" data-thumbnail=\"https:\/\/adfinternational.org\/wp-content\/uploads\/2021\/05\/Lidia_Reider_480x400px_2-copy.png\" data-width=\"400\" data-height=\"400\" aria-label=\"Lidia Rieder\" role=\"img\" ><\/div>\n\t\t\t\t\t\t\t\t\t\t\t<div class=\"elementor-gallery-item__overlay\"><\/div>\n\t\t\t\t\t\t\t\t\t\t\t\t\t\t<\/a>\n\t\t\t\t\t\t\t<a class=\"e-gallery-item elementor-gallery-item elementor-animated-content\" href=\"https:\/\/adfinternational.org\/wp-content\/uploads\/2022\/05\/MicrosoftTeams-image-4.jpg\" data-elementor-open-lightbox=\"yes\" data-elementor-lightbox-slideshow=\"ee1df15\" data-elementor-lightbox-title=\"Pavica Vojnovic, 40 Days for Life group in Pforzheim, Germany.\" data-e-action-hash=\"#elementor-action%3Aaction%3Dlightbox%26settings%3DeyJpZCI6ODAwMSwidXJsIjoiaHR0cHM6XC9cL2FkZmludGVybmF0aW9uYWwub3JnXC93cC1jb250ZW50XC91cGxvYWRzXC8yMDIyXC8wNVwvTWljcm9zb2Z0VGVhbXMtaW1hZ2UtNC5qcGciLCJzbGlkZXNob3ciOiJlZTFkZjE1In0%3D\">\n\t\t\t\t\t<div class=\"e-gallery-image elementor-gallery-item__image\" data-thumbnail=\"https:\/\/adfinternational.org\/wp-content\/uploads\/2022\/05\/MicrosoftTeams-image-4.jpg\" data-width=\"2400\" data-height=\"1600\" aria-label=\"\" role=\"img\" ><\/div>\n\t\t\t\t\t\t\t\t\t\t\t<div class=\"elementor-gallery-item__overlay\"><\/div>\n\t\t\t\t\t\t\t\t\t\t\t\t\t\t<\/a>\n\t\t\t\t\t\t\t<a class=\"e-gallery-item elementor-gallery-item elementor-animated-content\" href=\"https:\/\/adfinternational.org\/wp-content\/uploads\/2021\/05\/case_gallarie01.jpg\" data-elementor-open-lightbox=\"yes\" data-elementor-lightbox-slideshow=\"ee1df15\" data-elementor-lightbox-title=\"case_gallarie01\" data-e-action-hash=\"#elementor-action%3Aaction%3Dlightbox%26settings%3DeyJpZCI6MTc5LCJ1cmwiOiJodHRwczpcL1wvYWRmaW50ZXJuYXRpb25hbC5vcmdcL3dwLWNvbnRlbnRcL3VwbG9hZHNcLzIwMjFcLzA1XC9jYXNlX2dhbGxhcmllMDEuanBnIiwic2xpZGVzaG93IjoiZWUxZGYxNSJ9\">\n\t\t\t\t\t<div class=\"e-gallery-image elementor-gallery-item__image\" data-thumbnail=\"https:\/\/adfinternational.org\/wp-content\/uploads\/2021\/05\/case_gallarie01.jpg\" data-width=\"1500\" data-height=\"1000\" aria-label=\"\" role=\"img\" ><\/div>\n\t\t\t\t\t\t\t\t\t\t\t<div class=\"elementor-gallery-item__overlay\"><\/div>\n\t\t\t\t\t\t\t\t\t\t\t\t\t\t<\/a>\n\t\t\t\t\t\t\t<a class=\"e-gallery-item elementor-gallery-item elementor-animated-content\" href=\"https:\/\/adfinternational.org\/wp-content\/uploads\/2021\/05\/case_videovorschau.jpg\" data-elementor-open-lightbox=\"yes\" data-elementor-lightbox-slideshow=\"ee1df15\" data-elementor-lightbox-title=\"case_videovorschau\" data-e-action-hash=\"#elementor-action%3Aaction%3Dlightbox%26settings%3DeyJpZCI6MTM0LCJ1cmwiOiJodHRwczpcL1wvYWRmaW50ZXJuYXRpb25hbC5vcmdcL3dwLWNvbnRlbnRcL3VwbG9hZHNcLzIwMjFcLzA1XC9jYXNlX3ZpZGVvdm9yc2NoYXUuanBnIiwic2xpZGVzaG93IjoiZWUxZGYxNSJ9\">\n\t\t\t\t\t<div class=\"e-gallery-image elementor-gallery-item__image\" data-thumbnail=\"https:\/\/adfinternational.org\/wp-content\/uploads\/2021\/05\/case_videovorschau.jpg\" data-width=\"2000\" data-height=\"1322\" aria-label=\"Pavica and Felix\" role=\"img\" ><\/div>\n\t\t\t\t\t\t\t\t\t\t\t<div class=\"elementor-gallery-item__overlay\"><\/div>\n\t\t\t\t\t\t\t\t\t\t\t\t\t\t<\/a>\n\t\t\t\t\t\t\t<a class=\"e-gallery-item elementor-gallery-item elementor-animated-content\" href=\"https:\/\/adfinternational.org\/wp-content\/uploads\/2021\/07\/img_206-scaled.jpg\" data-elementor-open-lightbox=\"yes\" data-elementor-lightbox-slideshow=\"ee1df15\" data-elementor-lightbox-title=\"Pavica Vojnovic, 40 Days for Life group in Pforzheim, Germany.\" data-e-action-hash=\"#elementor-action%3Aaction%3Dlightbox%26settings%3DeyJpZCI6ODU5LCJ1cmwiOiJodHRwczpcL1wvYWRmaW50ZXJuYXRpb25hbC5vcmdcL3dwLWNvbnRlbnRcL3VwbG9hZHNcLzIwMjFcLzA3XC9pbWdfMjA2LXNjYWxlZC5qcGciLCJzbGlkZXNob3ciOiJlZTFkZjE1In0%3D\">\n\t\t\t\t\t<div class=\"e-gallery-image elementor-gallery-item__image\" data-thumbnail=\"https:\/\/adfinternational.org\/wp-content\/uploads\/2021\/07\/img_206-scaled.jpg\" data-width=\"1707\" data-height=\"2560\" aria-label=\"Pavica with umbrella\" role=\"img\" ><\/div>\n\t\t\t\t\t\t\t\t\t\t\t<div class=\"elementor-gallery-item__overlay\"><\/div>\n\t\t\t\t\t\t\t\t\t\t\t\t\t\t<\/a>\n\t\t\t\t\t\t\t<a class=\"e-gallery-item elementor-gallery-item elementor-animated-content\" href=\"https:\/\/adfinternational.org\/wp-content\/uploads\/2022\/08\/Pavica-outside-court-scaled.jpg\" data-elementor-open-lightbox=\"yes\" data-elementor-lightbox-slideshow=\"ee1df15\" data-elementor-lightbox-title=\"Pavica Outside Court\" data-e-action-hash=\"#elementor-action%3Aaction%3Dlightbox%26settings%3DeyJpZCI6OTgwMiwidXJsIjoiaHR0cHM6XC9cL2FkZmludGVybmF0aW9uYWwub3JnXC93cC1jb250ZW50XC91cGxvYWRzXC8yMDIyXC8wOFwvUGF2aWNhLW91dHNpZGUtY291cnQtc2NhbGVkLmpwZyIsInNsaWRlc2hvdyI6ImVlMWRmMTUifQ%3D%3D\">\n\t\t\t\t\t<div class=\"e-gallery-image elementor-gallery-item__image\" data-thumbnail=\"https:\/\/adfinternational.org\/wp-content\/uploads\/2022\/08\/Pavica-outside-court-scaled.jpg\" data-width=\"2560\" data-height=\"1920\" aria-label=\"Pavica outside of the court\" role=\"img\" ><\/div>\n\t\t\t\t\t\t\t\t\t\t\t<div class=\"elementor-gallery-item__overlay\"><\/div>\n\t\t\t\t\t\t\t\t\t\t\t\t\t\t<\/a>\n\t\t\t\t\t\t\t<a class=\"e-gallery-item elementor-gallery-item elementor-animated-content\" href=\"https:\/\/adfinternational.org\/wp-content\/uploads\/2022\/08\/Pavica-and-lidia-scaled.jpg\" data-elementor-open-lightbox=\"yes\" data-elementor-lightbox-slideshow=\"ee1df15\" data-elementor-lightbox-title=\"Pavica And Lidia\" data-e-action-hash=\"#elementor-action%3Aaction%3Dlightbox%26settings%3DeyJpZCI6OTgwMCwidXJsIjoiaHR0cHM6XC9cL2FkZmludGVybmF0aW9uYWwub3JnXC93cC1jb250ZW50XC91cGxvYWRzXC8yMDIyXC8wOFwvUGF2aWNhLWFuZC1saWRpYS1zY2FsZWQuanBnIiwic2xpZGVzaG93IjoiZWUxZGYxNSJ9\">\n\t\t\t\t\t<div class=\"e-gallery-image elementor-gallery-item__image\" data-thumbnail=\"https:\/\/adfinternational.org\/wp-content\/uploads\/2022\/08\/Pavica-and-lidia-scaled.jpg\" data-width=\"1920\" data-height=\"2560\" aria-label=\"Pavica with Lidia Rieder\" role=\"img\" ><\/div>\n\t\t\t\t\t\t\t\t\t\t\t<div class=\"elementor-gallery-item__overlay\"><\/div>\n\t\t\t\t\t\t\t\t\t\t\t\t\t\t<\/a>\n\t\t\t\t\t<\/div>\n\t\t\t\t\t<\/div>\n\t\t\t\t<\/div>\n\t\t\t\t\t<\/div>\n\t\t<\/div>\n\t\t\t\t\t<\/div>\n\t\t<\/section>\n\t\t\t\t<\/div>\n\t\t","protected":false},"excerpt":{"rendered":"<p>\u201eJedes menschliche Leben ist wertvoll und verdient Schutz. Ich freue mich, dass wir unser Gebet zur Unterst\u00fctzung von Frauen und ihren ungeborenen Kindern wieder aufnehmen k\u00f6nnen, und zwar dort, wo es aus unserer Sicht am meisten Sinn macht. Ich bin sehr erleichtert, dass das Gericht unser Recht auf Versammlungs-, Religions- und Meinungsfreiheit best\u00e4tigt hat\u201c, sagte Pavica Vojnovi\u0107<\/p>\n","protected":false},"author":44,"featured_media":9810,"comment_status":"closed","ping_status":"closed","sticky":false,"template":"","format":"standard","meta":{"_acf_changed":false,"give_campaign_id":0,"footnotes":""},"categories":[434],"tags":[949,421,583],"class_list":["post-9872","post","type-post","status-publish","format-standard","has-post-thumbnail","hentry","category-news","tag-de","tag-news","tag-pavica-2"],"acf":[],"yoast_head":"<!-- This site is optimized with the Yoast SEO Premium plugin v27.4 (Yoast SEO v27.4) - https:\/\/yoast.com\/product\/yoast-seo-premium-wordpress\/ -->\n<title>\u201e40 Tage f\u00fcr das Leben\u201c begr\u00fc\u00dft Gerichtsurteil - ADF International<\/title>\n<meta name=\"description\" content=\"Die stillen Gebetsversammlungen in der N\u00e4he einer Abtreibungsberatungsstelle durften nicht verboten werden, entschied der Verwaltungsgerichtshof Mannheim.\" \/>\n<meta name=\"robots\" content=\"index, follow, max-snippet:-1, max-image-preview:large, max-video-preview:-1\" \/>\n<link rel=\"canonical\" href=\"https:\/\/adfinternational.org\/de\/news\/gruppe-begruesst-gerichtsurteil\" \/>\n<meta property=\"og:locale\" content=\"de_DE\" \/>\n<meta property=\"og:type\" content=\"article\" \/>\n<meta property=\"og:title\" content=\"\u201e40 Tage f\u00fcr das Leben\u201c \u2013 Gruppe begr\u00fc\u00dft Gerichtsurteil zugunsten des Rechts auf Versammlungs- und Religionsfreiheit in der N\u00e4he einer Abtreibungsberatungsstelle\" \/>\n<meta property=\"og:description\" content=\"Die stillen Gebetsversammlungen in der N\u00e4he einer Abtreibungsberatungsstelle durften nicht verboten werden, entschied der Verwaltungsgerichtshof Mannheim.\" \/>\n<meta property=\"og:url\" content=\"https:\/\/adfinternational.org\/de\/news\/gruppe-begruesst-gerichtsurteil\" \/>\n<meta property=\"og:site_name\" content=\"ADF International\" \/>\n<meta property=\"article:publisher\" content=\"https:\/\/facebook.com\/adfinternational\" \/>\n<meta property=\"article:published_time\" content=\"2022-08-31T13:30:13+00:00\" \/>\n<meta property=\"article:modified_time\" content=\"2024-04-05T12:55:54+00:00\" \/>\n<meta property=\"og:image\" content=\"https:\/\/adfinternational.org\/wp-content\/uploads\/2022\/08\/Pavica-outside-court-1-scaled.jpg\" \/>\n\t<meta property=\"og:image:width\" content=\"2560\" \/>\n\t<meta property=\"og:image:height\" content=\"1920\" \/>\n\t<meta property=\"og:image:type\" content=\"image\/jpeg\" \/>\n<meta name=\"author\" content=\"Philipp Bues\" \/>\n<meta name=\"twitter:card\" content=\"summary_large_image\" \/>\n<meta name=\"twitter:title\" content=\"\u201e40 Tage f\u00fcr das Leben\u201c \u2013 Gruppe begr\u00fc\u00dft Gerichtsurteil zugunsten des Rechts auf Versammlungs- und Religionsfreiheit in der N\u00e4he einer Abtreibungsberatungsstelle\" \/>\n<meta name=\"twitter:description\" content=\"Die stillen Gebetsversammlungen in der N\u00e4he einer Abtreibungsberatungsstelle durften nicht verboten werden, entschied der Verwaltungsgerichtshof Mannheim.\" \/>\n<meta name=\"twitter:image\" content=\"https:\/\/adfinternational.org\/wp-content\/uploads\/2022\/08\/Pavica-outside-court-1-scaled.jpg\" \/>\n<meta name=\"twitter:creator\" content=\"@adfintl\" \/>\n<meta name=\"twitter:site\" content=\"@adfintl\" \/>\n<meta name=\"twitter:label1\" content=\"Verfasst von\" \/>\n\t<meta name=\"twitter:data1\" content=\"Philipp Bues\" \/>\n\t<meta name=\"twitter:label2\" content=\"Gesch\u00e4tzte Lesezeit\" \/>\n\t<meta name=\"twitter:data2\" content=\"4 Minuten\" \/>\n<script type=\"application\/ld+json\" class=\"yoast-schema-graph\">{\"@context\":\"https:\\\/\\\/schema.org\",\"@graph\":[{\"@type\":\"Article\",\"@id\":\"https:\\\/\\\/adfinternational.org\\\/de\\\/news\\\/gruppe-begruesst-gerichtsurteil#article\",\"isPartOf\":{\"@id\":\"https:\\\/\\\/adfinternational.org\\\/de\\\/news\\\/gruppe-begruesst-gerichtsurteil\"},\"author\":{\"name\":\"Philipp Bues\",\"@id\":\"https:\\\/\\\/adfinternational.org\\\/de\\\/#\\\/schema\\\/person\\\/6b776fc8535453c6aad8a6f9d78e6141\"},\"headline\":\"\u201e40 Tage f\u00fcr das Leben\u201c \u2013 Gruppe begr\u00fc\u00dft Gerichtsurteil zugunsten des Rechts auf Versammlungs- und Religionsfreiheit in der N\u00e4he einer Abtreibungsberatungsstelle\",\"datePublished\":\"2022-08-31T13:30:13+00:00\",\"dateModified\":\"2024-04-05T12:55:54+00:00\",\"mainEntityOfPage\":{\"@id\":\"https:\\\/\\\/adfinternational.org\\\/de\\\/news\\\/gruppe-begruesst-gerichtsurteil\"},\"wordCount\":616,\"publisher\":{\"@id\":\"https:\\\/\\\/adfinternational.org\\\/de\\\/#organization\"},\"image\":{\"@id\":\"https:\\\/\\\/adfinternational.org\\\/de\\\/news\\\/gruppe-begruesst-gerichtsurteil#primaryimage\"},\"thumbnailUrl\":\"https:\\\/\\\/adfinternational.org\\\/wp-content\\\/uploads\\\/2022\\\/08\\\/Pavica-outside-court-1-scaled.jpg\",\"keywords\":[\"DE\",\"News\",\"Pavica\"],\"articleSection\":[\"News\"],\"inLanguage\":\"de-DE\"},{\"@type\":\"WebPage\",\"@id\":\"https:\\\/\\\/adfinternational.org\\\/de\\\/news\\\/gruppe-begruesst-gerichtsurteil\",\"url\":\"https:\\\/\\\/adfinternational.org\\\/de\\\/news\\\/gruppe-begruesst-gerichtsurteil\",\"name\":\"\u201e40 Tage f\u00fcr das Leben\u201c begr\u00fc\u00dft Gerichtsurteil - ADF International\",\"isPartOf\":{\"@id\":\"https:\\\/\\\/adfinternational.org\\\/de\\\/#website\"},\"primaryImageOfPage\":{\"@id\":\"https:\\\/\\\/adfinternational.org\\\/de\\\/news\\\/gruppe-begruesst-gerichtsurteil#primaryimage\"},\"image\":{\"@id\":\"https:\\\/\\\/adfinternational.org\\\/de\\\/news\\\/gruppe-begruesst-gerichtsurteil#primaryimage\"},\"thumbnailUrl\":\"https:\\\/\\\/adfinternational.org\\\/wp-content\\\/uploads\\\/2022\\\/08\\\/Pavica-outside-court-1-scaled.jpg\",\"datePublished\":\"2022-08-31T13:30:13+00:00\",\"dateModified\":\"2024-04-05T12:55:54+00:00\",\"description\":\"Die stillen Gebetsversammlungen in der N\u00e4he einer Abtreibungsberatungsstelle durften nicht verboten werden, entschied der Verwaltungsgerichtshof Mannheim.\",\"breadcrumb\":{\"@id\":\"https:\\\/\\\/adfinternational.org\\\/de\\\/news\\\/gruppe-begruesst-gerichtsurteil#breadcrumb\"},\"inLanguage\":\"de-DE\",\"potentialAction\":[{\"@type\":\"ReadAction\",\"target\":[\"https:\\\/\\\/adfinternational.org\\\/de\\\/news\\\/gruppe-begruesst-gerichtsurteil\"]}]},{\"@type\":\"ImageObject\",\"inLanguage\":\"de-DE\",\"@id\":\"https:\\\/\\\/adfinternational.org\\\/de\\\/news\\\/gruppe-begruesst-gerichtsurteil#primaryimage\",\"url\":\"https:\\\/\\\/adfinternational.org\\\/wp-content\\\/uploads\\\/2022\\\/08\\\/Pavica-outside-court-1-scaled.jpg\",\"contentUrl\":\"https:\\\/\\\/adfinternational.org\\\/wp-content\\\/uploads\\\/2022\\\/08\\\/Pavica-outside-court-1-scaled.jpg\",\"width\":2560,\"height\":1920,\"caption\":\"Pavica vor Gericht\"},{\"@type\":\"BreadcrumbList\",\"@id\":\"https:\\\/\\\/adfinternational.org\\\/de\\\/news\\\/gruppe-begruesst-gerichtsurteil#breadcrumb\",\"itemListElement\":[{\"@type\":\"ListItem\",\"position\":1,\"name\":\"Home\",\"item\":\"https:\\\/\\\/adfinternational.org\\\/de\"},{\"@type\":\"ListItem\",\"position\":2,\"name\":\"\u201e40 Tage f\u00fcr das Leben\u201c \u2013 Gruppe begr\u00fc\u00dft Gerichtsurteil zugunsten des Rechts auf Versammlungs- und Religionsfreiheit in der N\u00e4he einer Abtreibungsberatungsstelle\"}]},{\"@type\":\"WebSite\",\"@id\":\"https:\\\/\\\/adfinternational.org\\\/de\\\/#website\",\"url\":\"https:\\\/\\\/adfinternational.org\\\/de\\\/\",\"name\":\"ADF International\",\"description\":\"Protecting Fundamental Freedoms. Promoting Inherent Dignity.\",\"publisher\":{\"@id\":\"https:\\\/\\\/adfinternational.org\\\/de\\\/#organization\"},\"potentialAction\":[{\"@type\":\"SearchAction\",\"target\":{\"@type\":\"EntryPoint\",\"urlTemplate\":\"https:\\\/\\\/adfinternational.org\\\/de\\\/?s={search_term_string}\"},\"query-input\":{\"@type\":\"PropertyValueSpecification\",\"valueRequired\":true,\"valueName\":\"search_term_string\"}}],\"inLanguage\":\"de-DE\"},{\"@type\":\"Organization\",\"@id\":\"https:\\\/\\\/adfinternational.org\\\/de\\\/#organization\",\"name\":\"Alliance Defending Freedom International\",\"url\":\"https:\\\/\\\/adfinternational.org\\\/de\\\/\",\"logo\":{\"@type\":\"ImageObject\",\"inLanguage\":\"de-DE\",\"@id\":\"https:\\\/\\\/adfinternational.org\\\/de\\\/#\\\/schema\\\/logo\\\/image\\\/\",\"url\":\"https:\\\/\\\/adfinternational.org\\\/wp-content\\\/uploads\\\/2021\\\/08\\\/ADF_Intl_R_RGB_175px.png\",\"contentUrl\":\"https:\\\/\\\/adfinternational.org\\\/wp-content\\\/uploads\\\/2021\\\/08\\\/ADF_Intl_R_RGB_175px.png\",\"width\":175,\"height\":106,\"caption\":\"Alliance Defending Freedom International\"},\"image\":{\"@id\":\"https:\\\/\\\/adfinternational.org\\\/de\\\/#\\\/schema\\\/logo\\\/image\\\/\"},\"sameAs\":[\"https:\\\/\\\/facebook.com\\\/adfinternational\",\"https:\\\/\\\/x.com\\\/adfintl\",\"https:\\\/\\\/www.linkedin.com\\\/company\\\/adfinternational\",\"https:\\\/\\\/www.instagram.com\\\/adfinternational\\\/\"]},{\"@type\":\"Person\",\"@id\":\"https:\\\/\\\/adfinternational.org\\\/de\\\/#\\\/schema\\\/person\\\/6b776fc8535453c6aad8a6f9d78e6141\",\"name\":\"Philipp Bues\",\"image\":{\"@type\":\"ImageObject\",\"inLanguage\":\"de-DE\",\"@id\":\"https:\\\/\\\/adfinternational.org\\\/wp-content\\\/uploads\\\/2025\\\/02\\\/Philipp-Bues-Headshot-150x150.jpg\",\"url\":\"https:\\\/\\\/adfinternational.org\\\/wp-content\\\/uploads\\\/2025\\\/02\\\/Philipp-Bues-Headshot-150x150.jpg\",\"contentUrl\":\"https:\\\/\\\/adfinternational.org\\\/wp-content\\\/uploads\\\/2025\\\/02\\\/Philipp-Bues-Headshot-150x150.jpg\",\"caption\":\"Philipp Bues\"},\"url\":\"https:\\\/\\\/adfinternational.org\\\/de\\\/author\\\/pbuesadfinternational-org\"}]}<\/script>\n<!-- \/ Yoast SEO Premium plugin. -->","yoast_head_json":{"title":"\u201e40 Tage f\u00fcr das Leben\u201c begr\u00fc\u00dft Gerichtsurteil - ADF International","description":"Die stillen Gebetsversammlungen in der N\u00e4he einer Abtreibungsberatungsstelle durften nicht verboten werden, entschied der Verwaltungsgerichtshof Mannheim.","robots":{"index":"index","follow":"follow","max-snippet":"max-snippet:-1","max-image-preview":"max-image-preview:large","max-video-preview":"max-video-preview:-1"},"canonical":"https:\/\/adfinternational.org\/de\/news\/gruppe-begruesst-gerichtsurteil","og_locale":"de_DE","og_type":"article","og_title":"\u201e40 Tage f\u00fcr das Leben\u201c \u2013 Gruppe begr\u00fc\u00dft Gerichtsurteil zugunsten des Rechts auf Versammlungs- und Religionsfreiheit in der N\u00e4he einer Abtreibungsberatungsstelle","og_description":"Die stillen Gebetsversammlungen in der N\u00e4he einer Abtreibungsberatungsstelle durften nicht verboten werden, entschied der Verwaltungsgerichtshof Mannheim.","og_url":"https:\/\/adfinternational.org\/de\/news\/gruppe-begruesst-gerichtsurteil","og_site_name":"ADF International","article_publisher":"https:\/\/facebook.com\/adfinternational","article_published_time":"2022-08-31T13:30:13+00:00","article_modified_time":"2024-04-05T12:55:54+00:00","og_image":[{"width":2560,"height":1920,"url":"https:\/\/adfinternational.org\/wp-content\/uploads\/2022\/08\/Pavica-outside-court-1-scaled.jpg","type":"image\/jpeg"}],"author":"Philipp Bues","twitter_card":"summary_large_image","twitter_title":"\u201e40 Tage f\u00fcr das Leben\u201c \u2013 Gruppe begr\u00fc\u00dft Gerichtsurteil zugunsten des Rechts auf Versammlungs- und Religionsfreiheit in der N\u00e4he einer Abtreibungsberatungsstelle","twitter_description":"Die stillen Gebetsversammlungen in der N\u00e4he einer Abtreibungsberatungsstelle durften nicht verboten werden, entschied der Verwaltungsgerichtshof Mannheim.","twitter_image":"https:\/\/adfinternational.org\/wp-content\/uploads\/2022\/08\/Pavica-outside-court-1-scaled.jpg","twitter_creator":"@adfintl","twitter_site":"@adfintl","twitter_misc":{"Verfasst von":"Philipp Bues","Gesch\u00e4tzte Lesezeit":"4 Minuten"},"schema":{"@context":"https:\/\/schema.org","@graph":[{"@type":"Article","@id":"https:\/\/adfinternational.org\/de\/news\/gruppe-begruesst-gerichtsurteil#article","isPartOf":{"@id":"https:\/\/adfinternational.org\/de\/news\/gruppe-begruesst-gerichtsurteil"},"author":{"name":"Philipp Bues","@id":"https:\/\/adfinternational.org\/de\/#\/schema\/person\/6b776fc8535453c6aad8a6f9d78e6141"},"headline":"\u201e40 Tage f\u00fcr das Leben\u201c \u2013 Gruppe begr\u00fc\u00dft Gerichtsurteil zugunsten des Rechts auf Versammlungs- und Religionsfreiheit in der N\u00e4he einer Abtreibungsberatungsstelle","datePublished":"2022-08-31T13:30:13+00:00","dateModified":"2024-04-05T12:55:54+00:00","mainEntityOfPage":{"@id":"https:\/\/adfinternational.org\/de\/news\/gruppe-begruesst-gerichtsurteil"},"wordCount":616,"publisher":{"@id":"https:\/\/adfinternational.org\/de\/#organization"},"image":{"@id":"https:\/\/adfinternational.org\/de\/news\/gruppe-begruesst-gerichtsurteil#primaryimage"},"thumbnailUrl":"https:\/\/adfinternational.org\/wp-content\/uploads\/2022\/08\/Pavica-outside-court-1-scaled.jpg","keywords":["DE","News","Pavica"],"articleSection":["News"],"inLanguage":"de-DE"},{"@type":"WebPage","@id":"https:\/\/adfinternational.org\/de\/news\/gruppe-begruesst-gerichtsurteil","url":"https:\/\/adfinternational.org\/de\/news\/gruppe-begruesst-gerichtsurteil","name":"\u201e40 Tage f\u00fcr das Leben\u201c begr\u00fc\u00dft Gerichtsurteil - ADF International","isPartOf":{"@id":"https:\/\/adfinternational.org\/de\/#website"},"primaryImageOfPage":{"@id":"https:\/\/adfinternational.org\/de\/news\/gruppe-begruesst-gerichtsurteil#primaryimage"},"image":{"@id":"https:\/\/adfinternational.org\/de\/news\/gruppe-begruesst-gerichtsurteil#primaryimage"},"thumbnailUrl":"https:\/\/adfinternational.org\/wp-content\/uploads\/2022\/08\/Pavica-outside-court-1-scaled.jpg","datePublished":"2022-08-31T13:30:13+00:00","dateModified":"2024-04-05T12:55:54+00:00","description":"Die stillen Gebetsversammlungen in der N\u00e4he einer Abtreibungsberatungsstelle durften nicht verboten werden, entschied der Verwaltungsgerichtshof Mannheim.","breadcrumb":{"@id":"https:\/\/adfinternational.org\/de\/news\/gruppe-begruesst-gerichtsurteil#breadcrumb"},"inLanguage":"de-DE","potentialAction":[{"@type":"ReadAction","target":["https:\/\/adfinternational.org\/de\/news\/gruppe-begruesst-gerichtsurteil"]}]},{"@type":"ImageObject","inLanguage":"de-DE","@id":"https:\/\/adfinternational.org\/de\/news\/gruppe-begruesst-gerichtsurteil#primaryimage","url":"https:\/\/adfinternational.org\/wp-content\/uploads\/2022\/08\/Pavica-outside-court-1-scaled.jpg","contentUrl":"https:\/\/adfinternational.org\/wp-content\/uploads\/2022\/08\/Pavica-outside-court-1-scaled.jpg","width":2560,"height":1920,"caption":"Pavica vor Gericht"},{"@type":"BreadcrumbList","@id":"https:\/\/adfinternational.org\/de\/news\/gruppe-begruesst-gerichtsurteil#breadcrumb","itemListElement":[{"@type":"ListItem","position":1,"name":"Home","item":"https:\/\/adfinternational.org\/de"},{"@type":"ListItem","position":2,"name":"\u201e40 Tage f\u00fcr das Leben\u201c \u2013 Gruppe begr\u00fc\u00dft Gerichtsurteil zugunsten des Rechts auf Versammlungs- und Religionsfreiheit in der N\u00e4he einer Abtreibungsberatungsstelle"}]},{"@type":"WebSite","@id":"https:\/\/adfinternational.org\/de\/#website","url":"https:\/\/adfinternational.org\/de\/","name":"ADF International","description":"Protecting Fundamental Freedoms. Promoting Inherent Dignity.","publisher":{"@id":"https:\/\/adfinternational.org\/de\/#organization"},"potentialAction":[{"@type":"SearchAction","target":{"@type":"EntryPoint","urlTemplate":"https:\/\/adfinternational.org\/de\/?s={search_term_string}"},"query-input":{"@type":"PropertyValueSpecification","valueRequired":true,"valueName":"search_term_string"}}],"inLanguage":"de-DE"},{"@type":"Organization","@id":"https:\/\/adfinternational.org\/de\/#organization","name":"Alliance Defending Freedom International","url":"https:\/\/adfinternational.org\/de\/","logo":{"@type":"ImageObject","inLanguage":"de-DE","@id":"https:\/\/adfinternational.org\/de\/#\/schema\/logo\/image\/","url":"https:\/\/adfinternational.org\/wp-content\/uploads\/2021\/08\/ADF_Intl_R_RGB_175px.png","contentUrl":"https:\/\/adfinternational.org\/wp-content\/uploads\/2021\/08\/ADF_Intl_R_RGB_175px.png","width":175,"height":106,"caption":"Alliance Defending Freedom International"},"image":{"@id":"https:\/\/adfinternational.org\/de\/#\/schema\/logo\/image\/"},"sameAs":["https:\/\/facebook.com\/adfinternational","https:\/\/x.com\/adfintl","https:\/\/www.linkedin.com\/company\/adfinternational","https:\/\/www.instagram.com\/adfinternational\/"]},{"@type":"Person","@id":"https:\/\/adfinternational.org\/de\/#\/schema\/person\/6b776fc8535453c6aad8a6f9d78e6141","name":"Philipp Bues","image":{"@type":"ImageObject","inLanguage":"de-DE","@id":"https:\/\/adfinternational.org\/wp-content\/uploads\/2025\/02\/Philipp-Bues-Headshot-150x150.jpg","url":"https:\/\/adfinternational.org\/wp-content\/uploads\/2025\/02\/Philipp-Bues-Headshot-150x150.jpg","contentUrl":"https:\/\/adfinternational.org\/wp-content\/uploads\/2025\/02\/Philipp-Bues-Headshot-150x150.jpg","caption":"Philipp Bues"},"url":"https:\/\/adfinternational.org\/de\/author\/pbuesadfinternational-org"}]}},"_links":{"self":[{"href":"https:\/\/adfinternational.org\/de\/wp-json\/wp\/v2\/posts\/9872","targetHints":{"allow":["GET"]}}],"collection":[{"href":"https:\/\/adfinternational.org\/de\/wp-json\/wp\/v2\/posts"}],"about":[{"href":"https:\/\/adfinternational.org\/de\/wp-json\/wp\/v2\/types\/post"}],"author":[{"embeddable":true,"href":"https:\/\/adfinternational.org\/de\/wp-json\/wp\/v2\/users\/44"}],"replies":[{"embeddable":true,"href":"https:\/\/adfinternational.org\/de\/wp-json\/wp\/v2\/comments?post=9872"}],"version-history":[{"count":0,"href":"https:\/\/adfinternational.org\/de\/wp-json\/wp\/v2\/posts\/9872\/revisions"}],"wp:featuredmedia":[{"embeddable":true,"href":"https:\/\/adfinternational.org\/de\/wp-json\/wp\/v2\/media\/9810"}],"wp:attachment":[{"href":"https:\/\/adfinternational.org\/de\/wp-json\/wp\/v2\/media?parent=9872"}],"wp:term":[{"taxonomy":"category","embeddable":true,"href":"https:\/\/adfinternational.org\/de\/wp-json\/wp\/v2\/categories?post=9872"},{"taxonomy":"post_tag","embeddable":true,"href":"https:\/\/adfinternational.org\/de\/wp-json\/wp\/v2\/tags?post=9872"}],"curies":[{"name":"wp","href":"https:\/\/api.w.org\/{rel}","templated":true}]}}