{"id":18388,"date":"2023-08-30T06:37:38","date_gmt":"2023-08-30T05:37:38","guid":{"rendered":"https:\/\/adfinternational.org\/?p=18388"},"modified":"2026-05-19T15:26:00","modified_gmt":"2026-05-19T15:26:00","slug":"morgen-finnische-politikerin-wegen-bibel-tweet-vor-gericht","status":"publish","type":"press_release","link":"https:\/\/adfinternational.org\/de\/news\/morgen-finnische-politikerin-wegen-bibel-tweet-vor-gericht\/","title":{"rendered":"MORGEN: Finnische Politikerin wegen Bibel-Tweet vor Gericht\u00a0\u00a0"},"content":{"rendered":"<ul style=\"font-weight: 400;\">\n<li data-leveltext=\"\uf0b7\" data-font=\"Symbol\" data-listid=\"1\" data-list-defn-props=\"{&quot;335552541&quot;:1,&quot;335559684&quot;:-2,&quot;335559685&quot;:720,&quot;335559991&quot;:360,&quot;469769226&quot;:&quot;Symbol&quot;,&quot;469769242&quot;:[8226],&quot;469777803&quot;:&quot;left&quot;,&quot;469777804&quot;:&quot;\uf0b7&quot;,&quot;469777815&quot;:&quot;hybridMultilevel&quot;}\" aria-setsize=\"-1\" data-aria-posinset=\"1\" data-aria-level=\"1\">P\u00e4ivi R\u00e4s\u00e4nens Berufungsprozess wegen \u201eHassrede\u201c beginnt morgen am 31. August um 8:00 MESZ. ADF International bietet einen <a href=\"https:\/\/twitter.com\/ADFIntl\">Live-Tweet mit jeweils aktuellen Informationen<\/a> auf X (Twitter) an.\u00a0<\/li>\n<li data-leveltext=\"\uf0b7\" data-font=\"Symbol\" data-listid=\"1\" data-list-defn-props=\"{&quot;335552541&quot;:1,&quot;335559684&quot;:-2,&quot;335559685&quot;:720,&quot;335559991&quot;:360,&quot;469769226&quot;:&quot;Symbol&quot;,&quot;469769242&quot;:[8226],&quot;469777803&quot;:&quot;left&quot;,&quot;469777804&quot;:&quot;\uf0b7&quot;,&quot;469777815&quot;:&quot;hybridMultilevel&quot;}\" aria-setsize=\"-1\" data-aria-posinset=\"2\" data-aria-level=\"1\">Die ehemalige finnische Innenministerin ist trotz ihres Freispruchs letztes Jahr in drei Punkten strafrechtlich angeklagt, weil sie ihre Glaubens\u00fcberzeugungen \u00e4u\u00dferte; ADF International ist Teil ihrer rechtlichen Verteidigung.\u00a0\u00a0<\/li>\n<li data-leveltext=\"\uf0b7\" data-font=\"Symbol\" data-listid=\"3\" data-list-defn-props=\"{&quot;335552541&quot;:1,&quot;335559684&quot;:-2,&quot;335559685&quot;:720,&quot;335559991&quot;:360,&quot;469769226&quot;:&quot;Symbol&quot;,&quot;469769242&quot;:[8226],&quot;469777803&quot;:&quot;left&quot;,&quot;469777804&quot;:&quot;\uf0b7&quot;,&quot;469777815&quot;:&quot;hybridMultilevel&quot;}\" aria-setsize=\"-1\" data-aria-posinset=\"3\" data-aria-level=\"1\">R\u00e4s\u00e4nen steht auf einer von ADF International veranstalteten Online-Pressekonferenz am 1.9.23 um 17:00 Uhr MESZ f\u00fcr Fragen zur Verf\u00fcgung.\u00a0<\/li>\n<\/ul>\n<p><b>HELSINKI<\/b> (30. August 2023)\u00a0\u2013 \u00a0Morgen beginnt der Berufungsprozess gegen die finnische Parlamentsabgeordnete P\u00e4ivi R\u00e4s\u00e4nen und den Bischof Juhana Pohjola vor dem Berufungsgericht in Helsinki. Beide werden strafrechtlich wegen \u201eHassrede\u201c angeklagt, weil sie\u00a0 ihre Glaubens\u00fcberzeugungen zum Thema Ehe und Sexualit\u00e4t \u00f6ffentlich teilten.\u00a0\u00a0\u00a0<\/p>\n<p>R\u00e4s\u00e4nen, die ehemalige finnische Innenministerin, wurde 2021 angeklagt, weil sie in einem <a href=\"https:\/\/twitter.com\/PaiviRasanen\/status\/1140693636176384011\">Bibel-Tweet<\/a> und einer Radiodebatte im Jahr 2019, sowie in einer kirchlichen Brosch\u00fcre, die sie 2004 verfasste, ihre Glaubens\u00fcberzeugungen zu Ehe und Sexualit\u00e4t teilte. Auch der lutherische Bischof Juhana Pohjola steht vor Gericht. Er hatte R\u00e4s\u00e4nens Brosch\u00fcre f\u00fcr seine Gemeinde vor fast 20 Jahren ver\u00f6ffentlicht. Die Anklage f\u00e4llt unter den Abschnitt &#8222;Kriegsverbrechen und Verbrechen gegen die Menschlichkeit&#8220; des finnischen Strafgesetzbuchs.\u00a0<\/p>\n<p><b>Staatsanwaltschaft fordert hohe Geldstrafen und Zensur<\/b><\/p>\n<p>Gegen den einstimmigen Freispruch f\u00fcr R\u00e4s\u00e4nen am Bezirksgericht Helsinki im Jahr 2022 legte die Staatsanwaltschaft Berufung ein. Die Begr\u00fcndung damals: Das Gericht sei zu einem falschen Schluss gekommen. Das finnische Rechtssystem l\u00e4sst dies zu. Die Staatsanwaltschaft fordert jetzt wieder hohe Geldstrafen und die Zensur von R\u00e4s\u00e4nens Ver\u00f6ffentlichungen.\u00a0<\/p>\n<p>\u201cIn einer demokratischen Gesellschaft sollte jeder seine \u00dcberzeugungen frei \u00e4u\u00dfern k\u00f6nnen, ohne staatliche Verfolgung f\u00fcrchten zu m\u00fcssen. Die Kriminalisierung von \u00c4u\u00dferungen durch so genannte \u201aHassrede\u2018-Gesetze unterdr\u00fcckt wichtige \u00f6ffentliche Debatten und gef\u00e4hrdet die Demokratie. Die unerbittliche Verfolgung von P\u00e4ivi R\u00e4s\u00e4nen belastet sie nicht nur bereits seit vier Jahre, sondern bringt auch andere zum Schweigen. Staatliche Beh\u00f6rden haben kein Recht, Ideen zum Schweigen zu bringen, die ihnen missfallen. Deshalb geht es in diesem Fall nicht nur um P\u00e4ivi, sondern um das Recht aller, frei zu sprechen,\u201d sagte Paul Coleman, Gesch\u00e4ftsf\u00fchrer der Menschenrechtsorganisation ADF International, die R\u00e4s\u00e4nens Verteidigung unterst\u00fctzt.\u202f \u202f\u00a0 \u202f\u00a0\u00a0<\/p>\n<p><b>Prozess wegen eines Tweets\u00a0<\/b>\u00a0<\/p>\n<p>Die polizeilichen Ermittlungen gegen R\u00e4s\u00e4nen begannen im Juni 2019. R\u00e4s\u00e4nen &#8211; selbst Mitglied der finnisch-lutherischen Kirche \u2013 stellte in einem Tweet die offizielle Unterst\u00fctzung ihrer Kirchenleitung f\u00fcr die Helsinki Pride Parade 2019 in Frage. Dazu postete sie ein Foto mit Bibelversen aus dem ersten Kapitel des R\u00f6merbriefs.\u00a0<\/p>\n<p>Daf\u00fcr wurde sie \u00fcber mehrere Monate hinweg insgesamt 13 Stunden lang polizeilich verh\u00f6rt. Dabei forderte die Polizei sie auf, ihr Verst\u00e4ndnis der Bibel zu erkl\u00e4ren. Im April 2021 erhob die finnische Generalstaatsanwaltschaft drei Strafanzeigen gegen R\u00e4s\u00e4nen.\u00a0\u00a0\u00a0<\/p>\n<p>R\u00e4s\u00e4nen ist seit 1995 Mitglied des finnischen Parlaments, war von 2004 bis 2015 Vorsitzende der Christdemokraten und von 2011 bis 2015 als Innenministerin auch f\u00fcr die Kirchenangelegenheiten in Finnland zust\u00e4ndig.\u00a0<\/p>\n<p><b>Die Bibel auf dem Pr\u00fcfstand\u202f\u00a0<\/b>\u00a0<\/p>\n<p>Der Fall weckte weltweites Medieninteresse. Menschenrechtsexperten \u00e4u\u00dferten sich besorgt \u00fcber die Bedrohung der Meinungsfreiheit in Finnland und dar\u00fcber hinaus.\u202f\u00a0\u00a0<\/p>\n<p>W\u00e4hrend des ersten Prozesses im Fr\u00fchjahr 2022 griff die Staatsanwaltschaft grundlegende christliche Lehren an und nahm den Bischof zu seiner Theologie ins Kreuzverh\u00f6r. Eine Staatsanw\u00e4ltin zitierte Bibelverse aus dem Alten Testament und kritisierte das Sprichwort &#8222;Liebe den S\u00fcnder, hasse die S\u00fcnde&#8220;.\u00a0\u00a0\u00a0<\/p>\n<p>R\u00e4s\u00e4nens Verteidigung wird von der juristischen Menschenrechtsorganisation ADF International unterst\u00fctzt. Vor Gericht argumentierte die Verteidigung damals, dass eine Verurteilung R\u00e4s\u00e4nens eine schwerwiegende Verletzung der Menschenrechte darstellen und die Meinungsfreiheit in Finnland erheblich beeintr\u00e4chtigen w\u00fcrde. Im M\u00e4rz 2022 wies das Bezirksgericht alle Anklagen gegen R\u00e4s\u00e4nen und Pohjola ab und stellte fest, dass es \u201enicht Sache des Bezirksgerichts ist, biblische Begriffe auszulegen\u201c.\u00a0\u00a0<\/p>\n<p><b>Anmeldung zur Pressekonferenz\u00a0<\/b>\u00a0<\/p>\n<p>ADF International veranstaltet nach der Berufungsverhandlung am 1. September um 17:00 Uhr MESZ eine Pressekonferenz. Abgeordnete Dr. P\u00e4ivi R\u00e4s\u00e4nen, Bischof Juhana Pohjola, Paul Coleman, Gesch\u00e4ftsf\u00fchrer von ADF International, und der finnische Anwalt Matti Sankamo, werden nach einem kurzen Statement von R\u00e4s\u00e4nen f\u00fcr Fragen zur Verf\u00fcgung stehen. Bitte registrieren Sie sich hier: <a href=\"https:\/\/events.teams.microsoft.com\/event\/b7fc6903-6fc2-46fa-9af5-77b0b29de4f2@c88562dc-cf95-4155-b379-dd3ef818d3ff\">https:\/\/events.teams.microsoft.com\/event\/b7fc6903-6fc2-46fa-9af5-77b0b29de4f2@c88562dc-cf95-4155-b379-dd3ef818d3ff<\/a>\u00a0\u00a0\u00a0\u00a0\u00a0\u00a0<\/p>\n<p>Wenn Sie ein Interview mit R\u00e4s\u00e4nen und\/oder einem Mitglied ihres Verteidigungsteams von ADF International w\u00fcnschen, wenden Sie sich bitte an Sofia H\u00f6rder unter <a href=\"mailto:shoerder@adfinternational.org\">shoerder@adfinternational.org<\/a> \/ +43 676 362 5093<\/p>\n<p>\t\t\t\t\t\t\t<a href=\"https:\/\/adfinternational.org\/wp-content\/uploads\/2023\/03\/paivi-2023-smiling-_1_.webp\" data-elementor-open-lightbox=\"yes\" data-elementor-lightbox-slideshow=\"8753660\" data-elementor-lightbox-title=\"Paivi 2023 Smiling 1 \" data-e-action-hash=\"#elementor-action%3Aaction%3Dlightbox%26settings%3DeyJpZCI6MTU5ODgsInVybCI6Imh0dHBzOlwvXC9hZGZpbnRlcm5hdGlvbmFsLm9yZ1wvd3AtY29udGVudFwvdXBsb2Fkc1wvMjAyM1wvMDNcL3BhaXZpLTIwMjMtc21pbGluZy1fMV8ud2VicCIsInNsaWRlc2hvdyI6Ijg3NTM2NjAifQ%3D%3D\"><br \/>\n\t\t\t\t\t\t\t\t\t\t\t\t\t\t<\/a><br \/>\n\t\t\t\t\t\t\t<a href=\"https:\/\/adfinternational.org\/wp-content\/uploads\/2022\/01\/Paivi-and-Pohjola-2.jpeg\" data-elementor-open-lightbox=\"yes\" data-elementor-lightbox-slideshow=\"8753660\" data-elementor-lightbox-title=\"Paivi And Pohjola 2\" data-e-action-hash=\"#elementor-action%3Aaction%3Dlightbox%26settings%3DeyJpZCI6Mzg5NiwidXJsIjoiaHR0cHM6XC9cL2FkZmludGVybmF0aW9uYWwub3JnXC93cC1jb250ZW50XC91cGxvYWRzXC8yMDIyXC8wMVwvUGFpdmktYW5kLVBvaGpvbGEtMi5qcGVnIiwic2xpZGVzaG93IjoiODc1MzY2MCJ9\"><br \/>\n\t\t\t\t\t\t\t\t\t\t\t\t\t\t<\/a><\/p>\n","protected":false},"excerpt":{"rendered":"<p>P\u00e4ivi R\u00e4s\u00e4nens Berufungsprozess wegen &#8222;Hassrede&#8220; beginnt morgen, 31. August. R\u00e4s\u00e4nen steht auf einer Online-Pressekonferenz am 1.9.23 um 17:00 Uhr MESZ f\u00fcr Fragen zur Verf\u00fcgung <\/p>\n","protected":false},"author":0,"featured_media":38199,"template":"","meta":{"give_campaign_id":0,"pr_treatment":"warm"},"tags":[211,64,436,438,178,39,98,435],"class_list":["post-18388","press_release","type-press_release","status-publish","has-post-thumbnail","hentry","tag-coleman","tag-de","tag-ehe-und-familie","tag-globale-zensur","tag-meinungsfreiheit-de","tag-news-2","tag-paivi","tag-religionsfreiheit-de"],"press_release_related_tags":false,"press_release_related_campaign":false,"_links":{"self":[{"href":"https:\/\/adfinternational.org\/de\/wp-json\/wp\/v2\/press_release\/18388","targetHints":{"allow":["GET"]}}],"collection":[{"href":"https:\/\/adfinternational.org\/de\/wp-json\/wp\/v2\/press_release"}],"about":[{"href":"https:\/\/adfinternational.org\/de\/wp-json\/wp\/v2\/types\/press_release"}],"version-history":[{"count":0,"href":"https:\/\/adfinternational.org\/de\/wp-json\/wp\/v2\/press_release\/18388\/revisions"}],"wp:featuredmedia":[{"embeddable":true,"href":"https:\/\/adfinternational.org\/de\/wp-json\/wp\/v2\/media\/38199"}],"wp:attachment":[{"href":"https:\/\/adfinternational.org\/de\/wp-json\/wp\/v2\/media?parent=18388"}],"wp:term":[{"taxonomy":"post_tag","embeddable":true,"href":"https:\/\/adfinternational.org\/de\/wp-json\/wp\/v2\/tags?post=18388"}],"curies":[{"name":"wp","href":"https:\/\/api.w.org\/{rel}","templated":true}]}}