{"id":91693,"date":"2026-08-22T14:24:44","date_gmt":"2026-08-22T14:24:44","guid":{"rendered":"https:\/\/adfinternational.org\/?post_type=press_release&#038;p=91693"},"modified":"2026-08-24T15:25:00","modified_gmt":"2026-08-24T15:25:00","slug":"britischer-schlingerkurs-fruehere-innenministerin-erhaelt-einreisegenehmigung-zu-spaet","status":"publish","type":"press_release","link":"https:\/\/adfinternational.org\/de\/news\/britischer-schlingerkurs-fruehere-innenministerin-erhaelt-einreisegenehmigung-zu-spaet\/","title":{"rendered":"Britischer Schlingerkurs: Fr\u00fchere Innenministerin erh\u00e4lt Einreisegenehmigung zu sp\u00e4t"},"content":{"rendered":"\n<p class=\"wp-block-paragraph\"><strong>LONDON (22. August 2026)<\/strong> \u2014 Die finnische&nbsp;Abgeordnete und ehemalige&nbsp;Innenministerin P\u00e4ivi R\u00e4s\u00e4nen (Christdemokraten)&nbsp;darf&nbsp;nun doch&nbsp;nach&nbsp;Gro\u00dfbritannien&nbsp;einreisen.&nbsp;F\u00fcr ihre&nbsp;pers\u00f6nliche&nbsp;Teilnahme an&nbsp;einer Konferenz \u00fcber Religions- und Meinungsfreiheit&nbsp;vom 19. bis 21. August&nbsp;2026&nbsp;in Nordirland&nbsp;kam diese Entscheidung jedoch zu sp\u00e4t.&nbsp;&nbsp;<\/p>\n\n\n\n<p class=\"wp-block-paragraph\">In&nbsp;einer&nbsp;regelrechten&nbsp;Achterbahnfahrt hatten die britischen Beh\u00f6rden&nbsp;der bekennenden Christin&nbsp;zun\u00e4chst&nbsp;eine einfache Einreisegenehmigung (ETA)&nbsp;erteilt, im Juli&nbsp;dann&nbsp;allerdings&nbsp;widerrufen.&nbsp;R\u00e4s\u00e4nen&nbsp;hatte daraufhin ein offizielles Visum beantragt. Nachdem sie&nbsp;\u00f6ffentlich an&nbsp;die britische Innenministerin Shabana Mahmood (Labour)&nbsp;appelliert hatte,&nbsp;erhielt sie am 21. August&nbsp;Bescheid, dass ihr Antrag&nbsp;bewilligt worden sei.&nbsp;Zu diesem Zeitpunkt konnte&nbsp;R\u00e4s\u00e4nen&nbsp;allerdings&nbsp;nicht mehr&nbsp;wie geplant zur Konferenz reisen.&nbsp;Der Vorfall hatte internationale&nbsp;Emp\u00f6rung ausgel\u00f6st.<\/p>\n\n\n\n<blockquote class=\"wp-block-quote is-layout-flow wp-block-quote-is-layout-flow\">\n<p class=\"wp-block-paragraph\">\u201eMan h\u00e4tte mich&nbsp;von Anfang an nicht&nbsp;daran hindern d\u00fcrfen, pers\u00f6nlich an&nbsp;der&nbsp;Religionsfreiheits-Konferenz&nbsp;teilzunehmen. Aber ich bin froh, dass ich&nbsp;zumindest&nbsp;k\u00fcnftig&nbsp;nach Gro\u00dfbritannien&nbsp;einreisen darf, um \u00fcber Meinungsfreiheit und meinen Glauben zu sprechen\u201c<\/p>\n<cite>\u2014 P\u00e4ivi R\u00e4s\u00e4nen <\/cite><\/blockquote>\n\n\n\n<p class=\"wp-block-paragraph\">Zur zwischenzeitlichen&nbsp;R\u00fccknahme der Einreisegenehmigung war es gekommen, nachdem der finnische Oberste Gerichtshof die Politikerin im M\u00e4rz 2026&nbsp;mit knapper Mehrheit&nbsp;wegen \u201eHassrede\u201c schuldig gesprochen hatte. Ihr \u201eVerbrechen\u201c: Sie hatte&nbsp;in einer 2004 verfassten Kirchenbrosch\u00fcre ihre christlichen&nbsp;\u00dcberzeugungen&nbsp;zu Ehe und Sexualit\u00e4t zum Ausdruck gebracht.&nbsp;&nbsp;<\/p>\n\n\n\n<p class=\"wp-block-paragraph\">R\u00e4s\u00e4nen hat\u00a0unterdessen\u00a0zusammen mit dem lutherischen Bischof Juhana Pohjola und der Luther-Stiftung Finnland, die gemeinsam mit ihr wegen der Brosch\u00fcre verurteilt wurden,\u00a0<a href=\"https:\/\/adfinternational.org\/de\/news\/finnische-parlamentarierin-raesaenen-legt-beschwerde-beim-egmr-ein-schluesselfall-fuer-meinungsfreiheit-in-europa\/\">Beschwerde\u00a0<\/a>beim Europ\u00e4ischen Gerichtshof f\u00fcr Menschenrechte eingelegt. Pohjola\u00a0konnte\u00a0ebenfalls nicht zur Konferenz reisen.\u00a0Ihre Geschichte\u00a0ist Ausdruck der anhaltenden Zensurkrise in Europa und\u00a0gilt als\u00a0m\u00f6glicher\u00a0Pr\u00e4zedenzfall f\u00fcr die Meinungs- und Religionsfreiheit\u00a0auf dem Kontinent.<\/p>\n\n\n\n<h2 id=\"h-hintergrund\" class=\"wp-block-heading\">Hintergrund<\/h2>\n\n\n\n<p class=\"wp-block-paragraph\">Im Jahr 2021 wurde P\u00e4ivi R\u00e4s\u00e4nen offiziell wegen \u201eAufwiegelung gegen eine Minderheitengruppe\u201c gem\u00e4\u00df einem Abschnitt des finnischen Strafgesetzbuchs mit dem Titel \u201eKriegsverbrechen und Verbrechen gegen die Menschlichkeit\u201c angeklagt.&nbsp;<\/p>\n\n\n\n<p class=\"wp-block-paragraph\">Nachdem zwei Instanzen in den Jahren 2022 und 2023 in allen Anklagepunkten einstimmig Freispr\u00fcche erteilt hatten, legte die Staatsanwaltschaft erneut Berufung beim finnischen Obersten Gerichtshof ein.&nbsp;<\/p>\n\n\n\n<p class=\"wp-block-paragraph\">Der Fall wurde im Oktober 2025 verhandelt. Im M\u00e4rz 2026 best\u00e4tigte der Oberste Gerichtshof in einer knappen 3:2-Entscheidung den Freispruch f\u00fcr den Tweet&nbsp;eines&nbsp;Bibelverses aus dem Jahr 2019, verurteilte jedoch R\u00e4s\u00e4nen, Bischof Pohjola und die Luther-Stiftung Finnland wegen der Brosch\u00fcre aus dem Jahr 2004.&nbsp;&nbsp;<\/p>\n\n\n\n<p class=\"wp-block-paragraph\">Die Verurteilung erfolgte auf Grundlage eines Gesetzes, das erst Jahre nach der Ver\u00f6ffentlichung der Brosch\u00fcre eingef\u00fchrt worden war \u2013 obwohl das Gericht selbst einr\u00e4umte, dass der Text<em> \u201ekeine Aufforderung zur Gewalt oder eine vergleichbare, drohungs\u00e4hnliche Anstiftung zum Hass enthielt\u201c.&nbsp;<\/em><\/p>\n\n\n\n<p class=\"wp-block-paragraph\">In einem alarmierenden Akt der Zensur verh\u00e4ngte der Oberste Gerichtshof jeweils eine Geldstrafe von mehreren tausend Euro und ordnete an, dass die&nbsp;beanstandeten Passagen nicht mehr \u00f6ffentlich zug\u00e4nglich sein d\u00fcrfen.&nbsp;<\/p>\n\n\n\n<p class=\"wp-block-paragraph\">R\u00e4s\u00e4nens strafrechtliche Verurteilung wurde von Beobachtern weltweit mit Besorgnis zur Kenntnis genommen. Das US-Au\u00dfenministerium etwa&nbsp;<a href=\"https:\/\/x.com\/StateDRL\/status\/1965822594168377565?lang=en\" target=\"_blank\" rel=\"noreferrer noopener\">\u00e4u\u00dferte sich<\/a>&nbsp;bereits vor der Verurteilung im M\u00e4rz zu R\u00e4s\u00e4nens Strafverfahren:<em> \u201eIn einer Demokratie sollte niemand vor Gericht gestellt werden, weil er seine \u00dcberzeugungen friedlich teilt. Das Verfahren gegen die finnische Abgeordnete P\u00e4ivi R\u00e4s\u00e4nen, in dem ihr Hassrede vorgeworfen wird, weil sie lediglich einen Bibelvers gepostet hat, ist unbegr\u00fcndet, wie zwei Gerichte einstimmig festgestellt haben.\u201c<\/em><\/p>\n\n\n\n<p class=\"wp-block-paragraph\">Nach&nbsp;ihrer Verurteilung&nbsp;<a href=\"https:\/\/x.com\/usembfinland\/status\/2037530408565329923?lang=en\" target=\"_blank\" rel=\"noreferrer noopener\">erkl\u00e4rte<\/a>&nbsp;die US-Botschaft in Finnland: <em>\u201eEin beunruhigendes Urteil f\u00fcr die Religions- und Meinungsfreiheit (\u2026). Unabh\u00e4ngig davon, wie man zu den zugrunde liegenden Ansichten steht, schafft die strafrechtliche Verfolgung friedlicher religi\u00f6ser \u00c4u\u00dferungen einen beunruhigenden Pr\u00e4zedenzfall f\u00fcr die Religions- und Meinungsfreiheit.\u201c&nbsp;<\/em><\/p>\n\n\n\n<p class=\"wp-block-paragraph\"><\/p>\n","protected":false},"excerpt":{"rendered":"<p>LONDON (22. August 2026) \u2014 Die finnische&nbsp;Abgeordnete und ehemalige&nbsp;Innenministerin P\u00e4ivi R\u00e4s\u00e4nen (Christdemokraten)&nbsp;darf&nbsp;nun doch&nbsp;nach&nbsp;Gro\u00dfbritannien&nbsp;einreisen.&nbsp;F\u00fcr ihre&nbsp;pers\u00f6nliche&nbsp;Teilnahme an&nbsp;einer Konferenz \u00fcber Religions- und Meinungsfreiheit&nbsp;vom 19. bis 21. August&nbsp;2026&nbsp;in Nordirland&nbsp;kam diese Entscheidung jedoch zu sp\u00e4t.&nbsp;&nbsp; In&nbsp;einer&nbsp;regelrechten&nbsp;Achterbahnfahrt hatten die britischen Beh\u00f6rden&nbsp;der bekennenden Christin&nbsp;zun\u00e4chst&nbsp;eine einfache Einreisegenehmigung (ETA)&nbsp;erteilt, im Juli&nbsp;dann&nbsp;allerdings&nbsp;widerrufen.&nbsp;R\u00e4s\u00e4nen&nbsp;hatte daraufhin ein offizielles Visum beantragt. Nachdem sie&nbsp;\u00f6ffentlich an&nbsp;die britische Innenministerin Shabana Mahmood (Labour)&nbsp;appelliert [&hellip;]<\/p>\n","protected":false},"author":13,"featured_media":88288,"template":"","meta":{"give_campaign_id":0,"pr_treatment":"warm"},"tags":[457,458,178,459],"class_list":["post-91693","press_release","type-press_release","status-publish","has-post-thumbnail","hentry","tag-de","tag-felix-boellmann","tag-meinungsfreiheit-de","tag-news"],"press_release_related_tags":false,"press_release_related_campaign":false,"_links":{"self":[{"href":"https:\/\/adfinternational.org\/de\/wp-json\/wp\/v2\/press_release\/91693","targetHints":{"allow":["GET"]}}],"collection":[{"href":"https:\/\/adfinternational.org\/de\/wp-json\/wp\/v2\/press_release"}],"about":[{"href":"https:\/\/adfinternational.org\/de\/wp-json\/wp\/v2\/types\/press_release"}],"author":[{"embeddable":true,"href":"https:\/\/adfinternational.org\/de\/wp-json\/wp\/v2\/users\/13"}],"version-history":[{"count":4,"href":"https:\/\/adfinternational.org\/de\/wp-json\/wp\/v2\/press_release\/91693\/revisions"}],"predecessor-version":[{"id":91697,"href":"https:\/\/adfinternational.org\/de\/wp-json\/wp\/v2\/press_release\/91693\/revisions\/91697"}],"wp:featuredmedia":[{"embeddable":true,"href":"https:\/\/adfinternational.org\/de\/wp-json\/wp\/v2\/media\/88288"}],"wp:attachment":[{"href":"https:\/\/adfinternational.org\/de\/wp-json\/wp\/v2\/media?parent=91693"}],"wp:term":[{"taxonomy":"post_tag","embeddable":true,"href":"https:\/\/adfinternational.org\/de\/wp-json\/wp\/v2\/tags?post=91693"}],"curies":[{"name":"wp","href":"https:\/\/api.w.org\/{rel}","templated":true}]}}