{"id":26256,"date":"2021-05-07T13:23:42","date_gmt":"2021-05-07T13:23:42","guid":{"rendered":"https:\/\/adfinternational.lat\/?p=7001"},"modified":"2024-07-30T10:53:37","modified_gmt":"2024-07-30T09:53:37","slug":"un-medico-suizo-gana-el-recurso-judicial-contra-la-prohibicion-ilegal-de-practicar-el-culto-en-publico","status":"publish","type":"post","link":"https:\/\/adfinternational.org\/es\/noticias\/un-medico-suizo-gana-el-recurso-judicial-contra-la-prohibicion-ilegal-de-practicar-el-culto-en-publico","title":{"rendered":"Un m\u00e9dico suizo gana el recurso judicial contra la prohibici\u00f3n ilegal de practicar el culto en p\u00fablico"},"content":{"rendered":"\t\t<div data-elementor-type=\"wp-post\" data-elementor-id=\"26256\" class=\"elementor elementor-26256\" data-elementor-post-type=\"post\">\n\t\t\t\t\t\t<section class=\"elementor-section elementor-top-section elementor-element elementor-element-180e447 elementor-section-boxed elementor-section-height-default elementor-section-height-default\" data-id=\"180e447\" data-element_type=\"section\" data-e-type=\"section\">\n\t\t\t\t\t\t<div class=\"elementor-container elementor-column-gap-default\">\n\t\t\t\t\t<div class=\"elementor-column elementor-col-100 elementor-top-column elementor-element elementor-element-7250d749\" data-id=\"7250d749\" data-element_type=\"column\" data-e-type=\"column\">\n\t\t\t<div class=\"elementor-widget-wrap elementor-element-populated\">\n\t\t\t\t\t\t<div class=\"elementor-element elementor-element-231ce71b elementor-widget elementor-widget-text-editor\" data-id=\"231ce71b\" data-element_type=\"widget\" data-e-type=\"widget\" data-widget_type=\"text-editor.default\">\n\t\t\t\t<div class=\"elementor-widget-container\">\n\t\t\t\t\t\t\t\t\t<ul><li>La C\u00e1mara Constitucional suiza de Ginebra dictamina que la prohibici\u00f3n casi general del culto es desproporcionada<\/li><li>Suiza se une a Escocia, Chile y varios estados de EE.UU. en la condena de las restricciones extremas a la libertad religiosa debido a la pandemia<\/li><\/ul><p><strong>GINEBRA<\/strong> (7 de mayo de 2021) &#8211; Un tribunal suizo ha sido el \u00faltimo en declarar ilegal una prohibici\u00f3n general de culto relacionada con la COVID-19. La casi prohibici\u00f3n total de servicios y actos religiosos fue suspendida mediante una decisi\u00f3n provisional dictada por la C\u00e1mara Constitucional suiza en Ginebra en diciembre y ahora se ha confirmado que constituye una violaci\u00f3n del derecho fundamental a la libertad de culto. En su sentencia, el Tribunal razon\u00f3 que la prohibici\u00f3n era desproporcionada, incluso con sus limitadas exenciones para matrimonios y funerales. Habr\u00eda sido posible la adopci\u00f3n de medidas menos restrictivas sin dejar de proteger la salud p\u00fablica.<\/p><p><span style=\"font-family: var( --e-global-typography-5916e0c-font-family ), Sans-serif; font-size: var( --e-global-typography-5916e0c-font-size ); font-weight: var( --e-global-typography-5916e0c-font-weight ); letter-spacing: var( --e-global-typography-5916e0c-letter-spacing ); word-spacing: var( --e-global-typography-5916e0c-word-spacing );\">Samuel Sommaruga, el m\u00e9dico que trabajaba en un pabell\u00f3n contra la COVID-19 y en cuyo nombre se present\u00f3 la demanda, declar\u00f3 lo siguiente: \u00abEstoy encantado de celebrar hoy esta victoria de la libertad religiosa junto a ADF International. Las restricciones a los derechos fundamentales deben ser siempre proporcionales y demostrar que son realmente necesarias. Dado que otras reuniones p\u00fablicas segu\u00edan estando permitidas, pero no las religiosas, estaba claro que esta restricci\u00f3n era exagerada: se dirig\u00eda a los grupos religiosos de forma discriminatoria.\u00bb<\/span><\/p><p>\u00abSi bien fue crucial atender la salud f\u00edsica y mental de la poblaci\u00f3n de Suiza durante la pandemia, tambi\u00e9n es esencial atender la salud espiritual. Los tribunales han reconocido ahora que la desproporcionada prohibici\u00f3n de practicar el culto en p\u00fablico constitu\u00eda una violaci\u00f3n de los derechos fundamentales. Estoy muy contento de que esta decisi\u00f3n garantice que las puertas de las iglesias se mantengan abiertas en el futuro en tiempos de crisis, cuando la iglesia es m\u00e1s necesaria\u00bb, continu\u00f3.<\/p><p><strong>El apoyo popular a la libertad religiosa se traduce en una victoria judicial<\/strong><\/p><p>Comunidades jud\u00edas y cristianas dieron su apoyo a la demanda contra la prohibici\u00f3n total de servicios y actos religiosos en Ginebra. La normativa formaba parte de las medidas contra la COVID-19 de Ginebra. Prohib\u00eda todas las reuniones religiosas, excepto los funerales y las bodas, con un aforo restringido. Aunque los servicios religiosos estaban prohibidos, se permit\u00eda la celebraci\u00f3n de otras reuniones p\u00fablicas como manifestaciones y la asistencia a coros profesionales.<\/p><p>\u00abSuiza tiene un excelente historial de protecci\u00f3n de la libertad religiosa de sus ciudadanos. Es un ejemplo de democracia y derechos humanos. Precisamente por esto resulta a\u00fan m\u00e1s preocupante ver una prohibici\u00f3n semejante de todas las reuniones y actos religiosos de forma tan dr\u00e1stica. Se trata de una de las prohibiciones m\u00e1s estrictas de este tipo en Suiza y en la mayor parte de Europa donde se han impugnado con \u00e9xito prohibiciones similares. Su aplicaci\u00f3n constituy\u00f3 una violaci\u00f3n del derecho a la libertad religiosa protegido por la Constituci\u00f3n suiza y por las normas internacionales de derechos humanos. Se centraba desproporcionadamente en las actividades de los grupos religiosos en detrimento de las actividades comerciales. Por eso me complace ver que la C\u00e1mara Constitucional de Ginebra adopta esta firme postura de protecci\u00f3n de este derecho que motivar\u00e1 a las autoridades locales a respetar los derechos de las comunidades religiosas en el futuro\u00bb, dijo Steve Alder, el abogado ginebrino que present\u00f3 el caso ante el Tribunal.<\/p><p>Jennifer Lea, asesora jur\u00eddica de ADF International, una organizaci\u00f3n mundial de derechos humanos con oficinas en Ginebra que apoy\u00f3 el caso, declar\u00f3: \u00abCelebramos esta decisi\u00f3n porque el tribunal ha reconocido lo que las autoridades no hicieron: que la libertad religiosa y de creencias es un derecho humano que debe gozar de la m\u00e1xima protecci\u00f3n. Al declarar ilegal la prohibici\u00f3n, el tribunal contribuye a garantizar que las personas de fe no vuelvan a ver anulados sus derechos de esta manera. Felicitamos al se\u00f1or Samuel Sommaruga y a todos los dem\u00e1s implicados por haber tenido el valor de llevar adelante este necesario desaf\u00edo, asegurando as\u00ed la protecci\u00f3n de las iglesias de toda Suiza para el futuro.\u00bb<\/p><p><strong>La campa\u00f1a \u00abD\u00e9jennos rezar\u00bb de ADF International se centra en Irlanda<\/strong><\/p><p>A pesar de que las prohibiciones para practicar el culto han sido revocadas en Suiza, Chile y Escocia, el Gobierno irland\u00e9s no permitir\u00e1 que se reanude esta pr\u00e1ctica en p\u00fablico hasta el domingo 10 de mayo. ADF International, que apoy\u00f3 la demanda judicial en Suiza, tambi\u00e9n est\u00e1 respaldando al empresario Declan Ganley en un recurso legal contra la proporcionalidad de la prohibici\u00f3n irlandesa. Se espera que los tribunales sigan esta tendencia cada vez m\u00e1s extendida de ratificar el derecho fundamental a la libertad religiosa y garantizar que las puertas de las iglesias permanezcan abiertas en el futuro.<\/p><p>\u00abNo hay una raz\u00f3n clara de por qu\u00e9 el Gobierno irland\u00e9s impidi\u00f3 la apertura de lugares para el culto durante tanto tiempo. Otros pa\u00edses europeos permitieron que la pr\u00e1ctica religiosa continuara con precauciones de seguridad que protegen tanto al p\u00fablico de los servicios religiosos como a la comunidad en general. En Escocia y en Suiza vimos las mismas medidas desproporcionadas tachadas de ilegales por el tribunal. La libertad religiosa es un derecho humano fundamental protegido por la Constituci\u00f3n irlandesa y es vital que el Gobierno irland\u00e9s lo reconozca\u00bb, dijo Lorc\u00e1n Price, abogado irland\u00e9s y asesor jur\u00eddico de ADF International.<\/p><p>\u00abLos creyentes irlandeses se vieron privados de practicar su fe, de los sacramentos y de la esperanza que la iglesia puede ofrecer en el momento en que m\u00e1s lo necesitaban: en una \u00e9poca de crisis. El Gobierno irland\u00e9s debe demostrar que entiende que el culto comunitario es esencial para muchos irlandeses y comprometerse as\u00ed a no volver a imponer una prohibici\u00f3n tan draconiana\u00bb, continu\u00f3 Price.<\/p><p>A trav\u00e9s de la campa\u00f1a \u00abD\u00e9jennos rezar\u00bb de ADF International se ha enviado una carta p\u00fablica al primer ministro irland\u00e9s, Miche\u00e1l Martin TD, en la que se le pide que ratifique el respeto a la libertad religiosa, que reconozca que las iglesias son esenciales para la sociedad y que se comprometa a no volver a prohibir de forma desproporcionada la celebraci\u00f3n del culto en p\u00fablico.<\/p>\t\t\t\t\t\t\t\t<\/div>\n\t\t\t\t<\/div>\n\t\t\t\t\t<\/div>\n\t\t<\/div>\n\t\t\t\t\t<\/div>\n\t\t<\/section>\n\t\t\t\t<\/div>\n\t\t","protected":false},"excerpt":{"rendered":"<p>Un tribunal suizo ha sido el \u00faltimo en declarar ilegal una prohibici\u00f3n general de culto relacionada con la COVID-19.<\/p>\n","protected":false},"author":44,"featured_media":28359,"comment_status":"closed","ping_status":"closed","sticky":false,"template":"","format":"standard","meta":{"_acf_changed":false,"give_campaign_id":0,"footnotes":""},"categories":[991],"tags":[1013],"class_list":["post-26256","post","type-post","status-publish","format-standard","has-post-thumbnail","hentry","category-noticias","tag-es"],"acf":[],"yoast_head":"<!-- This site is optimized with the Yoast SEO Premium plugin v27.5 (Yoast SEO v27.5) - https:\/\/yoast.com\/product\/yoast-seo-premium-wordpress\/ -->\n<title>Un m\u00e9dico suizo gana el recurso judicial contra la prohibici\u00f3n ilegal de practicar el culto en p\u00fablico - ADF International<\/title>\n<meta name=\"description\" content=\"Are we allowed to share Christian views on social media? The Constitutional Court will have to answer this question, at least for Colombia. Responding to a viewer\u2019s question in an \u201cAsk Me Anything\u201d video, social media star Erika \u201cKika\u201d Nieto had shared her views on marriage while expressing tolerance for all other views.\" \/>\n<meta name=\"robots\" content=\"index, follow, max-snippet:-1, max-image-preview:large, max-video-preview:-1\" \/>\n<link rel=\"canonical\" href=\"https:\/\/adfinternational.org\/es\/noticias\/un-medico-suizo-gana-el-recurso-judicial-contra-la-prohibicion-ilegal-de-practicar-el-culto-en-publico\" \/>\n<meta property=\"og:locale\" content=\"es_ES\" \/>\n<meta property=\"og:type\" content=\"article\" \/>\n<meta property=\"og:title\" content=\"Un m\u00e9dico suizo gana el recurso judicial contra la prohibici\u00f3n ilegal de practicar el culto en p\u00fablico\" \/>\n<meta property=\"og:description\" content=\"Are we allowed to share Christian views on social media? The Constitutional Court will have to answer this question, at least for Colombia. Responding to a viewer\u2019s question in an \u201cAsk Me Anything\u201d video, social media star Erika \u201cKika\u201d Nieto had shared her views on marriage while expressing tolerance for all other views.\" \/>\n<meta property=\"og:url\" content=\"https:\/\/adfinternational.org\/es\/noticias\/un-medico-suizo-gana-el-recurso-judicial-contra-la-prohibicion-ilegal-de-practicar-el-culto-en-publico\" \/>\n<meta property=\"og:site_name\" content=\"ADF International\" \/>\n<meta property=\"article:publisher\" content=\"https:\/\/facebook.com\/adfinternational\" \/>\n<meta property=\"article:published_time\" content=\"2021-05-07T13:23:42+00:00\" \/>\n<meta property=\"article:modified_time\" content=\"2024-07-30T09:53:37+00:00\" \/>\n<meta property=\"og:image\" content=\"https:\/\/adfinternational.org\/wp-content\/uploads\/2021\/10\/Dr_Samuel_Sommaruga_square.jpg\" \/>\n\t<meta property=\"og:image:width\" content=\"1600\" \/>\n\t<meta property=\"og:image:height\" content=\"1600\" \/>\n\t<meta property=\"og:image:type\" content=\"image\/jpeg\" \/>\n<meta name=\"author\" content=\"Philipp Bues\" \/>\n<meta name=\"twitter:card\" content=\"summary_large_image\" \/>\n<meta name=\"twitter:creator\" content=\"@adfintl\" \/>\n<meta name=\"twitter:site\" content=\"@adfintl\" \/>\n<meta name=\"twitter:label1\" content=\"Escrito por\" \/>\n\t<meta name=\"twitter:data1\" content=\"Philipp Bues\" \/>\n\t<meta name=\"twitter:label2\" content=\"Tiempo de lectura\" \/>\n\t<meta name=\"twitter:data2\" content=\"5 minutos\" \/>\n<script type=\"application\/ld+json\" class=\"yoast-schema-graph\">{\"@context\":\"https:\\\/\\\/schema.org\",\"@graph\":[{\"@type\":\"Article\",\"@id\":\"https:\\\/\\\/adfinternational.org\\\/es\\\/noticias\\\/un-medico-suizo-gana-el-recurso-judicial-contra-la-prohibicion-ilegal-de-practicar-el-culto-en-publico#article\",\"isPartOf\":{\"@id\":\"https:\\\/\\\/adfinternational.org\\\/es\\\/noticias\\\/un-medico-suizo-gana-el-recurso-judicial-contra-la-prohibicion-ilegal-de-practicar-el-culto-en-publico\"},\"author\":{\"name\":\"Philipp Bues\",\"@id\":\"https:\\\/\\\/adfinternational.org\\\/es\\\/#\\\/schema\\\/person\\\/6b776fc8535453c6aad8a6f9d78e6141\"},\"headline\":\"Un m\u00e9dico suizo gana el recurso judicial contra la prohibici\u00f3n ilegal de practicar el culto en p\u00fablico\",\"datePublished\":\"2021-05-07T13:23:42+00:00\",\"dateModified\":\"2024-07-30T09:53:37+00:00\",\"mainEntityOfPage\":{\"@id\":\"https:\\\/\\\/adfinternational.org\\\/es\\\/noticias\\\/un-medico-suizo-gana-el-recurso-judicial-contra-la-prohibicion-ilegal-de-practicar-el-culto-en-publico\"},\"wordCount\":1103,\"publisher\":{\"@id\":\"https:\\\/\\\/adfinternational.org\\\/es\\\/#organization\"},\"image\":{\"@id\":\"https:\\\/\\\/adfinternational.org\\\/es\\\/noticias\\\/un-medico-suizo-gana-el-recurso-judicial-contra-la-prohibicion-ilegal-de-practicar-el-culto-en-publico#primaryimage\"},\"thumbnailUrl\":\"https:\\\/\\\/adfinternational.org\\\/wp-content\\\/uploads\\\/2021\\\/10\\\/Dr_Samuel_Sommaruga_square.jpg\",\"keywords\":[\"ES\"],\"articleSection\":[\"noticias\"],\"inLanguage\":\"es\"},{\"@type\":\"WebPage\",\"@id\":\"https:\\\/\\\/adfinternational.org\\\/es\\\/noticias\\\/un-medico-suizo-gana-el-recurso-judicial-contra-la-prohibicion-ilegal-de-practicar-el-culto-en-publico\",\"url\":\"https:\\\/\\\/adfinternational.org\\\/es\\\/noticias\\\/un-medico-suizo-gana-el-recurso-judicial-contra-la-prohibicion-ilegal-de-practicar-el-culto-en-publico\",\"name\":\"Un m\u00e9dico suizo gana el recurso judicial contra la prohibici\u00f3n ilegal de practicar el culto en p\u00fablico - ADF International\",\"isPartOf\":{\"@id\":\"https:\\\/\\\/adfinternational.org\\\/es\\\/#website\"},\"primaryImageOfPage\":{\"@id\":\"https:\\\/\\\/adfinternational.org\\\/es\\\/noticias\\\/un-medico-suizo-gana-el-recurso-judicial-contra-la-prohibicion-ilegal-de-practicar-el-culto-en-publico#primaryimage\"},\"image\":{\"@id\":\"https:\\\/\\\/adfinternational.org\\\/es\\\/noticias\\\/un-medico-suizo-gana-el-recurso-judicial-contra-la-prohibicion-ilegal-de-practicar-el-culto-en-publico#primaryimage\"},\"thumbnailUrl\":\"https:\\\/\\\/adfinternational.org\\\/wp-content\\\/uploads\\\/2021\\\/10\\\/Dr_Samuel_Sommaruga_square.jpg\",\"datePublished\":\"2021-05-07T13:23:42+00:00\",\"dateModified\":\"2024-07-30T09:53:37+00:00\",\"description\":\"Are we allowed to share Christian views on social media? The Constitutional Court will have to answer this question, at least for Colombia. Responding to a viewer\u2019s question in an \u201cAsk Me Anything\u201d video, social media star Erika \u201cKika\u201d Nieto had shared her views on marriage while expressing tolerance for all other views.\",\"breadcrumb\":{\"@id\":\"https:\\\/\\\/adfinternational.org\\\/es\\\/noticias\\\/un-medico-suizo-gana-el-recurso-judicial-contra-la-prohibicion-ilegal-de-practicar-el-culto-en-publico#breadcrumb\"},\"inLanguage\":\"es\",\"potentialAction\":[{\"@type\":\"ReadAction\",\"target\":[\"https:\\\/\\\/adfinternational.org\\\/es\\\/noticias\\\/un-medico-suizo-gana-el-recurso-judicial-contra-la-prohibicion-ilegal-de-practicar-el-culto-en-publico\"]}]},{\"@type\":\"ImageObject\",\"inLanguage\":\"es\",\"@id\":\"https:\\\/\\\/adfinternational.org\\\/es\\\/noticias\\\/un-medico-suizo-gana-el-recurso-judicial-contra-la-prohibicion-ilegal-de-practicar-el-culto-en-publico#primaryimage\",\"url\":\"https:\\\/\\\/adfinternational.org\\\/wp-content\\\/uploads\\\/2021\\\/10\\\/Dr_Samuel_Sommaruga_square.jpg\",\"contentUrl\":\"https:\\\/\\\/adfinternational.org\\\/wp-content\\\/uploads\\\/2021\\\/10\\\/Dr_Samuel_Sommaruga_square.jpg\",\"width\":1600,\"height\":1600},{\"@type\":\"BreadcrumbList\",\"@id\":\"https:\\\/\\\/adfinternational.org\\\/es\\\/noticias\\\/un-medico-suizo-gana-el-recurso-judicial-contra-la-prohibicion-ilegal-de-practicar-el-culto-en-publico#breadcrumb\",\"itemListElement\":[{\"@type\":\"ListItem\",\"position\":1,\"name\":\"Home\",\"item\":\"https:\\\/\\\/adfinternational.org\\\/es\"},{\"@type\":\"ListItem\",\"position\":2,\"name\":\"Un m\u00e9dico suizo gana el recurso judicial contra la prohibici\u00f3n ilegal de practicar el culto en p\u00fablico\"}]},{\"@type\":\"WebSite\",\"@id\":\"https:\\\/\\\/adfinternational.org\\\/es\\\/#website\",\"url\":\"https:\\\/\\\/adfinternational.org\\\/es\\\/\",\"name\":\"ADF International\",\"description\":\"Protecting Fundamental Freedoms. Promoting Inherent Dignity.\",\"publisher\":{\"@id\":\"https:\\\/\\\/adfinternational.org\\\/es\\\/#organization\"},\"potentialAction\":[{\"@type\":\"SearchAction\",\"target\":{\"@type\":\"EntryPoint\",\"urlTemplate\":\"https:\\\/\\\/adfinternational.org\\\/es\\\/?s={search_term_string}\"},\"query-input\":{\"@type\":\"PropertyValueSpecification\",\"valueRequired\":true,\"valueName\":\"search_term_string\"}}],\"inLanguage\":\"es\"},{\"@type\":\"Organization\",\"@id\":\"https:\\\/\\\/adfinternational.org\\\/es\\\/#organization\",\"name\":\"Alliance Defending Freedom International\",\"url\":\"https:\\\/\\\/adfinternational.org\\\/es\\\/\",\"logo\":{\"@type\":\"ImageObject\",\"inLanguage\":\"es\",\"@id\":\"https:\\\/\\\/adfinternational.org\\\/es\\\/#\\\/schema\\\/logo\\\/image\\\/\",\"url\":\"https:\\\/\\\/adfinternational.org\\\/wp-content\\\/uploads\\\/2021\\\/08\\\/ADF_Intl_R_RGB_175px.png\",\"contentUrl\":\"https:\\\/\\\/adfinternational.org\\\/wp-content\\\/uploads\\\/2021\\\/08\\\/ADF_Intl_R_RGB_175px.png\",\"width\":175,\"height\":106,\"caption\":\"Alliance Defending Freedom International\"},\"image\":{\"@id\":\"https:\\\/\\\/adfinternational.org\\\/es\\\/#\\\/schema\\\/logo\\\/image\\\/\"},\"sameAs\":[\"https:\\\/\\\/facebook.com\\\/adfinternational\",\"https:\\\/\\\/x.com\\\/adfintl\",\"https:\\\/\\\/www.linkedin.com\\\/company\\\/adfinternational\",\"https:\\\/\\\/www.instagram.com\\\/adfinternational\\\/\"]},{\"@type\":\"Person\",\"@id\":\"https:\\\/\\\/adfinternational.org\\\/es\\\/#\\\/schema\\\/person\\\/6b776fc8535453c6aad8a6f9d78e6141\",\"name\":\"Philipp Bues\",\"image\":{\"@type\":\"ImageObject\",\"inLanguage\":\"es\",\"@id\":\"https:\\\/\\\/adfinternational.org\\\/wp-content\\\/uploads\\\/2025\\\/02\\\/Philipp-Bues-Headshot-150x150.jpg\",\"url\":\"https:\\\/\\\/adfinternational.org\\\/wp-content\\\/uploads\\\/2025\\\/02\\\/Philipp-Bues-Headshot-150x150.jpg\",\"contentUrl\":\"https:\\\/\\\/adfinternational.org\\\/wp-content\\\/uploads\\\/2025\\\/02\\\/Philipp-Bues-Headshot-150x150.jpg\",\"caption\":\"Philipp Bues\"},\"url\":\"https:\\\/\\\/adfinternational.org\\\/es\\\/author\\\/pbuesadfinternational-org\"}]}<\/script>\n<!-- \/ Yoast SEO Premium plugin. -->","yoast_head_json":{"title":"Un m\u00e9dico suizo gana el recurso judicial contra la prohibici\u00f3n ilegal de practicar el culto en p\u00fablico - ADF International","description":"Are we allowed to share Christian views on social media? The Constitutional Court will have to answer this question, at least for Colombia. Responding to a viewer\u2019s question in an \u201cAsk Me Anything\u201d video, social media star Erika \u201cKika\u201d Nieto had shared her views on marriage while expressing tolerance for all other views.","robots":{"index":"index","follow":"follow","max-snippet":"max-snippet:-1","max-image-preview":"max-image-preview:large","max-video-preview":"max-video-preview:-1"},"canonical":"https:\/\/adfinternational.org\/es\/noticias\/un-medico-suizo-gana-el-recurso-judicial-contra-la-prohibicion-ilegal-de-practicar-el-culto-en-publico","og_locale":"es_ES","og_type":"article","og_title":"Un m\u00e9dico suizo gana el recurso judicial contra la prohibici\u00f3n ilegal de practicar el culto en p\u00fablico","og_description":"Are we allowed to share Christian views on social media? The Constitutional Court will have to answer this question, at least for Colombia. Responding to a viewer\u2019s question in an \u201cAsk Me Anything\u201d video, social media star Erika \u201cKika\u201d Nieto had shared her views on marriage while expressing tolerance for all other views.","og_url":"https:\/\/adfinternational.org\/es\/noticias\/un-medico-suizo-gana-el-recurso-judicial-contra-la-prohibicion-ilegal-de-practicar-el-culto-en-publico","og_site_name":"ADF International","article_publisher":"https:\/\/facebook.com\/adfinternational","article_published_time":"2021-05-07T13:23:42+00:00","article_modified_time":"2024-07-30T09:53:37+00:00","og_image":[{"width":1600,"height":1600,"url":"https:\/\/adfinternational.org\/wp-content\/uploads\/2021\/10\/Dr_Samuel_Sommaruga_square.jpg","type":"image\/jpeg"}],"author":"Philipp Bues","twitter_card":"summary_large_image","twitter_creator":"@adfintl","twitter_site":"@adfintl","twitter_misc":{"Escrito por":"Philipp Bues","Tiempo de lectura":"5 minutos"},"schema":{"@context":"https:\/\/schema.org","@graph":[{"@type":"Article","@id":"https:\/\/adfinternational.org\/es\/noticias\/un-medico-suizo-gana-el-recurso-judicial-contra-la-prohibicion-ilegal-de-practicar-el-culto-en-publico#article","isPartOf":{"@id":"https:\/\/adfinternational.org\/es\/noticias\/un-medico-suizo-gana-el-recurso-judicial-contra-la-prohibicion-ilegal-de-practicar-el-culto-en-publico"},"author":{"name":"Philipp Bues","@id":"https:\/\/adfinternational.org\/es\/#\/schema\/person\/6b776fc8535453c6aad8a6f9d78e6141"},"headline":"Un m\u00e9dico suizo gana el recurso judicial contra la prohibici\u00f3n ilegal de practicar el culto en p\u00fablico","datePublished":"2021-05-07T13:23:42+00:00","dateModified":"2024-07-30T09:53:37+00:00","mainEntityOfPage":{"@id":"https:\/\/adfinternational.org\/es\/noticias\/un-medico-suizo-gana-el-recurso-judicial-contra-la-prohibicion-ilegal-de-practicar-el-culto-en-publico"},"wordCount":1103,"publisher":{"@id":"https:\/\/adfinternational.org\/es\/#organization"},"image":{"@id":"https:\/\/adfinternational.org\/es\/noticias\/un-medico-suizo-gana-el-recurso-judicial-contra-la-prohibicion-ilegal-de-practicar-el-culto-en-publico#primaryimage"},"thumbnailUrl":"https:\/\/adfinternational.org\/wp-content\/uploads\/2021\/10\/Dr_Samuel_Sommaruga_square.jpg","keywords":["ES"],"articleSection":["noticias"],"inLanguage":"es"},{"@type":"WebPage","@id":"https:\/\/adfinternational.org\/es\/noticias\/un-medico-suizo-gana-el-recurso-judicial-contra-la-prohibicion-ilegal-de-practicar-el-culto-en-publico","url":"https:\/\/adfinternational.org\/es\/noticias\/un-medico-suizo-gana-el-recurso-judicial-contra-la-prohibicion-ilegal-de-practicar-el-culto-en-publico","name":"Un m\u00e9dico suizo gana el recurso judicial contra la prohibici\u00f3n ilegal de practicar el culto en p\u00fablico - ADF International","isPartOf":{"@id":"https:\/\/adfinternational.org\/es\/#website"},"primaryImageOfPage":{"@id":"https:\/\/adfinternational.org\/es\/noticias\/un-medico-suizo-gana-el-recurso-judicial-contra-la-prohibicion-ilegal-de-practicar-el-culto-en-publico#primaryimage"},"image":{"@id":"https:\/\/adfinternational.org\/es\/noticias\/un-medico-suizo-gana-el-recurso-judicial-contra-la-prohibicion-ilegal-de-practicar-el-culto-en-publico#primaryimage"},"thumbnailUrl":"https:\/\/adfinternational.org\/wp-content\/uploads\/2021\/10\/Dr_Samuel_Sommaruga_square.jpg","datePublished":"2021-05-07T13:23:42+00:00","dateModified":"2024-07-30T09:53:37+00:00","description":"Are we allowed to share Christian views on social media? The Constitutional Court will have to answer this question, at least for Colombia. Responding to a viewer\u2019s question in an \u201cAsk Me Anything\u201d video, social media star Erika \u201cKika\u201d Nieto had shared her views on marriage while expressing tolerance for all other views.","breadcrumb":{"@id":"https:\/\/adfinternational.org\/es\/noticias\/un-medico-suizo-gana-el-recurso-judicial-contra-la-prohibicion-ilegal-de-practicar-el-culto-en-publico#breadcrumb"},"inLanguage":"es","potentialAction":[{"@type":"ReadAction","target":["https:\/\/adfinternational.org\/es\/noticias\/un-medico-suizo-gana-el-recurso-judicial-contra-la-prohibicion-ilegal-de-practicar-el-culto-en-publico"]}]},{"@type":"ImageObject","inLanguage":"es","@id":"https:\/\/adfinternational.org\/es\/noticias\/un-medico-suizo-gana-el-recurso-judicial-contra-la-prohibicion-ilegal-de-practicar-el-culto-en-publico#primaryimage","url":"https:\/\/adfinternational.org\/wp-content\/uploads\/2021\/10\/Dr_Samuel_Sommaruga_square.jpg","contentUrl":"https:\/\/adfinternational.org\/wp-content\/uploads\/2021\/10\/Dr_Samuel_Sommaruga_square.jpg","width":1600,"height":1600},{"@type":"BreadcrumbList","@id":"https:\/\/adfinternational.org\/es\/noticias\/un-medico-suizo-gana-el-recurso-judicial-contra-la-prohibicion-ilegal-de-practicar-el-culto-en-publico#breadcrumb","itemListElement":[{"@type":"ListItem","position":1,"name":"Home","item":"https:\/\/adfinternational.org\/es"},{"@type":"ListItem","position":2,"name":"Un m\u00e9dico suizo gana el recurso judicial contra la prohibici\u00f3n ilegal de practicar el culto en p\u00fablico"}]},{"@type":"WebSite","@id":"https:\/\/adfinternational.org\/es\/#website","url":"https:\/\/adfinternational.org\/es\/","name":"ADF International","description":"Protecting Fundamental Freedoms. Promoting Inherent Dignity.","publisher":{"@id":"https:\/\/adfinternational.org\/es\/#organization"},"potentialAction":[{"@type":"SearchAction","target":{"@type":"EntryPoint","urlTemplate":"https:\/\/adfinternational.org\/es\/?s={search_term_string}"},"query-input":{"@type":"PropertyValueSpecification","valueRequired":true,"valueName":"search_term_string"}}],"inLanguage":"es"},{"@type":"Organization","@id":"https:\/\/adfinternational.org\/es\/#organization","name":"Alliance Defending Freedom International","url":"https:\/\/adfinternational.org\/es\/","logo":{"@type":"ImageObject","inLanguage":"es","@id":"https:\/\/adfinternational.org\/es\/#\/schema\/logo\/image\/","url":"https:\/\/adfinternational.org\/wp-content\/uploads\/2021\/08\/ADF_Intl_R_RGB_175px.png","contentUrl":"https:\/\/adfinternational.org\/wp-content\/uploads\/2021\/08\/ADF_Intl_R_RGB_175px.png","width":175,"height":106,"caption":"Alliance Defending Freedom International"},"image":{"@id":"https:\/\/adfinternational.org\/es\/#\/schema\/logo\/image\/"},"sameAs":["https:\/\/facebook.com\/adfinternational","https:\/\/x.com\/adfintl","https:\/\/www.linkedin.com\/company\/adfinternational","https:\/\/www.instagram.com\/adfinternational\/"]},{"@type":"Person","@id":"https:\/\/adfinternational.org\/es\/#\/schema\/person\/6b776fc8535453c6aad8a6f9d78e6141","name":"Philipp Bues","image":{"@type":"ImageObject","inLanguage":"es","@id":"https:\/\/adfinternational.org\/wp-content\/uploads\/2025\/02\/Philipp-Bues-Headshot-150x150.jpg","url":"https:\/\/adfinternational.org\/wp-content\/uploads\/2025\/02\/Philipp-Bues-Headshot-150x150.jpg","contentUrl":"https:\/\/adfinternational.org\/wp-content\/uploads\/2025\/02\/Philipp-Bues-Headshot-150x150.jpg","caption":"Philipp Bues"},"url":"https:\/\/adfinternational.org\/es\/author\/pbuesadfinternational-org"}]}},"_links":{"self":[{"href":"https:\/\/adfinternational.org\/es\/wp-json\/wp\/v2\/posts\/26256","targetHints":{"allow":["GET"]}}],"collection":[{"href":"https:\/\/adfinternational.org\/es\/wp-json\/wp\/v2\/posts"}],"about":[{"href":"https:\/\/adfinternational.org\/es\/wp-json\/wp\/v2\/types\/post"}],"author":[{"embeddable":true,"href":"https:\/\/adfinternational.org\/es\/wp-json\/wp\/v2\/users\/44"}],"replies":[{"embeddable":true,"href":"https:\/\/adfinternational.org\/es\/wp-json\/wp\/v2\/comments?post=26256"}],"version-history":[{"count":0,"href":"https:\/\/adfinternational.org\/es\/wp-json\/wp\/v2\/posts\/26256\/revisions"}],"wp:featuredmedia":[{"embeddable":true,"href":"https:\/\/adfinternational.org\/es\/wp-json\/wp\/v2\/media\/28359"}],"wp:attachment":[{"href":"https:\/\/adfinternational.org\/es\/wp-json\/wp\/v2\/media?parent=26256"}],"wp:term":[{"taxonomy":"category","embeddable":true,"href":"https:\/\/adfinternational.org\/es\/wp-json\/wp\/v2\/categories?post=26256"},{"taxonomy":"post_tag","embeddable":true,"href":"https:\/\/adfinternational.org\/es\/wp-json\/wp\/v2\/tags?post=26256"}],"curies":[{"name":"wp","href":"https:\/\/api.w.org\/{rel}","templated":true}]}}