{"id":6446,"date":"2020-10-06T15:45:00","date_gmt":"2020-10-06T15:45:00","guid":{"rendered":"https:\/\/adfintlat.wpengine.com\/?p=6446"},"modified":"2024-07-30T11:10:31","modified_gmt":"2024-07-30T10:10:31","slug":"la-opinion-propia-no-es-bienvenida-en-la-universidad","status":"publish","type":"post","link":"https:\/\/adfinternational.org\/es\/noticias\/la-opinion-propia-no-es-bienvenida-en-la-universidad","title":{"rendered":"La opini\u00f3n propia no es bienvenida en la Universidad"},"content":{"rendered":"\t\t<div data-elementor-type=\"wp-post\" data-elementor-id=\"6446\" class=\"elementor elementor-6446\" data-elementor-post-type=\"post\">\n\t\t\t\t\t\t<section class=\"elementor-section elementor-top-section elementor-element elementor-element-7f122b94 elementor-section-boxed elementor-section-height-default elementor-section-height-default\" data-id=\"7f122b94\" data-element_type=\"section\" data-e-type=\"section\">\n\t\t\t\t\t\t<div class=\"elementor-container elementor-column-gap-default\">\n\t\t\t\t\t<div class=\"elementor-column elementor-col-100 elementor-top-column elementor-element elementor-element-eaf1cba\" data-id=\"eaf1cba\" data-element_type=\"column\" data-e-type=\"column\">\n\t\t\t<div class=\"elementor-widget-wrap elementor-element-populated\">\n\t\t\t\t\t\t<div class=\"elementor-element elementor-element-6f67c02c elementor-widget elementor-widget-text-editor\" data-id=\"6f67c02c\" data-element_type=\"widget\" data-e-type=\"widget\" data-widget_type=\"text-editor.default\">\n\t\t\t\t<div class=\"elementor-widget-container\">\n\t\t\t\t\t\t\t\t\t<p>EUROPA&nbsp; \u2013 Las universidades viven del intercambio intelectual y de la exploraci\u00f3n de ideas diversas. \u00bfD\u00f3nde, si no aqu\u00ed, deber\u00edan los j\u00f3venes tener libertad para debatir opiniones diferentes? Este importante derecho a la libertad de expresi\u00f3n parece ser cada vez m\u00e1s criticado en las universidades europeas, especialmente cuando se trata de opiniones cristianas.<\/p>\n<p>El trabajo de una comadrona es garantizar que los ni\u00f1os nazcan sanos y salvos. Cuando se piensa en ello, la historia de Julia Rynkiewicz parece a\u00fan m\u00e1s parad\u00f3jica. Para la estudiante brit\u00e1nica, su compromiso con la vida de los no nacidos estuvo a punto de suponer el fin de su carrera.<\/p>\n<p>Julia estaba en su \u00faltimo a\u00f1o de estudios en la Universidad de Nottingham y era presidenta de la sociedad provida \u00abNottingham Students for Life\u00bb. En un principio, el consejo estudiantil deneg\u00f3 al grupo el estatus de grupo universitario. La raz\u00f3n aducida fue que los valores provida del grupo eran incompatibles con los de la universidad. Con la ayuda de ADF International, esta decisi\u00f3n fue impugnada con \u00e9xito, enviando una importante se\u00f1al para la libertad de expresi\u00f3n.<\/p>\n<h2>Suspendida a causa de su opini\u00f3n<\/h2>\n<p>Pero la propia Julia fue suspendida despu\u00e9s de que uno de sus profesores presentara una queja ante la escuela de matronas de la universidad. Se deber\u00eda investigar su aptitud para el ejercicio de la profesi\u00f3n. Los reglamentos y el cumplimiento de las normas profesionales forman parte de la vida cotidiana de los profesionales de la medicina, pero el hecho de que se cuestione la aptitud de una estudiante para ejercer su profesi\u00f3n simplemente porque est\u00e1 asociada a un grupo provida es algo que el experto de ADF International Laurence Wilkinson considera m\u00e1s que preocupante.\u2028\u00bbEspecialmente en las universidades, los estudiantes deben ser libres de debatir y explorar ideas, incluso aquellas con las que no est\u00e1n de acuerdo. Las universidades deben comprometerse a dar cabida a la diversidad de opiniones dentro del alumnado. Es m\u00e1s, deber\u00edan incluso fomentarla, y el intercambio respetuoso de la misma\u00bb, dijo el abogado. El caso de Julia es un ejemplo del creciente n\u00famero de universidades de toda Europa en las que la libertad de expresi\u00f3n parece ser vista de forma cr\u00edtica.<\/p>\n<h2>Una nueva cultura de la censura<\/h2>\n<p>Desde el principio, las universidades han sido lugares de intercambio y debate intelectual. Por eso es a\u00fan m\u00e1s lamentable cuando el intercambio de opiniones, tan necesario sobre todo para los temas controvertidos, se ve impedido por la censura. En noviembre de 2017, la Comunidad Universitaria Cat\u00f3lica y el Instituto de Religiosidad en Psiquiatr\u00eda y Psicoterapia de Viena hab\u00edan invitado a un debate sobre \u00abG\u00e9nero: pro y contra\u00bb en la TU de Viena. El acto se convirti\u00f3 en un ejemplo de c\u00f3mo se boicote\u00f3, se impidi\u00f3 y se hizo imposible un intento de debate acad\u00e9mico de buena fe. Un grupo de manifestantes invadi\u00f3 la sala de conferencias y grit\u00f3 tan fuerte durante minutos que el debate se hizo imposible. Algo para lo que ahora, unos a\u00f1os despu\u00e9s, ya existe un t\u00e9rmino com\u00fan: \u00bb La cultura de la cancelaci\u00f3n\u00bb (Cancel Culture).<\/p>\n<p>Cancel Culture significa, el boycott p\u00fablico hacia alguien, impedir un comunicado o molestar un evento, eliminar de la vista las opiniones de una persona. Esta cultura se extiende a cada vez m\u00e1s \u00e1mbitos de la vida cotidiana: Normas ling\u00fc\u00edsticas en los medios de comunicaci\u00f3n, canales de televisi\u00f3n e Internet, normas de conducta y lenguaje en el lugar de trabajo o en los campus universitarios. As\u00ed, cada vez m\u00e1s \u00e1mbitos de la vida se convierten en zonas \u00bb sin opini\u00f3n \u00ab. Otro t\u00e9rmino para este fen\u00f3meno es \u00abtribunal de la opini\u00f3n p\u00fablica\u00bb. Sin embargo, la cultura de la cancelaci\u00f3n tiene poco que ver con las normas legales. No necesita que se cumplan los hechos legales, basta con juicios morales. Esto es lo que lo hace tan controvertido. La cultura de la cancelaci\u00f3n cambia la cultura del debate al intentar excluir seg\u00fan criterios subjetivos y seg\u00fan las l\u00edneas de falla ideol\u00f3gicas. Cuando cualquiera puede ser boicoteado y destrozado p\u00fablicamente por un paso en falso, eso intimida.<\/p>\n<h2>Desarrollo a nivel de toda Europa<\/h2>\n<p>Tambi\u00e9n en Alemania, los grupos universitarios que practican la fe cristiana o abogan por la protecci\u00f3n de la vida se enfrentan cada vez m\u00e1s a las dificultades de acreditaci\u00f3n, ya sea por parte de los administradores universitarios, los consejos de estudiantes o incluso los ministerios de cultura de los estados alemanes.<\/p>\n<p>\u00abEn las escuelas estatales, muchos cristianos se sienten limitados en su derecho a la libertad de opini\u00f3n y de confesi\u00f3n\u00bb, dice Wolfgang Stock. Dirige la Asociaci\u00f3n de Escuelas Confesionales Protestantes de Alemania. Tambi\u00e9n \u00e9l sufre los ataques de los medios de comunicaci\u00f3n y del p\u00fablico. \u00abMuchos periodistas, pero tambi\u00e9n los pol\u00edticos y el personal administrativo, saben muy poco sobre la situaci\u00f3n legal. Informamos y denunciamos cuando se nos restringen nuestras libertades\u00bb.<\/p>\n<h2>Consecuencias de enorme alcance<\/h2>\n<p>Mientras tanto, varios profesores en EE.UU., Inglaterra, pero tambi\u00e9n en Alemania y Austria, han experimentado que sus exposiciones fueron impedidas, interrumpidas a gritos o perturbadas ruidosamente cuando sus posiciones relacionadas con el contenido encontraron resistencia. En Inglaterra, m\u00e1s de un centenar de profesores de un amplio abanico de disciplinas publicaron en octubre de 2018 una declaraci\u00f3n conjunta en la que afirmaban que ya no se ve\u00edan en condiciones de investigar, ense\u00f1ar y publicar abiertamente sobre el tema de la transexualidad como consecuencia de la \u00abLey de Reconocimiento de G\u00e9nero\u00bb brit\u00e1nica, ya que se ven constantemente expuestos a la hostilidad y los ataques. La Comisi\u00f3n Parlamentaria de Derechos Humanos public\u00f3 espec\u00edficamente un informe sobre esta situaci\u00f3n cada vez m\u00e1s problem\u00e1tica, criticando las pol\u00edticas de los campus que proh\u00edben cada vez m\u00e1s las opiniones \u00bb disidentes\u00bb en los mismos. El debate activo es fundamental para la democracia y una sociedad libre. Lo que presupone, sin embargo, que todas las partes sean escuchadas por igual.<\/p>\n<p>ADF International apoy\u00f3 a Julia durante la investigaci\u00f3n y finalmente se retiraron los cargos contra ella. Sin embargo, debido a la suspensi\u00f3n temporal, no pudo completar todos los ex\u00e1menes requeridos, lo que supuso un retraso en su graduaci\u00f3n. \u00abEs un m\u00e9rito de Julia que siga esforz\u00e1ndose por completar su formaci\u00f3n, a pesar de los muchos obst\u00e1culos que le ha puesto la universidad. Quiere ser comadrona y atender a las mujeres embarazadas. Quiere ayudar a traer la vida al mundo\u00bb, dice Laurence Wilkinson. Julia recibi\u00f3 una compensaci\u00f3n econ\u00f3mica de la universidad por la discriminaci\u00f3n sufrida. Ning\u00fan estudiante deber\u00eda tener que pasar por un proceso tan desalentador, dice el abogado. Que los estudiantes tengan que someterse a una revisi\u00f3n de su aptitud profesional porque otros estudiantes o el personal de la universidad no compartan sus puntos de vista es totalmente inaceptable y est\u00e1 fuera de lugar en una universidad, afirma.<\/p>\n<p>Por \u00faltimo, seg\u00fan Wilkinson, tambi\u00e9n hay que preguntarse qu\u00e9 profesi\u00f3n podr\u00e1n seguir ejerciendo los cristianos en el futuro sin tener que fingir y traicionar sus opiniones. El derecho a ejercer libremente la fe y las convicciones implica el derecho a la libertad de expresi\u00f3.<\/p>\n<h5><\/h5>\t\t\t\t\t\t\t\t<\/div>\n\t\t\t\t<\/div>\n\t\t\t\t\t<\/div>\n\t\t<\/div>\n\t\t\t\t\t<\/div>\n\t\t<\/section>\n\t\t\t\t<\/div>\n\t\t","protected":false},"excerpt":{"rendered":"<p>Las universidades viven del intercambio intelectual y de la exploraci\u00f3n de ideas diversas. \u00bfD\u00f3nde, si no aqu\u00ed, deber\u00edan los j\u00f3venes tener libertad para debatir opiniones diferentes?<\/p>\n","protected":false},"author":44,"featured_media":27467,"comment_status":"closed","ping_status":"closed","sticky":false,"template":"","format":"standard","meta":{"_acf_changed":false,"give_campaign_id":0,"footnotes":""},"categories":[991],"tags":[1013],"class_list":["post-6446","post","type-post","status-publish","format-standard","has-post-thumbnail","hentry","category-noticias","tag-es"],"acf":[],"yoast_head":"<!-- This site is optimized with the Yoast SEO Premium plugin v27.5 (Yoast SEO v27.5) - https:\/\/yoast.com\/product\/yoast-seo-premium-wordpress\/ -->\n<title>La opini\u00f3n propia no es bienvenida en la Universidad - ADF International<\/title>\n<meta name=\"robots\" content=\"index, follow, max-snippet:-1, max-image-preview:large, max-video-preview:-1\" \/>\n<link rel=\"canonical\" href=\"https:\/\/adfinternational.org\/es\/noticias\/la-opinion-propia-no-es-bienvenida-en-la-universidad\" \/>\n<meta property=\"og:locale\" content=\"es_ES\" \/>\n<meta property=\"og:type\" content=\"article\" \/>\n<meta property=\"og:title\" content=\"La opini\u00f3n propia no es bienvenida en la Universidad\" \/>\n<meta property=\"og:description\" content=\"Las universidades viven del intercambio intelectual y de la exploraci\u00f3n de ideas diversas. \u00bfD\u00f3nde, si no aqu\u00ed, deber\u00edan los j\u00f3venes tener libertad para debatir opiniones diferentes?\" \/>\n<meta property=\"og:url\" content=\"https:\/\/adfinternational.org\/es\/noticias\/la-opinion-propia-no-es-bienvenida-en-la-universidad\" \/>\n<meta property=\"og:site_name\" content=\"ADF International\" \/>\n<meta property=\"article:publisher\" content=\"https:\/\/facebook.com\/adfinternational\" \/>\n<meta property=\"article:published_time\" content=\"2020-10-06T15:45:00+00:00\" \/>\n<meta property=\"article:modified_time\" content=\"2024-07-30T10:10:31+00:00\" \/>\n<meta property=\"og:image\" content=\"https:\/\/adfinternational.org\/wp-content\/uploads\/2021\/02\/bigstock-Students-discussing-about-the-386923483-1.jpg\" \/>\n\t<meta property=\"og:image:width\" content=\"1920\" \/>\n\t<meta property=\"og:image:height\" content=\"885\" \/>\n\t<meta property=\"og:image:type\" content=\"image\/jpeg\" \/>\n<meta name=\"author\" content=\"Philipp Bues\" \/>\n<meta name=\"twitter:card\" content=\"summary_large_image\" \/>\n<meta name=\"twitter:creator\" content=\"@adfintl\" \/>\n<meta name=\"twitter:site\" content=\"@adfintl\" \/>\n<meta name=\"twitter:label1\" content=\"Escrito por\" \/>\n\t<meta name=\"twitter:data1\" content=\"Philipp Bues\" \/>\n\t<meta name=\"twitter:label2\" content=\"Tiempo de lectura\" \/>\n\t<meta name=\"twitter:data2\" content=\"6 minutos\" \/>\n<script type=\"application\/ld+json\" class=\"yoast-schema-graph\">{\"@context\":\"https:\\\/\\\/schema.org\",\"@graph\":[{\"@type\":\"Article\",\"@id\":\"https:\\\/\\\/adfinternational.org\\\/es\\\/noticias\\\/la-opinion-propia-no-es-bienvenida-en-la-universidad#article\",\"isPartOf\":{\"@id\":\"https:\\\/\\\/adfinternational.org\\\/es\\\/noticias\\\/la-opinion-propia-no-es-bienvenida-en-la-universidad\"},\"author\":{\"name\":\"Philipp Bues\",\"@id\":\"https:\\\/\\\/adfinternational.org\\\/es\\\/#\\\/schema\\\/person\\\/6b776fc8535453c6aad8a6f9d78e6141\"},\"headline\":\"La opini\u00f3n propia no es bienvenida en la Universidad\",\"datePublished\":\"2020-10-06T15:45:00+00:00\",\"dateModified\":\"2024-07-30T10:10:31+00:00\",\"mainEntityOfPage\":{\"@id\":\"https:\\\/\\\/adfinternational.org\\\/es\\\/noticias\\\/la-opinion-propia-no-es-bienvenida-en-la-universidad\"},\"wordCount\":1266,\"publisher\":{\"@id\":\"https:\\\/\\\/adfinternational.org\\\/es\\\/#organization\"},\"image\":{\"@id\":\"https:\\\/\\\/adfinternational.org\\\/es\\\/noticias\\\/la-opinion-propia-no-es-bienvenida-en-la-universidad#primaryimage\"},\"thumbnailUrl\":\"https:\\\/\\\/adfinternational.org\\\/wp-content\\\/uploads\\\/2021\\\/02\\\/bigstock-Students-discussing-about-the-386923483-1.jpg\",\"keywords\":[\"ES\"],\"articleSection\":[\"noticias\"],\"inLanguage\":\"es\"},{\"@type\":\"WebPage\",\"@id\":\"https:\\\/\\\/adfinternational.org\\\/es\\\/noticias\\\/la-opinion-propia-no-es-bienvenida-en-la-universidad\",\"url\":\"https:\\\/\\\/adfinternational.org\\\/es\\\/noticias\\\/la-opinion-propia-no-es-bienvenida-en-la-universidad\",\"name\":\"La opini\u00f3n propia no es bienvenida en la Universidad - ADF International\",\"isPartOf\":{\"@id\":\"https:\\\/\\\/adfinternational.org\\\/es\\\/#website\"},\"primaryImageOfPage\":{\"@id\":\"https:\\\/\\\/adfinternational.org\\\/es\\\/noticias\\\/la-opinion-propia-no-es-bienvenida-en-la-universidad#primaryimage\"},\"image\":{\"@id\":\"https:\\\/\\\/adfinternational.org\\\/es\\\/noticias\\\/la-opinion-propia-no-es-bienvenida-en-la-universidad#primaryimage\"},\"thumbnailUrl\":\"https:\\\/\\\/adfinternational.org\\\/wp-content\\\/uploads\\\/2021\\\/02\\\/bigstock-Students-discussing-about-the-386923483-1.jpg\",\"datePublished\":\"2020-10-06T15:45:00+00:00\",\"dateModified\":\"2024-07-30T10:10:31+00:00\",\"breadcrumb\":{\"@id\":\"https:\\\/\\\/adfinternational.org\\\/es\\\/noticias\\\/la-opinion-propia-no-es-bienvenida-en-la-universidad#breadcrumb\"},\"inLanguage\":\"es\",\"potentialAction\":[{\"@type\":\"ReadAction\",\"target\":[\"https:\\\/\\\/adfinternational.org\\\/es\\\/noticias\\\/la-opinion-propia-no-es-bienvenida-en-la-universidad\"]}]},{\"@type\":\"ImageObject\",\"inLanguage\":\"es\",\"@id\":\"https:\\\/\\\/adfinternational.org\\\/es\\\/noticias\\\/la-opinion-propia-no-es-bienvenida-en-la-universidad#primaryimage\",\"url\":\"https:\\\/\\\/adfinternational.org\\\/wp-content\\\/uploads\\\/2021\\\/02\\\/bigstock-Students-discussing-about-the-386923483-1.jpg\",\"contentUrl\":\"https:\\\/\\\/adfinternational.org\\\/wp-content\\\/uploads\\\/2021\\\/02\\\/bigstock-Students-discussing-about-the-386923483-1.jpg\",\"width\":1920,\"height\":885,\"caption\":\"Students discussing about the lesson at the lecture in the university amphitheater\"},{\"@type\":\"BreadcrumbList\",\"@id\":\"https:\\\/\\\/adfinternational.org\\\/es\\\/noticias\\\/la-opinion-propia-no-es-bienvenida-en-la-universidad#breadcrumb\",\"itemListElement\":[{\"@type\":\"ListItem\",\"position\":1,\"name\":\"Home\",\"item\":\"https:\\\/\\\/adfinternational.org\\\/es\"},{\"@type\":\"ListItem\",\"position\":2,\"name\":\"La opini\u00f3n propia no es bienvenida en la Universidad\"}]},{\"@type\":\"WebSite\",\"@id\":\"https:\\\/\\\/adfinternational.org\\\/es\\\/#website\",\"url\":\"https:\\\/\\\/adfinternational.org\\\/es\\\/\",\"name\":\"ADF International\",\"description\":\"Protecting Fundamental Freedoms. Promoting Inherent Dignity.\",\"publisher\":{\"@id\":\"https:\\\/\\\/adfinternational.org\\\/es\\\/#organization\"},\"potentialAction\":[{\"@type\":\"SearchAction\",\"target\":{\"@type\":\"EntryPoint\",\"urlTemplate\":\"https:\\\/\\\/adfinternational.org\\\/es\\\/?s={search_term_string}\"},\"query-input\":{\"@type\":\"PropertyValueSpecification\",\"valueRequired\":true,\"valueName\":\"search_term_string\"}}],\"inLanguage\":\"es\"},{\"@type\":\"Organization\",\"@id\":\"https:\\\/\\\/adfinternational.org\\\/es\\\/#organization\",\"name\":\"Alliance Defending Freedom International\",\"url\":\"https:\\\/\\\/adfinternational.org\\\/es\\\/\",\"logo\":{\"@type\":\"ImageObject\",\"inLanguage\":\"es\",\"@id\":\"https:\\\/\\\/adfinternational.org\\\/es\\\/#\\\/schema\\\/logo\\\/image\\\/\",\"url\":\"https:\\\/\\\/adfinternational.org\\\/wp-content\\\/uploads\\\/2021\\\/08\\\/ADF_Intl_R_RGB_175px.png\",\"contentUrl\":\"https:\\\/\\\/adfinternational.org\\\/wp-content\\\/uploads\\\/2021\\\/08\\\/ADF_Intl_R_RGB_175px.png\",\"width\":175,\"height\":106,\"caption\":\"Alliance Defending Freedom International\"},\"image\":{\"@id\":\"https:\\\/\\\/adfinternational.org\\\/es\\\/#\\\/schema\\\/logo\\\/image\\\/\"},\"sameAs\":[\"https:\\\/\\\/facebook.com\\\/adfinternational\",\"https:\\\/\\\/x.com\\\/adfintl\",\"https:\\\/\\\/www.linkedin.com\\\/company\\\/adfinternational\",\"https:\\\/\\\/www.instagram.com\\\/adfinternational\\\/\"]},{\"@type\":\"Person\",\"@id\":\"https:\\\/\\\/adfinternational.org\\\/es\\\/#\\\/schema\\\/person\\\/6b776fc8535453c6aad8a6f9d78e6141\",\"name\":\"Philipp Bues\",\"image\":{\"@type\":\"ImageObject\",\"inLanguage\":\"es\",\"@id\":\"https:\\\/\\\/adfinternational.org\\\/wp-content\\\/uploads\\\/2025\\\/02\\\/Philipp-Bues-Headshot-150x150.jpg\",\"url\":\"https:\\\/\\\/adfinternational.org\\\/wp-content\\\/uploads\\\/2025\\\/02\\\/Philipp-Bues-Headshot-150x150.jpg\",\"contentUrl\":\"https:\\\/\\\/adfinternational.org\\\/wp-content\\\/uploads\\\/2025\\\/02\\\/Philipp-Bues-Headshot-150x150.jpg\",\"caption\":\"Philipp Bues\"},\"url\":\"https:\\\/\\\/adfinternational.org\\\/es\\\/author\\\/pbuesadfinternational-org\"}]}<\/script>\n<!-- \/ Yoast SEO Premium plugin. -->","yoast_head_json":{"title":"La opini\u00f3n propia no es bienvenida en la Universidad - ADF International","robots":{"index":"index","follow":"follow","max-snippet":"max-snippet:-1","max-image-preview":"max-image-preview:large","max-video-preview":"max-video-preview:-1"},"canonical":"https:\/\/adfinternational.org\/es\/noticias\/la-opinion-propia-no-es-bienvenida-en-la-universidad","og_locale":"es_ES","og_type":"article","og_title":"La opini\u00f3n propia no es bienvenida en la Universidad","og_description":"Las universidades viven del intercambio intelectual y de la exploraci\u00f3n de ideas diversas. \u00bfD\u00f3nde, si no aqu\u00ed, deber\u00edan los j\u00f3venes tener libertad para debatir opiniones diferentes?","og_url":"https:\/\/adfinternational.org\/es\/noticias\/la-opinion-propia-no-es-bienvenida-en-la-universidad","og_site_name":"ADF International","article_publisher":"https:\/\/facebook.com\/adfinternational","article_published_time":"2020-10-06T15:45:00+00:00","article_modified_time":"2024-07-30T10:10:31+00:00","og_image":[{"width":1920,"height":885,"url":"https:\/\/adfinternational.org\/wp-content\/uploads\/2021\/02\/bigstock-Students-discussing-about-the-386923483-1.jpg","type":"image\/jpeg"}],"author":"Philipp Bues","twitter_card":"summary_large_image","twitter_creator":"@adfintl","twitter_site":"@adfintl","twitter_misc":{"Escrito por":"Philipp Bues","Tiempo de lectura":"6 minutos"},"schema":{"@context":"https:\/\/schema.org","@graph":[{"@type":"Article","@id":"https:\/\/adfinternational.org\/es\/noticias\/la-opinion-propia-no-es-bienvenida-en-la-universidad#article","isPartOf":{"@id":"https:\/\/adfinternational.org\/es\/noticias\/la-opinion-propia-no-es-bienvenida-en-la-universidad"},"author":{"name":"Philipp Bues","@id":"https:\/\/adfinternational.org\/es\/#\/schema\/person\/6b776fc8535453c6aad8a6f9d78e6141"},"headline":"La opini\u00f3n propia no es bienvenida en la Universidad","datePublished":"2020-10-06T15:45:00+00:00","dateModified":"2024-07-30T10:10:31+00:00","mainEntityOfPage":{"@id":"https:\/\/adfinternational.org\/es\/noticias\/la-opinion-propia-no-es-bienvenida-en-la-universidad"},"wordCount":1266,"publisher":{"@id":"https:\/\/adfinternational.org\/es\/#organization"},"image":{"@id":"https:\/\/adfinternational.org\/es\/noticias\/la-opinion-propia-no-es-bienvenida-en-la-universidad#primaryimage"},"thumbnailUrl":"https:\/\/adfinternational.org\/wp-content\/uploads\/2021\/02\/bigstock-Students-discussing-about-the-386923483-1.jpg","keywords":["ES"],"articleSection":["noticias"],"inLanguage":"es"},{"@type":"WebPage","@id":"https:\/\/adfinternational.org\/es\/noticias\/la-opinion-propia-no-es-bienvenida-en-la-universidad","url":"https:\/\/adfinternational.org\/es\/noticias\/la-opinion-propia-no-es-bienvenida-en-la-universidad","name":"La opini\u00f3n propia no es bienvenida en la Universidad - ADF International","isPartOf":{"@id":"https:\/\/adfinternational.org\/es\/#website"},"primaryImageOfPage":{"@id":"https:\/\/adfinternational.org\/es\/noticias\/la-opinion-propia-no-es-bienvenida-en-la-universidad#primaryimage"},"image":{"@id":"https:\/\/adfinternational.org\/es\/noticias\/la-opinion-propia-no-es-bienvenida-en-la-universidad#primaryimage"},"thumbnailUrl":"https:\/\/adfinternational.org\/wp-content\/uploads\/2021\/02\/bigstock-Students-discussing-about-the-386923483-1.jpg","datePublished":"2020-10-06T15:45:00+00:00","dateModified":"2024-07-30T10:10:31+00:00","breadcrumb":{"@id":"https:\/\/adfinternational.org\/es\/noticias\/la-opinion-propia-no-es-bienvenida-en-la-universidad#breadcrumb"},"inLanguage":"es","potentialAction":[{"@type":"ReadAction","target":["https:\/\/adfinternational.org\/es\/noticias\/la-opinion-propia-no-es-bienvenida-en-la-universidad"]}]},{"@type":"ImageObject","inLanguage":"es","@id":"https:\/\/adfinternational.org\/es\/noticias\/la-opinion-propia-no-es-bienvenida-en-la-universidad#primaryimage","url":"https:\/\/adfinternational.org\/wp-content\/uploads\/2021\/02\/bigstock-Students-discussing-about-the-386923483-1.jpg","contentUrl":"https:\/\/adfinternational.org\/wp-content\/uploads\/2021\/02\/bigstock-Students-discussing-about-the-386923483-1.jpg","width":1920,"height":885,"caption":"Students discussing about the lesson at the lecture in the university amphitheater"},{"@type":"BreadcrumbList","@id":"https:\/\/adfinternational.org\/es\/noticias\/la-opinion-propia-no-es-bienvenida-en-la-universidad#breadcrumb","itemListElement":[{"@type":"ListItem","position":1,"name":"Home","item":"https:\/\/adfinternational.org\/es"},{"@type":"ListItem","position":2,"name":"La opini\u00f3n propia no es bienvenida en la Universidad"}]},{"@type":"WebSite","@id":"https:\/\/adfinternational.org\/es\/#website","url":"https:\/\/adfinternational.org\/es\/","name":"ADF International","description":"Protecting Fundamental Freedoms. Promoting Inherent Dignity.","publisher":{"@id":"https:\/\/adfinternational.org\/es\/#organization"},"potentialAction":[{"@type":"SearchAction","target":{"@type":"EntryPoint","urlTemplate":"https:\/\/adfinternational.org\/es\/?s={search_term_string}"},"query-input":{"@type":"PropertyValueSpecification","valueRequired":true,"valueName":"search_term_string"}}],"inLanguage":"es"},{"@type":"Organization","@id":"https:\/\/adfinternational.org\/es\/#organization","name":"Alliance Defending Freedom International","url":"https:\/\/adfinternational.org\/es\/","logo":{"@type":"ImageObject","inLanguage":"es","@id":"https:\/\/adfinternational.org\/es\/#\/schema\/logo\/image\/","url":"https:\/\/adfinternational.org\/wp-content\/uploads\/2021\/08\/ADF_Intl_R_RGB_175px.png","contentUrl":"https:\/\/adfinternational.org\/wp-content\/uploads\/2021\/08\/ADF_Intl_R_RGB_175px.png","width":175,"height":106,"caption":"Alliance Defending Freedom International"},"image":{"@id":"https:\/\/adfinternational.org\/es\/#\/schema\/logo\/image\/"},"sameAs":["https:\/\/facebook.com\/adfinternational","https:\/\/x.com\/adfintl","https:\/\/www.linkedin.com\/company\/adfinternational","https:\/\/www.instagram.com\/adfinternational\/"]},{"@type":"Person","@id":"https:\/\/adfinternational.org\/es\/#\/schema\/person\/6b776fc8535453c6aad8a6f9d78e6141","name":"Philipp Bues","image":{"@type":"ImageObject","inLanguage":"es","@id":"https:\/\/adfinternational.org\/wp-content\/uploads\/2025\/02\/Philipp-Bues-Headshot-150x150.jpg","url":"https:\/\/adfinternational.org\/wp-content\/uploads\/2025\/02\/Philipp-Bues-Headshot-150x150.jpg","contentUrl":"https:\/\/adfinternational.org\/wp-content\/uploads\/2025\/02\/Philipp-Bues-Headshot-150x150.jpg","caption":"Philipp Bues"},"url":"https:\/\/adfinternational.org\/es\/author\/pbuesadfinternational-org"}]}},"_links":{"self":[{"href":"https:\/\/adfinternational.org\/es\/wp-json\/wp\/v2\/posts\/6446","targetHints":{"allow":["GET"]}}],"collection":[{"href":"https:\/\/adfinternational.org\/es\/wp-json\/wp\/v2\/posts"}],"about":[{"href":"https:\/\/adfinternational.org\/es\/wp-json\/wp\/v2\/types\/post"}],"author":[{"embeddable":true,"href":"https:\/\/adfinternational.org\/es\/wp-json\/wp\/v2\/users\/44"}],"replies":[{"embeddable":true,"href":"https:\/\/adfinternational.org\/es\/wp-json\/wp\/v2\/comments?post=6446"}],"version-history":[{"count":0,"href":"https:\/\/adfinternational.org\/es\/wp-json\/wp\/v2\/posts\/6446\/revisions"}],"wp:featuredmedia":[{"embeddable":true,"href":"https:\/\/adfinternational.org\/es\/wp-json\/wp\/v2\/media\/27467"}],"wp:attachment":[{"href":"https:\/\/adfinternational.org\/es\/wp-json\/wp\/v2\/media?parent=6446"}],"wp:term":[{"taxonomy":"category","embeddable":true,"href":"https:\/\/adfinternational.org\/es\/wp-json\/wp\/v2\/categories?post=6446"},{"taxonomy":"post_tag","embeddable":true,"href":"https:\/\/adfinternational.org\/es\/wp-json\/wp\/v2\/tags?post=6446"}],"curies":[{"name":"wp","href":"https:\/\/api.w.org\/{rel}","templated":true}]}}