{"id":6554,"date":"2020-12-03T15:05:22","date_gmt":"2020-12-03T15:05:22","guid":{"rendered":"https:\/\/adfintlat.wpengine.com\/?p=6554"},"modified":"2024-02-08T13:59:30","modified_gmt":"2024-02-08T12:59:30","slug":"iglesias-en-la-mira-de-las-autoridades","status":"publish","type":"post","link":"https:\/\/adfinternational.org\/es\/noticias\/iglesias-en-la-mira-de-las-autoridades","title":{"rendered":"Las iglesias en la mira de las autoridades"},"content":{"rendered":"<p class=\"p1\">De puertas de iglesias oficialmente cerradas a la detenci\u00f3n injustificada de pastores \u2013 las autoridades chilenas est\u00e1n prestando especial atenci\u00f3n a las iglesias durante la lucha contra el virus del Covid-19. ADF International interviene y env\u00eda un mensaje a favor de la protecci\u00f3n de la libertad religiosa.<\/p>\n<p class=\"p1\">Las puertas estaban cerradas. El 29 de marzo, los cat\u00f3licos de Los \u00c1ngeles (Chile) encontraron sus iglesias clausuradas. Incluso la catedral hab\u00eda sido censurada por las autoridades. En las entradas se colocaron carteles de las autoridades de salud que prohib\u00edan el uso de la iglesia. Ni siquiera el obispo a cargo pudo cambiar esta situaci\u00f3n de forma inmediata. Los creyentes sintieron la gravedad de la situaci\u00f3n y c\u00f3mo vivir su fe o sus convicciones en el espacio p\u00fablico hab\u00eda dejado de ser algo normal e incuestionable.<\/p>\n<h2 class=\"p1\">Cierre oficial<\/h2>\n<p class=\"p1\">El gobierno chileno declar\u00f3 el estado de emergencia al inicio de la pandemia de Corona y public\u00f3 medidas para contener el virus. El obispo Felipe Bacarreza explic\u00f3 en una carta a los sacerdotes de la di\u00f3cesis de Los \u00c1ngeles que, si se cumpl\u00edan las medidas cautelares, se podr\u00edan seguir celebrando misas. Asimismo, anim\u00f3 a sus sacerdotes a apoyar al pueblo en estos momentos de crisis y a no negarles la posibilidad de practicar su fe. Al ver la carta del obispo, las autoridades de salud mandaron a clausurar todos los templos cat\u00f3licos de la ciudad tras. Las autoridades locales de varias regiones prohibieron expresamente las actividades religiosas.<\/p>\n<h2 class=\"p1\">Defender los derechos fundamentales<\/h2>\n<p class=\"p1\">\u201eSi se adoptan medidas para proteger la salud general, deben aplicarse por igual a todos los sectores de la sociedad. Se\u00f1alar y discriminar de esta manera a determinados grupos religiosos es una violaci\u00f3n inaceptable de los derechos fundamentales\u201c, dijo Tom\u00e1s Henr\u00edquez, abogado principal del equipo de ADF International en Am\u00e9rica Latina.<\/p>\n<p class=\"p1\">Finalmente se llev\u00f3 el caso a los tribunales. Sin embargo, el caso fue desestimado con el argumento de que la acci\u00f3n del gobierno en tiempos de crisis no est\u00e1 sujeta a revisi\u00f3n judicial. Posteriormente, la organizaci\u00f3n local \u00abComunidad y Justicia\u00bb, con la ayuda de ADF Internacional, se dirigi\u00f3 al principal peri\u00f3dico chileno para publicar una declaraci\u00f3n colectiva. La atenci\u00f3n de los medios de comunicaci\u00f3n gener\u00f3 r\u00e1pidamente una presi\u00f3n pol\u00edtica. Muchos parlamentarios de la capital se enteraron por primera vez de esta situaci\u00f3n y exigieron a las autoridades locales que accedieran r\u00e1pidamente. Al d\u00eda siguiente lo lograron. Los decretos ileg\u00edtimos en Los \u00c1ngeles se levantaron inmediatamente. Y las iglesias pudieron reabrir sus puertas.<\/p>\n<h2 class=\"p1\">Detenidos injustamente<\/h2>\n<p class=\"p1\">Pero poco tiempo despu\u00e9s, las mismas autoridades locales detuvieron a dos pastores. La causa era que supuestamente hab\u00edan celebrado servicios religiosos ilegales. ADF International tambi\u00e9n intervino en este caso y apoy\u00f3 en la defensa de los pastores.<\/p>\n<p class=\"p1\">\u201eEn realidad, Chile tiene un muy buen desempe\u00f1o en la protecci\u00f3n de la libertad religiosa, por lo que la situaci\u00f3n es a\u00fan m\u00e1s decepcionante\u00bb, dijo Tom\u00e1s Henr\u00edquez. \u00abLos pastores cumplieron con todas las medidas previstas contra el Covid-19 y su arresto fue completamente arbitrario. Las autoridades han puesto a las iglesias bajo la mira. \u00bfPor qu\u00e9 deber\u00eda haber medidas m\u00e1s estrictas en este caso que en otros sectores de la vida p\u00fablica?\u201c<\/p>\n<h2 class=\"p1\">Plantando un mensaje<\/h2>\n<p class=\"p1\">En \u00faltima instancia, el Tribunal de Apelaci\u00f3n en Concepci\u00f3n dictamin\u00f3 que las detenciones de los pastores fueron il\u00edcitas y se basaron en un acto administrativo irregular. La victoria de los pastores en este caso sienta un importante precedente para la libertad religiosa en este pa\u00eds latinoamericano. Incluso en tiempos de pandemia, el Estado tiene la obligaci\u00f3n de defender la libertad religiosa y garantizar a todas las personas el mismo derecho a practicar libremente su fe.<\/p>\n<p class=\"p1\">Los gobiernos alrededor del mundo han introducido medidas para combatir la pandemia. En ninguna de estas medidas se ha pretendido poner a las comunidades religiosas en desventaja frente a otras organizaciones. Henr\u00edquez: \u00abPudimos obtener una decisi\u00f3n importante en los tribunales porque se afirm\u00f3 este derecho fundamental, incluso en tiempos de circunstancias imprevistas.\u00bb<\/p>\n<h5><\/h5>\n","protected":false},"excerpt":{"rendered":"<p>De puertas de iglesias oficialmente cerradas a la detenci\u00f3n injustificada de pastores \u2013 las autoridades chilenas est\u00e1n prestando especial atenci\u00f3n a las iglesias durante la lucha contra el virus del Covid-19.<\/p>\n","protected":false},"author":44,"featured_media":38483,"comment_status":"closed","ping_status":"closed","sticky":false,"template":"","format":"standard","meta":{"_acf_changed":false,"give_campaign_id":0,"footnotes":""},"categories":[991],"tags":[1013],"class_list":["post-6554","post","type-post","status-publish","format-standard","has-post-thumbnail","hentry","category-noticias","tag-es"],"acf":[],"yoast_head":"<!-- This site is optimized with the Yoast SEO Premium plugin v27.5 (Yoast SEO v27.5) - https:\/\/yoast.com\/product\/yoast-seo-premium-wordpress\/ -->\n<title>Las iglesias en la mira de las autoridades - ADF International<\/title>\n<meta name=\"robots\" content=\"index, follow, max-snippet:-1, max-image-preview:large, max-video-preview:-1\" \/>\n<link rel=\"canonical\" href=\"https:\/\/adfinternational.org\/es\/noticias\/iglesias-en-la-mira-de-las-autoridades\" \/>\n<meta property=\"og:locale\" content=\"es_ES\" \/>\n<meta property=\"og:type\" content=\"article\" \/>\n<meta property=\"og:title\" content=\"Las iglesias en la mira de las autoridades\" \/>\n<meta property=\"og:description\" content=\"De puertas de iglesias oficialmente cerradas a la detenci\u00f3n injustificada de pastores \u2013 las autoridades chilenas est\u00e1n prestando especial atenci\u00f3n a las iglesias durante la lucha contra el virus del Covid-19.\" \/>\n<meta property=\"og:url\" content=\"https:\/\/adfinternational.org\/es\/noticias\/iglesias-en-la-mira-de-las-autoridades\" \/>\n<meta property=\"og:site_name\" content=\"ADF International\" \/>\n<meta property=\"article:publisher\" content=\"https:\/\/facebook.com\/adfinternational\" \/>\n<meta property=\"article:published_time\" content=\"2020-12-03T15:05:22+00:00\" \/>\n<meta property=\"article:modified_time\" content=\"2024-02-08T12:59:30+00:00\" \/>\n<meta property=\"og:image\" content=\"https:\/\/adfinternational.org\/wp-content\/uploads\/2022\/10\/bigstock-Metropolitan-Cathedral-Of-Sant-453321475-scaled-2.jpg\" \/>\n\t<meta property=\"og:image:width\" content=\"614\" \/>\n\t<meta property=\"og:image:height\" content=\"404\" \/>\n\t<meta property=\"og:image:type\" content=\"image\/jpeg\" \/>\n<meta name=\"author\" content=\"Philipp Bues\" \/>\n<meta name=\"twitter:card\" content=\"summary_large_image\" \/>\n<meta name=\"twitter:creator\" content=\"@adfintl\" \/>\n<meta name=\"twitter:site\" content=\"@adfintl\" \/>\n<meta name=\"twitter:label1\" content=\"Escrito por\" \/>\n\t<meta name=\"twitter:data1\" content=\"Philipp Bues\" \/>\n\t<meta name=\"twitter:label2\" content=\"Tiempo de lectura\" \/>\n\t<meta name=\"twitter:data2\" content=\"3 minutos\" \/>\n<script type=\"application\/ld+json\" class=\"yoast-schema-graph\">{\"@context\":\"https:\\\/\\\/schema.org\",\"@graph\":[{\"@type\":\"Article\",\"@id\":\"https:\\\/\\\/adfinternational.org\\\/es\\\/noticias\\\/iglesias-en-la-mira-de-las-autoridades#article\",\"isPartOf\":{\"@id\":\"https:\\\/\\\/adfinternational.org\\\/es\\\/noticias\\\/iglesias-en-la-mira-de-las-autoridades\"},\"author\":{\"name\":\"Philipp Bues\",\"@id\":\"https:\\\/\\\/adfinternational.org\\\/es\\\/#\\\/schema\\\/person\\\/6b776fc8535453c6aad8a6f9d78e6141\"},\"headline\":\"Las iglesias en la mira de las autoridades\",\"datePublished\":\"2020-12-03T15:05:22+00:00\",\"dateModified\":\"2024-02-08T12:59:30+00:00\",\"mainEntityOfPage\":{\"@id\":\"https:\\\/\\\/adfinternational.org\\\/es\\\/noticias\\\/iglesias-en-la-mira-de-las-autoridades\"},\"wordCount\":712,\"publisher\":{\"@id\":\"https:\\\/\\\/adfinternational.org\\\/es\\\/#organization\"},\"image\":{\"@id\":\"https:\\\/\\\/adfinternational.org\\\/es\\\/noticias\\\/iglesias-en-la-mira-de-las-autoridades#primaryimage\"},\"thumbnailUrl\":\"https:\\\/\\\/adfinternational.org\\\/wp-content\\\/uploads\\\/2022\\\/10\\\/bigstock-Metropolitan-Cathedral-Of-Sant-453321475-scaled-2.jpg\",\"keywords\":[\"ES\"],\"articleSection\":[\"noticias\"],\"inLanguage\":\"es\"},{\"@type\":\"WebPage\",\"@id\":\"https:\\\/\\\/adfinternational.org\\\/es\\\/noticias\\\/iglesias-en-la-mira-de-las-autoridades\",\"url\":\"https:\\\/\\\/adfinternational.org\\\/es\\\/noticias\\\/iglesias-en-la-mira-de-las-autoridades\",\"name\":\"Las iglesias en la mira de las autoridades - ADF International\",\"isPartOf\":{\"@id\":\"https:\\\/\\\/adfinternational.org\\\/es\\\/#website\"},\"primaryImageOfPage\":{\"@id\":\"https:\\\/\\\/adfinternational.org\\\/es\\\/noticias\\\/iglesias-en-la-mira-de-las-autoridades#primaryimage\"},\"image\":{\"@id\":\"https:\\\/\\\/adfinternational.org\\\/es\\\/noticias\\\/iglesias-en-la-mira-de-las-autoridades#primaryimage\"},\"thumbnailUrl\":\"https:\\\/\\\/adfinternational.org\\\/wp-content\\\/uploads\\\/2022\\\/10\\\/bigstock-Metropolitan-Cathedral-Of-Sant-453321475-scaled-2.jpg\",\"datePublished\":\"2020-12-03T15:05:22+00:00\",\"dateModified\":\"2024-02-08T12:59:30+00:00\",\"breadcrumb\":{\"@id\":\"https:\\\/\\\/adfinternational.org\\\/es\\\/noticias\\\/iglesias-en-la-mira-de-las-autoridades#breadcrumb\"},\"inLanguage\":\"es\",\"potentialAction\":[{\"@type\":\"ReadAction\",\"target\":[\"https:\\\/\\\/adfinternational.org\\\/es\\\/noticias\\\/iglesias-en-la-mira-de-las-autoridades\"]}]},{\"@type\":\"ImageObject\",\"inLanguage\":\"es\",\"@id\":\"https:\\\/\\\/adfinternational.org\\\/es\\\/noticias\\\/iglesias-en-la-mira-de-las-autoridades#primaryimage\",\"url\":\"https:\\\/\\\/adfinternational.org\\\/wp-content\\\/uploads\\\/2022\\\/10\\\/bigstock-Metropolitan-Cathedral-Of-Sant-453321475-scaled-2.jpg\",\"contentUrl\":\"https:\\\/\\\/adfinternational.org\\\/wp-content\\\/uploads\\\/2022\\\/10\\\/bigstock-Metropolitan-Cathedral-Of-Sant-453321475-scaled-2.jpg\",\"width\":614,\"height\":404,\"caption\":\"Metropolitan Cathedral of Santiago, Amazing Landmark on the Plaza de Armas Square in Santiago, Capital City of Chile, South America, 12th Apr 2018\"},{\"@type\":\"BreadcrumbList\",\"@id\":\"https:\\\/\\\/adfinternational.org\\\/es\\\/noticias\\\/iglesias-en-la-mira-de-las-autoridades#breadcrumb\",\"itemListElement\":[{\"@type\":\"ListItem\",\"position\":1,\"name\":\"Home\",\"item\":\"https:\\\/\\\/adfinternational.org\\\/es\"},{\"@type\":\"ListItem\",\"position\":2,\"name\":\"Las iglesias en la mira de las autoridades\"}]},{\"@type\":\"WebSite\",\"@id\":\"https:\\\/\\\/adfinternational.org\\\/es\\\/#website\",\"url\":\"https:\\\/\\\/adfinternational.org\\\/es\\\/\",\"name\":\"ADF International\",\"description\":\"Protecting Fundamental Freedoms. Promoting Inherent Dignity.\",\"publisher\":{\"@id\":\"https:\\\/\\\/adfinternational.org\\\/es\\\/#organization\"},\"potentialAction\":[{\"@type\":\"SearchAction\",\"target\":{\"@type\":\"EntryPoint\",\"urlTemplate\":\"https:\\\/\\\/adfinternational.org\\\/es\\\/?s={search_term_string}\"},\"query-input\":{\"@type\":\"PropertyValueSpecification\",\"valueRequired\":true,\"valueName\":\"search_term_string\"}}],\"inLanguage\":\"es\"},{\"@type\":\"Organization\",\"@id\":\"https:\\\/\\\/adfinternational.org\\\/es\\\/#organization\",\"name\":\"Alliance Defending Freedom International\",\"url\":\"https:\\\/\\\/adfinternational.org\\\/es\\\/\",\"logo\":{\"@type\":\"ImageObject\",\"inLanguage\":\"es\",\"@id\":\"https:\\\/\\\/adfinternational.org\\\/es\\\/#\\\/schema\\\/logo\\\/image\\\/\",\"url\":\"https:\\\/\\\/adfinternational.org\\\/wp-content\\\/uploads\\\/2021\\\/08\\\/ADF_Intl_R_RGB_175px.png\",\"contentUrl\":\"https:\\\/\\\/adfinternational.org\\\/wp-content\\\/uploads\\\/2021\\\/08\\\/ADF_Intl_R_RGB_175px.png\",\"width\":175,\"height\":106,\"caption\":\"Alliance Defending Freedom International\"},\"image\":{\"@id\":\"https:\\\/\\\/adfinternational.org\\\/es\\\/#\\\/schema\\\/logo\\\/image\\\/\"},\"sameAs\":[\"https:\\\/\\\/facebook.com\\\/adfinternational\",\"https:\\\/\\\/x.com\\\/adfintl\",\"https:\\\/\\\/www.linkedin.com\\\/company\\\/adfinternational\",\"https:\\\/\\\/www.instagram.com\\\/adfinternational\\\/\"]},{\"@type\":\"Person\",\"@id\":\"https:\\\/\\\/adfinternational.org\\\/es\\\/#\\\/schema\\\/person\\\/6b776fc8535453c6aad8a6f9d78e6141\",\"name\":\"Philipp Bues\",\"image\":{\"@type\":\"ImageObject\",\"inLanguage\":\"es\",\"@id\":\"https:\\\/\\\/adfinternational.org\\\/wp-content\\\/uploads\\\/2025\\\/02\\\/Philipp-Bues-Headshot-150x150.jpg\",\"url\":\"https:\\\/\\\/adfinternational.org\\\/wp-content\\\/uploads\\\/2025\\\/02\\\/Philipp-Bues-Headshot-150x150.jpg\",\"contentUrl\":\"https:\\\/\\\/adfinternational.org\\\/wp-content\\\/uploads\\\/2025\\\/02\\\/Philipp-Bues-Headshot-150x150.jpg\",\"caption\":\"Philipp Bues\"},\"url\":\"https:\\\/\\\/adfinternational.org\\\/es\\\/author\\\/pbuesadfinternational-org\"}]}<\/script>\n<!-- \/ Yoast SEO Premium plugin. -->","yoast_head_json":{"title":"Las iglesias en la mira de las autoridades - ADF International","robots":{"index":"index","follow":"follow","max-snippet":"max-snippet:-1","max-image-preview":"max-image-preview:large","max-video-preview":"max-video-preview:-1"},"canonical":"https:\/\/adfinternational.org\/es\/noticias\/iglesias-en-la-mira-de-las-autoridades","og_locale":"es_ES","og_type":"article","og_title":"Las iglesias en la mira de las autoridades","og_description":"De puertas de iglesias oficialmente cerradas a la detenci\u00f3n injustificada de pastores \u2013 las autoridades chilenas est\u00e1n prestando especial atenci\u00f3n a las iglesias durante la lucha contra el virus del Covid-19.","og_url":"https:\/\/adfinternational.org\/es\/noticias\/iglesias-en-la-mira-de-las-autoridades","og_site_name":"ADF International","article_publisher":"https:\/\/facebook.com\/adfinternational","article_published_time":"2020-12-03T15:05:22+00:00","article_modified_time":"2024-02-08T12:59:30+00:00","og_image":[{"width":614,"height":404,"url":"https:\/\/adfinternational.org\/wp-content\/uploads\/2022\/10\/bigstock-Metropolitan-Cathedral-Of-Sant-453321475-scaled-2.jpg","type":"image\/jpeg"}],"author":"Philipp Bues","twitter_card":"summary_large_image","twitter_creator":"@adfintl","twitter_site":"@adfintl","twitter_misc":{"Escrito por":"Philipp Bues","Tiempo de lectura":"3 minutos"},"schema":{"@context":"https:\/\/schema.org","@graph":[{"@type":"Article","@id":"https:\/\/adfinternational.org\/es\/noticias\/iglesias-en-la-mira-de-las-autoridades#article","isPartOf":{"@id":"https:\/\/adfinternational.org\/es\/noticias\/iglesias-en-la-mira-de-las-autoridades"},"author":{"name":"Philipp Bues","@id":"https:\/\/adfinternational.org\/es\/#\/schema\/person\/6b776fc8535453c6aad8a6f9d78e6141"},"headline":"Las iglesias en la mira de las autoridades","datePublished":"2020-12-03T15:05:22+00:00","dateModified":"2024-02-08T12:59:30+00:00","mainEntityOfPage":{"@id":"https:\/\/adfinternational.org\/es\/noticias\/iglesias-en-la-mira-de-las-autoridades"},"wordCount":712,"publisher":{"@id":"https:\/\/adfinternational.org\/es\/#organization"},"image":{"@id":"https:\/\/adfinternational.org\/es\/noticias\/iglesias-en-la-mira-de-las-autoridades#primaryimage"},"thumbnailUrl":"https:\/\/adfinternational.org\/wp-content\/uploads\/2022\/10\/bigstock-Metropolitan-Cathedral-Of-Sant-453321475-scaled-2.jpg","keywords":["ES"],"articleSection":["noticias"],"inLanguage":"es"},{"@type":"WebPage","@id":"https:\/\/adfinternational.org\/es\/noticias\/iglesias-en-la-mira-de-las-autoridades","url":"https:\/\/adfinternational.org\/es\/noticias\/iglesias-en-la-mira-de-las-autoridades","name":"Las iglesias en la mira de las autoridades - ADF International","isPartOf":{"@id":"https:\/\/adfinternational.org\/es\/#website"},"primaryImageOfPage":{"@id":"https:\/\/adfinternational.org\/es\/noticias\/iglesias-en-la-mira-de-las-autoridades#primaryimage"},"image":{"@id":"https:\/\/adfinternational.org\/es\/noticias\/iglesias-en-la-mira-de-las-autoridades#primaryimage"},"thumbnailUrl":"https:\/\/adfinternational.org\/wp-content\/uploads\/2022\/10\/bigstock-Metropolitan-Cathedral-Of-Sant-453321475-scaled-2.jpg","datePublished":"2020-12-03T15:05:22+00:00","dateModified":"2024-02-08T12:59:30+00:00","breadcrumb":{"@id":"https:\/\/adfinternational.org\/es\/noticias\/iglesias-en-la-mira-de-las-autoridades#breadcrumb"},"inLanguage":"es","potentialAction":[{"@type":"ReadAction","target":["https:\/\/adfinternational.org\/es\/noticias\/iglesias-en-la-mira-de-las-autoridades"]}]},{"@type":"ImageObject","inLanguage":"es","@id":"https:\/\/adfinternational.org\/es\/noticias\/iglesias-en-la-mira-de-las-autoridades#primaryimage","url":"https:\/\/adfinternational.org\/wp-content\/uploads\/2022\/10\/bigstock-Metropolitan-Cathedral-Of-Sant-453321475-scaled-2.jpg","contentUrl":"https:\/\/adfinternational.org\/wp-content\/uploads\/2022\/10\/bigstock-Metropolitan-Cathedral-Of-Sant-453321475-scaled-2.jpg","width":614,"height":404,"caption":"Metropolitan Cathedral of Santiago, Amazing Landmark on the Plaza de Armas Square in Santiago, Capital City of Chile, South America, 12th Apr 2018"},{"@type":"BreadcrumbList","@id":"https:\/\/adfinternational.org\/es\/noticias\/iglesias-en-la-mira-de-las-autoridades#breadcrumb","itemListElement":[{"@type":"ListItem","position":1,"name":"Home","item":"https:\/\/adfinternational.org\/es"},{"@type":"ListItem","position":2,"name":"Las iglesias en la mira de las autoridades"}]},{"@type":"WebSite","@id":"https:\/\/adfinternational.org\/es\/#website","url":"https:\/\/adfinternational.org\/es\/","name":"ADF International","description":"Protecting Fundamental Freedoms. Promoting Inherent Dignity.","publisher":{"@id":"https:\/\/adfinternational.org\/es\/#organization"},"potentialAction":[{"@type":"SearchAction","target":{"@type":"EntryPoint","urlTemplate":"https:\/\/adfinternational.org\/es\/?s={search_term_string}"},"query-input":{"@type":"PropertyValueSpecification","valueRequired":true,"valueName":"search_term_string"}}],"inLanguage":"es"},{"@type":"Organization","@id":"https:\/\/adfinternational.org\/es\/#organization","name":"Alliance Defending Freedom International","url":"https:\/\/adfinternational.org\/es\/","logo":{"@type":"ImageObject","inLanguage":"es","@id":"https:\/\/adfinternational.org\/es\/#\/schema\/logo\/image\/","url":"https:\/\/adfinternational.org\/wp-content\/uploads\/2021\/08\/ADF_Intl_R_RGB_175px.png","contentUrl":"https:\/\/adfinternational.org\/wp-content\/uploads\/2021\/08\/ADF_Intl_R_RGB_175px.png","width":175,"height":106,"caption":"Alliance Defending Freedom International"},"image":{"@id":"https:\/\/adfinternational.org\/es\/#\/schema\/logo\/image\/"},"sameAs":["https:\/\/facebook.com\/adfinternational","https:\/\/x.com\/adfintl","https:\/\/www.linkedin.com\/company\/adfinternational","https:\/\/www.instagram.com\/adfinternational\/"]},{"@type":"Person","@id":"https:\/\/adfinternational.org\/es\/#\/schema\/person\/6b776fc8535453c6aad8a6f9d78e6141","name":"Philipp Bues","image":{"@type":"ImageObject","inLanguage":"es","@id":"https:\/\/adfinternational.org\/wp-content\/uploads\/2025\/02\/Philipp-Bues-Headshot-150x150.jpg","url":"https:\/\/adfinternational.org\/wp-content\/uploads\/2025\/02\/Philipp-Bues-Headshot-150x150.jpg","contentUrl":"https:\/\/adfinternational.org\/wp-content\/uploads\/2025\/02\/Philipp-Bues-Headshot-150x150.jpg","caption":"Philipp Bues"},"url":"https:\/\/adfinternational.org\/es\/author\/pbuesadfinternational-org"}]}},"_links":{"self":[{"href":"https:\/\/adfinternational.org\/es\/wp-json\/wp\/v2\/posts\/6554","targetHints":{"allow":["GET"]}}],"collection":[{"href":"https:\/\/adfinternational.org\/es\/wp-json\/wp\/v2\/posts"}],"about":[{"href":"https:\/\/adfinternational.org\/es\/wp-json\/wp\/v2\/types\/post"}],"author":[{"embeddable":true,"href":"https:\/\/adfinternational.org\/es\/wp-json\/wp\/v2\/users\/44"}],"replies":[{"embeddable":true,"href":"https:\/\/adfinternational.org\/es\/wp-json\/wp\/v2\/comments?post=6554"}],"version-history":[{"count":0,"href":"https:\/\/adfinternational.org\/es\/wp-json\/wp\/v2\/posts\/6554\/revisions"}],"wp:featuredmedia":[{"embeddable":true,"href":"https:\/\/adfinternational.org\/es\/wp-json\/wp\/v2\/media\/38483"}],"wp:attachment":[{"href":"https:\/\/adfinternational.org\/es\/wp-json\/wp\/v2\/media?parent=6554"}],"wp:term":[{"taxonomy":"category","embeddable":true,"href":"https:\/\/adfinternational.org\/es\/wp-json\/wp\/v2\/categories?post=6554"},{"taxonomy":"post_tag","embeddable":true,"href":"https:\/\/adfinternational.org\/es\/wp-json\/wp\/v2\/tags?post=6554"}],"curies":[{"name":"wp","href":"https:\/\/api.w.org\/{rel}","templated":true}]}}