{"id":6671,"date":"2021-02-04T14:46:41","date_gmt":"2021-02-04T14:46:41","guid":{"rendered":"https:\/\/adfintlat.wpengine.com\/?p=6671"},"modified":"2024-07-30T11:00:52","modified_gmt":"2024-07-30T10:00:52","slug":"inglaterra-covid-19","status":"publish","type":"post","link":"https:\/\/adfinternational.org\/es\/comentario\/inglaterra-covid-19","title":{"rendered":"Los retrasos judiciales dieron al Gobierno mayor autoridad durante la pandemia de Covid-19"},"content":{"rendered":"\t\t<div data-elementor-type=\"wp-post\" data-elementor-id=\"6671\" class=\"elementor elementor-6671\" data-elementor-post-type=\"post\">\n\t\t\t\t\t\t<section class=\"elementor-section elementor-top-section elementor-element elementor-element-2957c05c elementor-section-boxed elementor-section-height-default elementor-section-height-default\" data-id=\"2957c05c\" data-element_type=\"section\" data-e-type=\"section\">\n\t\t\t\t\t\t<div class=\"elementor-container elementor-column-gap-default\">\n\t\t\t\t\t<div class=\"elementor-column elementor-col-100 elementor-top-column elementor-element elementor-element-361673d3\" data-id=\"361673d3\" data-element_type=\"column\" data-e-type=\"column\">\n\t\t\t<div class=\"elementor-widget-wrap elementor-element-populated\">\n\t\t\t\t\t\t<div class=\"elementor-element elementor-element-30c69fb elementor-widget elementor-widget-text-editor\" data-id=\"30c69fb\" data-element_type=\"widget\" data-e-type=\"widget\" data-widget_type=\"text-editor.default\">\n\t\t\t\t<div class=\"elementor-widget-container\">\n\t\t\t\t\t\t\t\t\tNo fue hasta el invierno pasado cuando una nueva normativa nos confin\u00f3 en nuestras casas, nos impidi\u00f3 reunirnos y dio a la polic\u00eda poderes adicionales. Luego, la legislaci\u00f3n de emergencia prohibi\u00f3 nuestra libertad de culto, haciendo caso omiso de siglos en los que este derecho ha estado <a href=\"https:\/\/www.legislation.gov.uk\/aep\/Edw1cc1929\/25\/9\">firmemente protegido por la ley<\/a>.\n\nM\u00e1s informaci\u00f3n (<a href=\"https:\/\/thecritic.co.uk\/court-out\/\">The Critic<\/a>)&#8230;\t\t\t\t\t\t\t\t<\/div>\n\t\t\t\t<\/div>\n\t\t\t\t\t<\/div>\n\t\t<\/div>\n\t\t\t\t\t<\/div>\n\t\t<\/section>\n\t\t\t\t<\/div>\n\t\t","protected":false},"excerpt":{"rendered":"<p>No fue hasta el invierno pasado cuando una nueva normativa nos confin\u00f3 en nuestras casas, nos impidi\u00f3 reunirnos y dio a la polic\u00eda poderes adicionales.<\/p>\n","protected":false},"author":44,"featured_media":31124,"comment_status":"closed","ping_status":"closed","sticky":false,"template":"","format":"standard","meta":{"_acf_changed":false,"give_campaign_id":0,"footnotes":""},"categories":[990],"tags":[1013],"class_list":["post-6671","post","type-post","status-publish","format-standard","has-post-thumbnail","hentry","category-comentario","tag-es"],"acf":[],"yoast_head":"<!-- This site is optimized with the Yoast SEO Premium plugin v27.5 (Yoast SEO v27.5) - https:\/\/yoast.com\/product\/yoast-seo-premium-wordpress\/ -->\n<title>Los retrasos judiciales dieron al Gobierno mayor autoridad durante la pandemia de Covid-19 - ADF International<\/title>\n<meta name=\"robots\" content=\"index, follow, max-snippet:-1, max-image-preview:large, max-video-preview:-1\" \/>\n<link rel=\"canonical\" href=\"https:\/\/adfinternational.org\/es\/comentario\/inglaterra-covid-19\" \/>\n<meta property=\"og:locale\" content=\"es_ES\" \/>\n<meta property=\"og:type\" content=\"article\" \/>\n<meta property=\"og:title\" content=\"Los retrasos judiciales dieron al Gobierno mayor autoridad durante la pandemia de Covid-19\" \/>\n<meta property=\"og:description\" content=\"No fue hasta el invierno pasado cuando una nueva normativa nos confin\u00f3 en nuestras casas, nos impidi\u00f3 reunirnos y dio a la polic\u00eda poderes adicionales.\" \/>\n<meta property=\"og:url\" content=\"https:\/\/adfinternational.org\/es\/comentario\/inglaterra-covid-19\" \/>\n<meta property=\"og:site_name\" content=\"ADF International\" \/>\n<meta property=\"article:publisher\" content=\"https:\/\/facebook.com\/adfinternational\" \/>\n<meta property=\"article:published_time\" content=\"2021-02-04T14:46:41+00:00\" \/>\n<meta property=\"article:modified_time\" content=\"2024-07-30T10:00:52+00:00\" \/>\n<meta property=\"og:image\" content=\"https:\/\/adfinternational.org\/wp-content\/uploads\/2021\/01\/bigstock-Legal-Concept-Still-Life-Of-Ba-295834957.jpg\" \/>\n\t<meta property=\"og:image:width\" content=\"1920\" \/>\n\t<meta property=\"og:image:height\" content=\"885\" \/>\n\t<meta property=\"og:image:type\" content=\"image\/jpeg\" \/>\n<meta name=\"author\" content=\"Philipp Bues\" \/>\n<meta name=\"twitter:card\" content=\"summary_large_image\" \/>\n<meta name=\"twitter:creator\" content=\"@adfintl\" \/>\n<meta name=\"twitter:site\" content=\"@adfintl\" \/>\n<meta name=\"twitter:label1\" content=\"Escrito por\" \/>\n\t<meta name=\"twitter:data1\" content=\"Philipp Bues\" \/>\n\t<meta name=\"twitter:label2\" content=\"Tiempo de lectura\" \/>\n\t<meta name=\"twitter:data2\" content=\"1 minuto\" \/>\n<script type=\"application\/ld+json\" class=\"yoast-schema-graph\">{\"@context\":\"https:\\\/\\\/schema.org\",\"@graph\":[{\"@type\":\"Article\",\"@id\":\"https:\\\/\\\/adfinternational.org\\\/es\\\/comentario\\\/inglaterra-covid-19#article\",\"isPartOf\":{\"@id\":\"https:\\\/\\\/adfinternational.org\\\/es\\\/comentario\\\/inglaterra-covid-19\"},\"author\":{\"name\":\"Philipp Bues\",\"@id\":\"https:\\\/\\\/adfinternational.org\\\/es\\\/#\\\/schema\\\/person\\\/6b776fc8535453c6aad8a6f9d78e6141\"},\"headline\":\"Los retrasos judiciales dieron al Gobierno mayor autoridad durante la pandemia de Covid-19\",\"datePublished\":\"2021-02-04T14:46:41+00:00\",\"dateModified\":\"2024-07-30T10:00:52+00:00\",\"mainEntityOfPage\":{\"@id\":\"https:\\\/\\\/adfinternational.org\\\/es\\\/comentario\\\/inglaterra-covid-19\"},\"wordCount\":73,\"publisher\":{\"@id\":\"https:\\\/\\\/adfinternational.org\\\/es\\\/#organization\"},\"image\":{\"@id\":\"https:\\\/\\\/adfinternational.org\\\/es\\\/comentario\\\/inglaterra-covid-19#primaryimage\"},\"thumbnailUrl\":\"https:\\\/\\\/adfinternational.org\\\/wp-content\\\/uploads\\\/2021\\\/01\\\/bigstock-Legal-Concept-Still-Life-Of-Ba-295834957.jpg\",\"keywords\":[\"ES\"],\"articleSection\":[\"comentario\"],\"inLanguage\":\"es\"},{\"@type\":\"WebPage\",\"@id\":\"https:\\\/\\\/adfinternational.org\\\/es\\\/comentario\\\/inglaterra-covid-19\",\"url\":\"https:\\\/\\\/adfinternational.org\\\/es\\\/comentario\\\/inglaterra-covid-19\",\"name\":\"Los retrasos judiciales dieron al Gobierno mayor autoridad durante la pandemia de Covid-19 - ADF International\",\"isPartOf\":{\"@id\":\"https:\\\/\\\/adfinternational.org\\\/es\\\/#website\"},\"primaryImageOfPage\":{\"@id\":\"https:\\\/\\\/adfinternational.org\\\/es\\\/comentario\\\/inglaterra-covid-19#primaryimage\"},\"image\":{\"@id\":\"https:\\\/\\\/adfinternational.org\\\/es\\\/comentario\\\/inglaterra-covid-19#primaryimage\"},\"thumbnailUrl\":\"https:\\\/\\\/adfinternational.org\\\/wp-content\\\/uploads\\\/2021\\\/01\\\/bigstock-Legal-Concept-Still-Life-Of-Ba-295834957.jpg\",\"datePublished\":\"2021-02-04T14:46:41+00:00\",\"dateModified\":\"2024-07-30T10:00:52+00:00\",\"breadcrumb\":{\"@id\":\"https:\\\/\\\/adfinternational.org\\\/es\\\/comentario\\\/inglaterra-covid-19#breadcrumb\"},\"inLanguage\":\"es\",\"potentialAction\":[{\"@type\":\"ReadAction\",\"target\":[\"https:\\\/\\\/adfinternational.org\\\/es\\\/comentario\\\/inglaterra-covid-19\"]}]},{\"@type\":\"ImageObject\",\"inLanguage\":\"es\",\"@id\":\"https:\\\/\\\/adfinternational.org\\\/es\\\/comentario\\\/inglaterra-covid-19#primaryimage\",\"url\":\"https:\\\/\\\/adfinternational.org\\\/wp-content\\\/uploads\\\/2021\\\/01\\\/bigstock-Legal-Concept-Still-Life-Of-Ba-295834957.jpg\",\"contentUrl\":\"https:\\\/\\\/adfinternational.org\\\/wp-content\\\/uploads\\\/2021\\\/01\\\/bigstock-Legal-Concept-Still-Life-Of-Ba-295834957.jpg\",\"width\":1920,\"height\":885},{\"@type\":\"BreadcrumbList\",\"@id\":\"https:\\\/\\\/adfinternational.org\\\/es\\\/comentario\\\/inglaterra-covid-19#breadcrumb\",\"itemListElement\":[{\"@type\":\"ListItem\",\"position\":1,\"name\":\"Home\",\"item\":\"https:\\\/\\\/adfinternational.org\\\/es\"},{\"@type\":\"ListItem\",\"position\":2,\"name\":\"Los retrasos judiciales dieron al Gobierno mayor autoridad durante la pandemia de Covid-19\"}]},{\"@type\":\"WebSite\",\"@id\":\"https:\\\/\\\/adfinternational.org\\\/es\\\/#website\",\"url\":\"https:\\\/\\\/adfinternational.org\\\/es\\\/\",\"name\":\"ADF International\",\"description\":\"Protecting Fundamental Freedoms. Promoting Inherent Dignity.\",\"publisher\":{\"@id\":\"https:\\\/\\\/adfinternational.org\\\/es\\\/#organization\"},\"potentialAction\":[{\"@type\":\"SearchAction\",\"target\":{\"@type\":\"EntryPoint\",\"urlTemplate\":\"https:\\\/\\\/adfinternational.org\\\/es\\\/?s={search_term_string}\"},\"query-input\":{\"@type\":\"PropertyValueSpecification\",\"valueRequired\":true,\"valueName\":\"search_term_string\"}}],\"inLanguage\":\"es\"},{\"@type\":\"Organization\",\"@id\":\"https:\\\/\\\/adfinternational.org\\\/es\\\/#organization\",\"name\":\"Alliance Defending Freedom International\",\"url\":\"https:\\\/\\\/adfinternational.org\\\/es\\\/\",\"logo\":{\"@type\":\"ImageObject\",\"inLanguage\":\"es\",\"@id\":\"https:\\\/\\\/adfinternational.org\\\/es\\\/#\\\/schema\\\/logo\\\/image\\\/\",\"url\":\"https:\\\/\\\/adfinternational.org\\\/wp-content\\\/uploads\\\/2021\\\/08\\\/ADF_Intl_R_RGB_175px.png\",\"contentUrl\":\"https:\\\/\\\/adfinternational.org\\\/wp-content\\\/uploads\\\/2021\\\/08\\\/ADF_Intl_R_RGB_175px.png\",\"width\":175,\"height\":106,\"caption\":\"Alliance Defending Freedom International\"},\"image\":{\"@id\":\"https:\\\/\\\/adfinternational.org\\\/es\\\/#\\\/schema\\\/logo\\\/image\\\/\"},\"sameAs\":[\"https:\\\/\\\/facebook.com\\\/adfinternational\",\"https:\\\/\\\/x.com\\\/adfintl\",\"https:\\\/\\\/www.linkedin.com\\\/company\\\/adfinternational\",\"https:\\\/\\\/www.instagram.com\\\/adfinternational\\\/\"]},{\"@type\":\"Person\",\"@id\":\"https:\\\/\\\/adfinternational.org\\\/es\\\/#\\\/schema\\\/person\\\/6b776fc8535453c6aad8a6f9d78e6141\",\"name\":\"Philipp Bues\",\"image\":{\"@type\":\"ImageObject\",\"inLanguage\":\"es\",\"@id\":\"https:\\\/\\\/adfinternational.org\\\/wp-content\\\/uploads\\\/2025\\\/02\\\/Philipp-Bues-Headshot-150x150.jpg\",\"url\":\"https:\\\/\\\/adfinternational.org\\\/wp-content\\\/uploads\\\/2025\\\/02\\\/Philipp-Bues-Headshot-150x150.jpg\",\"contentUrl\":\"https:\\\/\\\/adfinternational.org\\\/wp-content\\\/uploads\\\/2025\\\/02\\\/Philipp-Bues-Headshot-150x150.jpg\",\"caption\":\"Philipp Bues\"},\"url\":\"https:\\\/\\\/adfinternational.org\\\/es\\\/author\\\/pbuesadfinternational-org\"}]}<\/script>\n<!-- \/ Yoast SEO Premium plugin. -->","yoast_head_json":{"title":"Los retrasos judiciales dieron al Gobierno mayor autoridad durante la pandemia de Covid-19 - ADF International","robots":{"index":"index","follow":"follow","max-snippet":"max-snippet:-1","max-image-preview":"max-image-preview:large","max-video-preview":"max-video-preview:-1"},"canonical":"https:\/\/adfinternational.org\/es\/comentario\/inglaterra-covid-19","og_locale":"es_ES","og_type":"article","og_title":"Los retrasos judiciales dieron al Gobierno mayor autoridad durante la pandemia de Covid-19","og_description":"No fue hasta el invierno pasado cuando una nueva normativa nos confin\u00f3 en nuestras casas, nos impidi\u00f3 reunirnos y dio a la polic\u00eda poderes adicionales.","og_url":"https:\/\/adfinternational.org\/es\/comentario\/inglaterra-covid-19","og_site_name":"ADF International","article_publisher":"https:\/\/facebook.com\/adfinternational","article_published_time":"2021-02-04T14:46:41+00:00","article_modified_time":"2024-07-30T10:00:52+00:00","og_image":[{"width":1920,"height":885,"url":"https:\/\/adfinternational.org\/wp-content\/uploads\/2021\/01\/bigstock-Legal-Concept-Still-Life-Of-Ba-295834957.jpg","type":"image\/jpeg"}],"author":"Philipp Bues","twitter_card":"summary_large_image","twitter_creator":"@adfintl","twitter_site":"@adfintl","twitter_misc":{"Escrito por":"Philipp Bues","Tiempo de lectura":"1 minuto"},"schema":{"@context":"https:\/\/schema.org","@graph":[{"@type":"Article","@id":"https:\/\/adfinternational.org\/es\/comentario\/inglaterra-covid-19#article","isPartOf":{"@id":"https:\/\/adfinternational.org\/es\/comentario\/inglaterra-covid-19"},"author":{"name":"Philipp Bues","@id":"https:\/\/adfinternational.org\/es\/#\/schema\/person\/6b776fc8535453c6aad8a6f9d78e6141"},"headline":"Los retrasos judiciales dieron al Gobierno mayor autoridad durante la pandemia de Covid-19","datePublished":"2021-02-04T14:46:41+00:00","dateModified":"2024-07-30T10:00:52+00:00","mainEntityOfPage":{"@id":"https:\/\/adfinternational.org\/es\/comentario\/inglaterra-covid-19"},"wordCount":73,"publisher":{"@id":"https:\/\/adfinternational.org\/es\/#organization"},"image":{"@id":"https:\/\/adfinternational.org\/es\/comentario\/inglaterra-covid-19#primaryimage"},"thumbnailUrl":"https:\/\/adfinternational.org\/wp-content\/uploads\/2021\/01\/bigstock-Legal-Concept-Still-Life-Of-Ba-295834957.jpg","keywords":["ES"],"articleSection":["comentario"],"inLanguage":"es"},{"@type":"WebPage","@id":"https:\/\/adfinternational.org\/es\/comentario\/inglaterra-covid-19","url":"https:\/\/adfinternational.org\/es\/comentario\/inglaterra-covid-19","name":"Los retrasos judiciales dieron al Gobierno mayor autoridad durante la pandemia de Covid-19 - ADF International","isPartOf":{"@id":"https:\/\/adfinternational.org\/es\/#website"},"primaryImageOfPage":{"@id":"https:\/\/adfinternational.org\/es\/comentario\/inglaterra-covid-19#primaryimage"},"image":{"@id":"https:\/\/adfinternational.org\/es\/comentario\/inglaterra-covid-19#primaryimage"},"thumbnailUrl":"https:\/\/adfinternational.org\/wp-content\/uploads\/2021\/01\/bigstock-Legal-Concept-Still-Life-Of-Ba-295834957.jpg","datePublished":"2021-02-04T14:46:41+00:00","dateModified":"2024-07-30T10:00:52+00:00","breadcrumb":{"@id":"https:\/\/adfinternational.org\/es\/comentario\/inglaterra-covid-19#breadcrumb"},"inLanguage":"es","potentialAction":[{"@type":"ReadAction","target":["https:\/\/adfinternational.org\/es\/comentario\/inglaterra-covid-19"]}]},{"@type":"ImageObject","inLanguage":"es","@id":"https:\/\/adfinternational.org\/es\/comentario\/inglaterra-covid-19#primaryimage","url":"https:\/\/adfinternational.org\/wp-content\/uploads\/2021\/01\/bigstock-Legal-Concept-Still-Life-Of-Ba-295834957.jpg","contentUrl":"https:\/\/adfinternational.org\/wp-content\/uploads\/2021\/01\/bigstock-Legal-Concept-Still-Life-Of-Ba-295834957.jpg","width":1920,"height":885},{"@type":"BreadcrumbList","@id":"https:\/\/adfinternational.org\/es\/comentario\/inglaterra-covid-19#breadcrumb","itemListElement":[{"@type":"ListItem","position":1,"name":"Home","item":"https:\/\/adfinternational.org\/es"},{"@type":"ListItem","position":2,"name":"Los retrasos judiciales dieron al Gobierno mayor autoridad durante la pandemia de Covid-19"}]},{"@type":"WebSite","@id":"https:\/\/adfinternational.org\/es\/#website","url":"https:\/\/adfinternational.org\/es\/","name":"ADF International","description":"Protecting Fundamental Freedoms. Promoting Inherent Dignity.","publisher":{"@id":"https:\/\/adfinternational.org\/es\/#organization"},"potentialAction":[{"@type":"SearchAction","target":{"@type":"EntryPoint","urlTemplate":"https:\/\/adfinternational.org\/es\/?s={search_term_string}"},"query-input":{"@type":"PropertyValueSpecification","valueRequired":true,"valueName":"search_term_string"}}],"inLanguage":"es"},{"@type":"Organization","@id":"https:\/\/adfinternational.org\/es\/#organization","name":"Alliance Defending Freedom International","url":"https:\/\/adfinternational.org\/es\/","logo":{"@type":"ImageObject","inLanguage":"es","@id":"https:\/\/adfinternational.org\/es\/#\/schema\/logo\/image\/","url":"https:\/\/adfinternational.org\/wp-content\/uploads\/2021\/08\/ADF_Intl_R_RGB_175px.png","contentUrl":"https:\/\/adfinternational.org\/wp-content\/uploads\/2021\/08\/ADF_Intl_R_RGB_175px.png","width":175,"height":106,"caption":"Alliance Defending Freedom International"},"image":{"@id":"https:\/\/adfinternational.org\/es\/#\/schema\/logo\/image\/"},"sameAs":["https:\/\/facebook.com\/adfinternational","https:\/\/x.com\/adfintl","https:\/\/www.linkedin.com\/company\/adfinternational","https:\/\/www.instagram.com\/adfinternational\/"]},{"@type":"Person","@id":"https:\/\/adfinternational.org\/es\/#\/schema\/person\/6b776fc8535453c6aad8a6f9d78e6141","name":"Philipp Bues","image":{"@type":"ImageObject","inLanguage":"es","@id":"https:\/\/adfinternational.org\/wp-content\/uploads\/2025\/02\/Philipp-Bues-Headshot-150x150.jpg","url":"https:\/\/adfinternational.org\/wp-content\/uploads\/2025\/02\/Philipp-Bues-Headshot-150x150.jpg","contentUrl":"https:\/\/adfinternational.org\/wp-content\/uploads\/2025\/02\/Philipp-Bues-Headshot-150x150.jpg","caption":"Philipp Bues"},"url":"https:\/\/adfinternational.org\/es\/author\/pbuesadfinternational-org"}]}},"_links":{"self":[{"href":"https:\/\/adfinternational.org\/es\/wp-json\/wp\/v2\/posts\/6671","targetHints":{"allow":["GET"]}}],"collection":[{"href":"https:\/\/adfinternational.org\/es\/wp-json\/wp\/v2\/posts"}],"about":[{"href":"https:\/\/adfinternational.org\/es\/wp-json\/wp\/v2\/types\/post"}],"author":[{"embeddable":true,"href":"https:\/\/adfinternational.org\/es\/wp-json\/wp\/v2\/users\/44"}],"replies":[{"embeddable":true,"href":"https:\/\/adfinternational.org\/es\/wp-json\/wp\/v2\/comments?post=6671"}],"version-history":[{"count":0,"href":"https:\/\/adfinternational.org\/es\/wp-json\/wp\/v2\/posts\/6671\/revisions"}],"wp:featuredmedia":[{"embeddable":true,"href":"https:\/\/adfinternational.org\/es\/wp-json\/wp\/v2\/media\/31124"}],"wp:attachment":[{"href":"https:\/\/adfinternational.org\/es\/wp-json\/wp\/v2\/media?parent=6671"}],"wp:term":[{"taxonomy":"category","embeddable":true,"href":"https:\/\/adfinternational.org\/es\/wp-json\/wp\/v2\/categories?post=6671"},{"taxonomy":"post_tag","embeddable":true,"href":"https:\/\/adfinternational.org\/es\/wp-json\/wp\/v2\/tags?post=6671"}],"curies":[{"name":"wp","href":"https:\/\/api.w.org\/{rel}","templated":true}]}}