{"id":6991,"date":"2021-05-10T14:53:04","date_gmt":"2021-05-10T14:53:04","guid":{"rendered":"https:\/\/adfinternational.lat\/?p=6991"},"modified":"2024-07-30T10:46:05","modified_gmt":"2024-07-30T09:46:05","slug":"autonomia-de-las-comunidades-religiosas-se-ve-amenazada-ante-la-corte-interamericana-de-derechos-humanos","status":"publish","type":"post","link":"https:\/\/adfinternational.org\/es\/noticias\/autonomia-de-las-comunidades-religiosas-se-ve-amenazada-ante-la-corte-interamericana-de-derechos-humanos","title":{"rendered":"Autonom\u00eda de las comunidades religiosas se ve amenazada ante la Corte Interamericana de Derechos Humanos"},"content":{"rendered":"\t\t<div data-elementor-type=\"wp-post\" data-elementor-id=\"6991\" class=\"elementor elementor-6991\" data-elementor-post-type=\"post\">\n\t\t\t\t\t\t<section class=\"elementor-section elementor-top-section elementor-element elementor-element-624c13fa elementor-section-boxed elementor-section-height-default elementor-section-height-default\" data-id=\"624c13fa\" data-element_type=\"section\" data-e-type=\"section\">\n\t\t\t\t\t\t<div class=\"elementor-container elementor-column-gap-default\">\n\t\t\t\t\t<div class=\"elementor-column elementor-col-100 elementor-top-column elementor-element elementor-element-47bd43ad\" data-id=\"47bd43ad\" data-element_type=\"column\" data-e-type=\"column\">\n\t\t\t<div class=\"elementor-widget-wrap elementor-element-populated\">\n\t\t\t\t\t\t<div class=\"elementor-element elementor-element-34de501d elementor-widget elementor-widget-text-editor\" data-id=\"34de501d\" data-element_type=\"widget\" data-e-type=\"widget\" data-widget_type=\"text-editor.default\">\n\t\t\t\t<div class=\"elementor-widget-container\">\n\t\t\t\t\t\t\t\t\t<p>\u2022 La audiencia p\u00fablica en la Corte Interamericana de Derechos Humanos tendr\u00e1 lugar esta semana<br>\n\u2022 La decisi\u00f3n tambi\u00e9n afectar\u00e1 al derecho de los padres de poder elegir la educaci\u00f3n religiosa de sus hijos<\/p>\n<p><strong>Washington D.C<\/strong>. (10 de Mayo 2021) &#8211; \u00bfSe respetar\u00e1 la decisi\u00f3n de los padres en cuanto a la educaci\u00f3n religiosa de sus hijos? La Corte Interamericana de Derechos Humanos responder\u00e1 pr\u00f3ximamente a esta pregunta para 35 pa\u00edses americanos en el hist\u00f3rico caso de Pavez vs. Chile. La audiencia p\u00fablica tendr\u00e1 lugar los d\u00edas 12 y 13 de mayo.<\/p>\n<p>\u00abEsperamos que el Tribunal respete el car\u00e1cter fundamental de la libertad de religi\u00f3n y creencia. Esto incluye la autonom\u00eda de las comunidades religiosas para elegir a sus maestros y el derecho de los padres a que sus hijos reciban una educaci\u00f3n religiosa de acuerdo con sus convicciones\u00bb, dijo el Director de Defensa jur\u00eddica para Am\u00e9rica Latina y el Caribe de ADF Internacional, Tom\u00e1s Henr\u00edquez. \u00abNunca antes se hab\u00eda presentado un caso sobre la libertad de religi\u00f3n o creencia y los derechos que protege directamente ante la Corte Interamericana de Derechos Humanos\u00bb.<\/p>\n<p><strong>Empleo ininterrumpido, cargo distinto<\/strong><\/p>\n<p>La Sra. Sandra Pavez dictaba clases de religi\u00f3n cat\u00f3lica en San Bernardo, Chile. Cuando la di\u00f3cesis local se enter\u00f3 de que la Sra. Pavez hab\u00eda entablado una relaci\u00f3n homosexual, contraria a las ense\u00f1anzas de la iglesia cat\u00f3lica, le informaron de que ya no pod\u00edan certificarla como apta para ense\u00f1ar la fe cat\u00f3lica en nombre de la iglesia. Sin embargo, pudo continuar con su empleo, sin interrupci\u00f3n, en una capacidad diferente; incluso disfrut\u00f3 de la promoci\u00f3n para convertirse en un miembro del equipo directivo de la escuela.<\/p>\n<p>A pesar de ello, la Sra. Pavez emprendi\u00f3 acciones legales contra la iglesia en diferentes instancias en Chile, alegando haber sufrido discriminaci\u00f3n. Cuando el Tribunal Supremo confirm\u00f3 la libertad de la iglesia para certificar a sus profesores y el derecho de los padres a que sus hijos sean educados por alguien que viva de acuerdo con su fe, ella present\u00f3 su demanda contra Chile ante la Corte Interamericana.<\/p>\n<p><strong>Caso emblem\u00e1tico sobre la libertad religiosa<\/strong><\/p>\n<p>Dado el alcance internacional de la jurisdicci\u00f3n del Tribunal, este es un caso que preocupa a millones de personas en los estados americanos. La sentencia podr\u00eda tener un impacto significativo para las personas de fe. El tribunal determinar\u00e1 si las escuelas cat\u00f3licas, jud\u00edas, musulmanas, evang\u00e9licas o de cualquier otra religi\u00f3n pueden garantizar que los designados para ense\u00f1ar esa religi\u00f3n vivan de acuerdo con lo que ense\u00f1an. Por ello, una amplia coalici\u00f3n de organizaciones y comunidades religiosas se ha unido para defender este derecho fundamental y pedir al Tribunal que respalde las leyes del Estado. Esta coalici\u00f3n incluye a las comunidades jud\u00edas, musulmanas, ortodoxas, anglicanas y protestantes de Chile, as\u00ed como al presidente del Consejo Episcopal Latinoamericano (CELAM), todos los cuales han presentado un escrito conjunto hist\u00f3rico ante la Corte.<\/p>\n<p>\u00abLos padres, y las comunidades religiosas a las que pertenecen, deben ser libres de transmitir su fe a sus hijos y de decidir qui\u00e9n la ense\u00f1ar\u00e1 en su nombre. El derecho internacional protege claramente la autonom\u00eda de las comunidades religiosas. La Iglesia desempe\u00f1a un papel importante en la sociedad, la cual se beneficia de estas comunidades religiosas firmes y aut\u00f3nomas\u00bb, dijo Henr\u00edquez.<\/p>\n<p>ADF Internacional ha presentado un informe en derecho a los jueces del Tribunal para enfatizar la importancia de proteger el derecho a la libertad de religi\u00f3n y creencias, junto con el derecho de los padres a elegir la educaci\u00f3n moral y religiosa de sus hijos.<\/p>\n<p>\u00abLa legislaci\u00f3n sobre derechos humanos garantiza el derecho de los padres a decidir sobre la educaci\u00f3n moral y religiosa de sus hijos de acuerdo con sus propias convicciones. En consecuencia, las clases de religi\u00f3n deben reflejar esta garant\u00eda. Esto incluye la designaci\u00f3n de profesores que sean fieles representantes de esas creencias. La libertad de religi\u00f3n y de creencias est\u00e1 en juego para los padres de las Am\u00e9ricas. Es vital que el Tribunal se encargue de proteger esta libertad fundamental\u00bb, dijo Robert Clarke, Director Adjunto de ADF International.<\/p>\t\t\t\t\t\t\t\t<\/div>\n\t\t\t\t<\/div>\n\t\t\t\t\t<\/div>\n\t\t<\/div>\n\t\t\t\t\t<\/div>\n\t\t<\/section>\n\t\t\t\t<\/div>\n\t\t","protected":false},"excerpt":{"rendered":"<p>\u00bfSe respetar\u00e1 la decisi\u00f3n de los padres en cuanto a la educaci\u00f3n religiosa de sus hijos? La Corte Interamericana de Derechos Humanos responder\u00e1 pr\u00f3ximamente a esta pregunta para 35 pa\u00edses americanos en el hist\u00f3rico caso de Pavez vs. Chile.<\/p>\n","protected":false},"author":44,"featured_media":27398,"comment_status":"closed","ping_status":"closed","sticky":false,"template":"","format":"standard","meta":{"_acf_changed":false,"give_campaign_id":0,"footnotes":""},"categories":[991],"tags":[1013],"class_list":["post-6991","post","type-post","status-publish","format-standard","has-post-thumbnail","hentry","category-noticias","tag-es"],"acf":[],"yoast_head":"<!-- This site is optimized with the Yoast SEO Premium plugin v27.5 (Yoast SEO v27.5) - https:\/\/yoast.com\/product\/yoast-seo-premium-wordpress\/ -->\n<title>Autonom\u00eda de las comunidades religiosas se ve amenazada ante la Corte Interamericana de Derechos Humanos - ADF International<\/title>\n<meta name=\"description\" content=\"Are we allowed to share Christian views on social media? The Constitutional Court will have to answer this question, at least for Colombia. Responding to a viewer\u2019s question in an \u201cAsk Me Anything\u201d video, social media star Erika \u201cKika\u201d Nieto had shared her views on marriage while expressing tolerance for all other views.\" \/>\n<meta name=\"robots\" content=\"index, follow, max-snippet:-1, max-image-preview:large, max-video-preview:-1\" \/>\n<link rel=\"canonical\" href=\"https:\/\/adfinternational.org\/es\/noticias\/autonomia-de-las-comunidades-religiosas-se-ve-amenazada-ante-la-corte-interamericana-de-derechos-humanos\" \/>\n<meta property=\"og:locale\" content=\"es_ES\" \/>\n<meta property=\"og:type\" content=\"article\" \/>\n<meta property=\"og:title\" content=\"Autonom\u00eda de las comunidades religiosas se ve amenazada ante la Corte Interamericana de Derechos Humanos\" \/>\n<meta property=\"og:description\" content=\"Are we allowed to share Christian views on social media? The Constitutional Court will have to answer this question, at least for Colombia. Responding to a viewer\u2019s question in an \u201cAsk Me Anything\u201d video, social media star Erika \u201cKika\u201d Nieto had shared her views on marriage while expressing tolerance for all other views.\" \/>\n<meta property=\"og:url\" content=\"https:\/\/adfinternational.org\/es\/noticias\/autonomia-de-las-comunidades-religiosas-se-ve-amenazada-ante-la-corte-interamericana-de-derechos-humanos\" \/>\n<meta property=\"og:site_name\" content=\"ADF International\" \/>\n<meta property=\"article:publisher\" content=\"https:\/\/facebook.com\/adfinternational\" \/>\n<meta property=\"article:published_time\" content=\"2021-05-10T14:53:04+00:00\" \/>\n<meta property=\"article:modified_time\" content=\"2024-07-30T09:46:05+00:00\" \/>\n<meta property=\"og:image\" content=\"https:\/\/adfinternational.org\/wp-content\/uploads\/2021\/05\/Chile-Church-pic-header.jpg\" \/>\n\t<meta property=\"og:image:width\" content=\"1920\" \/>\n\t<meta property=\"og:image:height\" content=\"885\" \/>\n\t<meta property=\"og:image:type\" content=\"image\/jpeg\" \/>\n<meta name=\"author\" content=\"Philipp Bues\" \/>\n<meta name=\"twitter:card\" content=\"summary_large_image\" \/>\n<meta name=\"twitter:creator\" content=\"@adfintl\" \/>\n<meta name=\"twitter:site\" content=\"@adfintl\" \/>\n<meta name=\"twitter:label1\" content=\"Escrito por\" \/>\n\t<meta name=\"twitter:data1\" content=\"Philipp Bues\" \/>\n\t<meta name=\"twitter:label2\" content=\"Tiempo de lectura\" \/>\n\t<meta name=\"twitter:data2\" content=\"4 minutos\" \/>\n<script type=\"application\/ld+json\" class=\"yoast-schema-graph\">{\"@context\":\"https:\\\/\\\/schema.org\",\"@graph\":[{\"@type\":\"Article\",\"@id\":\"https:\\\/\\\/adfinternational.org\\\/es\\\/noticias\\\/autonomia-de-las-comunidades-religiosas-se-ve-amenazada-ante-la-corte-interamericana-de-derechos-humanos#article\",\"isPartOf\":{\"@id\":\"https:\\\/\\\/adfinternational.org\\\/es\\\/noticias\\\/autonomia-de-las-comunidades-religiosas-se-ve-amenazada-ante-la-corte-interamericana-de-derechos-humanos\"},\"author\":{\"name\":\"Philipp Bues\",\"@id\":\"https:\\\/\\\/adfinternational.org\\\/es\\\/#\\\/schema\\\/person\\\/6b776fc8535453c6aad8a6f9d78e6141\"},\"headline\":\"Autonom\u00eda de las comunidades religiosas se ve amenazada ante la Corte Interamericana de Derechos Humanos\",\"datePublished\":\"2021-05-10T14:53:04+00:00\",\"dateModified\":\"2024-07-30T09:46:05+00:00\",\"mainEntityOfPage\":{\"@id\":\"https:\\\/\\\/adfinternational.org\\\/es\\\/noticias\\\/autonomia-de-las-comunidades-religiosas-se-ve-amenazada-ante-la-corte-interamericana-de-derechos-humanos\"},\"wordCount\":743,\"publisher\":{\"@id\":\"https:\\\/\\\/adfinternational.org\\\/es\\\/#organization\"},\"image\":{\"@id\":\"https:\\\/\\\/adfinternational.org\\\/es\\\/noticias\\\/autonomia-de-las-comunidades-religiosas-se-ve-amenazada-ante-la-corte-interamericana-de-derechos-humanos#primaryimage\"},\"thumbnailUrl\":\"https:\\\/\\\/adfinternational.org\\\/wp-content\\\/uploads\\\/2021\\\/05\\\/Chile-Church-pic-header.jpg\",\"keywords\":[\"ES\"],\"articleSection\":[\"noticias\"],\"inLanguage\":\"es\"},{\"@type\":\"WebPage\",\"@id\":\"https:\\\/\\\/adfinternational.org\\\/es\\\/noticias\\\/autonomia-de-las-comunidades-religiosas-se-ve-amenazada-ante-la-corte-interamericana-de-derechos-humanos\",\"url\":\"https:\\\/\\\/adfinternational.org\\\/es\\\/noticias\\\/autonomia-de-las-comunidades-religiosas-se-ve-amenazada-ante-la-corte-interamericana-de-derechos-humanos\",\"name\":\"Autonom\u00eda de las comunidades religiosas se ve amenazada ante la Corte Interamericana de Derechos Humanos - ADF International\",\"isPartOf\":{\"@id\":\"https:\\\/\\\/adfinternational.org\\\/es\\\/#website\"},\"primaryImageOfPage\":{\"@id\":\"https:\\\/\\\/adfinternational.org\\\/es\\\/noticias\\\/autonomia-de-las-comunidades-religiosas-se-ve-amenazada-ante-la-corte-interamericana-de-derechos-humanos#primaryimage\"},\"image\":{\"@id\":\"https:\\\/\\\/adfinternational.org\\\/es\\\/noticias\\\/autonomia-de-las-comunidades-religiosas-se-ve-amenazada-ante-la-corte-interamericana-de-derechos-humanos#primaryimage\"},\"thumbnailUrl\":\"https:\\\/\\\/adfinternational.org\\\/wp-content\\\/uploads\\\/2021\\\/05\\\/Chile-Church-pic-header.jpg\",\"datePublished\":\"2021-05-10T14:53:04+00:00\",\"dateModified\":\"2024-07-30T09:46:05+00:00\",\"description\":\"Are we allowed to share Christian views on social media? The Constitutional Court will have to answer this question, at least for Colombia. Responding to a viewer\u2019s question in an \u201cAsk Me Anything\u201d video, social media star Erika \u201cKika\u201d Nieto had shared her views on marriage while expressing tolerance for all other views.\",\"breadcrumb\":{\"@id\":\"https:\\\/\\\/adfinternational.org\\\/es\\\/noticias\\\/autonomia-de-las-comunidades-religiosas-se-ve-amenazada-ante-la-corte-interamericana-de-derechos-humanos#breadcrumb\"},\"inLanguage\":\"es\",\"potentialAction\":[{\"@type\":\"ReadAction\",\"target\":[\"https:\\\/\\\/adfinternational.org\\\/es\\\/noticias\\\/autonomia-de-las-comunidades-religiosas-se-ve-amenazada-ante-la-corte-interamericana-de-derechos-humanos\"]}]},{\"@type\":\"ImageObject\",\"inLanguage\":\"es\",\"@id\":\"https:\\\/\\\/adfinternational.org\\\/es\\\/noticias\\\/autonomia-de-las-comunidades-religiosas-se-ve-amenazada-ante-la-corte-interamericana-de-derechos-humanos#primaryimage\",\"url\":\"https:\\\/\\\/adfinternational.org\\\/wp-content\\\/uploads\\\/2021\\\/05\\\/Chile-Church-pic-header.jpg\",\"contentUrl\":\"https:\\\/\\\/adfinternational.org\\\/wp-content\\\/uploads\\\/2021\\\/05\\\/Chile-Church-pic-header.jpg\",\"width\":1920,\"height\":885,\"caption\":\"Church of San Pedro de Atacama - Atacama Desert\"},{\"@type\":\"BreadcrumbList\",\"@id\":\"https:\\\/\\\/adfinternational.org\\\/es\\\/noticias\\\/autonomia-de-las-comunidades-religiosas-se-ve-amenazada-ante-la-corte-interamericana-de-derechos-humanos#breadcrumb\",\"itemListElement\":[{\"@type\":\"ListItem\",\"position\":1,\"name\":\"Home\",\"item\":\"https:\\\/\\\/adfinternational.org\\\/es\"},{\"@type\":\"ListItem\",\"position\":2,\"name\":\"Autonom\u00eda de las comunidades religiosas se ve amenazada ante la Corte Interamericana de Derechos Humanos\"}]},{\"@type\":\"WebSite\",\"@id\":\"https:\\\/\\\/adfinternational.org\\\/es\\\/#website\",\"url\":\"https:\\\/\\\/adfinternational.org\\\/es\\\/\",\"name\":\"ADF International\",\"description\":\"Protecting Fundamental Freedoms. Promoting Inherent Dignity.\",\"publisher\":{\"@id\":\"https:\\\/\\\/adfinternational.org\\\/es\\\/#organization\"},\"potentialAction\":[{\"@type\":\"SearchAction\",\"target\":{\"@type\":\"EntryPoint\",\"urlTemplate\":\"https:\\\/\\\/adfinternational.org\\\/es\\\/?s={search_term_string}\"},\"query-input\":{\"@type\":\"PropertyValueSpecification\",\"valueRequired\":true,\"valueName\":\"search_term_string\"}}],\"inLanguage\":\"es\"},{\"@type\":\"Organization\",\"@id\":\"https:\\\/\\\/adfinternational.org\\\/es\\\/#organization\",\"name\":\"Alliance Defending Freedom International\",\"url\":\"https:\\\/\\\/adfinternational.org\\\/es\\\/\",\"logo\":{\"@type\":\"ImageObject\",\"inLanguage\":\"es\",\"@id\":\"https:\\\/\\\/adfinternational.org\\\/es\\\/#\\\/schema\\\/logo\\\/image\\\/\",\"url\":\"https:\\\/\\\/adfinternational.org\\\/wp-content\\\/uploads\\\/2021\\\/08\\\/ADF_Intl_R_RGB_175px.png\",\"contentUrl\":\"https:\\\/\\\/adfinternational.org\\\/wp-content\\\/uploads\\\/2021\\\/08\\\/ADF_Intl_R_RGB_175px.png\",\"width\":175,\"height\":106,\"caption\":\"Alliance Defending Freedom International\"},\"image\":{\"@id\":\"https:\\\/\\\/adfinternational.org\\\/es\\\/#\\\/schema\\\/logo\\\/image\\\/\"},\"sameAs\":[\"https:\\\/\\\/facebook.com\\\/adfinternational\",\"https:\\\/\\\/x.com\\\/adfintl\",\"https:\\\/\\\/www.linkedin.com\\\/company\\\/adfinternational\",\"https:\\\/\\\/www.instagram.com\\\/adfinternational\\\/\"]},{\"@type\":\"Person\",\"@id\":\"https:\\\/\\\/adfinternational.org\\\/es\\\/#\\\/schema\\\/person\\\/6b776fc8535453c6aad8a6f9d78e6141\",\"name\":\"Philipp Bues\",\"image\":{\"@type\":\"ImageObject\",\"inLanguage\":\"es\",\"@id\":\"https:\\\/\\\/adfinternational.org\\\/wp-content\\\/uploads\\\/2025\\\/02\\\/Philipp-Bues-Headshot-150x150.jpg\",\"url\":\"https:\\\/\\\/adfinternational.org\\\/wp-content\\\/uploads\\\/2025\\\/02\\\/Philipp-Bues-Headshot-150x150.jpg\",\"contentUrl\":\"https:\\\/\\\/adfinternational.org\\\/wp-content\\\/uploads\\\/2025\\\/02\\\/Philipp-Bues-Headshot-150x150.jpg\",\"caption\":\"Philipp Bues\"},\"url\":\"https:\\\/\\\/adfinternational.org\\\/es\\\/author\\\/pbuesadfinternational-org\"}]}<\/script>\n<!-- \/ Yoast SEO Premium plugin. -->","yoast_head_json":{"title":"Autonom\u00eda de las comunidades religiosas se ve amenazada ante la Corte Interamericana de Derechos Humanos - ADF International","description":"Are we allowed to share Christian views on social media? The Constitutional Court will have to answer this question, at least for Colombia. Responding to a viewer\u2019s question in an \u201cAsk Me Anything\u201d video, social media star Erika \u201cKika\u201d Nieto had shared her views on marriage while expressing tolerance for all other views.","robots":{"index":"index","follow":"follow","max-snippet":"max-snippet:-1","max-image-preview":"max-image-preview:large","max-video-preview":"max-video-preview:-1"},"canonical":"https:\/\/adfinternational.org\/es\/noticias\/autonomia-de-las-comunidades-religiosas-se-ve-amenazada-ante-la-corte-interamericana-de-derechos-humanos","og_locale":"es_ES","og_type":"article","og_title":"Autonom\u00eda de las comunidades religiosas se ve amenazada ante la Corte Interamericana de Derechos Humanos","og_description":"Are we allowed to share Christian views on social media? The Constitutional Court will have to answer this question, at least for Colombia. Responding to a viewer\u2019s question in an \u201cAsk Me Anything\u201d video, social media star Erika \u201cKika\u201d Nieto had shared her views on marriage while expressing tolerance for all other views.","og_url":"https:\/\/adfinternational.org\/es\/noticias\/autonomia-de-las-comunidades-religiosas-se-ve-amenazada-ante-la-corte-interamericana-de-derechos-humanos","og_site_name":"ADF International","article_publisher":"https:\/\/facebook.com\/adfinternational","article_published_time":"2021-05-10T14:53:04+00:00","article_modified_time":"2024-07-30T09:46:05+00:00","og_image":[{"width":1920,"height":885,"url":"https:\/\/adfinternational.org\/wp-content\/uploads\/2021\/05\/Chile-Church-pic-header.jpg","type":"image\/jpeg"}],"author":"Philipp Bues","twitter_card":"summary_large_image","twitter_creator":"@adfintl","twitter_site":"@adfintl","twitter_misc":{"Escrito por":"Philipp Bues","Tiempo de lectura":"4 minutos"},"schema":{"@context":"https:\/\/schema.org","@graph":[{"@type":"Article","@id":"https:\/\/adfinternational.org\/es\/noticias\/autonomia-de-las-comunidades-religiosas-se-ve-amenazada-ante-la-corte-interamericana-de-derechos-humanos#article","isPartOf":{"@id":"https:\/\/adfinternational.org\/es\/noticias\/autonomia-de-las-comunidades-religiosas-se-ve-amenazada-ante-la-corte-interamericana-de-derechos-humanos"},"author":{"name":"Philipp Bues","@id":"https:\/\/adfinternational.org\/es\/#\/schema\/person\/6b776fc8535453c6aad8a6f9d78e6141"},"headline":"Autonom\u00eda de las comunidades religiosas se ve amenazada ante la Corte Interamericana de Derechos Humanos","datePublished":"2021-05-10T14:53:04+00:00","dateModified":"2024-07-30T09:46:05+00:00","mainEntityOfPage":{"@id":"https:\/\/adfinternational.org\/es\/noticias\/autonomia-de-las-comunidades-religiosas-se-ve-amenazada-ante-la-corte-interamericana-de-derechos-humanos"},"wordCount":743,"publisher":{"@id":"https:\/\/adfinternational.org\/es\/#organization"},"image":{"@id":"https:\/\/adfinternational.org\/es\/noticias\/autonomia-de-las-comunidades-religiosas-se-ve-amenazada-ante-la-corte-interamericana-de-derechos-humanos#primaryimage"},"thumbnailUrl":"https:\/\/adfinternational.org\/wp-content\/uploads\/2021\/05\/Chile-Church-pic-header.jpg","keywords":["ES"],"articleSection":["noticias"],"inLanguage":"es"},{"@type":"WebPage","@id":"https:\/\/adfinternational.org\/es\/noticias\/autonomia-de-las-comunidades-religiosas-se-ve-amenazada-ante-la-corte-interamericana-de-derechos-humanos","url":"https:\/\/adfinternational.org\/es\/noticias\/autonomia-de-las-comunidades-religiosas-se-ve-amenazada-ante-la-corte-interamericana-de-derechos-humanos","name":"Autonom\u00eda de las comunidades religiosas se ve amenazada ante la Corte Interamericana de Derechos Humanos - ADF International","isPartOf":{"@id":"https:\/\/adfinternational.org\/es\/#website"},"primaryImageOfPage":{"@id":"https:\/\/adfinternational.org\/es\/noticias\/autonomia-de-las-comunidades-religiosas-se-ve-amenazada-ante-la-corte-interamericana-de-derechos-humanos#primaryimage"},"image":{"@id":"https:\/\/adfinternational.org\/es\/noticias\/autonomia-de-las-comunidades-religiosas-se-ve-amenazada-ante-la-corte-interamericana-de-derechos-humanos#primaryimage"},"thumbnailUrl":"https:\/\/adfinternational.org\/wp-content\/uploads\/2021\/05\/Chile-Church-pic-header.jpg","datePublished":"2021-05-10T14:53:04+00:00","dateModified":"2024-07-30T09:46:05+00:00","description":"Are we allowed to share Christian views on social media? The Constitutional Court will have to answer this question, at least for Colombia. Responding to a viewer\u2019s question in an \u201cAsk Me Anything\u201d video, social media star Erika \u201cKika\u201d Nieto had shared her views on marriage while expressing tolerance for all other views.","breadcrumb":{"@id":"https:\/\/adfinternational.org\/es\/noticias\/autonomia-de-las-comunidades-religiosas-se-ve-amenazada-ante-la-corte-interamericana-de-derechos-humanos#breadcrumb"},"inLanguage":"es","potentialAction":[{"@type":"ReadAction","target":["https:\/\/adfinternational.org\/es\/noticias\/autonomia-de-las-comunidades-religiosas-se-ve-amenazada-ante-la-corte-interamericana-de-derechos-humanos"]}]},{"@type":"ImageObject","inLanguage":"es","@id":"https:\/\/adfinternational.org\/es\/noticias\/autonomia-de-las-comunidades-religiosas-se-ve-amenazada-ante-la-corte-interamericana-de-derechos-humanos#primaryimage","url":"https:\/\/adfinternational.org\/wp-content\/uploads\/2021\/05\/Chile-Church-pic-header.jpg","contentUrl":"https:\/\/adfinternational.org\/wp-content\/uploads\/2021\/05\/Chile-Church-pic-header.jpg","width":1920,"height":885,"caption":"Church of San Pedro de Atacama - Atacama Desert"},{"@type":"BreadcrumbList","@id":"https:\/\/adfinternational.org\/es\/noticias\/autonomia-de-las-comunidades-religiosas-se-ve-amenazada-ante-la-corte-interamericana-de-derechos-humanos#breadcrumb","itemListElement":[{"@type":"ListItem","position":1,"name":"Home","item":"https:\/\/adfinternational.org\/es"},{"@type":"ListItem","position":2,"name":"Autonom\u00eda de las comunidades religiosas se ve amenazada ante la Corte Interamericana de Derechos Humanos"}]},{"@type":"WebSite","@id":"https:\/\/adfinternational.org\/es\/#website","url":"https:\/\/adfinternational.org\/es\/","name":"ADF International","description":"Protecting Fundamental Freedoms. Promoting Inherent Dignity.","publisher":{"@id":"https:\/\/adfinternational.org\/es\/#organization"},"potentialAction":[{"@type":"SearchAction","target":{"@type":"EntryPoint","urlTemplate":"https:\/\/adfinternational.org\/es\/?s={search_term_string}"},"query-input":{"@type":"PropertyValueSpecification","valueRequired":true,"valueName":"search_term_string"}}],"inLanguage":"es"},{"@type":"Organization","@id":"https:\/\/adfinternational.org\/es\/#organization","name":"Alliance Defending Freedom International","url":"https:\/\/adfinternational.org\/es\/","logo":{"@type":"ImageObject","inLanguage":"es","@id":"https:\/\/adfinternational.org\/es\/#\/schema\/logo\/image\/","url":"https:\/\/adfinternational.org\/wp-content\/uploads\/2021\/08\/ADF_Intl_R_RGB_175px.png","contentUrl":"https:\/\/adfinternational.org\/wp-content\/uploads\/2021\/08\/ADF_Intl_R_RGB_175px.png","width":175,"height":106,"caption":"Alliance Defending Freedom International"},"image":{"@id":"https:\/\/adfinternational.org\/es\/#\/schema\/logo\/image\/"},"sameAs":["https:\/\/facebook.com\/adfinternational","https:\/\/x.com\/adfintl","https:\/\/www.linkedin.com\/company\/adfinternational","https:\/\/www.instagram.com\/adfinternational\/"]},{"@type":"Person","@id":"https:\/\/adfinternational.org\/es\/#\/schema\/person\/6b776fc8535453c6aad8a6f9d78e6141","name":"Philipp Bues","image":{"@type":"ImageObject","inLanguage":"es","@id":"https:\/\/adfinternational.org\/wp-content\/uploads\/2025\/02\/Philipp-Bues-Headshot-150x150.jpg","url":"https:\/\/adfinternational.org\/wp-content\/uploads\/2025\/02\/Philipp-Bues-Headshot-150x150.jpg","contentUrl":"https:\/\/adfinternational.org\/wp-content\/uploads\/2025\/02\/Philipp-Bues-Headshot-150x150.jpg","caption":"Philipp Bues"},"url":"https:\/\/adfinternational.org\/es\/author\/pbuesadfinternational-org"}]}},"_links":{"self":[{"href":"https:\/\/adfinternational.org\/es\/wp-json\/wp\/v2\/posts\/6991","targetHints":{"allow":["GET"]}}],"collection":[{"href":"https:\/\/adfinternational.org\/es\/wp-json\/wp\/v2\/posts"}],"about":[{"href":"https:\/\/adfinternational.org\/es\/wp-json\/wp\/v2\/types\/post"}],"author":[{"embeddable":true,"href":"https:\/\/adfinternational.org\/es\/wp-json\/wp\/v2\/users\/44"}],"replies":[{"embeddable":true,"href":"https:\/\/adfinternational.org\/es\/wp-json\/wp\/v2\/comments?post=6991"}],"version-history":[{"count":0,"href":"https:\/\/adfinternational.org\/es\/wp-json\/wp\/v2\/posts\/6991\/revisions"}],"wp:featuredmedia":[{"embeddable":true,"href":"https:\/\/adfinternational.org\/es\/wp-json\/wp\/v2\/media\/27398"}],"wp:attachment":[{"href":"https:\/\/adfinternational.org\/es\/wp-json\/wp\/v2\/media?parent=6991"}],"wp:term":[{"taxonomy":"category","embeddable":true,"href":"https:\/\/adfinternational.org\/es\/wp-json\/wp\/v2\/categories?post=6991"},{"taxonomy":"post_tag","embeddable":true,"href":"https:\/\/adfinternational.org\/es\/wp-json\/wp\/v2\/tags?post=6991"}],"curies":[{"name":"wp","href":"https:\/\/api.w.org\/{rel}","templated":true}]}}