{"id":6994,"date":"2021-05-05T10:50:46","date_gmt":"2021-05-05T10:50:46","guid":{"rendered":"https:\/\/adfinternational.lat\/?p=6994"},"modified":"2024-07-30T10:53:31","modified_gmt":"2024-07-30T09:53:31","slug":"tras-dos-anos-de-vacante-la-ue-nombra-a-un-nuevo-emisario-de-libertad-religiosa","status":"publish","type":"post","link":"https:\/\/adfinternational.org\/es\/noticias\/tras-dos-anos-de-vacante-la-ue-nombra-a-un-nuevo-emisario-de-libertad-religiosa","title":{"rendered":"Tras dos a\u00f1os de vacante, la UE nombra a un nuevo emisario de libertad religiosa"},"content":{"rendered":"\t\t<div data-elementor-type=\"wp-post\" data-elementor-id=\"6994\" class=\"elementor elementor-6994\" data-elementor-post-type=\"post\">\n\t\t\t\t\t\t<section class=\"elementor-section elementor-top-section elementor-element elementor-element-51d5701e elementor-section-boxed elementor-section-height-default elementor-section-height-default\" data-id=\"51d5701e\" data-element_type=\"section\" data-e-type=\"section\">\n\t\t\t\t\t\t<div class=\"elementor-container elementor-column-gap-default\">\n\t\t\t\t\t<div class=\"elementor-column elementor-col-100 elementor-top-column elementor-element elementor-element-79f54234\" data-id=\"79f54234\" data-element_type=\"column\" data-e-type=\"column\">\n\t\t\t<div class=\"elementor-widget-wrap elementor-element-populated\">\n\t\t\t\t\t\t<div class=\"elementor-element elementor-element-3d2ac46f elementor-widget elementor-widget-text-editor\" data-id=\"3d2ac46f\" data-element_type=\"widget\" data-e-type=\"widget\" data-widget_type=\"text-editor.default\">\n\t\t\t\t<div class=\"elementor-widget-container\">\n\t\t\t\t\t\t\t\t\t<ul>\n<li>Christos Stylianides es nombrado nuevo enviado especial para la libertad religiosa o de creencias fuera de la UE<\/li>\n<li>La libertad religiosa est\u00e1 cada vez m\u00e1s amenazada en todo el mundo<\/li>\n<\/ul>\n<p><strong>BRUSELAS<\/strong> (5 de mayo de 2021) &#8211; La Comisi\u00f3n Europea ha nombrado hoy a Christos Stylianides como enviado especial para la promoci\u00f3n de la libertad religiosa o de creencias fuera de la UE. Stylianides fue el Comisario europeo de ayuda humanitaria y gesti\u00f3n de crisis de 2014 a 2019. Desde 2020, ha servido como asesor especial en materia de educaci\u00f3n en situaciones de emergencia, inmigraci\u00f3n e inclusi\u00f3n para el actual vicepresidente de la Comisi\u00f3n Europea, Margaritis Schinas.<\/p>\n<p>\u00abNadie deber\u00eda ser perseguido por su fe. El nuevo nombramiento de un enviado especial para la promoci\u00f3n de la libertad religiosa o de creencias fuera de la UE es un paso importante para mostrar un compromiso real con este derecho fundamental. Lamentamos que este puesto haya estado vacante durante casi dos a\u00f1os. Esperamos que el nuevo nombramiento se ponga r\u00e1pidamente a trabajar centr\u00e1ndose en las necesidades de los m\u00e1s perseguidos en todo el mundo. Instamos a la Comisi\u00f3n Europea a que refuerce la posici\u00f3n del enviado especial y aproveche el importante trabajo ya realizado.\u202fLas v\u00edctimas sobre el terreno necesitan urgentemente una respuesta decisiva de la UE. Con esta figura, la UE puede liderar la acci\u00f3n internacional. Ese liderazgo es necesario ahora m\u00e1s que nunca\u00bb, dijo Adina Portaru, consejera principal de ADF International en Bruselas.<\/p>\n<p><strong>La funci\u00f3n del enviado especial<\/strong><\/p>\n<p>El enviado especial para la promoci\u00f3n de la libertad religiosa o de creencias fuera de la UE se introdujo en 2016 con el fin de proteger estas libertades en nombre de la UE en todo el mundo. El Parlamento Europeo pidi\u00f3 a la \u00abUE que establezca un representante especial permanente para la libertad religiosa o de creencias\u00bb en su Resoluci\u00f3n de 4 de febrero de 2016 sobre el asesinato masivo sistem\u00e1tico de minor\u00edas religiosas por el llamado ISIS\/Daesh. Parte del mandato inclu\u00eda visitas a pa\u00edses con algunas de las persecuciones religiosas m\u00e1s violentas del mundo para ayudar a abordar la situaci\u00f3n y desarrollar planes de respuesta. El enviado especial desempe\u00f1\u00f3 un papel decisivo para ayudar a <a href=\"https:\/\/newsbook.com.mt\/en\/asia-bibi-thanks-for-her-freedom-regret-for-those-still-behind-bars\/\">Asia Bibi<\/a> a salir sana y salva de Pakist\u00e1n tras ser absuelta de los cargos de blasfemia.<\/p>\n<p>El <a href=\"https:\/\/europeanpost.co\/ep-intergroup-on-religious-freedom-we-urge-von-der-leyen-to-renew-the-mandate-of-the-eu-special-envoy-as-soon-as-possible\/\">Intergrupo del Parlamento Europeo sobre libertad religiosa o de creencias y tolerancia religiosa<\/a>, los <a href=\"https:\/\/1ztp833emcflef7tm24jjqbe-wpengine.netdna-ssl.com\/wp-content\/uploads\/2020\/06\/Report-on-the-event-How-to-Scale-up-EU-support-to-FoRB-15-16-October-2019.pdf\">enviados especiales nacionales<\/a>, los <a href=\"https:\/\/europeanpost.co\/the-importance-of-religious-freedom-for-europe\/\">expertos<\/a> y la <a href=\"https:\/\/www.worldwatchmonitor.org\/coe\/eu-told-to-strengthen-mandate-of-religious-freedom-envoy\/\">sociedad civil<\/a> han apoyado firmemente la continuaci\u00f3n del mandato.\u202fUn informe sobre las directrices de la UE y el mandato del enviado especial de la UE, aprobado por el Parlamento Europeo el 16 de enero de 2019 con un apoyo abrumador (576 votos a favor), subray\u00f3 la necesidad de que el Consejo y la Comisi\u00f3n \u00abapoyen apropiadamente el mandato, la capacidad y los deberes institucionales, explorando la posibilidad de un mandato plurianual sujeto a revisi\u00f3n anual\u00bb.<\/p>\n<p>\u00abEl enviado especial ha desempe\u00f1ado un papel crucial a la hora de sacar a la luz los horrores de la persecuci\u00f3n religiosa a nivel europeo. Su labor ha creado conciencia sobre algunas de las peores y m\u00e1s persistentes violaciones de los derechos fundamentales en todo el mundo y ha contribuido a centrar los esfuerzos de la UE para contrarrestarlas. La UE no solo debe continuar, sino que debe intensificar los esfuerzos para proteger la libertad religiosa o de creencias en todo el mundo\u00bb, dijo Robert Clarke, director adjunto de ADF International.<\/p>\t\t\t\t\t\t\t\t<\/div>\n\t\t\t\t<\/div>\n\t\t\t\t\t<\/div>\n\t\t<\/div>\n\t\t\t\t\t<\/div>\n\t\t<\/section>\n\t\t\t\t<\/div>\n\t\t","protected":false},"excerpt":{"rendered":"<p>La Comisi\u00f3n Europea ha nombrado hoy a Christos Stylianides como enviado especial para la promoci\u00f3n de la libertad religiosa o de creencias fuera de la UE.<\/p>\n","protected":false},"author":44,"featured_media":26976,"comment_status":"closed","ping_status":"closed","sticky":false,"template":"","format":"standard","meta":{"_acf_changed":false,"give_campaign_id":0,"footnotes":""},"categories":[991],"tags":[1013],"class_list":["post-6994","post","type-post","status-publish","format-standard","has-post-thumbnail","hentry","category-noticias","tag-es"],"acf":[],"yoast_head":"<!-- This site is optimized with the Yoast SEO Premium plugin v27.5 (Yoast SEO v27.5) - https:\/\/yoast.com\/product\/yoast-seo-premium-wordpress\/ -->\n<title>Tras dos a\u00f1os de vacante, la UE nombra a un nuevo emisario de libertad religiosa - ADF International<\/title>\n<meta name=\"description\" content=\"Are we allowed to share Christian views on social media? The Constitutional Court will have to answer this question, at least for Colombia. Responding to a viewer\u2019s question in an \u201cAsk Me Anything\u201d video, social media star Erika \u201cKika\u201d Nieto had shared her views on marriage while expressing tolerance for all other views.\" \/>\n<meta name=\"robots\" content=\"index, follow, max-snippet:-1, max-image-preview:large, max-video-preview:-1\" \/>\n<link rel=\"canonical\" href=\"https:\/\/adfinternational.org\/es\/noticias\/tras-dos-anos-de-vacante-la-ue-nombra-a-un-nuevo-emisario-de-libertad-religiosa\" \/>\n<meta property=\"og:locale\" content=\"es_ES\" \/>\n<meta property=\"og:type\" content=\"article\" \/>\n<meta property=\"og:title\" content=\"Tras dos a\u00f1os de vacante, la UE nombra a un nuevo emisario de libertad religiosa\" \/>\n<meta property=\"og:description\" content=\"Are we allowed to share Christian views on social media? The Constitutional Court will have to answer this question, at least for Colombia. Responding to a viewer\u2019s question in an \u201cAsk Me Anything\u201d video, social media star Erika \u201cKika\u201d Nieto had shared her views on marriage while expressing tolerance for all other views.\" \/>\n<meta property=\"og:url\" content=\"https:\/\/adfinternational.org\/es\/noticias\/tras-dos-anos-de-vacante-la-ue-nombra-a-un-nuevo-emisario-de-libertad-religiosa\" \/>\n<meta property=\"og:site_name\" content=\"ADF International\" \/>\n<meta property=\"article:publisher\" content=\"https:\/\/facebook.com\/adfinternational\" \/>\n<meta property=\"article:published_time\" content=\"2021-05-05T10:50:46+00:00\" \/>\n<meta property=\"article:modified_time\" content=\"2024-07-30T09:53:31+00:00\" \/>\n<meta property=\"og:image\" content=\"https:\/\/adfinternational.org\/wp-content\/uploads\/2021\/05\/VG-11-Header.jpg\" \/>\n\t<meta property=\"og:image:width\" content=\"1924\" \/>\n\t<meta property=\"og:image:height\" content=\"885\" \/>\n\t<meta property=\"og:image:type\" content=\"image\/jpeg\" \/>\n<meta name=\"author\" content=\"Philipp Bues\" \/>\n<meta name=\"twitter:card\" content=\"summary_large_image\" \/>\n<meta name=\"twitter:creator\" content=\"@adfintl\" \/>\n<meta name=\"twitter:site\" content=\"@adfintl\" \/>\n<meta name=\"twitter:label1\" content=\"Escrito por\" \/>\n\t<meta name=\"twitter:data1\" content=\"Philipp Bues\" \/>\n\t<meta name=\"twitter:label2\" content=\"Tiempo de lectura\" \/>\n\t<meta name=\"twitter:data2\" content=\"3 minutos\" \/>\n<script type=\"application\/ld+json\" class=\"yoast-schema-graph\">{\"@context\":\"https:\\\/\\\/schema.org\",\"@graph\":[{\"@type\":\"Article\",\"@id\":\"https:\\\/\\\/adfinternational.org\\\/es\\\/noticias\\\/tras-dos-anos-de-vacante-la-ue-nombra-a-un-nuevo-emisario-de-libertad-religiosa#article\",\"isPartOf\":{\"@id\":\"https:\\\/\\\/adfinternational.org\\\/es\\\/noticias\\\/tras-dos-anos-de-vacante-la-ue-nombra-a-un-nuevo-emisario-de-libertad-religiosa\"},\"author\":{\"name\":\"Philipp Bues\",\"@id\":\"https:\\\/\\\/adfinternational.org\\\/es\\\/#\\\/schema\\\/person\\\/6b776fc8535453c6aad8a6f9d78e6141\"},\"headline\":\"Tras dos a\u00f1os de vacante, la UE nombra a un nuevo emisario de libertad religiosa\",\"datePublished\":\"2021-05-05T10:50:46+00:00\",\"dateModified\":\"2024-07-30T09:53:31+00:00\",\"mainEntityOfPage\":{\"@id\":\"https:\\\/\\\/adfinternational.org\\\/es\\\/noticias\\\/tras-dos-anos-de-vacante-la-ue-nombra-a-un-nuevo-emisario-de-libertad-religiosa\"},\"wordCount\":610,\"publisher\":{\"@id\":\"https:\\\/\\\/adfinternational.org\\\/es\\\/#organization\"},\"image\":{\"@id\":\"https:\\\/\\\/adfinternational.org\\\/es\\\/noticias\\\/tras-dos-anos-de-vacante-la-ue-nombra-a-un-nuevo-emisario-de-libertad-religiosa#primaryimage\"},\"thumbnailUrl\":\"https:\\\/\\\/adfinternational.org\\\/wp-content\\\/uploads\\\/2021\\\/05\\\/VG-11-Header.jpg\",\"keywords\":[\"ES\"],\"articleSection\":[\"noticias\"],\"inLanguage\":\"es\"},{\"@type\":\"WebPage\",\"@id\":\"https:\\\/\\\/adfinternational.org\\\/es\\\/noticias\\\/tras-dos-anos-de-vacante-la-ue-nombra-a-un-nuevo-emisario-de-libertad-religiosa\",\"url\":\"https:\\\/\\\/adfinternational.org\\\/es\\\/noticias\\\/tras-dos-anos-de-vacante-la-ue-nombra-a-un-nuevo-emisario-de-libertad-religiosa\",\"name\":\"Tras dos a\u00f1os de vacante, la UE nombra a un nuevo emisario de libertad religiosa - ADF International\",\"isPartOf\":{\"@id\":\"https:\\\/\\\/adfinternational.org\\\/es\\\/#website\"},\"primaryImageOfPage\":{\"@id\":\"https:\\\/\\\/adfinternational.org\\\/es\\\/noticias\\\/tras-dos-anos-de-vacante-la-ue-nombra-a-un-nuevo-emisario-de-libertad-religiosa#primaryimage\"},\"image\":{\"@id\":\"https:\\\/\\\/adfinternational.org\\\/es\\\/noticias\\\/tras-dos-anos-de-vacante-la-ue-nombra-a-un-nuevo-emisario-de-libertad-religiosa#primaryimage\"},\"thumbnailUrl\":\"https:\\\/\\\/adfinternational.org\\\/wp-content\\\/uploads\\\/2021\\\/05\\\/VG-11-Header.jpg\",\"datePublished\":\"2021-05-05T10:50:46+00:00\",\"dateModified\":\"2024-07-30T09:53:31+00:00\",\"description\":\"Are we allowed to share Christian views on social media? The Constitutional Court will have to answer this question, at least for Colombia. Responding to a viewer\u2019s question in an \u201cAsk Me Anything\u201d video, social media star Erika \u201cKika\u201d Nieto had shared her views on marriage while expressing tolerance for all other views.\",\"breadcrumb\":{\"@id\":\"https:\\\/\\\/adfinternational.org\\\/es\\\/noticias\\\/tras-dos-anos-de-vacante-la-ue-nombra-a-un-nuevo-emisario-de-libertad-religiosa#breadcrumb\"},\"inLanguage\":\"es\",\"potentialAction\":[{\"@type\":\"ReadAction\",\"target\":[\"https:\\\/\\\/adfinternational.org\\\/es\\\/noticias\\\/tras-dos-anos-de-vacante-la-ue-nombra-a-un-nuevo-emisario-de-libertad-religiosa\"]}]},{\"@type\":\"ImageObject\",\"inLanguage\":\"es\",\"@id\":\"https:\\\/\\\/adfinternational.org\\\/es\\\/noticias\\\/tras-dos-anos-de-vacante-la-ue-nombra-a-un-nuevo-emisario-de-libertad-religiosa#primaryimage\",\"url\":\"https:\\\/\\\/adfinternational.org\\\/wp-content\\\/uploads\\\/2021\\\/05\\\/VG-11-Header.jpg\",\"contentUrl\":\"https:\\\/\\\/adfinternational.org\\\/wp-content\\\/uploads\\\/2021\\\/05\\\/VG-11-Header.jpg\",\"width\":1924,\"height\":885,\"caption\":\"Vanishing Girls photo contest\"},{\"@type\":\"BreadcrumbList\",\"@id\":\"https:\\\/\\\/adfinternational.org\\\/es\\\/noticias\\\/tras-dos-anos-de-vacante-la-ue-nombra-a-un-nuevo-emisario-de-libertad-religiosa#breadcrumb\",\"itemListElement\":[{\"@type\":\"ListItem\",\"position\":1,\"name\":\"Home\",\"item\":\"https:\\\/\\\/adfinternational.org\\\/es\"},{\"@type\":\"ListItem\",\"position\":2,\"name\":\"Tras dos a\u00f1os de vacante, la UE nombra a un nuevo emisario de libertad religiosa\"}]},{\"@type\":\"WebSite\",\"@id\":\"https:\\\/\\\/adfinternational.org\\\/es\\\/#website\",\"url\":\"https:\\\/\\\/adfinternational.org\\\/es\\\/\",\"name\":\"ADF International\",\"description\":\"Protecting Fundamental Freedoms. Promoting Inherent Dignity.\",\"publisher\":{\"@id\":\"https:\\\/\\\/adfinternational.org\\\/es\\\/#organization\"},\"potentialAction\":[{\"@type\":\"SearchAction\",\"target\":{\"@type\":\"EntryPoint\",\"urlTemplate\":\"https:\\\/\\\/adfinternational.org\\\/es\\\/?s={search_term_string}\"},\"query-input\":{\"@type\":\"PropertyValueSpecification\",\"valueRequired\":true,\"valueName\":\"search_term_string\"}}],\"inLanguage\":\"es\"},{\"@type\":\"Organization\",\"@id\":\"https:\\\/\\\/adfinternational.org\\\/es\\\/#organization\",\"name\":\"Alliance Defending Freedom International\",\"url\":\"https:\\\/\\\/adfinternational.org\\\/es\\\/\",\"logo\":{\"@type\":\"ImageObject\",\"inLanguage\":\"es\",\"@id\":\"https:\\\/\\\/adfinternational.org\\\/es\\\/#\\\/schema\\\/logo\\\/image\\\/\",\"url\":\"https:\\\/\\\/adfinternational.org\\\/wp-content\\\/uploads\\\/2021\\\/08\\\/ADF_Intl_R_RGB_175px.png\",\"contentUrl\":\"https:\\\/\\\/adfinternational.org\\\/wp-content\\\/uploads\\\/2021\\\/08\\\/ADF_Intl_R_RGB_175px.png\",\"width\":175,\"height\":106,\"caption\":\"Alliance Defending Freedom International\"},\"image\":{\"@id\":\"https:\\\/\\\/adfinternational.org\\\/es\\\/#\\\/schema\\\/logo\\\/image\\\/\"},\"sameAs\":[\"https:\\\/\\\/facebook.com\\\/adfinternational\",\"https:\\\/\\\/x.com\\\/adfintl\",\"https:\\\/\\\/www.linkedin.com\\\/company\\\/adfinternational\",\"https:\\\/\\\/www.instagram.com\\\/adfinternational\\\/\"]},{\"@type\":\"Person\",\"@id\":\"https:\\\/\\\/adfinternational.org\\\/es\\\/#\\\/schema\\\/person\\\/6b776fc8535453c6aad8a6f9d78e6141\",\"name\":\"Philipp Bues\",\"image\":{\"@type\":\"ImageObject\",\"inLanguage\":\"es\",\"@id\":\"https:\\\/\\\/adfinternational.org\\\/wp-content\\\/uploads\\\/2025\\\/02\\\/Philipp-Bues-Headshot-150x150.jpg\",\"url\":\"https:\\\/\\\/adfinternational.org\\\/wp-content\\\/uploads\\\/2025\\\/02\\\/Philipp-Bues-Headshot-150x150.jpg\",\"contentUrl\":\"https:\\\/\\\/adfinternational.org\\\/wp-content\\\/uploads\\\/2025\\\/02\\\/Philipp-Bues-Headshot-150x150.jpg\",\"caption\":\"Philipp Bues\"},\"url\":\"https:\\\/\\\/adfinternational.org\\\/es\\\/author\\\/pbuesadfinternational-org\"}]}<\/script>\n<!-- \/ Yoast SEO Premium plugin. -->","yoast_head_json":{"title":"Tras dos a\u00f1os de vacante, la UE nombra a un nuevo emisario de libertad religiosa - ADF International","description":"Are we allowed to share Christian views on social media? The Constitutional Court will have to answer this question, at least for Colombia. Responding to a viewer\u2019s question in an \u201cAsk Me Anything\u201d video, social media star Erika \u201cKika\u201d Nieto had shared her views on marriage while expressing tolerance for all other views.","robots":{"index":"index","follow":"follow","max-snippet":"max-snippet:-1","max-image-preview":"max-image-preview:large","max-video-preview":"max-video-preview:-1"},"canonical":"https:\/\/adfinternational.org\/es\/noticias\/tras-dos-anos-de-vacante-la-ue-nombra-a-un-nuevo-emisario-de-libertad-religiosa","og_locale":"es_ES","og_type":"article","og_title":"Tras dos a\u00f1os de vacante, la UE nombra a un nuevo emisario de libertad religiosa","og_description":"Are we allowed to share Christian views on social media? The Constitutional Court will have to answer this question, at least for Colombia. Responding to a viewer\u2019s question in an \u201cAsk Me Anything\u201d video, social media star Erika \u201cKika\u201d Nieto had shared her views on marriage while expressing tolerance for all other views.","og_url":"https:\/\/adfinternational.org\/es\/noticias\/tras-dos-anos-de-vacante-la-ue-nombra-a-un-nuevo-emisario-de-libertad-religiosa","og_site_name":"ADF International","article_publisher":"https:\/\/facebook.com\/adfinternational","article_published_time":"2021-05-05T10:50:46+00:00","article_modified_time":"2024-07-30T09:53:31+00:00","og_image":[{"width":1924,"height":885,"url":"https:\/\/adfinternational.org\/wp-content\/uploads\/2021\/05\/VG-11-Header.jpg","type":"image\/jpeg"}],"author":"Philipp Bues","twitter_card":"summary_large_image","twitter_creator":"@adfintl","twitter_site":"@adfintl","twitter_misc":{"Escrito por":"Philipp Bues","Tiempo de lectura":"3 minutos"},"schema":{"@context":"https:\/\/schema.org","@graph":[{"@type":"Article","@id":"https:\/\/adfinternational.org\/es\/noticias\/tras-dos-anos-de-vacante-la-ue-nombra-a-un-nuevo-emisario-de-libertad-religiosa#article","isPartOf":{"@id":"https:\/\/adfinternational.org\/es\/noticias\/tras-dos-anos-de-vacante-la-ue-nombra-a-un-nuevo-emisario-de-libertad-religiosa"},"author":{"name":"Philipp Bues","@id":"https:\/\/adfinternational.org\/es\/#\/schema\/person\/6b776fc8535453c6aad8a6f9d78e6141"},"headline":"Tras dos a\u00f1os de vacante, la UE nombra a un nuevo emisario de libertad religiosa","datePublished":"2021-05-05T10:50:46+00:00","dateModified":"2024-07-30T09:53:31+00:00","mainEntityOfPage":{"@id":"https:\/\/adfinternational.org\/es\/noticias\/tras-dos-anos-de-vacante-la-ue-nombra-a-un-nuevo-emisario-de-libertad-religiosa"},"wordCount":610,"publisher":{"@id":"https:\/\/adfinternational.org\/es\/#organization"},"image":{"@id":"https:\/\/adfinternational.org\/es\/noticias\/tras-dos-anos-de-vacante-la-ue-nombra-a-un-nuevo-emisario-de-libertad-religiosa#primaryimage"},"thumbnailUrl":"https:\/\/adfinternational.org\/wp-content\/uploads\/2021\/05\/VG-11-Header.jpg","keywords":["ES"],"articleSection":["noticias"],"inLanguage":"es"},{"@type":"WebPage","@id":"https:\/\/adfinternational.org\/es\/noticias\/tras-dos-anos-de-vacante-la-ue-nombra-a-un-nuevo-emisario-de-libertad-religiosa","url":"https:\/\/adfinternational.org\/es\/noticias\/tras-dos-anos-de-vacante-la-ue-nombra-a-un-nuevo-emisario-de-libertad-religiosa","name":"Tras dos a\u00f1os de vacante, la UE nombra a un nuevo emisario de libertad religiosa - ADF International","isPartOf":{"@id":"https:\/\/adfinternational.org\/es\/#website"},"primaryImageOfPage":{"@id":"https:\/\/adfinternational.org\/es\/noticias\/tras-dos-anos-de-vacante-la-ue-nombra-a-un-nuevo-emisario-de-libertad-religiosa#primaryimage"},"image":{"@id":"https:\/\/adfinternational.org\/es\/noticias\/tras-dos-anos-de-vacante-la-ue-nombra-a-un-nuevo-emisario-de-libertad-religiosa#primaryimage"},"thumbnailUrl":"https:\/\/adfinternational.org\/wp-content\/uploads\/2021\/05\/VG-11-Header.jpg","datePublished":"2021-05-05T10:50:46+00:00","dateModified":"2024-07-30T09:53:31+00:00","description":"Are we allowed to share Christian views on social media? The Constitutional Court will have to answer this question, at least for Colombia. Responding to a viewer\u2019s question in an \u201cAsk Me Anything\u201d video, social media star Erika \u201cKika\u201d Nieto had shared her views on marriage while expressing tolerance for all other views.","breadcrumb":{"@id":"https:\/\/adfinternational.org\/es\/noticias\/tras-dos-anos-de-vacante-la-ue-nombra-a-un-nuevo-emisario-de-libertad-religiosa#breadcrumb"},"inLanguage":"es","potentialAction":[{"@type":"ReadAction","target":["https:\/\/adfinternational.org\/es\/noticias\/tras-dos-anos-de-vacante-la-ue-nombra-a-un-nuevo-emisario-de-libertad-religiosa"]}]},{"@type":"ImageObject","inLanguage":"es","@id":"https:\/\/adfinternational.org\/es\/noticias\/tras-dos-anos-de-vacante-la-ue-nombra-a-un-nuevo-emisario-de-libertad-religiosa#primaryimage","url":"https:\/\/adfinternational.org\/wp-content\/uploads\/2021\/05\/VG-11-Header.jpg","contentUrl":"https:\/\/adfinternational.org\/wp-content\/uploads\/2021\/05\/VG-11-Header.jpg","width":1924,"height":885,"caption":"Vanishing Girls photo contest"},{"@type":"BreadcrumbList","@id":"https:\/\/adfinternational.org\/es\/noticias\/tras-dos-anos-de-vacante-la-ue-nombra-a-un-nuevo-emisario-de-libertad-religiosa#breadcrumb","itemListElement":[{"@type":"ListItem","position":1,"name":"Home","item":"https:\/\/adfinternational.org\/es"},{"@type":"ListItem","position":2,"name":"Tras dos a\u00f1os de vacante, la UE nombra a un nuevo emisario de libertad religiosa"}]},{"@type":"WebSite","@id":"https:\/\/adfinternational.org\/es\/#website","url":"https:\/\/adfinternational.org\/es\/","name":"ADF International","description":"Protecting Fundamental Freedoms. Promoting Inherent Dignity.","publisher":{"@id":"https:\/\/adfinternational.org\/es\/#organization"},"potentialAction":[{"@type":"SearchAction","target":{"@type":"EntryPoint","urlTemplate":"https:\/\/adfinternational.org\/es\/?s={search_term_string}"},"query-input":{"@type":"PropertyValueSpecification","valueRequired":true,"valueName":"search_term_string"}}],"inLanguage":"es"},{"@type":"Organization","@id":"https:\/\/adfinternational.org\/es\/#organization","name":"Alliance Defending Freedom International","url":"https:\/\/adfinternational.org\/es\/","logo":{"@type":"ImageObject","inLanguage":"es","@id":"https:\/\/adfinternational.org\/es\/#\/schema\/logo\/image\/","url":"https:\/\/adfinternational.org\/wp-content\/uploads\/2021\/08\/ADF_Intl_R_RGB_175px.png","contentUrl":"https:\/\/adfinternational.org\/wp-content\/uploads\/2021\/08\/ADF_Intl_R_RGB_175px.png","width":175,"height":106,"caption":"Alliance Defending Freedom International"},"image":{"@id":"https:\/\/adfinternational.org\/es\/#\/schema\/logo\/image\/"},"sameAs":["https:\/\/facebook.com\/adfinternational","https:\/\/x.com\/adfintl","https:\/\/www.linkedin.com\/company\/adfinternational","https:\/\/www.instagram.com\/adfinternational\/"]},{"@type":"Person","@id":"https:\/\/adfinternational.org\/es\/#\/schema\/person\/6b776fc8535453c6aad8a6f9d78e6141","name":"Philipp Bues","image":{"@type":"ImageObject","inLanguage":"es","@id":"https:\/\/adfinternational.org\/wp-content\/uploads\/2025\/02\/Philipp-Bues-Headshot-150x150.jpg","url":"https:\/\/adfinternational.org\/wp-content\/uploads\/2025\/02\/Philipp-Bues-Headshot-150x150.jpg","contentUrl":"https:\/\/adfinternational.org\/wp-content\/uploads\/2025\/02\/Philipp-Bues-Headshot-150x150.jpg","caption":"Philipp Bues"},"url":"https:\/\/adfinternational.org\/es\/author\/pbuesadfinternational-org"}]}},"_links":{"self":[{"href":"https:\/\/adfinternational.org\/es\/wp-json\/wp\/v2\/posts\/6994","targetHints":{"allow":["GET"]}}],"collection":[{"href":"https:\/\/adfinternational.org\/es\/wp-json\/wp\/v2\/posts"}],"about":[{"href":"https:\/\/adfinternational.org\/es\/wp-json\/wp\/v2\/types\/post"}],"author":[{"embeddable":true,"href":"https:\/\/adfinternational.org\/es\/wp-json\/wp\/v2\/users\/44"}],"replies":[{"embeddable":true,"href":"https:\/\/adfinternational.org\/es\/wp-json\/wp\/v2\/comments?post=6994"}],"version-history":[{"count":0,"href":"https:\/\/adfinternational.org\/es\/wp-json\/wp\/v2\/posts\/6994\/revisions"}],"wp:featuredmedia":[{"embeddable":true,"href":"https:\/\/adfinternational.org\/es\/wp-json\/wp\/v2\/media\/26976"}],"wp:attachment":[{"href":"https:\/\/adfinternational.org\/es\/wp-json\/wp\/v2\/media?parent=6994"}],"wp:term":[{"taxonomy":"category","embeddable":true,"href":"https:\/\/adfinternational.org\/es\/wp-json\/wp\/v2\/categories?post=6994"},{"taxonomy":"post_tag","embeddable":true,"href":"https:\/\/adfinternational.org\/es\/wp-json\/wp\/v2\/tags?post=6994"}],"curies":[{"name":"wp","href":"https:\/\/api.w.org\/{rel}","templated":true}]}}