{"id":7078,"date":"2021-05-20T14:41:58","date_gmt":"2021-05-20T14:41:58","guid":{"rendered":"https:\/\/adfinternational.lat\/?p=7078"},"modified":"2024-07-30T10:46:32","modified_gmt":"2024-07-30T09:46:32","slug":"las-iglesias-y-la-libertad-religiosa-ante-la-corte-idh","status":"publish","type":"post","link":"https:\/\/adfinternational.org\/es\/news\/las-iglesias-y-la-libertad-religiosa-ante-la-corte-idh","title":{"rendered":"Las Iglesias y la Libertad Religiosa ante la Corte IDH"},"content":{"rendered":"\t\t<div data-elementor-type=\"wp-post\" data-elementor-id=\"7078\" class=\"elementor elementor-7078\" data-elementor-post-type=\"post\">\n\t\t\t\t\t\t<section class=\"elementor-section elementor-top-section elementor-element elementor-element-295a27e5 elementor-section-boxed elementor-section-height-default elementor-section-height-default\" data-id=\"295a27e5\" data-element_type=\"section\" data-e-type=\"section\">\n\t\t\t\t\t\t<div class=\"elementor-container elementor-column-gap-default\">\n\t\t\t\t\t<div class=\"elementor-column elementor-col-100 elementor-top-column elementor-element elementor-element-7596ed3a\" data-id=\"7596ed3a\" data-element_type=\"column\" data-e-type=\"column\">\n\t\t\t<div class=\"elementor-widget-wrap elementor-element-populated\">\n\t\t\t\t\t\t<div class=\"elementor-element elementor-element-6c7ef218 elementor-widget elementor-widget-text-editor\" data-id=\"6c7ef218\" data-element_type=\"widget\" data-e-type=\"widget\" data-widget_type=\"text-editor.default\">\n\t\t\t\t<div class=\"elementor-widget-container\">\n\t\t\t\t\t\t\t\t\t<p><strong><em>En una nueva oportunidad de an\u00e1lisis organizado por ADF Internacional, el Obispo de San Bernardo y miembro de la Conferencia Episcopal de Chile, Monse\u00f1or Juan Ignacio Gonz\u00e1lez, coment\u00f3 los alcances del pr\u00f3ximo fallo de la Corte IDH en el caso Pavez vs Chile.<\/em><\/strong><\/p>\n<p>Un profundo an\u00e1lisis del caso Pavez vs Chile se realiz\u00f3 en un nuevo evento en l\u00ednea organizado por ADF Internacional. En esta oportunidad, la conversaci\u00f3n estuvo dirigida por el Director de \u00c1rea para Latinoam\u00e9rica y el Caribe de ADF Internacional,&nbsp;<strong>Tom\u00e1s Henr\u00edquez<\/strong>, quien revis\u00f3 el caso desde sus or\u00edgenes junto al Obispo de San Bernardo, Monse\u00f1or&nbsp;<strong>Juan Ignacio Gonz\u00e1lez<\/strong>, quien fuera el responsable de tomar la decisi\u00f3n de remover el certificado de idoneidad a la profesora Sandra Pavez en 2007.<\/p>\n<p><em><strong>\u201cNo ha habido en esto la m\u00e1s m\u00ednima intenci\u00f3n de da\u00f1ar, lesionar o de juzgar a personas, situaciones o identidades: nada de eso. Simplemente (\u2026) velar por el derecho de los padres que conf\u00edan en la Iglesia\u201d<\/strong><\/em>&nbsp;asegur\u00f3 Monse\u00f1or Juan Ignacio Gonz\u00e1lez, al revisar su determinaci\u00f3n en 2007, que calific\u00f3 como una decisi\u00f3n muy dif\u00edcil, pero necesaria de defender.<\/p>\n<p>Adicionalmente, en la ocasi\u00f3n el cl\u00e9rigo afirm\u00f3 que los padres conf\u00edan en la Iglesia y en la idoneidad de los profesores de religi\u00f3n respecto a sus habilidades para poder transmitir la fe de la Iglesia y en esta l\u00ednea,&nbsp;<strong><em>\u201caqu\u00ed qued\u00f3 patente que hab\u00eda una realidad en la vida de la profesora Sandra Pavez, que no era coherente con lo que es propio de la vida de una persona que transmite la fe en Jesucristo y la ense\u00f1anza de la Iglesia\u201d<\/em><\/strong>.<\/p>\n<p>Monse\u00f1or explic\u00f3 que se est\u00e1 haciendo lo que \u00e9ticamente le corresponde a la Iglesia, excluyendo los temas personales.&nbsp;<strong><em>\u201cEsto se ha tratado de presentar como un tema homof\u00f3bico, lo que est\u00e1 muy lejos de la realidad que vive la Iglesia\u201d<\/em><\/strong>. Cabe destacar que la Iglesia Cat\u00f3lica, junto a otras religiones, se han manifestado en la figura de&nbsp;<em>amicus curiae<\/em>&nbsp;para presentar antecedentes a la Corte Interamericana de Derechos Humanos, debido a que la demanda de Sandra Pavez, es contra el Estado chileno.<\/p>\n<p>Finalmente, en l\u00ednea con lo manifestado por el Obispo de San Bernardo, Tom\u00e1s Henr\u00edquez, Director de \u00c1rea para Latinoam\u00e9rica y el Caribe de ADF Internacional, se\u00f1al\u00f3 que&nbsp;<strong><em>\u201cno sabemos c\u00f3mo va a resolver la Corte, pero hay razones para creer que debiera hacerlo siguiendo los precedentes comparados, lo que significa resolver en funci\u00f3n de la libertad religiosa, pero va a depender de qu\u00e9 manera lo haga o de qu\u00e9 manera lo conceptualice\u201d<\/em><\/strong>.<\/p>\t\t\t\t\t\t\t\t<\/div>\n\t\t\t\t<\/div>\n\t\t\t\t\t<\/div>\n\t\t<\/div>\n\t\t\t\t\t<\/div>\n\t\t<\/section>\n\t\t\t\t<\/div>\n\t\t","protected":false},"excerpt":{"rendered":"<p>Un profundo an\u00e1lisis del caso Pavez vs Chile se realiz\u00f3 en un nuevo evento en l\u00ednea organizado por ADF Internacional. En esta oportunidad, la conversaci\u00f3n estuvo dirigida por el Director de \u00c1rea para Latinoam\u00e9rica y el Caribe de ADF Internacional, Tom\u00e1s Henr\u00edquez, quien revis\u00f3 el caso desde sus or\u00edgenes junto al Obispo de San Bernardo, Monse\u00f1or Juan Ignacio Gonz\u00e1lez, quien fuera el responsable de tomar la decisi\u00f3n de remover el certificado de idoneidad a la profesora Sandra Pavez en 2007.<\/p>\n","protected":false},"author":44,"featured_media":29101,"comment_status":"closed","ping_status":"closed","sticky":false,"template":"","format":"standard","meta":{"_acf_changed":false,"give_campaign_id":0,"footnotes":""},"categories":[991],"tags":[981,1013,979],"class_list":["post-7078","post","type-post","status-publish","format-standard","has-post-thumbnail","hentry","category-noticias","tag-corte-idh","tag-es","tag-libertad-religiosa"],"acf":[],"yoast_head":"<!-- This site is optimized with the Yoast SEO Premium plugin v27.5 (Yoast SEO v27.5) - https:\/\/yoast.com\/product\/yoast-seo-premium-wordpress\/ -->\n<title>Las Iglesias y la Libertad Religiosa ante la Corte IDH - ADF International<\/title>\n<meta name=\"robots\" content=\"index, follow, max-snippet:-1, max-image-preview:large, max-video-preview:-1\" \/>\n<link rel=\"canonical\" href=\"https:\/\/adfinternational.org\/es\/news\/las-iglesias-y-la-libertad-religiosa-ante-la-corte-idh\" \/>\n<meta property=\"og:locale\" content=\"es_ES\" \/>\n<meta property=\"og:type\" content=\"article\" \/>\n<meta property=\"og:title\" content=\"Las Iglesias y la Libertad Religiosa ante la Corte IDH\" \/>\n<meta property=\"og:description\" content=\"Un profundo an\u00e1lisis del caso Pavez vs Chile se realiz\u00f3 en un nuevo evento en l\u00ednea organizado por ADF Internacional. En esta oportunidad, la conversaci\u00f3n estuvo dirigida por el Director de \u00c1rea para Latinoam\u00e9rica y el Caribe de ADF Internacional, Tom\u00e1s Henr\u00edquez, quien revis\u00f3 el caso desde sus or\u00edgenes junto al Obispo de San Bernardo, Monse\u00f1or Juan Ignacio Gonz\u00e1lez, quien fuera el responsable de tomar la decisi\u00f3n de remover el certificado de idoneidad a la profesora Sandra Pavez en 2007.\" \/>\n<meta property=\"og:url\" content=\"https:\/\/adfinternational.org\/es\/news\/las-iglesias-y-la-libertad-religiosa-ante-la-corte-idh\" \/>\n<meta property=\"og:site_name\" content=\"ADF International\" \/>\n<meta property=\"article:publisher\" content=\"https:\/\/facebook.com\/adfinternational\" \/>\n<meta property=\"article:published_time\" content=\"2021-05-20T14:41:58+00:00\" \/>\n<meta property=\"article:modified_time\" content=\"2024-07-30T09:46:32+00:00\" \/>\n<meta property=\"og:image\" content=\"https:\/\/adfinternational.org\/wp-content\/uploads\/2022\/02\/Pavez-Header-RESIZED.jpg\" \/>\n\t<meta property=\"og:image:width\" content=\"1294\" \/>\n\t<meta property=\"og:image:height\" content=\"863\" \/>\n\t<meta property=\"og:image:type\" content=\"image\/jpeg\" \/>\n<meta name=\"author\" content=\"Philipp Bues\" \/>\n<meta name=\"twitter:card\" content=\"summary_large_image\" \/>\n<meta name=\"twitter:creator\" content=\"@adfintl\" \/>\n<meta name=\"twitter:site\" content=\"@adfintl\" \/>\n<meta name=\"twitter:label1\" content=\"Escrito por\" \/>\n\t<meta name=\"twitter:data1\" content=\"Philipp Bues\" \/>\n\t<meta name=\"twitter:label2\" content=\"Tiempo de lectura\" \/>\n\t<meta name=\"twitter:data2\" content=\"2 minutos\" \/>\n<script type=\"application\/ld+json\" class=\"yoast-schema-graph\">{\"@context\":\"https:\\\/\\\/schema.org\",\"@graph\":[{\"@type\":\"Article\",\"@id\":\"https:\\\/\\\/adfinternational.org\\\/es\\\/news\\\/las-iglesias-y-la-libertad-religiosa-ante-la-corte-idh#article\",\"isPartOf\":{\"@id\":\"https:\\\/\\\/adfinternational.org\\\/es\\\/news\\\/las-iglesias-y-la-libertad-religiosa-ante-la-corte-idh\"},\"author\":{\"name\":\"Philipp Bues\",\"@id\":\"https:\\\/\\\/adfinternational.org\\\/es\\\/#\\\/schema\\\/person\\\/6b776fc8535453c6aad8a6f9d78e6141\"},\"headline\":\"Las Iglesias y la Libertad Religiosa ante la Corte IDH\",\"datePublished\":\"2021-05-20T14:41:58+00:00\",\"dateModified\":\"2024-07-30T09:46:32+00:00\",\"mainEntityOfPage\":{\"@id\":\"https:\\\/\\\/adfinternational.org\\\/es\\\/news\\\/las-iglesias-y-la-libertad-religiosa-ante-la-corte-idh\"},\"wordCount\":473,\"publisher\":{\"@id\":\"https:\\\/\\\/adfinternational.org\\\/es\\\/#organization\"},\"image\":{\"@id\":\"https:\\\/\\\/adfinternational.org\\\/es\\\/news\\\/las-iglesias-y-la-libertad-religiosa-ante-la-corte-idh#primaryimage\"},\"thumbnailUrl\":\"https:\\\/\\\/adfinternational.org\\\/wp-content\\\/uploads\\\/2022\\\/02\\\/Pavez-Header-RESIZED.jpg\",\"keywords\":[\"corte idh\",\"ES\",\"libertad religiosa\"],\"articleSection\":[\"noticias\"],\"inLanguage\":\"es\"},{\"@type\":\"WebPage\",\"@id\":\"https:\\\/\\\/adfinternational.org\\\/es\\\/news\\\/las-iglesias-y-la-libertad-religiosa-ante-la-corte-idh\",\"url\":\"https:\\\/\\\/adfinternational.org\\\/es\\\/news\\\/las-iglesias-y-la-libertad-religiosa-ante-la-corte-idh\",\"name\":\"Las Iglesias y la Libertad Religiosa ante la Corte IDH - ADF International\",\"isPartOf\":{\"@id\":\"https:\\\/\\\/adfinternational.org\\\/es\\\/#website\"},\"primaryImageOfPage\":{\"@id\":\"https:\\\/\\\/adfinternational.org\\\/es\\\/news\\\/las-iglesias-y-la-libertad-religiosa-ante-la-corte-idh#primaryimage\"},\"image\":{\"@id\":\"https:\\\/\\\/adfinternational.org\\\/es\\\/news\\\/las-iglesias-y-la-libertad-religiosa-ante-la-corte-idh#primaryimage\"},\"thumbnailUrl\":\"https:\\\/\\\/adfinternational.org\\\/wp-content\\\/uploads\\\/2022\\\/02\\\/Pavez-Header-RESIZED.jpg\",\"datePublished\":\"2021-05-20T14:41:58+00:00\",\"dateModified\":\"2024-07-30T09:46:32+00:00\",\"breadcrumb\":{\"@id\":\"https:\\\/\\\/adfinternational.org\\\/es\\\/news\\\/las-iglesias-y-la-libertad-religiosa-ante-la-corte-idh#breadcrumb\"},\"inLanguage\":\"es\",\"potentialAction\":[{\"@type\":\"ReadAction\",\"target\":[\"https:\\\/\\\/adfinternational.org\\\/es\\\/news\\\/las-iglesias-y-la-libertad-religiosa-ante-la-corte-idh\"]}]},{\"@type\":\"ImageObject\",\"inLanguage\":\"es\",\"@id\":\"https:\\\/\\\/adfinternational.org\\\/es\\\/news\\\/las-iglesias-y-la-libertad-religiosa-ante-la-corte-idh#primaryimage\",\"url\":\"https:\\\/\\\/adfinternational.org\\\/wp-content\\\/uploads\\\/2022\\\/02\\\/Pavez-Header-RESIZED.jpg\",\"contentUrl\":\"https:\\\/\\\/adfinternational.org\\\/wp-content\\\/uploads\\\/2022\\\/02\\\/Pavez-Header-RESIZED.jpg\",\"width\":1294,\"height\":863},{\"@type\":\"BreadcrumbList\",\"@id\":\"https:\\\/\\\/adfinternational.org\\\/es\\\/news\\\/las-iglesias-y-la-libertad-religiosa-ante-la-corte-idh#breadcrumb\",\"itemListElement\":[{\"@type\":\"ListItem\",\"position\":1,\"name\":\"Home\",\"item\":\"https:\\\/\\\/adfinternational.org\\\/es\"},{\"@type\":\"ListItem\",\"position\":2,\"name\":\"Las Iglesias y la Libertad Religiosa ante la Corte IDH\"}]},{\"@type\":\"WebSite\",\"@id\":\"https:\\\/\\\/adfinternational.org\\\/es\\\/#website\",\"url\":\"https:\\\/\\\/adfinternational.org\\\/es\\\/\",\"name\":\"ADF International\",\"description\":\"Protecting Fundamental Freedoms. Promoting Inherent Dignity.\",\"publisher\":{\"@id\":\"https:\\\/\\\/adfinternational.org\\\/es\\\/#organization\"},\"potentialAction\":[{\"@type\":\"SearchAction\",\"target\":{\"@type\":\"EntryPoint\",\"urlTemplate\":\"https:\\\/\\\/adfinternational.org\\\/es\\\/?s={search_term_string}\"},\"query-input\":{\"@type\":\"PropertyValueSpecification\",\"valueRequired\":true,\"valueName\":\"search_term_string\"}}],\"inLanguage\":\"es\"},{\"@type\":\"Organization\",\"@id\":\"https:\\\/\\\/adfinternational.org\\\/es\\\/#organization\",\"name\":\"Alliance Defending Freedom International\",\"url\":\"https:\\\/\\\/adfinternational.org\\\/es\\\/\",\"logo\":{\"@type\":\"ImageObject\",\"inLanguage\":\"es\",\"@id\":\"https:\\\/\\\/adfinternational.org\\\/es\\\/#\\\/schema\\\/logo\\\/image\\\/\",\"url\":\"https:\\\/\\\/adfinternational.org\\\/wp-content\\\/uploads\\\/2021\\\/08\\\/ADF_Intl_R_RGB_175px.png\",\"contentUrl\":\"https:\\\/\\\/adfinternational.org\\\/wp-content\\\/uploads\\\/2021\\\/08\\\/ADF_Intl_R_RGB_175px.png\",\"width\":175,\"height\":106,\"caption\":\"Alliance Defending Freedom International\"},\"image\":{\"@id\":\"https:\\\/\\\/adfinternational.org\\\/es\\\/#\\\/schema\\\/logo\\\/image\\\/\"},\"sameAs\":[\"https:\\\/\\\/facebook.com\\\/adfinternational\",\"https:\\\/\\\/x.com\\\/adfintl\",\"https:\\\/\\\/www.linkedin.com\\\/company\\\/adfinternational\",\"https:\\\/\\\/www.instagram.com\\\/adfinternational\\\/\"]},{\"@type\":\"Person\",\"@id\":\"https:\\\/\\\/adfinternational.org\\\/es\\\/#\\\/schema\\\/person\\\/6b776fc8535453c6aad8a6f9d78e6141\",\"name\":\"Philipp Bues\",\"image\":{\"@type\":\"ImageObject\",\"inLanguage\":\"es\",\"@id\":\"https:\\\/\\\/adfinternational.org\\\/wp-content\\\/uploads\\\/2025\\\/02\\\/Philipp-Bues-Headshot-150x150.jpg\",\"url\":\"https:\\\/\\\/adfinternational.org\\\/wp-content\\\/uploads\\\/2025\\\/02\\\/Philipp-Bues-Headshot-150x150.jpg\",\"contentUrl\":\"https:\\\/\\\/adfinternational.org\\\/wp-content\\\/uploads\\\/2025\\\/02\\\/Philipp-Bues-Headshot-150x150.jpg\",\"caption\":\"Philipp Bues\"},\"url\":\"https:\\\/\\\/adfinternational.org\\\/es\\\/author\\\/pbuesadfinternational-org\"}]}<\/script>\n<!-- \/ Yoast SEO Premium plugin. -->","yoast_head_json":{"title":"Las Iglesias y la Libertad Religiosa ante la Corte IDH - ADF International","robots":{"index":"index","follow":"follow","max-snippet":"max-snippet:-1","max-image-preview":"max-image-preview:large","max-video-preview":"max-video-preview:-1"},"canonical":"https:\/\/adfinternational.org\/es\/news\/las-iglesias-y-la-libertad-religiosa-ante-la-corte-idh","og_locale":"es_ES","og_type":"article","og_title":"Las Iglesias y la Libertad Religiosa ante la Corte IDH","og_description":"Un profundo an\u00e1lisis del caso Pavez vs Chile se realiz\u00f3 en un nuevo evento en l\u00ednea organizado por ADF Internacional. En esta oportunidad, la conversaci\u00f3n estuvo dirigida por el Director de \u00c1rea para Latinoam\u00e9rica y el Caribe de ADF Internacional, Tom\u00e1s Henr\u00edquez, quien revis\u00f3 el caso desde sus or\u00edgenes junto al Obispo de San Bernardo, Monse\u00f1or Juan Ignacio Gonz\u00e1lez, quien fuera el responsable de tomar la decisi\u00f3n de remover el certificado de idoneidad a la profesora Sandra Pavez en 2007.","og_url":"https:\/\/adfinternational.org\/es\/news\/las-iglesias-y-la-libertad-religiosa-ante-la-corte-idh","og_site_name":"ADF International","article_publisher":"https:\/\/facebook.com\/adfinternational","article_published_time":"2021-05-20T14:41:58+00:00","article_modified_time":"2024-07-30T09:46:32+00:00","og_image":[{"width":1294,"height":863,"url":"https:\/\/adfinternational.org\/wp-content\/uploads\/2022\/02\/Pavez-Header-RESIZED.jpg","type":"image\/jpeg"}],"author":"Philipp Bues","twitter_card":"summary_large_image","twitter_creator":"@adfintl","twitter_site":"@adfintl","twitter_misc":{"Escrito por":"Philipp Bues","Tiempo de lectura":"2 minutos"},"schema":{"@context":"https:\/\/schema.org","@graph":[{"@type":"Article","@id":"https:\/\/adfinternational.org\/es\/news\/las-iglesias-y-la-libertad-religiosa-ante-la-corte-idh#article","isPartOf":{"@id":"https:\/\/adfinternational.org\/es\/news\/las-iglesias-y-la-libertad-religiosa-ante-la-corte-idh"},"author":{"name":"Philipp Bues","@id":"https:\/\/adfinternational.org\/es\/#\/schema\/person\/6b776fc8535453c6aad8a6f9d78e6141"},"headline":"Las Iglesias y la Libertad Religiosa ante la Corte IDH","datePublished":"2021-05-20T14:41:58+00:00","dateModified":"2024-07-30T09:46:32+00:00","mainEntityOfPage":{"@id":"https:\/\/adfinternational.org\/es\/news\/las-iglesias-y-la-libertad-religiosa-ante-la-corte-idh"},"wordCount":473,"publisher":{"@id":"https:\/\/adfinternational.org\/es\/#organization"},"image":{"@id":"https:\/\/adfinternational.org\/es\/news\/las-iglesias-y-la-libertad-religiosa-ante-la-corte-idh#primaryimage"},"thumbnailUrl":"https:\/\/adfinternational.org\/wp-content\/uploads\/2022\/02\/Pavez-Header-RESIZED.jpg","keywords":["corte idh","ES","libertad religiosa"],"articleSection":["noticias"],"inLanguage":"es"},{"@type":"WebPage","@id":"https:\/\/adfinternational.org\/es\/news\/las-iglesias-y-la-libertad-religiosa-ante-la-corte-idh","url":"https:\/\/adfinternational.org\/es\/news\/las-iglesias-y-la-libertad-religiosa-ante-la-corte-idh","name":"Las Iglesias y la Libertad Religiosa ante la Corte IDH - ADF International","isPartOf":{"@id":"https:\/\/adfinternational.org\/es\/#website"},"primaryImageOfPage":{"@id":"https:\/\/adfinternational.org\/es\/news\/las-iglesias-y-la-libertad-religiosa-ante-la-corte-idh#primaryimage"},"image":{"@id":"https:\/\/adfinternational.org\/es\/news\/las-iglesias-y-la-libertad-religiosa-ante-la-corte-idh#primaryimage"},"thumbnailUrl":"https:\/\/adfinternational.org\/wp-content\/uploads\/2022\/02\/Pavez-Header-RESIZED.jpg","datePublished":"2021-05-20T14:41:58+00:00","dateModified":"2024-07-30T09:46:32+00:00","breadcrumb":{"@id":"https:\/\/adfinternational.org\/es\/news\/las-iglesias-y-la-libertad-religiosa-ante-la-corte-idh#breadcrumb"},"inLanguage":"es","potentialAction":[{"@type":"ReadAction","target":["https:\/\/adfinternational.org\/es\/news\/las-iglesias-y-la-libertad-religiosa-ante-la-corte-idh"]}]},{"@type":"ImageObject","inLanguage":"es","@id":"https:\/\/adfinternational.org\/es\/news\/las-iglesias-y-la-libertad-religiosa-ante-la-corte-idh#primaryimage","url":"https:\/\/adfinternational.org\/wp-content\/uploads\/2022\/02\/Pavez-Header-RESIZED.jpg","contentUrl":"https:\/\/adfinternational.org\/wp-content\/uploads\/2022\/02\/Pavez-Header-RESIZED.jpg","width":1294,"height":863},{"@type":"BreadcrumbList","@id":"https:\/\/adfinternational.org\/es\/news\/las-iglesias-y-la-libertad-religiosa-ante-la-corte-idh#breadcrumb","itemListElement":[{"@type":"ListItem","position":1,"name":"Home","item":"https:\/\/adfinternational.org\/es"},{"@type":"ListItem","position":2,"name":"Las Iglesias y la Libertad Religiosa ante la Corte IDH"}]},{"@type":"WebSite","@id":"https:\/\/adfinternational.org\/es\/#website","url":"https:\/\/adfinternational.org\/es\/","name":"ADF International","description":"Protecting Fundamental Freedoms. Promoting Inherent Dignity.","publisher":{"@id":"https:\/\/adfinternational.org\/es\/#organization"},"potentialAction":[{"@type":"SearchAction","target":{"@type":"EntryPoint","urlTemplate":"https:\/\/adfinternational.org\/es\/?s={search_term_string}"},"query-input":{"@type":"PropertyValueSpecification","valueRequired":true,"valueName":"search_term_string"}}],"inLanguage":"es"},{"@type":"Organization","@id":"https:\/\/adfinternational.org\/es\/#organization","name":"Alliance Defending Freedom International","url":"https:\/\/adfinternational.org\/es\/","logo":{"@type":"ImageObject","inLanguage":"es","@id":"https:\/\/adfinternational.org\/es\/#\/schema\/logo\/image\/","url":"https:\/\/adfinternational.org\/wp-content\/uploads\/2021\/08\/ADF_Intl_R_RGB_175px.png","contentUrl":"https:\/\/adfinternational.org\/wp-content\/uploads\/2021\/08\/ADF_Intl_R_RGB_175px.png","width":175,"height":106,"caption":"Alliance Defending Freedom International"},"image":{"@id":"https:\/\/adfinternational.org\/es\/#\/schema\/logo\/image\/"},"sameAs":["https:\/\/facebook.com\/adfinternational","https:\/\/x.com\/adfintl","https:\/\/www.linkedin.com\/company\/adfinternational","https:\/\/www.instagram.com\/adfinternational\/"]},{"@type":"Person","@id":"https:\/\/adfinternational.org\/es\/#\/schema\/person\/6b776fc8535453c6aad8a6f9d78e6141","name":"Philipp Bues","image":{"@type":"ImageObject","inLanguage":"es","@id":"https:\/\/adfinternational.org\/wp-content\/uploads\/2025\/02\/Philipp-Bues-Headshot-150x150.jpg","url":"https:\/\/adfinternational.org\/wp-content\/uploads\/2025\/02\/Philipp-Bues-Headshot-150x150.jpg","contentUrl":"https:\/\/adfinternational.org\/wp-content\/uploads\/2025\/02\/Philipp-Bues-Headshot-150x150.jpg","caption":"Philipp Bues"},"url":"https:\/\/adfinternational.org\/es\/author\/pbuesadfinternational-org"}]}},"_links":{"self":[{"href":"https:\/\/adfinternational.org\/es\/wp-json\/wp\/v2\/posts\/7078","targetHints":{"allow":["GET"]}}],"collection":[{"href":"https:\/\/adfinternational.org\/es\/wp-json\/wp\/v2\/posts"}],"about":[{"href":"https:\/\/adfinternational.org\/es\/wp-json\/wp\/v2\/types\/post"}],"author":[{"embeddable":true,"href":"https:\/\/adfinternational.org\/es\/wp-json\/wp\/v2\/users\/44"}],"replies":[{"embeddable":true,"href":"https:\/\/adfinternational.org\/es\/wp-json\/wp\/v2\/comments?post=7078"}],"version-history":[{"count":0,"href":"https:\/\/adfinternational.org\/es\/wp-json\/wp\/v2\/posts\/7078\/revisions"}],"wp:featuredmedia":[{"embeddable":true,"href":"https:\/\/adfinternational.org\/es\/wp-json\/wp\/v2\/media\/29101"}],"wp:attachment":[{"href":"https:\/\/adfinternational.org\/es\/wp-json\/wp\/v2\/media?parent=7078"}],"wp:term":[{"taxonomy":"category","embeddable":true,"href":"https:\/\/adfinternational.org\/es\/wp-json\/wp\/v2\/categories?post=7078"},{"taxonomy":"post_tag","embeddable":true,"href":"https:\/\/adfinternational.org\/es\/wp-json\/wp\/v2\/tags?post=7078"}],"curies":[{"name":"wp","href":"https:\/\/api.w.org\/{rel}","templated":true}]}}