{"id":7159,"date":"2021-07-16T15:49:42","date_gmt":"2021-07-16T15:49:42","guid":{"rendered":"https:\/\/adfinternational.lat\/?p=7159"},"modified":"2024-07-26T09:28:08","modified_gmt":"2024-07-26T08:28:08","slug":"tribunal-constitucional-chileno-defiende-los-derechos-de-los-padres-en-la-educacion-de-sus-hijos","status":"publish","type":"post","link":"https:\/\/adfinternational.org\/es\/noticias\/tribunal-constitucional-chileno-defiende-los-derechos-de-los-padres-en-la-educacion-de-sus-hijos","title":{"rendered":"El Tribunal Constitucional chileno defiende los derechos parentales"},"content":{"rendered":"\t\t<div data-elementor-type=\"wp-post\" data-elementor-id=\"7159\" class=\"elementor elementor-7159\" data-elementor-post-type=\"post\">\n\t\t\t\t\t\t<section class=\"elementor-section elementor-top-section elementor-element elementor-element-34ae9dca elementor-section-boxed elementor-section-height-default elementor-section-height-default\" data-id=\"34ae9dca\" data-element_type=\"section\" data-e-type=\"section\">\n\t\t\t\t\t\t<div class=\"elementor-container elementor-column-gap-default\">\n\t\t\t\t\t<div class=\"elementor-column elementor-col-100 elementor-top-column elementor-element elementor-element-56b6558\" data-id=\"56b6558\" data-element_type=\"column\" data-e-type=\"column\">\n\t\t\t<div class=\"elementor-widget-wrap elementor-element-populated\">\n\t\t\t\t\t\t<div class=\"elementor-element elementor-element-21b09f51 elementor-widget elementor-widget-text-editor\" data-id=\"21b09f51\" data-element_type=\"widget\" data-e-type=\"widget\" data-widget_type=\"text-editor.default\">\n\t\t\t\t<div class=\"elementor-widget-container\">\n\t\t\t\t\t\t\t\t\t<ul>\n<li>El Tribunal Constitucional chileno dicta una sentencia contundente a favor de los derechos de los padres para dirigir la educaci\u00f3n de sus hijos.<\/li>\n<li>ADF International intervino en la audiencia p\u00fablica y apoy\u00f3 la demanda de inconstitucionalidad del proyecto de ley<\/li>\n<\/ul>\n<p><strong>Santiago de Chile<\/strong> (19 de julio de 2021) &#8211; El Tribunal Constitucional chileno ha dictado una decisi\u00f3n clave en Am\u00e9rica Latina que defiende los derechos de los padres. Despu\u00e9s de m\u00e1s de seis a\u00f1os en el Congreso chileno, se aprob\u00f3 un proyecto de ley integral sobre los derechos de los ni\u00f1os presentado originalmente por la expresidente Michelle Bachelet (actual Alta Comisionada para los Derechos Humanos de las Naciones Unidas). ADF International trabaj\u00f3 directamente con los aliados locales que representaban a los legisladores y cuestion\u00f3 con \u00e9xito tres disposiciones clave del proyecto de ley que habr\u00edan socavado el derecho fundamental y previo de los padres a elegir el tipo de educaci\u00f3n que deben recibir sus hijos.<br>\n\u00abEl Estado no debe interferir en las relaciones entre padres e hijos. Celebramos el fallo del Tribunal Constitucional chileno ya que sienta un fuerte precedente para la protecci\u00f3n de los derechos de los padres en Am\u00e9rica Latina. La mayor\u00eda de los jueces confirmaron que el gobierno no puede imponer a los padres una falsa cosmovisi\u00f3n sobre cuestiones religiosas y morales, ni interferir sin razones graves en la toma de decisiones de los padres a la hora de dirigir la crianza de sus hijos y el ejercicio de sus derechos. Los derechos de los padres est\u00e1n especialmente protegidos por la legislaci\u00f3n chilena e internacional\u00bb, dijo Tom\u00e1s Henr\u00edquez, director de \u00e1rea para Am\u00e9rica Latina y el Caribe de ADF International. Henr\u00edquez present\u00f3 estos argumentos en la audiencia p\u00fablica celebrada antes de los alegatos orales en la Corte.<\/p>\n<p><strong>Supervisi\u00f3n de los padres y educaci\u00f3n sexual<\/strong><\/p><p>\nEn el Tribunal Constitucional, los legisladores de la C\u00e1mara y el Senado estuvieron representados por Crist\u00f3bal Aguilera y Jorge Barrera. Para defender los derechos de los padres, ADF International trabaj\u00f3 con Comunidad y Justicia, una organizaci\u00f3n local. La demanda se centr\u00f3 en las disposiciones que priorizan la \u00abautonom\u00eda progresiva\u00bb de los ni\u00f1os sobre la supervisi\u00f3n de los padres y la exigencia de que la educaci\u00f3n sexual sea \u00ablaica y no sexista\u00bb, lo que excluir\u00eda la posibilidad de ense\u00f1ar la materia desde diferentes perspectivas religiosas y morales.<\/p>\n<p>Tras el \u00e9xito de la demanda,<a href=\"https:\/\/www.tribunalconstitucional.cl\/wp-content\/uploads\/11315-y-11317-21-CPT-COMUNICADO-PRENSA-ACUERDO.pdf\"> el Tribunal declar\u00f3 inconstitucionales todas las disposiciones impugnadas:<\/a> por una votaci\u00f3n de 6 a 4, los jueces anularon las disposiciones que hubieran vulnerado los derechos de los padres. Por un fallo de 7-3 decidieron que la educaci\u00f3n sexual integral obligatoria \u00ablaica y no sexista\u00bb es inconstitucional, ya que entra en conflicto con los derechos de los padres. <a href=\"https:\/\/www.un.org\/en\/about-us\/universal-declaration-of-human-rights\">Esta sentencia refleja el contenido del art\u00edculo 26 de la Declaraci\u00f3n Universal de los Derechos Humanos,<\/a> que establece: \u00abLos padres tienen derecho preferente a escoger el tipo de educaci\u00f3n que habr\u00e1 de darse a sus hijos\u00bb, as\u00ed como la protecci\u00f3n espec\u00edfica del derecho de los padres a que sus hijos sean educados de acuerdo con sus convicciones morales, filos\u00f3ficas y religiosas en virtud de los dos pactos internacionales de derechos humanos, la Convenci\u00f3n Americana de Derechos Humanos y el primer protocolo adicional al Convenio Europeo de Derechos Humanos.<\/p>\n<p><a href=\"https:\/\/www.tribunalconstitucional.cl\/descargar_expediente2.php?id=164053\">En su sentencia<\/a>, los jueces destacan c\u00f3mo las disposiciones propuestas podr\u00edan conducir a la sustituci\u00f3n de la funci\u00f3n tutelar de los padres por la del Estado. Mediante la concesi\u00f3n de derechos a los hijos menores se podr\u00eda limitar la autoridad de su madre o padre. Se reduce as\u00ed la obligaci\u00f3n de los padres a educar a sus hijos mediante la inserci\u00f3n legal del Estado en el v\u00ednculo paterno-filial. \u00abDe este modo, no s\u00f3lo se incrementa el poder de los tribunales de justicia (el Estado en su aspecto judicial), sino tambi\u00e9n la mano cada vez m\u00e1s visible del aparato administrativo del Estado\u00bb.<\/p>\n<p><a href=\"https:\/\/www.tribunalconstitucional.cl\/descargar_expediente2.php?id=164053\">La sentencia<\/a> tambi\u00e9n se\u00f1ala que: \u00abLa imposici\u00f3n de una orientaci\u00f3n educativa &#8216;laica y no sexista&#8217; supone excluir otras dimensiones valorativas que los padres, por s\u00ed mismos y a trav\u00e9s de los centros educativos que eligen para sus hijos, desean promover formativamente. La [disposici\u00f3n] demandada, en contra de lo que pudiera pensarse, no persigue la impartici\u00f3n de una educaci\u00f3n pluralista con mayores contenidos o diversidad por parte de los centros educativos.\u00bb<\/p>\t\t\t\t\t\t\t\t<\/div>\n\t\t\t\t<\/div>\n\t\t\t\t\t<\/div>\n\t\t<\/div>\n\t\t\t\t\t<\/div>\n\t\t<\/section>\n\t\t\t\t<\/div>\n\t\t","protected":false},"excerpt":{"rendered":"<p>Ayer, el Tribunal Constitucional chileno adopt\u00f3 una decisi\u00f3n clave que defiende los derechos de los padres en ese pa\u00eds y Am\u00e9rica Latina. <\/p>\n","protected":false},"author":5,"featured_media":38579,"comment_status":"closed","ping_status":"closed","sticky":false,"template":"","format":"standard","meta":{"_acf_changed":false,"give_campaign_id":0,"footnotes":""},"categories":[991],"tags":[1013],"class_list":["post-7159","post","type-post","status-publish","format-standard","has-post-thumbnail","hentry","category-noticias","tag-es"],"acf":[],"yoast_head":"<!-- This site is optimized with the Yoast SEO Premium plugin v27.5 (Yoast SEO v27.5) - https:\/\/yoast.com\/product\/yoast-seo-premium-wordpress\/ -->\n<title>El Tribunal Constitucional chileno defiende los derechos parentales - ADF International<\/title>\n<meta name=\"description\" content=\"La Corte Constitucional de Colombia ha accedido a revisar el caso de censura de la estrella colombiana de las redes sociales Erika &quot;Kika&quot; Nieto. Se espera un fallo positivo que reafirme la libertad de expresi\u00f3n.\" \/>\n<meta name=\"robots\" content=\"index, follow, max-snippet:-1, max-image-preview:large, max-video-preview:-1\" \/>\n<link rel=\"canonical\" href=\"https:\/\/adfinternational.org\/es\/noticias\/tribunal-constitucional-chileno-defiende-los-derechos-de-los-padres-en-la-educacion-de-sus-hijos\" \/>\n<meta property=\"og:locale\" content=\"es_ES\" \/>\n<meta property=\"og:type\" content=\"article\" \/>\n<meta property=\"og:title\" content=\"El Tribunal Constitucional chileno defiende los derechos parentales\" \/>\n<meta property=\"og:description\" content=\"La Corte Constitucional de Colombia ha accedido a revisar el caso de censura de la estrella colombiana de las redes sociales Erika &quot;Kika&quot; Nieto. Se espera un fallo positivo que reafirme la libertad de expresi\u00f3n.\" \/>\n<meta property=\"og:url\" content=\"https:\/\/adfinternational.org\/es\/noticias\/tribunal-constitucional-chileno-defiende-los-derechos-de-los-padres-en-la-educacion-de-sus-hijos\" \/>\n<meta property=\"og:site_name\" content=\"ADF International\" \/>\n<meta property=\"article:publisher\" content=\"https:\/\/facebook.com\/adfinternational\" \/>\n<meta property=\"article:published_time\" content=\"2021-07-16T15:49:42+00:00\" \/>\n<meta property=\"article:modified_time\" content=\"2024-07-26T08:28:08+00:00\" \/>\n<meta property=\"og:image\" content=\"https:\/\/adfinternational.org\/wp-content\/uploads\/2021\/07\/Chile1-copy.jpg\" \/>\n\t<meta property=\"og:image:width\" content=\"953\" \/>\n\t<meta property=\"og:image:height\" content=\"538\" \/>\n\t<meta property=\"og:image:type\" content=\"image\/jpeg\" \/>\n<meta name=\"author\" content=\"Sofia H\u00f6rder\" \/>\n<meta name=\"twitter:card\" content=\"summary_large_image\" \/>\n<meta name=\"twitter:creator\" content=\"@adfintl\" \/>\n<meta name=\"twitter:site\" content=\"@adfintl\" \/>\n<meta name=\"twitter:label1\" content=\"Escrito por\" \/>\n\t<meta name=\"twitter:data1\" content=\"Sofia H\u00f6rder\" \/>\n\t<meta name=\"twitter:label2\" content=\"Tiempo de lectura\" \/>\n\t<meta name=\"twitter:data2\" content=\"4 minutos\" \/>\n<script type=\"application\/ld+json\" class=\"yoast-schema-graph\">{\"@context\":\"https:\\\/\\\/schema.org\",\"@graph\":[{\"@type\":\"Article\",\"@id\":\"https:\\\/\\\/adfinternational.org\\\/es\\\/noticias\\\/tribunal-constitucional-chileno-defiende-los-derechos-de-los-padres-en-la-educacion-de-sus-hijos#article\",\"isPartOf\":{\"@id\":\"https:\\\/\\\/adfinternational.org\\\/es\\\/noticias\\\/tribunal-constitucional-chileno-defiende-los-derechos-de-los-padres-en-la-educacion-de-sus-hijos\"},\"author\":{\"name\":\"Sofia H\u00f6rder\",\"@id\":\"https:\\\/\\\/adfinternational.org\\\/es\\\/#\\\/schema\\\/person\\\/c13f32fa9b7e58ae9e452d20934efb27\"},\"headline\":\"El Tribunal Constitucional chileno defiende los derechos parentales\",\"datePublished\":\"2021-07-16T15:49:42+00:00\",\"dateModified\":\"2024-07-26T08:28:08+00:00\",\"mainEntityOfPage\":{\"@id\":\"https:\\\/\\\/adfinternational.org\\\/es\\\/noticias\\\/tribunal-constitucional-chileno-defiende-los-derechos-de-los-padres-en-la-educacion-de-sus-hijos\"},\"wordCount\":769,\"publisher\":{\"@id\":\"https:\\\/\\\/adfinternational.org\\\/es\\\/#organization\"},\"image\":{\"@id\":\"https:\\\/\\\/adfinternational.org\\\/es\\\/noticias\\\/tribunal-constitucional-chileno-defiende-los-derechos-de-los-padres-en-la-educacion-de-sus-hijos#primaryimage\"},\"thumbnailUrl\":\"https:\\\/\\\/adfinternational.org\\\/wp-content\\\/uploads\\\/2021\\\/07\\\/Chile1-copy.jpg\",\"keywords\":[\"ES\"],\"articleSection\":[\"noticias\"],\"inLanguage\":\"es\"},{\"@type\":\"WebPage\",\"@id\":\"https:\\\/\\\/adfinternational.org\\\/es\\\/noticias\\\/tribunal-constitucional-chileno-defiende-los-derechos-de-los-padres-en-la-educacion-de-sus-hijos\",\"url\":\"https:\\\/\\\/adfinternational.org\\\/es\\\/noticias\\\/tribunal-constitucional-chileno-defiende-los-derechos-de-los-padres-en-la-educacion-de-sus-hijos\",\"name\":\"El Tribunal Constitucional chileno defiende los derechos parentales - ADF International\",\"isPartOf\":{\"@id\":\"https:\\\/\\\/adfinternational.org\\\/es\\\/#website\"},\"primaryImageOfPage\":{\"@id\":\"https:\\\/\\\/adfinternational.org\\\/es\\\/noticias\\\/tribunal-constitucional-chileno-defiende-los-derechos-de-los-padres-en-la-educacion-de-sus-hijos#primaryimage\"},\"image\":{\"@id\":\"https:\\\/\\\/adfinternational.org\\\/es\\\/noticias\\\/tribunal-constitucional-chileno-defiende-los-derechos-de-los-padres-en-la-educacion-de-sus-hijos#primaryimage\"},\"thumbnailUrl\":\"https:\\\/\\\/adfinternational.org\\\/wp-content\\\/uploads\\\/2021\\\/07\\\/Chile1-copy.jpg\",\"datePublished\":\"2021-07-16T15:49:42+00:00\",\"dateModified\":\"2024-07-26T08:28:08+00:00\",\"description\":\"La Corte Constitucional de Colombia ha accedido a revisar el caso de censura de la estrella colombiana de las redes sociales Erika \\\"Kika\\\" Nieto. Se espera un fallo positivo que reafirme la libertad de expresi\u00f3n.\",\"breadcrumb\":{\"@id\":\"https:\\\/\\\/adfinternational.org\\\/es\\\/noticias\\\/tribunal-constitucional-chileno-defiende-los-derechos-de-los-padres-en-la-educacion-de-sus-hijos#breadcrumb\"},\"inLanguage\":\"es\",\"potentialAction\":[{\"@type\":\"ReadAction\",\"target\":[\"https:\\\/\\\/adfinternational.org\\\/es\\\/noticias\\\/tribunal-constitucional-chileno-defiende-los-derechos-de-los-padres-en-la-educacion-de-sus-hijos\"]}]},{\"@type\":\"ImageObject\",\"inLanguage\":\"es\",\"@id\":\"https:\\\/\\\/adfinternational.org\\\/es\\\/noticias\\\/tribunal-constitucional-chileno-defiende-los-derechos-de-los-padres-en-la-educacion-de-sus-hijos#primaryimage\",\"url\":\"https:\\\/\\\/adfinternational.org\\\/wp-content\\\/uploads\\\/2021\\\/07\\\/Chile1-copy.jpg\",\"contentUrl\":\"https:\\\/\\\/adfinternational.org\\\/wp-content\\\/uploads\\\/2021\\\/07\\\/Chile1-copy.jpg\",\"width\":953,\"height\":538},{\"@type\":\"BreadcrumbList\",\"@id\":\"https:\\\/\\\/adfinternational.org\\\/es\\\/noticias\\\/tribunal-constitucional-chileno-defiende-los-derechos-de-los-padres-en-la-educacion-de-sus-hijos#breadcrumb\",\"itemListElement\":[{\"@type\":\"ListItem\",\"position\":1,\"name\":\"Home\",\"item\":\"https:\\\/\\\/adfinternational.org\\\/es\"},{\"@type\":\"ListItem\",\"position\":2,\"name\":\"El Tribunal Constitucional chileno defiende los derechos parentales\"}]},{\"@type\":\"WebSite\",\"@id\":\"https:\\\/\\\/adfinternational.org\\\/es\\\/#website\",\"url\":\"https:\\\/\\\/adfinternational.org\\\/es\\\/\",\"name\":\"ADF International\",\"description\":\"Protecting Fundamental Freedoms. Promoting Inherent Dignity.\",\"publisher\":{\"@id\":\"https:\\\/\\\/adfinternational.org\\\/es\\\/#organization\"},\"potentialAction\":[{\"@type\":\"SearchAction\",\"target\":{\"@type\":\"EntryPoint\",\"urlTemplate\":\"https:\\\/\\\/adfinternational.org\\\/es\\\/?s={search_term_string}\"},\"query-input\":{\"@type\":\"PropertyValueSpecification\",\"valueRequired\":true,\"valueName\":\"search_term_string\"}}],\"inLanguage\":\"es\"},{\"@type\":\"Organization\",\"@id\":\"https:\\\/\\\/adfinternational.org\\\/es\\\/#organization\",\"name\":\"Alliance Defending Freedom International\",\"url\":\"https:\\\/\\\/adfinternational.org\\\/es\\\/\",\"logo\":{\"@type\":\"ImageObject\",\"inLanguage\":\"es\",\"@id\":\"https:\\\/\\\/adfinternational.org\\\/es\\\/#\\\/schema\\\/logo\\\/image\\\/\",\"url\":\"https:\\\/\\\/adfinternational.org\\\/wp-content\\\/uploads\\\/2021\\\/08\\\/ADF_Intl_R_RGB_175px.png\",\"contentUrl\":\"https:\\\/\\\/adfinternational.org\\\/wp-content\\\/uploads\\\/2021\\\/08\\\/ADF_Intl_R_RGB_175px.png\",\"width\":175,\"height\":106,\"caption\":\"Alliance Defending Freedom International\"},\"image\":{\"@id\":\"https:\\\/\\\/adfinternational.org\\\/es\\\/#\\\/schema\\\/logo\\\/image\\\/\"},\"sameAs\":[\"https:\\\/\\\/facebook.com\\\/adfinternational\",\"https:\\\/\\\/x.com\\\/adfintl\",\"https:\\\/\\\/www.linkedin.com\\\/company\\\/adfinternational\",\"https:\\\/\\\/www.instagram.com\\\/adfinternational\\\/\"]},{\"@type\":\"Person\",\"@id\":\"https:\\\/\\\/adfinternational.org\\\/es\\\/#\\\/schema\\\/person\\\/c13f32fa9b7e58ae9e452d20934efb27\",\"name\":\"Sofia H\u00f6rder\",\"image\":{\"@type\":\"ImageObject\",\"inLanguage\":\"es\",\"@id\":\"https:\\\/\\\/adfinternational.org\\\/wp-content\\\/uploads\\\/2021\\\/05\\\/Sofia-150x150.jpg\",\"url\":\"https:\\\/\\\/adfinternational.org\\\/wp-content\\\/uploads\\\/2021\\\/05\\\/Sofia-150x150.jpg\",\"contentUrl\":\"https:\\\/\\\/adfinternational.org\\\/wp-content\\\/uploads\\\/2021\\\/05\\\/Sofia-150x150.jpg\",\"caption\":\"Sofia H\u00f6rder\"},\"url\":\"https:\\\/\\\/adfinternational.org\\\/es\\\/author\\\/shoerder\"}]}<\/script>\n<!-- \/ Yoast SEO Premium plugin. -->","yoast_head_json":{"title":"El Tribunal Constitucional chileno defiende los derechos parentales - ADF International","description":"La Corte Constitucional de Colombia ha accedido a revisar el caso de censura de la estrella colombiana de las redes sociales Erika \"Kika\" Nieto. Se espera un fallo positivo que reafirme la libertad de expresi\u00f3n.","robots":{"index":"index","follow":"follow","max-snippet":"max-snippet:-1","max-image-preview":"max-image-preview:large","max-video-preview":"max-video-preview:-1"},"canonical":"https:\/\/adfinternational.org\/es\/noticias\/tribunal-constitucional-chileno-defiende-los-derechos-de-los-padres-en-la-educacion-de-sus-hijos","og_locale":"es_ES","og_type":"article","og_title":"El Tribunal Constitucional chileno defiende los derechos parentales","og_description":"La Corte Constitucional de Colombia ha accedido a revisar el caso de censura de la estrella colombiana de las redes sociales Erika \"Kika\" Nieto. Se espera un fallo positivo que reafirme la libertad de expresi\u00f3n.","og_url":"https:\/\/adfinternational.org\/es\/noticias\/tribunal-constitucional-chileno-defiende-los-derechos-de-los-padres-en-la-educacion-de-sus-hijos","og_site_name":"ADF International","article_publisher":"https:\/\/facebook.com\/adfinternational","article_published_time":"2021-07-16T15:49:42+00:00","article_modified_time":"2024-07-26T08:28:08+00:00","og_image":[{"width":953,"height":538,"url":"https:\/\/adfinternational.org\/wp-content\/uploads\/2021\/07\/Chile1-copy.jpg","type":"image\/jpeg"}],"author":"Sofia H\u00f6rder","twitter_card":"summary_large_image","twitter_creator":"@adfintl","twitter_site":"@adfintl","twitter_misc":{"Escrito por":"Sofia H\u00f6rder","Tiempo de lectura":"4 minutos"},"schema":{"@context":"https:\/\/schema.org","@graph":[{"@type":"Article","@id":"https:\/\/adfinternational.org\/es\/noticias\/tribunal-constitucional-chileno-defiende-los-derechos-de-los-padres-en-la-educacion-de-sus-hijos#article","isPartOf":{"@id":"https:\/\/adfinternational.org\/es\/noticias\/tribunal-constitucional-chileno-defiende-los-derechos-de-los-padres-en-la-educacion-de-sus-hijos"},"author":{"name":"Sofia H\u00f6rder","@id":"https:\/\/adfinternational.org\/es\/#\/schema\/person\/c13f32fa9b7e58ae9e452d20934efb27"},"headline":"El Tribunal Constitucional chileno defiende los derechos parentales","datePublished":"2021-07-16T15:49:42+00:00","dateModified":"2024-07-26T08:28:08+00:00","mainEntityOfPage":{"@id":"https:\/\/adfinternational.org\/es\/noticias\/tribunal-constitucional-chileno-defiende-los-derechos-de-los-padres-en-la-educacion-de-sus-hijos"},"wordCount":769,"publisher":{"@id":"https:\/\/adfinternational.org\/es\/#organization"},"image":{"@id":"https:\/\/adfinternational.org\/es\/noticias\/tribunal-constitucional-chileno-defiende-los-derechos-de-los-padres-en-la-educacion-de-sus-hijos#primaryimage"},"thumbnailUrl":"https:\/\/adfinternational.org\/wp-content\/uploads\/2021\/07\/Chile1-copy.jpg","keywords":["ES"],"articleSection":["noticias"],"inLanguage":"es"},{"@type":"WebPage","@id":"https:\/\/adfinternational.org\/es\/noticias\/tribunal-constitucional-chileno-defiende-los-derechos-de-los-padres-en-la-educacion-de-sus-hijos","url":"https:\/\/adfinternational.org\/es\/noticias\/tribunal-constitucional-chileno-defiende-los-derechos-de-los-padres-en-la-educacion-de-sus-hijos","name":"El Tribunal Constitucional chileno defiende los derechos parentales - ADF International","isPartOf":{"@id":"https:\/\/adfinternational.org\/es\/#website"},"primaryImageOfPage":{"@id":"https:\/\/adfinternational.org\/es\/noticias\/tribunal-constitucional-chileno-defiende-los-derechos-de-los-padres-en-la-educacion-de-sus-hijos#primaryimage"},"image":{"@id":"https:\/\/adfinternational.org\/es\/noticias\/tribunal-constitucional-chileno-defiende-los-derechos-de-los-padres-en-la-educacion-de-sus-hijos#primaryimage"},"thumbnailUrl":"https:\/\/adfinternational.org\/wp-content\/uploads\/2021\/07\/Chile1-copy.jpg","datePublished":"2021-07-16T15:49:42+00:00","dateModified":"2024-07-26T08:28:08+00:00","description":"La Corte Constitucional de Colombia ha accedido a revisar el caso de censura de la estrella colombiana de las redes sociales Erika \"Kika\" Nieto. Se espera un fallo positivo que reafirme la libertad de expresi\u00f3n.","breadcrumb":{"@id":"https:\/\/adfinternational.org\/es\/noticias\/tribunal-constitucional-chileno-defiende-los-derechos-de-los-padres-en-la-educacion-de-sus-hijos#breadcrumb"},"inLanguage":"es","potentialAction":[{"@type":"ReadAction","target":["https:\/\/adfinternational.org\/es\/noticias\/tribunal-constitucional-chileno-defiende-los-derechos-de-los-padres-en-la-educacion-de-sus-hijos"]}]},{"@type":"ImageObject","inLanguage":"es","@id":"https:\/\/adfinternational.org\/es\/noticias\/tribunal-constitucional-chileno-defiende-los-derechos-de-los-padres-en-la-educacion-de-sus-hijos#primaryimage","url":"https:\/\/adfinternational.org\/wp-content\/uploads\/2021\/07\/Chile1-copy.jpg","contentUrl":"https:\/\/adfinternational.org\/wp-content\/uploads\/2021\/07\/Chile1-copy.jpg","width":953,"height":538},{"@type":"BreadcrumbList","@id":"https:\/\/adfinternational.org\/es\/noticias\/tribunal-constitucional-chileno-defiende-los-derechos-de-los-padres-en-la-educacion-de-sus-hijos#breadcrumb","itemListElement":[{"@type":"ListItem","position":1,"name":"Home","item":"https:\/\/adfinternational.org\/es"},{"@type":"ListItem","position":2,"name":"El Tribunal Constitucional chileno defiende los derechos parentales"}]},{"@type":"WebSite","@id":"https:\/\/adfinternational.org\/es\/#website","url":"https:\/\/adfinternational.org\/es\/","name":"ADF International","description":"Protecting Fundamental Freedoms. Promoting Inherent Dignity.","publisher":{"@id":"https:\/\/adfinternational.org\/es\/#organization"},"potentialAction":[{"@type":"SearchAction","target":{"@type":"EntryPoint","urlTemplate":"https:\/\/adfinternational.org\/es\/?s={search_term_string}"},"query-input":{"@type":"PropertyValueSpecification","valueRequired":true,"valueName":"search_term_string"}}],"inLanguage":"es"},{"@type":"Organization","@id":"https:\/\/adfinternational.org\/es\/#organization","name":"Alliance Defending Freedom International","url":"https:\/\/adfinternational.org\/es\/","logo":{"@type":"ImageObject","inLanguage":"es","@id":"https:\/\/adfinternational.org\/es\/#\/schema\/logo\/image\/","url":"https:\/\/adfinternational.org\/wp-content\/uploads\/2021\/08\/ADF_Intl_R_RGB_175px.png","contentUrl":"https:\/\/adfinternational.org\/wp-content\/uploads\/2021\/08\/ADF_Intl_R_RGB_175px.png","width":175,"height":106,"caption":"Alliance Defending Freedom International"},"image":{"@id":"https:\/\/adfinternational.org\/es\/#\/schema\/logo\/image\/"},"sameAs":["https:\/\/facebook.com\/adfinternational","https:\/\/x.com\/adfintl","https:\/\/www.linkedin.com\/company\/adfinternational","https:\/\/www.instagram.com\/adfinternational\/"]},{"@type":"Person","@id":"https:\/\/adfinternational.org\/es\/#\/schema\/person\/c13f32fa9b7e58ae9e452d20934efb27","name":"Sofia H\u00f6rder","image":{"@type":"ImageObject","inLanguage":"es","@id":"https:\/\/adfinternational.org\/wp-content\/uploads\/2021\/05\/Sofia-150x150.jpg","url":"https:\/\/adfinternational.org\/wp-content\/uploads\/2021\/05\/Sofia-150x150.jpg","contentUrl":"https:\/\/adfinternational.org\/wp-content\/uploads\/2021\/05\/Sofia-150x150.jpg","caption":"Sofia H\u00f6rder"},"url":"https:\/\/adfinternational.org\/es\/author\/shoerder"}]}},"_links":{"self":[{"href":"https:\/\/adfinternational.org\/es\/wp-json\/wp\/v2\/posts\/7159","targetHints":{"allow":["GET"]}}],"collection":[{"href":"https:\/\/adfinternational.org\/es\/wp-json\/wp\/v2\/posts"}],"about":[{"href":"https:\/\/adfinternational.org\/es\/wp-json\/wp\/v2\/types\/post"}],"author":[{"embeddable":true,"href":"https:\/\/adfinternational.org\/es\/wp-json\/wp\/v2\/users\/5"}],"replies":[{"embeddable":true,"href":"https:\/\/adfinternational.org\/es\/wp-json\/wp\/v2\/comments?post=7159"}],"version-history":[{"count":0,"href":"https:\/\/adfinternational.org\/es\/wp-json\/wp\/v2\/posts\/7159\/revisions"}],"wp:featuredmedia":[{"embeddable":true,"href":"https:\/\/adfinternational.org\/es\/wp-json\/wp\/v2\/media\/38579"}],"wp:attachment":[{"href":"https:\/\/adfinternational.org\/es\/wp-json\/wp\/v2\/media?parent=7159"}],"wp:term":[{"taxonomy":"category","embeddable":true,"href":"https:\/\/adfinternational.org\/es\/wp-json\/wp\/v2\/categories?post=7159"},{"taxonomy":"post_tag","embeddable":true,"href":"https:\/\/adfinternational.org\/es\/wp-json\/wp\/v2\/tags?post=7159"}],"curies":[{"name":"wp","href":"https:\/\/api.w.org\/{rel}","templated":true}]}}