{"id":74147,"date":"2025-05-16T16:23:02","date_gmt":"2025-05-16T14:23:02","guid":{"rendered":"https:\/\/adfinternational.org\/?p=74147"},"modified":"2025-05-27T16:32:58","modified_gmt":"2025-05-27T14:32:58","slug":"organismo-internacional-decidira-caso-de-politico-mexicano-censurado-por-comentarios-en-twitter-x-sobre-genero","status":"publish","type":"post","link":"https:\/\/adfinternational.org\/es\/noticias\/organismo-internacional-decidira-caso-de-politico-mexicano","title":{"rendered":"Organismo Internacional Decidir\u00e1 Caso de Pol\u00edtico Mexicano Censurado por Comentarios en Twitter\/X sobre G\u00e9nero"},"content":{"rendered":"\t\t<div data-elementor-type=\"wp-post\" data-elementor-id=\"74147\" class=\"elementor elementor-74147\" data-elementor-post-type=\"post\">\n\t\t\t\t\t\t<section class=\"elementor-section elementor-top-section elementor-element elementor-element-15f35e1b elementor-section-boxed elementor-section-height-default elementor-section-height-default\" data-id=\"15f35e1b\" data-element_type=\"section\" data-e-type=\"section\">\n\t\t\t\t\t\t<div class=\"elementor-container elementor-column-gap-default\">\n\t\t\t\t\t<div class=\"elementor-column elementor-col-100 elementor-top-column elementor-element elementor-element-19c3c343\" data-id=\"19c3c343\" data-element_type=\"column\" data-e-type=\"column\">\n\t\t\t<div class=\"elementor-widget-wrap elementor-element-populated\">\n\t\t\t\t\t\t<div class=\"elementor-element elementor-element-35a973 elementor-widget elementor-widget-text-editor\" data-id=\"35a973\" data-element_type=\"widget\" data-e-type=\"widget\" data-widget_type=\"text-editor.default\">\n\t\t\t\t<div class=\"elementor-widget-container\">\n\t\t\t\t\t\t\t\t\t<ul><li>Gabriel Quadri, exdiputado y excandidato presidencial de M\u00e9xico, fue condenado por \u201cviolencia pol\u00edtica de g\u00e9nero\u201d por publicaciones en Twitter\/X que utilizaban pronombres biol\u00f3gicamente precisos.<\/li><li>ADF International ha presentado una petici\u00f3n ante la Comisi\u00f3n Interamericana de Derechos Humanos en su nombre.<\/li><\/ul>\t\t\t\t\t\t\t\t<\/div>\n\t\t\t\t<\/div>\n\t\t\t\t<div class=\"elementor-element elementor-element-1d6a332a elementor-widget elementor-widget-text-editor\" data-id=\"1d6a332a\" data-element_type=\"widget\" data-e-type=\"widget\" data-widget_type=\"text-editor.default\">\n\t\t\t\t<div class=\"elementor-widget-container\">\n\t\t\t\t\t\t\t\t\t<p><strong>WASHINGTON, DC<\/strong> (16 de mayo de 2025) \u2013 La lucha del exdiputado y excandidato presidencial mexicano Gabriel Quadri en favor de la libertad de expresi\u00f3n contin\u00faa ante la Comisi\u00f3n Interamericana de Derechos Humanos, luego de que ADF International presentara el escrito sobre los m\u00e9ritos de su caso. En abril de 2022, Quadri fue condenado por \u201cviolencia pol\u00edtica de g\u00e9nero\u201d debido a sus publicaciones en Twitter\/X sobre cuestiones de g\u00e9nero.<\/p><p>La condena se bas\u00f3 en una serie de publicaciones en Twitter\/X en las que Quadri expresaba su preocupaci\u00f3n por el hecho de que esca\u00f1os reservados para mujeres en el Congreso mexicano estaban siendo ocupados por hombres que se identifican como mujeres. Tambi\u00e9n public\u00f3 comentarios sobre la realidad biol\u00f3gica, incluyendo observaciones relacionadas con el deporte femenino. El Tribunal Electoral del Poder Judicial de la Federaci\u00f3n le orden\u00f3 eliminar dichas publicaciones, emitir una disculpa p\u00fablica durante 15 d\u00edas en dos horarios determinados al d\u00eda, completar dos cursos sobre violencia de g\u00e9nero y violencia contra personas transg\u00e9nero, y lo inscribi\u00f3 en el registro de \u201cvioladores pol\u00edticos por raz\u00f3n de g\u00e9nero\u201d.<\/p><p>\u201c<i>Estoy comprometido con la defensa del derecho fundamental de todo mexicano a la libertad de expresi\u00f3n. He dedicado mi carrera a construir un M\u00e9xico pr\u00f3spero y libre para todos, lo que requiere que nuestro pa\u00eds cumpla con sus obligaciones en materia de derechos humanos. Sue\u00f1o con el d\u00eda en que todos en M\u00e9xico puedan compartir sus creencias y opiniones sin temor a la censura o a la represi\u00f3n.\u201d<\/i><\/p><p><i>\u2013 Gabriel Quadri, exdiputado mexicano<\/i><\/p><p>\u00a0<\/p><p>\u201c<i>Gabriel Quadri fue condenado en 2022 como un \u2018violador pol\u00edtico\u2019 por defender el hecho evidente de que un hombre no puede ser una mujer. En 2024, perdi\u00f3 su intento de reelecci\u00f3n. Ahora, pocos a\u00f1os despu\u00e9s, el sentido com\u00fan comienza a ser restaurado en distintas partes del mundo, mientras la marea gira en contra de la ideolog\u00eda de g\u00e9nero. Un sinn\u00famero de funcionarios p\u00fablicos, incluso de los m\u00e1s altos niveles, est\u00e1n expresando exactamente lo mismo que llev\u00f3 a Quadri a recibir un veredicto de culpabilidad. Es profundamente injusto que Quadri haya tenido que sufrir la ignominia de una condena que da\u00f1\u00f3 su reputaci\u00f3n, al ser registrado como \u2018violador pol\u00edtico\u2019, lo cual pudo haber afectado negativamente su intento de reelecci\u00f3n, simplemente por defender la verdad\u201d,<\/i> declar\u00f3 <a href=\"\/es\/nuestro-equipo\/julio-pohl\">Julio Pohl<\/a>, abogado principal de ADF International en el caso.<\/p><p>ADF International ha presentado una defensa legal detallada en favor de Quadri para demostrar que ha sido objeto de censura ilegal mediante \u00f3rdenes judiciales que le proh\u00edben expresarse sobre temas relacionados con el sexo, el g\u00e9nero y la cuesti\u00f3n de qu\u00e9 es una mujer.<\/p><p><b>Sin justicia en los tribunales nacionales<\/b>\u00a0<\/p><p>Tras un recurso fallido ante la Sala Superior del Tribunal Electoral, se agotaron todas las v\u00edas de justicia en M\u00e9xico, lo que hizo necesario acudir a la Comisi\u00f3n Interamericana. ADF International present\u00f3 una petici\u00f3n ante la Comisi\u00f3n en diciembre de 2022.\u00a0<\/p><p>En 2024, la Comisi\u00f3n solicit\u00f3 al Gobierno de M\u00e9xico que respondiera a la denuncia por censura contra Quadri, se\u00f1alada como una posible violaci\u00f3n a los derechos humanos en el marco de la Convenci\u00f3n Americana sobre Derechos Humanos. Ante la falta de respuesta por parte del Gobierno, la Comisi\u00f3n proceder\u00e1 ahora a decidir el caso sobre el fondo.<\/p><p>Pohl a\u00f1adi\u00f3: <i>\u201cNos complace que la Comisi\u00f3n Interamericana de Derechos Humanos decida el caso en cuanto al fondo. Este es un momento crucial para las libertades fundamentales, si los funcionarios no son libres de debatir los temas de nuestros tiempos, \u00bfqu\u00e9 esperanza queda para los dem\u00e1s? La Comisi\u00f3n debe trabajar por una resoluci\u00f3n justa que resuelva el caso del Sr. Quadri, sentando un precedente que proteja el derecho a la libertad de expresi\u00f3n en M\u00e9xico.\u201d<\/i><\/p><p>La Comisi\u00f3n Interamericana es uno de los dos \u00f3rganos que conforman el sistema regional de protecci\u00f3n de derechos humanos y su jurisdicci\u00f3n en M\u00e9xico. Los prolongados plazos procesales afectan gravemente la justicia, como demuestra el caso de Quadri, que lleva m\u00e1s de dos a\u00f1os desde su presentaci\u00f3n inicial.<\/p><p><b>Condena como \u201cviolador pol\u00edtico contra las mujeres\u201d por publicaciones en Twitter\/X<\/b><\/p><p>\u201cEstoy comprometido con la defensa del derecho fundamental de todo mexicano a la libertad de expresi\u00f3n. He dedicado mi carrera a construir un M\u00e9xico pr\u00f3spero y libre para todos, lo que requiere que nuestro pa\u00eds cumpla con sus obligaciones en materia de derechos humanos. Sue\u00f1o con el d\u00eda en que todos en M\u00e9xico puedan compartir sus creencias y opiniones sin temor a la censura o a la represi\u00f3n\u00bb afirm\u00f3 Quadri.<\/p><p>Gabriel Quadri es un excandidato presidencial y exdiputado de M\u00e9xico (hasta 2024), donde represent\u00f3 a la oposici\u00f3n a trav\u00e9s del Partido Acci\u00f3n Nacional. Ha estado activo en pol\u00edtica desde 2012.<\/p><p>Desde 2019, M\u00e9xico cuenta con una ley que exige representaci\u00f3n equitativa entre hombres y mujeres en el Congreso. En las elecciones de 2021, dos esca\u00f1os del Congreso reservados para mujeres fueron asignados a dos hombres que se identifican como mujeres.\u00a0<\/p><p>Las publicaciones de Quadri en Twitter\/X se\u00f1alaron que es injusto que los hombres se aprovechen de esta ley para acceder a las posiciones pol\u00edticas reservadas para las mujeres. En marzo de 2022, Salma Luevano, una diputada de MORENA que se identifica como mujer transg\u00e9nero, present\u00f3 una queja ante el Instituto Nacional Electoral debido a las publicaciones de Quadri, lo que deriv\u00f3 en su condena el 21 de abril, cuando la Sala Superior del Tribunal Electoral Federal un\u00e1nimemente encontr\u00f3 culpable a Quadri de \u201cviolencia pol\u00edtica de g\u00e9nero\u201d por sus tweets.<\/p><p>La \u00faltima opci\u00f3n de apelaci\u00f3n nacional para Quadri fue rechazada el 22 de junio de 2022.<\/p><p>El exdiputado mexicano <a href=\"\/es\/casos\/rodrigo-ivan-cortes\">Rodrigo Iv\u00e1n Cort\u00e9s<\/a> tambi\u00e9n fue acusado y condenado por \u201cviolencia basada en el g\u00e9nero\u201d por sus publicaciones en redes sociales. Su caso est\u00e1 actualmente pendiente ante la Comisi\u00f3n Interamericana de Derechos Humanos.<\/p>\t\t\t\t\t\t\t\t<\/div>\n\t\t\t\t<\/div>\n\t\t\t\t<div class=\"elementor-element elementor-element-51f8f0ef elementor-widget-divider--view-line elementor-widget elementor-widget-divider\" data-id=\"51f8f0ef\" data-element_type=\"widget\" data-e-type=\"widget\" data-widget_type=\"divider.default\">\n\t\t\t\t<div class=\"elementor-widget-container\">\n\t\t\t\t\t\t\t<div class=\"elementor-divider\">\n\t\t\t<span class=\"elementor-divider-separator\">\n\t\t\t\t\t\t<\/span>\n\t\t<\/div>\n\t\t\t\t\t\t<\/div>\n\t\t\t\t<\/div>\n\t\t\t\t<div class=\"elementor-element elementor-element-252d467c elementor-widget elementor-widget-text-editor\" data-id=\"252d467c\" data-element_type=\"widget\" data-e-type=\"widget\" data-widget_type=\"text-editor.default\">\n\t\t\t\t<div class=\"elementor-widget-container\">\n\t\t\t\t\t\t\t\t\t<p>Im\u00e1genes para uso gratuito en papel o en l\u00ednea s\u00f3lo en relaci\u00f3n con esta historia<\/p>\t\t\t\t\t\t\t\t<\/div>\n\t\t\t\t<\/div>\n\t\t\t\t<div class=\"elementor-element elementor-element-d646249 elementor-widget elementor-widget-gallery\" data-id=\"d646249\" data-element_type=\"widget\" data-e-type=\"widget\" data-settings=\"{&quot;aspect_ratio&quot;:&quot;1:1&quot;,&quot;lazyload&quot;:&quot;yes&quot;,&quot;gallery_layout&quot;:&quot;grid&quot;,&quot;columns&quot;:4,&quot;columns_tablet&quot;:2,&quot;columns_mobile&quot;:1,&quot;gap&quot;:{&quot;unit&quot;:&quot;px&quot;,&quot;size&quot;:10,&quot;sizes&quot;:[]},&quot;gap_tablet&quot;:{&quot;unit&quot;:&quot;px&quot;,&quot;size&quot;:10,&quot;sizes&quot;:[]},&quot;gap_mobile&quot;:{&quot;unit&quot;:&quot;px&quot;,&quot;size&quot;:10,&quot;sizes&quot;:[]},&quot;link_to&quot;:&quot;file&quot;,&quot;overlay_background&quot;:&quot;yes&quot;,&quot;content_hover_animation&quot;:&quot;fade-in&quot;}\" data-widget_type=\"gallery.default\">\n\t\t\t\t<div class=\"elementor-widget-container\">\n\t\t\t\t\t\t\t<div class=\"elementor-gallery__container\">\n\t\t\t\t\t\t\t<a class=\"e-gallery-item elementor-gallery-item elementor-animated-content\" href=\"https:\/\/adfinternational.org\/wp-content\/uploads\/2025\/03\/QUADRI-2.jpeg\" data-elementor-open-lightbox=\"yes\" data-elementor-lightbox-slideshow=\"d646249\" data-elementor-lightbox-title=\"QUADRI 2.jpeg\" data-e-action-hash=\"#elementor-action%3Aaction%3Dlightbox%26settings%3DeyJpZCI6NzExNzQsInVybCI6Imh0dHBzOlwvXC9hZGZpbnRlcm5hdGlvbmFsLm9yZ1wvd3AtY29udGVudFwvdXBsb2Fkc1wvMjAyNVwvMDNcL1FVQURSSS0yLmpwZWciLCJzbGlkZXNob3ciOiJkNjQ2MjQ5In0%3D\">\n\t\t\t\t\t<div class=\"e-gallery-image elementor-gallery-item__image\" data-thumbnail=\"https:\/\/adfinternational.org\/wp-content\/uploads\/2025\/03\/QUADRI-2.jpeg\" data-width=\"951\" data-height=\"569\" aria-label=\"\" role=\"img\" ><\/div>\n\t\t\t\t\t\t\t\t\t\t\t<div class=\"elementor-gallery-item__overlay\"><\/div>\n\t\t\t\t\t\t\t\t\t\t\t\t\t\t<\/a>\n\t\t\t\t\t\t\t<a class=\"e-gallery-item elementor-gallery-item elementor-animated-content\" href=\"https:\/\/adfinternational.org\/wp-content\/uploads\/2025\/03\/Gabriel-Quadri-Portada-1-1.jpeg\" data-elementor-open-lightbox=\"yes\" data-elementor-lightbox-slideshow=\"d646249\" data-elementor-lightbox-title=\"Gabriel Quadri Portada 1 1.jpeg\" data-e-action-hash=\"#elementor-action%3Aaction%3Dlightbox%26settings%3DeyJpZCI6NzExNzksInVybCI6Imh0dHBzOlwvXC9hZGZpbnRlcm5hdGlvbmFsLm9yZ1wvd3AtY29udGVudFwvdXBsb2Fkc1wvMjAyNVwvMDNcL0dhYnJpZWwtUXVhZHJpLVBvcnRhZGEtMS0xLmpwZWciLCJzbGlkZXNob3ciOiJkNjQ2MjQ5In0%3D\">\n\t\t\t\t\t<div class=\"e-gallery-image elementor-gallery-item__image\" data-thumbnail=\"https:\/\/adfinternational.org\/wp-content\/uploads\/2025\/03\/Gabriel-Quadri-Portada-1-1-1024x681.jpeg\" data-width=\"1024\" data-height=\"681\" aria-label=\"\" role=\"img\" ><\/div>\n\t\t\t\t\t\t\t\t\t\t\t<div class=\"elementor-gallery-item__overlay\"><\/div>\n\t\t\t\t\t\t\t\t\t\t\t\t\t\t<\/a>\n\t\t\t\t\t\t\t<a class=\"e-gallery-item elementor-gallery-item elementor-animated-content\" href=\"https:\/\/adfinternational.org\/wp-content\/uploads\/2025\/03\/Julio-Pohl_Smiling_400x400.jpg\" data-elementor-open-lightbox=\"yes\" data-elementor-lightbox-slideshow=\"d646249\" data-elementor-lightbox-title=\"Julio Pohl Smiling 400x400.jpg\" data-e-action-hash=\"#elementor-action%3Aaction%3Dlightbox%26settings%3DeyJpZCI6NzExNTEsInVybCI6Imh0dHBzOlwvXC9hZGZpbnRlcm5hdGlvbmFsLm9yZ1wvd3AtY29udGVudFwvdXBsb2Fkc1wvMjAyNVwvMDNcL0p1bGlvLVBvaGxfU21pbGluZ180MDB4NDAwLmpwZyIsInNsaWRlc2hvdyI6ImQ2NDYyNDkifQ%3D%3D\">\n\t\t\t\t\t<div class=\"e-gallery-image elementor-gallery-item__image\" data-thumbnail=\"https:\/\/adfinternational.org\/wp-content\/uploads\/2025\/03\/Julio-Pohl_Smiling_400x400.jpg\" data-width=\"400\" data-height=\"400\" aria-label=\"\" role=\"img\" ><\/div>\n\t\t\t\t\t\t\t\t\t\t\t<div class=\"elementor-gallery-item__overlay\"><\/div>\n\t\t\t\t\t\t\t\t\t\t\t\t\t\t<\/a>\n\t\t\t\t\t<\/div>\n\t\t\t\t\t<\/div>\n\t\t\t\t<\/div>\n\t\t\t\t\t<\/div>\n\t\t<\/div>\n\t\t\t\t\t<\/div>\n\t\t<\/section>\n\t\t\t\t<\/div>\n\t\t","protected":false},"excerpt":{"rendered":"<p>Gabriel Quadri, exdiputado y excandidato presidencial de M\u00e9xico, fue condenado por \u201cviolencia pol\u00edtica de g\u00e9nero\u201d por publicaciones en Twitter\/X que utilizaban pronombres biol\u00f3gicamente precisos.<\/p>\n","protected":false},"author":44,"featured_media":71178,"comment_status":"closed","ping_status":"closed","sticky":false,"template":"","format":"standard","meta":{"_acf_changed":false,"give_campaign_id":0,"footnotes":""},"categories":[991],"tags":[1013,1290],"class_list":["post-74147","post","type-post","status-publish","format-standard","has-post-thumbnail","hentry","category-noticias","tag-es","tag-mexico-es"],"acf":[],"yoast_head":"<!-- This site is optimized with the Yoast SEO Premium plugin v27.5 (Yoast SEO v27.5) - https:\/\/yoast.com\/product\/yoast-seo-premium-wordpress\/ -->\n<title>Organismo Internacional Decidir\u00e1 Caso de Pol\u00edtico Mexicano Censurado por Comentarios en Twitter\/X sobre G\u00e9nero - ADF International<\/title>\n<meta name=\"description\" content=\"Activista transg\u00e9nero de Per\u00fa denunci\u00f3 penalmente a Olga Izquierdo por discriminaci\u00f3n despu\u00e9s de que \u00e9sta utilizara TikTok para criticar la se\u00f1alizaci\u00f3n del aeropuerto de Lima que abr\u00eda el ba\u00f1o de mujeres a \u201ctoda persona con identidad femenina\u201d, lo que provoc\u00f3 una investigaci\u00f3n por parte de la Fiscal\u00eda.\" \/>\n<meta name=\"robots\" content=\"index, follow, max-snippet:-1, max-image-preview:large, max-video-preview:-1\" \/>\n<link rel=\"canonical\" href=\"https:\/\/adfinternational.org\/es\/noticias\/organismo-internacional-decidira-caso-de-politico-mexicano\" \/>\n<meta property=\"og:locale\" content=\"es_ES\" \/>\n<meta property=\"og:type\" content=\"article\" \/>\n<meta property=\"og:title\" content=\"Organismo Internacional Decidir\u00e1 Caso de Pol\u00edtico Mexicano Censurado por Comentarios en Twitter\/X sobre G\u00e9nero\" \/>\n<meta property=\"og:description\" content=\"Activista transg\u00e9nero de Per\u00fa denunci\u00f3 penalmente a Olga Izquierdo por discriminaci\u00f3n despu\u00e9s de que \u00e9sta utilizara TikTok para criticar la se\u00f1alizaci\u00f3n del aeropuerto de Lima que abr\u00eda el ba\u00f1o de mujeres a \u201ctoda persona con identidad femenina\u201d, lo que provoc\u00f3 una investigaci\u00f3n por parte de la Fiscal\u00eda.\" \/>\n<meta property=\"og:url\" content=\"https:\/\/adfinternational.org\/es\/noticias\/organismo-internacional-decidira-caso-de-politico-mexicano\" \/>\n<meta property=\"og:site_name\" content=\"ADF International\" \/>\n<meta property=\"article:publisher\" content=\"https:\/\/facebook.com\/adfinternational\" \/>\n<meta property=\"article:published_time\" content=\"2025-05-16T14:23:02+00:00\" \/>\n<meta property=\"article:modified_time\" content=\"2025-05-27T14:32:58+00:00\" \/>\n<meta property=\"og:image\" content=\"https:\/\/adfinternational.org\/wp-content\/uploads\/2025\/03\/QUADRI-2.jpeg\" \/>\n\t<meta property=\"og:image:width\" content=\"951\" \/>\n\t<meta property=\"og:image:height\" content=\"569\" \/>\n\t<meta property=\"og:image:type\" content=\"image\/jpeg\" \/>\n<meta name=\"author\" content=\"Philipp Bues\" \/>\n<meta name=\"twitter:card\" content=\"summary_large_image\" \/>\n<meta name=\"twitter:description\" content=\"Activista transg\u00e9nero de Per\u00fa denunci\u00f3 penalmente a Olga Izquierdo por discriminaci\u00f3n despu\u00e9s de que \u00e9sta utilizara TikTok para criticar la se\u00f1alizaci\u00f3n del aeropuerto de Lima que abr\u00eda el ba\u00f1o de mujeres a \u201ctoda persona con identidad femenina\u201d, lo que provoc\u00f3 una investigaci\u00f3n por parte de la Fiscal\u00eda.\" \/>\n<meta name=\"twitter:creator\" content=\"@adfintl\" \/>\n<meta name=\"twitter:site\" content=\"@adfintl\" \/>\n<meta name=\"twitter:label1\" content=\"Escrito por\" \/>\n\t<meta name=\"twitter:data1\" content=\"Philipp Bues\" \/>\n\t<meta name=\"twitter:label2\" content=\"Tiempo de lectura\" \/>\n\t<meta name=\"twitter:data2\" content=\"5 minutos\" \/>\n<script type=\"application\/ld+json\" class=\"yoast-schema-graph\">{\"@context\":\"https:\\\/\\\/schema.org\",\"@graph\":[{\"@type\":\"Article\",\"@id\":\"https:\\\/\\\/adfinternational.org\\\/es\\\/noticias\\\/organismo-internacional-decidira-caso-de-politico-mexicano#article\",\"isPartOf\":{\"@id\":\"https:\\\/\\\/adfinternational.org\\\/es\\\/noticias\\\/organismo-internacional-decidira-caso-de-politico-mexicano\"},\"author\":{\"name\":\"Philipp Bues\",\"@id\":\"https:\\\/\\\/adfinternational.org\\\/es\\\/#\\\/schema\\\/person\\\/6b776fc8535453c6aad8a6f9d78e6141\"},\"headline\":\"Organismo Internacional Decidir\u00e1 Caso de Pol\u00edtico Mexicano Censurado por Comentarios en Twitter\\\/X sobre G\u00e9nero\",\"datePublished\":\"2025-05-16T14:23:02+00:00\",\"dateModified\":\"2025-05-27T14:32:58+00:00\",\"mainEntityOfPage\":{\"@id\":\"https:\\\/\\\/adfinternational.org\\\/es\\\/noticias\\\/organismo-internacional-decidira-caso-de-politico-mexicano\"},\"wordCount\":1114,\"publisher\":{\"@id\":\"https:\\\/\\\/adfinternational.org\\\/es\\\/#organization\"},\"image\":{\"@id\":\"https:\\\/\\\/adfinternational.org\\\/es\\\/noticias\\\/organismo-internacional-decidira-caso-de-politico-mexicano#primaryimage\"},\"thumbnailUrl\":\"https:\\\/\\\/adfinternational.org\\\/wp-content\\\/uploads\\\/2025\\\/03\\\/QUADRI-2.jpeg\",\"keywords\":[\"ES\",\"Mexico\"],\"articleSection\":[\"noticias\"],\"inLanguage\":\"es\"},{\"@type\":\"WebPage\",\"@id\":\"https:\\\/\\\/adfinternational.org\\\/es\\\/noticias\\\/organismo-internacional-decidira-caso-de-politico-mexicano\",\"url\":\"https:\\\/\\\/adfinternational.org\\\/es\\\/noticias\\\/organismo-internacional-decidira-caso-de-politico-mexicano\",\"name\":\"Organismo Internacional Decidir\u00e1 Caso de Pol\u00edtico Mexicano Censurado por Comentarios en Twitter\\\/X sobre G\u00e9nero - ADF International\",\"isPartOf\":{\"@id\":\"https:\\\/\\\/adfinternational.org\\\/es\\\/#website\"},\"primaryImageOfPage\":{\"@id\":\"https:\\\/\\\/adfinternational.org\\\/es\\\/noticias\\\/organismo-internacional-decidira-caso-de-politico-mexicano#primaryimage\"},\"image\":{\"@id\":\"https:\\\/\\\/adfinternational.org\\\/es\\\/noticias\\\/organismo-internacional-decidira-caso-de-politico-mexicano#primaryimage\"},\"thumbnailUrl\":\"https:\\\/\\\/adfinternational.org\\\/wp-content\\\/uploads\\\/2025\\\/03\\\/QUADRI-2.jpeg\",\"datePublished\":\"2025-05-16T14:23:02+00:00\",\"dateModified\":\"2025-05-27T14:32:58+00:00\",\"description\":\"Activista transg\u00e9nero de Per\u00fa denunci\u00f3 penalmente a Olga Izquierdo por discriminaci\u00f3n despu\u00e9s de que \u00e9sta utilizara TikTok para criticar la se\u00f1alizaci\u00f3n del aeropuerto de Lima que abr\u00eda el ba\u00f1o de mujeres a \u201ctoda persona con identidad femenina\u201d, lo que provoc\u00f3 una investigaci\u00f3n por parte de la Fiscal\u00eda.\",\"breadcrumb\":{\"@id\":\"https:\\\/\\\/adfinternational.org\\\/es\\\/noticias\\\/organismo-internacional-decidira-caso-de-politico-mexicano#breadcrumb\"},\"inLanguage\":\"es\",\"potentialAction\":[{\"@type\":\"ReadAction\",\"target\":[\"https:\\\/\\\/adfinternational.org\\\/es\\\/noticias\\\/organismo-internacional-decidira-caso-de-politico-mexicano\"]}]},{\"@type\":\"ImageObject\",\"inLanguage\":\"es\",\"@id\":\"https:\\\/\\\/adfinternational.org\\\/es\\\/noticias\\\/organismo-internacional-decidira-caso-de-politico-mexicano#primaryimage\",\"url\":\"https:\\\/\\\/adfinternational.org\\\/wp-content\\\/uploads\\\/2025\\\/03\\\/QUADRI-2.jpeg\",\"contentUrl\":\"https:\\\/\\\/adfinternational.org\\\/wp-content\\\/uploads\\\/2025\\\/03\\\/QUADRI-2.jpeg\",\"width\":951,\"height\":569},{\"@type\":\"BreadcrumbList\",\"@id\":\"https:\\\/\\\/adfinternational.org\\\/es\\\/noticias\\\/organismo-internacional-decidira-caso-de-politico-mexicano#breadcrumb\",\"itemListElement\":[{\"@type\":\"ListItem\",\"position\":1,\"name\":\"Home\",\"item\":\"https:\\\/\\\/adfinternational.org\\\/es\"},{\"@type\":\"ListItem\",\"position\":2,\"name\":\"Organismo Internacional Decidir\u00e1 Caso de Pol\u00edtico Mexicano Censurado por Comentarios en Twitter\\\/X sobre G\u00e9nero\"}]},{\"@type\":\"WebSite\",\"@id\":\"https:\\\/\\\/adfinternational.org\\\/es\\\/#website\",\"url\":\"https:\\\/\\\/adfinternational.org\\\/es\\\/\",\"name\":\"ADF International\",\"description\":\"Protecting Fundamental Freedoms. Promoting Inherent Dignity.\",\"publisher\":{\"@id\":\"https:\\\/\\\/adfinternational.org\\\/es\\\/#organization\"},\"potentialAction\":[{\"@type\":\"SearchAction\",\"target\":{\"@type\":\"EntryPoint\",\"urlTemplate\":\"https:\\\/\\\/adfinternational.org\\\/es\\\/?s={search_term_string}\"},\"query-input\":{\"@type\":\"PropertyValueSpecification\",\"valueRequired\":true,\"valueName\":\"search_term_string\"}}],\"inLanguage\":\"es\"},{\"@type\":\"Organization\",\"@id\":\"https:\\\/\\\/adfinternational.org\\\/es\\\/#organization\",\"name\":\"Alliance Defending Freedom International\",\"url\":\"https:\\\/\\\/adfinternational.org\\\/es\\\/\",\"logo\":{\"@type\":\"ImageObject\",\"inLanguage\":\"es\",\"@id\":\"https:\\\/\\\/adfinternational.org\\\/es\\\/#\\\/schema\\\/logo\\\/image\\\/\",\"url\":\"https:\\\/\\\/adfinternational.org\\\/wp-content\\\/uploads\\\/2021\\\/08\\\/ADF_Intl_R_RGB_175px.png\",\"contentUrl\":\"https:\\\/\\\/adfinternational.org\\\/wp-content\\\/uploads\\\/2021\\\/08\\\/ADF_Intl_R_RGB_175px.png\",\"width\":175,\"height\":106,\"caption\":\"Alliance Defending Freedom International\"},\"image\":{\"@id\":\"https:\\\/\\\/adfinternational.org\\\/es\\\/#\\\/schema\\\/logo\\\/image\\\/\"},\"sameAs\":[\"https:\\\/\\\/facebook.com\\\/adfinternational\",\"https:\\\/\\\/x.com\\\/adfintl\",\"https:\\\/\\\/www.linkedin.com\\\/company\\\/adfinternational\",\"https:\\\/\\\/www.instagram.com\\\/adfinternational\\\/\"]},{\"@type\":\"Person\",\"@id\":\"https:\\\/\\\/adfinternational.org\\\/es\\\/#\\\/schema\\\/person\\\/6b776fc8535453c6aad8a6f9d78e6141\",\"name\":\"Philipp Bues\",\"image\":{\"@type\":\"ImageObject\",\"inLanguage\":\"es\",\"@id\":\"https:\\\/\\\/adfinternational.org\\\/wp-content\\\/uploads\\\/2025\\\/02\\\/Philipp-Bues-Headshot-150x150.jpg\",\"url\":\"https:\\\/\\\/adfinternational.org\\\/wp-content\\\/uploads\\\/2025\\\/02\\\/Philipp-Bues-Headshot-150x150.jpg\",\"contentUrl\":\"https:\\\/\\\/adfinternational.org\\\/wp-content\\\/uploads\\\/2025\\\/02\\\/Philipp-Bues-Headshot-150x150.jpg\",\"caption\":\"Philipp Bues\"},\"url\":\"https:\\\/\\\/adfinternational.org\\\/es\\\/author\\\/pbuesadfinternational-org\"}]}<\/script>\n<!-- \/ Yoast SEO Premium plugin. -->","yoast_head_json":{"title":"Organismo Internacional Decidir\u00e1 Caso de Pol\u00edtico Mexicano Censurado por Comentarios en Twitter\/X sobre G\u00e9nero - ADF International","description":"Activista transg\u00e9nero de Per\u00fa denunci\u00f3 penalmente a Olga Izquierdo por discriminaci\u00f3n despu\u00e9s de que \u00e9sta utilizara TikTok para criticar la se\u00f1alizaci\u00f3n del aeropuerto de Lima que abr\u00eda el ba\u00f1o de mujeres a \u201ctoda persona con identidad femenina\u201d, lo que provoc\u00f3 una investigaci\u00f3n por parte de la Fiscal\u00eda.","robots":{"index":"index","follow":"follow","max-snippet":"max-snippet:-1","max-image-preview":"max-image-preview:large","max-video-preview":"max-video-preview:-1"},"canonical":"https:\/\/adfinternational.org\/es\/noticias\/organismo-internacional-decidira-caso-de-politico-mexicano","og_locale":"es_ES","og_type":"article","og_title":"Organismo Internacional Decidir\u00e1 Caso de Pol\u00edtico Mexicano Censurado por Comentarios en Twitter\/X sobre G\u00e9nero","og_description":"Activista transg\u00e9nero de Per\u00fa denunci\u00f3 penalmente a Olga Izquierdo por discriminaci\u00f3n despu\u00e9s de que \u00e9sta utilizara TikTok para criticar la se\u00f1alizaci\u00f3n del aeropuerto de Lima que abr\u00eda el ba\u00f1o de mujeres a \u201ctoda persona con identidad femenina\u201d, lo que provoc\u00f3 una investigaci\u00f3n por parte de la Fiscal\u00eda.","og_url":"https:\/\/adfinternational.org\/es\/noticias\/organismo-internacional-decidira-caso-de-politico-mexicano","og_site_name":"ADF International","article_publisher":"https:\/\/facebook.com\/adfinternational","article_published_time":"2025-05-16T14:23:02+00:00","article_modified_time":"2025-05-27T14:32:58+00:00","og_image":[{"width":951,"height":569,"url":"https:\/\/adfinternational.org\/wp-content\/uploads\/2025\/03\/QUADRI-2.jpeg","type":"image\/jpeg"}],"author":"Philipp Bues","twitter_card":"summary_large_image","twitter_description":"Activista transg\u00e9nero de Per\u00fa denunci\u00f3 penalmente a Olga Izquierdo por discriminaci\u00f3n despu\u00e9s de que \u00e9sta utilizara TikTok para criticar la se\u00f1alizaci\u00f3n del aeropuerto de Lima que abr\u00eda el ba\u00f1o de mujeres a \u201ctoda persona con identidad femenina\u201d, lo que provoc\u00f3 una investigaci\u00f3n por parte de la Fiscal\u00eda.","twitter_creator":"@adfintl","twitter_site":"@adfintl","twitter_misc":{"Escrito por":"Philipp Bues","Tiempo de lectura":"5 minutos"},"schema":{"@context":"https:\/\/schema.org","@graph":[{"@type":"Article","@id":"https:\/\/adfinternational.org\/es\/noticias\/organismo-internacional-decidira-caso-de-politico-mexicano#article","isPartOf":{"@id":"https:\/\/adfinternational.org\/es\/noticias\/organismo-internacional-decidira-caso-de-politico-mexicano"},"author":{"name":"Philipp Bues","@id":"https:\/\/adfinternational.org\/es\/#\/schema\/person\/6b776fc8535453c6aad8a6f9d78e6141"},"headline":"Organismo Internacional Decidir\u00e1 Caso de Pol\u00edtico Mexicano Censurado por Comentarios en Twitter\/X sobre G\u00e9nero","datePublished":"2025-05-16T14:23:02+00:00","dateModified":"2025-05-27T14:32:58+00:00","mainEntityOfPage":{"@id":"https:\/\/adfinternational.org\/es\/noticias\/organismo-internacional-decidira-caso-de-politico-mexicano"},"wordCount":1114,"publisher":{"@id":"https:\/\/adfinternational.org\/es\/#organization"},"image":{"@id":"https:\/\/adfinternational.org\/es\/noticias\/organismo-internacional-decidira-caso-de-politico-mexicano#primaryimage"},"thumbnailUrl":"https:\/\/adfinternational.org\/wp-content\/uploads\/2025\/03\/QUADRI-2.jpeg","keywords":["ES","Mexico"],"articleSection":["noticias"],"inLanguage":"es"},{"@type":"WebPage","@id":"https:\/\/adfinternational.org\/es\/noticias\/organismo-internacional-decidira-caso-de-politico-mexicano","url":"https:\/\/adfinternational.org\/es\/noticias\/organismo-internacional-decidira-caso-de-politico-mexicano","name":"Organismo Internacional Decidir\u00e1 Caso de Pol\u00edtico Mexicano Censurado por Comentarios en Twitter\/X sobre G\u00e9nero - ADF International","isPartOf":{"@id":"https:\/\/adfinternational.org\/es\/#website"},"primaryImageOfPage":{"@id":"https:\/\/adfinternational.org\/es\/noticias\/organismo-internacional-decidira-caso-de-politico-mexicano#primaryimage"},"image":{"@id":"https:\/\/adfinternational.org\/es\/noticias\/organismo-internacional-decidira-caso-de-politico-mexicano#primaryimage"},"thumbnailUrl":"https:\/\/adfinternational.org\/wp-content\/uploads\/2025\/03\/QUADRI-2.jpeg","datePublished":"2025-05-16T14:23:02+00:00","dateModified":"2025-05-27T14:32:58+00:00","description":"Activista transg\u00e9nero de Per\u00fa denunci\u00f3 penalmente a Olga Izquierdo por discriminaci\u00f3n despu\u00e9s de que \u00e9sta utilizara TikTok para criticar la se\u00f1alizaci\u00f3n del aeropuerto de Lima que abr\u00eda el ba\u00f1o de mujeres a \u201ctoda persona con identidad femenina\u201d, lo que provoc\u00f3 una investigaci\u00f3n por parte de la Fiscal\u00eda.","breadcrumb":{"@id":"https:\/\/adfinternational.org\/es\/noticias\/organismo-internacional-decidira-caso-de-politico-mexicano#breadcrumb"},"inLanguage":"es","potentialAction":[{"@type":"ReadAction","target":["https:\/\/adfinternational.org\/es\/noticias\/organismo-internacional-decidira-caso-de-politico-mexicano"]}]},{"@type":"ImageObject","inLanguage":"es","@id":"https:\/\/adfinternational.org\/es\/noticias\/organismo-internacional-decidira-caso-de-politico-mexicano#primaryimage","url":"https:\/\/adfinternational.org\/wp-content\/uploads\/2025\/03\/QUADRI-2.jpeg","contentUrl":"https:\/\/adfinternational.org\/wp-content\/uploads\/2025\/03\/QUADRI-2.jpeg","width":951,"height":569},{"@type":"BreadcrumbList","@id":"https:\/\/adfinternational.org\/es\/noticias\/organismo-internacional-decidira-caso-de-politico-mexicano#breadcrumb","itemListElement":[{"@type":"ListItem","position":1,"name":"Home","item":"https:\/\/adfinternational.org\/es"},{"@type":"ListItem","position":2,"name":"Organismo Internacional Decidir\u00e1 Caso de Pol\u00edtico Mexicano Censurado por Comentarios en Twitter\/X sobre G\u00e9nero"}]},{"@type":"WebSite","@id":"https:\/\/adfinternational.org\/es\/#website","url":"https:\/\/adfinternational.org\/es\/","name":"ADF International","description":"Protecting Fundamental Freedoms. Promoting Inherent Dignity.","publisher":{"@id":"https:\/\/adfinternational.org\/es\/#organization"},"potentialAction":[{"@type":"SearchAction","target":{"@type":"EntryPoint","urlTemplate":"https:\/\/adfinternational.org\/es\/?s={search_term_string}"},"query-input":{"@type":"PropertyValueSpecification","valueRequired":true,"valueName":"search_term_string"}}],"inLanguage":"es"},{"@type":"Organization","@id":"https:\/\/adfinternational.org\/es\/#organization","name":"Alliance Defending Freedom International","url":"https:\/\/adfinternational.org\/es\/","logo":{"@type":"ImageObject","inLanguage":"es","@id":"https:\/\/adfinternational.org\/es\/#\/schema\/logo\/image\/","url":"https:\/\/adfinternational.org\/wp-content\/uploads\/2021\/08\/ADF_Intl_R_RGB_175px.png","contentUrl":"https:\/\/adfinternational.org\/wp-content\/uploads\/2021\/08\/ADF_Intl_R_RGB_175px.png","width":175,"height":106,"caption":"Alliance Defending Freedom International"},"image":{"@id":"https:\/\/adfinternational.org\/es\/#\/schema\/logo\/image\/"},"sameAs":["https:\/\/facebook.com\/adfinternational","https:\/\/x.com\/adfintl","https:\/\/www.linkedin.com\/company\/adfinternational","https:\/\/www.instagram.com\/adfinternational\/"]},{"@type":"Person","@id":"https:\/\/adfinternational.org\/es\/#\/schema\/person\/6b776fc8535453c6aad8a6f9d78e6141","name":"Philipp Bues","image":{"@type":"ImageObject","inLanguage":"es","@id":"https:\/\/adfinternational.org\/wp-content\/uploads\/2025\/02\/Philipp-Bues-Headshot-150x150.jpg","url":"https:\/\/adfinternational.org\/wp-content\/uploads\/2025\/02\/Philipp-Bues-Headshot-150x150.jpg","contentUrl":"https:\/\/adfinternational.org\/wp-content\/uploads\/2025\/02\/Philipp-Bues-Headshot-150x150.jpg","caption":"Philipp Bues"},"url":"https:\/\/adfinternational.org\/es\/author\/pbuesadfinternational-org"}]}},"_links":{"self":[{"href":"https:\/\/adfinternational.org\/es\/wp-json\/wp\/v2\/posts\/74147","targetHints":{"allow":["GET"]}}],"collection":[{"href":"https:\/\/adfinternational.org\/es\/wp-json\/wp\/v2\/posts"}],"about":[{"href":"https:\/\/adfinternational.org\/es\/wp-json\/wp\/v2\/types\/post"}],"author":[{"embeddable":true,"href":"https:\/\/adfinternational.org\/es\/wp-json\/wp\/v2\/users\/44"}],"replies":[{"embeddable":true,"href":"https:\/\/adfinternational.org\/es\/wp-json\/wp\/v2\/comments?post=74147"}],"version-history":[{"count":0,"href":"https:\/\/adfinternational.org\/es\/wp-json\/wp\/v2\/posts\/74147\/revisions"}],"wp:featuredmedia":[{"embeddable":true,"href":"https:\/\/adfinternational.org\/es\/wp-json\/wp\/v2\/media\/71178"}],"wp:attachment":[{"href":"https:\/\/adfinternational.org\/es\/wp-json\/wp\/v2\/media?parent=74147"}],"wp:term":[{"taxonomy":"category","embeddable":true,"href":"https:\/\/adfinternational.org\/es\/wp-json\/wp\/v2\/categories?post=74147"},{"taxonomy":"post_tag","embeddable":true,"href":"https:\/\/adfinternational.org\/es\/wp-json\/wp\/v2\/tags?post=74147"}],"curies":[{"name":"wp","href":"https:\/\/api.w.org\/{rel}","templated":true}]}}