{"id":7610,"date":"2023-11-14T11:19:21","date_gmt":"2023-11-14T11:19:21","guid":{"rendered":"https:\/\/adfinternational.lat\/?p=7610"},"modified":"2024-07-30T09:22:58","modified_gmt":"2024-07-30T08:22:58","slug":"exclusiva-paivi-rasanen","status":"publish","type":"post","link":"https:\/\/adfinternational.org\/es\/noticias\/exclusiva-paivi-rasanen","title":{"rendered":"Exclusiva: Absuelta la diputada finesa acusada de \u201cdiscurso del odio\u201d por haber tuiteado un vers\u00edculo de la Biblia"},"content":{"rendered":"\t\t<div data-elementor-type=\"wp-post\" data-elementor-id=\"7610\" class=\"elementor elementor-7610\" data-elementor-post-type=\"post\">\n\t\t\t\t\t\t<section class=\"elementor-section elementor-top-section elementor-element elementor-element-5b375553 elementor-section-boxed elementor-section-height-default elementor-section-height-default\" data-id=\"5b375553\" data-element_type=\"section\" data-e-type=\"section\">\n\t\t\t\t\t\t<div class=\"elementor-container elementor-column-gap-default\">\n\t\t\t\t\t<div class=\"elementor-column elementor-col-100 elementor-top-column elementor-element elementor-element-4957fddd\" data-id=\"4957fddd\" data-element_type=\"column\" data-e-type=\"column\">\n\t\t\t<div class=\"elementor-widget-wrap elementor-element-populated\">\n\t\t\t\t\t\t<div class=\"elementor-element elementor-element-11cdef1f elementor-widget elementor-widget-text-editor\" data-id=\"11cdef1f\" data-element_type=\"widget\" data-e-type=\"widget\" data-widget_type=\"text-editor.default\">\n\t\t\t\t<div class=\"elementor-widget-container\">\n\t\t\t\t\t\t\t\t\t<ul>\n<li data-leveltext=\"\uf0b7\" data-font=\"Symbol\" data-listid=\"1\" data-list-defn-props=\"{&quot;335552541&quot;:1,&quot;335559684&quot;:-2,&quot;335559685&quot;:720,&quot;335559991&quot;:360,&quot;469769226&quot;:&quot;Symbol&quot;,&quot;469769242&quot;:[8226],&quot;469777803&quot;:&quot;left&quot;,&quot;469777804&quot;:&quot;\uf0b7&quot;,&quot;469777815&quot;:&quot;hybridMultilevel&quot;}\" aria-setsize=\"-1\" data-aria-posinset=\"1\" data-aria-level=\"1\">La Corte de Apelaci\u00f3n desestima por unanimidad todos los cargos contra la parlamentaria finesa P\u00e4ivi R\u00e4s\u00e4nen y el Obispo Juhana Pohjola tras un proceso muy medi\u00e1tico sobre libertad de expresi\u00f3n<\/li>\n<li data-leveltext=\"\uf0b7\" data-font=\"Symbol\" data-listid=\"1\" data-list-defn-props=\"{&quot;335552541&quot;:1,&quot;335559684&quot;:-2,&quot;335559685&quot;:720,&quot;335559991&quot;:360,&quot;469769226&quot;:&quot;Symbol&quot;,&quot;469769242&quot;:[8226],&quot;469777803&quot;:&quot;left&quot;,&quot;469777804&quot;:&quot;\uf0b7&quot;,&quot;469777815&quot;:&quot;hybridMultilevel&quot;}\" aria-setsize=\"-1\" data-aria-posinset=\"1\" data-aria-level=\"1\">La Ex Ministra del Interior se enfrentaba a tres acusaciones penales por compartir sus creencias religiosas en Twitter\/X<\/li>\n<li data-leveltext=\"\uf0b7\" data-font=\"Symbol\" data-listid=\"1\" data-list-defn-props=\"{&quot;335552541&quot;:1,&quot;335559684&quot;:-2,&quot;335559685&quot;:720,&quot;335559991&quot;:360,&quot;469769226&quot;:&quot;Symbol&quot;,&quot;469769242&quot;:[8226],&quot;469777803&quot;:&quot;left&quot;,&quot;469777804&quot;:&quot;\uf0b7&quot;,&quot;469777815&quot;:&quot;hybridMultilevel&quot;}\" aria-setsize=\"-1\" data-aria-posinset=\"1\" data-aria-level=\"1\">Reg\u00edstrese aqu\u00ed para <a href=\"https:\/\/events.teams.microsoft.com\/event\/a321a26c-bd5d-4250-ad37-fa32a8d4f876@c88562dc-cf95-4155-b379-dd3ef818d3ff\" target=\"_blank\" rel=\"noopener\">la rueda de prensa de hoy a las 15.30 CET (GMT+1) organizada por ADF International<\/a>, quien ha coordinado la defensa jur\u00eddica de R\u00e4s\u00e4nen<\/li>\n<\/ul>\n<p><strong>Helsinki<\/strong> (14 de noviembre de 2023) \u2014 Victoria para la libertad de expresi\u00f3n. La Corte de Apelaciones de Helsinki ha desestimado \u00edntegramente todos los cargos contra la diputada del parlamento fin\u00e9s P\u00e4ivi R\u00e4s\u00e4nen y el Obispo Luterano Juhana Pohjola, quienes hab\u00edan sido procesados este mes de agosto por \u201cdiscurso del odio\u201d tras haber compartido p\u00fablicamente sus creencias cristianas.<\/p>\n<p>R\u00e4s\u00e4nen, Ex Ministra del Interior de Finlandia, fue acusada de \u201cagitaci\u00f3n contra una minor\u00eda\u201d en 2021 con base en un art\u00edculo del C\u00f3digo Penal fin\u00e9s rubricado \u201ccr\u00edmenes de guerra y cr\u00edmenes contra la humanidad\u201d por haber compartido sus creencias sobre el matrimonio y la moral sexual cristianas en un tweet en 2019, as\u00ed como en un debate en vivo emitido por la radio y en un panfleto parroquial en 2004.<\/p>\n<p>El Obispo Pohjola fue acusado precisamente por haber publicado dicho panfleto de R\u00e4s\u00e4nen del a\u00f1o 2004. El caso ha despertado enorme atenci\u00f3n medi\u00e1tica en todo el mundo por la preocupaci\u00f3n que dicha amenaza a la libertad de expresi\u00f3n ha suscitado entre expertos en derechos humanos.<\/p>\n<p>\u201cMe siento profundamente aliviada. El tribunal ha acogido en su integridad y mantenido la sentencia del juzgado de primera instancia, quien hab\u00eda reconoci\u00f3 el derecho de todos a la libertad de expresi\u00f3n\u201d, dijo P\u00e4ivi R\u00e4s\u00e4nen tras la victoria.<\/p>\n<p>\u201cNo es ning\u00fan crimen tuitear un vers\u00edculo de la Biblia ni tampoco participar en el debate p\u00fablico desde una perspectiva cristiana. Los intentos de perseguirme por expresar mis creencias se han traducido en un proceso de cuatro a\u00f1os. Mi esperanza es que el resultado se mantenga como un precedente clave en defensa del derecho a la libertad de expresi\u00f3n.<\/p>\n<p>Sinceramente espero que se le ahorre este calvario a muchas personas inocentes que simplemente comparten sus opiniones,\u201d a\u00f1adi\u00f3 R\u00e4s\u00e4nen, Ex Ministra finesa del Interior y abuela de once nietos.<\/p>\n<p>En una sentencia un\u00e1nime \u2014que acoge en su integridad la decisi\u00f3n absolutoria, dictada tambi\u00e9n por unanimidad, de marzo de 2022 del Juzgado de Primeria Instancia\u2014 la Corte de apelaci\u00f3n ha desestimado los argumentos del Ministerio Fiscal.<\/p>\n<p>Sostiene el tribunal que<span style=\"color: var( --e-global-color-text ); font-family: var( --e-global-typography-5916e0c-font-family ), Sans-serif; font-size: var( --e-global-typography-5916e0c-font-size ); font-weight: var( --e-global-typography-5916e0c-font-weight ); letter-spacing: var( --e-global-typography-5916e0c-letter-spacing ); word-spacing: var( --e-global-typography-5916e0c-word-spacing );\">: \u201cno hay raz\u00f3n alguna, con base en la prueba practicada en la vista oral, para enjuiciar de forma distinta que el juzgado de primera instancia. No hay, en consecuencia, motivo para alterar el fallo de instancia.\u201d<\/span><\/p>\n<p>El tribunal ha condenado en costas judiciales a la acusaci\u00f3n por los gastos incurridos por ambos acusados. El monto de la condena supera los diez mil euros. La Fiscal\u00eda a\u00fan puede interponer recurso de casaci\u00f3n ante el Tribunal Supremo antes del 15 de enero de 2024.<\/p>\n<p><strong>Ciertas \u201copiniones\u201d sobre la Biblia son \u201ccriminales\u201d<\/strong><\/p>\n<p>Durante el medi\u00e1tico proceso, la acusaci\u00f3n atac\u00f3 ense\u00f1anzas fundamentales de la religi\u00f3n cristiana e interrog\u00f3 sobre sus creencias teol\u00f3gicas a R\u00e4s\u00e4nen \u2014la diputada con m\u00e1s antig\u00fcedad del Parlamento fin\u00e9s\u2014 y al Obispo.<\/p>\n<p>En su alegato inicial en la vista oral del pasado 31 de agosto, la Fiscal encargada de la acusaci\u00f3n, Anu Mantila, sostuvo que: \u201cUno puede citar la Biblia, pero la interpretaci\u00f3n de R\u00e4s\u00e4nen y su opini\u00f3n sobre los vers\u00edculos de la Biblia son criminalmente perseguibles.\u201d<\/p>\n<p>Durante el interrogatorio, la Fiscal pregunt\u00f3 a la acusada en varias ocasiones si estar\u00eda dispuesta a actualizar o retirar lo que hab\u00eda afirmado sobre el matrimonio y la sexualidad humana en su panfleto parroquial de 2004, titulado \u201cVar\u00f3n y mujer los cre\u00f3\u201d.<\/p>\n<p>\u201cEl nudo gordiano del interrogatorio a R\u00e4s\u00e4nen era el siguiente: \u00bfabjuraba de sus creencias? La respuesta fue no \u2014 ella no iba a renegar de su fe. Ciertamente las preguntas de la Fiscal guardaban una gran similitud con los procesos inquisitoriales a los herejes durante la Edad Media.<\/p>\n<p>Se asum\u00eda que R\u00e4s\u00e4nen hab\u00eda \u00abblasfemado\u00bb contra la ortodoxia dominante.\u201d Dijo Paul Coleman, Director ejecutivo de ADF Internacional, colaborador del equipo jur\u00eddico encargado de la defensa de R\u00e4s\u00e4nen.<\/p>\n<p>La acusaci\u00f3n sosten\u00eda la irrelevancia del \u00e1nimo subjetivo de la acusada al dar a conocer sus creencias. El tribunal de apelaci\u00f3n, en cambio, afirm\u00f3 que la conducta \u201ces perseguible s\u00f3lo si se comete intencionalmente\u201d.<\/p>\n<p>R\u00e4s\u00e4nen deber\u00eda haber sabido \u2014as\u00ed arg\u00fc\u00eda la Fiscal durante el juicio del pasado agosto\u2014 que sus palabras pod\u00edan resultar ofensivas para ciertas personas y que, por tanto, deber\u00eda haberse abstenido de pronunciarlas. Argumentaba la Fiscal que: \u201clo decisivo no es su verdad o falsedad, si no que sean insultantes\u201d.<\/p>\n<p><strong>Defendiendo la libertad de expresi\u00f3n<\/strong><\/p>\n<p>El equipo jur\u00eddico de R\u00e4s\u00e4nen, coordinado por ADF Internacional, subray\u00f3 la robusta protecci\u00f3n de la que goza la libertad de expresi\u00f3n en el derecho internacional, adem\u00e1s de ser un pilar fundamental de la democracia en Finlandia. La defensa record\u00f3 a la corte que el uso de la palabra \u201cpecado\u201d en el tuit de R\u00e4sanen \u2014tildado de \u201cinsultante\u201d antijur\u00eddico por la acusaci\u00f3n\u2014 era cita directa de la Biblia y que cualquier juicio condenando su uso supondr\u00eda una directa condena de la Biblia misma.<\/p>\n<p>El Tribunal de apelaci\u00f3n reconoci\u00f3 que: \u201cno hay raz\u00f3n alguna para alterar el fallo de la sentencia de primera instancia,\u201d la cual a su vez hab\u00eda reconocido que, aunque algunos puedan no compartir las afirmaciones de R\u00e4s\u00e4nen: \u201cdebe haber una raz\u00f3n social imperiosa para restringir la libertad de expresi\u00f3n y justificar tal injerencia\u201d. El Juzgado de Instancia concluy\u00f3 que dicha justificaci\u00f3n no concurr\u00eda pues: \u201cno corresponde a este Juzgado interpretar conceptos b\u00edblicos.\u201d<\/p>\n<p>\u201cAunque celebramos esta monumental victoria, recordamos tambi\u00e9n que llega tras cuatro a\u00f1os de investigaciones policiales, persecuci\u00f3n criminal, acusaciones y vistas orales en los tribunales de lo penal. Aplaudimos la sentencia de la Corte de Apelaciones de Helsinki. En una sociedad libre y democr\u00e1tica, todos deber\u00edan poder compartir sus creencias sin temor a la censura.<\/p>\n<p>Castigar penalmente la libre comunicaci\u00f3n humana tipificando como \u201cdiscurso del odio\u201d cancela el debate p\u00fablico en temas clave y supone una grave amenaza a nuestras democracias. Nos alivia comprobar que los tribunales hacen respetar el Estado de Derecho cuando las autoridades \u2014abusando de sus prerrogativas\u2014 pretenden condenar y censurar afirmaciones que les incomodan,\u201d a\u00f1ade Coleman, autor de \u201cCensored: How European Hate Speech Laws are Threatening Freedom of Speech\u201d.<\/p>\t\t\t\t\t\t\t\t<\/div>\n\t\t\t\t<\/div>\n\t\t\t\t\t<\/div>\n\t\t<\/div>\n\t\t\t\t\t<\/div>\n\t\t<\/section>\n\t\t\t\t<\/div>\n\t\t","protected":false},"excerpt":{"rendered":"<p>R\u00e4s\u00e4nen y su equipo legal estar\u00e1n disponibles para preguntas despu\u00e9s del veredicto en una conferencia de prensa organizada por ADF Internacional el 14 de noviembre a las 15:30 CET, (9:30 ET) <\/p>\n","protected":false},"author":44,"featured_media":34795,"comment_status":"closed","ping_status":"closed","sticky":false,"template":"","format":"standard","meta":{"_acf_changed":false,"give_campaign_id":0,"footnotes":""},"categories":[991],"tags":[1013,987,985,994],"class_list":["post-7610","post","type-post","status-publish","format-standard","has-post-thumbnail","hentry","category-noticias","tag-es","tag-finlandia","tag-libertad-de-expresion","tag-paivi-es"],"acf":[],"yoast_head":"<!-- This site is optimized with the Yoast SEO Premium plugin v27.5 (Yoast SEO v27.5) - https:\/\/yoast.com\/product\/yoast-seo-premium-wordpress\/ -->\n<title>Exclusiva: Absuelta la diputada finesa acusada de \u201cdiscurso del odio\u201d por haber tuiteado un vers\u00edculo de la Biblia<\/title>\n<meta name=\"description\" content=\"La Corte de Apelaci\u00f3n desestima por unanimidad todos los cargos contra la parlamentaria finesa P\u00e4ivi R\u00e4s\u00e4nen y el Obispo Juhana Pohjola tras un proceso muy medi\u00e1tico sobre libertad de expresi\u00f3n.\" \/>\n<meta name=\"robots\" content=\"index, follow, max-snippet:-1, max-image-preview:large, max-video-preview:-1\" \/>\n<link rel=\"canonical\" href=\"https:\/\/adfinternational.org\/es\/noticias\/exclusiva-paivi-rasanen\" \/>\n<meta property=\"og:locale\" content=\"es_ES\" \/>\n<meta property=\"og:type\" content=\"article\" \/>\n<meta property=\"og:title\" content=\"Exclusiva: Absuelta la diputada finesa acusada de \u201cdiscurso del odio\u201d por haber tuiteado un vers\u00edculo de la Biblia\" \/>\n<meta property=\"og:description\" content=\"La Corte de Apelaci\u00f3n desestima por unanimidad todos los cargos contra la parlamentaria finesa P\u00e4ivi R\u00e4s\u00e4nen y el Obispo Juhana Pohjola tras un proceso muy medi\u00e1tico sobre libertad de expresi\u00f3n.\" \/>\n<meta property=\"og:url\" content=\"https:\/\/adfinternational.org\/es\/noticias\/exclusiva-paivi-rasanen\" \/>\n<meta property=\"og:site_name\" content=\"ADF International\" \/>\n<meta property=\"article:publisher\" content=\"https:\/\/facebook.com\/adfinternational\" \/>\n<meta property=\"article:published_time\" content=\"2023-11-14T11:19:21+00:00\" \/>\n<meta property=\"article:modified_time\" content=\"2024-07-30T08:22:58+00:00\" \/>\n<meta name=\"author\" content=\"Philipp Bues\" \/>\n<meta name=\"twitter:card\" content=\"summary_large_image\" \/>\n<meta name=\"twitter:title\" content=\"Exclusiva: Absuelta la diputada finesa acusada de \u201cdiscurso del odio\u201d por haber tuiteado un vers\u00edculo de la Biblia\" \/>\n<meta name=\"twitter:description\" content=\"La Corte de Apelaci\u00f3n desestima por unanimidad todos los cargos contra la parlamentaria finesa P\u00e4ivi R\u00e4s\u00e4nen y el Obispo Juhana Pohjola tras un proceso muy medi\u00e1tico sobre libertad de expresi\u00f3n.\" \/>\n<meta name=\"twitter:creator\" content=\"@adfintl\" \/>\n<meta name=\"twitter:site\" content=\"@adfintl\" \/>\n<meta name=\"twitter:label1\" content=\"Escrito por\" \/>\n\t<meta name=\"twitter:data1\" content=\"Philipp Bues\" \/>\n\t<meta name=\"twitter:label2\" content=\"Tiempo de lectura\" \/>\n\t<meta name=\"twitter:data2\" content=\"5 minutos\" \/>\n<script type=\"application\/ld+json\" class=\"yoast-schema-graph\">{\"@context\":\"https:\\\/\\\/schema.org\",\"@graph\":[{\"@type\":\"Article\",\"@id\":\"https:\\\/\\\/adfinternational.org\\\/es\\\/noticias\\\/exclusiva-paivi-rasanen#article\",\"isPartOf\":{\"@id\":\"https:\\\/\\\/adfinternational.org\\\/es\\\/noticias\\\/exclusiva-paivi-rasanen\"},\"author\":{\"name\":\"Philipp Bues\",\"@id\":\"https:\\\/\\\/adfinternational.org\\\/es\\\/#\\\/schema\\\/person\\\/6b776fc8535453c6aad8a6f9d78e6141\"},\"headline\":\"Exclusiva: Absuelta la diputada finesa acusada de \u201cdiscurso del odio\u201d por haber tuiteado un vers\u00edculo de la Biblia\",\"datePublished\":\"2023-11-14T11:19:21+00:00\",\"dateModified\":\"2024-07-30T08:22:58+00:00\",\"mainEntityOfPage\":{\"@id\":\"https:\\\/\\\/adfinternational.org\\\/es\\\/noticias\\\/exclusiva-paivi-rasanen\"},\"wordCount\":1189,\"publisher\":{\"@id\":\"https:\\\/\\\/adfinternational.org\\\/es\\\/#organization\"},\"image\":{\"@id\":\"https:\\\/\\\/adfinternational.org\\\/es\\\/noticias\\\/exclusiva-paivi-rasanen#primaryimage\"},\"thumbnailUrl\":\"https:\\\/\\\/adfinternational.org\\\/wp-content\\\/uploads\\\/2023\\\/11\\\/Paivi-on-Trial-1-scaled-1.jpeg\",\"keywords\":[\"ES\",\"finlandia\",\"Libertad de expresi\u00f3n\",\"Paivi\"],\"articleSection\":[\"noticias\"],\"inLanguage\":\"es\"},{\"@type\":\"WebPage\",\"@id\":\"https:\\\/\\\/adfinternational.org\\\/es\\\/noticias\\\/exclusiva-paivi-rasanen\",\"url\":\"https:\\\/\\\/adfinternational.org\\\/es\\\/noticias\\\/exclusiva-paivi-rasanen\",\"name\":\"Exclusiva: Absuelta la diputada finesa acusada de \u201cdiscurso del odio\u201d por haber tuiteado un vers\u00edculo de la Biblia\",\"isPartOf\":{\"@id\":\"https:\\\/\\\/adfinternational.org\\\/es\\\/#website\"},\"primaryImageOfPage\":{\"@id\":\"https:\\\/\\\/adfinternational.org\\\/es\\\/noticias\\\/exclusiva-paivi-rasanen#primaryimage\"},\"image\":{\"@id\":\"https:\\\/\\\/adfinternational.org\\\/es\\\/noticias\\\/exclusiva-paivi-rasanen#primaryimage\"},\"thumbnailUrl\":\"https:\\\/\\\/adfinternational.org\\\/wp-content\\\/uploads\\\/2023\\\/11\\\/Paivi-on-Trial-1-scaled-1.jpeg\",\"datePublished\":\"2023-11-14T11:19:21+00:00\",\"dateModified\":\"2024-07-30T08:22:58+00:00\",\"description\":\"La Corte de Apelaci\u00f3n desestima por unanimidad todos los cargos contra la parlamentaria finesa P\u00e4ivi R\u00e4s\u00e4nen y el Obispo Juhana Pohjola tras un proceso muy medi\u00e1tico sobre libertad de expresi\u00f3n.\",\"breadcrumb\":{\"@id\":\"https:\\\/\\\/adfinternational.org\\\/es\\\/noticias\\\/exclusiva-paivi-rasanen#breadcrumb\"},\"inLanguage\":\"es\",\"potentialAction\":[{\"@type\":\"ReadAction\",\"target\":[\"https:\\\/\\\/adfinternational.org\\\/es\\\/noticias\\\/exclusiva-paivi-rasanen\"]}]},{\"@type\":\"ImageObject\",\"inLanguage\":\"es\",\"@id\":\"https:\\\/\\\/adfinternational.org\\\/es\\\/noticias\\\/exclusiva-paivi-rasanen#primaryimage\",\"url\":\"https:\\\/\\\/adfinternational.org\\\/wp-content\\\/uploads\\\/2023\\\/11\\\/Paivi-on-Trial-1-scaled-1.jpeg\",\"contentUrl\":\"https:\\\/\\\/adfinternational.org\\\/wp-content\\\/uploads\\\/2023\\\/11\\\/Paivi-on-Trial-1-scaled-1.jpeg\",\"width\":2560,\"height\":1920},{\"@type\":\"BreadcrumbList\",\"@id\":\"https:\\\/\\\/adfinternational.org\\\/es\\\/noticias\\\/exclusiva-paivi-rasanen#breadcrumb\",\"itemListElement\":[{\"@type\":\"ListItem\",\"position\":1,\"name\":\"Home\",\"item\":\"https:\\\/\\\/adfinternational.org\\\/es\"},{\"@type\":\"ListItem\",\"position\":2,\"name\":\"Exclusiva: Absuelta la diputada finesa acusada de \u201cdiscurso del odio\u201d por haber tuiteado un vers\u00edculo de la Biblia\"}]},{\"@type\":\"WebSite\",\"@id\":\"https:\\\/\\\/adfinternational.org\\\/es\\\/#website\",\"url\":\"https:\\\/\\\/adfinternational.org\\\/es\\\/\",\"name\":\"ADF International\",\"description\":\"Protecting Fundamental Freedoms. Promoting Inherent Dignity.\",\"publisher\":{\"@id\":\"https:\\\/\\\/adfinternational.org\\\/es\\\/#organization\"},\"potentialAction\":[{\"@type\":\"SearchAction\",\"target\":{\"@type\":\"EntryPoint\",\"urlTemplate\":\"https:\\\/\\\/adfinternational.org\\\/es\\\/?s={search_term_string}\"},\"query-input\":{\"@type\":\"PropertyValueSpecification\",\"valueRequired\":true,\"valueName\":\"search_term_string\"}}],\"inLanguage\":\"es\"},{\"@type\":\"Organization\",\"@id\":\"https:\\\/\\\/adfinternational.org\\\/es\\\/#organization\",\"name\":\"Alliance Defending Freedom International\",\"url\":\"https:\\\/\\\/adfinternational.org\\\/es\\\/\",\"logo\":{\"@type\":\"ImageObject\",\"inLanguage\":\"es\",\"@id\":\"https:\\\/\\\/adfinternational.org\\\/es\\\/#\\\/schema\\\/logo\\\/image\\\/\",\"url\":\"https:\\\/\\\/adfinternational.org\\\/wp-content\\\/uploads\\\/2021\\\/08\\\/ADF_Intl_R_RGB_175px.png\",\"contentUrl\":\"https:\\\/\\\/adfinternational.org\\\/wp-content\\\/uploads\\\/2021\\\/08\\\/ADF_Intl_R_RGB_175px.png\",\"width\":175,\"height\":106,\"caption\":\"Alliance Defending Freedom International\"},\"image\":{\"@id\":\"https:\\\/\\\/adfinternational.org\\\/es\\\/#\\\/schema\\\/logo\\\/image\\\/\"},\"sameAs\":[\"https:\\\/\\\/facebook.com\\\/adfinternational\",\"https:\\\/\\\/x.com\\\/adfintl\",\"https:\\\/\\\/www.linkedin.com\\\/company\\\/adfinternational\",\"https:\\\/\\\/www.instagram.com\\\/adfinternational\\\/\"]},{\"@type\":\"Person\",\"@id\":\"https:\\\/\\\/adfinternational.org\\\/es\\\/#\\\/schema\\\/person\\\/6b776fc8535453c6aad8a6f9d78e6141\",\"name\":\"Philipp Bues\",\"image\":{\"@type\":\"ImageObject\",\"inLanguage\":\"es\",\"@id\":\"https:\\\/\\\/adfinternational.org\\\/wp-content\\\/uploads\\\/2025\\\/02\\\/Philipp-Bues-Headshot-150x150.jpg\",\"url\":\"https:\\\/\\\/adfinternational.org\\\/wp-content\\\/uploads\\\/2025\\\/02\\\/Philipp-Bues-Headshot-150x150.jpg\",\"contentUrl\":\"https:\\\/\\\/adfinternational.org\\\/wp-content\\\/uploads\\\/2025\\\/02\\\/Philipp-Bues-Headshot-150x150.jpg\",\"caption\":\"Philipp Bues\"},\"url\":\"https:\\\/\\\/adfinternational.org\\\/es\\\/author\\\/pbuesadfinternational-org\"}]}<\/script>\n<!-- \/ Yoast SEO Premium plugin. -->","yoast_head_json":{"title":"Exclusiva: Absuelta la diputada finesa acusada de \u201cdiscurso del odio\u201d por haber tuiteado un vers\u00edculo de la Biblia","description":"La Corte de Apelaci\u00f3n desestima por unanimidad todos los cargos contra la parlamentaria finesa P\u00e4ivi R\u00e4s\u00e4nen y el Obispo Juhana Pohjola tras un proceso muy medi\u00e1tico sobre libertad de expresi\u00f3n.","robots":{"index":"index","follow":"follow","max-snippet":"max-snippet:-1","max-image-preview":"max-image-preview:large","max-video-preview":"max-video-preview:-1"},"canonical":"https:\/\/adfinternational.org\/es\/noticias\/exclusiva-paivi-rasanen","og_locale":"es_ES","og_type":"article","og_title":"Exclusiva: Absuelta la diputada finesa acusada de \u201cdiscurso del odio\u201d por haber tuiteado un vers\u00edculo de la Biblia","og_description":"La Corte de Apelaci\u00f3n desestima por unanimidad todos los cargos contra la parlamentaria finesa P\u00e4ivi R\u00e4s\u00e4nen y el Obispo Juhana Pohjola tras un proceso muy medi\u00e1tico sobre libertad de expresi\u00f3n.","og_url":"https:\/\/adfinternational.org\/es\/noticias\/exclusiva-paivi-rasanen","og_site_name":"ADF International","article_publisher":"https:\/\/facebook.com\/adfinternational","article_published_time":"2023-11-14T11:19:21+00:00","article_modified_time":"2024-07-30T08:22:58+00:00","author":"Philipp Bues","twitter_card":"summary_large_image","twitter_title":"Exclusiva: Absuelta la diputada finesa acusada de \u201cdiscurso del odio\u201d por haber tuiteado un vers\u00edculo de la Biblia","twitter_description":"La Corte de Apelaci\u00f3n desestima por unanimidad todos los cargos contra la parlamentaria finesa P\u00e4ivi R\u00e4s\u00e4nen y el Obispo Juhana Pohjola tras un proceso muy medi\u00e1tico sobre libertad de expresi\u00f3n.","twitter_creator":"@adfintl","twitter_site":"@adfintl","twitter_misc":{"Escrito por":"Philipp Bues","Tiempo de lectura":"5 minutos"},"schema":{"@context":"https:\/\/schema.org","@graph":[{"@type":"Article","@id":"https:\/\/adfinternational.org\/es\/noticias\/exclusiva-paivi-rasanen#article","isPartOf":{"@id":"https:\/\/adfinternational.org\/es\/noticias\/exclusiva-paivi-rasanen"},"author":{"name":"Philipp Bues","@id":"https:\/\/adfinternational.org\/es\/#\/schema\/person\/6b776fc8535453c6aad8a6f9d78e6141"},"headline":"Exclusiva: Absuelta la diputada finesa acusada de \u201cdiscurso del odio\u201d por haber tuiteado un vers\u00edculo de la Biblia","datePublished":"2023-11-14T11:19:21+00:00","dateModified":"2024-07-30T08:22:58+00:00","mainEntityOfPage":{"@id":"https:\/\/adfinternational.org\/es\/noticias\/exclusiva-paivi-rasanen"},"wordCount":1189,"publisher":{"@id":"https:\/\/adfinternational.org\/es\/#organization"},"image":{"@id":"https:\/\/adfinternational.org\/es\/noticias\/exclusiva-paivi-rasanen#primaryimage"},"thumbnailUrl":"https:\/\/adfinternational.org\/wp-content\/uploads\/2023\/11\/Paivi-on-Trial-1-scaled-1.jpeg","keywords":["ES","finlandia","Libertad de expresi\u00f3n","Paivi"],"articleSection":["noticias"],"inLanguage":"es"},{"@type":"WebPage","@id":"https:\/\/adfinternational.org\/es\/noticias\/exclusiva-paivi-rasanen","url":"https:\/\/adfinternational.org\/es\/noticias\/exclusiva-paivi-rasanen","name":"Exclusiva: Absuelta la diputada finesa acusada de \u201cdiscurso del odio\u201d por haber tuiteado un vers\u00edculo de la Biblia","isPartOf":{"@id":"https:\/\/adfinternational.org\/es\/#website"},"primaryImageOfPage":{"@id":"https:\/\/adfinternational.org\/es\/noticias\/exclusiva-paivi-rasanen#primaryimage"},"image":{"@id":"https:\/\/adfinternational.org\/es\/noticias\/exclusiva-paivi-rasanen#primaryimage"},"thumbnailUrl":"https:\/\/adfinternational.org\/wp-content\/uploads\/2023\/11\/Paivi-on-Trial-1-scaled-1.jpeg","datePublished":"2023-11-14T11:19:21+00:00","dateModified":"2024-07-30T08:22:58+00:00","description":"La Corte de Apelaci\u00f3n desestima por unanimidad todos los cargos contra la parlamentaria finesa P\u00e4ivi R\u00e4s\u00e4nen y el Obispo Juhana Pohjola tras un proceso muy medi\u00e1tico sobre libertad de expresi\u00f3n.","breadcrumb":{"@id":"https:\/\/adfinternational.org\/es\/noticias\/exclusiva-paivi-rasanen#breadcrumb"},"inLanguage":"es","potentialAction":[{"@type":"ReadAction","target":["https:\/\/adfinternational.org\/es\/noticias\/exclusiva-paivi-rasanen"]}]},{"@type":"ImageObject","inLanguage":"es","@id":"https:\/\/adfinternational.org\/es\/noticias\/exclusiva-paivi-rasanen#primaryimage","url":"https:\/\/adfinternational.org\/wp-content\/uploads\/2023\/11\/Paivi-on-Trial-1-scaled-1.jpeg","contentUrl":"https:\/\/adfinternational.org\/wp-content\/uploads\/2023\/11\/Paivi-on-Trial-1-scaled-1.jpeg","width":2560,"height":1920},{"@type":"BreadcrumbList","@id":"https:\/\/adfinternational.org\/es\/noticias\/exclusiva-paivi-rasanen#breadcrumb","itemListElement":[{"@type":"ListItem","position":1,"name":"Home","item":"https:\/\/adfinternational.org\/es"},{"@type":"ListItem","position":2,"name":"Exclusiva: Absuelta la diputada finesa acusada de \u201cdiscurso del odio\u201d por haber tuiteado un vers\u00edculo de la Biblia"}]},{"@type":"WebSite","@id":"https:\/\/adfinternational.org\/es\/#website","url":"https:\/\/adfinternational.org\/es\/","name":"ADF International","description":"Protecting Fundamental Freedoms. Promoting Inherent Dignity.","publisher":{"@id":"https:\/\/adfinternational.org\/es\/#organization"},"potentialAction":[{"@type":"SearchAction","target":{"@type":"EntryPoint","urlTemplate":"https:\/\/adfinternational.org\/es\/?s={search_term_string}"},"query-input":{"@type":"PropertyValueSpecification","valueRequired":true,"valueName":"search_term_string"}}],"inLanguage":"es"},{"@type":"Organization","@id":"https:\/\/adfinternational.org\/es\/#organization","name":"Alliance Defending Freedom International","url":"https:\/\/adfinternational.org\/es\/","logo":{"@type":"ImageObject","inLanguage":"es","@id":"https:\/\/adfinternational.org\/es\/#\/schema\/logo\/image\/","url":"https:\/\/adfinternational.org\/wp-content\/uploads\/2021\/08\/ADF_Intl_R_RGB_175px.png","contentUrl":"https:\/\/adfinternational.org\/wp-content\/uploads\/2021\/08\/ADF_Intl_R_RGB_175px.png","width":175,"height":106,"caption":"Alliance Defending Freedom International"},"image":{"@id":"https:\/\/adfinternational.org\/es\/#\/schema\/logo\/image\/"},"sameAs":["https:\/\/facebook.com\/adfinternational","https:\/\/x.com\/adfintl","https:\/\/www.linkedin.com\/company\/adfinternational","https:\/\/www.instagram.com\/adfinternational\/"]},{"@type":"Person","@id":"https:\/\/adfinternational.org\/es\/#\/schema\/person\/6b776fc8535453c6aad8a6f9d78e6141","name":"Philipp Bues","image":{"@type":"ImageObject","inLanguage":"es","@id":"https:\/\/adfinternational.org\/wp-content\/uploads\/2025\/02\/Philipp-Bues-Headshot-150x150.jpg","url":"https:\/\/adfinternational.org\/wp-content\/uploads\/2025\/02\/Philipp-Bues-Headshot-150x150.jpg","contentUrl":"https:\/\/adfinternational.org\/wp-content\/uploads\/2025\/02\/Philipp-Bues-Headshot-150x150.jpg","caption":"Philipp Bues"},"url":"https:\/\/adfinternational.org\/es\/author\/pbuesadfinternational-org"}]}},"_links":{"self":[{"href":"https:\/\/adfinternational.org\/es\/wp-json\/wp\/v2\/posts\/7610","targetHints":{"allow":["GET"]}}],"collection":[{"href":"https:\/\/adfinternational.org\/es\/wp-json\/wp\/v2\/posts"}],"about":[{"href":"https:\/\/adfinternational.org\/es\/wp-json\/wp\/v2\/types\/post"}],"author":[{"embeddable":true,"href":"https:\/\/adfinternational.org\/es\/wp-json\/wp\/v2\/users\/44"}],"replies":[{"embeddable":true,"href":"https:\/\/adfinternational.org\/es\/wp-json\/wp\/v2\/comments?post=7610"}],"version-history":[{"count":0,"href":"https:\/\/adfinternational.org\/es\/wp-json\/wp\/v2\/posts\/7610\/revisions"}],"wp:featuredmedia":[{"embeddable":true,"href":"https:\/\/adfinternational.org\/es\/wp-json\/wp\/v2\/media\/34795"}],"wp:attachment":[{"href":"https:\/\/adfinternational.org\/es\/wp-json\/wp\/v2\/media?parent=7610"}],"wp:term":[{"taxonomy":"category","embeddable":true,"href":"https:\/\/adfinternational.org\/es\/wp-json\/wp\/v2\/categories?post=7610"},{"taxonomy":"post_tag","embeddable":true,"href":"https:\/\/adfinternational.org\/es\/wp-json\/wp\/v2\/tags?post=7610"}],"curies":[{"name":"wp","href":"https:\/\/api.w.org\/{rel}","templated":true}]}}