{"id":39429,"date":"2020-06-22T17:12:00","date_gmt":"2020-06-22T15:12:00","guid":{"rendered":"https:\/\/www.adfinternational.de\/?p=6375"},"modified":"2024-07-31T15:30:07","modified_gmt":"2024-07-31T14:30:07","slug":"un-policier-perd-son-emploi-en-raison-de-ses-convictions-et-soppose-avec-succes-a-son-licenciement","status":"publish","type":"post","link":"https:\/\/adfinternational.org\/fr\/non-classifiee\/un-policier-perd-son-emploi-en-raison-de-ses-convictions-et-soppose-avec-succes-a-son-licenciement","title":{"rendered":"Un policier perd son emploi en raison de ses convictions et s&rsquo;oppose avec succ\u00e8s \u00e0 son licenciement"},"content":{"rendered":"\t\t<div data-elementor-type=\"wp-post\" data-elementor-id=\"39429\" class=\"elementor elementor-39429\" data-elementor-post-type=\"post\">\n\t\t\t\t\t\t<section class=\"elementor-section elementor-top-section elementor-element elementor-element-35dbbbff elementor-section-boxed elementor-section-height-default elementor-section-height-default\" data-id=\"35dbbbff\" data-element_type=\"section\" data-e-type=\"section\">\n\t\t\t\t\t\t<div class=\"elementor-container elementor-column-gap-default\">\n\t\t\t\t\t<div class=\"elementor-column elementor-col-100 elementor-top-column elementor-element elementor-element-1f2713fd\" data-id=\"1f2713fd\" data-element_type=\"column\" data-e-type=\"column\">\n\t\t\t<div class=\"elementor-widget-wrap elementor-element-populated\">\n\t\t\t\t\t\t<div class=\"elementor-element elementor-element-7f1bdc51 elementor-widget elementor-widget-text-editor\" data-id=\"7f1bdc51\" data-element_type=\"widget\" data-e-type=\"widget\" data-widget_type=\"text-editor.default\">\n\t\t\t\t<div class=\"elementor-widget-container\">\n\t\t\t\t\t\t\t\t\t<p>YEREVAN (22. Juni 2020) \u2013 Le tribunal administratif arm\u00e9nien a confirm\u00e9 le droit \u00e0 la libert\u00e9 religieuse dans un pr\u00e9c\u00e9dent juridique. En l&rsquo;esp\u00e8ce, un policier a \u00e9t\u00e9 licenci\u00e9 en raison de sa libert\u00e9 religieuse. Le tribunal a confirm\u00e9 que la lib\u00e9ration \u00e9tait ill\u00e9gale et donc inefficace et a d\u00e9cid\u00e9 que le policier devait \u00eatre r\u00e9int\u00e9gr\u00e9 et indemnis\u00e9 pour sa perte de revenus depuis sa lib\u00e9ration en 2018. La d\u00e9cision pourrait avoir de lourdes cons\u00e9quences sur la libert\u00e9 religieuse des responsables arm\u00e9niens. ADF International a soutenu le policier dans cette affaire.<\/p>\n<p>\u00abPersonne ne devrait avoir \u00e0 choisir entre son travail et sa foi. Cette d\u00e9cision est un pas positif dans la bonne direction pour prot\u00e9ger la libert\u00e9 religieuse de tous les fonctionnaires croyants en Arm\u00e9nie. Le licenciement sur la base de la conviction est clairement une violation des droits fondamentaux. La disposition l\u00e9gale abrog\u00e9e \u00e9tait une interdiction totale et pousse les croyants \u00e0 la clandestinit\u00e9. De telles lois encouragent la m\u00e9fiance \u00e0 l&rsquo;\u00e9gard des croyants quand &#8211; comme c&rsquo;est souvent le cas &#8211; la foi stimule des r\u00e9alisations extraordinaires. La d\u00e9cision prot\u00e8ge la libert\u00e9 religieuse des policiers et pourrait avoir des cons\u00e9quences pour tous les responsables arm\u00e9niens \u00bb, a d\u00e9clar\u00e9 Lidia Rieder, conseill\u00e8re juridique chez ADF International.<\/p>\n<p>Libert\u00e9 religieuse en Arm\u00e9nie<\/p>\n<p>Edgar Karapetyan a \u00e9t\u00e9 licenci\u00e9 d&rsquo;un poste de direction dans le secteur de la police arm\u00e9nienne \u00e0 la fin de 2018. Il avait d\u00e9j\u00e0 servi l&rsquo;Etat arm\u00e9nien en tant que policier depuis 2001 et a re\u00e7u plusieurs r\u00e9compenses. Ses sup\u00e9rieurs l&rsquo;ont cong\u00e9di\u00e9 parce qu&rsquo;il est membre d&rsquo;une \u00e9glise \u00e9vang\u00e9lique. On lui a propos\u00e9 de conserver son emploi s&rsquo;il renon\u00e7ait \u00e0 sa croyance. Karapatyan a refus\u00e9 et a \u00e9t\u00e9 lib\u00e9r\u00e9. Il porta son affaire devant le tribunal administratif, qui contesta la constitutionnalit\u00e9 de la disposition de la loi sur laquelle le licenciement \u00e9tait fond\u00e9. La Cour constitutionnelle arm\u00e9nienne a jug\u00e9 que l&rsquo;interdiction absolue de l&rsquo;affiliation religieuse des policiers \u00e9tait inconstitutionnelle. L&rsquo;affaire a \u00e9galement \u00e9t\u00e9 mise en \u00e9vidence dans le dernier rapport am\u00e9ricain sur l&rsquo;\u00e9tat de la libert\u00e9 religieuse dans le monde.<\/p>\n<p>M\u00eame si le droit \u00e0 la libert\u00e9 religieuse est effectivement prot\u00e9g\u00e9 par la constitution arm\u00e9nienne, de nombreuses minorit\u00e9s religieuses souffrent chaque jour de difficult\u00e9s et se d\u00e9gradent en \u00absectes\u00bb.<\/p>\n<p>\u00abLe policier a eu un choix impossible. Personne ne devrait \u00eatre oblig\u00e9 de nier sa croyance pour conserver son emploi. Le droit \u00e0 la libert\u00e9 religieuse est un droit fondamental qui est prot\u00e9g\u00e9 dans tous les principaux trait\u00e9s relatifs aux droits de l&rsquo;homme. Nous applaudissons la d\u00e9cision du tribunal qui a finalement confirm\u00e9 le droit \u00e0 la libert\u00e9 religieuse \u00bb, a d\u00e9clar\u00e9 Robert Clarke, directeur associ\u00e9 d&rsquo;ADF International.<\/p>\t\t\t\t\t\t\t\t<\/div>\n\t\t\t\t<\/div>\n\t\t\t\t\t<\/div>\n\t\t<\/div>\n\t\t\t\t\t<\/div>\n\t\t<\/section>\n\t\t\t\t<\/div>\n\t\t","protected":false},"excerpt":{"rendered":"<p>Le tribunal administratif arm\u00e9nien a confirm\u00e9 le droit \u00e0 la libert\u00e9 religieuse dans un pr\u00e9c\u00e9dent juridique.<\/p>\n","protected":false},"author":9,"featured_media":38756,"comment_status":"closed","ping_status":"closed","sticky":false,"template":"","format":"standard","meta":{"_acf_changed":false,"give_campaign_id":0,"footnotes":""},"categories":[1031],"tags":[1032],"class_list":["post-39429","post","type-post","status-publish","format-standard","has-post-thumbnail","hentry","category-actualites","tag-fr"],"acf":[],"yoast_head":"<!-- This site is optimized with the Yoast SEO Premium plugin v27.5 (Yoast SEO v27.5) - https:\/\/yoast.com\/product\/yoast-seo-premium-wordpress\/ -->\n<title>Un policier perd son emploi en raison de ses convictions et s&#039;oppose avec succ\u00e8s \u00e0 son licenciement - ADF International<\/title>\n<meta name=\"robots\" content=\"index, follow, max-snippet:-1, max-image-preview:large, max-video-preview:-1\" \/>\n<link rel=\"canonical\" href=\"https:\/\/adfinternational.org\/fr\/non-classifiee\/un-policier-perd-son-emploi-en-raison-de-ses-convictions-et-soppose-avec-succes-a-son-licenciement\" \/>\n<meta property=\"og:locale\" content=\"fr_FR\" \/>\n<meta property=\"og:type\" content=\"article\" \/>\n<meta property=\"og:title\" content=\"Un policier perd son emploi en raison de ses convictions et s&#039;oppose avec succ\u00e8s \u00e0 son licenciement\" \/>\n<meta property=\"og:description\" content=\"Le tribunal administratif arm\u00e9nien a confirm\u00e9 le droit \u00e0 la libert\u00e9 religieuse dans un pr\u00e9c\u00e9dent juridique.\" \/>\n<meta property=\"og:url\" content=\"https:\/\/adfinternational.org\/fr\/non-classifiee\/un-policier-perd-son-emploi-en-raison-de-ses-convictions-et-soppose-avec-succes-a-son-licenciement\" \/>\n<meta property=\"og:site_name\" content=\"ADF International\" \/>\n<meta property=\"article:publisher\" content=\"https:\/\/facebook.com\/adfinternational\" \/>\n<meta property=\"article:published_time\" content=\"2020-06-22T15:12:00+00:00\" \/>\n<meta property=\"article:modified_time\" content=\"2024-07-31T14:30:07+00:00\" \/>\n<meta property=\"og:image\" content=\"https:\/\/adfinternational.org\/wp-content\/uploads\/2020\/06\/bigstock-Yerevan-Armenia-april-340973338-scaled-e1592810586522.jpg\" \/>\n\t<meta property=\"og:image:width\" content=\"1920\" \/>\n\t<meta property=\"og:image:height\" content=\"883\" \/>\n\t<meta property=\"og:image:type\" content=\"image\/jpeg\" \/>\n<meta name=\"author\" content=\"Doris Liu\" \/>\n<meta name=\"twitter:card\" content=\"summary_large_image\" \/>\n<meta name=\"twitter:creator\" content=\"@adfintl\" \/>\n<meta name=\"twitter:site\" content=\"@adfintl\" \/>\n<meta name=\"twitter:label1\" content=\"\u00c9crit par\" \/>\n\t<meta name=\"twitter:data1\" content=\"Doris Liu\" \/>\n\t<meta name=\"twitter:label2\" content=\"Dur\u00e9e de lecture estim\u00e9e\" \/>\n\t<meta name=\"twitter:data2\" content=\"3 minutes\" \/>\n<script type=\"application\/ld+json\" class=\"yoast-schema-graph\">{\"@context\":\"https:\\\/\\\/schema.org\",\"@graph\":[{\"@type\":\"Article\",\"@id\":\"https:\\\/\\\/adfinternational.org\\\/fr\\\/non-classifiee\\\/un-policier-perd-son-emploi-en-raison-de-ses-convictions-et-soppose-avec-succes-a-son-licenciement#article\",\"isPartOf\":{\"@id\":\"https:\\\/\\\/adfinternational.org\\\/fr\\\/non-classifiee\\\/un-policier-perd-son-emploi-en-raison-de-ses-convictions-et-soppose-avec-succes-a-son-licenciement\"},\"author\":{\"name\":\"Doris Liu\",\"@id\":\"https:\\\/\\\/adfinternational.org\\\/fr\\\/#\\\/schema\\\/person\\\/562895edc66d3f3793746e8761be9c4a\"},\"headline\":\"Un policier perd son emploi en raison de ses convictions et s&rsquo;oppose avec succ\u00e8s \u00e0 son licenciement\",\"datePublished\":\"2020-06-22T15:12:00+00:00\",\"dateModified\":\"2024-07-31T14:30:07+00:00\",\"mainEntityOfPage\":{\"@id\":\"https:\\\/\\\/adfinternational.org\\\/fr\\\/non-classifiee\\\/un-policier-perd-son-emploi-en-raison-de-ses-convictions-et-soppose-avec-succes-a-son-licenciement\"},\"wordCount\":502,\"publisher\":{\"@id\":\"https:\\\/\\\/adfinternational.org\\\/fr\\\/#organization\"},\"image\":{\"@id\":\"https:\\\/\\\/adfinternational.org\\\/fr\\\/non-classifiee\\\/un-policier-perd-son-emploi-en-raison-de-ses-convictions-et-soppose-avec-succes-a-son-licenciement#primaryimage\"},\"thumbnailUrl\":\"https:\\\/\\\/adfinternational.org\\\/wp-content\\\/uploads\\\/2020\\\/06\\\/bigstock-Yerevan-Armenia-april-340973338-scaled-e1592810586522.jpg\",\"keywords\":[\"FR\"],\"articleSection\":[\"Actualit\u00e9s\"],\"inLanguage\":\"fr-FR\"},{\"@type\":\"WebPage\",\"@id\":\"https:\\\/\\\/adfinternational.org\\\/fr\\\/non-classifiee\\\/un-policier-perd-son-emploi-en-raison-de-ses-convictions-et-soppose-avec-succes-a-son-licenciement\",\"url\":\"https:\\\/\\\/adfinternational.org\\\/fr\\\/non-classifiee\\\/un-policier-perd-son-emploi-en-raison-de-ses-convictions-et-soppose-avec-succes-a-son-licenciement\",\"name\":\"Un policier perd son emploi en raison de ses convictions et s'oppose avec succ\u00e8s \u00e0 son licenciement - ADF International\",\"isPartOf\":{\"@id\":\"https:\\\/\\\/adfinternational.org\\\/fr\\\/#website\"},\"primaryImageOfPage\":{\"@id\":\"https:\\\/\\\/adfinternational.org\\\/fr\\\/non-classifiee\\\/un-policier-perd-son-emploi-en-raison-de-ses-convictions-et-soppose-avec-succes-a-son-licenciement#primaryimage\"},\"image\":{\"@id\":\"https:\\\/\\\/adfinternational.org\\\/fr\\\/non-classifiee\\\/un-policier-perd-son-emploi-en-raison-de-ses-convictions-et-soppose-avec-succes-a-son-licenciement#primaryimage\"},\"thumbnailUrl\":\"https:\\\/\\\/adfinternational.org\\\/wp-content\\\/uploads\\\/2020\\\/06\\\/bigstock-Yerevan-Armenia-april-340973338-scaled-e1592810586522.jpg\",\"datePublished\":\"2020-06-22T15:12:00+00:00\",\"dateModified\":\"2024-07-31T14:30:07+00:00\",\"breadcrumb\":{\"@id\":\"https:\\\/\\\/adfinternational.org\\\/fr\\\/non-classifiee\\\/un-policier-perd-son-emploi-en-raison-de-ses-convictions-et-soppose-avec-succes-a-son-licenciement#breadcrumb\"},\"inLanguage\":\"fr-FR\",\"potentialAction\":[{\"@type\":\"ReadAction\",\"target\":[\"https:\\\/\\\/adfinternational.org\\\/fr\\\/non-classifiee\\\/un-policier-perd-son-emploi-en-raison-de-ses-convictions-et-soppose-avec-succes-a-son-licenciement\"]}]},{\"@type\":\"ImageObject\",\"inLanguage\":\"fr-FR\",\"@id\":\"https:\\\/\\\/adfinternational.org\\\/fr\\\/non-classifiee\\\/un-policier-perd-son-emploi-en-raison-de-ses-convictions-et-soppose-avec-succes-a-son-licenciement#primaryimage\",\"url\":\"https:\\\/\\\/adfinternational.org\\\/wp-content\\\/uploads\\\/2020\\\/06\\\/bigstock-Yerevan-Armenia-april-340973338-scaled-e1592810586522.jpg\",\"contentUrl\":\"https:\\\/\\\/adfinternational.org\\\/wp-content\\\/uploads\\\/2020\\\/06\\\/bigstock-Yerevan-Armenia-april-340973338-scaled-e1592810586522.jpg\",\"width\":1920,\"height\":883},{\"@type\":\"BreadcrumbList\",\"@id\":\"https:\\\/\\\/adfinternational.org\\\/fr\\\/non-classifiee\\\/un-policier-perd-son-emploi-en-raison-de-ses-convictions-et-soppose-avec-succes-a-son-licenciement#breadcrumb\",\"itemListElement\":[{\"@type\":\"ListItem\",\"position\":1,\"name\":\"Home\",\"item\":\"https:\\\/\\\/adfinternational.org\\\/fr\"},{\"@type\":\"ListItem\",\"position\":2,\"name\":\"Un policier perd son emploi en raison de ses convictions et s&rsquo;oppose avec succ\u00e8s \u00e0 son licenciement\"}]},{\"@type\":\"WebSite\",\"@id\":\"https:\\\/\\\/adfinternational.org\\\/fr\\\/#website\",\"url\":\"https:\\\/\\\/adfinternational.org\\\/fr\\\/\",\"name\":\"ADF International\",\"description\":\"Protecting Fundamental Freedoms. Promoting Inherent Dignity.\",\"publisher\":{\"@id\":\"https:\\\/\\\/adfinternational.org\\\/fr\\\/#organization\"},\"potentialAction\":[{\"@type\":\"SearchAction\",\"target\":{\"@type\":\"EntryPoint\",\"urlTemplate\":\"https:\\\/\\\/adfinternational.org\\\/fr\\\/?s={search_term_string}\"},\"query-input\":{\"@type\":\"PropertyValueSpecification\",\"valueRequired\":true,\"valueName\":\"search_term_string\"}}],\"inLanguage\":\"fr-FR\"},{\"@type\":\"Organization\",\"@id\":\"https:\\\/\\\/adfinternational.org\\\/fr\\\/#organization\",\"name\":\"Alliance Defending Freedom International\",\"url\":\"https:\\\/\\\/adfinternational.org\\\/fr\\\/\",\"logo\":{\"@type\":\"ImageObject\",\"inLanguage\":\"fr-FR\",\"@id\":\"https:\\\/\\\/adfinternational.org\\\/fr\\\/#\\\/schema\\\/logo\\\/image\\\/\",\"url\":\"https:\\\/\\\/adfinternational.org\\\/wp-content\\\/uploads\\\/2021\\\/08\\\/ADF_Intl_R_RGB_175px.png\",\"contentUrl\":\"https:\\\/\\\/adfinternational.org\\\/wp-content\\\/uploads\\\/2021\\\/08\\\/ADF_Intl_R_RGB_175px.png\",\"width\":175,\"height\":106,\"caption\":\"Alliance Defending Freedom International\"},\"image\":{\"@id\":\"https:\\\/\\\/adfinternational.org\\\/fr\\\/#\\\/schema\\\/logo\\\/image\\\/\"},\"sameAs\":[\"https:\\\/\\\/facebook.com\\\/adfinternational\",\"https:\\\/\\\/x.com\\\/adfintl\",\"https:\\\/\\\/www.linkedin.com\\\/company\\\/adfinternational\",\"https:\\\/\\\/www.instagram.com\\\/adfinternational\\\/\"]},{\"@type\":\"Person\",\"@id\":\"https:\\\/\\\/adfinternational.org\\\/fr\\\/#\\\/schema\\\/person\\\/562895edc66d3f3793746e8761be9c4a\",\"name\":\"Doris Liu\",\"image\":{\"@type\":\"ImageObject\",\"inLanguage\":\"fr-FR\",\"@id\":\"https:\\\/\\\/adfinternational.org\\\/wp-content\\\/plugins\\\/one-user-avatar\\\/assets\\\/images\\\/wpua-96x96.png\",\"url\":\"https:\\\/\\\/adfinternational.org\\\/wp-content\\\/plugins\\\/one-user-avatar\\\/assets\\\/images\\\/wpua-96x96.png\",\"contentUrl\":\"https:\\\/\\\/adfinternational.org\\\/wp-content\\\/plugins\\\/one-user-avatar\\\/assets\\\/images\\\/wpua-96x96.png\",\"caption\":\"Doris Liu\"},\"url\":\"https:\\\/\\\/adfinternational.org\\\/fr\\\/author\\\/dliuadfinternational-org\"}]}<\/script>\n<!-- \/ Yoast SEO Premium plugin. -->","yoast_head_json":{"title":"Un policier perd son emploi en raison de ses convictions et s'oppose avec succ\u00e8s \u00e0 son licenciement - ADF International","robots":{"index":"index","follow":"follow","max-snippet":"max-snippet:-1","max-image-preview":"max-image-preview:large","max-video-preview":"max-video-preview:-1"},"canonical":"https:\/\/adfinternational.org\/fr\/non-classifiee\/un-policier-perd-son-emploi-en-raison-de-ses-convictions-et-soppose-avec-succes-a-son-licenciement","og_locale":"fr_FR","og_type":"article","og_title":"Un policier perd son emploi en raison de ses convictions et s'oppose avec succ\u00e8s \u00e0 son licenciement","og_description":"Le tribunal administratif arm\u00e9nien a confirm\u00e9 le droit \u00e0 la libert\u00e9 religieuse dans un pr\u00e9c\u00e9dent juridique.","og_url":"https:\/\/adfinternational.org\/fr\/non-classifiee\/un-policier-perd-son-emploi-en-raison-de-ses-convictions-et-soppose-avec-succes-a-son-licenciement","og_site_name":"ADF International","article_publisher":"https:\/\/facebook.com\/adfinternational","article_published_time":"2020-06-22T15:12:00+00:00","article_modified_time":"2024-07-31T14:30:07+00:00","og_image":[{"width":1920,"height":883,"url":"https:\/\/adfinternational.org\/wp-content\/uploads\/2020\/06\/bigstock-Yerevan-Armenia-april-340973338-scaled-e1592810586522.jpg","type":"image\/jpeg"}],"author":"Doris Liu","twitter_card":"summary_large_image","twitter_creator":"@adfintl","twitter_site":"@adfintl","twitter_misc":{"\u00c9crit par":"Doris Liu","Dur\u00e9e de lecture estim\u00e9e":"3 minutes"},"schema":{"@context":"https:\/\/schema.org","@graph":[{"@type":"Article","@id":"https:\/\/adfinternational.org\/fr\/non-classifiee\/un-policier-perd-son-emploi-en-raison-de-ses-convictions-et-soppose-avec-succes-a-son-licenciement#article","isPartOf":{"@id":"https:\/\/adfinternational.org\/fr\/non-classifiee\/un-policier-perd-son-emploi-en-raison-de-ses-convictions-et-soppose-avec-succes-a-son-licenciement"},"author":{"name":"Doris Liu","@id":"https:\/\/adfinternational.org\/fr\/#\/schema\/person\/562895edc66d3f3793746e8761be9c4a"},"headline":"Un policier perd son emploi en raison de ses convictions et s&rsquo;oppose avec succ\u00e8s \u00e0 son licenciement","datePublished":"2020-06-22T15:12:00+00:00","dateModified":"2024-07-31T14:30:07+00:00","mainEntityOfPage":{"@id":"https:\/\/adfinternational.org\/fr\/non-classifiee\/un-policier-perd-son-emploi-en-raison-de-ses-convictions-et-soppose-avec-succes-a-son-licenciement"},"wordCount":502,"publisher":{"@id":"https:\/\/adfinternational.org\/fr\/#organization"},"image":{"@id":"https:\/\/adfinternational.org\/fr\/non-classifiee\/un-policier-perd-son-emploi-en-raison-de-ses-convictions-et-soppose-avec-succes-a-son-licenciement#primaryimage"},"thumbnailUrl":"https:\/\/adfinternational.org\/wp-content\/uploads\/2020\/06\/bigstock-Yerevan-Armenia-april-340973338-scaled-e1592810586522.jpg","keywords":["FR"],"articleSection":["Actualit\u00e9s"],"inLanguage":"fr-FR"},{"@type":"WebPage","@id":"https:\/\/adfinternational.org\/fr\/non-classifiee\/un-policier-perd-son-emploi-en-raison-de-ses-convictions-et-soppose-avec-succes-a-son-licenciement","url":"https:\/\/adfinternational.org\/fr\/non-classifiee\/un-policier-perd-son-emploi-en-raison-de-ses-convictions-et-soppose-avec-succes-a-son-licenciement","name":"Un policier perd son emploi en raison de ses convictions et s'oppose avec succ\u00e8s \u00e0 son licenciement - ADF International","isPartOf":{"@id":"https:\/\/adfinternational.org\/fr\/#website"},"primaryImageOfPage":{"@id":"https:\/\/adfinternational.org\/fr\/non-classifiee\/un-policier-perd-son-emploi-en-raison-de-ses-convictions-et-soppose-avec-succes-a-son-licenciement#primaryimage"},"image":{"@id":"https:\/\/adfinternational.org\/fr\/non-classifiee\/un-policier-perd-son-emploi-en-raison-de-ses-convictions-et-soppose-avec-succes-a-son-licenciement#primaryimage"},"thumbnailUrl":"https:\/\/adfinternational.org\/wp-content\/uploads\/2020\/06\/bigstock-Yerevan-Armenia-april-340973338-scaled-e1592810586522.jpg","datePublished":"2020-06-22T15:12:00+00:00","dateModified":"2024-07-31T14:30:07+00:00","breadcrumb":{"@id":"https:\/\/adfinternational.org\/fr\/non-classifiee\/un-policier-perd-son-emploi-en-raison-de-ses-convictions-et-soppose-avec-succes-a-son-licenciement#breadcrumb"},"inLanguage":"fr-FR","potentialAction":[{"@type":"ReadAction","target":["https:\/\/adfinternational.org\/fr\/non-classifiee\/un-policier-perd-son-emploi-en-raison-de-ses-convictions-et-soppose-avec-succes-a-son-licenciement"]}]},{"@type":"ImageObject","inLanguage":"fr-FR","@id":"https:\/\/adfinternational.org\/fr\/non-classifiee\/un-policier-perd-son-emploi-en-raison-de-ses-convictions-et-soppose-avec-succes-a-son-licenciement#primaryimage","url":"https:\/\/adfinternational.org\/wp-content\/uploads\/2020\/06\/bigstock-Yerevan-Armenia-april-340973338-scaled-e1592810586522.jpg","contentUrl":"https:\/\/adfinternational.org\/wp-content\/uploads\/2020\/06\/bigstock-Yerevan-Armenia-april-340973338-scaled-e1592810586522.jpg","width":1920,"height":883},{"@type":"BreadcrumbList","@id":"https:\/\/adfinternational.org\/fr\/non-classifiee\/un-policier-perd-son-emploi-en-raison-de-ses-convictions-et-soppose-avec-succes-a-son-licenciement#breadcrumb","itemListElement":[{"@type":"ListItem","position":1,"name":"Home","item":"https:\/\/adfinternational.org\/fr"},{"@type":"ListItem","position":2,"name":"Un policier perd son emploi en raison de ses convictions et s&rsquo;oppose avec succ\u00e8s \u00e0 son licenciement"}]},{"@type":"WebSite","@id":"https:\/\/adfinternational.org\/fr\/#website","url":"https:\/\/adfinternational.org\/fr\/","name":"ADF International","description":"Protecting Fundamental Freedoms. Promoting Inherent Dignity.","publisher":{"@id":"https:\/\/adfinternational.org\/fr\/#organization"},"potentialAction":[{"@type":"SearchAction","target":{"@type":"EntryPoint","urlTemplate":"https:\/\/adfinternational.org\/fr\/?s={search_term_string}"},"query-input":{"@type":"PropertyValueSpecification","valueRequired":true,"valueName":"search_term_string"}}],"inLanguage":"fr-FR"},{"@type":"Organization","@id":"https:\/\/adfinternational.org\/fr\/#organization","name":"Alliance Defending Freedom International","url":"https:\/\/adfinternational.org\/fr\/","logo":{"@type":"ImageObject","inLanguage":"fr-FR","@id":"https:\/\/adfinternational.org\/fr\/#\/schema\/logo\/image\/","url":"https:\/\/adfinternational.org\/wp-content\/uploads\/2021\/08\/ADF_Intl_R_RGB_175px.png","contentUrl":"https:\/\/adfinternational.org\/wp-content\/uploads\/2021\/08\/ADF_Intl_R_RGB_175px.png","width":175,"height":106,"caption":"Alliance Defending Freedom International"},"image":{"@id":"https:\/\/adfinternational.org\/fr\/#\/schema\/logo\/image\/"},"sameAs":["https:\/\/facebook.com\/adfinternational","https:\/\/x.com\/adfintl","https:\/\/www.linkedin.com\/company\/adfinternational","https:\/\/www.instagram.com\/adfinternational\/"]},{"@type":"Person","@id":"https:\/\/adfinternational.org\/fr\/#\/schema\/person\/562895edc66d3f3793746e8761be9c4a","name":"Doris Liu","image":{"@type":"ImageObject","inLanguage":"fr-FR","@id":"https:\/\/adfinternational.org\/wp-content\/plugins\/one-user-avatar\/assets\/images\/wpua-96x96.png","url":"https:\/\/adfinternational.org\/wp-content\/plugins\/one-user-avatar\/assets\/images\/wpua-96x96.png","contentUrl":"https:\/\/adfinternational.org\/wp-content\/plugins\/one-user-avatar\/assets\/images\/wpua-96x96.png","caption":"Doris Liu"},"url":"https:\/\/adfinternational.org\/fr\/author\/dliuadfinternational-org"}]}},"_links":{"self":[{"href":"https:\/\/adfinternational.org\/fr\/wp-json\/wp\/v2\/posts\/39429","targetHints":{"allow":["GET"]}}],"collection":[{"href":"https:\/\/adfinternational.org\/fr\/wp-json\/wp\/v2\/posts"}],"about":[{"href":"https:\/\/adfinternational.org\/fr\/wp-json\/wp\/v2\/types\/post"}],"author":[{"embeddable":true,"href":"https:\/\/adfinternational.org\/fr\/wp-json\/wp\/v2\/users\/9"}],"replies":[{"embeddable":true,"href":"https:\/\/adfinternational.org\/fr\/wp-json\/wp\/v2\/comments?post=39429"}],"version-history":[{"count":0,"href":"https:\/\/adfinternational.org\/fr\/wp-json\/wp\/v2\/posts\/39429\/revisions"}],"wp:featuredmedia":[{"embeddable":true,"href":"https:\/\/adfinternational.org\/fr\/wp-json\/wp\/v2\/media\/38756"}],"wp:attachment":[{"href":"https:\/\/adfinternational.org\/fr\/wp-json\/wp\/v2\/media?parent=39429"}],"wp:term":[{"taxonomy":"category","embeddable":true,"href":"https:\/\/adfinternational.org\/fr\/wp-json\/wp\/v2\/categories?post=39429"},{"taxonomy":"post_tag","embeddable":true,"href":"https:\/\/adfinternational.org\/fr\/wp-json\/wp\/v2\/tags?post=39429"}],"curies":[{"name":"wp","href":"https:\/\/api.w.org\/{rel}","templated":true}]}}