{"id":39436,"date":"2021-07-26T18:15:00","date_gmt":"2021-07-26T16:15:00","guid":{"rendered":"https:\/\/www.adfinternational.fr\/?p=6856"},"modified":"2024-08-07T13:38:40","modified_gmt":"2024-08-07T12:38:40","slug":"les-candidats-chretiens-a-la-commission-interamericaine-des-droits-de-lhomme-ne-devraient-pas-subir-de-discrimination","status":"publish","type":"post","link":"https:\/\/adfinternational.org\/fr\/actualites\/les-candidats-chretiens-a-la-commission-interamericaine-des-droits-de-lhomme-ne-devraient-pas-subir-de-discrimination","title":{"rendered":"\u00ab Les candidats chr\u00e9tiens \u00e0 la Commission interam\u00e9ricaine des droits de l\u2019homme ne devraient pas subir de discrimination \u00bb"},"content":{"rendered":"\t\t<div data-elementor-type=\"wp-post\" data-elementor-id=\"39436\" class=\"elementor elementor-39436\" data-elementor-post-type=\"post\">\n\t\t\t\t\t\t<section class=\"elementor-section elementor-top-section elementor-element elementor-element-3dd59d92 elementor-section-boxed elementor-section-height-default elementor-section-height-default\" data-id=\"3dd59d92\" data-element_type=\"section\" data-e-type=\"section\">\n\t\t\t\t\t\t<div class=\"elementor-container elementor-column-gap-default\">\n\t\t\t\t\t<div class=\"elementor-column elementor-col-100 elementor-top-column elementor-element elementor-element-6b5bbd4f\" data-id=\"6b5bbd4f\" data-element_type=\"column\" data-e-type=\"column\">\n\t\t\t<div class=\"elementor-widget-wrap elementor-element-populated\">\n\t\t\t\t\t\t<div class=\"elementor-element elementor-element-1064b913 elementor-widget elementor-widget-text-editor\" data-id=\"1064b913\" data-element_type=\"widget\" data-e-type=\"widget\" data-widget_type=\"text-editor.default\">\n\t\t\t\t<div class=\"elementor-widget-container\">\n\t\t\t\t\t\t\t\t\t\n\n<ul>\n<li>Les d\u00e9fenseurs des droits de l\u2019homme demandent un traitement \u00e9quitable des candidats au poste de commissaire de la Commission interam\u00e9ricaine des droits de l\u2019homme.<\/li>\n<li>Un candidat chr\u00e9tien est confront\u00e9 \u00e0 un \u00ab pr\u00e9judice manifeste \u00bb de la part d\u2019un groupe autoproclam\u00e9 qui tente d\u2019influencer l\u2019\u00e9lection.<\/li>\n<\/ul>\n<p><strong>WASHINGTON DC<\/strong> (14 juin 2021) &#8211; Les personnes de confession religieuse sont-elles emp\u00each\u00e9es d\u2019\u00eatre \u00e9lues \u00e0 la Commission interam\u00e9ricaine des droits de l\u2019homme ? Une coalition d\u2019experts en droits de l\u2019homme et de d\u00e9fenseurs de la libert\u00e9 religieuse a fait part de son inqui\u00e9tude cette semaine. La coalition a publi\u00e9 une lettre ouverte aux \u00c9tats membres de l\u2019Organisation des \u00c9tats am\u00e9ricains demandant un processus d\u2019\u00e9lection \u00e9quitable pour les commissaires. Elle s\u2019inqui\u00e8te de la \u201cmani\u00e8re accusatoire et p\u00e9jorative \u00bb dont un groupe d\u2019observation \u00e9lectorale autoproclam\u00e9 a interrog\u00e9 un candidat sur ses croyances religieuses.<\/p>\n<p>\u00ab Personne ne devrait \u00eatre victime de discrimination en raison de sa foi. Les candidats chr\u00e9tiens \u00e0 la Commission interam\u00e9ricaine des droits de l\u2019homme ne devraient pas \u00eatre victimes de discrimination. L\u2019interrogatoire du groupe autoproclam\u00e9 de surveillance des \u00e9lections au sein du syst\u00e8me interam\u00e9ricain des droits de l\u2019homme concernant les opinions religieuses de Carlos Bernal \u00e9tait sans aucun doute biais\u00e9 et t\u00e9moignait d\u2019un pr\u00e9jug\u00e9 \u00e9vident \u00e0 l\u2019encontre des chr\u00e9tiens. L\u2019Organisation des \u00c9tats am\u00e9ricains ne doit pas cautionner les tentatives de discrimination \u00e0 l\u2019encontre des personnes croyantes. Ne pas condamner de telles tentatives minera la cr\u00e9dibilit\u00e9 et la confiance dans le syst\u00e8me interam\u00e9ricain des droits de l\u2019homme \u00bb, a d\u00e9clar\u00e9 Tom\u00e1s Henr\u00edquez, directeur du plaidoyer pour l\u2019Am\u00e9rique latine et les Cara\u00efbes d\u2019ADF International.<\/p>\n<p><strong>Pr\u00e9occupations concernant les questions biais\u00e9es dans le processus \u00e9lectoral<\/strong><\/p>\n<p>Depuis 2015, un groupe d\u2019ONG dirig\u00e9 par l\u2019Open Society Initiative a mis en place ce qu\u2019il pr\u00e9tend \u00eatre un groupe d\u2019experts ind\u00e9pendants pour surveiller l\u2019\u00e9lection des commissaires. Ils pr\u00e9tendent \u00e9valuer les candidats et donner leur recommandation aux \u00c9tats sur le fait qu\u2019ils pensent que le candidat doit \u00eatre \u00e9lu. Dans le cas de Carlos Bernal Pulido, concernant l\u2019\u00e9lection de novembre prochain, le panel a pris contact avec lui pour l\u2019interviewer. Apr\u00e8s avoir envoy\u00e9 les informations initiales qu\u2019ils ont demand\u00e9es, il a re\u00e7u des questions suppl\u00e9mentaires qui ont sem\u00e9 le doute sur son int\u00e9grit\u00e9 et sa capacit\u00e9 \u00e0 exercer la fonction de commissaire en raison de sa foi chr\u00e9tienne.<\/p>\n<p>La coalition a soulign\u00e9 la \u00ab mani\u00e8re accusatoire et p\u00e9jorative \u00bb de l\u2019enqu\u00eate du panel autoproclam\u00e9. Le panel avait envoy\u00e9 un questionnaire par courriel \u00e0 Bernal. Il lui demandait s\u2019il \u00e9tait \u00e9lu commissaire et s\u2019il \u00ab appliquerait ses croyances religieuses ou ses interpr\u00e9tations bibliques aux affaires qui lui sont soumises, plut\u00f4t que les sources de droit qui s\u2019av\u00e8rent \u00eatre applicables \u00bb. Le questionnaire demandait \u00e9galement \u00ab s\u2019il consid\u00e9rait que ses croyances religieuses \u00e9taient contraires \u00e0 toute source, norme ou interpr\u00e9tation en mati\u00e8re de droits de l\u2019homme ; ou si sa foi chr\u00e9tienne l\u2019amenait \u00e0 avoir des \u2018id\u00e9es pr\u00e9con\u00e7ues concernant&#8230; le r\u00f4le que les femmes et les personnes LGBTI devraient occuper dans la soci\u00e9t\u00e9\u2019 \u00bb (sic).<\/p>\n<p><strong>D\u2019autres candidats ont \u00e9t\u00e9 trait\u00e9s diff\u00e9remment<\/strong><\/p>\n<p>Dans la lettre ouverte, la coalition souligne que \u00ab les autres candidats n\u2019ont jamais \u00e9t\u00e9 invit\u00e9s \u00e0 dire s\u2019ils appliqueraient leurs croyances religieuses (ou autres) pour remplacer les sources de droit qui r\u00e9gissent le syst\u00e8me, et encore moins s\u2019ils ont des id\u00e9es pr\u00e9con\u00e7ues sur les groupes sociaux, tels que les communaut\u00e9s religieuses. \u00bb<\/p>\n<p>La coalition soutient que \u00ab l\u2019\u00e9valuation visant \u00e0 d\u00e9cider si Bernal si\u00e9gera \u00e0 la Commission interam\u00e9ricaine des droits de l\u2019homme ne peut et ne doit pas se fonder sur une remise en question de mauvaise foi de ses convictions religieuses, mais plut\u00f4t sur sa vaste carri\u00e8re judiciaire et universitaire, \u00e0 l\u2019\u00e9gard de laquelle le panel n\u2019avait aucune objection. \u00bb<\/p>\n<p><strong>\u00c9lections pr\u00e9vues en novembre<\/strong><\/p>\n<p>L\u2019\u00e9lection des nouveaux commissaires et juges de la Commission et de la Cour interam\u00e9ricaines aura lieu lors de l\u2019Assembl\u00e9e g\u00e9n\u00e9rale 2021 de l\u2019Organisation des \u00c9tats am\u00e9ricains au Guatemala. Initialement pr\u00e9vue en juin, elle a \u00e9t\u00e9 repouss\u00e9e \u00e0 novembre de cette ann\u00e9e. Les candidats aux postes ouverts font actuellement campagne pour obtenir le soutien des \u00c9tats membres.<\/p>\t\t\t\t\t\t\t\t<\/div>\n\t\t\t\t<\/div>\n\t\t\t\t\t<\/div>\n\t\t<\/div>\n\t\t\t\t\t<\/div>\n\t\t<\/section>\n\t\t\t\t<\/div>\n\t\t","protected":false},"excerpt":{"rendered":"<p>Les personnes de confession religieuse sont-elles emp\u00each\u00e9es d\u2019\u00eatre \u00e9lues \u00e0 la Commission interam\u00e9ricaine des droits de l\u2019homme ? <\/p>\n","protected":false},"author":5,"featured_media":37101,"comment_status":"closed","ping_status":"closed","sticky":false,"template":"","format":"standard","meta":{"_acf_changed":false,"give_campaign_id":0,"footnotes":""},"categories":[1031],"tags":[1032],"class_list":["post-39436","post","type-post","status-publish","format-standard","has-post-thumbnail","hentry","category-actualites","tag-fr"],"acf":[],"yoast_head":"<!-- This site is optimized with the Yoast SEO Premium plugin v27.5 (Yoast SEO v27.5) - https:\/\/yoast.com\/product\/yoast-seo-premium-wordpress\/ -->\n<title>\u00ab Les candidats chr\u00e9tiens \u00e0 la Commission interam\u00e9ricaine des droits de l\u2019homme ne devraient pas subir de discrimination \u00bb - ADF International<\/title>\n<meta name=\"description\" content=\"Les personnes de confession religieuse sont-elles emp\u00each\u00e9es d\u2019\u00eatre \u00e9lues \u00e0 la Commission interam\u00e9ricaine des droits de l\u2019homme ?\" \/>\n<meta name=\"robots\" content=\"index, follow, max-snippet:-1, max-image-preview:large, max-video-preview:-1\" \/>\n<link rel=\"canonical\" href=\"https:\/\/adfinternational.org\/fr\/actualites\/les-candidats-chretiens-a-la-commission-interamericaine-des-droits-de-lhomme-ne-devraient-pas-subir-de-discrimination\" \/>\n<meta property=\"og:locale\" content=\"fr_FR\" \/>\n<meta property=\"og:type\" content=\"article\" \/>\n<meta property=\"og:title\" content=\"\u00ab Les candidats chr\u00e9tiens \u00e0 la Commission interam\u00e9ricaine des droits de l\u2019homme ne devraient pas subir de discrimination \u00bb\" \/>\n<meta property=\"og:description\" content=\"Les personnes de confession religieuse sont-elles emp\u00each\u00e9es d\u2019\u00eatre \u00e9lues \u00e0 la Commission interam\u00e9ricaine des droits de l\u2019homme ?\" \/>\n<meta property=\"og:url\" content=\"https:\/\/adfinternational.org\/fr\/actualites\/les-candidats-chretiens-a-la-commission-interamericaine-des-droits-de-lhomme-ne-devraient-pas-subir-de-discrimination\" \/>\n<meta property=\"og:site_name\" content=\"ADF International\" \/>\n<meta property=\"article:publisher\" content=\"https:\/\/facebook.com\/adfinternational\" \/>\n<meta property=\"article:published_time\" content=\"2021-07-26T16:15:00+00:00\" \/>\n<meta property=\"article:modified_time\" content=\"2024-08-07T12:38:40+00:00\" \/>\n<meta property=\"og:image\" content=\"https:\/\/adfinternational.org\/wp-content\/uploads\/2024\/01\/bannnerOAS.jpg\" \/>\n\t<meta property=\"og:image:width\" content=\"2000\" \/>\n\t<meta property=\"og:image:height\" content=\"885\" \/>\n\t<meta property=\"og:image:type\" content=\"image\/jpeg\" \/>\n<meta name=\"author\" content=\"Sofia H\u00f6rder\" \/>\n<meta name=\"twitter:card\" content=\"summary_large_image\" \/>\n<meta name=\"twitter:creator\" content=\"@adfintl\" \/>\n<meta name=\"twitter:site\" content=\"@adfintl\" \/>\n<meta name=\"twitter:label1\" content=\"\u00c9crit par\" \/>\n\t<meta name=\"twitter:data1\" content=\"Sofia H\u00f6rder\" \/>\n\t<meta name=\"twitter:label2\" content=\"Dur\u00e9e de lecture estim\u00e9e\" \/>\n\t<meta name=\"twitter:data2\" content=\"4 minutes\" \/>\n<script type=\"application\/ld+json\" class=\"yoast-schema-graph\">{\"@context\":\"https:\\\/\\\/schema.org\",\"@graph\":[{\"@type\":\"Article\",\"@id\":\"https:\\\/\\\/adfinternational.org\\\/fr\\\/actualites\\\/les-candidats-chretiens-a-la-commission-interamericaine-des-droits-de-lhomme-ne-devraient-pas-subir-de-discrimination#article\",\"isPartOf\":{\"@id\":\"https:\\\/\\\/adfinternational.org\\\/fr\\\/actualites\\\/les-candidats-chretiens-a-la-commission-interamericaine-des-droits-de-lhomme-ne-devraient-pas-subir-de-discrimination\"},\"author\":{\"name\":\"Sofia H\u00f6rder\",\"@id\":\"https:\\\/\\\/adfinternational.org\\\/fr\\\/#\\\/schema\\\/person\\\/c13f32fa9b7e58ae9e452d20934efb27\"},\"headline\":\"\u00ab Les candidats chr\u00e9tiens \u00e0 la Commission interam\u00e9ricaine des droits de l\u2019homme ne devraient pas subir de discrimination \u00bb\",\"datePublished\":\"2021-07-26T16:15:00+00:00\",\"dateModified\":\"2024-08-07T12:38:40+00:00\",\"mainEntityOfPage\":{\"@id\":\"https:\\\/\\\/adfinternational.org\\\/fr\\\/actualites\\\/les-candidats-chretiens-a-la-commission-interamericaine-des-droits-de-lhomme-ne-devraient-pas-subir-de-discrimination\"},\"wordCount\":781,\"publisher\":{\"@id\":\"https:\\\/\\\/adfinternational.org\\\/fr\\\/#organization\"},\"image\":{\"@id\":\"https:\\\/\\\/adfinternational.org\\\/fr\\\/actualites\\\/les-candidats-chretiens-a-la-commission-interamericaine-des-droits-de-lhomme-ne-devraient-pas-subir-de-discrimination#primaryimage\"},\"thumbnailUrl\":\"https:\\\/\\\/adfinternational.org\\\/wp-content\\\/uploads\\\/2024\\\/01\\\/bannnerOAS.jpg\",\"keywords\":[\"FR\"],\"articleSection\":[\"Actualit\u00e9s\"],\"inLanguage\":\"fr-FR\"},{\"@type\":\"WebPage\",\"@id\":\"https:\\\/\\\/adfinternational.org\\\/fr\\\/actualites\\\/les-candidats-chretiens-a-la-commission-interamericaine-des-droits-de-lhomme-ne-devraient-pas-subir-de-discrimination\",\"url\":\"https:\\\/\\\/adfinternational.org\\\/fr\\\/actualites\\\/les-candidats-chretiens-a-la-commission-interamericaine-des-droits-de-lhomme-ne-devraient-pas-subir-de-discrimination\",\"name\":\"\u00ab Les candidats chr\u00e9tiens \u00e0 la Commission interam\u00e9ricaine des droits de l\u2019homme ne devraient pas subir de discrimination \u00bb - ADF International\",\"isPartOf\":{\"@id\":\"https:\\\/\\\/adfinternational.org\\\/fr\\\/#website\"},\"primaryImageOfPage\":{\"@id\":\"https:\\\/\\\/adfinternational.org\\\/fr\\\/actualites\\\/les-candidats-chretiens-a-la-commission-interamericaine-des-droits-de-lhomme-ne-devraient-pas-subir-de-discrimination#primaryimage\"},\"image\":{\"@id\":\"https:\\\/\\\/adfinternational.org\\\/fr\\\/actualites\\\/les-candidats-chretiens-a-la-commission-interamericaine-des-droits-de-lhomme-ne-devraient-pas-subir-de-discrimination#primaryimage\"},\"thumbnailUrl\":\"https:\\\/\\\/adfinternational.org\\\/wp-content\\\/uploads\\\/2024\\\/01\\\/bannnerOAS.jpg\",\"datePublished\":\"2021-07-26T16:15:00+00:00\",\"dateModified\":\"2024-08-07T12:38:40+00:00\",\"description\":\"Les personnes de confession religieuse sont-elles emp\u00each\u00e9es d\u2019\u00eatre \u00e9lues \u00e0 la Commission interam\u00e9ricaine des droits de l\u2019homme ?\",\"breadcrumb\":{\"@id\":\"https:\\\/\\\/adfinternational.org\\\/fr\\\/actualites\\\/les-candidats-chretiens-a-la-commission-interamericaine-des-droits-de-lhomme-ne-devraient-pas-subir-de-discrimination#breadcrumb\"},\"inLanguage\":\"fr-FR\",\"potentialAction\":[{\"@type\":\"ReadAction\",\"target\":[\"https:\\\/\\\/adfinternational.org\\\/fr\\\/actualites\\\/les-candidats-chretiens-a-la-commission-interamericaine-des-droits-de-lhomme-ne-devraient-pas-subir-de-discrimination\"]}]},{\"@type\":\"ImageObject\",\"inLanguage\":\"fr-FR\",\"@id\":\"https:\\\/\\\/adfinternational.org\\\/fr\\\/actualites\\\/les-candidats-chretiens-a-la-commission-interamericaine-des-droits-de-lhomme-ne-devraient-pas-subir-de-discrimination#primaryimage\",\"url\":\"https:\\\/\\\/adfinternational.org\\\/wp-content\\\/uploads\\\/2024\\\/01\\\/bannnerOAS.jpg\",\"contentUrl\":\"https:\\\/\\\/adfinternational.org\\\/wp-content\\\/uploads\\\/2024\\\/01\\\/bannnerOAS.jpg\",\"width\":2000,\"height\":885},{\"@type\":\"BreadcrumbList\",\"@id\":\"https:\\\/\\\/adfinternational.org\\\/fr\\\/actualites\\\/les-candidats-chretiens-a-la-commission-interamericaine-des-droits-de-lhomme-ne-devraient-pas-subir-de-discrimination#breadcrumb\",\"itemListElement\":[{\"@type\":\"ListItem\",\"position\":1,\"name\":\"Home\",\"item\":\"https:\\\/\\\/adfinternational.org\\\/fr\"},{\"@type\":\"ListItem\",\"position\":2,\"name\":\"\u00ab Les candidats chr\u00e9tiens \u00e0 la Commission interam\u00e9ricaine des droits de l\u2019homme ne devraient pas subir de discrimination \u00bb\"}]},{\"@type\":\"WebSite\",\"@id\":\"https:\\\/\\\/adfinternational.org\\\/fr\\\/#website\",\"url\":\"https:\\\/\\\/adfinternational.org\\\/fr\\\/\",\"name\":\"ADF International\",\"description\":\"Protecting Fundamental Freedoms. Promoting Inherent Dignity.\",\"publisher\":{\"@id\":\"https:\\\/\\\/adfinternational.org\\\/fr\\\/#organization\"},\"potentialAction\":[{\"@type\":\"SearchAction\",\"target\":{\"@type\":\"EntryPoint\",\"urlTemplate\":\"https:\\\/\\\/adfinternational.org\\\/fr\\\/?s={search_term_string}\"},\"query-input\":{\"@type\":\"PropertyValueSpecification\",\"valueRequired\":true,\"valueName\":\"search_term_string\"}}],\"inLanguage\":\"fr-FR\"},{\"@type\":\"Organization\",\"@id\":\"https:\\\/\\\/adfinternational.org\\\/fr\\\/#organization\",\"name\":\"Alliance Defending Freedom International\",\"url\":\"https:\\\/\\\/adfinternational.org\\\/fr\\\/\",\"logo\":{\"@type\":\"ImageObject\",\"inLanguage\":\"fr-FR\",\"@id\":\"https:\\\/\\\/adfinternational.org\\\/fr\\\/#\\\/schema\\\/logo\\\/image\\\/\",\"url\":\"https:\\\/\\\/adfinternational.org\\\/wp-content\\\/uploads\\\/2021\\\/08\\\/ADF_Intl_R_RGB_175px.png\",\"contentUrl\":\"https:\\\/\\\/adfinternational.org\\\/wp-content\\\/uploads\\\/2021\\\/08\\\/ADF_Intl_R_RGB_175px.png\",\"width\":175,\"height\":106,\"caption\":\"Alliance Defending Freedom International\"},\"image\":{\"@id\":\"https:\\\/\\\/adfinternational.org\\\/fr\\\/#\\\/schema\\\/logo\\\/image\\\/\"},\"sameAs\":[\"https:\\\/\\\/facebook.com\\\/adfinternational\",\"https:\\\/\\\/x.com\\\/adfintl\",\"https:\\\/\\\/www.linkedin.com\\\/company\\\/adfinternational\",\"https:\\\/\\\/www.instagram.com\\\/adfinternational\\\/\"]},{\"@type\":\"Person\",\"@id\":\"https:\\\/\\\/adfinternational.org\\\/fr\\\/#\\\/schema\\\/person\\\/c13f32fa9b7e58ae9e452d20934efb27\",\"name\":\"Sofia H\u00f6rder\",\"image\":{\"@type\":\"ImageObject\",\"inLanguage\":\"fr-FR\",\"@id\":\"https:\\\/\\\/adfinternational.org\\\/wp-content\\\/uploads\\\/2021\\\/05\\\/Sofia-150x150.jpg\",\"url\":\"https:\\\/\\\/adfinternational.org\\\/wp-content\\\/uploads\\\/2021\\\/05\\\/Sofia-150x150.jpg\",\"contentUrl\":\"https:\\\/\\\/adfinternational.org\\\/wp-content\\\/uploads\\\/2021\\\/05\\\/Sofia-150x150.jpg\",\"caption\":\"Sofia H\u00f6rder\"},\"url\":\"https:\\\/\\\/adfinternational.org\\\/fr\\\/author\\\/shoerder\"}]}<\/script>\n<!-- \/ Yoast SEO Premium plugin. -->","yoast_head_json":{"title":"\u00ab Les candidats chr\u00e9tiens \u00e0 la Commission interam\u00e9ricaine des droits de l\u2019homme ne devraient pas subir de discrimination \u00bb - ADF International","description":"Les personnes de confession religieuse sont-elles emp\u00each\u00e9es d\u2019\u00eatre \u00e9lues \u00e0 la Commission interam\u00e9ricaine des droits de l\u2019homme ?","robots":{"index":"index","follow":"follow","max-snippet":"max-snippet:-1","max-image-preview":"max-image-preview:large","max-video-preview":"max-video-preview:-1"},"canonical":"https:\/\/adfinternational.org\/fr\/actualites\/les-candidats-chretiens-a-la-commission-interamericaine-des-droits-de-lhomme-ne-devraient-pas-subir-de-discrimination","og_locale":"fr_FR","og_type":"article","og_title":"\u00ab Les candidats chr\u00e9tiens \u00e0 la Commission interam\u00e9ricaine des droits de l\u2019homme ne devraient pas subir de discrimination \u00bb","og_description":"Les personnes de confession religieuse sont-elles emp\u00each\u00e9es d\u2019\u00eatre \u00e9lues \u00e0 la Commission interam\u00e9ricaine des droits de l\u2019homme ?","og_url":"https:\/\/adfinternational.org\/fr\/actualites\/les-candidats-chretiens-a-la-commission-interamericaine-des-droits-de-lhomme-ne-devraient-pas-subir-de-discrimination","og_site_name":"ADF International","article_publisher":"https:\/\/facebook.com\/adfinternational","article_published_time":"2021-07-26T16:15:00+00:00","article_modified_time":"2024-08-07T12:38:40+00:00","og_image":[{"width":2000,"height":885,"url":"https:\/\/adfinternational.org\/wp-content\/uploads\/2024\/01\/bannnerOAS.jpg","type":"image\/jpeg"}],"author":"Sofia H\u00f6rder","twitter_card":"summary_large_image","twitter_creator":"@adfintl","twitter_site":"@adfintl","twitter_misc":{"\u00c9crit par":"Sofia H\u00f6rder","Dur\u00e9e de lecture estim\u00e9e":"4 minutes"},"schema":{"@context":"https:\/\/schema.org","@graph":[{"@type":"Article","@id":"https:\/\/adfinternational.org\/fr\/actualites\/les-candidats-chretiens-a-la-commission-interamericaine-des-droits-de-lhomme-ne-devraient-pas-subir-de-discrimination#article","isPartOf":{"@id":"https:\/\/adfinternational.org\/fr\/actualites\/les-candidats-chretiens-a-la-commission-interamericaine-des-droits-de-lhomme-ne-devraient-pas-subir-de-discrimination"},"author":{"name":"Sofia H\u00f6rder","@id":"https:\/\/adfinternational.org\/fr\/#\/schema\/person\/c13f32fa9b7e58ae9e452d20934efb27"},"headline":"\u00ab Les candidats chr\u00e9tiens \u00e0 la Commission interam\u00e9ricaine des droits de l\u2019homme ne devraient pas subir de discrimination \u00bb","datePublished":"2021-07-26T16:15:00+00:00","dateModified":"2024-08-07T12:38:40+00:00","mainEntityOfPage":{"@id":"https:\/\/adfinternational.org\/fr\/actualites\/les-candidats-chretiens-a-la-commission-interamericaine-des-droits-de-lhomme-ne-devraient-pas-subir-de-discrimination"},"wordCount":781,"publisher":{"@id":"https:\/\/adfinternational.org\/fr\/#organization"},"image":{"@id":"https:\/\/adfinternational.org\/fr\/actualites\/les-candidats-chretiens-a-la-commission-interamericaine-des-droits-de-lhomme-ne-devraient-pas-subir-de-discrimination#primaryimage"},"thumbnailUrl":"https:\/\/adfinternational.org\/wp-content\/uploads\/2024\/01\/bannnerOAS.jpg","keywords":["FR"],"articleSection":["Actualit\u00e9s"],"inLanguage":"fr-FR"},{"@type":"WebPage","@id":"https:\/\/adfinternational.org\/fr\/actualites\/les-candidats-chretiens-a-la-commission-interamericaine-des-droits-de-lhomme-ne-devraient-pas-subir-de-discrimination","url":"https:\/\/adfinternational.org\/fr\/actualites\/les-candidats-chretiens-a-la-commission-interamericaine-des-droits-de-lhomme-ne-devraient-pas-subir-de-discrimination","name":"\u00ab Les candidats chr\u00e9tiens \u00e0 la Commission interam\u00e9ricaine des droits de l\u2019homme ne devraient pas subir de discrimination \u00bb - ADF International","isPartOf":{"@id":"https:\/\/adfinternational.org\/fr\/#website"},"primaryImageOfPage":{"@id":"https:\/\/adfinternational.org\/fr\/actualites\/les-candidats-chretiens-a-la-commission-interamericaine-des-droits-de-lhomme-ne-devraient-pas-subir-de-discrimination#primaryimage"},"image":{"@id":"https:\/\/adfinternational.org\/fr\/actualites\/les-candidats-chretiens-a-la-commission-interamericaine-des-droits-de-lhomme-ne-devraient-pas-subir-de-discrimination#primaryimage"},"thumbnailUrl":"https:\/\/adfinternational.org\/wp-content\/uploads\/2024\/01\/bannnerOAS.jpg","datePublished":"2021-07-26T16:15:00+00:00","dateModified":"2024-08-07T12:38:40+00:00","description":"Les personnes de confession religieuse sont-elles emp\u00each\u00e9es d\u2019\u00eatre \u00e9lues \u00e0 la Commission interam\u00e9ricaine des droits de l\u2019homme ?","breadcrumb":{"@id":"https:\/\/adfinternational.org\/fr\/actualites\/les-candidats-chretiens-a-la-commission-interamericaine-des-droits-de-lhomme-ne-devraient-pas-subir-de-discrimination#breadcrumb"},"inLanguage":"fr-FR","potentialAction":[{"@type":"ReadAction","target":["https:\/\/adfinternational.org\/fr\/actualites\/les-candidats-chretiens-a-la-commission-interamericaine-des-droits-de-lhomme-ne-devraient-pas-subir-de-discrimination"]}]},{"@type":"ImageObject","inLanguage":"fr-FR","@id":"https:\/\/adfinternational.org\/fr\/actualites\/les-candidats-chretiens-a-la-commission-interamericaine-des-droits-de-lhomme-ne-devraient-pas-subir-de-discrimination#primaryimage","url":"https:\/\/adfinternational.org\/wp-content\/uploads\/2024\/01\/bannnerOAS.jpg","contentUrl":"https:\/\/adfinternational.org\/wp-content\/uploads\/2024\/01\/bannnerOAS.jpg","width":2000,"height":885},{"@type":"BreadcrumbList","@id":"https:\/\/adfinternational.org\/fr\/actualites\/les-candidats-chretiens-a-la-commission-interamericaine-des-droits-de-lhomme-ne-devraient-pas-subir-de-discrimination#breadcrumb","itemListElement":[{"@type":"ListItem","position":1,"name":"Home","item":"https:\/\/adfinternational.org\/fr"},{"@type":"ListItem","position":2,"name":"\u00ab Les candidats chr\u00e9tiens \u00e0 la Commission interam\u00e9ricaine des droits de l\u2019homme ne devraient pas subir de discrimination \u00bb"}]},{"@type":"WebSite","@id":"https:\/\/adfinternational.org\/fr\/#website","url":"https:\/\/adfinternational.org\/fr\/","name":"ADF International","description":"Protecting Fundamental Freedoms. Promoting Inherent Dignity.","publisher":{"@id":"https:\/\/adfinternational.org\/fr\/#organization"},"potentialAction":[{"@type":"SearchAction","target":{"@type":"EntryPoint","urlTemplate":"https:\/\/adfinternational.org\/fr\/?s={search_term_string}"},"query-input":{"@type":"PropertyValueSpecification","valueRequired":true,"valueName":"search_term_string"}}],"inLanguage":"fr-FR"},{"@type":"Organization","@id":"https:\/\/adfinternational.org\/fr\/#organization","name":"Alliance Defending Freedom International","url":"https:\/\/adfinternational.org\/fr\/","logo":{"@type":"ImageObject","inLanguage":"fr-FR","@id":"https:\/\/adfinternational.org\/fr\/#\/schema\/logo\/image\/","url":"https:\/\/adfinternational.org\/wp-content\/uploads\/2021\/08\/ADF_Intl_R_RGB_175px.png","contentUrl":"https:\/\/adfinternational.org\/wp-content\/uploads\/2021\/08\/ADF_Intl_R_RGB_175px.png","width":175,"height":106,"caption":"Alliance Defending Freedom International"},"image":{"@id":"https:\/\/adfinternational.org\/fr\/#\/schema\/logo\/image\/"},"sameAs":["https:\/\/facebook.com\/adfinternational","https:\/\/x.com\/adfintl","https:\/\/www.linkedin.com\/company\/adfinternational","https:\/\/www.instagram.com\/adfinternational\/"]},{"@type":"Person","@id":"https:\/\/adfinternational.org\/fr\/#\/schema\/person\/c13f32fa9b7e58ae9e452d20934efb27","name":"Sofia H\u00f6rder","image":{"@type":"ImageObject","inLanguage":"fr-FR","@id":"https:\/\/adfinternational.org\/wp-content\/uploads\/2021\/05\/Sofia-150x150.jpg","url":"https:\/\/adfinternational.org\/wp-content\/uploads\/2021\/05\/Sofia-150x150.jpg","contentUrl":"https:\/\/adfinternational.org\/wp-content\/uploads\/2021\/05\/Sofia-150x150.jpg","caption":"Sofia H\u00f6rder"},"url":"https:\/\/adfinternational.org\/fr\/author\/shoerder"}]}},"_links":{"self":[{"href":"https:\/\/adfinternational.org\/fr\/wp-json\/wp\/v2\/posts\/39436","targetHints":{"allow":["GET"]}}],"collection":[{"href":"https:\/\/adfinternational.org\/fr\/wp-json\/wp\/v2\/posts"}],"about":[{"href":"https:\/\/adfinternational.org\/fr\/wp-json\/wp\/v2\/types\/post"}],"author":[{"embeddable":true,"href":"https:\/\/adfinternational.org\/fr\/wp-json\/wp\/v2\/users\/5"}],"replies":[{"embeddable":true,"href":"https:\/\/adfinternational.org\/fr\/wp-json\/wp\/v2\/comments?post=39436"}],"version-history":[{"count":0,"href":"https:\/\/adfinternational.org\/fr\/wp-json\/wp\/v2\/posts\/39436\/revisions"}],"wp:featuredmedia":[{"embeddable":true,"href":"https:\/\/adfinternational.org\/fr\/wp-json\/wp\/v2\/media\/37101"}],"wp:attachment":[{"href":"https:\/\/adfinternational.org\/fr\/wp-json\/wp\/v2\/media?parent=39436"}],"wp:term":[{"taxonomy":"category","embeddable":true,"href":"https:\/\/adfinternational.org\/fr\/wp-json\/wp\/v2\/categories?post=39436"},{"taxonomy":"post_tag","embeddable":true,"href":"https:\/\/adfinternational.org\/fr\/wp-json\/wp\/v2\/tags?post=39436"}],"curies":[{"name":"wp","href":"https:\/\/api.w.org\/{rel}","templated":true}]}}