{"id":6797,"date":"2021-03-26T10:35:17","date_gmt":"2021-03-26T08:35:17","guid":{"rendered":"https:\/\/www.adfinternational.fr\/?p=6797"},"modified":"2024-07-31T15:26:25","modified_gmt":"2024-07-31T14:26:25","slug":"la-cour-supreme-du-chili-juge-linterdiction-du-culte-discriminatoire","status":"publish","type":"post","link":"https:\/\/adfinternational.org\/fr\/actualites\/la-cour-supreme-du-chili-juge-linterdiction-du-culte-discriminatoire","title":{"rendered":"La Cour supr\u00eame du Chili juge l\u2019interdiction du culte discriminatoire"},"content":{"rendered":"\t\t<div data-elementor-type=\"wp-post\" data-elementor-id=\"6797\" class=\"elementor elementor-6797\" data-elementor-post-type=\"post\">\n\t\t\t\t\t\t<section class=\"elementor-section elementor-top-section elementor-element elementor-element-4714776d elementor-section-boxed elementor-section-height-default elementor-section-height-default\" data-id=\"4714776d\" data-element_type=\"section\" data-e-type=\"section\">\n\t\t\t\t\t\t<div class=\"elementor-container elementor-column-gap-default\">\n\t\t\t\t\t<div class=\"elementor-column elementor-col-100 elementor-top-column elementor-element elementor-element-4dacbfe0\" data-id=\"4dacbfe0\" data-element_type=\"column\" data-e-type=\"column\">\n\t\t\t<div class=\"elementor-widget-wrap elementor-element-populated\">\n\t\t\t\t\t\t<div class=\"elementor-element elementor-element-4a685a4e elementor-widget elementor-widget-text-editor\" data-id=\"4a685a4e\" data-element_type=\"widget\" data-e-type=\"widget\" data-widget_type=\"text-editor.default\">\n\t\t\t\t<div class=\"elementor-widget-container\">\n\t\t\t\t\t\t\t\t\t<ul>\n<li>Les juges d\u00e9clarent \u00e0 l\u2019unanimit\u00e9 que les restrictions COVID-19 ont \u00e9t\u00e9 appliqu\u00e9es de mani\u00e8re discriminatoire \u00e0 l\u2019encontre des fid\u00e8les.<\/li>\n<li>Le droit de culte doit \u00eatre respect\u00e9 dans le cadre de toute fermeture ult\u00e9rieure.<\/li>\n<\/ul>\n<p><strong>SANTIAGO DE CHILE<\/strong> (26 mars 2021) &#8211; Le 25 mars, la Cour supr\u00eame du Chili a jug\u00e9 \u00e0 l\u2019unanimit\u00e9 que les restrictions COVID-19 ont \u00e9t\u00e9 appliqu\u00e9es de mani\u00e8re discriminatoire contre les croyants. Cette d\u00e9cision historique intervient \u00e0 la veille de la Semaine sainte et reconna\u00eet que la libert\u00e9 de religion ne peut \u00eatre simplement suspendue. La Cour devrait ordonner au gouvernement de modifier ses r\u00e8glements discriminatoires.<\/p><p>\nADF International a soutenu l\u2019organisation juridique Comunidad y Justicia, qui a d\u00e9pos\u00e9 des recours juridiques dans toutes les juridictions du Chili. Ils ont remis en question la constitutionnalit\u00e9 des restrictions du gouvernement, qui emp\u00eachent les croyants d\u2019exercer pleinement leur droit \u00e0 la libert\u00e9 de culte.<br>\n\u00ab Les croyants peuvent se r\u00e9jouir. Ils ont d\u00e9sormais l\u2019assurance que leur droit d\u2019exercer librement leur foi sera prot\u00e9g\u00e9. La Cour a pr\u00e9cis\u00e9 que la libert\u00e9 de pratiquer son culte en personne est un droit fondamental, digne de la plus haute protection, et qu\u2019elle ne peut \u00eatre refus\u00e9e. L\u2019\u00c9glise a tant \u00e0 offrir \u00e0 la soci\u00e9t\u00e9 en ces temps de deuil et de souffrance, et le peuple chilien ne devrait pas se voir refuser l\u2019acc\u00e8s aux c\u00e9r\u00e9monies religieuses. Nous sommes encourag\u00e9s par la d\u00e9cision unanime de la Cour supr\u00eame, qui contribuera \u00e0 prot\u00e9ger ce droit fondamental au Chili pour les ann\u00e9es \u00e0 venir \u00bb, a d\u00e9clar\u00e9 Tom\u00e1s Henr\u00edquez, avocat chilien et directeur du plaidoyer pour l\u2019Am\u00e9rique latine et les Cara\u00efbes d\u2019ADF International.<br>\n\u00ab Comunidad y Justicia a d\u00e9pos\u00e9 ces recours en justice pour s\u2019assurer que les personnes croyantes ne soient plus emp\u00each\u00e9es arbitrairement et ill\u00e9galement de vivre leurs croyances. Pour les catholiques, assister \u00e0 la messe en personne et recevoir l\u2019Eucharistie sont des expressions essentielles de leur foi. La d\u00e9cision de la Cour supr\u00eame contribue \u00e0 la reconnaissance effective d\u2019un droit essentiel qui ne peut \u00eatre suspendu. La libert\u00e9 de religion doit \u00eatre prot\u00e9g\u00e9e et promue par l\u2019\u00c9tat comme une condition indispensable \u00e0 la r\u00e9alisation du bien commun \u00bb, a d\u00e9clar\u00e9 Alvaro Ferrer, directeur ex\u00e9cutif de Comunidad y Justicia.<\/p>\n<p><strong>L\u2019Am\u00e9rique latine doit r\u00e9pondre \u00e0 de nouveaux enjeux en mati\u00e8re de libert\u00e9 religieuse<\/strong><\/p><p>\nL\u2019Am\u00e9rique latine est \u00e9galement confront\u00e9e \u00e0 de nouveaux enjeux en mati\u00e8re de libert\u00e9 de religion. Dans l\u2019affaire Pavez contre Chili, la Cour interam\u00e9ricaine des droits de l\u2019homme rendra bient\u00f4t un arr\u00eat historique susceptible d\u2019avoir un impact sur 35 pays am\u00e9ricains. La Cour d\u00e9terminera si les \u00e9coles catholiques, juives, musulmanes, \u00e9vang\u00e9liques ou toute autre \u00e9cole confessionnelle peuvent s\u2019assurer que les personnes d\u00e9sign\u00e9es pour enseigner la foi vivent conform\u00e9ment \u00e0 ce qu\u2019elles enseignent. La Cour d\u00e9cidera si le droit des parents de d\u00e9cider de l\u2019\u00e9ducation religieuse de leurs enfants sera respect\u00e9. En savoir plus sur notre campagne Religi\u00f3n Libre.<\/p><p>\n\u00ab Les parents, et les communaut\u00e9s religieuses auxquelles ils appartiennent, doivent \u00eatre libres de transmettre leur foi \u00e0 leurs enfants et de d\u00e9cider qui l\u2019enseignera en leur nom. Le droit international prot\u00e8ge clairement l\u2019autonomie des communaut\u00e9s religieuses. L\u2019\u00c9glise joue un r\u00f4le important dans la soci\u00e9t\u00e9, et la soci\u00e9t\u00e9 b\u00e9n\u00e9ficie de communaut\u00e9s religieuses fortes et autonomes \u00bb, a d\u00e9clar\u00e9 Tom\u00e1s Henr\u00edquez.<\/p>\t\t\t\t\t\t\t\t<\/div>\n\t\t\t\t<\/div>\n\t\t\t\t\t<\/div>\n\t\t<\/div>\n\t\t\t\t\t<\/div>\n\t\t<\/section>\n\t\t\t\t<\/div>\n\t\t","protected":false},"excerpt":{"rendered":"<p>Le 25 mars, la Cour supr\u00eame du Chili a jug\u00e9 \u00e0 l\u2019unanimit\u00e9 que les restrictions COVID-19 ont \u00e9t\u00e9 appliqu\u00e9es de mani\u00e8re discriminatoire contre les croyants. <\/p>\n","protected":false},"author":44,"featured_media":10696,"comment_status":"closed","ping_status":"closed","sticky":false,"template":"","format":"standard","meta":{"_acf_changed":false,"give_campaign_id":0,"footnotes":""},"categories":[1031],"tags":[1032],"class_list":["post-6797","post","type-post","status-publish","format-standard","has-post-thumbnail","hentry","category-actualites","tag-fr"],"acf":[],"yoast_head":"<!-- This site is optimized with the Yoast SEO Premium plugin v27.5 (Yoast SEO v27.5) - https:\/\/yoast.com\/product\/yoast-seo-premium-wordpress\/ -->\n<title>La Cour supr\u00eame du Chili juge l\u2019interdiction du culte discriminatoire - ADF International<\/title>\n<meta name=\"robots\" content=\"index, follow, max-snippet:-1, max-image-preview:large, max-video-preview:-1\" \/>\n<link rel=\"canonical\" href=\"https:\/\/adfinternational.org\/fr\/actualites\/la-cour-supreme-du-chili-juge-linterdiction-du-culte-discriminatoire\" \/>\n<meta property=\"og:locale\" content=\"fr_FR\" \/>\n<meta property=\"og:type\" content=\"article\" \/>\n<meta property=\"og:title\" content=\"La Cour supr\u00eame du Chili juge l\u2019interdiction du culte discriminatoire\" \/>\n<meta property=\"og:description\" content=\"Le 25 mars, la Cour supr\u00eame du Chili a jug\u00e9 \u00e0 l\u2019unanimit\u00e9 que les restrictions COVID-19 ont \u00e9t\u00e9 appliqu\u00e9es de mani\u00e8re discriminatoire contre les croyants.\" \/>\n<meta property=\"og:url\" content=\"https:\/\/adfinternational.org\/fr\/actualites\/la-cour-supreme-du-chili-juge-linterdiction-du-culte-discriminatoire\" \/>\n<meta property=\"og:site_name\" content=\"ADF International\" \/>\n<meta property=\"article:publisher\" content=\"https:\/\/facebook.com\/adfinternational\" \/>\n<meta property=\"article:published_time\" content=\"2021-03-26T08:35:17+00:00\" \/>\n<meta property=\"article:modified_time\" content=\"2024-07-31T14:26:25+00:00\" \/>\n<meta property=\"og:image\" content=\"https:\/\/adfinternational.org\/wp-content\/uploads\/2021\/06\/20210310_ADF_alliance_alert_web-e1623146166814.jpg\" \/>\n\t<meta property=\"og:image:width\" content=\"1324\" \/>\n\t<meta property=\"og:image:height\" content=\"881\" \/>\n\t<meta property=\"og:image:type\" content=\"image\/jpeg\" \/>\n<meta name=\"author\" content=\"Philipp Bues\" \/>\n<meta name=\"twitter:card\" content=\"summary_large_image\" \/>\n<meta name=\"twitter:creator\" content=\"@adfintl\" \/>\n<meta name=\"twitter:site\" content=\"@adfintl\" \/>\n<meta name=\"twitter:label1\" content=\"\u00c9crit par\" \/>\n\t<meta name=\"twitter:data1\" content=\"Philipp Bues\" \/>\n\t<meta name=\"twitter:label2\" content=\"Dur\u00e9e de lecture estim\u00e9e\" \/>\n\t<meta name=\"twitter:data2\" content=\"3 minutes\" \/>\n<script type=\"application\/ld+json\" class=\"yoast-schema-graph\">{\"@context\":\"https:\\\/\\\/schema.org\",\"@graph\":[{\"@type\":\"Article\",\"@id\":\"https:\\\/\\\/adfinternational.org\\\/fr\\\/actualites\\\/la-cour-supreme-du-chili-juge-linterdiction-du-culte-discriminatoire#article\",\"isPartOf\":{\"@id\":\"https:\\\/\\\/adfinternational.org\\\/fr\\\/actualites\\\/la-cour-supreme-du-chili-juge-linterdiction-du-culte-discriminatoire\"},\"author\":{\"name\":\"Philipp Bues\",\"@id\":\"https:\\\/\\\/adfinternational.org\\\/fr\\\/#\\\/schema\\\/person\\\/6b776fc8535453c6aad8a6f9d78e6141\"},\"headline\":\"La Cour supr\u00eame du Chili juge l\u2019interdiction du culte discriminatoire\",\"datePublished\":\"2021-03-26T08:35:17+00:00\",\"dateModified\":\"2024-07-31T14:26:25+00:00\",\"mainEntityOfPage\":{\"@id\":\"https:\\\/\\\/adfinternational.org\\\/fr\\\/actualites\\\/la-cour-supreme-du-chili-juge-linterdiction-du-culte-discriminatoire\"},\"wordCount\":620,\"publisher\":{\"@id\":\"https:\\\/\\\/adfinternational.org\\\/fr\\\/#organization\"},\"image\":{\"@id\":\"https:\\\/\\\/adfinternational.org\\\/fr\\\/actualites\\\/la-cour-supreme-du-chili-juge-linterdiction-du-culte-discriminatoire#primaryimage\"},\"thumbnailUrl\":\"https:\\\/\\\/adfinternational.org\\\/wp-content\\\/uploads\\\/2021\\\/06\\\/20210310_ADF_alliance_alert_web-e1623146166814.jpg\",\"keywords\":[\"FR\"],\"articleSection\":[\"Actualit\u00e9s\"],\"inLanguage\":\"fr-FR\"},{\"@type\":\"WebPage\",\"@id\":\"https:\\\/\\\/adfinternational.org\\\/fr\\\/actualites\\\/la-cour-supreme-du-chili-juge-linterdiction-du-culte-discriminatoire\",\"url\":\"https:\\\/\\\/adfinternational.org\\\/fr\\\/actualites\\\/la-cour-supreme-du-chili-juge-linterdiction-du-culte-discriminatoire\",\"name\":\"La Cour supr\u00eame du Chili juge l\u2019interdiction du culte discriminatoire - ADF International\",\"isPartOf\":{\"@id\":\"https:\\\/\\\/adfinternational.org\\\/fr\\\/#website\"},\"primaryImageOfPage\":{\"@id\":\"https:\\\/\\\/adfinternational.org\\\/fr\\\/actualites\\\/la-cour-supreme-du-chili-juge-linterdiction-du-culte-discriminatoire#primaryimage\"},\"image\":{\"@id\":\"https:\\\/\\\/adfinternational.org\\\/fr\\\/actualites\\\/la-cour-supreme-du-chili-juge-linterdiction-du-culte-discriminatoire#primaryimage\"},\"thumbnailUrl\":\"https:\\\/\\\/adfinternational.org\\\/wp-content\\\/uploads\\\/2021\\\/06\\\/20210310_ADF_alliance_alert_web-e1623146166814.jpg\",\"datePublished\":\"2021-03-26T08:35:17+00:00\",\"dateModified\":\"2024-07-31T14:26:25+00:00\",\"breadcrumb\":{\"@id\":\"https:\\\/\\\/adfinternational.org\\\/fr\\\/actualites\\\/la-cour-supreme-du-chili-juge-linterdiction-du-culte-discriminatoire#breadcrumb\"},\"inLanguage\":\"fr-FR\",\"potentialAction\":[{\"@type\":\"ReadAction\",\"target\":[\"https:\\\/\\\/adfinternational.org\\\/fr\\\/actualites\\\/la-cour-supreme-du-chili-juge-linterdiction-du-culte-discriminatoire\"]}]},{\"@type\":\"ImageObject\",\"inLanguage\":\"fr-FR\",\"@id\":\"https:\\\/\\\/adfinternational.org\\\/fr\\\/actualites\\\/la-cour-supreme-du-chili-juge-linterdiction-du-culte-discriminatoire#primaryimage\",\"url\":\"https:\\\/\\\/adfinternational.org\\\/wp-content\\\/uploads\\\/2021\\\/06\\\/20210310_ADF_alliance_alert_web-e1623146166814.jpg\",\"contentUrl\":\"https:\\\/\\\/adfinternational.org\\\/wp-content\\\/uploads\\\/2021\\\/06\\\/20210310_ADF_alliance_alert_web-e1623146166814.jpg\",\"width\":1324,\"height\":881},{\"@type\":\"BreadcrumbList\",\"@id\":\"https:\\\/\\\/adfinternational.org\\\/fr\\\/actualites\\\/la-cour-supreme-du-chili-juge-linterdiction-du-culte-discriminatoire#breadcrumb\",\"itemListElement\":[{\"@type\":\"ListItem\",\"position\":1,\"name\":\"Home\",\"item\":\"https:\\\/\\\/adfinternational.org\\\/fr\"},{\"@type\":\"ListItem\",\"position\":2,\"name\":\"La Cour supr\u00eame du Chili juge l\u2019interdiction du culte discriminatoire\"}]},{\"@type\":\"WebSite\",\"@id\":\"https:\\\/\\\/adfinternational.org\\\/fr\\\/#website\",\"url\":\"https:\\\/\\\/adfinternational.org\\\/fr\\\/\",\"name\":\"ADF International\",\"description\":\"Protecting Fundamental Freedoms. Promoting Inherent Dignity.\",\"publisher\":{\"@id\":\"https:\\\/\\\/adfinternational.org\\\/fr\\\/#organization\"},\"potentialAction\":[{\"@type\":\"SearchAction\",\"target\":{\"@type\":\"EntryPoint\",\"urlTemplate\":\"https:\\\/\\\/adfinternational.org\\\/fr\\\/?s={search_term_string}\"},\"query-input\":{\"@type\":\"PropertyValueSpecification\",\"valueRequired\":true,\"valueName\":\"search_term_string\"}}],\"inLanguage\":\"fr-FR\"},{\"@type\":\"Organization\",\"@id\":\"https:\\\/\\\/adfinternational.org\\\/fr\\\/#organization\",\"name\":\"Alliance Defending Freedom International\",\"url\":\"https:\\\/\\\/adfinternational.org\\\/fr\\\/\",\"logo\":{\"@type\":\"ImageObject\",\"inLanguage\":\"fr-FR\",\"@id\":\"https:\\\/\\\/adfinternational.org\\\/fr\\\/#\\\/schema\\\/logo\\\/image\\\/\",\"url\":\"https:\\\/\\\/adfinternational.org\\\/wp-content\\\/uploads\\\/2021\\\/08\\\/ADF_Intl_R_RGB_175px.png\",\"contentUrl\":\"https:\\\/\\\/adfinternational.org\\\/wp-content\\\/uploads\\\/2021\\\/08\\\/ADF_Intl_R_RGB_175px.png\",\"width\":175,\"height\":106,\"caption\":\"Alliance Defending Freedom International\"},\"image\":{\"@id\":\"https:\\\/\\\/adfinternational.org\\\/fr\\\/#\\\/schema\\\/logo\\\/image\\\/\"},\"sameAs\":[\"https:\\\/\\\/facebook.com\\\/adfinternational\",\"https:\\\/\\\/x.com\\\/adfintl\",\"https:\\\/\\\/www.linkedin.com\\\/company\\\/adfinternational\",\"https:\\\/\\\/www.instagram.com\\\/adfinternational\\\/\"]},{\"@type\":\"Person\",\"@id\":\"https:\\\/\\\/adfinternational.org\\\/fr\\\/#\\\/schema\\\/person\\\/6b776fc8535453c6aad8a6f9d78e6141\",\"name\":\"Philipp Bues\",\"image\":{\"@type\":\"ImageObject\",\"inLanguage\":\"fr-FR\",\"@id\":\"https:\\\/\\\/adfinternational.org\\\/wp-content\\\/uploads\\\/2025\\\/02\\\/Philipp-Bues-Headshot-150x150.jpg\",\"url\":\"https:\\\/\\\/adfinternational.org\\\/wp-content\\\/uploads\\\/2025\\\/02\\\/Philipp-Bues-Headshot-150x150.jpg\",\"contentUrl\":\"https:\\\/\\\/adfinternational.org\\\/wp-content\\\/uploads\\\/2025\\\/02\\\/Philipp-Bues-Headshot-150x150.jpg\",\"caption\":\"Philipp Bues\"},\"url\":\"https:\\\/\\\/adfinternational.org\\\/fr\\\/author\\\/pbuesadfinternational-org\"}]}<\/script>\n<!-- \/ Yoast SEO Premium plugin. -->","yoast_head_json":{"title":"La Cour supr\u00eame du Chili juge l\u2019interdiction du culte discriminatoire - ADF International","robots":{"index":"index","follow":"follow","max-snippet":"max-snippet:-1","max-image-preview":"max-image-preview:large","max-video-preview":"max-video-preview:-1"},"canonical":"https:\/\/adfinternational.org\/fr\/actualites\/la-cour-supreme-du-chili-juge-linterdiction-du-culte-discriminatoire","og_locale":"fr_FR","og_type":"article","og_title":"La Cour supr\u00eame du Chili juge l\u2019interdiction du culte discriminatoire","og_description":"Le 25 mars, la Cour supr\u00eame du Chili a jug\u00e9 \u00e0 l\u2019unanimit\u00e9 que les restrictions COVID-19 ont \u00e9t\u00e9 appliqu\u00e9es de mani\u00e8re discriminatoire contre les croyants.","og_url":"https:\/\/adfinternational.org\/fr\/actualites\/la-cour-supreme-du-chili-juge-linterdiction-du-culte-discriminatoire","og_site_name":"ADF International","article_publisher":"https:\/\/facebook.com\/adfinternational","article_published_time":"2021-03-26T08:35:17+00:00","article_modified_time":"2024-07-31T14:26:25+00:00","og_image":[{"width":1324,"height":881,"url":"https:\/\/adfinternational.org\/wp-content\/uploads\/2021\/06\/20210310_ADF_alliance_alert_web-e1623146166814.jpg","type":"image\/jpeg"}],"author":"Philipp Bues","twitter_card":"summary_large_image","twitter_creator":"@adfintl","twitter_site":"@adfintl","twitter_misc":{"\u00c9crit par":"Philipp Bues","Dur\u00e9e de lecture estim\u00e9e":"3 minutes"},"schema":{"@context":"https:\/\/schema.org","@graph":[{"@type":"Article","@id":"https:\/\/adfinternational.org\/fr\/actualites\/la-cour-supreme-du-chili-juge-linterdiction-du-culte-discriminatoire#article","isPartOf":{"@id":"https:\/\/adfinternational.org\/fr\/actualites\/la-cour-supreme-du-chili-juge-linterdiction-du-culte-discriminatoire"},"author":{"name":"Philipp Bues","@id":"https:\/\/adfinternational.org\/fr\/#\/schema\/person\/6b776fc8535453c6aad8a6f9d78e6141"},"headline":"La Cour supr\u00eame du Chili juge l\u2019interdiction du culte discriminatoire","datePublished":"2021-03-26T08:35:17+00:00","dateModified":"2024-07-31T14:26:25+00:00","mainEntityOfPage":{"@id":"https:\/\/adfinternational.org\/fr\/actualites\/la-cour-supreme-du-chili-juge-linterdiction-du-culte-discriminatoire"},"wordCount":620,"publisher":{"@id":"https:\/\/adfinternational.org\/fr\/#organization"},"image":{"@id":"https:\/\/adfinternational.org\/fr\/actualites\/la-cour-supreme-du-chili-juge-linterdiction-du-culte-discriminatoire#primaryimage"},"thumbnailUrl":"https:\/\/adfinternational.org\/wp-content\/uploads\/2021\/06\/20210310_ADF_alliance_alert_web-e1623146166814.jpg","keywords":["FR"],"articleSection":["Actualit\u00e9s"],"inLanguage":"fr-FR"},{"@type":"WebPage","@id":"https:\/\/adfinternational.org\/fr\/actualites\/la-cour-supreme-du-chili-juge-linterdiction-du-culte-discriminatoire","url":"https:\/\/adfinternational.org\/fr\/actualites\/la-cour-supreme-du-chili-juge-linterdiction-du-culte-discriminatoire","name":"La Cour supr\u00eame du Chili juge l\u2019interdiction du culte discriminatoire - ADF International","isPartOf":{"@id":"https:\/\/adfinternational.org\/fr\/#website"},"primaryImageOfPage":{"@id":"https:\/\/adfinternational.org\/fr\/actualites\/la-cour-supreme-du-chili-juge-linterdiction-du-culte-discriminatoire#primaryimage"},"image":{"@id":"https:\/\/adfinternational.org\/fr\/actualites\/la-cour-supreme-du-chili-juge-linterdiction-du-culte-discriminatoire#primaryimage"},"thumbnailUrl":"https:\/\/adfinternational.org\/wp-content\/uploads\/2021\/06\/20210310_ADF_alliance_alert_web-e1623146166814.jpg","datePublished":"2021-03-26T08:35:17+00:00","dateModified":"2024-07-31T14:26:25+00:00","breadcrumb":{"@id":"https:\/\/adfinternational.org\/fr\/actualites\/la-cour-supreme-du-chili-juge-linterdiction-du-culte-discriminatoire#breadcrumb"},"inLanguage":"fr-FR","potentialAction":[{"@type":"ReadAction","target":["https:\/\/adfinternational.org\/fr\/actualites\/la-cour-supreme-du-chili-juge-linterdiction-du-culte-discriminatoire"]}]},{"@type":"ImageObject","inLanguage":"fr-FR","@id":"https:\/\/adfinternational.org\/fr\/actualites\/la-cour-supreme-du-chili-juge-linterdiction-du-culte-discriminatoire#primaryimage","url":"https:\/\/adfinternational.org\/wp-content\/uploads\/2021\/06\/20210310_ADF_alliance_alert_web-e1623146166814.jpg","contentUrl":"https:\/\/adfinternational.org\/wp-content\/uploads\/2021\/06\/20210310_ADF_alliance_alert_web-e1623146166814.jpg","width":1324,"height":881},{"@type":"BreadcrumbList","@id":"https:\/\/adfinternational.org\/fr\/actualites\/la-cour-supreme-du-chili-juge-linterdiction-du-culte-discriminatoire#breadcrumb","itemListElement":[{"@type":"ListItem","position":1,"name":"Home","item":"https:\/\/adfinternational.org\/fr"},{"@type":"ListItem","position":2,"name":"La Cour supr\u00eame du Chili juge l\u2019interdiction du culte discriminatoire"}]},{"@type":"WebSite","@id":"https:\/\/adfinternational.org\/fr\/#website","url":"https:\/\/adfinternational.org\/fr\/","name":"ADF International","description":"Protecting Fundamental Freedoms. Promoting Inherent Dignity.","publisher":{"@id":"https:\/\/adfinternational.org\/fr\/#organization"},"potentialAction":[{"@type":"SearchAction","target":{"@type":"EntryPoint","urlTemplate":"https:\/\/adfinternational.org\/fr\/?s={search_term_string}"},"query-input":{"@type":"PropertyValueSpecification","valueRequired":true,"valueName":"search_term_string"}}],"inLanguage":"fr-FR"},{"@type":"Organization","@id":"https:\/\/adfinternational.org\/fr\/#organization","name":"Alliance Defending Freedom International","url":"https:\/\/adfinternational.org\/fr\/","logo":{"@type":"ImageObject","inLanguage":"fr-FR","@id":"https:\/\/adfinternational.org\/fr\/#\/schema\/logo\/image\/","url":"https:\/\/adfinternational.org\/wp-content\/uploads\/2021\/08\/ADF_Intl_R_RGB_175px.png","contentUrl":"https:\/\/adfinternational.org\/wp-content\/uploads\/2021\/08\/ADF_Intl_R_RGB_175px.png","width":175,"height":106,"caption":"Alliance Defending Freedom International"},"image":{"@id":"https:\/\/adfinternational.org\/fr\/#\/schema\/logo\/image\/"},"sameAs":["https:\/\/facebook.com\/adfinternational","https:\/\/x.com\/adfintl","https:\/\/www.linkedin.com\/company\/adfinternational","https:\/\/www.instagram.com\/adfinternational\/"]},{"@type":"Person","@id":"https:\/\/adfinternational.org\/fr\/#\/schema\/person\/6b776fc8535453c6aad8a6f9d78e6141","name":"Philipp Bues","image":{"@type":"ImageObject","inLanguage":"fr-FR","@id":"https:\/\/adfinternational.org\/wp-content\/uploads\/2025\/02\/Philipp-Bues-Headshot-150x150.jpg","url":"https:\/\/adfinternational.org\/wp-content\/uploads\/2025\/02\/Philipp-Bues-Headshot-150x150.jpg","contentUrl":"https:\/\/adfinternational.org\/wp-content\/uploads\/2025\/02\/Philipp-Bues-Headshot-150x150.jpg","caption":"Philipp Bues"},"url":"https:\/\/adfinternational.org\/fr\/author\/pbuesadfinternational-org"}]}},"_links":{"self":[{"href":"https:\/\/adfinternational.org\/fr\/wp-json\/wp\/v2\/posts\/6797","targetHints":{"allow":["GET"]}}],"collection":[{"href":"https:\/\/adfinternational.org\/fr\/wp-json\/wp\/v2\/posts"}],"about":[{"href":"https:\/\/adfinternational.org\/fr\/wp-json\/wp\/v2\/types\/post"}],"author":[{"embeddable":true,"href":"https:\/\/adfinternational.org\/fr\/wp-json\/wp\/v2\/users\/44"}],"replies":[{"embeddable":true,"href":"https:\/\/adfinternational.org\/fr\/wp-json\/wp\/v2\/comments?post=6797"}],"version-history":[{"count":0,"href":"https:\/\/adfinternational.org\/fr\/wp-json\/wp\/v2\/posts\/6797\/revisions"}],"wp:featuredmedia":[{"embeddable":true,"href":"https:\/\/adfinternational.org\/fr\/wp-json\/wp\/v2\/media\/10696"}],"wp:attachment":[{"href":"https:\/\/adfinternational.org\/fr\/wp-json\/wp\/v2\/media?parent=6797"}],"wp:term":[{"taxonomy":"category","embeddable":true,"href":"https:\/\/adfinternational.org\/fr\/wp-json\/wp\/v2\/categories?post=6797"},{"taxonomy":"post_tag","embeddable":true,"href":"https:\/\/adfinternational.org\/fr\/wp-json\/wp\/v2\/tags?post=6797"}],"curies":[{"name":"wp","href":"https:\/\/api.w.org\/{rel}","templated":true}]}}