{"id":6806,"date":"2021-04-21T09:55:51","date_gmt":"2021-04-21T07:55:51","guid":{"rendered":"https:\/\/www.adfinternational.fr\/?p=6806"},"modified":"2024-08-07T13:49:04","modified_gmt":"2024-08-07T12:49:04","slug":"personne-ne-devrait-fermer-les-yeux-sur-les-souffrances-quendurent-les-chretiens-aujourdhui","status":"publish","type":"post","link":"https:\/\/adfinternational.org\/fr\/actualites\/personne-ne-devrait-fermer-les-yeux-sur-les-souffrances-quendurent-les-chretiens-aujourdhui","title":{"rendered":"Personne ne devrait fermer les yeux sur les souffrances qu&rsquo;endurent les chr\u00e9tiens aujourd&rsquo;hui"},"content":{"rendered":"\t\t<div data-elementor-type=\"wp-post\" data-elementor-id=\"6806\" class=\"elementor elementor-6806\" data-elementor-post-type=\"post\">\n\t\t\t\t\t\t<section class=\"elementor-section elementor-top-section elementor-element elementor-element-33a0d41d elementor-section-boxed elementor-section-height-default elementor-section-height-default\" data-id=\"33a0d41d\" data-element_type=\"section\" data-e-type=\"section\">\n\t\t\t\t\t\t<div class=\"elementor-container elementor-column-gap-default\">\n\t\t\t\t\t<div class=\"elementor-column elementor-col-100 elementor-top-column elementor-element elementor-element-6cea7213\" data-id=\"6cea7213\" data-element_type=\"column\" data-e-type=\"column\">\n\t\t\t<div class=\"elementor-widget-wrap elementor-element-populated\">\n\t\t\t\t\t\t<div class=\"elementor-element elementor-element-3982287b elementor-widget elementor-widget-text-editor\" data-id=\"3982287b\" data-element_type=\"widget\" data-e-type=\"widget\" data-widget_type=\"text-editor.default\">\n\t\t\t\t<div class=\"elementor-widget-container\">\n\t\t\t\t\t\t\t\t\t<ul>\n<li>La Commission am\u00e9ricaine sur la libert\u00e9 religieuse dans le monde publie son rapport annuel.<\/li>\n<li>Le rapport constate des violations \u00ab syst\u00e9matiques, continues et flagrantes \u00bb de la libert\u00e9 de religion dans 14 pays.<\/li>\n<\/ul>\n<p><strong>WASHINGTON<\/strong> (21 avril 2021) &#8211; La menace qui p\u00e8se sur la libert\u00e9 religieuse reste forte dans le monde entier &#8211; c&rsquo;est ce qu&rsquo;affirme la Commission am\u00e9ricaine sur la libert\u00e9 religieuse dans le monde (USCIRF) dans son rapport annuel publi\u00e9 cette semaine. Le rapport d\u00e9signe 14 pays comme \u00ab particuli\u00e8rement pr\u00e9occupants \u00bb en raison de leurs violations \u00ab syst\u00e9matiques, continues et flagrantes \u00bb de la libert\u00e9 de religion, et indique que 12 autres pays doivent faire l&rsquo;objet d&rsquo;une surveillance particuli\u00e8re en raison de la gravit\u00e9 de leurs violations.<\/p>\n<p>\u00ab Chacun a le droit de choisir sa religion et de l&rsquo;exprimer en public et en priv\u00e9, sans crainte de pers\u00e9cution. La discrimination permanente \u00e0 l&rsquo;encontre des chr\u00e9tiens et des autres minorit\u00e9s religieuses porte atteinte \u00e0 ce droit. Le <a href=\"https:\/\/www.uscirf.gov\/annual-reports\">rapport annuel<\/a> de l&rsquo;USCIRF continue de faire la lumi\u00e8re sur les pires responsables d&rsquo;abus \u00e0 l&rsquo;encontre des personnes croyantes et m\u00eame non croyantes, et constitue une ressource essentielle pour les d\u00e9fenseurs des droits et les gouvernements. Nous saluons ce nouveau rapport et esp\u00e9rons que le gouvernement des \u00c9tats-Unis tiendra compte des voix des pers\u00e9cut\u00e9s dans la d\u00e9termination des priorit\u00e9s de sa politique \u00e9trang\u00e8re \u00bb, a d\u00e9clar\u00e9 Kelsey Zorzi, directrice du plaidoyer pour la libert\u00e9 religieuse mondiale pour ADF International.<\/p>\n<p><strong>La pers\u00e9cution religieuse est g\u00e9n\u00e9ralis\u00e9e.<\/strong><\/p>\n<p>Le rapport annuel 2021 \u00e9value les violations de la libert\u00e9 religieuse ainsi que les progr\u00e8s r\u00e9alis\u00e9s au cours de l&rsquo;ann\u00e9e civile 2020 dans 26 pays, et formule des recommandations ind\u00e9pendantes pour la politique am\u00e9ricaine. L&rsquo;USCIRF recommande au D\u00e9partement d&rsquo;\u00c9tat am\u00e9ricain de d\u00e9signer la Birmanie, la Chine, l&rsquo;\u00c9rythr\u00e9e, l&rsquo;Inde, l&rsquo;Iran, le Nigeria, la Cor\u00e9e du Nord, le Pakistan, la Russie, l&rsquo;Arabie saoudite, la Syrie, le Tadjikistan, le Turkm\u00e9nistan et le Vietnam comme \u00ab\u00a0pays particuli\u00e8rement pr\u00e9occupants\u00a0\u00bb. L&rsquo;USCIRF recommande \u00e9galement que l&rsquo;Afghanistan, l&rsquo;Alg\u00e9rie, l&rsquo;Azerba\u00efdjan, Cuba, l&rsquo;Egypte, l&rsquo;Indon\u00e9sie, l&rsquo;Irak, le Kazakhstan, la Malaisie, le Nicaragua, la Turquie et l&rsquo;Ouzb\u00e9kistan soient plac\u00e9s sur la \u00ab\u00a0liste de surveillance particuli\u00e8re\u00a0\u00bb du D\u00e9partement d&rsquo;Etat.<\/p>\n<p>L&rsquo;USCIRF a observ\u00e9 que le Soudan, la R\u00e9publique centrafricaine (RCA) et le Bahre\u00efn avaient fait des pas positifs, bien que timides, vers la libert\u00e9 religieuse. Pourtant, dans d&rsquo;autres pays, les conditions de la libert\u00e9 religieuse ont empir\u00e9.<\/p>\n<p>De nombreux pays ont utilis\u00e9 le pr\u00e9texte de la pand\u00e9mie de COVID-19 pour aggraver la discrimination religieuse. L&rsquo;USCIRF a not\u00e9 que la Chine, le Nigeria et l&rsquo;Inde \u00e9taient parmi les pires transgresseurs de la libert\u00e9 religieuse.<\/p>\n<p>Ces derni\u00e8res ann\u00e9es, l&rsquo;USCIRF a vivement critiqu\u00e9 les atrocit\u00e9s commises par le gouvernement chinois contre les musulmans ou\u00efghours dans la province du Xinjiang. En repr\u00e9sailles, la Chine a <a href=\"https:\/\/www.uscirf.gov\/news-room\/releases-statements\/uscirf-condemns-chinese-governments-sanctions-uscirf-commissioners\">sanctionn\u00e9<\/a> au d\u00e9but de l&rsquo;ann\u00e9e Gayle Manchin et Tony Perkins, les actuels pr\u00e9sident et vice-pr\u00e9sident de l&rsquo;USCIRF.<\/p>\n<p><strong>Des forums pour les pers\u00e9cut\u00e9s<\/strong><\/p>\n<p>L&rsquo;ann\u00e9e 2020 a \u00e9t\u00e9 marqu\u00e9e par de nombreux d\u00e9veloppements en mati\u00e8re de sensibilisation internationale \u00e0 la libert\u00e9 religieuse. Par exemple, la \u00ab Journ\u00e9e internationale de comm\u00e9moration des victimes d&rsquo;actes de violence fond\u00e9s sur la religion ou la croyance \u00bb a \u00e9t\u00e9 c\u00e9l\u00e9br\u00e9e pour la deuxi\u00e8me fois. Les Nations unies ont cr\u00e9\u00e9 cette journ\u00e9e pour rappeler que chacun a le droit \u00e0 la libert\u00e9 de religion ou de conviction.<\/p>\n<p>De m\u00eame, le minist\u00e8re polonais des affaires \u00e9trang\u00e8res a accueilli en novembre 2020 la troisi\u00e8me <a href=\"https:\/\/www.gov.pl\/web\/diplomacy\/FORB2020\">r\u00e9union minist\u00e9rielle<\/a> pour faire progresser la libert\u00e9 religieuse. La r\u00e9union minist\u00e9rielle a soulign\u00e9 les histoires de ceux qui ont \u00e9t\u00e9 confront\u00e9s \u00e0 la pers\u00e9cution et a fourni un forum pour les d\u00e9fenseurs et les repr\u00e9sentants du gouvernement pour discuter des objectifs et des strat\u00e9gies pour mieux prot\u00e9ger les minorit\u00e9s religieuses et les personnes pers\u00e9cut\u00e9es pour leur religion.<\/p>\n<p>Lors de la publication du rapport annuel 2021, l&rsquo;USCIRF a f\u00e9licit\u00e9 l&rsquo;administration am\u00e9ricaine pr\u00e9c\u00e9dente pour avoir fait de la libert\u00e9 religieuse une priorit\u00e9 et a vivement encourag\u00e9 l&rsquo;administration am\u00e9ricaine actuelle, dirig\u00e9e par le pr\u00e9sident Biden, \u00e0 faire de m\u00eame, notamment en continuant \u00e0 mettre en \u0153uvre le <a href=\"https:\/\/adfinternational.org\/resource\/summary-of-the-executive-order-on-advancing-international-religious-freedom\/\">d\u00e9cret de l&rsquo;ann\u00e9e derni\u00e8re<\/a> sur la \u00ab promotion de la libert\u00e9 religieuse internationale \u00bb.<\/p>\n<p>Paul Coleman, directeur ex\u00e9cutif de l&rsquo;ADF International, a d\u00e9clar\u00e9 : \u00ab Le r\u00e9cent rapport de l&rsquo;USCIRF nous rappelle que, partout dans le monde, des personnes sont expos\u00e9es \u00e0 la pers\u00e9cution et au d\u00e9ni de leurs droits fondamentaux. Les chr\u00e9tiens, en particulier, sont confront\u00e9s \u00e0 une pers\u00e9cution grave et g\u00e9n\u00e9ralis\u00e9e. Personne ne devrait fermer les yeux sur la situation critique \u00e0 laquelle les chr\u00e9tiens sont confront\u00e9s chaque jour, partout dans le monde.\u00bb<\/p>\t\t\t\t\t\t\t\t<\/div>\n\t\t\t\t<\/div>\n\t\t\t\t\t<\/div>\n\t\t<\/div>\n\t\t\t\t\t<\/div>\n\t\t<\/section>\n\t\t\t\t<\/div>\n\t\t","protected":false},"excerpt":{"rendered":"<p>La menace qui p\u00e8se sur la libert\u00e9 religieuse reste forte dans le monde entier &#8211; c&rsquo;est ce qu&rsquo;affirme la Commission am\u00e9ricaine sur la libert\u00e9 religieuse dans le monde (USCIRF) dans son rapport annuel publi\u00e9 cette semaine. <\/p>\n","protected":false},"author":44,"featured_media":10788,"comment_status":"closed","ping_status":"closed","sticky":false,"template":"","format":"standard","meta":{"_acf_changed":false,"give_campaign_id":0,"footnotes":""},"categories":[11],"tags":[1032],"class_list":["post-6806","post","type-post","status-publish","format-standard","has-post-thumbnail","hentry","category-news","tag-fr"],"acf":[],"yoast_head":"<!-- This site is optimized with the Yoast SEO Premium plugin v27.5 (Yoast SEO v27.5) - https:\/\/yoast.com\/product\/yoast-seo-premium-wordpress\/ -->\n<title>Personne ne devrait fermer les yeux sur les souffrances qu&#039;endurent les chr\u00e9tiens aujourd&#039;hui - ADF International<\/title>\n<meta name=\"robots\" content=\"index, follow, max-snippet:-1, max-image-preview:large, max-video-preview:-1\" \/>\n<link rel=\"canonical\" href=\"https:\/\/adfinternational.org\/fr\/actualites\/personne-ne-devrait-fermer-les-yeux-sur-les-souffrances-quendurent-les-chretiens-aujourdhui\" \/>\n<meta property=\"og:locale\" content=\"fr_FR\" \/>\n<meta property=\"og:type\" content=\"article\" \/>\n<meta property=\"og:title\" content=\"Personne ne devrait fermer les yeux sur les souffrances qu&#039;endurent les chr\u00e9tiens aujourd&#039;hui\" \/>\n<meta property=\"og:description\" content=\"La menace qui p\u00e8se sur la libert\u00e9 religieuse reste forte dans le monde entier - c&#039;est ce qu&#039;affirme la Commission am\u00e9ricaine sur la libert\u00e9 religieuse dans le monde (USCIRF) dans son rapport annuel publi\u00e9 cette semaine.\" \/>\n<meta property=\"og:url\" content=\"https:\/\/adfinternational.org\/fr\/actualites\/personne-ne-devrait-fermer-les-yeux-sur-les-souffrances-quendurent-les-chretiens-aujourdhui\" \/>\n<meta property=\"og:site_name\" content=\"ADF International\" \/>\n<meta property=\"article:publisher\" content=\"https:\/\/facebook.com\/adfinternational\" \/>\n<meta property=\"article:published_time\" content=\"2021-04-21T07:55:51+00:00\" \/>\n<meta property=\"article:modified_time\" content=\"2024-08-07T12:49:04+00:00\" \/>\n<meta property=\"og:image\" content=\"https:\/\/adfinternational.org\/wp-content\/uploads\/2021\/04\/banner_genocide.jpg\" \/>\n\t<meta property=\"og:image:width\" content=\"1920\" \/>\n\t<meta property=\"og:image:height\" content=\"885\" \/>\n\t<meta property=\"og:image:type\" content=\"image\/jpeg\" \/>\n<meta name=\"author\" content=\"Philipp Bues\" \/>\n<meta name=\"twitter:card\" content=\"summary_large_image\" \/>\n<meta name=\"twitter:creator\" content=\"@adfintl\" \/>\n<meta name=\"twitter:site\" content=\"@adfintl\" \/>\n<meta name=\"twitter:label1\" content=\"\u00c9crit par\" \/>\n\t<meta name=\"twitter:data1\" content=\"Philipp Bues\" \/>\n\t<meta name=\"twitter:label2\" content=\"Dur\u00e9e de lecture estim\u00e9e\" \/>\n\t<meta name=\"twitter:data2\" content=\"4 minutes\" \/>\n<script type=\"application\/ld+json\" class=\"yoast-schema-graph\">{\"@context\":\"https:\\\/\\\/schema.org\",\"@graph\":[{\"@type\":\"Article\",\"@id\":\"https:\\\/\\\/adfinternational.org\\\/fr\\\/actualites\\\/personne-ne-devrait-fermer-les-yeux-sur-les-souffrances-quendurent-les-chretiens-aujourdhui#article\",\"isPartOf\":{\"@id\":\"https:\\\/\\\/adfinternational.org\\\/fr\\\/actualites\\\/personne-ne-devrait-fermer-les-yeux-sur-les-souffrances-quendurent-les-chretiens-aujourdhui\"},\"author\":{\"name\":\"Philipp Bues\",\"@id\":\"https:\\\/\\\/adfinternational.org\\\/fr\\\/#\\\/schema\\\/person\\\/6b776fc8535453c6aad8a6f9d78e6141\"},\"headline\":\"Personne ne devrait fermer les yeux sur les souffrances qu&rsquo;endurent les chr\u00e9tiens aujourd&rsquo;hui\",\"datePublished\":\"2021-04-21T07:55:51+00:00\",\"dateModified\":\"2024-08-07T12:49:04+00:00\",\"mainEntityOfPage\":{\"@id\":\"https:\\\/\\\/adfinternational.org\\\/fr\\\/actualites\\\/personne-ne-devrait-fermer-les-yeux-sur-les-souffrances-quendurent-les-chretiens-aujourdhui\"},\"wordCount\":880,\"publisher\":{\"@id\":\"https:\\\/\\\/adfinternational.org\\\/fr\\\/#organization\"},\"image\":{\"@id\":\"https:\\\/\\\/adfinternational.org\\\/fr\\\/actualites\\\/personne-ne-devrait-fermer-les-yeux-sur-les-souffrances-quendurent-les-chretiens-aujourdhui#primaryimage\"},\"thumbnailUrl\":\"https:\\\/\\\/adfinternational.org\\\/wp-content\\\/uploads\\\/2021\\\/04\\\/banner_genocide.jpg\",\"keywords\":[\"FR\"],\"articleSection\":[\"News\"],\"inLanguage\":\"fr-FR\"},{\"@type\":\"WebPage\",\"@id\":\"https:\\\/\\\/adfinternational.org\\\/fr\\\/actualites\\\/personne-ne-devrait-fermer-les-yeux-sur-les-souffrances-quendurent-les-chretiens-aujourdhui\",\"url\":\"https:\\\/\\\/adfinternational.org\\\/fr\\\/actualites\\\/personne-ne-devrait-fermer-les-yeux-sur-les-souffrances-quendurent-les-chretiens-aujourdhui\",\"name\":\"Personne ne devrait fermer les yeux sur les souffrances qu'endurent les chr\u00e9tiens aujourd'hui - ADF International\",\"isPartOf\":{\"@id\":\"https:\\\/\\\/adfinternational.org\\\/fr\\\/#website\"},\"primaryImageOfPage\":{\"@id\":\"https:\\\/\\\/adfinternational.org\\\/fr\\\/actualites\\\/personne-ne-devrait-fermer-les-yeux-sur-les-souffrances-quendurent-les-chretiens-aujourdhui#primaryimage\"},\"image\":{\"@id\":\"https:\\\/\\\/adfinternational.org\\\/fr\\\/actualites\\\/personne-ne-devrait-fermer-les-yeux-sur-les-souffrances-quendurent-les-chretiens-aujourdhui#primaryimage\"},\"thumbnailUrl\":\"https:\\\/\\\/adfinternational.org\\\/wp-content\\\/uploads\\\/2021\\\/04\\\/banner_genocide.jpg\",\"datePublished\":\"2021-04-21T07:55:51+00:00\",\"dateModified\":\"2024-08-07T12:49:04+00:00\",\"breadcrumb\":{\"@id\":\"https:\\\/\\\/adfinternational.org\\\/fr\\\/actualites\\\/personne-ne-devrait-fermer-les-yeux-sur-les-souffrances-quendurent-les-chretiens-aujourdhui#breadcrumb\"},\"inLanguage\":\"fr-FR\",\"potentialAction\":[{\"@type\":\"ReadAction\",\"target\":[\"https:\\\/\\\/adfinternational.org\\\/fr\\\/actualites\\\/personne-ne-devrait-fermer-les-yeux-sur-les-souffrances-quendurent-les-chretiens-aujourdhui\"]}]},{\"@type\":\"ImageObject\",\"inLanguage\":\"fr-FR\",\"@id\":\"https:\\\/\\\/adfinternational.org\\\/fr\\\/actualites\\\/personne-ne-devrait-fermer-les-yeux-sur-les-souffrances-quendurent-les-chretiens-aujourdhui#primaryimage\",\"url\":\"https:\\\/\\\/adfinternational.org\\\/wp-content\\\/uploads\\\/2021\\\/04\\\/banner_genocide.jpg\",\"contentUrl\":\"https:\\\/\\\/adfinternational.org\\\/wp-content\\\/uploads\\\/2021\\\/04\\\/banner_genocide.jpg\",\"width\":1920,\"height\":885},{\"@type\":\"BreadcrumbList\",\"@id\":\"https:\\\/\\\/adfinternational.org\\\/fr\\\/actualites\\\/personne-ne-devrait-fermer-les-yeux-sur-les-souffrances-quendurent-les-chretiens-aujourdhui#breadcrumb\",\"itemListElement\":[{\"@type\":\"ListItem\",\"position\":1,\"name\":\"Home\",\"item\":\"https:\\\/\\\/adfinternational.org\\\/fr\"},{\"@type\":\"ListItem\",\"position\":2,\"name\":\"Personne ne devrait fermer les yeux sur les souffrances qu&rsquo;endurent les chr\u00e9tiens aujourd&rsquo;hui\"}]},{\"@type\":\"WebSite\",\"@id\":\"https:\\\/\\\/adfinternational.org\\\/fr\\\/#website\",\"url\":\"https:\\\/\\\/adfinternational.org\\\/fr\\\/\",\"name\":\"ADF International\",\"description\":\"Protecting Fundamental Freedoms. Promoting Inherent Dignity.\",\"publisher\":{\"@id\":\"https:\\\/\\\/adfinternational.org\\\/fr\\\/#organization\"},\"potentialAction\":[{\"@type\":\"SearchAction\",\"target\":{\"@type\":\"EntryPoint\",\"urlTemplate\":\"https:\\\/\\\/adfinternational.org\\\/fr\\\/?s={search_term_string}\"},\"query-input\":{\"@type\":\"PropertyValueSpecification\",\"valueRequired\":true,\"valueName\":\"search_term_string\"}}],\"inLanguage\":\"fr-FR\"},{\"@type\":\"Organization\",\"@id\":\"https:\\\/\\\/adfinternational.org\\\/fr\\\/#organization\",\"name\":\"Alliance Defending Freedom International\",\"url\":\"https:\\\/\\\/adfinternational.org\\\/fr\\\/\",\"logo\":{\"@type\":\"ImageObject\",\"inLanguage\":\"fr-FR\",\"@id\":\"https:\\\/\\\/adfinternational.org\\\/fr\\\/#\\\/schema\\\/logo\\\/image\\\/\",\"url\":\"https:\\\/\\\/adfinternational.org\\\/wp-content\\\/uploads\\\/2021\\\/08\\\/ADF_Intl_R_RGB_175px.png\",\"contentUrl\":\"https:\\\/\\\/adfinternational.org\\\/wp-content\\\/uploads\\\/2021\\\/08\\\/ADF_Intl_R_RGB_175px.png\",\"width\":175,\"height\":106,\"caption\":\"Alliance Defending Freedom International\"},\"image\":{\"@id\":\"https:\\\/\\\/adfinternational.org\\\/fr\\\/#\\\/schema\\\/logo\\\/image\\\/\"},\"sameAs\":[\"https:\\\/\\\/facebook.com\\\/adfinternational\",\"https:\\\/\\\/x.com\\\/adfintl\",\"https:\\\/\\\/www.linkedin.com\\\/company\\\/adfinternational\",\"https:\\\/\\\/www.instagram.com\\\/adfinternational\\\/\"]},{\"@type\":\"Person\",\"@id\":\"https:\\\/\\\/adfinternational.org\\\/fr\\\/#\\\/schema\\\/person\\\/6b776fc8535453c6aad8a6f9d78e6141\",\"name\":\"Philipp Bues\",\"image\":{\"@type\":\"ImageObject\",\"inLanguage\":\"fr-FR\",\"@id\":\"https:\\\/\\\/adfinternational.org\\\/wp-content\\\/uploads\\\/2025\\\/02\\\/Philipp-Bues-Headshot-150x150.jpg\",\"url\":\"https:\\\/\\\/adfinternational.org\\\/wp-content\\\/uploads\\\/2025\\\/02\\\/Philipp-Bues-Headshot-150x150.jpg\",\"contentUrl\":\"https:\\\/\\\/adfinternational.org\\\/wp-content\\\/uploads\\\/2025\\\/02\\\/Philipp-Bues-Headshot-150x150.jpg\",\"caption\":\"Philipp Bues\"},\"url\":\"https:\\\/\\\/adfinternational.org\\\/fr\\\/author\\\/pbuesadfinternational-org\"}]}<\/script>\n<!-- \/ Yoast SEO Premium plugin. -->","yoast_head_json":{"title":"Personne ne devrait fermer les yeux sur les souffrances qu'endurent les chr\u00e9tiens aujourd'hui - ADF International","robots":{"index":"index","follow":"follow","max-snippet":"max-snippet:-1","max-image-preview":"max-image-preview:large","max-video-preview":"max-video-preview:-1"},"canonical":"https:\/\/adfinternational.org\/fr\/actualites\/personne-ne-devrait-fermer-les-yeux-sur-les-souffrances-quendurent-les-chretiens-aujourdhui","og_locale":"fr_FR","og_type":"article","og_title":"Personne ne devrait fermer les yeux sur les souffrances qu'endurent les chr\u00e9tiens aujourd'hui","og_description":"La menace qui p\u00e8se sur la libert\u00e9 religieuse reste forte dans le monde entier - c'est ce qu'affirme la Commission am\u00e9ricaine sur la libert\u00e9 religieuse dans le monde (USCIRF) dans son rapport annuel publi\u00e9 cette semaine.","og_url":"https:\/\/adfinternational.org\/fr\/actualites\/personne-ne-devrait-fermer-les-yeux-sur-les-souffrances-quendurent-les-chretiens-aujourdhui","og_site_name":"ADF International","article_publisher":"https:\/\/facebook.com\/adfinternational","article_published_time":"2021-04-21T07:55:51+00:00","article_modified_time":"2024-08-07T12:49:04+00:00","og_image":[{"width":1920,"height":885,"url":"https:\/\/adfinternational.org\/wp-content\/uploads\/2021\/04\/banner_genocide.jpg","type":"image\/jpeg"}],"author":"Philipp Bues","twitter_card":"summary_large_image","twitter_creator":"@adfintl","twitter_site":"@adfintl","twitter_misc":{"\u00c9crit par":"Philipp Bues","Dur\u00e9e de lecture estim\u00e9e":"4 minutes"},"schema":{"@context":"https:\/\/schema.org","@graph":[{"@type":"Article","@id":"https:\/\/adfinternational.org\/fr\/actualites\/personne-ne-devrait-fermer-les-yeux-sur-les-souffrances-quendurent-les-chretiens-aujourdhui#article","isPartOf":{"@id":"https:\/\/adfinternational.org\/fr\/actualites\/personne-ne-devrait-fermer-les-yeux-sur-les-souffrances-quendurent-les-chretiens-aujourdhui"},"author":{"name":"Philipp Bues","@id":"https:\/\/adfinternational.org\/fr\/#\/schema\/person\/6b776fc8535453c6aad8a6f9d78e6141"},"headline":"Personne ne devrait fermer les yeux sur les souffrances qu&rsquo;endurent les chr\u00e9tiens aujourd&rsquo;hui","datePublished":"2021-04-21T07:55:51+00:00","dateModified":"2024-08-07T12:49:04+00:00","mainEntityOfPage":{"@id":"https:\/\/adfinternational.org\/fr\/actualites\/personne-ne-devrait-fermer-les-yeux-sur-les-souffrances-quendurent-les-chretiens-aujourdhui"},"wordCount":880,"publisher":{"@id":"https:\/\/adfinternational.org\/fr\/#organization"},"image":{"@id":"https:\/\/adfinternational.org\/fr\/actualites\/personne-ne-devrait-fermer-les-yeux-sur-les-souffrances-quendurent-les-chretiens-aujourdhui#primaryimage"},"thumbnailUrl":"https:\/\/adfinternational.org\/wp-content\/uploads\/2021\/04\/banner_genocide.jpg","keywords":["FR"],"articleSection":["News"],"inLanguage":"fr-FR"},{"@type":"WebPage","@id":"https:\/\/adfinternational.org\/fr\/actualites\/personne-ne-devrait-fermer-les-yeux-sur-les-souffrances-quendurent-les-chretiens-aujourdhui","url":"https:\/\/adfinternational.org\/fr\/actualites\/personne-ne-devrait-fermer-les-yeux-sur-les-souffrances-quendurent-les-chretiens-aujourdhui","name":"Personne ne devrait fermer les yeux sur les souffrances qu'endurent les chr\u00e9tiens aujourd'hui - ADF International","isPartOf":{"@id":"https:\/\/adfinternational.org\/fr\/#website"},"primaryImageOfPage":{"@id":"https:\/\/adfinternational.org\/fr\/actualites\/personne-ne-devrait-fermer-les-yeux-sur-les-souffrances-quendurent-les-chretiens-aujourdhui#primaryimage"},"image":{"@id":"https:\/\/adfinternational.org\/fr\/actualites\/personne-ne-devrait-fermer-les-yeux-sur-les-souffrances-quendurent-les-chretiens-aujourdhui#primaryimage"},"thumbnailUrl":"https:\/\/adfinternational.org\/wp-content\/uploads\/2021\/04\/banner_genocide.jpg","datePublished":"2021-04-21T07:55:51+00:00","dateModified":"2024-08-07T12:49:04+00:00","breadcrumb":{"@id":"https:\/\/adfinternational.org\/fr\/actualites\/personne-ne-devrait-fermer-les-yeux-sur-les-souffrances-quendurent-les-chretiens-aujourdhui#breadcrumb"},"inLanguage":"fr-FR","potentialAction":[{"@type":"ReadAction","target":["https:\/\/adfinternational.org\/fr\/actualites\/personne-ne-devrait-fermer-les-yeux-sur-les-souffrances-quendurent-les-chretiens-aujourdhui"]}]},{"@type":"ImageObject","inLanguage":"fr-FR","@id":"https:\/\/adfinternational.org\/fr\/actualites\/personne-ne-devrait-fermer-les-yeux-sur-les-souffrances-quendurent-les-chretiens-aujourdhui#primaryimage","url":"https:\/\/adfinternational.org\/wp-content\/uploads\/2021\/04\/banner_genocide.jpg","contentUrl":"https:\/\/adfinternational.org\/wp-content\/uploads\/2021\/04\/banner_genocide.jpg","width":1920,"height":885},{"@type":"BreadcrumbList","@id":"https:\/\/adfinternational.org\/fr\/actualites\/personne-ne-devrait-fermer-les-yeux-sur-les-souffrances-quendurent-les-chretiens-aujourdhui#breadcrumb","itemListElement":[{"@type":"ListItem","position":1,"name":"Home","item":"https:\/\/adfinternational.org\/fr"},{"@type":"ListItem","position":2,"name":"Personne ne devrait fermer les yeux sur les souffrances qu&rsquo;endurent les chr\u00e9tiens aujourd&rsquo;hui"}]},{"@type":"WebSite","@id":"https:\/\/adfinternational.org\/fr\/#website","url":"https:\/\/adfinternational.org\/fr\/","name":"ADF International","description":"Protecting Fundamental Freedoms. Promoting Inherent Dignity.","publisher":{"@id":"https:\/\/adfinternational.org\/fr\/#organization"},"potentialAction":[{"@type":"SearchAction","target":{"@type":"EntryPoint","urlTemplate":"https:\/\/adfinternational.org\/fr\/?s={search_term_string}"},"query-input":{"@type":"PropertyValueSpecification","valueRequired":true,"valueName":"search_term_string"}}],"inLanguage":"fr-FR"},{"@type":"Organization","@id":"https:\/\/adfinternational.org\/fr\/#organization","name":"Alliance Defending Freedom International","url":"https:\/\/adfinternational.org\/fr\/","logo":{"@type":"ImageObject","inLanguage":"fr-FR","@id":"https:\/\/adfinternational.org\/fr\/#\/schema\/logo\/image\/","url":"https:\/\/adfinternational.org\/wp-content\/uploads\/2021\/08\/ADF_Intl_R_RGB_175px.png","contentUrl":"https:\/\/adfinternational.org\/wp-content\/uploads\/2021\/08\/ADF_Intl_R_RGB_175px.png","width":175,"height":106,"caption":"Alliance Defending Freedom International"},"image":{"@id":"https:\/\/adfinternational.org\/fr\/#\/schema\/logo\/image\/"},"sameAs":["https:\/\/facebook.com\/adfinternational","https:\/\/x.com\/adfintl","https:\/\/www.linkedin.com\/company\/adfinternational","https:\/\/www.instagram.com\/adfinternational\/"]},{"@type":"Person","@id":"https:\/\/adfinternational.org\/fr\/#\/schema\/person\/6b776fc8535453c6aad8a6f9d78e6141","name":"Philipp Bues","image":{"@type":"ImageObject","inLanguage":"fr-FR","@id":"https:\/\/adfinternational.org\/wp-content\/uploads\/2025\/02\/Philipp-Bues-Headshot-150x150.jpg","url":"https:\/\/adfinternational.org\/wp-content\/uploads\/2025\/02\/Philipp-Bues-Headshot-150x150.jpg","contentUrl":"https:\/\/adfinternational.org\/wp-content\/uploads\/2025\/02\/Philipp-Bues-Headshot-150x150.jpg","caption":"Philipp Bues"},"url":"https:\/\/adfinternational.org\/fr\/author\/pbuesadfinternational-org"}]}},"_links":{"self":[{"href":"https:\/\/adfinternational.org\/fr\/wp-json\/wp\/v2\/posts\/6806","targetHints":{"allow":["GET"]}}],"collection":[{"href":"https:\/\/adfinternational.org\/fr\/wp-json\/wp\/v2\/posts"}],"about":[{"href":"https:\/\/adfinternational.org\/fr\/wp-json\/wp\/v2\/types\/post"}],"author":[{"embeddable":true,"href":"https:\/\/adfinternational.org\/fr\/wp-json\/wp\/v2\/users\/44"}],"replies":[{"embeddable":true,"href":"https:\/\/adfinternational.org\/fr\/wp-json\/wp\/v2\/comments?post=6806"}],"version-history":[{"count":0,"href":"https:\/\/adfinternational.org\/fr\/wp-json\/wp\/v2\/posts\/6806\/revisions"}],"wp:featuredmedia":[{"embeddable":true,"href":"https:\/\/adfinternational.org\/fr\/wp-json\/wp\/v2\/media\/10788"}],"wp:attachment":[{"href":"https:\/\/adfinternational.org\/fr\/wp-json\/wp\/v2\/media?parent=6806"}],"wp:term":[{"taxonomy":"category","embeddable":true,"href":"https:\/\/adfinternational.org\/fr\/wp-json\/wp\/v2\/categories?post=6806"},{"taxonomy":"post_tag","embeddable":true,"href":"https:\/\/adfinternational.org\/fr\/wp-json\/wp\/v2\/tags?post=6806"}],"curies":[{"name":"wp","href":"https:\/\/api.w.org\/{rel}","templated":true}]}}