{"id":6814,"date":"2021-04-30T15:50:29","date_gmt":"2021-04-30T13:50:29","guid":{"rendered":"https:\/\/www.adfinternational.fr\/?p=6814"},"modified":"2024-07-29T14:27:28","modified_gmt":"2024-07-29T13:27:28","slug":"quand-un-tweet-peut-vous-conduire-en-prison-des-poursuites-penales-sont-engagees-contre-une-parlementaire-finlandaise","status":"publish","type":"post","link":"https:\/\/adfinternational.org\/fr\/actualites\/quand-un-tweet-peut-vous-conduire-en-prison-des-poursuites-penales-sont-engagees-contre-une-parlementaire-finlandaise","title":{"rendered":"Quand un tweet peut vous conduire en prison : Des poursuites p\u00e9nales sont engag\u00e9es contre une parlementaire finlandaise"},"content":{"rendered":"<ul>\n<li>Le Procureur g\u00e9n\u00e9ral de la Finlande a retenu trois accusations criminelles contre l\u2019ancien ministre de l\u2019Int\u00e9rieur.<\/li>\n<li>Une d\u00e9put\u00e9e poursuivie pour avoir tweet\u00e9 un verset de la Bible<\/li>\n<\/ul>\n<p><strong>HELSINKI \/ VIENNE <\/strong>(30 avril) &#8211; L\u2019emprisonnement pour avoir post\u00e9 un tweet sur la Bible est d\u00e9sormais une r\u00e9elle possibilit\u00e9 en Finlande. Le procureur g\u00e9n\u00e9ral de la Finlande a port\u00e9 trois accusations criminelles contre le d\u00e9put\u00e9 finlandais P\u00e4ivi R\u00e4s\u00e4nen. L\u2019ancien ministre de l\u2019Int\u00e9rieur risque d\u00e9sormais deux ans d\u2019emprisonnement pour chaque crime pr\u00e9sum\u00e9. La m\u00e9decin, m\u00e8re de cinq enfants et grand-m\u00e8re de six enfants est accus\u00e9e d\u2019avoir tenu un \u00ab discours de haine \u00bb pour avoir exprim\u00e9 publiquement son opinion sur le mariage et la sexualit\u00e9 humaine dans une brochure publi\u00e9e en 2004, pour des commentaires faits lors d\u2019une \u00e9mission de radio en 2019 et pour un tweet adress\u00e9 \u00e0 la direction de son \u00e9glise.<\/p>\n<div class=\"brlbs-cmpnt-container brlbs-cmpnt-content-blocker brlbs-cmpnt-with-individual-styles\" data-borlabs-cookie-content-blocker-id=\"youtube-content-blocker\" data-borlabs-cookie-content=\"PGlmcmFtZSB0aXRsZT0iRmlubGFuZCBGcmVlIFNwZWVjaCBjYXNlIiB3aWR0aD0iNTAwIiBoZWlnaHQ9IjI4MSIgc3JjPSJodHRwczovL3d3dy55b3V0dWJlLW5vY29va2llLmNvbS9lbWJlZC90ak9hY3N2Ql9qND9mZWF0dXJlPW9lbWJlZCIgZnJhbWVib3JkZXI9IjAiIGFsbG93PSJhY2NlbGVyb21ldGVyOyBhdXRvcGxheTsgY2xpcGJvYXJkLXdyaXRlOyBlbmNyeXB0ZWQtbWVkaWE7IGd5cm9zY29wZTsgcGljdHVyZS1pbi1waWN0dXJlOyB3ZWItc2hhcmUiIHJlZmVycmVycG9saWN5PSJzdHJpY3Qtb3JpZ2luLXdoZW4tY3Jvc3Mtb3JpZ2luIiBhbGxvd2Z1bGxzY3JlZW4+PC9pZnJhbWU+\">\n<div class=\"brlbs-cmpnt-cb-preset-c brlbs-cmpnt-cb-youtube\">\n<div class=\"brlbs-cmpnt-cb-thumbnail\" style=\"background-image: url('https:\/\/adfinternational.org\/wp-content\/uploads\/borlabs-cookie\/1\/yt_tjOacsvB_j4_hqdefault.jpg')\"><\/div>\n<div class=\"brlbs-cmpnt-cb-main\">\n<div class=\"brlbs-cmpnt-cb-play-button\"><\/div>\n<div class=\"brlbs-cmpnt-cb-content\">\n<p class=\"brlbs-cmpnt-cb-description\">Vous \u00eates actuellement en train de consulter le contenu d&rsquo;un espace r\u00e9serv\u00e9 de <strong>YouTube<\/strong>. Pour acc\u00e9der au contenu r\u00e9el, cliquez sur le bouton ci-dessous. Veuillez noter que ce faisant, des donn\u00e9es seront partag\u00e9es avec des providers tiers.<\/p>\n<p> <a class=\"brlbs-cmpnt-cb-provider-toggle\" href=\"#\" data-borlabs-cookie-show-provider-information role=\"button\">Plus d&rsquo;informations<\/a> <\/div>\n<div class=\"brlbs-cmpnt-cb-buttons\"> <a class=\"brlbs-cmpnt-cb-btn\" href=\"#\" data-borlabs-cookie-unblock role=\"button\">D\u00e9bloquer le contenu<\/a> <a class=\"brlbs-cmpnt-cb-btn\" href=\"#\" data-borlabs-cookie-accept-service role=\"button\" style=\"display: inherit\">Accepter le service requis et d\u00e9bloquer les contenus<\/a> <\/div>\n<\/p><\/div>\n<\/p><\/div>\n<\/div>\n<p>\u00ab Je ne peux pas accepter que l\u2019expression de mes convictions religieuses puisse entra\u00eener l\u2019emprisonnement. Je ne me consid\u00e8re pas coupable d\u2019avoir menac\u00e9, calomni\u00e9 ou insult\u00e9 qui que ce soit. Mes d\u00e9clarations \u00e9taient toutes fond\u00e9es sur les enseignements de la Bible sur le mariage et la sexualit\u00e9 \u00bb, a d\u00e9clar\u00e9 P\u00e4ivi R\u00e4s\u00e4nen. \u00ab Je d\u00e9fendrai mon droit de confesser ma foi, afin que personne d\u2019autre ne soit priv\u00e9 de son droit \u00e0 la libert\u00e9 de religion et d\u2019expression. Je m\u2019en tiens \u00e0 l\u2019id\u00e9e que mes expressions sont l\u00e9gales et qu\u2019elles ne doivent pas \u00eatre censur\u00e9es. Je ne reculerai pas devant mes opinions. Je ne me laisserai pas intimider pour cacher ma foi. Plus les chr\u00e9tiens se taisent sur des th\u00e8mes controvers\u00e9s, plus l\u2019espace de la libert\u00e9 d\u2019expression se r\u00e9tr\u00e9cit. \u00bb<\/p>\n<p><strong>Inculp\u00e9e pour avoir exprim\u00e9 des convictions personnelles.<\/strong><\/p>\n<p>Les enqu\u00eates de police contre R\u00e4s\u00e4nen ont d\u00e9but\u00e9 en juin 2019. En tant que membre actif de l\u2019\u00e9glise luth\u00e9rienne finlandaise, elle s\u2019est adress\u00e9e \u00e0 la direction de son \u00e9glise et a remis en question son parrainage officiel de l\u2019\u00e9v\u00e9nement LGBT \u00ab Pride 2019 \u00bb, avec l\u2019appui de l\u2019image d\u2019un texte biblique. Mme R\u00e4s\u00e4nen a d\u00e9j\u00e0 particip\u00e9 \u00e0 plusieurs longs interrogatoires de police sur ses opinions et a d\u00fb attendre plus d\u2019un an que le procureur g\u00e9n\u00e9ral d\u00e9cide de poursuivre ou non les poursuites. Cette d\u00e9cision a maintenant \u00e9t\u00e9 prise et ADF International continuera \u00e0 soutenir la d\u00e9fense de R\u00e4s\u00e4nen et le droit de chacun \u00e0 partager librement ses croyances.<\/p>\n<p>\u00ab La libert\u00e9 d\u2019expression est l\u2019une des pierres angulaires de la d\u00e9mocratie. La d\u00e9cision du procureur g\u00e9n\u00e9ral finlandais de porter ces accusations contre le Dr R\u00e4s\u00e4nen cr\u00e9e une culture de la peur et de la censure. Le fait que de tels cas deviennent de plus en plus courants en Europe donne \u00e0 r\u00e9fl\u00e9chir. Si des fonctionnaires engag\u00e9s comme P\u00e4ivi R\u00e4s\u00e4nen sont inculp\u00e9s pour avoir exprim\u00e9 leurs convictions profondes, le droit de chacun \u00e0 s\u2019exprimer librement s\u2019en trouve paralys\u00e9\u00a0\u00bb, a d\u00e9clar\u00e9 Paul Coleman, directeur ex\u00e9cutif de l\u2019ADF International et auteur de Censored : How European Hate Speech Laws are Threatening Freedom of Speech \u00bb.<\/p>\n<p>Mme R\u00e4s\u00e4nen est membre du Parlement finlandais depuis 1995, elle a \u00e9t\u00e9 pr\u00e9sidente des chr\u00e9tiens-d\u00e9mocrates de 2004 \u00e0 2015 et, de 2011 \u00e0 2015, elle a \u00e9t\u00e9 ministre de l\u2019Int\u00e9rieur, p\u00e9riode pendant laquelle elle a \u00e9t\u00e9 responsable des affaires eccl\u00e9siastiques en Finlande.<\/p>\n<p>Vous pouvez envoyer un message d\u2019encouragement <a href=\"https:\/\/adfinternational.org\/campaign\/protect-free-speech\/\">\u00e0 P\u00e4ivi R\u00e4s\u00e4nen ici<\/a>.<\/p>\n","protected":false},"excerpt":{"rendered":"<p>L\u2019emprisonnement pour avoir post\u00e9 un tweet sur la Bible est d\u00e9sormais une r\u00e9elle possibilit\u00e9 en Finlande. <\/p>\n","protected":false},"author":44,"featured_media":38191,"comment_status":"closed","ping_status":"closed","sticky":false,"template":"","format":"standard","meta":{"_acf_changed":false,"give_campaign_id":0,"footnotes":""},"categories":[1031],"tags":[1032],"class_list":["post-6814","post","type-post","status-publish","format-standard","has-post-thumbnail","hentry","category-actualites","tag-fr"],"acf":[],"yoast_head":"<!-- This site is optimized with the Yoast SEO Premium plugin v27.5 (Yoast SEO v27.5) - https:\/\/yoast.com\/product\/yoast-seo-premium-wordpress\/ -->\n<title>Quand un tweet peut vous conduire en prison : Des poursuites p\u00e9nales sont engag\u00e9es contre une parlementaire finlandaise - ADF International<\/title>\n<meta name=\"robots\" content=\"index, follow, max-snippet:-1, max-image-preview:large, max-video-preview:-1\" \/>\n<link rel=\"canonical\" href=\"https:\/\/adfinternational.org\/fr\/actualites\/quand-un-tweet-peut-vous-conduire-en-prison-des-poursuites-penales-sont-engagees-contre-une-parlementaire-finlandaise\" \/>\n<meta property=\"og:locale\" content=\"fr_FR\" \/>\n<meta property=\"og:type\" content=\"article\" \/>\n<meta property=\"og:title\" content=\"Quand un tweet peut vous conduire en prison : Des poursuites p\u00e9nales sont engag\u00e9es contre une parlementaire finlandaise\" \/>\n<meta property=\"og:description\" content=\"L\u2019emprisonnement pour avoir post\u00e9 un tweet sur la Bible est d\u00e9sormais une r\u00e9elle possibilit\u00e9 en Finlande.\" \/>\n<meta property=\"og:url\" content=\"https:\/\/adfinternational.org\/fr\/actualites\/quand-un-tweet-peut-vous-conduire-en-prison-des-poursuites-penales-sont-engagees-contre-une-parlementaire-finlandaise\" \/>\n<meta property=\"og:site_name\" content=\"ADF International\" \/>\n<meta property=\"article:publisher\" content=\"https:\/\/facebook.com\/adfinternational\" \/>\n<meta property=\"article:published_time\" content=\"2021-04-30T13:50:29+00:00\" \/>\n<meta property=\"article:modified_time\" content=\"2024-07-29T13:27:28+00:00\" \/>\n<meta property=\"og:image\" content=\"https:\/\/adfinternational.org\/wp-content\/uploads\/2024\/01\/Paivi-and-Pohjola-2.jpeg\" \/>\n\t<meta property=\"og:image:width\" content=\"2048\" \/>\n\t<meta property=\"og:image:height\" content=\"1536\" \/>\n\t<meta property=\"og:image:type\" content=\"image\/jpeg\" \/>\n<meta name=\"author\" content=\"Philipp Bues\" \/>\n<meta name=\"twitter:card\" content=\"summary_large_image\" \/>\n<meta name=\"twitter:creator\" content=\"@adfintl\" \/>\n<meta name=\"twitter:site\" content=\"@adfintl\" \/>\n<meta name=\"twitter:label1\" content=\"\u00c9crit par\" \/>\n\t<meta name=\"twitter:data1\" content=\"Philipp Bues\" \/>\n\t<meta name=\"twitter:label2\" content=\"Dur\u00e9e de lecture estim\u00e9e\" \/>\n\t<meta name=\"twitter:data2\" content=\"3 minutes\" \/>\n<script type=\"application\/ld+json\" class=\"yoast-schema-graph\">{\"@context\":\"https:\\\/\\\/schema.org\",\"@graph\":[{\"@type\":\"Article\",\"@id\":\"https:\\\/\\\/adfinternational.org\\\/fr\\\/actualites\\\/quand-un-tweet-peut-vous-conduire-en-prison-des-poursuites-penales-sont-engagees-contre-une-parlementaire-finlandaise#article\",\"isPartOf\":{\"@id\":\"https:\\\/\\\/adfinternational.org\\\/fr\\\/actualites\\\/quand-un-tweet-peut-vous-conduire-en-prison-des-poursuites-penales-sont-engagees-contre-une-parlementaire-finlandaise\"},\"author\":{\"name\":\"Philipp Bues\",\"@id\":\"https:\\\/\\\/adfinternational.org\\\/fr\\\/#\\\/schema\\\/person\\\/6b776fc8535453c6aad8a6f9d78e6141\"},\"headline\":\"Quand un tweet peut vous conduire en prison : Des poursuites p\u00e9nales sont engag\u00e9es contre une parlementaire finlandaise\",\"datePublished\":\"2021-04-30T13:50:29+00:00\",\"dateModified\":\"2024-07-29T13:27:28+00:00\",\"mainEntityOfPage\":{\"@id\":\"https:\\\/\\\/adfinternational.org\\\/fr\\\/actualites\\\/quand-un-tweet-peut-vous-conduire-en-prison-des-poursuites-penales-sont-engagees-contre-une-parlementaire-finlandaise\"},\"wordCount\":647,\"publisher\":{\"@id\":\"https:\\\/\\\/adfinternational.org\\\/fr\\\/#organization\"},\"image\":{\"@id\":\"https:\\\/\\\/adfinternational.org\\\/fr\\\/actualites\\\/quand-un-tweet-peut-vous-conduire-en-prison-des-poursuites-penales-sont-engagees-contre-une-parlementaire-finlandaise#primaryimage\"},\"thumbnailUrl\":\"https:\\\/\\\/adfinternational.org\\\/wp-content\\\/uploads\\\/2024\\\/01\\\/Paivi-and-Pohjola-2.jpeg\",\"keywords\":[\"FR\"],\"articleSection\":[\"Actualit\u00e9s\"],\"inLanguage\":\"fr-FR\"},{\"@type\":\"WebPage\",\"@id\":\"https:\\\/\\\/adfinternational.org\\\/fr\\\/actualites\\\/quand-un-tweet-peut-vous-conduire-en-prison-des-poursuites-penales-sont-engagees-contre-une-parlementaire-finlandaise\",\"url\":\"https:\\\/\\\/adfinternational.org\\\/fr\\\/actualites\\\/quand-un-tweet-peut-vous-conduire-en-prison-des-poursuites-penales-sont-engagees-contre-une-parlementaire-finlandaise\",\"name\":\"Quand un tweet peut vous conduire en prison : Des poursuites p\u00e9nales sont engag\u00e9es contre une parlementaire finlandaise - ADF International\",\"isPartOf\":{\"@id\":\"https:\\\/\\\/adfinternational.org\\\/fr\\\/#website\"},\"primaryImageOfPage\":{\"@id\":\"https:\\\/\\\/adfinternational.org\\\/fr\\\/actualites\\\/quand-un-tweet-peut-vous-conduire-en-prison-des-poursuites-penales-sont-engagees-contre-une-parlementaire-finlandaise#primaryimage\"},\"image\":{\"@id\":\"https:\\\/\\\/adfinternational.org\\\/fr\\\/actualites\\\/quand-un-tweet-peut-vous-conduire-en-prison-des-poursuites-penales-sont-engagees-contre-une-parlementaire-finlandaise#primaryimage\"},\"thumbnailUrl\":\"https:\\\/\\\/adfinternational.org\\\/wp-content\\\/uploads\\\/2024\\\/01\\\/Paivi-and-Pohjola-2.jpeg\",\"datePublished\":\"2021-04-30T13:50:29+00:00\",\"dateModified\":\"2024-07-29T13:27:28+00:00\",\"breadcrumb\":{\"@id\":\"https:\\\/\\\/adfinternational.org\\\/fr\\\/actualites\\\/quand-un-tweet-peut-vous-conduire-en-prison-des-poursuites-penales-sont-engagees-contre-une-parlementaire-finlandaise#breadcrumb\"},\"inLanguage\":\"fr-FR\",\"potentialAction\":[{\"@type\":\"ReadAction\",\"target\":[\"https:\\\/\\\/adfinternational.org\\\/fr\\\/actualites\\\/quand-un-tweet-peut-vous-conduire-en-prison-des-poursuites-penales-sont-engagees-contre-une-parlementaire-finlandaise\"]}]},{\"@type\":\"ImageObject\",\"inLanguage\":\"fr-FR\",\"@id\":\"https:\\\/\\\/adfinternational.org\\\/fr\\\/actualites\\\/quand-un-tweet-peut-vous-conduire-en-prison-des-poursuites-penales-sont-engagees-contre-une-parlementaire-finlandaise#primaryimage\",\"url\":\"https:\\\/\\\/adfinternational.org\\\/wp-content\\\/uploads\\\/2024\\\/01\\\/Paivi-and-Pohjola-2.jpeg\",\"contentUrl\":\"https:\\\/\\\/adfinternational.org\\\/wp-content\\\/uploads\\\/2024\\\/01\\\/Paivi-and-Pohjola-2.jpeg\",\"width\":2048,\"height\":1536},{\"@type\":\"BreadcrumbList\",\"@id\":\"https:\\\/\\\/adfinternational.org\\\/fr\\\/actualites\\\/quand-un-tweet-peut-vous-conduire-en-prison-des-poursuites-penales-sont-engagees-contre-une-parlementaire-finlandaise#breadcrumb\",\"itemListElement\":[{\"@type\":\"ListItem\",\"position\":1,\"name\":\"Home\",\"item\":\"https:\\\/\\\/adfinternational.org\\\/fr\"},{\"@type\":\"ListItem\",\"position\":2,\"name\":\"Quand un tweet peut vous conduire en prison : Des poursuites p\u00e9nales sont engag\u00e9es contre une parlementaire finlandaise\"}]},{\"@type\":\"WebSite\",\"@id\":\"https:\\\/\\\/adfinternational.org\\\/fr\\\/#website\",\"url\":\"https:\\\/\\\/adfinternational.org\\\/fr\\\/\",\"name\":\"ADF International\",\"description\":\"Protecting Fundamental Freedoms. Promoting Inherent Dignity.\",\"publisher\":{\"@id\":\"https:\\\/\\\/adfinternational.org\\\/fr\\\/#organization\"},\"potentialAction\":[{\"@type\":\"SearchAction\",\"target\":{\"@type\":\"EntryPoint\",\"urlTemplate\":\"https:\\\/\\\/adfinternational.org\\\/fr\\\/?s={search_term_string}\"},\"query-input\":{\"@type\":\"PropertyValueSpecification\",\"valueRequired\":true,\"valueName\":\"search_term_string\"}}],\"inLanguage\":\"fr-FR\"},{\"@type\":\"Organization\",\"@id\":\"https:\\\/\\\/adfinternational.org\\\/fr\\\/#organization\",\"name\":\"Alliance Defending Freedom International\",\"url\":\"https:\\\/\\\/adfinternational.org\\\/fr\\\/\",\"logo\":{\"@type\":\"ImageObject\",\"inLanguage\":\"fr-FR\",\"@id\":\"https:\\\/\\\/adfinternational.org\\\/fr\\\/#\\\/schema\\\/logo\\\/image\\\/\",\"url\":\"https:\\\/\\\/adfinternational.org\\\/wp-content\\\/uploads\\\/2021\\\/08\\\/ADF_Intl_R_RGB_175px.png\",\"contentUrl\":\"https:\\\/\\\/adfinternational.org\\\/wp-content\\\/uploads\\\/2021\\\/08\\\/ADF_Intl_R_RGB_175px.png\",\"width\":175,\"height\":106,\"caption\":\"Alliance Defending Freedom International\"},\"image\":{\"@id\":\"https:\\\/\\\/adfinternational.org\\\/fr\\\/#\\\/schema\\\/logo\\\/image\\\/\"},\"sameAs\":[\"https:\\\/\\\/facebook.com\\\/adfinternational\",\"https:\\\/\\\/x.com\\\/adfintl\",\"https:\\\/\\\/www.linkedin.com\\\/company\\\/adfinternational\",\"https:\\\/\\\/www.instagram.com\\\/adfinternational\\\/\"]},{\"@type\":\"Person\",\"@id\":\"https:\\\/\\\/adfinternational.org\\\/fr\\\/#\\\/schema\\\/person\\\/6b776fc8535453c6aad8a6f9d78e6141\",\"name\":\"Philipp Bues\",\"image\":{\"@type\":\"ImageObject\",\"inLanguage\":\"fr-FR\",\"@id\":\"https:\\\/\\\/adfinternational.org\\\/wp-content\\\/uploads\\\/2025\\\/02\\\/Philipp-Bues-Headshot-150x150.jpg\",\"url\":\"https:\\\/\\\/adfinternational.org\\\/wp-content\\\/uploads\\\/2025\\\/02\\\/Philipp-Bues-Headshot-150x150.jpg\",\"contentUrl\":\"https:\\\/\\\/adfinternational.org\\\/wp-content\\\/uploads\\\/2025\\\/02\\\/Philipp-Bues-Headshot-150x150.jpg\",\"caption\":\"Philipp Bues\"},\"url\":\"https:\\\/\\\/adfinternational.org\\\/fr\\\/author\\\/pbuesadfinternational-org\"}]}<\/script>\n<!-- \/ Yoast SEO Premium plugin. -->","yoast_head_json":{"title":"Quand un tweet peut vous conduire en prison : Des poursuites p\u00e9nales sont engag\u00e9es contre une parlementaire finlandaise - ADF International","robots":{"index":"index","follow":"follow","max-snippet":"max-snippet:-1","max-image-preview":"max-image-preview:large","max-video-preview":"max-video-preview:-1"},"canonical":"https:\/\/adfinternational.org\/fr\/actualites\/quand-un-tweet-peut-vous-conduire-en-prison-des-poursuites-penales-sont-engagees-contre-une-parlementaire-finlandaise","og_locale":"fr_FR","og_type":"article","og_title":"Quand un tweet peut vous conduire en prison : Des poursuites p\u00e9nales sont engag\u00e9es contre une parlementaire finlandaise","og_description":"L\u2019emprisonnement pour avoir post\u00e9 un tweet sur la Bible est d\u00e9sormais une r\u00e9elle possibilit\u00e9 en Finlande.","og_url":"https:\/\/adfinternational.org\/fr\/actualites\/quand-un-tweet-peut-vous-conduire-en-prison-des-poursuites-penales-sont-engagees-contre-une-parlementaire-finlandaise","og_site_name":"ADF International","article_publisher":"https:\/\/facebook.com\/adfinternational","article_published_time":"2021-04-30T13:50:29+00:00","article_modified_time":"2024-07-29T13:27:28+00:00","og_image":[{"width":2048,"height":1536,"url":"https:\/\/adfinternational.org\/wp-content\/uploads\/2024\/01\/Paivi-and-Pohjola-2.jpeg","type":"image\/jpeg"}],"author":"Philipp Bues","twitter_card":"summary_large_image","twitter_creator":"@adfintl","twitter_site":"@adfintl","twitter_misc":{"\u00c9crit par":"Philipp Bues","Dur\u00e9e de lecture estim\u00e9e":"3 minutes"},"schema":{"@context":"https:\/\/schema.org","@graph":[{"@type":"Article","@id":"https:\/\/adfinternational.org\/fr\/actualites\/quand-un-tweet-peut-vous-conduire-en-prison-des-poursuites-penales-sont-engagees-contre-une-parlementaire-finlandaise#article","isPartOf":{"@id":"https:\/\/adfinternational.org\/fr\/actualites\/quand-un-tweet-peut-vous-conduire-en-prison-des-poursuites-penales-sont-engagees-contre-une-parlementaire-finlandaise"},"author":{"name":"Philipp Bues","@id":"https:\/\/adfinternational.org\/fr\/#\/schema\/person\/6b776fc8535453c6aad8a6f9d78e6141"},"headline":"Quand un tweet peut vous conduire en prison : Des poursuites p\u00e9nales sont engag\u00e9es contre une parlementaire finlandaise","datePublished":"2021-04-30T13:50:29+00:00","dateModified":"2024-07-29T13:27:28+00:00","mainEntityOfPage":{"@id":"https:\/\/adfinternational.org\/fr\/actualites\/quand-un-tweet-peut-vous-conduire-en-prison-des-poursuites-penales-sont-engagees-contre-une-parlementaire-finlandaise"},"wordCount":647,"publisher":{"@id":"https:\/\/adfinternational.org\/fr\/#organization"},"image":{"@id":"https:\/\/adfinternational.org\/fr\/actualites\/quand-un-tweet-peut-vous-conduire-en-prison-des-poursuites-penales-sont-engagees-contre-une-parlementaire-finlandaise#primaryimage"},"thumbnailUrl":"https:\/\/adfinternational.org\/wp-content\/uploads\/2024\/01\/Paivi-and-Pohjola-2.jpeg","keywords":["FR"],"articleSection":["Actualit\u00e9s"],"inLanguage":"fr-FR"},{"@type":"WebPage","@id":"https:\/\/adfinternational.org\/fr\/actualites\/quand-un-tweet-peut-vous-conduire-en-prison-des-poursuites-penales-sont-engagees-contre-une-parlementaire-finlandaise","url":"https:\/\/adfinternational.org\/fr\/actualites\/quand-un-tweet-peut-vous-conduire-en-prison-des-poursuites-penales-sont-engagees-contre-une-parlementaire-finlandaise","name":"Quand un tweet peut vous conduire en prison : Des poursuites p\u00e9nales sont engag\u00e9es contre une parlementaire finlandaise - ADF International","isPartOf":{"@id":"https:\/\/adfinternational.org\/fr\/#website"},"primaryImageOfPage":{"@id":"https:\/\/adfinternational.org\/fr\/actualites\/quand-un-tweet-peut-vous-conduire-en-prison-des-poursuites-penales-sont-engagees-contre-une-parlementaire-finlandaise#primaryimage"},"image":{"@id":"https:\/\/adfinternational.org\/fr\/actualites\/quand-un-tweet-peut-vous-conduire-en-prison-des-poursuites-penales-sont-engagees-contre-une-parlementaire-finlandaise#primaryimage"},"thumbnailUrl":"https:\/\/adfinternational.org\/wp-content\/uploads\/2024\/01\/Paivi-and-Pohjola-2.jpeg","datePublished":"2021-04-30T13:50:29+00:00","dateModified":"2024-07-29T13:27:28+00:00","breadcrumb":{"@id":"https:\/\/adfinternational.org\/fr\/actualites\/quand-un-tweet-peut-vous-conduire-en-prison-des-poursuites-penales-sont-engagees-contre-une-parlementaire-finlandaise#breadcrumb"},"inLanguage":"fr-FR","potentialAction":[{"@type":"ReadAction","target":["https:\/\/adfinternational.org\/fr\/actualites\/quand-un-tweet-peut-vous-conduire-en-prison-des-poursuites-penales-sont-engagees-contre-une-parlementaire-finlandaise"]}]},{"@type":"ImageObject","inLanguage":"fr-FR","@id":"https:\/\/adfinternational.org\/fr\/actualites\/quand-un-tweet-peut-vous-conduire-en-prison-des-poursuites-penales-sont-engagees-contre-une-parlementaire-finlandaise#primaryimage","url":"https:\/\/adfinternational.org\/wp-content\/uploads\/2024\/01\/Paivi-and-Pohjola-2.jpeg","contentUrl":"https:\/\/adfinternational.org\/wp-content\/uploads\/2024\/01\/Paivi-and-Pohjola-2.jpeg","width":2048,"height":1536},{"@type":"BreadcrumbList","@id":"https:\/\/adfinternational.org\/fr\/actualites\/quand-un-tweet-peut-vous-conduire-en-prison-des-poursuites-penales-sont-engagees-contre-une-parlementaire-finlandaise#breadcrumb","itemListElement":[{"@type":"ListItem","position":1,"name":"Home","item":"https:\/\/adfinternational.org\/fr"},{"@type":"ListItem","position":2,"name":"Quand un tweet peut vous conduire en prison : Des poursuites p\u00e9nales sont engag\u00e9es contre une parlementaire finlandaise"}]},{"@type":"WebSite","@id":"https:\/\/adfinternational.org\/fr\/#website","url":"https:\/\/adfinternational.org\/fr\/","name":"ADF International","description":"Protecting Fundamental Freedoms. Promoting Inherent Dignity.","publisher":{"@id":"https:\/\/adfinternational.org\/fr\/#organization"},"potentialAction":[{"@type":"SearchAction","target":{"@type":"EntryPoint","urlTemplate":"https:\/\/adfinternational.org\/fr\/?s={search_term_string}"},"query-input":{"@type":"PropertyValueSpecification","valueRequired":true,"valueName":"search_term_string"}}],"inLanguage":"fr-FR"},{"@type":"Organization","@id":"https:\/\/adfinternational.org\/fr\/#organization","name":"Alliance Defending Freedom International","url":"https:\/\/adfinternational.org\/fr\/","logo":{"@type":"ImageObject","inLanguage":"fr-FR","@id":"https:\/\/adfinternational.org\/fr\/#\/schema\/logo\/image\/","url":"https:\/\/adfinternational.org\/wp-content\/uploads\/2021\/08\/ADF_Intl_R_RGB_175px.png","contentUrl":"https:\/\/adfinternational.org\/wp-content\/uploads\/2021\/08\/ADF_Intl_R_RGB_175px.png","width":175,"height":106,"caption":"Alliance Defending Freedom International"},"image":{"@id":"https:\/\/adfinternational.org\/fr\/#\/schema\/logo\/image\/"},"sameAs":["https:\/\/facebook.com\/adfinternational","https:\/\/x.com\/adfintl","https:\/\/www.linkedin.com\/company\/adfinternational","https:\/\/www.instagram.com\/adfinternational\/"]},{"@type":"Person","@id":"https:\/\/adfinternational.org\/fr\/#\/schema\/person\/6b776fc8535453c6aad8a6f9d78e6141","name":"Philipp Bues","image":{"@type":"ImageObject","inLanguage":"fr-FR","@id":"https:\/\/adfinternational.org\/wp-content\/uploads\/2025\/02\/Philipp-Bues-Headshot-150x150.jpg","url":"https:\/\/adfinternational.org\/wp-content\/uploads\/2025\/02\/Philipp-Bues-Headshot-150x150.jpg","contentUrl":"https:\/\/adfinternational.org\/wp-content\/uploads\/2025\/02\/Philipp-Bues-Headshot-150x150.jpg","caption":"Philipp Bues"},"url":"https:\/\/adfinternational.org\/fr\/author\/pbuesadfinternational-org"}]}},"_links":{"self":[{"href":"https:\/\/adfinternational.org\/fr\/wp-json\/wp\/v2\/posts\/6814","targetHints":{"allow":["GET"]}}],"collection":[{"href":"https:\/\/adfinternational.org\/fr\/wp-json\/wp\/v2\/posts"}],"about":[{"href":"https:\/\/adfinternational.org\/fr\/wp-json\/wp\/v2\/types\/post"}],"author":[{"embeddable":true,"href":"https:\/\/adfinternational.org\/fr\/wp-json\/wp\/v2\/users\/44"}],"replies":[{"embeddable":true,"href":"https:\/\/adfinternational.org\/fr\/wp-json\/wp\/v2\/comments?post=6814"}],"version-history":[{"count":0,"href":"https:\/\/adfinternational.org\/fr\/wp-json\/wp\/v2\/posts\/6814\/revisions"}],"wp:featuredmedia":[{"embeddable":true,"href":"https:\/\/adfinternational.org\/fr\/wp-json\/wp\/v2\/media\/38191"}],"wp:attachment":[{"href":"https:\/\/adfinternational.org\/fr\/wp-json\/wp\/v2\/media?parent=6814"}],"wp:term":[{"taxonomy":"category","embeddable":true,"href":"https:\/\/adfinternational.org\/fr\/wp-json\/wp\/v2\/categories?post=6814"},{"taxonomy":"post_tag","embeddable":true,"href":"https:\/\/adfinternational.org\/fr\/wp-json\/wp\/v2\/tags?post=6814"}],"curies":[{"name":"wp","href":"https:\/\/api.w.org\/{rel}","templated":true}]}}