{"id":7265,"date":"2023-11-13T09:18:54","date_gmt":"2023-11-13T07:18:54","guid":{"rendered":"https:\/\/www.adfinternational.fr\/?p=7265"},"modified":"2024-08-07T13:32:27","modified_gmt":"2024-08-07T12:32:27","slug":"aviso-verdict-dans-laffaire-rasanen-attendu-demain","status":"publish","type":"post","link":"https:\/\/adfinternational.org\/fr\/actualites\/aviso-verdict-dans-laffaire-rasanen-attendu-demain","title":{"rendered":"Aviso: Le verdict dans l\u2019affaire du tweet biblique de P\u00e4ivi R\u00e4s\u00e4nen, \u00e9lue finlandaise, attendu demain, 14 Nov"},"content":{"rendered":"\t\t<div data-elementor-type=\"wp-post\" data-elementor-id=\"7265\" class=\"elementor elementor-7265\" data-elementor-post-type=\"post\">\n\t\t\t\t\t\t<section class=\"elementor-section elementor-top-section elementor-element elementor-element-57dc0fa2 elementor-section-boxed elementor-section-height-default elementor-section-height-default\" data-id=\"57dc0fa2\" data-element_type=\"section\" data-e-type=\"section\">\n\t\t\t\t\t\t<div class=\"elementor-container elementor-column-gap-default\">\n\t\t\t\t\t<div class=\"elementor-column elementor-col-100 elementor-top-column elementor-element elementor-element-1a71139\" data-id=\"1a71139\" data-element_type=\"column\" data-e-type=\"column\">\n\t\t\t<div class=\"elementor-widget-wrap elementor-element-populated\">\n\t\t\t\t\t\t<div class=\"elementor-element elementor-element-43c7283c elementor-widget elementor-widget-text-editor\" data-id=\"43c7283c\" data-element_type=\"widget\" data-e-type=\"widget\" data-widget_type=\"text-editor.default\">\n\t\t\t\t<div class=\"elementor-widget-container\">\n\t\t\t\t\t\t\t\t\t<ul><li style=\"text-align: left;\"><span class=\"TextRun SCXW41433666 BCX0\" lang=\"FR-FR\" xml:lang=\"FR-FR\" data-contrast=\"none\"><span class=\"NormalTextRun SCXW41433666 BCX0\" data-ccp-charstyle=\"normaltextrun\" data-ccp-charstyle-defn=\"{&quot;ObjectId&quot;:&quot;df4955d1-0085-4aa5-86b8-4a15a39653ac|15&quot;,&quot;ClassId&quot;:1073872969,&quot;Properties&quot;:[469775450,&quot;normaltextrun&quot;,201340122,&quot;1&quot;,134233614,&quot;true&quot;,469778129,&quot;normaltextrun&quot;,335572020,&quot;1&quot;,469778324,&quot;Default Paragraph Font&quot;]}\">La parlementaire finlandaise <\/span><span class=\"NormalTextRun SCXW41433666 BCX0\" data-ccp-charstyle=\"normaltextrun\">P\u00e4ivi R\u00e4s\u00e4nen <\/span><span class=\"NormalTextRun SCXW41433666 BCX0\" data-ccp-charstyle=\"normaltextrun\">et son \u00e9v\u00eaque <\/span><span class=\"NormalTextRun SCXW41433666 BCX0\" data-ccp-charstyle=\"normaltextrun\">Juhana <\/span><span class=\"NormalTextRun SCXW41433666 BCX0\" data-ccp-charstyle=\"normaltextrun\">Pohjola <\/span><span class=\"NormalTextRun SCXW41433666 BCX0\" data-ccp-charstyle=\"normaltextrun\">vont bient\u00f4t conna\u00eetre<\/span><span class=\"NormalTextRun SCXW41433666 BCX0\" data-ccp-charstyle=\"normaltextrun\"> la d\u00e9cision du tribunal <\/span><span class=\"NormalTextRun SCXW41433666 BCX0\" data-ccp-charstyle=\"normaltextrun\">quant \u00e0 leur libert\u00e9 d\u2019expression<\/span><\/span><span class=\"EOP SCXW41433666 BCX0\" data-ccp-props=\"{&quot;134233117&quot;:false,&quot;134233118&quot;:false,&quot;201341983&quot;:0,&quot;335551550&quot;:6,&quot;335551620&quot;:6,&quot;335559685&quot;:1080,&quot;335559731&quot;:0,&quot;335559738&quot;:0,&quot;335559739&quot;:0,&quot;335559740&quot;:240}\">\u00a0<\/span><\/li><li style=\"text-align: left;\"><span class=\"TextRun SCXW102638886 BCX0\" lang=\"FR-FR\" xml:lang=\"FR-FR\" data-contrast=\"none\"><span class=\"NormalTextRun SCXW102638886 BCX0\" data-ccp-charstyle=\"normaltextrun\" data-ccp-charstyle-defn=\"{&quot;ObjectId&quot;:&quot;df4955d1-0085-4aa5-86b8-4a15a39653ac|15&quot;,&quot;ClassId&quot;:1073872969,&quot;Properties&quot;:[469775450,&quot;normaltextrun&quot;,201340122,&quot;1&quot;,134233614,&quot;true&quot;,469778129,&quot;normaltextrun&quot;,335572020,&quot;1&quot;,469778324,&quot;Default Paragraph Font&quot;]}\">R\u00e4s\u00e4nen <\/span><span class=\"NormalTextRun SCXW102638886 BCX0\" data-ccp-charstyle=\"normaltextrun\">et son \u00e9quipe juridique r\u00e9pondront \u00e0 vos questions apr\u00e8s <\/span><span class=\"NormalTextRun SCXW102638886 BCX0\" data-ccp-charstyle=\"normaltextrun\">avoir entendu <\/span><span class=\"NormalTextRun SCXW102638886 BCX0\" data-ccp-charstyle=\"normaltextrun\">le verdict<\/span><span class=\"NormalTextRun SCXW102638886 BCX0\" data-ccp-charstyle=\"normaltextrun\">, pendant <\/span><span class=\"NormalTextRun SCXW102638886 BCX0\" data-ccp-charstyle=\"normaltextrun\">une <a href=\"https:\/\/events.teams.microsoft.com\/event\/a321a26c-bd5d-4250-ad37-fa32a8d4f876@c88562dc-cf95-4155-b379-dd3ef818d3ff\">conf\u00e9rence de presse organis\u00e9e par ADF International<\/a> le <\/span><span class=\"NormalTextRun SCXW102638886 BCX0\" data-ccp-charstyle=\"normaltextrun\">14 <\/span><span class=\"NormalTextRun SCXW102638886 BCX0\" data-ccp-charstyle=\"normaltextrun\">n<\/span><span class=\"NormalTextRun SCXW102638886 BCX0\" data-ccp-charstyle=\"normaltextrun\">ovembr<\/span><span class=\"NormalTextRun SCXW102638886 BCX0\" data-ccp-charstyle=\"normaltextrun\">e \u00e0 <\/span><span class=\"NormalTextRun SCXW102638886 BCX0\" data-ccp-charstyle=\"normaltextrun\">15<\/span><span class=\"NormalTextRun SCXW102638886 BCX0\" data-ccp-charstyle=\"normaltextrun\">h<\/span><span class=\"NormalTextRun SCXW102638886 BCX0\" data-ccp-charstyle=\"normaltextrun\">30 CET<\/span><\/span><span class=\"TextRun SCXW102638886 BCX0\" lang=\"FR-FR\" xml:lang=\"FR-FR\" data-contrast=\"auto\"><span class=\"NormalTextRun SCXW102638886 BCX0\" data-ccp-charstyle=\"normaltextrun\">, <\/span><\/span><span class=\"TextRun SCXW102638886 BCX0\" lang=\"FR-FR\" xml:lang=\"FR-FR\" data-contrast=\"none\"><span class=\"NormalTextRun SCXW102638886 BCX0\" data-ccp-charstyle=\"normaltextrun\">(9<\/span><span class=\"NormalTextRun SCXW102638886 BCX0\" data-ccp-charstyle=\"normaltextrun\">h<\/span><span class=\"NormalTextRun SCXW102638886 BCX0\" data-ccp-charstyle=\"normaltextrun\">30 ET)<\/span><\/span><span class=\"EOP SCXW102638886 BCX0\" data-ccp-props=\"{&quot;134233117&quot;:false,&quot;134233118&quot;:false,&quot;201341983&quot;:0,&quot;335559685&quot;:1080,&quot;335559731&quot;:0,&quot;335559738&quot;:0,&quot;335559739&quot;:0,&quot;335559740&quot;:240}\">\u00a0<\/span><\/li><\/ul><p><b>HELSINKI (le 13 novembre 2023<\/b>) \u2013 La Cour d\u2019appel de Helsinki va se prononcer sur l\u2019affaire de P\u00e4ivi R\u00e4s\u00e4nen et de l\u2019\u00e9v\u00eaque Juhana Pohjola le 14 novembre. Ils ont tous deux \u00e9t\u00e9 entendus par la Cour le 31 ao\u00fbt et le 1er septembre, pour se d\u00e9fendre des accusations de \u201cdiscours de haine\u201d apr\u00e8s avoir partag\u00e9 leurs convictions personnelles d\u2019inspiration chr\u00e9tienne en public. Il s\u2019agit d\u2019un proc\u00e8s en appel: en effet, le procureur g\u00e9n\u00e9ral a contest\u00e9 l\u2019acquittement qui avait \u00e9t\u00e9 prononc\u00e9 \u00e0 l&rsquo;unanimit\u00e9 en mars 2022.\u00a0<\/p><p>R\u00e4s\u00e4nen, parlementaire finlandaise et ancienne Ministre de l\u2019Int\u00e9rieur, avait exprim\u00e9 ses id\u00e9es sur le mariage et la sexualit\u00e9 dans un tweet et lors d\u2019une \u00e9mission radio en 2019, ainsi que dans un d\u00e9pliant r\u00e9dig\u00e9 en 2004 \u00e0 l\u2019attention des membres de son \u00e9glise. Son proc\u00e8s a \u00e9t\u00e9 fortement m\u00e9diatis\u00e9\u202f; plusieurs experts en mati\u00e8re des droits de l\u2019homme se disent inquiets de la menace qu\u2019il fait peser sur la libert\u00e9 d\u2019expression en Finlande et dans le monde.\u00a0<\/p><p>\u201cDans une soci\u00e9t\u00e9 libre, chacun doit pouvoir partager ses convictions de mani\u00e8re pacifique sans devoir craindre la censure. Cela constitue la base de toute soci\u00e9t\u00e9 libre et d\u00e9mocratique. Nous esp\u00e9rons que la Cour d\u2019appel va confirmer ce droit fondamental en tranchant dans le m\u00eame sens que le tribunal r\u00e9gional, et que P\u00e4ivi sera de nouveau acquitt\u00e9e. La pratique qui criminalise certains propos \u00e0 travers des l\u00e9gislations concernant le soi-disant \u2018discours de haine\u2019 emp\u00eache de tenir d\u2019importants d\u00e9bats de soci\u00e9t\u00e9. Elle repr\u00e9sente une grave menace pour nos d\u00e9mocraties\u201d explique Paul Coleman, Directeur Ex\u00e9cutif d\u2019ADF International, qui fait partie de l\u2019\u00e9quipe qui d\u00e9fend R\u00e4s\u00e4nen.<\/p><p>Des convictions bibliques qualifi\u00e9es de \u201ccriminelles\u201d<\/p><p>Pendant le proc\u00e8s tr\u00e8s m\u00e9diatis\u00e9, le procureur s\u2019est attaqu\u00e9 aux enseignements de base de la doctrine chr\u00e9tienne et a longuement interrog\u00e9 R\u00e4s\u00e4nen \u2013 une des plus anciennes parlementaires du pays \u2013 et l\u2019\u00e9v\u00eaque Pohjola sur leur vision de la th\u00e9ologie. Dans sa plaidoirie d\u2019ouverture le 31 ao\u00fbt, le procureur g\u00e9n\u00e9ral Anu Mantila a fait valoir \u201cqu\u2019il est certes permis de citer la Bible, mais que la fa\u00e7on dont R\u00e4s\u00e4nen interpr\u00e8te certains versets est criminelle\u201d.<\/p><p>Pendant l\u2019interrogatoire, le procureur n\u2019a cess\u00e9 de demander \u00e0 R\u00e4s\u00e4nen si elle serait pr\u00eate \u00e0 actualiser ou supprimer ce qu\u2019elle avait \u00e9crit au sujet du mariage et de la sexualit\u00e9 dans son d\u00e9pliant intitul\u00e9 \u201cHomme et femme il les cr\u00e9a\u201d en 2004.<\/p><p>\u201cEn fait, \u00e0 travers l\u2019interrogatoire, le procureur ne cherchait \u00e0 savoir qu\u2019une seule chose: R\u00e4s\u00e4nen allait-elle renier ses convictions? La r\u00e9ponse est non. A aucun moment, elle n\u2019a reni\u00e9 les enseignements de sa foi. Par moments, l\u2019interrogatoire ressemblait aux proc\u00e8s pour h\u00e9r\u00e9sie qu\u2019on faisait au Moyen-\u00c2ge: R\u00e4s\u00e4nen aurait \u2018blasph\u00e9m\u00e9\u2019 contre les orthodoxies modernes dominantes\u201d dit Paul Coleman, auteur du livre \u2018Censored: How European Hate Speech Laws are Threatening Freedom of Speech\u2019. (\u2018Censur\u00e9 : Comment les lois europ\u00e9ennes contre le discours de la haine mettent en p\u00e9ril la libert\u00e9 d\u2019expression\u2019).<\/p><p>Selon le procureur, peu importe dans quelle intention les propos ont \u00e9t\u00e9 tenus\u00a0: R\u00e4s\u00e4nen aurait d\u00fb savoir que ses id\u00e9es \u00e9taient susceptibles de blesser certaines personnes, et elle aurait donc d\u00fb s\u2019abstenir de s\u2019exprimer sur le sujet. La v\u00e9racit\u00e9 de ses propos (qui repr\u00e9sentent une doctrine chr\u00e9tienne largement r\u00e9pandue) n\u2019entre nullement en ligne de compte; la seule chose qu\u2019il faut retenir, c\u2019est que ses propos ont \u00e9t\u00e9 consid\u00e9r\u00e9s insultants.<\/p><p>Un proc\u00e8s \u00e0 cause d\u2019un tweet\u00a0<\/p><p>L\u2019enqu\u00eate polici\u00e8re contre R\u00e4s\u00e4nen a d\u00e9but\u00e9 en juin 2019. En tant que membre active de l\u2019\u00c9glise \u00e9vang\u00e9lique-luth\u00e9rienne de Finlande, elle avait envoy\u00e9 un tweet aux responsables de son \u00e9glise pour les questionner sur leur d\u00e9cision de soutenir officiellement l\u2019\u00e9v\u00e8nement LGBT \u00abPride 2019\u00bb, en ajoutant une photo d\u2019un passage de l\u2019\u00c9p\u00eetre aux Romains.<\/p><p>Suite \u00e0 cela, R\u00e4s\u00e4nen a \u00e9t\u00e9 interrog\u00e9e par les services de police pendant 13 heures r\u00e9parties sur plusieurs mois. En avril 2021, le procureur g\u00e9n\u00e9ral l\u2019a finalement accus\u00e9e d\u2019\u201dagitation contre un groupe minoritaire\u201d parce qu\u2019elle avait exprim\u00e9 son avis sur le mariage et la sexualit\u00e9 humaine en 2004 dans un livret destin\u00e9 aux membres de son \u00e9glise \u2013 r\u00e9dig\u00e9 bien avant que la loi qui sert de base \u00e0 l\u2019accusation soit d\u2019application \u2013 , dans le fameux tweet biblique, et pendant un d\u00e9bat radiodiffus\u00e9 en 2019. L\u2019\u00e9v\u00eaque luth\u00e9rien Juhana Pohjola est accus\u00e9 quant \u00e0 lui d\u2019avoir publi\u00e9 ledit livret en 2004. Le crime dont on les accuse est cat\u00e9goris\u00e9 dans la section des \u201ccrimes de guerre et crimes contre l\u2019humanit\u00e9\u201d dans le Code p\u00e9nal finlandais.<\/p><p>R\u00e4s\u00e4nen est membre du parlement finlandais depuis 1995. Elle a pr\u00e9sid\u00e9 le groupe des Chr\u00e9tiens D\u00e9mocrates de 2004 \u00e0 2015 et a \u00e9t\u00e9 ministre de l\u2019Int\u00e9rieur de 2011 \u00e0 2015, charg\u00e9e entre autres des affaires religieuses en Finlande.<\/p>\t\t\t\t\t\t\t\t<\/div>\n\t\t\t\t<\/div>\n\t\t\t\t\t<\/div>\n\t\t<\/div>\n\t\t\t\t\t<\/div>\n\t\t<\/section>\n\t\t\t\t<\/div>\n\t\t","protected":false},"excerpt":{"rendered":"<p>R\u00e4s\u00e4nen et son \u00e9quipe juridique r\u00e9pondront \u00e0 vos questions apr\u00e8s avoir entendu le verdict, pendant une conf\u00e9rence de presse organis\u00e9e par ADF International le 14 novembre \u00e0 15h30 CET, (9h30 ET)<\/p>\n","protected":false},"author":5,"featured_media":37921,"comment_status":"closed","ping_status":"closed","sticky":false,"template":"","format":"standard","meta":{"_acf_changed":false,"give_campaign_id":0,"footnotes":""},"categories":[1031],"tags":[1032],"class_list":["post-7265","post","type-post","status-publish","format-standard","has-post-thumbnail","hentry","category-actualites","tag-fr"],"acf":[],"yoast_head":"<!-- This site is optimized with the Yoast SEO Premium plugin v27.5 (Yoast SEO v27.5) - https:\/\/yoast.com\/product\/yoast-seo-premium-wordpress\/ -->\n<title>Aviso: Le verdict dans l\u2019affaire du tweet biblique de P\u00e4ivi R\u00e4s\u00e4nen, \u00e9lue finlandaise, attendu demain, 14 Nov<\/title>\n<meta name=\"description\" content=\"RR\u00e4s\u00e4nen et son \u00e9quipe juridique r\u00e9pondront \u00e0 vos questions apr\u00e8s avoir entendu le verdict, pendant une conf\u00e9rence de presse organis\u00e9e par ADF International le 14 novembre \u00e0 15h30 CET, (9h30 ET)\" \/>\n<meta name=\"robots\" content=\"index, follow, max-snippet:-1, max-image-preview:large, max-video-preview:-1\" \/>\n<link rel=\"canonical\" href=\"https:\/\/adfinternational.org\/fr\/actualites\/aviso-verdict-dans-laffaire-rasanen-attendu-demain\" \/>\n<meta property=\"og:locale\" content=\"fr_FR\" \/>\n<meta property=\"og:type\" content=\"article\" \/>\n<meta property=\"og:title\" content=\"Aviso: Le verdict dans l\u2019affaire du tweet biblique de P\u00e4ivi R\u00e4s\u00e4nen, \u00e9lue finlandaise, attendu demain, 14 Nov\" \/>\n<meta property=\"og:description\" content=\"RR\u00e4s\u00e4nen et son \u00e9quipe juridique r\u00e9pondront \u00e0 vos questions apr\u00e8s avoir entendu le verdict, pendant une conf\u00e9rence de presse organis\u00e9e par ADF International le 14 novembre \u00e0 15h30 CET, (9h30 ET)\" \/>\n<meta property=\"og:url\" content=\"https:\/\/adfinternational.org\/fr\/actualites\/aviso-verdict-dans-laffaire-rasanen-attendu-demain\" \/>\n<meta property=\"og:site_name\" content=\"ADF International\" \/>\n<meta property=\"article:publisher\" content=\"https:\/\/facebook.com\/adfinternational\" \/>\n<meta property=\"article:published_time\" content=\"2023-11-13T07:18:54+00:00\" \/>\n<meta property=\"article:modified_time\" content=\"2024-08-07T12:32:27+00:00\" \/>\n<meta name=\"author\" content=\"Sofia H\u00f6rder\" \/>\n<meta name=\"twitter:card\" content=\"summary_large_image\" \/>\n<meta name=\"twitter:title\" content=\"EN DIRECT du tribunal : Le minist\u00e8re public soutient que la publication de versets bibliques et leur interpr\u00e9tation par P\u00e4ivi R\u00e4s\u00e4nen est \u00ab\u202fcriminelle\u202f\u00bb\" \/>\n<meta name=\"twitter:creator\" content=\"@adfintl\" \/>\n<meta name=\"twitter:site\" content=\"@adfintl\" \/>\n<meta name=\"twitter:label1\" content=\"\u00c9crit par\" \/>\n\t<meta name=\"twitter:data1\" content=\"Sofia H\u00f6rder\" \/>\n\t<meta name=\"twitter:label2\" content=\"Dur\u00e9e de lecture estim\u00e9e\" \/>\n\t<meta name=\"twitter:data2\" content=\"5 minutes\" \/>\n<script type=\"application\/ld+json\" class=\"yoast-schema-graph\">{\"@context\":\"https:\\\/\\\/schema.org\",\"@graph\":[{\"@type\":\"Article\",\"@id\":\"https:\\\/\\\/adfinternational.org\\\/fr\\\/actualites\\\/aviso-verdict-dans-laffaire-rasanen-attendu-demain#article\",\"isPartOf\":{\"@id\":\"https:\\\/\\\/adfinternational.org\\\/fr\\\/actualites\\\/aviso-verdict-dans-laffaire-rasanen-attendu-demain\"},\"author\":{\"name\":\"Sofia H\u00f6rder\",\"@id\":\"https:\\\/\\\/adfinternational.org\\\/fr\\\/#\\\/schema\\\/person\\\/c13f32fa9b7e58ae9e452d20934efb27\"},\"headline\":\"Aviso: Le verdict dans l\u2019affaire du tweet biblique de P\u00e4ivi R\u00e4s\u00e4nen, \u00e9lue finlandaise, attendu demain, 14 Nov\",\"datePublished\":\"2023-11-13T07:18:54+00:00\",\"dateModified\":\"2024-08-07T12:32:27+00:00\",\"mainEntityOfPage\":{\"@id\":\"https:\\\/\\\/adfinternational.org\\\/fr\\\/actualites\\\/aviso-verdict-dans-laffaire-rasanen-attendu-demain\"},\"wordCount\":969,\"publisher\":{\"@id\":\"https:\\\/\\\/adfinternational.org\\\/fr\\\/#organization\"},\"image\":{\"@id\":\"https:\\\/\\\/adfinternational.org\\\/fr\\\/actualites\\\/aviso-verdict-dans-laffaire-rasanen-attendu-demain#primaryimage\"},\"thumbnailUrl\":\"https:\\\/\\\/adfinternational.org\\\/wp-content\\\/uploads\\\/2024\\\/01\\\/Paivi-Testimony-1.jpg\",\"keywords\":[\"FR\"],\"articleSection\":[\"Actualit\u00e9s\"],\"inLanguage\":\"fr-FR\"},{\"@type\":\"WebPage\",\"@id\":\"https:\\\/\\\/adfinternational.org\\\/fr\\\/actualites\\\/aviso-verdict-dans-laffaire-rasanen-attendu-demain\",\"url\":\"https:\\\/\\\/adfinternational.org\\\/fr\\\/actualites\\\/aviso-verdict-dans-laffaire-rasanen-attendu-demain\",\"name\":\"Aviso: Le verdict dans l\u2019affaire du tweet biblique de P\u00e4ivi R\u00e4s\u00e4nen, \u00e9lue finlandaise, attendu demain, 14 Nov\",\"isPartOf\":{\"@id\":\"https:\\\/\\\/adfinternational.org\\\/fr\\\/#website\"},\"primaryImageOfPage\":{\"@id\":\"https:\\\/\\\/adfinternational.org\\\/fr\\\/actualites\\\/aviso-verdict-dans-laffaire-rasanen-attendu-demain#primaryimage\"},\"image\":{\"@id\":\"https:\\\/\\\/adfinternational.org\\\/fr\\\/actualites\\\/aviso-verdict-dans-laffaire-rasanen-attendu-demain#primaryimage\"},\"thumbnailUrl\":\"https:\\\/\\\/adfinternational.org\\\/wp-content\\\/uploads\\\/2024\\\/01\\\/Paivi-Testimony-1.jpg\",\"datePublished\":\"2023-11-13T07:18:54+00:00\",\"dateModified\":\"2024-08-07T12:32:27+00:00\",\"description\":\"RR\u00e4s\u00e4nen et son \u00e9quipe juridique r\u00e9pondront \u00e0 vos questions apr\u00e8s avoir entendu le verdict, pendant une conf\u00e9rence de presse organis\u00e9e par ADF International le 14 novembre \u00e0 15h30 CET, (9h30 ET)\",\"breadcrumb\":{\"@id\":\"https:\\\/\\\/adfinternational.org\\\/fr\\\/actualites\\\/aviso-verdict-dans-laffaire-rasanen-attendu-demain#breadcrumb\"},\"inLanguage\":\"fr-FR\",\"potentialAction\":[{\"@type\":\"ReadAction\",\"target\":[\"https:\\\/\\\/adfinternational.org\\\/fr\\\/actualites\\\/aviso-verdict-dans-laffaire-rasanen-attendu-demain\"]}]},{\"@type\":\"ImageObject\",\"inLanguage\":\"fr-FR\",\"@id\":\"https:\\\/\\\/adfinternational.org\\\/fr\\\/actualites\\\/aviso-verdict-dans-laffaire-rasanen-attendu-demain#primaryimage\",\"url\":\"https:\\\/\\\/adfinternational.org\\\/wp-content\\\/uploads\\\/2024\\\/01\\\/Paivi-Testimony-1.jpg\",\"contentUrl\":\"https:\\\/\\\/adfinternational.org\\\/wp-content\\\/uploads\\\/2024\\\/01\\\/Paivi-Testimony-1.jpg\",\"width\":500,\"height\":500},{\"@type\":\"BreadcrumbList\",\"@id\":\"https:\\\/\\\/adfinternational.org\\\/fr\\\/actualites\\\/aviso-verdict-dans-laffaire-rasanen-attendu-demain#breadcrumb\",\"itemListElement\":[{\"@type\":\"ListItem\",\"position\":1,\"name\":\"Home\",\"item\":\"https:\\\/\\\/adfinternational.org\\\/fr\"},{\"@type\":\"ListItem\",\"position\":2,\"name\":\"Aviso: Le verdict dans l\u2019affaire du tweet biblique de P\u00e4ivi R\u00e4s\u00e4nen, \u00e9lue finlandaise, attendu demain, 14 Nov\"}]},{\"@type\":\"WebSite\",\"@id\":\"https:\\\/\\\/adfinternational.org\\\/fr\\\/#website\",\"url\":\"https:\\\/\\\/adfinternational.org\\\/fr\\\/\",\"name\":\"ADF International\",\"description\":\"Protecting Fundamental Freedoms. Promoting Inherent Dignity.\",\"publisher\":{\"@id\":\"https:\\\/\\\/adfinternational.org\\\/fr\\\/#organization\"},\"potentialAction\":[{\"@type\":\"SearchAction\",\"target\":{\"@type\":\"EntryPoint\",\"urlTemplate\":\"https:\\\/\\\/adfinternational.org\\\/fr\\\/?s={search_term_string}\"},\"query-input\":{\"@type\":\"PropertyValueSpecification\",\"valueRequired\":true,\"valueName\":\"search_term_string\"}}],\"inLanguage\":\"fr-FR\"},{\"@type\":\"Organization\",\"@id\":\"https:\\\/\\\/adfinternational.org\\\/fr\\\/#organization\",\"name\":\"Alliance Defending Freedom International\",\"url\":\"https:\\\/\\\/adfinternational.org\\\/fr\\\/\",\"logo\":{\"@type\":\"ImageObject\",\"inLanguage\":\"fr-FR\",\"@id\":\"https:\\\/\\\/adfinternational.org\\\/fr\\\/#\\\/schema\\\/logo\\\/image\\\/\",\"url\":\"https:\\\/\\\/adfinternational.org\\\/wp-content\\\/uploads\\\/2021\\\/08\\\/ADF_Intl_R_RGB_175px.png\",\"contentUrl\":\"https:\\\/\\\/adfinternational.org\\\/wp-content\\\/uploads\\\/2021\\\/08\\\/ADF_Intl_R_RGB_175px.png\",\"width\":175,\"height\":106,\"caption\":\"Alliance Defending Freedom International\"},\"image\":{\"@id\":\"https:\\\/\\\/adfinternational.org\\\/fr\\\/#\\\/schema\\\/logo\\\/image\\\/\"},\"sameAs\":[\"https:\\\/\\\/facebook.com\\\/adfinternational\",\"https:\\\/\\\/x.com\\\/adfintl\",\"https:\\\/\\\/www.linkedin.com\\\/company\\\/adfinternational\",\"https:\\\/\\\/www.instagram.com\\\/adfinternational\\\/\"]},{\"@type\":\"Person\",\"@id\":\"https:\\\/\\\/adfinternational.org\\\/fr\\\/#\\\/schema\\\/person\\\/c13f32fa9b7e58ae9e452d20934efb27\",\"name\":\"Sofia H\u00f6rder\",\"image\":{\"@type\":\"ImageObject\",\"inLanguage\":\"fr-FR\",\"@id\":\"https:\\\/\\\/adfinternational.org\\\/wp-content\\\/uploads\\\/2021\\\/05\\\/Sofia-150x150.jpg\",\"url\":\"https:\\\/\\\/adfinternational.org\\\/wp-content\\\/uploads\\\/2021\\\/05\\\/Sofia-150x150.jpg\",\"contentUrl\":\"https:\\\/\\\/adfinternational.org\\\/wp-content\\\/uploads\\\/2021\\\/05\\\/Sofia-150x150.jpg\",\"caption\":\"Sofia H\u00f6rder\"},\"url\":\"https:\\\/\\\/adfinternational.org\\\/fr\\\/author\\\/shoerder\"}]}<\/script>\n<!-- \/ Yoast SEO Premium plugin. -->","yoast_head_json":{"title":"Aviso: Le verdict dans l\u2019affaire du tweet biblique de P\u00e4ivi R\u00e4s\u00e4nen, \u00e9lue finlandaise, attendu demain, 14 Nov","description":"RR\u00e4s\u00e4nen et son \u00e9quipe juridique r\u00e9pondront \u00e0 vos questions apr\u00e8s avoir entendu le verdict, pendant une conf\u00e9rence de presse organis\u00e9e par ADF International le 14 novembre \u00e0 15h30 CET, (9h30 ET)","robots":{"index":"index","follow":"follow","max-snippet":"max-snippet:-1","max-image-preview":"max-image-preview:large","max-video-preview":"max-video-preview:-1"},"canonical":"https:\/\/adfinternational.org\/fr\/actualites\/aviso-verdict-dans-laffaire-rasanen-attendu-demain","og_locale":"fr_FR","og_type":"article","og_title":"Aviso: Le verdict dans l\u2019affaire du tweet biblique de P\u00e4ivi R\u00e4s\u00e4nen, \u00e9lue finlandaise, attendu demain, 14 Nov","og_description":"RR\u00e4s\u00e4nen et son \u00e9quipe juridique r\u00e9pondront \u00e0 vos questions apr\u00e8s avoir entendu le verdict, pendant une conf\u00e9rence de presse organis\u00e9e par ADF International le 14 novembre \u00e0 15h30 CET, (9h30 ET)","og_url":"https:\/\/adfinternational.org\/fr\/actualites\/aviso-verdict-dans-laffaire-rasanen-attendu-demain","og_site_name":"ADF International","article_publisher":"https:\/\/facebook.com\/adfinternational","article_published_time":"2023-11-13T07:18:54+00:00","article_modified_time":"2024-08-07T12:32:27+00:00","author":"Sofia H\u00f6rder","twitter_card":"summary_large_image","twitter_title":"EN DIRECT du tribunal : Le minist\u00e8re public soutient que la publication de versets bibliques et leur interpr\u00e9tation par P\u00e4ivi R\u00e4s\u00e4nen est \u00ab\u202fcriminelle\u202f\u00bb","twitter_creator":"@adfintl","twitter_site":"@adfintl","twitter_misc":{"\u00c9crit par":"Sofia H\u00f6rder","Dur\u00e9e de lecture estim\u00e9e":"5 minutes"},"schema":{"@context":"https:\/\/schema.org","@graph":[{"@type":"Article","@id":"https:\/\/adfinternational.org\/fr\/actualites\/aviso-verdict-dans-laffaire-rasanen-attendu-demain#article","isPartOf":{"@id":"https:\/\/adfinternational.org\/fr\/actualites\/aviso-verdict-dans-laffaire-rasanen-attendu-demain"},"author":{"name":"Sofia H\u00f6rder","@id":"https:\/\/adfinternational.org\/fr\/#\/schema\/person\/c13f32fa9b7e58ae9e452d20934efb27"},"headline":"Aviso: Le verdict dans l\u2019affaire du tweet biblique de P\u00e4ivi R\u00e4s\u00e4nen, \u00e9lue finlandaise, attendu demain, 14 Nov","datePublished":"2023-11-13T07:18:54+00:00","dateModified":"2024-08-07T12:32:27+00:00","mainEntityOfPage":{"@id":"https:\/\/adfinternational.org\/fr\/actualites\/aviso-verdict-dans-laffaire-rasanen-attendu-demain"},"wordCount":969,"publisher":{"@id":"https:\/\/adfinternational.org\/fr\/#organization"},"image":{"@id":"https:\/\/adfinternational.org\/fr\/actualites\/aviso-verdict-dans-laffaire-rasanen-attendu-demain#primaryimage"},"thumbnailUrl":"https:\/\/adfinternational.org\/wp-content\/uploads\/2024\/01\/Paivi-Testimony-1.jpg","keywords":["FR"],"articleSection":["Actualit\u00e9s"],"inLanguage":"fr-FR"},{"@type":"WebPage","@id":"https:\/\/adfinternational.org\/fr\/actualites\/aviso-verdict-dans-laffaire-rasanen-attendu-demain","url":"https:\/\/adfinternational.org\/fr\/actualites\/aviso-verdict-dans-laffaire-rasanen-attendu-demain","name":"Aviso: Le verdict dans l\u2019affaire du tweet biblique de P\u00e4ivi R\u00e4s\u00e4nen, \u00e9lue finlandaise, attendu demain, 14 Nov","isPartOf":{"@id":"https:\/\/adfinternational.org\/fr\/#website"},"primaryImageOfPage":{"@id":"https:\/\/adfinternational.org\/fr\/actualites\/aviso-verdict-dans-laffaire-rasanen-attendu-demain#primaryimage"},"image":{"@id":"https:\/\/adfinternational.org\/fr\/actualites\/aviso-verdict-dans-laffaire-rasanen-attendu-demain#primaryimage"},"thumbnailUrl":"https:\/\/adfinternational.org\/wp-content\/uploads\/2024\/01\/Paivi-Testimony-1.jpg","datePublished":"2023-11-13T07:18:54+00:00","dateModified":"2024-08-07T12:32:27+00:00","description":"RR\u00e4s\u00e4nen et son \u00e9quipe juridique r\u00e9pondront \u00e0 vos questions apr\u00e8s avoir entendu le verdict, pendant une conf\u00e9rence de presse organis\u00e9e par ADF International le 14 novembre \u00e0 15h30 CET, (9h30 ET)","breadcrumb":{"@id":"https:\/\/adfinternational.org\/fr\/actualites\/aviso-verdict-dans-laffaire-rasanen-attendu-demain#breadcrumb"},"inLanguage":"fr-FR","potentialAction":[{"@type":"ReadAction","target":["https:\/\/adfinternational.org\/fr\/actualites\/aviso-verdict-dans-laffaire-rasanen-attendu-demain"]}]},{"@type":"ImageObject","inLanguage":"fr-FR","@id":"https:\/\/adfinternational.org\/fr\/actualites\/aviso-verdict-dans-laffaire-rasanen-attendu-demain#primaryimage","url":"https:\/\/adfinternational.org\/wp-content\/uploads\/2024\/01\/Paivi-Testimony-1.jpg","contentUrl":"https:\/\/adfinternational.org\/wp-content\/uploads\/2024\/01\/Paivi-Testimony-1.jpg","width":500,"height":500},{"@type":"BreadcrumbList","@id":"https:\/\/adfinternational.org\/fr\/actualites\/aviso-verdict-dans-laffaire-rasanen-attendu-demain#breadcrumb","itemListElement":[{"@type":"ListItem","position":1,"name":"Home","item":"https:\/\/adfinternational.org\/fr"},{"@type":"ListItem","position":2,"name":"Aviso: Le verdict dans l\u2019affaire du tweet biblique de P\u00e4ivi R\u00e4s\u00e4nen, \u00e9lue finlandaise, attendu demain, 14 Nov"}]},{"@type":"WebSite","@id":"https:\/\/adfinternational.org\/fr\/#website","url":"https:\/\/adfinternational.org\/fr\/","name":"ADF International","description":"Protecting Fundamental Freedoms. Promoting Inherent Dignity.","publisher":{"@id":"https:\/\/adfinternational.org\/fr\/#organization"},"potentialAction":[{"@type":"SearchAction","target":{"@type":"EntryPoint","urlTemplate":"https:\/\/adfinternational.org\/fr\/?s={search_term_string}"},"query-input":{"@type":"PropertyValueSpecification","valueRequired":true,"valueName":"search_term_string"}}],"inLanguage":"fr-FR"},{"@type":"Organization","@id":"https:\/\/adfinternational.org\/fr\/#organization","name":"Alliance Defending Freedom International","url":"https:\/\/adfinternational.org\/fr\/","logo":{"@type":"ImageObject","inLanguage":"fr-FR","@id":"https:\/\/adfinternational.org\/fr\/#\/schema\/logo\/image\/","url":"https:\/\/adfinternational.org\/wp-content\/uploads\/2021\/08\/ADF_Intl_R_RGB_175px.png","contentUrl":"https:\/\/adfinternational.org\/wp-content\/uploads\/2021\/08\/ADF_Intl_R_RGB_175px.png","width":175,"height":106,"caption":"Alliance Defending Freedom International"},"image":{"@id":"https:\/\/adfinternational.org\/fr\/#\/schema\/logo\/image\/"},"sameAs":["https:\/\/facebook.com\/adfinternational","https:\/\/x.com\/adfintl","https:\/\/www.linkedin.com\/company\/adfinternational","https:\/\/www.instagram.com\/adfinternational\/"]},{"@type":"Person","@id":"https:\/\/adfinternational.org\/fr\/#\/schema\/person\/c13f32fa9b7e58ae9e452d20934efb27","name":"Sofia H\u00f6rder","image":{"@type":"ImageObject","inLanguage":"fr-FR","@id":"https:\/\/adfinternational.org\/wp-content\/uploads\/2021\/05\/Sofia-150x150.jpg","url":"https:\/\/adfinternational.org\/wp-content\/uploads\/2021\/05\/Sofia-150x150.jpg","contentUrl":"https:\/\/adfinternational.org\/wp-content\/uploads\/2021\/05\/Sofia-150x150.jpg","caption":"Sofia H\u00f6rder"},"url":"https:\/\/adfinternational.org\/fr\/author\/shoerder"}]}},"_links":{"self":[{"href":"https:\/\/adfinternational.org\/fr\/wp-json\/wp\/v2\/posts\/7265","targetHints":{"allow":["GET"]}}],"collection":[{"href":"https:\/\/adfinternational.org\/fr\/wp-json\/wp\/v2\/posts"}],"about":[{"href":"https:\/\/adfinternational.org\/fr\/wp-json\/wp\/v2\/types\/post"}],"author":[{"embeddable":true,"href":"https:\/\/adfinternational.org\/fr\/wp-json\/wp\/v2\/users\/5"}],"replies":[{"embeddable":true,"href":"https:\/\/adfinternational.org\/fr\/wp-json\/wp\/v2\/comments?post=7265"}],"version-history":[{"count":0,"href":"https:\/\/adfinternational.org\/fr\/wp-json\/wp\/v2\/posts\/7265\/revisions"}],"wp:featuredmedia":[{"embeddable":true,"href":"https:\/\/adfinternational.org\/fr\/wp-json\/wp\/v2\/media\/37921"}],"wp:attachment":[{"href":"https:\/\/adfinternational.org\/fr\/wp-json\/wp\/v2\/media?parent=7265"}],"wp:term":[{"taxonomy":"category","embeddable":true,"href":"https:\/\/adfinternational.org\/fr\/wp-json\/wp\/v2\/categories?post=7265"},{"taxonomy":"post_tag","embeddable":true,"href":"https:\/\/adfinternational.org\/fr\/wp-json\/wp\/v2\/tags?post=7265"}],"curies":[{"name":"wp","href":"https:\/\/api.w.org\/{rel}","templated":true}]}}